{"id":2891,"date":"2025-06-11T21:40:54","date_gmt":"2025-06-12T00:40:54","guid":{"rendered":"https:\/\/web.consaguirre.com.ar\/noticias\/aidan-bissett-anuncia-el-album-debut-shut-up-and-love-me\/"},"modified":"2025-06-11T21:40:56","modified_gmt":"2025-06-12T00:40:56","slug":"aidan-bissett-anuncia-el-album-debut-shut-up-and-love-me","status":"publish","type":"post","link":"https:\/\/web.consaguirre.com.ar\/noticias\/aidan-bissett-anuncia-el-album-debut-shut-up-and-love-me\/","title":{"rendered":"Aidan Bissett anuncia el \u00e1lbum debut, &#8216;Shut Up and Love Me&#8217;"},"content":{"rendered":"<p><strong>Aidan Bissett<\/strong>El \u00e1lbum debut de la esquina est\u00e1 a la vuelta de la esquina. El joven artista indie-pop lanzar\u00e1 <em>c\u00e1llate y \u00e1mame<\/em> El 25 de julio a trav\u00e9s de Capitol, y su \u00faltimo sencillo &#8220;2 Lly 2 Handle&#8221; ya est\u00e1 disponible.<\/p>\n<p>&#8220;2 mucho 2 mango&#8221; se trata del intenso anhelo inherente a un romance floreciente. &#8220;En la mesa estaba besando tu boca, \u00bfera demasiado para manejar?&#8221; Bissett canta. &#8220;Le dije a tu pap\u00e1 que dorm\u00eda en el sof\u00e1, pero que \u00e9l es lo suficientemente inteligente como para resolverlo&#8221;. La canci\u00f3n comienza como un c\u00e1lido balanceo de piano antes de cambiar a un rockero de guitarra de carga dura y correr de regreso a la est\u00e9tica original alternativa.<\/p>\n<p>&#8220;Este se siente como una monta\u00f1a rusa de parar y llevar&#8221;, dice Bissett. &#8220;Captura la sensaci\u00f3n de golpear sus picos m\u00e1s altos y sus m\u00ednimos m\u00e1s bajos. Se trata de anticipaci\u00f3n, est\u00e1s subiendo y subiendo, pero la ca\u00edda nunca sucede&#8221;. En el visualizador &#8220;2 mucho 2 mango&#8221;, dirigido por Gordy de St. Jeor, Bissett est\u00e1 en un viaje menos emocionante; Camina en su lugar en una cinta transportadora cuando la gente lo pasa.<\/p>\n<div class=\"uD-YT-container\"><img decoding=\"async\" src=\"https:\/\/web.consaguirre.com.ar\/noticias\/wp-content\/uploads\/2025\/06\/1749688854_528_Aidan-Bissett-anuncia-el-album-debut-Shut-Up-and-Love.jpg\" alt=\"Video de YouTube\"><br \/>Haga clic para cargar video<\/div>\n<p>Producido por Suzy Shinn y Slush Puppy, &#8220;2 mucho 2 mango&#8221; es el tercer sencillo de <em>c\u00e1llate y \u00e1mame<\/em> Siguiendo el elegante Stomper &#8220;Richochet&#8221; liderado por la guitarra y el reci\u00e9n anchado &#8220;\u00bfEstamos enamorados todav\u00eda?&#8221; Juntas, las canciones pintan una imagen de un \u00e1lbum con accesibilidad y gama.<\/p>\n<p>Bissett promover\u00e1 <em>c\u00e1llate y \u00e1mame<\/em> en un recorrido por los Estados Unidos este oto\u00f1o. Sus viajes comienzan el 14 de septiembre en el Music Box en San Diego. A partir de ah\u00ed, har\u00e1 docenas de paradas en todo el pa\u00eds antes de volver a su base de operaciones de Los \u00c1ngeles el 22 de octubre en el Teatro Fonda.<\/p>\n<p><strong>Pedir el \u00e1lbum de Aidan Bissett <em>c\u00e1llate y \u00e1mame<\/em> en vinilo ahora.<\/strong><\/p>\n","protected":false},"excerpt":{"rendered":"<p>Aidan BissettEl \u00e1lbum debut de la esquina est\u00e1 a la vuelta de la esquina. El joven artista indie-pop lanzar\u00e1 c\u00e1llate y \u00e1mame El 25 de<\/p>\n","protected":false},"author":1,"featured_media":2892,"comment_status":"closed","ping_status":"","sticky":false,"template":"","format":"standard","meta":{"footnotes":""},"categories":[50],"tags":[2682,147,56,2683,257,328,2684],"class_list":["post-2891","post","type-post","status-publish","format-standard","has-post-thumbnail","hentry","category-el-ultimo","tag-aidan","tag-album","tag-anuncia","tag-bissett","tag-debut","tag-love","tag-shut","generate-columns","tablet-grid-50","mobile-grid-100","grid-parent","grid-50"],"yoast_head":"<!-- This site is optimized with the Yoast SEO plugin v23.3 - https:\/\/yoast.com\/wordpress\/plugins\/seo\/ -->\n<title>Aidan Bissett anuncia el \u00e1lbum debut, &#039;Shut Up and Love Me&#039;<\/title>\n<meta name=\"robots\" content=\"index, follow, max-snippet:-1, max-image-preview:large, max-video-preview:-1\" \/>\n<link rel=\"canonical\" href=\"https:\/\/web.consaguirre.com.ar\/noticias\/aidan-bissett-anuncia-el-album-debut-shut-up-and-love-me\/\" \/>\n<meta property=\"og:locale\" content=\"es_ES\" \/>\n<meta property=\"og:type\" content=\"article\" \/>\n<meta property=\"og:title\" content=\"Aidan Bissett anuncia el \u00e1lbum debut, &#039;Shut Up and Love Me&#039;\" \/>\n<meta property=\"og:description\" content=\"Aidan BissettEl \u00e1lbum debut de la esquina est\u00e1 a la vuelta de la esquina. El joven artista indie-pop lanzar\u00e1 c\u00e1llate y \u00e1mame El 25 de\" \/>\n<meta property=\"og:url\" content=\"https:\/\/web.consaguirre.com.ar\/noticias\/aidan-bissett-anuncia-el-album-debut-shut-up-and-love-me\/\" \/>\n<meta property=\"og:site_name\" content=\"Conservatorio de M\u00fasica Juli\u00e1n Aguirre\" \/>\n<meta property=\"article:published_time\" content=\"2025-06-12T00:40:54+00:00\" \/>\n<meta property=\"article:modified_time\" content=\"2025-06-12T00:40:56+00:00\" \/>\n<meta property=\"og:image\" content=\"https:\/\/web.consaguirre.com.ar\/noticias\/wp-content\/uploads\/2025\/06\/Aidan-Bissett-anuncia-el-album-debut-Shut-Up-and-Love.jpg\" \/>\n\t<meta property=\"og:image:width\" content=\"1280\" \/>\n\t<meta property=\"og:image:height\" content=\"1280\" \/>\n\t<meta property=\"og:image:type\" content=\"image\/jpeg\" \/>\n<meta name=\"author\" content=\"Javier Figueroa\" \/>\n<meta name=\"twitter:card\" content=\"summary_large_image\" \/>\n<meta name=\"twitter:label1\" content=\"Escrito por\" \/>\n\t<meta name=\"twitter:data1\" content=\"Javier Figueroa\" \/>\n\t<meta name=\"twitter:label2\" content=\"Tiempo de lectura\" \/>\n\t<meta name=\"twitter:data2\" content=\"2 minutos\" \/>\n<script type=\"application\/ld+json\" class=\"yoast-schema-graph\">{\"@context\":\"https:\/\/schema.org\",\"@graph\":[{\"@type\":\"Article\",\"@id\":\"https:\/\/web.consaguirre.com.ar\/noticias\/aidan-bissett-anuncia-el-album-debut-shut-up-and-love-me\/#article\",\"isPartOf\":{\"@id\":\"https:\/\/web.consaguirre.com.ar\/noticias\/aidan-bissett-anuncia-el-album-debut-shut-up-and-love-me\/\"},\"author\":{\"name\":\"Javier Figueroa\",\"@id\":\"https:\/\/web.consaguirre.com.ar\/noticias\/#\/schema\/person\/6558b0cfedee7ddc5425602b237d5722\"},\"headline\":\"Aidan Bissett anuncia el \u00e1lbum debut, &#8216;Shut Up and Love Me&#8217;\",\"datePublished\":\"2025-06-12T00:40:54+00:00\",\"dateModified\":\"2025-06-12T00:40:56+00:00\",\"mainEntityOfPage\":{\"@id\":\"https:\/\/web.consaguirre.com.ar\/noticias\/aidan-bissett-anuncia-el-album-debut-shut-up-and-love-me\/\"},\"wordCount\":335,\"publisher\":{\"@id\":\"https:\/\/web.consaguirre.com.ar\/noticias\/#organization\"},\"image\":{\"@id\":\"https:\/\/web.consaguirre.com.ar\/noticias\/aidan-bissett-anuncia-el-album-debut-shut-up-and-love-me\/#primaryimage\"},\"thumbnailUrl\":\"https:\/\/web.consaguirre.com.ar\/noticias\/wp-content\/uploads\/2025\/06\/Aidan-Bissett-anuncia-el-album-debut-Shut-Up-and-Love.jpg\",\"keywords\":[\"Aidan\",\"\u00e1lbum\",\"anuncia\",\"Bissett\",\"debut\",\"Love\",\"Shut\"],\"articleSection\":[\"El \u00faltimo\"],\"inLanguage\":\"es-AR\"},{\"@type\":\"WebPage\",\"@id\":\"https:\/\/web.consaguirre.com.ar\/noticias\/aidan-bissett-anuncia-el-album-debut-shut-up-and-love-me\/\",\"url\":\"https:\/\/web.consaguirre.com.ar\/noticias\/aidan-bissett-anuncia-el-album-debut-shut-up-and-love-me\/\",\"name\":\"Aidan Bissett anuncia el \u00e1lbum debut, 'Shut Up and Love Me'\",\"isPartOf\":{\"@id\":\"https:\/\/web.consaguirre.com.ar\/noticias\/#website\"},\"primaryImageOfPage\":{\"@id\":\"https:\/\/web.consaguirre.com.ar\/noticias\/aidan-bissett-anuncia-el-album-debut-shut-up-and-love-me\/#primaryimage\"},\"image\":{\"@id\":\"https:\/\/web.consaguirre.com.ar\/noticias\/aidan-bissett-anuncia-el-album-debut-shut-up-and-love-me\/#primaryimage\"},\"thumbnailUrl\":\"https:\/\/web.consaguirre.com.ar\/noticias\/wp-content\/uploads\/2025\/06\/Aidan-Bissett-anuncia-el-album-debut-Shut-Up-and-Love.jpg\",\"datePublished\":\"2025-06-12T00:40:54+00:00\",\"dateModified\":\"2025-06-12T00:40:56+00:00\",\"breadcrumb\":{\"@id\":\"https:\/\/web.consaguirre.com.ar\/noticias\/aidan-bissett-anuncia-el-album-debut-shut-up-and-love-me\/#breadcrumb\"},\"inLanguage\":\"es-AR\",\"potentialAction\":[{\"@type\":\"ReadAction\",\"target\":[\"https:\/\/web.consaguirre.com.ar\/noticias\/aidan-bissett-anuncia-el-album-debut-shut-up-and-love-me\/\"]}]},{\"@type\":\"ImageObject\",\"inLanguage\":\"es-AR\",\"@id\":\"https:\/\/web.consaguirre.com.ar\/noticias\/aidan-bissett-anuncia-el-album-debut-shut-up-and-love-me\/#primaryimage\",\"url\":\"https:\/\/web.consaguirre.com.ar\/noticias\/wp-content\/uploads\/2025\/06\/Aidan-Bissett-anuncia-el-album-debut-Shut-Up-and-Love.jpg\",\"contentUrl\":\"https:\/\/web.consaguirre.com.ar\/noticias\/wp-content\/uploads\/2025\/06\/Aidan-Bissett-anuncia-el-album-debut-Shut-Up-and-Love.jpg\",\"width\":1280,\"height\":1280,\"caption\":\"Aidan Bissett anuncia el \u00e1lbum debut, 'Shut Up and Love Me'\"},{\"@type\":\"BreadcrumbList\",\"@id\":\"https:\/\/web.consaguirre.com.ar\/noticias\/aidan-bissett-anuncia-el-album-debut-shut-up-and-love-me\/#breadcrumb\",\"itemListElement\":[{\"@type\":\"ListItem\",\"position\":1,\"name\":\"Inicio\",\"item\":\"https:\/\/web.consaguirre.com.ar\/noticias\/\"},{\"@type\":\"ListItem\",\"position\":2,\"name\":\"Aidan Bissett anuncia el \u00e1lbum debut, &#8216;Shut Up and Love Me&#8217;\"}]},{\"@type\":\"WebSite\",\"@id\":\"https:\/\/web.consaguirre.com.ar\/noticias\/#website\",\"url\":\"https:\/\/web.consaguirre.com.ar\/noticias\/\",\"name\":\"Conservatorio de M\u00fasica Juli\u00e1n Aguirre\",\"description\":\"\",\"publisher\":{\"@id\":\"https:\/\/web.consaguirre.com.ar\/noticias\/#organization\"},\"potentialAction\":[{\"@type\":\"SearchAction\",\"target\":{\"@type\":\"EntryPoint\",\"urlTemplate\":\"https:\/\/web.consaguirre.com.ar\/noticias\/?s={search_term_string}\"},\"query-input\":\"required name=search_term_string\"}],\"inLanguage\":\"es-AR\"},{\"@type\":\"Organization\",\"@id\":\"https:\/\/web.consaguirre.com.ar\/noticias\/#organization\",\"name\":\"Conservatorio de M\u00fasica Juli\u00e1n Aguirre\",\"url\":\"https:\/\/web.consaguirre.com.ar\/noticias\/\",\"logo\":{\"@type\":\"ImageObject\",\"inLanguage\":\"es-AR\",\"@id\":\"https:\/\/web.consaguirre.com.ar\/noticias\/#\/schema\/logo\/image\/\",\"url\":\"https:\/\/web.consaguirre.com.ar\/noticias\/wp-content\/uploads\/2024\/08\/Banner-Aguirre-23.jpg\",\"contentUrl\":\"https:\/\/web.consaguirre.com.ar\/noticias\/wp-content\/uploads\/2024\/08\/Banner-Aguirre-23.jpg\",\"width\":1192,\"height\":600,\"caption\":\"Conservatorio de M\u00fasica Juli\u00e1n Aguirre\"},\"image\":{\"@id\":\"https:\/\/web.consaguirre.com.ar\/noticias\/#\/schema\/logo\/image\/\"}},{\"@type\":\"Person\",\"@id\":\"https:\/\/web.consaguirre.com.ar\/noticias\/#\/schema\/person\/6558b0cfedee7ddc5425602b237d5722\",\"name\":\"Javier Figueroa\",\"image\":{\"@type\":\"ImageObject\",\"inLanguage\":\"es-AR\",\"@id\":\"https:\/\/web.consaguirre.com.ar\/noticias\/#\/schema\/person\/image\/\",\"url\":\"https:\/\/web.consaguirre.com.ar\/noticias\/wp-content\/uploads\/2024\/08\/Consaguirre-scaled.jpg\",\"contentUrl\":\"https:\/\/web.consaguirre.com.ar\/noticias\/wp-content\/uploads\/2024\/08\/Consaguirre-scaled.jpg\",\"caption\":\"Javier Figueroa\"},\"description\":\"Me llamo Javier Figueroa y soy redactor para el sitio oficial del Conservatorio de M\u00fasica Juli\u00e1n Aguirre en Buenos Aires, consaguirre.com. Apasionado por la m\u00fasica y la escritura, me esfuerzo por destacar los talentos y eventos de nuestra prestigiosa instituci\u00f3n. Mi trayectoria se nutre de una profunda admiraci\u00f3n por los artistas, haciendo de cada art\u00edculo una celebraci\u00f3n de la creatividad y la cultura musical.\",\"sameAs\":[\"https:\/\/web.consaguirre.com.ar\/noticias\"]}]}<\/script>\n<!-- \/ Yoast SEO plugin. -->","yoast_head_json":{"title":"Aidan Bissett anuncia el \u00e1lbum debut, 'Shut Up and Love Me'","robots":{"index":"index","follow":"follow","max-snippet":"max-snippet:-1","max-image-preview":"max-image-preview:large","max-video-preview":"max-video-preview:-1"},"canonical":"https:\/\/web.consaguirre.com.ar\/noticias\/aidan-bissett-anuncia-el-album-debut-shut-up-and-love-me\/","og_locale":"es_ES","og_type":"article","og_title":"Aidan Bissett anuncia el \u00e1lbum debut, 'Shut Up and Love Me'","og_description":"Aidan BissettEl \u00e1lbum debut de la esquina est\u00e1 a la vuelta de la esquina. El joven artista indie-pop lanzar\u00e1 c\u00e1llate y \u00e1mame El 25 de","og_url":"https:\/\/web.consaguirre.com.ar\/noticias\/aidan-bissett-anuncia-el-album-debut-shut-up-and-love-me\/","og_site_name":"Conservatorio de M\u00fasica Juli\u00e1n Aguirre","article_published_time":"2025-06-12T00:40:54+00:00","article_modified_time":"2025-06-12T00:40:56+00:00","og_image":[{"width":1280,"height":1280,"url":"https:\/\/web.consaguirre.com.ar\/noticias\/wp-content\/uploads\/2025\/06\/Aidan-Bissett-anuncia-el-album-debut-Shut-Up-and-Love.jpg","type":"image\/jpeg"}],"author":"Javier Figueroa","twitter_card":"summary_large_image","twitter_misc":{"Escrito por":"Javier Figueroa","Tiempo de lectura":"2 minutos"},"schema":{"@context":"https:\/\/schema.org","@graph":[{"@type":"Article","@id":"https:\/\/web.consaguirre.com.ar\/noticias\/aidan-bissett-anuncia-el-album-debut-shut-up-and-love-me\/#article","isPartOf":{"@id":"https:\/\/web.consaguirre.com.ar\/noticias\/aidan-bissett-anuncia-el-album-debut-shut-up-and-love-me\/"},"author":{"name":"Javier Figueroa","@id":"https:\/\/web.consaguirre.com.ar\/noticias\/#\/schema\/person\/6558b0cfedee7ddc5425602b237d5722"},"headline":"Aidan Bissett anuncia el \u00e1lbum debut, &#8216;Shut Up and Love Me&#8217;","datePublished":"2025-06-12T00:40:54+00:00","dateModified":"2025-06-12T00:40:56+00:00","mainEntityOfPage":{"@id":"https:\/\/web.consaguirre.com.ar\/noticias\/aidan-bissett-anuncia-el-album-debut-shut-up-and-love-me\/"},"wordCount":335,"publisher":{"@id":"https:\/\/web.consaguirre.com.ar\/noticias\/#organization"},"image":{"@id":"https:\/\/web.consaguirre.com.ar\/noticias\/aidan-bissett-anuncia-el-album-debut-shut-up-and-love-me\/#primaryimage"},"thumbnailUrl":"https:\/\/web.consaguirre.com.ar\/noticias\/wp-content\/uploads\/2025\/06\/Aidan-Bissett-anuncia-el-album-debut-Shut-Up-and-Love.jpg","keywords":["Aidan","\u00e1lbum","anuncia","Bissett","debut","Love","Shut"],"articleSection":["El \u00faltimo"],"inLanguage":"es-AR"},{"@type":"WebPage","@id":"https:\/\/web.consaguirre.com.ar\/noticias\/aidan-bissett-anuncia-el-album-debut-shut-up-and-love-me\/","url":"https:\/\/web.consaguirre.com.ar\/noticias\/aidan-bissett-anuncia-el-album-debut-shut-up-and-love-me\/","name":"Aidan Bissett anuncia el \u00e1lbum debut, 'Shut Up and Love Me'","isPartOf":{"@id":"https:\/\/web.consaguirre.com.ar\/noticias\/#website"},"primaryImageOfPage":{"@id":"https:\/\/web.consaguirre.com.ar\/noticias\/aidan-bissett-anuncia-el-album-debut-shut-up-and-love-me\/#primaryimage"},"image":{"@id":"https:\/\/web.consaguirre.com.ar\/noticias\/aidan-bissett-anuncia-el-album-debut-shut-up-and-love-me\/#primaryimage"},"thumbnailUrl":"https:\/\/web.consaguirre.com.ar\/noticias\/wp-content\/uploads\/2025\/06\/Aidan-Bissett-anuncia-el-album-debut-Shut-Up-and-Love.jpg","datePublished":"2025-06-12T00:40:54+00:00","dateModified":"2025-06-12T00:40:56+00:00","breadcrumb":{"@id":"https:\/\/web.consaguirre.com.ar\/noticias\/aidan-bissett-anuncia-el-album-debut-shut-up-and-love-me\/#breadcrumb"},"inLanguage":"es-AR","potentialAction":[{"@type":"ReadAction","target":["https:\/\/web.consaguirre.com.ar\/noticias\/aidan-bissett-anuncia-el-album-debut-shut-up-and-love-me\/"]}]},{"@type":"ImageObject","inLanguage":"es-AR","@id":"https:\/\/web.consaguirre.com.ar\/noticias\/aidan-bissett-anuncia-el-album-debut-shut-up-and-love-me\/#primaryimage","url":"https:\/\/web.consaguirre.com.ar\/noticias\/wp-content\/uploads\/2025\/06\/Aidan-Bissett-anuncia-el-album-debut-Shut-Up-and-Love.jpg","contentUrl":"https:\/\/web.consaguirre.com.ar\/noticias\/wp-content\/uploads\/2025\/06\/Aidan-Bissett-anuncia-el-album-debut-Shut-Up-and-Love.jpg","width":1280,"height":1280,"caption":"Aidan Bissett anuncia el \u00e1lbum debut, 'Shut Up and Love Me'"},{"@type":"BreadcrumbList","@id":"https:\/\/web.consaguirre.com.ar\/noticias\/aidan-bissett-anuncia-el-album-debut-shut-up-and-love-me\/#breadcrumb","itemListElement":[{"@type":"ListItem","position":1,"name":"Inicio","item":"https:\/\/web.consaguirre.com.ar\/noticias\/"},{"@type":"ListItem","position":2,"name":"Aidan Bissett anuncia el \u00e1lbum debut, &#8216;Shut Up and Love Me&#8217;"}]},{"@type":"WebSite","@id":"https:\/\/web.consaguirre.com.ar\/noticias\/#website","url":"https:\/\/web.consaguirre.com.ar\/noticias\/","name":"Conservatorio de M\u00fasica Juli\u00e1n Aguirre","description":"","publisher":{"@id":"https:\/\/web.consaguirre.com.ar\/noticias\/#organization"},"potentialAction":[{"@type":"SearchAction","target":{"@type":"EntryPoint","urlTemplate":"https:\/\/web.consaguirre.com.ar\/noticias\/?s={search_term_string}"},"query-input":"required name=search_term_string"}],"inLanguage":"es-AR"},{"@type":"Organization","@id":"https:\/\/web.consaguirre.com.ar\/noticias\/#organization","name":"Conservatorio de M\u00fasica Juli\u00e1n Aguirre","url":"https:\/\/web.consaguirre.com.ar\/noticias\/","logo":{"@type":"ImageObject","inLanguage":"es-AR","@id":"https:\/\/web.consaguirre.com.ar\/noticias\/#\/schema\/logo\/image\/","url":"https:\/\/web.consaguirre.com.ar\/noticias\/wp-content\/uploads\/2024\/08\/Banner-Aguirre-23.jpg","contentUrl":"https:\/\/web.consaguirre.com.ar\/noticias\/wp-content\/uploads\/2024\/08\/Banner-Aguirre-23.jpg","width":1192,"height":600,"caption":"Conservatorio de M\u00fasica Juli\u00e1n Aguirre"},"image":{"@id":"https:\/\/web.consaguirre.com.ar\/noticias\/#\/schema\/logo\/image\/"}},{"@type":"Person","@id":"https:\/\/web.consaguirre.com.ar\/noticias\/#\/schema\/person\/6558b0cfedee7ddc5425602b237d5722","name":"Javier Figueroa","image":{"@type":"ImageObject","inLanguage":"es-AR","@id":"https:\/\/web.consaguirre.com.ar\/noticias\/#\/schema\/person\/image\/","url":"https:\/\/web.consaguirre.com.ar\/noticias\/wp-content\/uploads\/2024\/08\/Consaguirre-scaled.jpg","contentUrl":"https:\/\/web.consaguirre.com.ar\/noticias\/wp-content\/uploads\/2024\/08\/Consaguirre-scaled.jpg","caption":"Javier Figueroa"},"description":"Me llamo Javier Figueroa y soy redactor para el sitio oficial del Conservatorio de M\u00fasica Juli\u00e1n Aguirre en Buenos Aires, consaguirre.com. Apasionado por la m\u00fasica y la escritura, me esfuerzo por destacar los talentos y eventos de nuestra prestigiosa instituci\u00f3n. Mi trayectoria se nutre de una profunda admiraci\u00f3n por los artistas, haciendo de cada art\u00edculo una celebraci\u00f3n de la creatividad y la cultura musical.","sameAs":["https:\/\/web.consaguirre.com.ar\/noticias"]}]}},"_links":{"self":[{"href":"https:\/\/web.consaguirre.com.ar\/noticias\/wp-json\/wp\/v2\/posts\/2891"}],"collection":[{"href":"https:\/\/web.consaguirre.com.ar\/noticias\/wp-json\/wp\/v2\/posts"}],"about":[{"href":"https:\/\/web.consaguirre.com.ar\/noticias\/wp-json\/wp\/v2\/types\/post"}],"author":[{"embeddable":true,"href":"https:\/\/web.consaguirre.com.ar\/noticias\/wp-json\/wp\/v2\/users\/1"}],"replies":[{"embeddable":true,"href":"https:\/\/web.consaguirre.com.ar\/noticias\/wp-json\/wp\/v2\/comments?post=2891"}],"version-history":[{"count":1,"href":"https:\/\/web.consaguirre.com.ar\/noticias\/wp-json\/wp\/v2\/posts\/2891\/revisions"}],"predecessor-version":[{"id":2893,"href":"https:\/\/web.consaguirre.com.ar\/noticias\/wp-json\/wp\/v2\/posts\/2891\/revisions\/2893"}],"wp:featuredmedia":[{"embeddable":true,"href":"https:\/\/web.consaguirre.com.ar\/noticias\/wp-json\/wp\/v2\/media\/2892"}],"wp:attachment":[{"href":"https:\/\/web.consaguirre.com.ar\/noticias\/wp-json\/wp\/v2\/media?parent=2891"}],"wp:term":[{"taxonomy":"category","embeddable":true,"href":"https:\/\/web.consaguirre.com.ar\/noticias\/wp-json\/wp\/v2\/categories?post=2891"},{"taxonomy":"post_tag","embeddable":true,"href":"https:\/\/web.consaguirre.com.ar\/noticias\/wp-json\/wp\/v2\/tags?post=2891"}],"curies":[{"name":"wp","href":"https:\/\/api.w.org\/{rel}","templated":true}]}}