{"id":2879,"date":"2025-06-11T00:38:16","date_gmt":"2025-06-11T03:38:16","guid":{"rendered":"https:\/\/web.consaguirre.com.ar\/noticias\/petey-usa-lanzara-un-nuevo-album-the-yips-en-julio\/"},"modified":"2025-06-11T00:38:18","modified_gmt":"2025-06-11T03:38:18","slug":"petey-usa-lanzara-un-nuevo-album-the-yips-en-julio","status":"publish","type":"post","link":"https:\/\/web.consaguirre.com.ar\/noticias\/petey-usa-lanzara-un-nuevo-album-the-yips-en-julio\/","title":{"rendered":"Petey USA lanzar\u00e1 un nuevo \u00e1lbum, &#8216;The Yips&#8217; en julio"},"content":{"rendered":"<p><strong>Petey USA<\/strong> ha anunciado el lanzamiento de su tercer \u00e1lbum de estudio, <em>Los yips<\/em>a trav\u00e9s de Capitol Records. Producido por Chris Walla, anteriormente de Death Cab para Cutie, <em>Los yips<\/em> es un \u00e1lbum conceptual, que se desarrolla en una barra de buceo ficticia con cada canci\u00f3n que representa una mesa diferente de clientes involucrados en una charla sincera. El registro est\u00e1 fuera el 11 de julio.<\/p>\n<p>El t\u00edtulo del disco proviene del lenguaje deportivo, en el que &#8220;The Yips&#8221; se refiere a la ansiedad de rendimiento que puede evitar el m\u00e1ximo rendimiento. En el \u00e1lbum, Petey aplica este giro de la frase a las ansiedades de la vida cotidiana. &#8220;El \u00e1lbum se trata de pasar por un per\u00edodo en el que no hace nada&#8221;, explica la dinamo de g\u00e9nero nacida en Michigan, con sede en Los \u00c1ngeles, con sede en Los \u00c1ngeles, &#8220;para que vayas a un bar donde todos puedan recolectarse y emborracharse&#8221;.<\/p>\n<div class=\"uD-YT-container\"><img decoding=\"async\" src=\"https:\/\/web.consaguirre.com.ar\/noticias\/wp-content\/uploads\/2025\/06\/1749613096_545_Petey-USA-lanzara-un-nuevo-album-The-Yips-en-julio.jpg\" alt=\"Video de YouTube\"><br \/>Haga clic para cargar video<\/div>\n<p>Petey USA se lanzar\u00e1 <em>Los yips<\/em> con programas de lanzamiento de \u00e1lbum con entradas agotadas en \u00edntimos lugares en tres ciudades: Chicago, Brooklyn y Los \u00c1ngeles. Apoyar\u00e1 a Rainbow Kitten Surprise en varias fechas de la costa este en julio y abrir\u00e1 para Zach Bryan el 30 de agosto en el estadio Joan C. Edwards de la Universidad Marshall en Huntington, WV. La informaci\u00f3n de boletos se puede encontrar en el sitio web de Petey USA.<\/p>\n<p>El artista tambi\u00e9n ha compartido un video para su nuevo sencillo, &#8220;As Two People Drift Apart&#8221;, del pr\u00f3ximo \u00e1lbum. El video presenta el influencer\/jugador\/modelo Vince Hacker en las continuas aventuras de Petey y Albon, que comenz\u00f3 en su video de &#8220;Don&#8217;t Tell the Boys&#8221; de su \u00e1lbum debut. &#8220;Como dos personas, aparte&#8221;, sigue el lanzamiento de los singles &#8220;Model Train Town&#8221; y &#8220;The Milkman&#8221; Off <em>Los yips<\/em>.<\/p>\n<p>Trabajar con Walla en el disco fue un sue\u00f1o de por vida para Petey: &#8220;(Death Cab for Cutie&#8217;s) una de las pocas bandas cuya discograf\u00eda conozco por dentro y por fuera&#8221;, dice: &#8220;He visto documentales sobre c\u00f3mo hizo registros de Cab de Muerte como <em>Transatlantismo<\/em>. Entonces \u00e9l era mi opci\u00f3n n\u00famero uno &#8220;.<\/p>\n<p><strong>Ordenar a Petey USA <em>Los yips<\/em> en vinilo y CD ahora.<\/strong><\/p>\n","protected":false},"excerpt":{"rendered":"<p>Petey USA ha anunciado el lanzamiento de su tercer \u00e1lbum de estudio, Los yipsa trav\u00e9s de Capitol Records. Producido por Chris Walla, anteriormente de Death<\/p>\n","protected":false},"author":1,"featured_media":2880,"comment_status":"closed","ping_status":"","sticky":false,"template":"","format":"standard","meta":{"footnotes":""},"categories":[50],"tags":[147,2669,350,146,2667,1657,2668],"class_list":["post-2879","post","type-post","status-publish","format-standard","has-post-thumbnail","hentry","category-el-ultimo","tag-album","tag-julio","tag-lanzara","tag-nuevo","tag-petey","tag-usa","tag-yips","generate-columns","tablet-grid-50","mobile-grid-100","grid-parent","grid-50"],"yoast_head":"<!-- This site is optimized with the Yoast SEO plugin v23.3 - https:\/\/yoast.com\/wordpress\/plugins\/seo\/ -->\n<title>Petey USA lanzar\u00e1 un nuevo \u00e1lbum, &#039;The Yips&#039; en julio<\/title>\n<meta name=\"robots\" content=\"index, follow, max-snippet:-1, max-image-preview:large, max-video-preview:-1\" \/>\n<link rel=\"canonical\" href=\"https:\/\/web.consaguirre.com.ar\/noticias\/petey-usa-lanzara-un-nuevo-album-the-yips-en-julio\/\" \/>\n<meta property=\"og:locale\" content=\"es_ES\" \/>\n<meta property=\"og:type\" content=\"article\" \/>\n<meta property=\"og:title\" content=\"Petey USA lanzar\u00e1 un nuevo \u00e1lbum, &#039;The Yips&#039; en julio\" \/>\n<meta property=\"og:description\" content=\"Petey USA ha anunciado el lanzamiento de su tercer \u00e1lbum de estudio, Los yipsa trav\u00e9s de Capitol Records. Producido por Chris Walla, anteriormente de Death\" \/>\n<meta property=\"og:url\" content=\"https:\/\/web.consaguirre.com.ar\/noticias\/petey-usa-lanzara-un-nuevo-album-the-yips-en-julio\/\" \/>\n<meta property=\"og:site_name\" content=\"Conservatorio de M\u00fasica Juli\u00e1n Aguirre\" \/>\n<meta property=\"article:published_time\" content=\"2025-06-11T03:38:16+00:00\" \/>\n<meta property=\"article:modified_time\" content=\"2025-06-11T03:38:18+00:00\" \/>\n<meta property=\"og:image\" content=\"https:\/\/web.consaguirre.com.ar\/noticias\/wp-content\/uploads\/2025\/06\/Petey-USA-lanzara-un-nuevo-album-The-Yips-en-julio.jpg\" \/>\n\t<meta property=\"og:image:width\" content=\"1280\" \/>\n\t<meta property=\"og:image:height\" content=\"1280\" \/>\n\t<meta property=\"og:image:type\" content=\"image\/jpeg\" \/>\n<meta name=\"author\" content=\"Javier Figueroa\" \/>\n<meta name=\"twitter:card\" content=\"summary_large_image\" \/>\n<meta name=\"twitter:label1\" content=\"Escrito por\" \/>\n\t<meta name=\"twitter:data1\" content=\"Javier Figueroa\" \/>\n\t<meta name=\"twitter:label2\" content=\"Tiempo de lectura\" \/>\n\t<meta name=\"twitter:data2\" content=\"2 minutos\" \/>\n<script type=\"application\/ld+json\" class=\"yoast-schema-graph\">{\"@context\":\"https:\/\/schema.org\",\"@graph\":[{\"@type\":\"Article\",\"@id\":\"https:\/\/web.consaguirre.com.ar\/noticias\/petey-usa-lanzara-un-nuevo-album-the-yips-en-julio\/#article\",\"isPartOf\":{\"@id\":\"https:\/\/web.consaguirre.com.ar\/noticias\/petey-usa-lanzara-un-nuevo-album-the-yips-en-julio\/\"},\"author\":{\"name\":\"Javier Figueroa\",\"@id\":\"https:\/\/web.consaguirre.com.ar\/noticias\/#\/schema\/person\/6558b0cfedee7ddc5425602b237d5722\"},\"headline\":\"Petey USA lanzar\u00e1 un nuevo \u00e1lbum, &#8216;The Yips&#8217; en julio\",\"datePublished\":\"2025-06-11T03:38:16+00:00\",\"dateModified\":\"2025-06-11T03:38:18+00:00\",\"mainEntityOfPage\":{\"@id\":\"https:\/\/web.consaguirre.com.ar\/noticias\/petey-usa-lanzara-un-nuevo-album-the-yips-en-julio\/\"},\"wordCount\":391,\"publisher\":{\"@id\":\"https:\/\/web.consaguirre.com.ar\/noticias\/#organization\"},\"image\":{\"@id\":\"https:\/\/web.consaguirre.com.ar\/noticias\/petey-usa-lanzara-un-nuevo-album-the-yips-en-julio\/#primaryimage\"},\"thumbnailUrl\":\"https:\/\/web.consaguirre.com.ar\/noticias\/wp-content\/uploads\/2025\/06\/Petey-USA-lanzara-un-nuevo-album-The-Yips-en-julio.jpg\",\"keywords\":[\"\u00e1lbum\",\"julio\",\"lanzar\u00e1\",\"nuevo\",\"Petey\",\"USA\",\"Yips\"],\"articleSection\":[\"El \u00faltimo\"],\"inLanguage\":\"es-AR\"},{\"@type\":\"WebPage\",\"@id\":\"https:\/\/web.consaguirre.com.ar\/noticias\/petey-usa-lanzara-un-nuevo-album-the-yips-en-julio\/\",\"url\":\"https:\/\/web.consaguirre.com.ar\/noticias\/petey-usa-lanzara-un-nuevo-album-the-yips-en-julio\/\",\"name\":\"Petey USA lanzar\u00e1 un nuevo \u00e1lbum, 'The Yips' en julio\",\"isPartOf\":{\"@id\":\"https:\/\/web.consaguirre.com.ar\/noticias\/#website\"},\"primaryImageOfPage\":{\"@id\":\"https:\/\/web.consaguirre.com.ar\/noticias\/petey-usa-lanzara-un-nuevo-album-the-yips-en-julio\/#primaryimage\"},\"image\":{\"@id\":\"https:\/\/web.consaguirre.com.ar\/noticias\/petey-usa-lanzara-un-nuevo-album-the-yips-en-julio\/#primaryimage\"},\"thumbnailUrl\":\"https:\/\/web.consaguirre.com.ar\/noticias\/wp-content\/uploads\/2025\/06\/Petey-USA-lanzara-un-nuevo-album-The-Yips-en-julio.jpg\",\"datePublished\":\"2025-06-11T03:38:16+00:00\",\"dateModified\":\"2025-06-11T03:38:18+00:00\",\"breadcrumb\":{\"@id\":\"https:\/\/web.consaguirre.com.ar\/noticias\/petey-usa-lanzara-un-nuevo-album-the-yips-en-julio\/#breadcrumb\"},\"inLanguage\":\"es-AR\",\"potentialAction\":[{\"@type\":\"ReadAction\",\"target\":[\"https:\/\/web.consaguirre.com.ar\/noticias\/petey-usa-lanzara-un-nuevo-album-the-yips-en-julio\/\"]}]},{\"@type\":\"ImageObject\",\"inLanguage\":\"es-AR\",\"@id\":\"https:\/\/web.consaguirre.com.ar\/noticias\/petey-usa-lanzara-un-nuevo-album-the-yips-en-julio\/#primaryimage\",\"url\":\"https:\/\/web.consaguirre.com.ar\/noticias\/wp-content\/uploads\/2025\/06\/Petey-USA-lanzara-un-nuevo-album-The-Yips-en-julio.jpg\",\"contentUrl\":\"https:\/\/web.consaguirre.com.ar\/noticias\/wp-content\/uploads\/2025\/06\/Petey-USA-lanzara-un-nuevo-album-The-Yips-en-julio.jpg\",\"width\":1280,\"height\":1280,\"caption\":\"Petey USA lanzar\u00e1 un nuevo \u00e1lbum, 'The Yips' en julio\"},{\"@type\":\"BreadcrumbList\",\"@id\":\"https:\/\/web.consaguirre.com.ar\/noticias\/petey-usa-lanzara-un-nuevo-album-the-yips-en-julio\/#breadcrumb\",\"itemListElement\":[{\"@type\":\"ListItem\",\"position\":1,\"name\":\"Inicio\",\"item\":\"https:\/\/web.consaguirre.com.ar\/noticias\/\"},{\"@type\":\"ListItem\",\"position\":2,\"name\":\"Petey USA lanzar\u00e1 un nuevo \u00e1lbum, &#8216;The Yips&#8217; en julio\"}]},{\"@type\":\"WebSite\",\"@id\":\"https:\/\/web.consaguirre.com.ar\/noticias\/#website\",\"url\":\"https:\/\/web.consaguirre.com.ar\/noticias\/\",\"name\":\"Conservatorio de M\u00fasica Juli\u00e1n Aguirre\",\"description\":\"\",\"publisher\":{\"@id\":\"https:\/\/web.consaguirre.com.ar\/noticias\/#organization\"},\"potentialAction\":[{\"@type\":\"SearchAction\",\"target\":{\"@type\":\"EntryPoint\",\"urlTemplate\":\"https:\/\/web.consaguirre.com.ar\/noticias\/?s={search_term_string}\"},\"query-input\":\"required name=search_term_string\"}],\"inLanguage\":\"es-AR\"},{\"@type\":\"Organization\",\"@id\":\"https:\/\/web.consaguirre.com.ar\/noticias\/#organization\",\"name\":\"Conservatorio de M\u00fasica Juli\u00e1n Aguirre\",\"url\":\"https:\/\/web.consaguirre.com.ar\/noticias\/\",\"logo\":{\"@type\":\"ImageObject\",\"inLanguage\":\"es-AR\",\"@id\":\"https:\/\/web.consaguirre.com.ar\/noticias\/#\/schema\/logo\/image\/\",\"url\":\"https:\/\/web.consaguirre.com.ar\/noticias\/wp-content\/uploads\/2024\/08\/Banner-Aguirre-23.jpg\",\"contentUrl\":\"https:\/\/web.consaguirre.com.ar\/noticias\/wp-content\/uploads\/2024\/08\/Banner-Aguirre-23.jpg\",\"width\":1192,\"height\":600,\"caption\":\"Conservatorio de M\u00fasica Juli\u00e1n Aguirre\"},\"image\":{\"@id\":\"https:\/\/web.consaguirre.com.ar\/noticias\/#\/schema\/logo\/image\/\"}},{\"@type\":\"Person\",\"@id\":\"https:\/\/web.consaguirre.com.ar\/noticias\/#\/schema\/person\/6558b0cfedee7ddc5425602b237d5722\",\"name\":\"Javier Figueroa\",\"image\":{\"@type\":\"ImageObject\",\"inLanguage\":\"es-AR\",\"@id\":\"https:\/\/web.consaguirre.com.ar\/noticias\/#\/schema\/person\/image\/\",\"url\":\"https:\/\/web.consaguirre.com.ar\/noticias\/wp-content\/uploads\/2024\/08\/Consaguirre-scaled.jpg\",\"contentUrl\":\"https:\/\/web.consaguirre.com.ar\/noticias\/wp-content\/uploads\/2024\/08\/Consaguirre-scaled.jpg\",\"caption\":\"Javier Figueroa\"},\"description\":\"Me llamo Javier Figueroa y soy redactor para el sitio oficial del Conservatorio de M\u00fasica Juli\u00e1n Aguirre en Buenos Aires, consaguirre.com. Apasionado por la m\u00fasica y la escritura, me esfuerzo por destacar los talentos y eventos de nuestra prestigiosa instituci\u00f3n. Mi trayectoria se nutre de una profunda admiraci\u00f3n por los artistas, haciendo de cada art\u00edculo una celebraci\u00f3n de la creatividad y la cultura musical.\",\"sameAs\":[\"https:\/\/web.consaguirre.com.ar\/noticias\"]}]}<\/script>\n<!-- \/ Yoast SEO plugin. -->","yoast_head_json":{"title":"Petey USA lanzar\u00e1 un nuevo \u00e1lbum, 'The Yips' en julio","robots":{"index":"index","follow":"follow","max-snippet":"max-snippet:-1","max-image-preview":"max-image-preview:large","max-video-preview":"max-video-preview:-1"},"canonical":"https:\/\/web.consaguirre.com.ar\/noticias\/petey-usa-lanzara-un-nuevo-album-the-yips-en-julio\/","og_locale":"es_ES","og_type":"article","og_title":"Petey USA lanzar\u00e1 un nuevo \u00e1lbum, 'The Yips' en julio","og_description":"Petey USA ha anunciado el lanzamiento de su tercer \u00e1lbum de estudio, Los yipsa trav\u00e9s de Capitol Records. Producido por Chris Walla, anteriormente de Death","og_url":"https:\/\/web.consaguirre.com.ar\/noticias\/petey-usa-lanzara-un-nuevo-album-the-yips-en-julio\/","og_site_name":"Conservatorio de M\u00fasica Juli\u00e1n Aguirre","article_published_time":"2025-06-11T03:38:16+00:00","article_modified_time":"2025-06-11T03:38:18+00:00","og_image":[{"width":1280,"height":1280,"url":"https:\/\/web.consaguirre.com.ar\/noticias\/wp-content\/uploads\/2025\/06\/Petey-USA-lanzara-un-nuevo-album-The-Yips-en-julio.jpg","type":"image\/jpeg"}],"author":"Javier Figueroa","twitter_card":"summary_large_image","twitter_misc":{"Escrito por":"Javier Figueroa","Tiempo de lectura":"2 minutos"},"schema":{"@context":"https:\/\/schema.org","@graph":[{"@type":"Article","@id":"https:\/\/web.consaguirre.com.ar\/noticias\/petey-usa-lanzara-un-nuevo-album-the-yips-en-julio\/#article","isPartOf":{"@id":"https:\/\/web.consaguirre.com.ar\/noticias\/petey-usa-lanzara-un-nuevo-album-the-yips-en-julio\/"},"author":{"name":"Javier Figueroa","@id":"https:\/\/web.consaguirre.com.ar\/noticias\/#\/schema\/person\/6558b0cfedee7ddc5425602b237d5722"},"headline":"Petey USA lanzar\u00e1 un nuevo \u00e1lbum, &#8216;The Yips&#8217; en julio","datePublished":"2025-06-11T03:38:16+00:00","dateModified":"2025-06-11T03:38:18+00:00","mainEntityOfPage":{"@id":"https:\/\/web.consaguirre.com.ar\/noticias\/petey-usa-lanzara-un-nuevo-album-the-yips-en-julio\/"},"wordCount":391,"publisher":{"@id":"https:\/\/web.consaguirre.com.ar\/noticias\/#organization"},"image":{"@id":"https:\/\/web.consaguirre.com.ar\/noticias\/petey-usa-lanzara-un-nuevo-album-the-yips-en-julio\/#primaryimage"},"thumbnailUrl":"https:\/\/web.consaguirre.com.ar\/noticias\/wp-content\/uploads\/2025\/06\/Petey-USA-lanzara-un-nuevo-album-The-Yips-en-julio.jpg","keywords":["\u00e1lbum","julio","lanzar\u00e1","nuevo","Petey","USA","Yips"],"articleSection":["El \u00faltimo"],"inLanguage":"es-AR"},{"@type":"WebPage","@id":"https:\/\/web.consaguirre.com.ar\/noticias\/petey-usa-lanzara-un-nuevo-album-the-yips-en-julio\/","url":"https:\/\/web.consaguirre.com.ar\/noticias\/petey-usa-lanzara-un-nuevo-album-the-yips-en-julio\/","name":"Petey USA lanzar\u00e1 un nuevo \u00e1lbum, 'The Yips' en julio","isPartOf":{"@id":"https:\/\/web.consaguirre.com.ar\/noticias\/#website"},"primaryImageOfPage":{"@id":"https:\/\/web.consaguirre.com.ar\/noticias\/petey-usa-lanzara-un-nuevo-album-the-yips-en-julio\/#primaryimage"},"image":{"@id":"https:\/\/web.consaguirre.com.ar\/noticias\/petey-usa-lanzara-un-nuevo-album-the-yips-en-julio\/#primaryimage"},"thumbnailUrl":"https:\/\/web.consaguirre.com.ar\/noticias\/wp-content\/uploads\/2025\/06\/Petey-USA-lanzara-un-nuevo-album-The-Yips-en-julio.jpg","datePublished":"2025-06-11T03:38:16+00:00","dateModified":"2025-06-11T03:38:18+00:00","breadcrumb":{"@id":"https:\/\/web.consaguirre.com.ar\/noticias\/petey-usa-lanzara-un-nuevo-album-the-yips-en-julio\/#breadcrumb"},"inLanguage":"es-AR","potentialAction":[{"@type":"ReadAction","target":["https:\/\/web.consaguirre.com.ar\/noticias\/petey-usa-lanzara-un-nuevo-album-the-yips-en-julio\/"]}]},{"@type":"ImageObject","inLanguage":"es-AR","@id":"https:\/\/web.consaguirre.com.ar\/noticias\/petey-usa-lanzara-un-nuevo-album-the-yips-en-julio\/#primaryimage","url":"https:\/\/web.consaguirre.com.ar\/noticias\/wp-content\/uploads\/2025\/06\/Petey-USA-lanzara-un-nuevo-album-The-Yips-en-julio.jpg","contentUrl":"https:\/\/web.consaguirre.com.ar\/noticias\/wp-content\/uploads\/2025\/06\/Petey-USA-lanzara-un-nuevo-album-The-Yips-en-julio.jpg","width":1280,"height":1280,"caption":"Petey USA lanzar\u00e1 un nuevo \u00e1lbum, 'The Yips' en julio"},{"@type":"BreadcrumbList","@id":"https:\/\/web.consaguirre.com.ar\/noticias\/petey-usa-lanzara-un-nuevo-album-the-yips-en-julio\/#breadcrumb","itemListElement":[{"@type":"ListItem","position":1,"name":"Inicio","item":"https:\/\/web.consaguirre.com.ar\/noticias\/"},{"@type":"ListItem","position":2,"name":"Petey USA lanzar\u00e1 un nuevo \u00e1lbum, &#8216;The Yips&#8217; en julio"}]},{"@type":"WebSite","@id":"https:\/\/web.consaguirre.com.ar\/noticias\/#website","url":"https:\/\/web.consaguirre.com.ar\/noticias\/","name":"Conservatorio de M\u00fasica Juli\u00e1n Aguirre","description":"","publisher":{"@id":"https:\/\/web.consaguirre.com.ar\/noticias\/#organization"},"potentialAction":[{"@type":"SearchAction","target":{"@type":"EntryPoint","urlTemplate":"https:\/\/web.consaguirre.com.ar\/noticias\/?s={search_term_string}"},"query-input":"required name=search_term_string"}],"inLanguage":"es-AR"},{"@type":"Organization","@id":"https:\/\/web.consaguirre.com.ar\/noticias\/#organization","name":"Conservatorio de M\u00fasica Juli\u00e1n Aguirre","url":"https:\/\/web.consaguirre.com.ar\/noticias\/","logo":{"@type":"ImageObject","inLanguage":"es-AR","@id":"https:\/\/web.consaguirre.com.ar\/noticias\/#\/schema\/logo\/image\/","url":"https:\/\/web.consaguirre.com.ar\/noticias\/wp-content\/uploads\/2024\/08\/Banner-Aguirre-23.jpg","contentUrl":"https:\/\/web.consaguirre.com.ar\/noticias\/wp-content\/uploads\/2024\/08\/Banner-Aguirre-23.jpg","width":1192,"height":600,"caption":"Conservatorio de M\u00fasica Juli\u00e1n Aguirre"},"image":{"@id":"https:\/\/web.consaguirre.com.ar\/noticias\/#\/schema\/logo\/image\/"}},{"@type":"Person","@id":"https:\/\/web.consaguirre.com.ar\/noticias\/#\/schema\/person\/6558b0cfedee7ddc5425602b237d5722","name":"Javier Figueroa","image":{"@type":"ImageObject","inLanguage":"es-AR","@id":"https:\/\/web.consaguirre.com.ar\/noticias\/#\/schema\/person\/image\/","url":"https:\/\/web.consaguirre.com.ar\/noticias\/wp-content\/uploads\/2024\/08\/Consaguirre-scaled.jpg","contentUrl":"https:\/\/web.consaguirre.com.ar\/noticias\/wp-content\/uploads\/2024\/08\/Consaguirre-scaled.jpg","caption":"Javier Figueroa"},"description":"Me llamo Javier Figueroa y soy redactor para el sitio oficial del Conservatorio de M\u00fasica Juli\u00e1n Aguirre en Buenos Aires, consaguirre.com. Apasionado por la m\u00fasica y la escritura, me esfuerzo por destacar los talentos y eventos de nuestra prestigiosa instituci\u00f3n. Mi trayectoria se nutre de una profunda admiraci\u00f3n por los artistas, haciendo de cada art\u00edculo una celebraci\u00f3n de la creatividad y la cultura musical.","sameAs":["https:\/\/web.consaguirre.com.ar\/noticias"]}]}},"_links":{"self":[{"href":"https:\/\/web.consaguirre.com.ar\/noticias\/wp-json\/wp\/v2\/posts\/2879"}],"collection":[{"href":"https:\/\/web.consaguirre.com.ar\/noticias\/wp-json\/wp\/v2\/posts"}],"about":[{"href":"https:\/\/web.consaguirre.com.ar\/noticias\/wp-json\/wp\/v2\/types\/post"}],"author":[{"embeddable":true,"href":"https:\/\/web.consaguirre.com.ar\/noticias\/wp-json\/wp\/v2\/users\/1"}],"replies":[{"embeddable":true,"href":"https:\/\/web.consaguirre.com.ar\/noticias\/wp-json\/wp\/v2\/comments?post=2879"}],"version-history":[{"count":1,"href":"https:\/\/web.consaguirre.com.ar\/noticias\/wp-json\/wp\/v2\/posts\/2879\/revisions"}],"predecessor-version":[{"id":2881,"href":"https:\/\/web.consaguirre.com.ar\/noticias\/wp-json\/wp\/v2\/posts\/2879\/revisions\/2881"}],"wp:featuredmedia":[{"embeddable":true,"href":"https:\/\/web.consaguirre.com.ar\/noticias\/wp-json\/wp\/v2\/media\/2880"}],"wp:attachment":[{"href":"https:\/\/web.consaguirre.com.ar\/noticias\/wp-json\/wp\/v2\/media?parent=2879"}],"wp:term":[{"taxonomy":"category","embeddable":true,"href":"https:\/\/web.consaguirre.com.ar\/noticias\/wp-json\/wp\/v2\/categories?post=2879"},{"taxonomy":"post_tag","embeddable":true,"href":"https:\/\/web.consaguirre.com.ar\/noticias\/wp-json\/wp\/v2\/tags?post=2879"}],"curies":[{"name":"wp","href":"https:\/\/api.w.org\/{rel}","templated":true}]}}