{"id":2876,"date":"2025-06-10T21:39:21","date_gmt":"2025-06-11T00:39:21","guid":{"rendered":"https:\/\/web.consaguirre.com.ar\/noticias\/cian-ducrot-anuncia-el-album-de-segundo-ano-little-dreaming\/"},"modified":"2025-06-10T21:39:23","modified_gmt":"2025-06-11T00:39:23","slug":"cian-ducrot-anuncia-el-album-de-segundo-ano-little-dreaming","status":"publish","type":"post","link":"https:\/\/web.consaguirre.com.ar\/noticias\/cian-ducrot-anuncia-el-album-de-segundo-ano-little-dreaming\/","title":{"rendered":"Cian Ducrot anuncia el \u00e1lbum de segundo a\u00f1o, &#8216;Little Dreaming&#8217;"},"content":{"rendered":"<p>Cantante irland\u00e9s ganador del Grammy <strong>Cian ducrot<\/strong> ha anunciado el lanzamiento de su segundo \u00e1lbum, <em>Poco so\u00f1ando<\/em>a trav\u00e9s del cuarto oscuro\/Polydor\/Capitol. El \u00e1lbum estar\u00e1 disponible en vinilo, CD, cassette y formatos digitales el 11 de julio.<\/p>\n<p>Compartiendo sus pensamientos sobre <em>Poco so\u00f1ando<\/em>Cian dice: &#8220;Este \u00e1lbum ha sido un viaje loco. Fue una experiencia absolutamente incre\u00edble. Me propuse ser lo m\u00e1s creativo, libre y expresivo como sea posible, y creo que lo hemos hecho. No es una exageraci\u00f3n decir que hacer el disco ha cambiado mi vida&#8221;.<\/p>\n<div class=\"uD-YT-container\"><img decoding=\"async\" src=\"https:\/\/web.consaguirre.com.ar\/noticias\/wp-content\/uploads\/2025\/06\/1749602361_890_Cian-Ducrot-anuncia-el-album-de-segundo-ano-Little-Dreaming.jpg\" alt=\"Video de YouTube\"><br \/>Haga clic para cargar video<\/div>\n<p>Acompa\u00f1ando al anuncio, Cian ha estrenado el video musical lleno de estrellas para el sencillo titular, con un elenco de actores irlandeses. Cian interpreta al cantante ficticio Juno Lush, mientras que sus compa\u00f1eros de banda incluyen a Lola Petticrew y Hazel Doupe de la aclamada serie Disney+ <em>No decir nada<\/em>y Chris Walley de la comedia de culto <em>Los j\u00f3venes delincuentes<\/em>. Cian \/ Juno se pone gafas de sol brillantes para cantar: &#8220;Puedo llevarlo a Picasso completo, no me importa qui\u00e9n lo usara primero \/ si est\u00e1 borracho de rosa de tanque, si es suyo o es suyo \/ puedo usar mis perlas favoritas, como todas mis chicas favoritas \/ si se ve bien en ellas, \u00a1puedo hacerlo funcionar!&#8221;<\/p>\n<p>Cian se uni\u00f3 recientemente al Reino Unido y European Legs of Teddy Swims &#8216;He probado todo menos Therapy Tour, y actu\u00e9 en un partido de rugby de Irlanda contra Francia. Fue una oportunidad para honrar su herencia irlandesa-francesa cuando cant\u00f3 los himnos de ambos pa\u00edses, sin mencionar jugar al <em>Poco so\u00f1ando<\/em> Single &#8220;Who\u2019s Making You Sient It&#8221; en el medio tiempo.<\/p>\n<p><strong>Ordenar cian ducrot&#8217;s <em>Poco so\u00f1ando<\/em> en vinilo o CD ahora.<\/strong><\/p>\n","protected":false},"excerpt":{"rendered":"<p>Cantante irland\u00e9s ganador del Grammy Cian ducrot ha anunciado el lanzamiento de su segundo \u00e1lbum, Poco so\u00f1andoa trav\u00e9s del cuarto oscuro\/Polydor\/Capitol. El \u00e1lbum estar\u00e1 disponible<\/p>\n","protected":false},"author":1,"featured_media":2877,"comment_status":"closed","ping_status":"","sticky":false,"template":"","format":"standard","meta":{"footnotes":""},"categories":[50],"tags":[147,470,56,2664,2666,2665,981],"class_list":["post-2876","post","type-post","status-publish","format-standard","has-post-thumbnail","hentry","category-el-ultimo","tag-album","tag-ano","tag-anuncia","tag-cian","tag-dreaming","tag-ducrot","tag-segundo","generate-columns","tablet-grid-50","mobile-grid-100","grid-parent","grid-50"],"yoast_head":"<!-- This site is optimized with the Yoast SEO plugin v23.3 - https:\/\/yoast.com\/wordpress\/plugins\/seo\/ -->\n<title>Cian Ducrot anuncia el \u00e1lbum de segundo a\u00f1o, &#039;Little Dreaming&#039;<\/title>\n<meta name=\"robots\" content=\"index, follow, max-snippet:-1, max-image-preview:large, max-video-preview:-1\" \/>\n<link rel=\"canonical\" href=\"https:\/\/web.consaguirre.com.ar\/noticias\/cian-ducrot-anuncia-el-album-de-segundo-ano-little-dreaming\/\" \/>\n<meta property=\"og:locale\" content=\"es_ES\" \/>\n<meta property=\"og:type\" content=\"article\" \/>\n<meta property=\"og:title\" content=\"Cian Ducrot anuncia el \u00e1lbum de segundo a\u00f1o, &#039;Little Dreaming&#039;\" \/>\n<meta property=\"og:description\" content=\"Cantante irland\u00e9s ganador del Grammy Cian ducrot ha anunciado el lanzamiento de su segundo \u00e1lbum, Poco so\u00f1andoa trav\u00e9s del cuarto oscuro\/Polydor\/Capitol. El \u00e1lbum estar\u00e1 disponible\" \/>\n<meta property=\"og:url\" content=\"https:\/\/web.consaguirre.com.ar\/noticias\/cian-ducrot-anuncia-el-album-de-segundo-ano-little-dreaming\/\" \/>\n<meta property=\"og:site_name\" content=\"Conservatorio de M\u00fasica Juli\u00e1n Aguirre\" \/>\n<meta property=\"article:published_time\" content=\"2025-06-11T00:39:21+00:00\" \/>\n<meta property=\"article:modified_time\" content=\"2025-06-11T00:39:23+00:00\" \/>\n<meta property=\"og:image\" content=\"https:\/\/web.consaguirre.com.ar\/noticias\/wp-content\/uploads\/2025\/06\/1749602362_Cian-Ducrot-anuncia-el-album-de-segundo-ano-Little-Dreaming.jpg\" \/>\n\t<meta property=\"og:image:width\" content=\"1280\" \/>\n\t<meta property=\"og:image:height\" content=\"1280\" \/>\n\t<meta property=\"og:image:type\" content=\"image\/jpeg\" \/>\n<meta name=\"author\" content=\"Javier Figueroa\" \/>\n<meta name=\"twitter:card\" content=\"summary_large_image\" \/>\n<meta name=\"twitter:label1\" content=\"Escrito por\" \/>\n\t<meta name=\"twitter:data1\" content=\"Javier Figueroa\" \/>\n\t<meta name=\"twitter:label2\" content=\"Tiempo de lectura\" \/>\n\t<meta name=\"twitter:data2\" content=\"1 minuto\" \/>\n<script type=\"application\/ld+json\" class=\"yoast-schema-graph\">{\"@context\":\"https:\/\/schema.org\",\"@graph\":[{\"@type\":\"Article\",\"@id\":\"https:\/\/web.consaguirre.com.ar\/noticias\/cian-ducrot-anuncia-el-album-de-segundo-ano-little-dreaming\/#article\",\"isPartOf\":{\"@id\":\"https:\/\/web.consaguirre.com.ar\/noticias\/cian-ducrot-anuncia-el-album-de-segundo-ano-little-dreaming\/\"},\"author\":{\"name\":\"Javier Figueroa\",\"@id\":\"https:\/\/web.consaguirre.com.ar\/noticias\/#\/schema\/person\/6558b0cfedee7ddc5425602b237d5722\"},\"headline\":\"Cian Ducrot anuncia el \u00e1lbum de segundo a\u00f1o, &#8216;Little Dreaming&#8217;\",\"datePublished\":\"2025-06-11T00:39:21+00:00\",\"dateModified\":\"2025-06-11T00:39:23+00:00\",\"mainEntityOfPage\":{\"@id\":\"https:\/\/web.consaguirre.com.ar\/noticias\/cian-ducrot-anuncia-el-album-de-segundo-ano-little-dreaming\/\"},\"wordCount\":304,\"publisher\":{\"@id\":\"https:\/\/web.consaguirre.com.ar\/noticias\/#organization\"},\"image\":{\"@id\":\"https:\/\/web.consaguirre.com.ar\/noticias\/cian-ducrot-anuncia-el-album-de-segundo-ano-little-dreaming\/#primaryimage\"},\"thumbnailUrl\":\"https:\/\/web.consaguirre.com.ar\/noticias\/wp-content\/uploads\/2025\/06\/1749602362_Cian-Ducrot-anuncia-el-album-de-segundo-ano-Little-Dreaming.jpg\",\"keywords\":[\"\u00e1lbum\",\"a\u00f1o\",\"anuncia\",\"Cian\",\"Dreaming\",\"Ducrot\",\"segundo\"],\"articleSection\":[\"El \u00faltimo\"],\"inLanguage\":\"es-AR\"},{\"@type\":\"WebPage\",\"@id\":\"https:\/\/web.consaguirre.com.ar\/noticias\/cian-ducrot-anuncia-el-album-de-segundo-ano-little-dreaming\/\",\"url\":\"https:\/\/web.consaguirre.com.ar\/noticias\/cian-ducrot-anuncia-el-album-de-segundo-ano-little-dreaming\/\",\"name\":\"Cian Ducrot anuncia el \u00e1lbum de segundo a\u00f1o, 'Little Dreaming'\",\"isPartOf\":{\"@id\":\"https:\/\/web.consaguirre.com.ar\/noticias\/#website\"},\"primaryImageOfPage\":{\"@id\":\"https:\/\/web.consaguirre.com.ar\/noticias\/cian-ducrot-anuncia-el-album-de-segundo-ano-little-dreaming\/#primaryimage\"},\"image\":{\"@id\":\"https:\/\/web.consaguirre.com.ar\/noticias\/cian-ducrot-anuncia-el-album-de-segundo-ano-little-dreaming\/#primaryimage\"},\"thumbnailUrl\":\"https:\/\/web.consaguirre.com.ar\/noticias\/wp-content\/uploads\/2025\/06\/1749602362_Cian-Ducrot-anuncia-el-album-de-segundo-ano-Little-Dreaming.jpg\",\"datePublished\":\"2025-06-11T00:39:21+00:00\",\"dateModified\":\"2025-06-11T00:39:23+00:00\",\"breadcrumb\":{\"@id\":\"https:\/\/web.consaguirre.com.ar\/noticias\/cian-ducrot-anuncia-el-album-de-segundo-ano-little-dreaming\/#breadcrumb\"},\"inLanguage\":\"es-AR\",\"potentialAction\":[{\"@type\":\"ReadAction\",\"target\":[\"https:\/\/web.consaguirre.com.ar\/noticias\/cian-ducrot-anuncia-el-album-de-segundo-ano-little-dreaming\/\"]}]},{\"@type\":\"ImageObject\",\"inLanguage\":\"es-AR\",\"@id\":\"https:\/\/web.consaguirre.com.ar\/noticias\/cian-ducrot-anuncia-el-album-de-segundo-ano-little-dreaming\/#primaryimage\",\"url\":\"https:\/\/web.consaguirre.com.ar\/noticias\/wp-content\/uploads\/2025\/06\/1749602362_Cian-Ducrot-anuncia-el-album-de-segundo-ano-Little-Dreaming.jpg\",\"contentUrl\":\"https:\/\/web.consaguirre.com.ar\/noticias\/wp-content\/uploads\/2025\/06\/1749602362_Cian-Ducrot-anuncia-el-album-de-segundo-ano-Little-Dreaming.jpg\",\"width\":1280,\"height\":1280,\"caption\":\"Cian Ducrot anuncia el \u00e1lbum de segundo a\u00f1o, 'Little Dreaming'\"},{\"@type\":\"BreadcrumbList\",\"@id\":\"https:\/\/web.consaguirre.com.ar\/noticias\/cian-ducrot-anuncia-el-album-de-segundo-ano-little-dreaming\/#breadcrumb\",\"itemListElement\":[{\"@type\":\"ListItem\",\"position\":1,\"name\":\"Inicio\",\"item\":\"https:\/\/web.consaguirre.com.ar\/noticias\/\"},{\"@type\":\"ListItem\",\"position\":2,\"name\":\"Cian Ducrot anuncia el \u00e1lbum de segundo a\u00f1o, &#8216;Little Dreaming&#8217;\"}]},{\"@type\":\"WebSite\",\"@id\":\"https:\/\/web.consaguirre.com.ar\/noticias\/#website\",\"url\":\"https:\/\/web.consaguirre.com.ar\/noticias\/\",\"name\":\"Conservatorio de M\u00fasica Juli\u00e1n Aguirre\",\"description\":\"\",\"publisher\":{\"@id\":\"https:\/\/web.consaguirre.com.ar\/noticias\/#organization\"},\"potentialAction\":[{\"@type\":\"SearchAction\",\"target\":{\"@type\":\"EntryPoint\",\"urlTemplate\":\"https:\/\/web.consaguirre.com.ar\/noticias\/?s={search_term_string}\"},\"query-input\":\"required name=search_term_string\"}],\"inLanguage\":\"es-AR\"},{\"@type\":\"Organization\",\"@id\":\"https:\/\/web.consaguirre.com.ar\/noticias\/#organization\",\"name\":\"Conservatorio de M\u00fasica Juli\u00e1n Aguirre\",\"url\":\"https:\/\/web.consaguirre.com.ar\/noticias\/\",\"logo\":{\"@type\":\"ImageObject\",\"inLanguage\":\"es-AR\",\"@id\":\"https:\/\/web.consaguirre.com.ar\/noticias\/#\/schema\/logo\/image\/\",\"url\":\"https:\/\/web.consaguirre.com.ar\/noticias\/wp-content\/uploads\/2024\/08\/Banner-Aguirre-23.jpg\",\"contentUrl\":\"https:\/\/web.consaguirre.com.ar\/noticias\/wp-content\/uploads\/2024\/08\/Banner-Aguirre-23.jpg\",\"width\":1192,\"height\":600,\"caption\":\"Conservatorio de M\u00fasica Juli\u00e1n Aguirre\"},\"image\":{\"@id\":\"https:\/\/web.consaguirre.com.ar\/noticias\/#\/schema\/logo\/image\/\"}},{\"@type\":\"Person\",\"@id\":\"https:\/\/web.consaguirre.com.ar\/noticias\/#\/schema\/person\/6558b0cfedee7ddc5425602b237d5722\",\"name\":\"Javier Figueroa\",\"image\":{\"@type\":\"ImageObject\",\"inLanguage\":\"es-AR\",\"@id\":\"https:\/\/web.consaguirre.com.ar\/noticias\/#\/schema\/person\/image\/\",\"url\":\"https:\/\/web.consaguirre.com.ar\/noticias\/wp-content\/uploads\/2024\/08\/Consaguirre-scaled.jpg\",\"contentUrl\":\"https:\/\/web.consaguirre.com.ar\/noticias\/wp-content\/uploads\/2024\/08\/Consaguirre-scaled.jpg\",\"caption\":\"Javier Figueroa\"},\"description\":\"Me llamo Javier Figueroa y soy redactor para el sitio oficial del Conservatorio de M\u00fasica Juli\u00e1n Aguirre en Buenos Aires, consaguirre.com. Apasionado por la m\u00fasica y la escritura, me esfuerzo por destacar los talentos y eventos de nuestra prestigiosa instituci\u00f3n. Mi trayectoria se nutre de una profunda admiraci\u00f3n por los artistas, haciendo de cada art\u00edculo una celebraci\u00f3n de la creatividad y la cultura musical.\",\"sameAs\":[\"https:\/\/web.consaguirre.com.ar\/noticias\"]}]}<\/script>\n<!-- \/ Yoast SEO plugin. -->","yoast_head_json":{"title":"Cian Ducrot anuncia el \u00e1lbum de segundo a\u00f1o, 'Little Dreaming'","robots":{"index":"index","follow":"follow","max-snippet":"max-snippet:-1","max-image-preview":"max-image-preview:large","max-video-preview":"max-video-preview:-1"},"canonical":"https:\/\/web.consaguirre.com.ar\/noticias\/cian-ducrot-anuncia-el-album-de-segundo-ano-little-dreaming\/","og_locale":"es_ES","og_type":"article","og_title":"Cian Ducrot anuncia el \u00e1lbum de segundo a\u00f1o, 'Little Dreaming'","og_description":"Cantante irland\u00e9s ganador del Grammy Cian ducrot ha anunciado el lanzamiento de su segundo \u00e1lbum, Poco so\u00f1andoa trav\u00e9s del cuarto oscuro\/Polydor\/Capitol. El \u00e1lbum estar\u00e1 disponible","og_url":"https:\/\/web.consaguirre.com.ar\/noticias\/cian-ducrot-anuncia-el-album-de-segundo-ano-little-dreaming\/","og_site_name":"Conservatorio de M\u00fasica Juli\u00e1n Aguirre","article_published_time":"2025-06-11T00:39:21+00:00","article_modified_time":"2025-06-11T00:39:23+00:00","og_image":[{"width":1280,"height":1280,"url":"https:\/\/web.consaguirre.com.ar\/noticias\/wp-content\/uploads\/2025\/06\/1749602362_Cian-Ducrot-anuncia-el-album-de-segundo-ano-Little-Dreaming.jpg","type":"image\/jpeg"}],"author":"Javier Figueroa","twitter_card":"summary_large_image","twitter_misc":{"Escrito por":"Javier Figueroa","Tiempo de lectura":"1 minuto"},"schema":{"@context":"https:\/\/schema.org","@graph":[{"@type":"Article","@id":"https:\/\/web.consaguirre.com.ar\/noticias\/cian-ducrot-anuncia-el-album-de-segundo-ano-little-dreaming\/#article","isPartOf":{"@id":"https:\/\/web.consaguirre.com.ar\/noticias\/cian-ducrot-anuncia-el-album-de-segundo-ano-little-dreaming\/"},"author":{"name":"Javier Figueroa","@id":"https:\/\/web.consaguirre.com.ar\/noticias\/#\/schema\/person\/6558b0cfedee7ddc5425602b237d5722"},"headline":"Cian Ducrot anuncia el \u00e1lbum de segundo a\u00f1o, &#8216;Little Dreaming&#8217;","datePublished":"2025-06-11T00:39:21+00:00","dateModified":"2025-06-11T00:39:23+00:00","mainEntityOfPage":{"@id":"https:\/\/web.consaguirre.com.ar\/noticias\/cian-ducrot-anuncia-el-album-de-segundo-ano-little-dreaming\/"},"wordCount":304,"publisher":{"@id":"https:\/\/web.consaguirre.com.ar\/noticias\/#organization"},"image":{"@id":"https:\/\/web.consaguirre.com.ar\/noticias\/cian-ducrot-anuncia-el-album-de-segundo-ano-little-dreaming\/#primaryimage"},"thumbnailUrl":"https:\/\/web.consaguirre.com.ar\/noticias\/wp-content\/uploads\/2025\/06\/1749602362_Cian-Ducrot-anuncia-el-album-de-segundo-ano-Little-Dreaming.jpg","keywords":["\u00e1lbum","a\u00f1o","anuncia","Cian","Dreaming","Ducrot","segundo"],"articleSection":["El \u00faltimo"],"inLanguage":"es-AR"},{"@type":"WebPage","@id":"https:\/\/web.consaguirre.com.ar\/noticias\/cian-ducrot-anuncia-el-album-de-segundo-ano-little-dreaming\/","url":"https:\/\/web.consaguirre.com.ar\/noticias\/cian-ducrot-anuncia-el-album-de-segundo-ano-little-dreaming\/","name":"Cian Ducrot anuncia el \u00e1lbum de segundo a\u00f1o, 'Little Dreaming'","isPartOf":{"@id":"https:\/\/web.consaguirre.com.ar\/noticias\/#website"},"primaryImageOfPage":{"@id":"https:\/\/web.consaguirre.com.ar\/noticias\/cian-ducrot-anuncia-el-album-de-segundo-ano-little-dreaming\/#primaryimage"},"image":{"@id":"https:\/\/web.consaguirre.com.ar\/noticias\/cian-ducrot-anuncia-el-album-de-segundo-ano-little-dreaming\/#primaryimage"},"thumbnailUrl":"https:\/\/web.consaguirre.com.ar\/noticias\/wp-content\/uploads\/2025\/06\/1749602362_Cian-Ducrot-anuncia-el-album-de-segundo-ano-Little-Dreaming.jpg","datePublished":"2025-06-11T00:39:21+00:00","dateModified":"2025-06-11T00:39:23+00:00","breadcrumb":{"@id":"https:\/\/web.consaguirre.com.ar\/noticias\/cian-ducrot-anuncia-el-album-de-segundo-ano-little-dreaming\/#breadcrumb"},"inLanguage":"es-AR","potentialAction":[{"@type":"ReadAction","target":["https:\/\/web.consaguirre.com.ar\/noticias\/cian-ducrot-anuncia-el-album-de-segundo-ano-little-dreaming\/"]}]},{"@type":"ImageObject","inLanguage":"es-AR","@id":"https:\/\/web.consaguirre.com.ar\/noticias\/cian-ducrot-anuncia-el-album-de-segundo-ano-little-dreaming\/#primaryimage","url":"https:\/\/web.consaguirre.com.ar\/noticias\/wp-content\/uploads\/2025\/06\/1749602362_Cian-Ducrot-anuncia-el-album-de-segundo-ano-Little-Dreaming.jpg","contentUrl":"https:\/\/web.consaguirre.com.ar\/noticias\/wp-content\/uploads\/2025\/06\/1749602362_Cian-Ducrot-anuncia-el-album-de-segundo-ano-Little-Dreaming.jpg","width":1280,"height":1280,"caption":"Cian Ducrot anuncia el \u00e1lbum de segundo a\u00f1o, 'Little Dreaming'"},{"@type":"BreadcrumbList","@id":"https:\/\/web.consaguirre.com.ar\/noticias\/cian-ducrot-anuncia-el-album-de-segundo-ano-little-dreaming\/#breadcrumb","itemListElement":[{"@type":"ListItem","position":1,"name":"Inicio","item":"https:\/\/web.consaguirre.com.ar\/noticias\/"},{"@type":"ListItem","position":2,"name":"Cian Ducrot anuncia el \u00e1lbum de segundo a\u00f1o, &#8216;Little Dreaming&#8217;"}]},{"@type":"WebSite","@id":"https:\/\/web.consaguirre.com.ar\/noticias\/#website","url":"https:\/\/web.consaguirre.com.ar\/noticias\/","name":"Conservatorio de M\u00fasica Juli\u00e1n Aguirre","description":"","publisher":{"@id":"https:\/\/web.consaguirre.com.ar\/noticias\/#organization"},"potentialAction":[{"@type":"SearchAction","target":{"@type":"EntryPoint","urlTemplate":"https:\/\/web.consaguirre.com.ar\/noticias\/?s={search_term_string}"},"query-input":"required name=search_term_string"}],"inLanguage":"es-AR"},{"@type":"Organization","@id":"https:\/\/web.consaguirre.com.ar\/noticias\/#organization","name":"Conservatorio de M\u00fasica Juli\u00e1n Aguirre","url":"https:\/\/web.consaguirre.com.ar\/noticias\/","logo":{"@type":"ImageObject","inLanguage":"es-AR","@id":"https:\/\/web.consaguirre.com.ar\/noticias\/#\/schema\/logo\/image\/","url":"https:\/\/web.consaguirre.com.ar\/noticias\/wp-content\/uploads\/2024\/08\/Banner-Aguirre-23.jpg","contentUrl":"https:\/\/web.consaguirre.com.ar\/noticias\/wp-content\/uploads\/2024\/08\/Banner-Aguirre-23.jpg","width":1192,"height":600,"caption":"Conservatorio de M\u00fasica Juli\u00e1n Aguirre"},"image":{"@id":"https:\/\/web.consaguirre.com.ar\/noticias\/#\/schema\/logo\/image\/"}},{"@type":"Person","@id":"https:\/\/web.consaguirre.com.ar\/noticias\/#\/schema\/person\/6558b0cfedee7ddc5425602b237d5722","name":"Javier Figueroa","image":{"@type":"ImageObject","inLanguage":"es-AR","@id":"https:\/\/web.consaguirre.com.ar\/noticias\/#\/schema\/person\/image\/","url":"https:\/\/web.consaguirre.com.ar\/noticias\/wp-content\/uploads\/2024\/08\/Consaguirre-scaled.jpg","contentUrl":"https:\/\/web.consaguirre.com.ar\/noticias\/wp-content\/uploads\/2024\/08\/Consaguirre-scaled.jpg","caption":"Javier Figueroa"},"description":"Me llamo Javier Figueroa y soy redactor para el sitio oficial del Conservatorio de M\u00fasica Juli\u00e1n Aguirre en Buenos Aires, consaguirre.com. Apasionado por la m\u00fasica y la escritura, me esfuerzo por destacar los talentos y eventos de nuestra prestigiosa instituci\u00f3n. Mi trayectoria se nutre de una profunda admiraci\u00f3n por los artistas, haciendo de cada art\u00edculo una celebraci\u00f3n de la creatividad y la cultura musical.","sameAs":["https:\/\/web.consaguirre.com.ar\/noticias"]}]}},"_links":{"self":[{"href":"https:\/\/web.consaguirre.com.ar\/noticias\/wp-json\/wp\/v2\/posts\/2876"}],"collection":[{"href":"https:\/\/web.consaguirre.com.ar\/noticias\/wp-json\/wp\/v2\/posts"}],"about":[{"href":"https:\/\/web.consaguirre.com.ar\/noticias\/wp-json\/wp\/v2\/types\/post"}],"author":[{"embeddable":true,"href":"https:\/\/web.consaguirre.com.ar\/noticias\/wp-json\/wp\/v2\/users\/1"}],"replies":[{"embeddable":true,"href":"https:\/\/web.consaguirre.com.ar\/noticias\/wp-json\/wp\/v2\/comments?post=2876"}],"version-history":[{"count":1,"href":"https:\/\/web.consaguirre.com.ar\/noticias\/wp-json\/wp\/v2\/posts\/2876\/revisions"}],"predecessor-version":[{"id":2878,"href":"https:\/\/web.consaguirre.com.ar\/noticias\/wp-json\/wp\/v2\/posts\/2876\/revisions\/2878"}],"wp:featuredmedia":[{"embeddable":true,"href":"https:\/\/web.consaguirre.com.ar\/noticias\/wp-json\/wp\/v2\/media\/2877"}],"wp:attachment":[{"href":"https:\/\/web.consaguirre.com.ar\/noticias\/wp-json\/wp\/v2\/media?parent=2876"}],"wp:term":[{"taxonomy":"category","embeddable":true,"href":"https:\/\/web.consaguirre.com.ar\/noticias\/wp-json\/wp\/v2\/categories?post=2876"},{"taxonomy":"post_tag","embeddable":true,"href":"https:\/\/web.consaguirre.com.ar\/noticias\/wp-json\/wp\/v2\/tags?post=2876"}],"curies":[{"name":"wp","href":"https:\/\/api.w.org\/{rel}","templated":true}]}}