{"id":2858,"date":"2025-06-09T15:40:14","date_gmt":"2025-06-09T18:40:14","guid":{"rendered":"https:\/\/web.consaguirre.com.ar\/noticias\/the-tokyo-blues-de-horace-silver-se-une-a-la-serie-tone-poet-de-blue-note\/"},"modified":"2025-06-09T15:40:16","modified_gmt":"2025-06-09T18:40:16","slug":"the-tokyo-blues-de-horace-silver-se-une-a-la-serie-tone-poet-de-blue-note","status":"publish","type":"post","link":"https:\/\/web.consaguirre.com.ar\/noticias\/the-tokyo-blues-de-horace-silver-se-une-a-la-serie-tone-poet-de-blue-note\/","title":{"rendered":"&#8216;The Tokyo Blues&#8217; de Horace Silver se une a la serie Tone Poet de Blue Note"},"content":{"rendered":"<p><strong>Horacio de plata<\/strong>&#8216;S Classic <em>El blues de Tokio<\/em> se est\u00e1 lanzando en Vinyl como parte de la serie Tone Poet de Blue Note Records. Lanzado en 1962 se considera una joya dentro de la prol\u00edfica carrera del pianista.<\/p>\n<p>Silver y su quinteto, Blue Mitchell (trompeta), Cook junior (saxo tenor), Gene Taylor (bajo) y John Harris Jr (bater\u00eda), crearon estas grabaciones despu\u00e9s de una gira inspiradora por Jap\u00f3n. Seg\u00fan la contraportada original, Silver dedic\u00f3 este \u00e1lbum a &#8220;todos nuestros fan\u00e1ticos en Jap\u00f3n y a todos los japoneses que fueron tan amables con nosotros mientras est\u00e1bamos haciendo nuestra gira de conciertos all\u00ed&#8221;. Continu\u00f3: &#8220;Mientras estaba en Jap\u00f3n, not\u00e9 que los japoneses eran muy aficionados a la m\u00fasica latina, lo que tambi\u00e9n me gusta mucho. Al escribir algunas de estas composiciones he intentado combinar sentimientos japoneses en las melod\u00edas con sentimientos latinos en los ritmos&#8221;.<\/p>\n<div class=\"uD-YT-container\"><img decoding=\"async\" src=\"https:\/\/web.consaguirre.com.ar\/noticias\/wp-content\/uploads\/2025\/06\/1749494414_134_The-Tokyo-Blues-de-Horace-Silver-se-une-a-la.jpg\" alt=\"Video de YouTube\"><br \/>Haga clic para cargar video<\/div>\n<p>La edici\u00f3n de Vinyl de Poeta Stereo Tone fue producida por Joe Harley, dominada por Kevin Gray de las cintas maestras anal\u00f3gicas originales, presionadas en un vinilo 180 g en RTI y empaquetado en una chaqueta punta de punta de lujo.<\/p>\n<p>Silver se hizo conocido por primera vez como cofundador de los mensajeros de jazz junto con Art Blakey. Con los mensajeros de jazz, Silver se hizo conocido por definir Hard Bop, una rama de Bebop que inclu\u00eda elementos de blues y evangelio. Silver form\u00f3 su propio quinteto a finales de los a\u00f1os 50 y lanzaron su primer \u00e1lbum, <em>Finger Poppin &#8216;<\/em>en 1959. El quinteto lanz\u00f3 su sexto y \u00faltimo \u00e1lbum, <em>Serenata de plata<\/em>en 1963.<\/p>\n<p>Se puede escuchar una nueva iteraci\u00f3n del quinteto en <strong><em>Canci\u00f3n para mi padre<\/em><\/strong>que captur\u00f3 un ritmo de Bossa Nova. La canci\u00f3n principal se convirti\u00f3 en un est\u00e1ndar de jazz. El siguiente \u00e1lbum de Silver fue <strong><em>Blues de Cape Verdean<\/em><\/strong>que cont\u00f3 con el trompetista Welly Shaw, el trombonista JJ Johnson, Joe Henderson (saxof\u00f3n tenor), Bob Cranshaw (bajo) y Roger Humphries (bater\u00eda).<\/p>\n<p><strong>Ordene Horace Silver <em>El blues de Tokio<\/em> en vinilo ahora.<\/strong><\/p>\n","protected":false},"excerpt":{"rendered":"<p>Horacio de plata&#8216;S Classic El blues de Tokio se est\u00e1 lanzando en Vinyl como parte de la serie Tone Poet de Blue Note Records. Lanzado<\/p>\n","protected":false},"author":1,"featured_media":2859,"comment_status":"closed","ping_status":"","sticky":false,"template":"","format":"standard","meta":{"footnotes":""},"categories":[50],"tags":[498,174,2654,1238,1242,220,2655,2653,1241,455],"class_list":["post-2858","post","type-post","status-publish","format-standard","has-post-thumbnail","hentry","category-el-ultimo","tag-blue","tag-blues","tag-horace","tag-note","tag-poet","tag-serie","tag-silver","tag-tokyo","tag-tone","tag-une","generate-columns","tablet-grid-50","mobile-grid-100","grid-parent","grid-50"],"yoast_head":"<!-- This site is optimized with the Yoast SEO plugin v23.3 - https:\/\/yoast.com\/wordpress\/plugins\/seo\/ -->\n<title>&#039;The Tokyo Blues&#039; de Horace Silver se une a la serie Tone Poet de Blue Note<\/title>\n<meta name=\"robots\" content=\"index, follow, max-snippet:-1, max-image-preview:large, max-video-preview:-1\" \/>\n<link rel=\"canonical\" href=\"https:\/\/web.consaguirre.com.ar\/noticias\/the-tokyo-blues-de-horace-silver-se-une-a-la-serie-tone-poet-de-blue-note\/\" \/>\n<meta property=\"og:locale\" content=\"es_ES\" \/>\n<meta property=\"og:type\" content=\"article\" \/>\n<meta property=\"og:title\" content=\"&#039;The Tokyo Blues&#039; de Horace Silver se une a la serie Tone Poet de Blue Note\" \/>\n<meta property=\"og:description\" content=\"Horacio de plata&#8216;S Classic El blues de Tokio se est\u00e1 lanzando en Vinyl como parte de la serie Tone Poet de Blue Note Records. Lanzado\" \/>\n<meta property=\"og:url\" content=\"https:\/\/web.consaguirre.com.ar\/noticias\/the-tokyo-blues-de-horace-silver-se-une-a-la-serie-tone-poet-de-blue-note\/\" \/>\n<meta property=\"og:site_name\" content=\"Conservatorio de M\u00fasica Juli\u00e1n Aguirre\" \/>\n<meta property=\"article:published_time\" content=\"2025-06-09T18:40:14+00:00\" \/>\n<meta property=\"article:modified_time\" content=\"2025-06-09T18:40:16+00:00\" \/>\n<meta property=\"og:image\" content=\"https:\/\/web.consaguirre.com.ar\/noticias\/wp-content\/uploads\/2025\/06\/The-Tokyo-Blues-de-Horace-Silver-se-une-a-la.jpg\" \/>\n\t<meta property=\"og:image:width\" content=\"1280\" \/>\n\t<meta property=\"og:image:height\" content=\"1280\" \/>\n\t<meta property=\"og:image:type\" content=\"image\/jpeg\" \/>\n<meta name=\"author\" content=\"Javier Figueroa\" \/>\n<meta name=\"twitter:card\" content=\"summary_large_image\" \/>\n<meta name=\"twitter:label1\" content=\"Escrito por\" \/>\n\t<meta name=\"twitter:data1\" content=\"Javier Figueroa\" \/>\n\t<meta name=\"twitter:label2\" content=\"Tiempo de lectura\" \/>\n\t<meta name=\"twitter:data2\" content=\"2 minutos\" \/>\n<script type=\"application\/ld+json\" class=\"yoast-schema-graph\">{\"@context\":\"https:\/\/schema.org\",\"@graph\":[{\"@type\":\"Article\",\"@id\":\"https:\/\/web.consaguirre.com.ar\/noticias\/the-tokyo-blues-de-horace-silver-se-une-a-la-serie-tone-poet-de-blue-note\/#article\",\"isPartOf\":{\"@id\":\"https:\/\/web.consaguirre.com.ar\/noticias\/the-tokyo-blues-de-horace-silver-se-une-a-la-serie-tone-poet-de-blue-note\/\"},\"author\":{\"name\":\"Javier Figueroa\",\"@id\":\"https:\/\/web.consaguirre.com.ar\/noticias\/#\/schema\/person\/6558b0cfedee7ddc5425602b237d5722\"},\"headline\":\"&#8216;The Tokyo Blues&#8217; de Horace Silver se une a la serie Tone Poet de Blue Note\",\"datePublished\":\"2025-06-09T18:40:14+00:00\",\"dateModified\":\"2025-06-09T18:40:16+00:00\",\"mainEntityOfPage\":{\"@id\":\"https:\/\/web.consaguirre.com.ar\/noticias\/the-tokyo-blues-de-horace-silver-se-une-a-la-serie-tone-poet-de-blue-note\/\"},\"wordCount\":368,\"publisher\":{\"@id\":\"https:\/\/web.consaguirre.com.ar\/noticias\/#organization\"},\"image\":{\"@id\":\"https:\/\/web.consaguirre.com.ar\/noticias\/the-tokyo-blues-de-horace-silver-se-une-a-la-serie-tone-poet-de-blue-note\/#primaryimage\"},\"thumbnailUrl\":\"https:\/\/web.consaguirre.com.ar\/noticias\/wp-content\/uploads\/2025\/06\/The-Tokyo-Blues-de-Horace-Silver-se-une-a-la.jpg\",\"keywords\":[\"Blue\",\"Blues\",\"Horace\",\"Note\",\"Poet\",\"serie\",\"Silver\",\"Tokyo\",\"Tone\",\"une\"],\"articleSection\":[\"El \u00faltimo\"],\"inLanguage\":\"es-AR\"},{\"@type\":\"WebPage\",\"@id\":\"https:\/\/web.consaguirre.com.ar\/noticias\/the-tokyo-blues-de-horace-silver-se-une-a-la-serie-tone-poet-de-blue-note\/\",\"url\":\"https:\/\/web.consaguirre.com.ar\/noticias\/the-tokyo-blues-de-horace-silver-se-une-a-la-serie-tone-poet-de-blue-note\/\",\"name\":\"'The Tokyo Blues' de Horace Silver se une a la serie Tone Poet de Blue Note\",\"isPartOf\":{\"@id\":\"https:\/\/web.consaguirre.com.ar\/noticias\/#website\"},\"primaryImageOfPage\":{\"@id\":\"https:\/\/web.consaguirre.com.ar\/noticias\/the-tokyo-blues-de-horace-silver-se-une-a-la-serie-tone-poet-de-blue-note\/#primaryimage\"},\"image\":{\"@id\":\"https:\/\/web.consaguirre.com.ar\/noticias\/the-tokyo-blues-de-horace-silver-se-une-a-la-serie-tone-poet-de-blue-note\/#primaryimage\"},\"thumbnailUrl\":\"https:\/\/web.consaguirre.com.ar\/noticias\/wp-content\/uploads\/2025\/06\/The-Tokyo-Blues-de-Horace-Silver-se-une-a-la.jpg\",\"datePublished\":\"2025-06-09T18:40:14+00:00\",\"dateModified\":\"2025-06-09T18:40:16+00:00\",\"breadcrumb\":{\"@id\":\"https:\/\/web.consaguirre.com.ar\/noticias\/the-tokyo-blues-de-horace-silver-se-une-a-la-serie-tone-poet-de-blue-note\/#breadcrumb\"},\"inLanguage\":\"es-AR\",\"potentialAction\":[{\"@type\":\"ReadAction\",\"target\":[\"https:\/\/web.consaguirre.com.ar\/noticias\/the-tokyo-blues-de-horace-silver-se-une-a-la-serie-tone-poet-de-blue-note\/\"]}]},{\"@type\":\"ImageObject\",\"inLanguage\":\"es-AR\",\"@id\":\"https:\/\/web.consaguirre.com.ar\/noticias\/the-tokyo-blues-de-horace-silver-se-une-a-la-serie-tone-poet-de-blue-note\/#primaryimage\",\"url\":\"https:\/\/web.consaguirre.com.ar\/noticias\/wp-content\/uploads\/2025\/06\/The-Tokyo-Blues-de-Horace-Silver-se-une-a-la.jpg\",\"contentUrl\":\"https:\/\/web.consaguirre.com.ar\/noticias\/wp-content\/uploads\/2025\/06\/The-Tokyo-Blues-de-Horace-Silver-se-une-a-la.jpg\",\"width\":1280,\"height\":1280,\"caption\":\"'The Tokyo Blues' de Horace Silver se une a la serie Tone Poet de Blue Note\"},{\"@type\":\"BreadcrumbList\",\"@id\":\"https:\/\/web.consaguirre.com.ar\/noticias\/the-tokyo-blues-de-horace-silver-se-une-a-la-serie-tone-poet-de-blue-note\/#breadcrumb\",\"itemListElement\":[{\"@type\":\"ListItem\",\"position\":1,\"name\":\"Inicio\",\"item\":\"https:\/\/web.consaguirre.com.ar\/noticias\/\"},{\"@type\":\"ListItem\",\"position\":2,\"name\":\"&#8216;The Tokyo Blues&#8217; de Horace Silver se une a la serie Tone Poet de Blue Note\"}]},{\"@type\":\"WebSite\",\"@id\":\"https:\/\/web.consaguirre.com.ar\/noticias\/#website\",\"url\":\"https:\/\/web.consaguirre.com.ar\/noticias\/\",\"name\":\"Conservatorio de M\u00fasica Juli\u00e1n Aguirre\",\"description\":\"\",\"publisher\":{\"@id\":\"https:\/\/web.consaguirre.com.ar\/noticias\/#organization\"},\"potentialAction\":[{\"@type\":\"SearchAction\",\"target\":{\"@type\":\"EntryPoint\",\"urlTemplate\":\"https:\/\/web.consaguirre.com.ar\/noticias\/?s={search_term_string}\"},\"query-input\":\"required name=search_term_string\"}],\"inLanguage\":\"es-AR\"},{\"@type\":\"Organization\",\"@id\":\"https:\/\/web.consaguirre.com.ar\/noticias\/#organization\",\"name\":\"Conservatorio de M\u00fasica Juli\u00e1n Aguirre\",\"url\":\"https:\/\/web.consaguirre.com.ar\/noticias\/\",\"logo\":{\"@type\":\"ImageObject\",\"inLanguage\":\"es-AR\",\"@id\":\"https:\/\/web.consaguirre.com.ar\/noticias\/#\/schema\/logo\/image\/\",\"url\":\"https:\/\/web.consaguirre.com.ar\/noticias\/wp-content\/uploads\/2024\/08\/Banner-Aguirre-23.jpg\",\"contentUrl\":\"https:\/\/web.consaguirre.com.ar\/noticias\/wp-content\/uploads\/2024\/08\/Banner-Aguirre-23.jpg\",\"width\":1192,\"height\":600,\"caption\":\"Conservatorio de M\u00fasica Juli\u00e1n Aguirre\"},\"image\":{\"@id\":\"https:\/\/web.consaguirre.com.ar\/noticias\/#\/schema\/logo\/image\/\"}},{\"@type\":\"Person\",\"@id\":\"https:\/\/web.consaguirre.com.ar\/noticias\/#\/schema\/person\/6558b0cfedee7ddc5425602b237d5722\",\"name\":\"Javier Figueroa\",\"image\":{\"@type\":\"ImageObject\",\"inLanguage\":\"es-AR\",\"@id\":\"https:\/\/web.consaguirre.com.ar\/noticias\/#\/schema\/person\/image\/\",\"url\":\"https:\/\/web.consaguirre.com.ar\/noticias\/wp-content\/uploads\/2024\/08\/Consaguirre-scaled.jpg\",\"contentUrl\":\"https:\/\/web.consaguirre.com.ar\/noticias\/wp-content\/uploads\/2024\/08\/Consaguirre-scaled.jpg\",\"caption\":\"Javier Figueroa\"},\"description\":\"Me llamo Javier Figueroa y soy redactor para el sitio oficial del Conservatorio de M\u00fasica Juli\u00e1n Aguirre en Buenos Aires, consaguirre.com. Apasionado por la m\u00fasica y la escritura, me esfuerzo por destacar los talentos y eventos de nuestra prestigiosa instituci\u00f3n. Mi trayectoria se nutre de una profunda admiraci\u00f3n por los artistas, haciendo de cada art\u00edculo una celebraci\u00f3n de la creatividad y la cultura musical.\",\"sameAs\":[\"https:\/\/web.consaguirre.com.ar\/noticias\"]}]}<\/script>\n<!-- \/ Yoast SEO plugin. -->","yoast_head_json":{"title":"'The Tokyo Blues' de Horace Silver se une a la serie Tone Poet de Blue Note","robots":{"index":"index","follow":"follow","max-snippet":"max-snippet:-1","max-image-preview":"max-image-preview:large","max-video-preview":"max-video-preview:-1"},"canonical":"https:\/\/web.consaguirre.com.ar\/noticias\/the-tokyo-blues-de-horace-silver-se-une-a-la-serie-tone-poet-de-blue-note\/","og_locale":"es_ES","og_type":"article","og_title":"'The Tokyo Blues' de Horace Silver se une a la serie Tone Poet de Blue Note","og_description":"Horacio de plata&#8216;S Classic El blues de Tokio se est\u00e1 lanzando en Vinyl como parte de la serie Tone Poet de Blue Note Records. Lanzado","og_url":"https:\/\/web.consaguirre.com.ar\/noticias\/the-tokyo-blues-de-horace-silver-se-une-a-la-serie-tone-poet-de-blue-note\/","og_site_name":"Conservatorio de M\u00fasica Juli\u00e1n Aguirre","article_published_time":"2025-06-09T18:40:14+00:00","article_modified_time":"2025-06-09T18:40:16+00:00","og_image":[{"width":1280,"height":1280,"url":"https:\/\/web.consaguirre.com.ar\/noticias\/wp-content\/uploads\/2025\/06\/The-Tokyo-Blues-de-Horace-Silver-se-une-a-la.jpg","type":"image\/jpeg"}],"author":"Javier Figueroa","twitter_card":"summary_large_image","twitter_misc":{"Escrito por":"Javier Figueroa","Tiempo de lectura":"2 minutos"},"schema":{"@context":"https:\/\/schema.org","@graph":[{"@type":"Article","@id":"https:\/\/web.consaguirre.com.ar\/noticias\/the-tokyo-blues-de-horace-silver-se-une-a-la-serie-tone-poet-de-blue-note\/#article","isPartOf":{"@id":"https:\/\/web.consaguirre.com.ar\/noticias\/the-tokyo-blues-de-horace-silver-se-une-a-la-serie-tone-poet-de-blue-note\/"},"author":{"name":"Javier Figueroa","@id":"https:\/\/web.consaguirre.com.ar\/noticias\/#\/schema\/person\/6558b0cfedee7ddc5425602b237d5722"},"headline":"&#8216;The Tokyo Blues&#8217; de Horace Silver se une a la serie Tone Poet de Blue Note","datePublished":"2025-06-09T18:40:14+00:00","dateModified":"2025-06-09T18:40:16+00:00","mainEntityOfPage":{"@id":"https:\/\/web.consaguirre.com.ar\/noticias\/the-tokyo-blues-de-horace-silver-se-une-a-la-serie-tone-poet-de-blue-note\/"},"wordCount":368,"publisher":{"@id":"https:\/\/web.consaguirre.com.ar\/noticias\/#organization"},"image":{"@id":"https:\/\/web.consaguirre.com.ar\/noticias\/the-tokyo-blues-de-horace-silver-se-une-a-la-serie-tone-poet-de-blue-note\/#primaryimage"},"thumbnailUrl":"https:\/\/web.consaguirre.com.ar\/noticias\/wp-content\/uploads\/2025\/06\/The-Tokyo-Blues-de-Horace-Silver-se-une-a-la.jpg","keywords":["Blue","Blues","Horace","Note","Poet","serie","Silver","Tokyo","Tone","une"],"articleSection":["El \u00faltimo"],"inLanguage":"es-AR"},{"@type":"WebPage","@id":"https:\/\/web.consaguirre.com.ar\/noticias\/the-tokyo-blues-de-horace-silver-se-une-a-la-serie-tone-poet-de-blue-note\/","url":"https:\/\/web.consaguirre.com.ar\/noticias\/the-tokyo-blues-de-horace-silver-se-une-a-la-serie-tone-poet-de-blue-note\/","name":"'The Tokyo Blues' de Horace Silver se une a la serie Tone Poet de Blue Note","isPartOf":{"@id":"https:\/\/web.consaguirre.com.ar\/noticias\/#website"},"primaryImageOfPage":{"@id":"https:\/\/web.consaguirre.com.ar\/noticias\/the-tokyo-blues-de-horace-silver-se-une-a-la-serie-tone-poet-de-blue-note\/#primaryimage"},"image":{"@id":"https:\/\/web.consaguirre.com.ar\/noticias\/the-tokyo-blues-de-horace-silver-se-une-a-la-serie-tone-poet-de-blue-note\/#primaryimage"},"thumbnailUrl":"https:\/\/web.consaguirre.com.ar\/noticias\/wp-content\/uploads\/2025\/06\/The-Tokyo-Blues-de-Horace-Silver-se-une-a-la.jpg","datePublished":"2025-06-09T18:40:14+00:00","dateModified":"2025-06-09T18:40:16+00:00","breadcrumb":{"@id":"https:\/\/web.consaguirre.com.ar\/noticias\/the-tokyo-blues-de-horace-silver-se-une-a-la-serie-tone-poet-de-blue-note\/#breadcrumb"},"inLanguage":"es-AR","potentialAction":[{"@type":"ReadAction","target":["https:\/\/web.consaguirre.com.ar\/noticias\/the-tokyo-blues-de-horace-silver-se-une-a-la-serie-tone-poet-de-blue-note\/"]}]},{"@type":"ImageObject","inLanguage":"es-AR","@id":"https:\/\/web.consaguirre.com.ar\/noticias\/the-tokyo-blues-de-horace-silver-se-une-a-la-serie-tone-poet-de-blue-note\/#primaryimage","url":"https:\/\/web.consaguirre.com.ar\/noticias\/wp-content\/uploads\/2025\/06\/The-Tokyo-Blues-de-Horace-Silver-se-une-a-la.jpg","contentUrl":"https:\/\/web.consaguirre.com.ar\/noticias\/wp-content\/uploads\/2025\/06\/The-Tokyo-Blues-de-Horace-Silver-se-une-a-la.jpg","width":1280,"height":1280,"caption":"'The Tokyo Blues' de Horace Silver se une a la serie Tone Poet de Blue Note"},{"@type":"BreadcrumbList","@id":"https:\/\/web.consaguirre.com.ar\/noticias\/the-tokyo-blues-de-horace-silver-se-une-a-la-serie-tone-poet-de-blue-note\/#breadcrumb","itemListElement":[{"@type":"ListItem","position":1,"name":"Inicio","item":"https:\/\/web.consaguirre.com.ar\/noticias\/"},{"@type":"ListItem","position":2,"name":"&#8216;The Tokyo Blues&#8217; de Horace Silver se une a la serie Tone Poet de Blue Note"}]},{"@type":"WebSite","@id":"https:\/\/web.consaguirre.com.ar\/noticias\/#website","url":"https:\/\/web.consaguirre.com.ar\/noticias\/","name":"Conservatorio de M\u00fasica Juli\u00e1n Aguirre","description":"","publisher":{"@id":"https:\/\/web.consaguirre.com.ar\/noticias\/#organization"},"potentialAction":[{"@type":"SearchAction","target":{"@type":"EntryPoint","urlTemplate":"https:\/\/web.consaguirre.com.ar\/noticias\/?s={search_term_string}"},"query-input":"required name=search_term_string"}],"inLanguage":"es-AR"},{"@type":"Organization","@id":"https:\/\/web.consaguirre.com.ar\/noticias\/#organization","name":"Conservatorio de M\u00fasica Juli\u00e1n Aguirre","url":"https:\/\/web.consaguirre.com.ar\/noticias\/","logo":{"@type":"ImageObject","inLanguage":"es-AR","@id":"https:\/\/web.consaguirre.com.ar\/noticias\/#\/schema\/logo\/image\/","url":"https:\/\/web.consaguirre.com.ar\/noticias\/wp-content\/uploads\/2024\/08\/Banner-Aguirre-23.jpg","contentUrl":"https:\/\/web.consaguirre.com.ar\/noticias\/wp-content\/uploads\/2024\/08\/Banner-Aguirre-23.jpg","width":1192,"height":600,"caption":"Conservatorio de M\u00fasica Juli\u00e1n Aguirre"},"image":{"@id":"https:\/\/web.consaguirre.com.ar\/noticias\/#\/schema\/logo\/image\/"}},{"@type":"Person","@id":"https:\/\/web.consaguirre.com.ar\/noticias\/#\/schema\/person\/6558b0cfedee7ddc5425602b237d5722","name":"Javier Figueroa","image":{"@type":"ImageObject","inLanguage":"es-AR","@id":"https:\/\/web.consaguirre.com.ar\/noticias\/#\/schema\/person\/image\/","url":"https:\/\/web.consaguirre.com.ar\/noticias\/wp-content\/uploads\/2024\/08\/Consaguirre-scaled.jpg","contentUrl":"https:\/\/web.consaguirre.com.ar\/noticias\/wp-content\/uploads\/2024\/08\/Consaguirre-scaled.jpg","caption":"Javier Figueroa"},"description":"Me llamo Javier Figueroa y soy redactor para el sitio oficial del Conservatorio de M\u00fasica Juli\u00e1n Aguirre en Buenos Aires, consaguirre.com. Apasionado por la m\u00fasica y la escritura, me esfuerzo por destacar los talentos y eventos de nuestra prestigiosa instituci\u00f3n. Mi trayectoria se nutre de una profunda admiraci\u00f3n por los artistas, haciendo de cada art\u00edculo una celebraci\u00f3n de la creatividad y la cultura musical.","sameAs":["https:\/\/web.consaguirre.com.ar\/noticias"]}]}},"_links":{"self":[{"href":"https:\/\/web.consaguirre.com.ar\/noticias\/wp-json\/wp\/v2\/posts\/2858"}],"collection":[{"href":"https:\/\/web.consaguirre.com.ar\/noticias\/wp-json\/wp\/v2\/posts"}],"about":[{"href":"https:\/\/web.consaguirre.com.ar\/noticias\/wp-json\/wp\/v2\/types\/post"}],"author":[{"embeddable":true,"href":"https:\/\/web.consaguirre.com.ar\/noticias\/wp-json\/wp\/v2\/users\/1"}],"replies":[{"embeddable":true,"href":"https:\/\/web.consaguirre.com.ar\/noticias\/wp-json\/wp\/v2\/comments?post=2858"}],"version-history":[{"count":1,"href":"https:\/\/web.consaguirre.com.ar\/noticias\/wp-json\/wp\/v2\/posts\/2858\/revisions"}],"predecessor-version":[{"id":2860,"href":"https:\/\/web.consaguirre.com.ar\/noticias\/wp-json\/wp\/v2\/posts\/2858\/revisions\/2860"}],"wp:featuredmedia":[{"embeddable":true,"href":"https:\/\/web.consaguirre.com.ar\/noticias\/wp-json\/wp\/v2\/media\/2859"}],"wp:attachment":[{"href":"https:\/\/web.consaguirre.com.ar\/noticias\/wp-json\/wp\/v2\/media?parent=2858"}],"wp:term":[{"taxonomy":"category","embeddable":true,"href":"https:\/\/web.consaguirre.com.ar\/noticias\/wp-json\/wp\/v2\/categories?post=2858"},{"taxonomy":"post_tag","embeddable":true,"href":"https:\/\/web.consaguirre.com.ar\/noticias\/wp-json\/wp\/v2\/tags?post=2858"}],"curies":[{"name":"wp","href":"https:\/\/api.w.org\/{rel}","templated":true}]}}