{"id":2854,"date":"2025-06-06T21:39:29","date_gmt":"2025-06-07T00:39:29","guid":{"rendered":"https:\/\/web.consaguirre.com.ar\/noticias\/los-himnos-urbanos-del-verse-estan-volviendo-al-vinilo\/"},"modified":"2025-06-06T21:39:31","modified_gmt":"2025-06-07T00:39:31","slug":"los-himnos-urbanos-del-verse-estan-volviendo-al-vinilo","status":"publish","type":"post","link":"https:\/\/web.consaguirre.com.ar\/noticias\/los-himnos-urbanos-del-verse-estan-volviendo-al-vinilo\/","title":{"rendered":"Los &#8216;himnos urbanos&#8217; del verse est\u00e1n volviendo al vinilo"},"content":{"rendered":"<p><strong>El encendido<\/strong>&#8216;S Classic <strong><em>Himnos urbanos<\/em><\/strong>  El \u00e1lbum est\u00e1 listo para volver a Vinyl, con el pedido anticipado disponible como un 2-LP presionando el 6 de junio.<\/p>\n<p>Lanzado originalmente en septiembre de 1997, el tercer \u00e1lbum de estudio del grupo de rock de Londres se\u00f1al\u00f3 su reuni\u00f3n despu\u00e9s de una ruptura durante la promoci\u00f3n de 1995 <em>Un alma del norte<\/em>. Con la adici\u00f3n de guitarrista y tecladista Simon Tong, <em>Himnos urbanos<\/em> es uno de los \u00e1lbumes seminales de los a\u00f1os 90.<\/p>\n<p>El \u00e1lbum presentaba cinco singles: &#8220;The Drugs Don&#8217;t Work&#8221;, &#8220;Lucky Man&#8221;, &#8220;Sonnet&#8221;, &#8220;The Rolling People&#8221; y &#8220;Bitter Sweet Symphony&#8221;. Su canci\u00f3n exclusiva, &#8220;Bitter Sweet Symphony&#8221; alcanz\u00f3 el n\u00famero 2 y el n\u00famero 12 en la lista de singles del Reino Unido y en la Billboard Hot 100 de EE. UU., Respectivamente. El sencillo recibi\u00f3 nominaciones al mejor sencillo brit\u00e1nico en los Brit Awards de 1998 y la mejor canci\u00f3n de rock en los Premios Grammy de 1999, y fue utilizado como la dram\u00e1tica pista de cierre para 1999 <em>Intenciones crueles<\/em> pel\u00edcula.<\/p>\n<div class=\"uD-YT-container\"><img decoding=\"async\" src=\"https:\/\/web.consaguirre.com.ar\/noticias\/wp-content\/uploads\/2025\/06\/1749256769_215_Los-himnos-urbanos-del-verse-estan-volviendo-al-vinilo.jpg\" alt=\"Video de YouTube\"><br \/>Haga clic para cargar video<\/div>\n<p><em>Himnos urbanos<\/em> Duplic\u00f3 como un disco brit\u00e1nico cl\u00e1sico de todos los tiempos y el proyecto m\u00e1s exitoso del grupo, encabezando las listas en Irlanda, Nueva Zelanda, Suecia y su Reino Unido natal. El \u00e1lbum tambi\u00e9n se convirti\u00f3 en el quinto \u00e1lbum m\u00e1s vendido en el Reino Unido y est\u00e1 certificado 11 veces platino por la industria fonogr\u00e1fica brit\u00e1nica.<\/p>\n<p>R\u00e1pidamente despu\u00e9s de su pico comercial, The Verve se disolvi\u00f3 en 1999. La banda luego se reuni\u00f3 en 2007, lanzando su cuarto \u00e1lbum <em>Adelante<\/em> en 2008 antes de romper por tercera vez el a\u00f1o siguiente. En enero, la banda celebr\u00f3 el vig\u00e9simo aniversario de su mejor colecci\u00f3n de \u00e9xitos, <em>Esto es m\u00fasica: los singles<\/em>con una primera liberaci\u00f3n de vinilo.<\/p>\n<p>El fundador y cantante principal de The Verve, <strong>Richard Ashcroft<\/strong>se convirti\u00f3 en un acto en solitario en 2000. Recientemente lanz\u00f3 el sencillo &#8220;Lover&#8221;, su primera m\u00fasica nueva desde 2018 <em>Rebelde natural<\/em> \u00e1lbum. Ashcroft tambi\u00e9n se unir\u00e1 a Oasis en sus fechas de gira de reuni\u00f3n en el Reino Unido e Irlanda, que comienza el 4 de julio.<\/p>\n<p><strong>Compra el verse <em>Himnos urbanos<\/em> en vinilo ahora.<\/strong><\/p>\n","protected":false},"excerpt":{"rendered":"<p>El encendido&#8216;S Classic Himnos urbanos El \u00e1lbum est\u00e1 listo para volver a Vinyl, con el pedido anticipado disponible como un 2-LP presionando el 6 de<\/p>\n","protected":false},"author":1,"featured_media":2855,"comment_status":"closed","ping_status":"","sticky":false,"template":"","format":"standard","meta":{"footnotes":""},"categories":[50],"tags":[10,2651,2648,180,2649,2650,87,2652],"class_list":["post-2854","post","type-post","status-publish","format-standard","has-post-thumbnail","hentry","category-el-ultimo","tag-del","tag-estan","tag-himnos","tag-los","tag-urbanos","tag-verse","tag-vinilo","tag-volviendo","generate-columns","tablet-grid-50","mobile-grid-100","grid-parent","grid-50"],"yoast_head":"<!-- This site is optimized with the Yoast SEO plugin v23.3 - https:\/\/yoast.com\/wordpress\/plugins\/seo\/ -->\n<title>Los &#039;himnos urbanos&#039; del verse est\u00e1n volviendo al vinilo<\/title>\n<meta name=\"robots\" content=\"index, follow, max-snippet:-1, max-image-preview:large, max-video-preview:-1\" \/>\n<link rel=\"canonical\" href=\"https:\/\/web.consaguirre.com.ar\/noticias\/los-himnos-urbanos-del-verse-estan-volviendo-al-vinilo\/\" \/>\n<meta property=\"og:locale\" content=\"es_ES\" \/>\n<meta property=\"og:type\" content=\"article\" \/>\n<meta property=\"og:title\" content=\"Los &#039;himnos urbanos&#039; del verse est\u00e1n volviendo al vinilo\" \/>\n<meta property=\"og:description\" content=\"El encendido&#8216;S Classic Himnos urbanos El \u00e1lbum est\u00e1 listo para volver a Vinyl, con el pedido anticipado disponible como un 2-LP presionando el 6 de\" \/>\n<meta property=\"og:url\" content=\"https:\/\/web.consaguirre.com.ar\/noticias\/los-himnos-urbanos-del-verse-estan-volviendo-al-vinilo\/\" \/>\n<meta property=\"og:site_name\" content=\"Conservatorio de M\u00fasica Juli\u00e1n Aguirre\" \/>\n<meta property=\"article:published_time\" content=\"2025-06-07T00:39:29+00:00\" \/>\n<meta property=\"article:modified_time\" content=\"2025-06-07T00:39:31+00:00\" \/>\n<meta property=\"og:image\" content=\"https:\/\/web.consaguirre.com.ar\/noticias\/wp-content\/uploads\/2025\/06\/Los-himnos-urbanos-del-verse-estan-volviendo-al-vinilo.jpg\" \/>\n\t<meta property=\"og:image:width\" content=\"1280\" \/>\n\t<meta property=\"og:image:height\" content=\"1280\" \/>\n\t<meta property=\"og:image:type\" content=\"image\/jpeg\" \/>\n<meta name=\"author\" content=\"Javier Figueroa\" \/>\n<meta name=\"twitter:card\" content=\"summary_large_image\" \/>\n<meta name=\"twitter:label1\" content=\"Escrito por\" \/>\n\t<meta name=\"twitter:data1\" content=\"Javier Figueroa\" \/>\n\t<meta name=\"twitter:label2\" content=\"Tiempo de lectura\" \/>\n\t<meta name=\"twitter:data2\" content=\"2 minutos\" \/>\n<script type=\"application\/ld+json\" class=\"yoast-schema-graph\">{\"@context\":\"https:\/\/schema.org\",\"@graph\":[{\"@type\":\"Article\",\"@id\":\"https:\/\/web.consaguirre.com.ar\/noticias\/los-himnos-urbanos-del-verse-estan-volviendo-al-vinilo\/#article\",\"isPartOf\":{\"@id\":\"https:\/\/web.consaguirre.com.ar\/noticias\/los-himnos-urbanos-del-verse-estan-volviendo-al-vinilo\/\"},\"author\":{\"name\":\"Javier Figueroa\",\"@id\":\"https:\/\/web.consaguirre.com.ar\/noticias\/#\/schema\/person\/6558b0cfedee7ddc5425602b237d5722\"},\"headline\":\"Los &#8216;himnos urbanos&#8217; del verse est\u00e1n volviendo al vinilo\",\"datePublished\":\"2025-06-07T00:39:29+00:00\",\"dateModified\":\"2025-06-07T00:39:31+00:00\",\"mainEntityOfPage\":{\"@id\":\"https:\/\/web.consaguirre.com.ar\/noticias\/los-himnos-urbanos-del-verse-estan-volviendo-al-vinilo\/\"},\"wordCount\":383,\"publisher\":{\"@id\":\"https:\/\/web.consaguirre.com.ar\/noticias\/#organization\"},\"image\":{\"@id\":\"https:\/\/web.consaguirre.com.ar\/noticias\/los-himnos-urbanos-del-verse-estan-volviendo-al-vinilo\/#primaryimage\"},\"thumbnailUrl\":\"https:\/\/web.consaguirre.com.ar\/noticias\/wp-content\/uploads\/2025\/06\/Los-himnos-urbanos-del-verse-estan-volviendo-al-vinilo.jpg\",\"keywords\":[\"del\",\"est\u00e1n\",\"himnos\",\"los\",\"urbanos\",\"verse\",\"vinilo\",\"volviendo\"],\"articleSection\":[\"El \u00faltimo\"],\"inLanguage\":\"es-AR\"},{\"@type\":\"WebPage\",\"@id\":\"https:\/\/web.consaguirre.com.ar\/noticias\/los-himnos-urbanos-del-verse-estan-volviendo-al-vinilo\/\",\"url\":\"https:\/\/web.consaguirre.com.ar\/noticias\/los-himnos-urbanos-del-verse-estan-volviendo-al-vinilo\/\",\"name\":\"Los 'himnos urbanos' del verse est\u00e1n volviendo al vinilo\",\"isPartOf\":{\"@id\":\"https:\/\/web.consaguirre.com.ar\/noticias\/#website\"},\"primaryImageOfPage\":{\"@id\":\"https:\/\/web.consaguirre.com.ar\/noticias\/los-himnos-urbanos-del-verse-estan-volviendo-al-vinilo\/#primaryimage\"},\"image\":{\"@id\":\"https:\/\/web.consaguirre.com.ar\/noticias\/los-himnos-urbanos-del-verse-estan-volviendo-al-vinilo\/#primaryimage\"},\"thumbnailUrl\":\"https:\/\/web.consaguirre.com.ar\/noticias\/wp-content\/uploads\/2025\/06\/Los-himnos-urbanos-del-verse-estan-volviendo-al-vinilo.jpg\",\"datePublished\":\"2025-06-07T00:39:29+00:00\",\"dateModified\":\"2025-06-07T00:39:31+00:00\",\"breadcrumb\":{\"@id\":\"https:\/\/web.consaguirre.com.ar\/noticias\/los-himnos-urbanos-del-verse-estan-volviendo-al-vinilo\/#breadcrumb\"},\"inLanguage\":\"es-AR\",\"potentialAction\":[{\"@type\":\"ReadAction\",\"target\":[\"https:\/\/web.consaguirre.com.ar\/noticias\/los-himnos-urbanos-del-verse-estan-volviendo-al-vinilo\/\"]}]},{\"@type\":\"ImageObject\",\"inLanguage\":\"es-AR\",\"@id\":\"https:\/\/web.consaguirre.com.ar\/noticias\/los-himnos-urbanos-del-verse-estan-volviendo-al-vinilo\/#primaryimage\",\"url\":\"https:\/\/web.consaguirre.com.ar\/noticias\/wp-content\/uploads\/2025\/06\/Los-himnos-urbanos-del-verse-estan-volviendo-al-vinilo.jpg\",\"contentUrl\":\"https:\/\/web.consaguirre.com.ar\/noticias\/wp-content\/uploads\/2025\/06\/Los-himnos-urbanos-del-verse-estan-volviendo-al-vinilo.jpg\",\"width\":1280,\"height\":1280,\"caption\":\"Los 'himnos urbanos' del verse est\u00e1n volviendo al vinilo\"},{\"@type\":\"BreadcrumbList\",\"@id\":\"https:\/\/web.consaguirre.com.ar\/noticias\/los-himnos-urbanos-del-verse-estan-volviendo-al-vinilo\/#breadcrumb\",\"itemListElement\":[{\"@type\":\"ListItem\",\"position\":1,\"name\":\"Inicio\",\"item\":\"https:\/\/web.consaguirre.com.ar\/noticias\/\"},{\"@type\":\"ListItem\",\"position\":2,\"name\":\"Los &#8216;himnos urbanos&#8217; del verse est\u00e1n volviendo al vinilo\"}]},{\"@type\":\"WebSite\",\"@id\":\"https:\/\/web.consaguirre.com.ar\/noticias\/#website\",\"url\":\"https:\/\/web.consaguirre.com.ar\/noticias\/\",\"name\":\"Conservatorio de M\u00fasica Juli\u00e1n Aguirre\",\"description\":\"\",\"publisher\":{\"@id\":\"https:\/\/web.consaguirre.com.ar\/noticias\/#organization\"},\"potentialAction\":[{\"@type\":\"SearchAction\",\"target\":{\"@type\":\"EntryPoint\",\"urlTemplate\":\"https:\/\/web.consaguirre.com.ar\/noticias\/?s={search_term_string}\"},\"query-input\":\"required name=search_term_string\"}],\"inLanguage\":\"es-AR\"},{\"@type\":\"Organization\",\"@id\":\"https:\/\/web.consaguirre.com.ar\/noticias\/#organization\",\"name\":\"Conservatorio de M\u00fasica Juli\u00e1n Aguirre\",\"url\":\"https:\/\/web.consaguirre.com.ar\/noticias\/\",\"logo\":{\"@type\":\"ImageObject\",\"inLanguage\":\"es-AR\",\"@id\":\"https:\/\/web.consaguirre.com.ar\/noticias\/#\/schema\/logo\/image\/\",\"url\":\"https:\/\/web.consaguirre.com.ar\/noticias\/wp-content\/uploads\/2024\/08\/Banner-Aguirre-23.jpg\",\"contentUrl\":\"https:\/\/web.consaguirre.com.ar\/noticias\/wp-content\/uploads\/2024\/08\/Banner-Aguirre-23.jpg\",\"width\":1192,\"height\":600,\"caption\":\"Conservatorio de M\u00fasica Juli\u00e1n Aguirre\"},\"image\":{\"@id\":\"https:\/\/web.consaguirre.com.ar\/noticias\/#\/schema\/logo\/image\/\"}},{\"@type\":\"Person\",\"@id\":\"https:\/\/web.consaguirre.com.ar\/noticias\/#\/schema\/person\/6558b0cfedee7ddc5425602b237d5722\",\"name\":\"Javier Figueroa\",\"image\":{\"@type\":\"ImageObject\",\"inLanguage\":\"es-AR\",\"@id\":\"https:\/\/web.consaguirre.com.ar\/noticias\/#\/schema\/person\/image\/\",\"url\":\"https:\/\/web.consaguirre.com.ar\/noticias\/wp-content\/uploads\/2024\/08\/Consaguirre-scaled.jpg\",\"contentUrl\":\"https:\/\/web.consaguirre.com.ar\/noticias\/wp-content\/uploads\/2024\/08\/Consaguirre-scaled.jpg\",\"caption\":\"Javier Figueroa\"},\"description\":\"Me llamo Javier Figueroa y soy redactor para el sitio oficial del Conservatorio de M\u00fasica Juli\u00e1n Aguirre en Buenos Aires, consaguirre.com. Apasionado por la m\u00fasica y la escritura, me esfuerzo por destacar los talentos y eventos de nuestra prestigiosa instituci\u00f3n. Mi trayectoria se nutre de una profunda admiraci\u00f3n por los artistas, haciendo de cada art\u00edculo una celebraci\u00f3n de la creatividad y la cultura musical.\",\"sameAs\":[\"https:\/\/web.consaguirre.com.ar\/noticias\"]}]}<\/script>\n<!-- \/ Yoast SEO plugin. -->","yoast_head_json":{"title":"Los 'himnos urbanos' del verse est\u00e1n volviendo al vinilo","robots":{"index":"index","follow":"follow","max-snippet":"max-snippet:-1","max-image-preview":"max-image-preview:large","max-video-preview":"max-video-preview:-1"},"canonical":"https:\/\/web.consaguirre.com.ar\/noticias\/los-himnos-urbanos-del-verse-estan-volviendo-al-vinilo\/","og_locale":"es_ES","og_type":"article","og_title":"Los 'himnos urbanos' del verse est\u00e1n volviendo al vinilo","og_description":"El encendido&#8216;S Classic Himnos urbanos El \u00e1lbum est\u00e1 listo para volver a Vinyl, con el pedido anticipado disponible como un 2-LP presionando el 6 de","og_url":"https:\/\/web.consaguirre.com.ar\/noticias\/los-himnos-urbanos-del-verse-estan-volviendo-al-vinilo\/","og_site_name":"Conservatorio de M\u00fasica Juli\u00e1n Aguirre","article_published_time":"2025-06-07T00:39:29+00:00","article_modified_time":"2025-06-07T00:39:31+00:00","og_image":[{"width":1280,"height":1280,"url":"https:\/\/web.consaguirre.com.ar\/noticias\/wp-content\/uploads\/2025\/06\/Los-himnos-urbanos-del-verse-estan-volviendo-al-vinilo.jpg","type":"image\/jpeg"}],"author":"Javier Figueroa","twitter_card":"summary_large_image","twitter_misc":{"Escrito por":"Javier Figueroa","Tiempo de lectura":"2 minutos"},"schema":{"@context":"https:\/\/schema.org","@graph":[{"@type":"Article","@id":"https:\/\/web.consaguirre.com.ar\/noticias\/los-himnos-urbanos-del-verse-estan-volviendo-al-vinilo\/#article","isPartOf":{"@id":"https:\/\/web.consaguirre.com.ar\/noticias\/los-himnos-urbanos-del-verse-estan-volviendo-al-vinilo\/"},"author":{"name":"Javier Figueroa","@id":"https:\/\/web.consaguirre.com.ar\/noticias\/#\/schema\/person\/6558b0cfedee7ddc5425602b237d5722"},"headline":"Los &#8216;himnos urbanos&#8217; del verse est\u00e1n volviendo al vinilo","datePublished":"2025-06-07T00:39:29+00:00","dateModified":"2025-06-07T00:39:31+00:00","mainEntityOfPage":{"@id":"https:\/\/web.consaguirre.com.ar\/noticias\/los-himnos-urbanos-del-verse-estan-volviendo-al-vinilo\/"},"wordCount":383,"publisher":{"@id":"https:\/\/web.consaguirre.com.ar\/noticias\/#organization"},"image":{"@id":"https:\/\/web.consaguirre.com.ar\/noticias\/los-himnos-urbanos-del-verse-estan-volviendo-al-vinilo\/#primaryimage"},"thumbnailUrl":"https:\/\/web.consaguirre.com.ar\/noticias\/wp-content\/uploads\/2025\/06\/Los-himnos-urbanos-del-verse-estan-volviendo-al-vinilo.jpg","keywords":["del","est\u00e1n","himnos","los","urbanos","verse","vinilo","volviendo"],"articleSection":["El \u00faltimo"],"inLanguage":"es-AR"},{"@type":"WebPage","@id":"https:\/\/web.consaguirre.com.ar\/noticias\/los-himnos-urbanos-del-verse-estan-volviendo-al-vinilo\/","url":"https:\/\/web.consaguirre.com.ar\/noticias\/los-himnos-urbanos-del-verse-estan-volviendo-al-vinilo\/","name":"Los 'himnos urbanos' del verse est\u00e1n volviendo al vinilo","isPartOf":{"@id":"https:\/\/web.consaguirre.com.ar\/noticias\/#website"},"primaryImageOfPage":{"@id":"https:\/\/web.consaguirre.com.ar\/noticias\/los-himnos-urbanos-del-verse-estan-volviendo-al-vinilo\/#primaryimage"},"image":{"@id":"https:\/\/web.consaguirre.com.ar\/noticias\/los-himnos-urbanos-del-verse-estan-volviendo-al-vinilo\/#primaryimage"},"thumbnailUrl":"https:\/\/web.consaguirre.com.ar\/noticias\/wp-content\/uploads\/2025\/06\/Los-himnos-urbanos-del-verse-estan-volviendo-al-vinilo.jpg","datePublished":"2025-06-07T00:39:29+00:00","dateModified":"2025-06-07T00:39:31+00:00","breadcrumb":{"@id":"https:\/\/web.consaguirre.com.ar\/noticias\/los-himnos-urbanos-del-verse-estan-volviendo-al-vinilo\/#breadcrumb"},"inLanguage":"es-AR","potentialAction":[{"@type":"ReadAction","target":["https:\/\/web.consaguirre.com.ar\/noticias\/los-himnos-urbanos-del-verse-estan-volviendo-al-vinilo\/"]}]},{"@type":"ImageObject","inLanguage":"es-AR","@id":"https:\/\/web.consaguirre.com.ar\/noticias\/los-himnos-urbanos-del-verse-estan-volviendo-al-vinilo\/#primaryimage","url":"https:\/\/web.consaguirre.com.ar\/noticias\/wp-content\/uploads\/2025\/06\/Los-himnos-urbanos-del-verse-estan-volviendo-al-vinilo.jpg","contentUrl":"https:\/\/web.consaguirre.com.ar\/noticias\/wp-content\/uploads\/2025\/06\/Los-himnos-urbanos-del-verse-estan-volviendo-al-vinilo.jpg","width":1280,"height":1280,"caption":"Los 'himnos urbanos' del verse est\u00e1n volviendo al vinilo"},{"@type":"BreadcrumbList","@id":"https:\/\/web.consaguirre.com.ar\/noticias\/los-himnos-urbanos-del-verse-estan-volviendo-al-vinilo\/#breadcrumb","itemListElement":[{"@type":"ListItem","position":1,"name":"Inicio","item":"https:\/\/web.consaguirre.com.ar\/noticias\/"},{"@type":"ListItem","position":2,"name":"Los &#8216;himnos urbanos&#8217; del verse est\u00e1n volviendo al vinilo"}]},{"@type":"WebSite","@id":"https:\/\/web.consaguirre.com.ar\/noticias\/#website","url":"https:\/\/web.consaguirre.com.ar\/noticias\/","name":"Conservatorio de M\u00fasica Juli\u00e1n Aguirre","description":"","publisher":{"@id":"https:\/\/web.consaguirre.com.ar\/noticias\/#organization"},"potentialAction":[{"@type":"SearchAction","target":{"@type":"EntryPoint","urlTemplate":"https:\/\/web.consaguirre.com.ar\/noticias\/?s={search_term_string}"},"query-input":"required name=search_term_string"}],"inLanguage":"es-AR"},{"@type":"Organization","@id":"https:\/\/web.consaguirre.com.ar\/noticias\/#organization","name":"Conservatorio de M\u00fasica Juli\u00e1n Aguirre","url":"https:\/\/web.consaguirre.com.ar\/noticias\/","logo":{"@type":"ImageObject","inLanguage":"es-AR","@id":"https:\/\/web.consaguirre.com.ar\/noticias\/#\/schema\/logo\/image\/","url":"https:\/\/web.consaguirre.com.ar\/noticias\/wp-content\/uploads\/2024\/08\/Banner-Aguirre-23.jpg","contentUrl":"https:\/\/web.consaguirre.com.ar\/noticias\/wp-content\/uploads\/2024\/08\/Banner-Aguirre-23.jpg","width":1192,"height":600,"caption":"Conservatorio de M\u00fasica Juli\u00e1n Aguirre"},"image":{"@id":"https:\/\/web.consaguirre.com.ar\/noticias\/#\/schema\/logo\/image\/"}},{"@type":"Person","@id":"https:\/\/web.consaguirre.com.ar\/noticias\/#\/schema\/person\/6558b0cfedee7ddc5425602b237d5722","name":"Javier Figueroa","image":{"@type":"ImageObject","inLanguage":"es-AR","@id":"https:\/\/web.consaguirre.com.ar\/noticias\/#\/schema\/person\/image\/","url":"https:\/\/web.consaguirre.com.ar\/noticias\/wp-content\/uploads\/2024\/08\/Consaguirre-scaled.jpg","contentUrl":"https:\/\/web.consaguirre.com.ar\/noticias\/wp-content\/uploads\/2024\/08\/Consaguirre-scaled.jpg","caption":"Javier Figueroa"},"description":"Me llamo Javier Figueroa y soy redactor para el sitio oficial del Conservatorio de M\u00fasica Juli\u00e1n Aguirre en Buenos Aires, consaguirre.com. Apasionado por la m\u00fasica y la escritura, me esfuerzo por destacar los talentos y eventos de nuestra prestigiosa instituci\u00f3n. Mi trayectoria se nutre de una profunda admiraci\u00f3n por los artistas, haciendo de cada art\u00edculo una celebraci\u00f3n de la creatividad y la cultura musical.","sameAs":["https:\/\/web.consaguirre.com.ar\/noticias"]}]}},"_links":{"self":[{"href":"https:\/\/web.consaguirre.com.ar\/noticias\/wp-json\/wp\/v2\/posts\/2854"}],"collection":[{"href":"https:\/\/web.consaguirre.com.ar\/noticias\/wp-json\/wp\/v2\/posts"}],"about":[{"href":"https:\/\/web.consaguirre.com.ar\/noticias\/wp-json\/wp\/v2\/types\/post"}],"author":[{"embeddable":true,"href":"https:\/\/web.consaguirre.com.ar\/noticias\/wp-json\/wp\/v2\/users\/1"}],"replies":[{"embeddable":true,"href":"https:\/\/web.consaguirre.com.ar\/noticias\/wp-json\/wp\/v2\/comments?post=2854"}],"version-history":[{"count":1,"href":"https:\/\/web.consaguirre.com.ar\/noticias\/wp-json\/wp\/v2\/posts\/2854\/revisions"}],"predecessor-version":[{"id":2856,"href":"https:\/\/web.consaguirre.com.ar\/noticias\/wp-json\/wp\/v2\/posts\/2854\/revisions\/2856"}],"wp:featuredmedia":[{"embeddable":true,"href":"https:\/\/web.consaguirre.com.ar\/noticias\/wp-json\/wp\/v2\/media\/2855"}],"wp:attachment":[{"href":"https:\/\/web.consaguirre.com.ar\/noticias\/wp-json\/wp\/v2\/media?parent=2854"}],"wp:term":[{"taxonomy":"category","embeddable":true,"href":"https:\/\/web.consaguirre.com.ar\/noticias\/wp-json\/wp\/v2\/categories?post=2854"},{"taxonomy":"post_tag","embeddable":true,"href":"https:\/\/web.consaguirre.com.ar\/noticias\/wp-json\/wp\/v2\/tags?post=2854"}],"curies":[{"name":"wp","href":"https:\/\/api.w.org\/{rel}","templated":true}]}}