{"id":2848,"date":"2025-06-06T15:39:42","date_gmt":"2025-06-06T18:39:42","guid":{"rendered":"https:\/\/web.consaguirre.com.ar\/noticias\/max-richter-anuncia-un-nuevo-album-sleep-circle\/"},"modified":"2025-06-06T15:39:45","modified_gmt":"2025-06-06T18:39:45","slug":"max-richter-anuncia-un-nuevo-album-sleep-circle","status":"publish","type":"post","link":"https:\/\/web.consaguirre.com.ar\/noticias\/max-richter-anuncia-un-nuevo-album-sleep-circle\/","title":{"rendered":"Max Richter anuncia un nuevo \u00e1lbum, &#8216;Sleep Circle&#8217;"},"content":{"rendered":"<p><strong>Max Richter<\/strong> est\u00e1 celebrando el d\u00e9cimo aniversario de su aclamado e innovador \u00e1lbum <em>Dormir<\/em> con un registro de seguimiento, <em>C\u00edrculo de sue\u00f1o<\/em>. El nuevo \u00e1lbum es un viaje de 90 minutos a trav\u00e9s del ciclo REM, donde <em>Dormir<\/em> Era una noche de descanso de ocho horas. <em>C\u00edrculo de sue\u00f1o<\/em> se lanzar\u00e1 Digitally, en CD y como un vinilo de Edici\u00f3n Deluxe el viernes 5 de septiembre. Adem\u00e1s, Deutsche Grammophon volver\u00e1 a emitir la edici\u00f3n de CD original de <em>Dormir<\/em>.<\/p>\n<p>Lanzado en 2015 y co-concebido con su socia creativa Yulia Mahr, Richter&#8217;s Magnum Opus, <em>Dormir<\/em>es una ambiciosa investigaci\u00f3n musical de ocho horas y media sobre c\u00f3mo el sonido y la mente dormida interact\u00faan, explorando los efectos de la subsonica y la repetici\u00f3n para mejorar el sue\u00f1o de las olas lentas. Richter consult\u00f3 con el neurocient\u00edfico David Eagleman durante la creaci\u00f3n del \u00e1lbum para comprender mejor el funcionamiento del cerebro dormido.<\/p>\n<div class=\"uD-YT-container\"><img decoding=\"async\" src=\"https:\/\/web.consaguirre.com.ar\/noticias\/wp-content\/uploads\/2025\/06\/1749235182_755_Max-Richter-anuncia-un-nuevo-album-Sleep-Circle.jpg\" alt=\"Video de YouTube\"><br \/>Haga clic para cargar video<\/div>\n<p>El nuevo disco, <em>C\u00edrculo de sue\u00f1o<\/em>es un viaje alucinatorio al estado hipnag\u00f3gico, el per\u00edodo de tiempo en que el cerebro pasa entre un estado de vigilia y sue\u00f1o. El tiempo de ejecuci\u00f3n de 90 minutos del \u00e1lbum refleja la longitud de un ciclo REM t\u00edpico.<\/p>\n<p><em>C\u00edrculo de sue\u00f1o<\/em> naci\u00f3 de New Insights Richter gan\u00f3 despu\u00e9s de realizar una versi\u00f3n resumida de <em>Dormir<\/em> En vivo en 2023, lo que lo lleva a acercarse a las canciones con una arquitectura m\u00e1s tradicional. La nueva grabaci\u00f3n se estableci\u00f3 en su propio estudio Richter Mahr, construido por Max y Yulia en el campo ingl\u00e9s. El primer sencillo de <em>C\u00edrculo de sue\u00f1o<\/em>La cuna &#8220;Dream 11 \/ Moth Stars (Pt. 2)&#8221;, est\u00e1 disponible para transmitir ahora.<\/p>\n<p>Junto al nuevo \u00e1lbum, Richter tambi\u00e9n ha anunciado sus actuaciones m\u00e1s grandes de <em>Dormir<\/em> en el Alexandra Palace de Londres el viernes 5 de septiembre y el s\u00e1bado 6 de septiembre. <strong>Los fan\u00e1ticos pueden inscribirse en una preventa<\/strong> el martes 10 de junio a trav\u00e9s del sitio web de Richter. El general de venta comienza el jueves 12 de junio.<\/p>\n<p><strong>Ordene el c\u00edrculo de sue\u00f1o de Max Richter ahora.<\/strong><\/p>\n","protected":false},"excerpt":{"rendered":"<p>Max Richter est\u00e1 celebrando el d\u00e9cimo aniversario de su aclamado e innovador \u00e1lbum Dormir con un registro de seguimiento, C\u00edrculo de sue\u00f1o. El nuevo \u00e1lbum<\/p>\n","protected":false},"author":1,"featured_media":2849,"comment_status":"closed","ping_status":"","sticky":false,"template":"","format":"standard","meta":{"footnotes":""},"categories":[50],"tags":[147,56,2646,581,146,582,2645],"class_list":["post-2848","post","type-post","status-publish","format-standard","has-post-thumbnail","hentry","category-el-ultimo","tag-album","tag-anuncia","tag-circle","tag-max","tag-nuevo","tag-richter","tag-sleep","generate-columns","tablet-grid-50","mobile-grid-100","grid-parent","grid-50"],"yoast_head":"<!-- This site is optimized with the Yoast SEO plugin v23.3 - https:\/\/yoast.com\/wordpress\/plugins\/seo\/ -->\n<title>Max Richter anuncia un nuevo \u00e1lbum, &#039;Sleep Circle&#039;<\/title>\n<meta name=\"robots\" content=\"index, follow, max-snippet:-1, max-image-preview:large, max-video-preview:-1\" \/>\n<link rel=\"canonical\" href=\"https:\/\/web.consaguirre.com.ar\/noticias\/max-richter-anuncia-un-nuevo-album-sleep-circle\/\" \/>\n<meta property=\"og:locale\" content=\"es_ES\" \/>\n<meta property=\"og:type\" content=\"article\" \/>\n<meta property=\"og:title\" content=\"Max Richter anuncia un nuevo \u00e1lbum, &#039;Sleep Circle&#039;\" \/>\n<meta property=\"og:description\" content=\"Max Richter est\u00e1 celebrando el d\u00e9cimo aniversario de su aclamado e innovador \u00e1lbum Dormir con un registro de seguimiento, C\u00edrculo de sue\u00f1o. El nuevo \u00e1lbum\" \/>\n<meta property=\"og:url\" content=\"https:\/\/web.consaguirre.com.ar\/noticias\/max-richter-anuncia-un-nuevo-album-sleep-circle\/\" \/>\n<meta property=\"og:site_name\" content=\"Conservatorio de M\u00fasica Juli\u00e1n Aguirre\" \/>\n<meta property=\"article:published_time\" content=\"2025-06-06T18:39:42+00:00\" \/>\n<meta property=\"article:modified_time\" content=\"2025-06-06T18:39:45+00:00\" \/>\n<meta property=\"og:image\" content=\"https:\/\/web.consaguirre.com.ar\/noticias\/wp-content\/uploads\/2025\/06\/Max-Richter-anuncia-un-nuevo-album-Sleep-Circle.jpg\" \/>\n\t<meta property=\"og:image:width\" content=\"1280\" \/>\n\t<meta property=\"og:image:height\" content=\"1280\" \/>\n\t<meta property=\"og:image:type\" content=\"image\/jpeg\" \/>\n<meta name=\"author\" content=\"Javier Figueroa\" \/>\n<meta name=\"twitter:card\" content=\"summary_large_image\" \/>\n<meta name=\"twitter:label1\" content=\"Escrito por\" \/>\n\t<meta name=\"twitter:data1\" content=\"Javier Figueroa\" \/>\n\t<meta name=\"twitter:label2\" content=\"Tiempo de lectura\" \/>\n\t<meta name=\"twitter:data2\" content=\"2 minutos\" \/>\n<script type=\"application\/ld+json\" class=\"yoast-schema-graph\">{\"@context\":\"https:\/\/schema.org\",\"@graph\":[{\"@type\":\"Article\",\"@id\":\"https:\/\/web.consaguirre.com.ar\/noticias\/max-richter-anuncia-un-nuevo-album-sleep-circle\/#article\",\"isPartOf\":{\"@id\":\"https:\/\/web.consaguirre.com.ar\/noticias\/max-richter-anuncia-un-nuevo-album-sleep-circle\/\"},\"author\":{\"name\":\"Javier Figueroa\",\"@id\":\"https:\/\/web.consaguirre.com.ar\/noticias\/#\/schema\/person\/6558b0cfedee7ddc5425602b237d5722\"},\"headline\":\"Max Richter anuncia un nuevo \u00e1lbum, &#8216;Sleep Circle&#8217;\",\"datePublished\":\"2025-06-06T18:39:42+00:00\",\"dateModified\":\"2025-06-06T18:39:45+00:00\",\"mainEntityOfPage\":{\"@id\":\"https:\/\/web.consaguirre.com.ar\/noticias\/max-richter-anuncia-un-nuevo-album-sleep-circle\/\"},\"wordCount\":379,\"publisher\":{\"@id\":\"https:\/\/web.consaguirre.com.ar\/noticias\/#organization\"},\"image\":{\"@id\":\"https:\/\/web.consaguirre.com.ar\/noticias\/max-richter-anuncia-un-nuevo-album-sleep-circle\/#primaryimage\"},\"thumbnailUrl\":\"https:\/\/web.consaguirre.com.ar\/noticias\/wp-content\/uploads\/2025\/06\/Max-Richter-anuncia-un-nuevo-album-Sleep-Circle.jpg\",\"keywords\":[\"\u00e1lbum\",\"anuncia\",\"Circle\",\"Max\",\"nuevo\",\"Richter\",\"Sleep\"],\"articleSection\":[\"El \u00faltimo\"],\"inLanguage\":\"es-AR\"},{\"@type\":\"WebPage\",\"@id\":\"https:\/\/web.consaguirre.com.ar\/noticias\/max-richter-anuncia-un-nuevo-album-sleep-circle\/\",\"url\":\"https:\/\/web.consaguirre.com.ar\/noticias\/max-richter-anuncia-un-nuevo-album-sleep-circle\/\",\"name\":\"Max Richter anuncia un nuevo \u00e1lbum, 'Sleep Circle'\",\"isPartOf\":{\"@id\":\"https:\/\/web.consaguirre.com.ar\/noticias\/#website\"},\"primaryImageOfPage\":{\"@id\":\"https:\/\/web.consaguirre.com.ar\/noticias\/max-richter-anuncia-un-nuevo-album-sleep-circle\/#primaryimage\"},\"image\":{\"@id\":\"https:\/\/web.consaguirre.com.ar\/noticias\/max-richter-anuncia-un-nuevo-album-sleep-circle\/#primaryimage\"},\"thumbnailUrl\":\"https:\/\/web.consaguirre.com.ar\/noticias\/wp-content\/uploads\/2025\/06\/Max-Richter-anuncia-un-nuevo-album-Sleep-Circle.jpg\",\"datePublished\":\"2025-06-06T18:39:42+00:00\",\"dateModified\":\"2025-06-06T18:39:45+00:00\",\"breadcrumb\":{\"@id\":\"https:\/\/web.consaguirre.com.ar\/noticias\/max-richter-anuncia-un-nuevo-album-sleep-circle\/#breadcrumb\"},\"inLanguage\":\"es-AR\",\"potentialAction\":[{\"@type\":\"ReadAction\",\"target\":[\"https:\/\/web.consaguirre.com.ar\/noticias\/max-richter-anuncia-un-nuevo-album-sleep-circle\/\"]}]},{\"@type\":\"ImageObject\",\"inLanguage\":\"es-AR\",\"@id\":\"https:\/\/web.consaguirre.com.ar\/noticias\/max-richter-anuncia-un-nuevo-album-sleep-circle\/#primaryimage\",\"url\":\"https:\/\/web.consaguirre.com.ar\/noticias\/wp-content\/uploads\/2025\/06\/Max-Richter-anuncia-un-nuevo-album-Sleep-Circle.jpg\",\"contentUrl\":\"https:\/\/web.consaguirre.com.ar\/noticias\/wp-content\/uploads\/2025\/06\/Max-Richter-anuncia-un-nuevo-album-Sleep-Circle.jpg\",\"width\":1280,\"height\":1280,\"caption\":\"Max Richter anuncia un nuevo \u00e1lbum, 'Sleep Circle'\"},{\"@type\":\"BreadcrumbList\",\"@id\":\"https:\/\/web.consaguirre.com.ar\/noticias\/max-richter-anuncia-un-nuevo-album-sleep-circle\/#breadcrumb\",\"itemListElement\":[{\"@type\":\"ListItem\",\"position\":1,\"name\":\"Inicio\",\"item\":\"https:\/\/web.consaguirre.com.ar\/noticias\/\"},{\"@type\":\"ListItem\",\"position\":2,\"name\":\"Max Richter anuncia un nuevo \u00e1lbum, &#8216;Sleep Circle&#8217;\"}]},{\"@type\":\"WebSite\",\"@id\":\"https:\/\/web.consaguirre.com.ar\/noticias\/#website\",\"url\":\"https:\/\/web.consaguirre.com.ar\/noticias\/\",\"name\":\"Conservatorio de M\u00fasica Juli\u00e1n Aguirre\",\"description\":\"\",\"publisher\":{\"@id\":\"https:\/\/web.consaguirre.com.ar\/noticias\/#organization\"},\"potentialAction\":[{\"@type\":\"SearchAction\",\"target\":{\"@type\":\"EntryPoint\",\"urlTemplate\":\"https:\/\/web.consaguirre.com.ar\/noticias\/?s={search_term_string}\"},\"query-input\":\"required name=search_term_string\"}],\"inLanguage\":\"es-AR\"},{\"@type\":\"Organization\",\"@id\":\"https:\/\/web.consaguirre.com.ar\/noticias\/#organization\",\"name\":\"Conservatorio de M\u00fasica Juli\u00e1n Aguirre\",\"url\":\"https:\/\/web.consaguirre.com.ar\/noticias\/\",\"logo\":{\"@type\":\"ImageObject\",\"inLanguage\":\"es-AR\",\"@id\":\"https:\/\/web.consaguirre.com.ar\/noticias\/#\/schema\/logo\/image\/\",\"url\":\"https:\/\/web.consaguirre.com.ar\/noticias\/wp-content\/uploads\/2024\/08\/Banner-Aguirre-23.jpg\",\"contentUrl\":\"https:\/\/web.consaguirre.com.ar\/noticias\/wp-content\/uploads\/2024\/08\/Banner-Aguirre-23.jpg\",\"width\":1192,\"height\":600,\"caption\":\"Conservatorio de M\u00fasica Juli\u00e1n Aguirre\"},\"image\":{\"@id\":\"https:\/\/web.consaguirre.com.ar\/noticias\/#\/schema\/logo\/image\/\"}},{\"@type\":\"Person\",\"@id\":\"https:\/\/web.consaguirre.com.ar\/noticias\/#\/schema\/person\/6558b0cfedee7ddc5425602b237d5722\",\"name\":\"Javier Figueroa\",\"image\":{\"@type\":\"ImageObject\",\"inLanguage\":\"es-AR\",\"@id\":\"https:\/\/web.consaguirre.com.ar\/noticias\/#\/schema\/person\/image\/\",\"url\":\"https:\/\/web.consaguirre.com.ar\/noticias\/wp-content\/uploads\/2024\/08\/Consaguirre-scaled.jpg\",\"contentUrl\":\"https:\/\/web.consaguirre.com.ar\/noticias\/wp-content\/uploads\/2024\/08\/Consaguirre-scaled.jpg\",\"caption\":\"Javier Figueroa\"},\"description\":\"Me llamo Javier Figueroa y soy redactor para el sitio oficial del Conservatorio de M\u00fasica Juli\u00e1n Aguirre en Buenos Aires, consaguirre.com. Apasionado por la m\u00fasica y la escritura, me esfuerzo por destacar los talentos y eventos de nuestra prestigiosa instituci\u00f3n. Mi trayectoria se nutre de una profunda admiraci\u00f3n por los artistas, haciendo de cada art\u00edculo una celebraci\u00f3n de la creatividad y la cultura musical.\",\"sameAs\":[\"https:\/\/web.consaguirre.com.ar\/noticias\"]}]}<\/script>\n<!-- \/ Yoast SEO plugin. -->","yoast_head_json":{"title":"Max Richter anuncia un nuevo \u00e1lbum, 'Sleep Circle'","robots":{"index":"index","follow":"follow","max-snippet":"max-snippet:-1","max-image-preview":"max-image-preview:large","max-video-preview":"max-video-preview:-1"},"canonical":"https:\/\/web.consaguirre.com.ar\/noticias\/max-richter-anuncia-un-nuevo-album-sleep-circle\/","og_locale":"es_ES","og_type":"article","og_title":"Max Richter anuncia un nuevo \u00e1lbum, 'Sleep Circle'","og_description":"Max Richter est\u00e1 celebrando el d\u00e9cimo aniversario de su aclamado e innovador \u00e1lbum Dormir con un registro de seguimiento, C\u00edrculo de sue\u00f1o. El nuevo \u00e1lbum","og_url":"https:\/\/web.consaguirre.com.ar\/noticias\/max-richter-anuncia-un-nuevo-album-sleep-circle\/","og_site_name":"Conservatorio de M\u00fasica Juli\u00e1n Aguirre","article_published_time":"2025-06-06T18:39:42+00:00","article_modified_time":"2025-06-06T18:39:45+00:00","og_image":[{"width":1280,"height":1280,"url":"https:\/\/web.consaguirre.com.ar\/noticias\/wp-content\/uploads\/2025\/06\/Max-Richter-anuncia-un-nuevo-album-Sleep-Circle.jpg","type":"image\/jpeg"}],"author":"Javier Figueroa","twitter_card":"summary_large_image","twitter_misc":{"Escrito por":"Javier Figueroa","Tiempo de lectura":"2 minutos"},"schema":{"@context":"https:\/\/schema.org","@graph":[{"@type":"Article","@id":"https:\/\/web.consaguirre.com.ar\/noticias\/max-richter-anuncia-un-nuevo-album-sleep-circle\/#article","isPartOf":{"@id":"https:\/\/web.consaguirre.com.ar\/noticias\/max-richter-anuncia-un-nuevo-album-sleep-circle\/"},"author":{"name":"Javier Figueroa","@id":"https:\/\/web.consaguirre.com.ar\/noticias\/#\/schema\/person\/6558b0cfedee7ddc5425602b237d5722"},"headline":"Max Richter anuncia un nuevo \u00e1lbum, &#8216;Sleep Circle&#8217;","datePublished":"2025-06-06T18:39:42+00:00","dateModified":"2025-06-06T18:39:45+00:00","mainEntityOfPage":{"@id":"https:\/\/web.consaguirre.com.ar\/noticias\/max-richter-anuncia-un-nuevo-album-sleep-circle\/"},"wordCount":379,"publisher":{"@id":"https:\/\/web.consaguirre.com.ar\/noticias\/#organization"},"image":{"@id":"https:\/\/web.consaguirre.com.ar\/noticias\/max-richter-anuncia-un-nuevo-album-sleep-circle\/#primaryimage"},"thumbnailUrl":"https:\/\/web.consaguirre.com.ar\/noticias\/wp-content\/uploads\/2025\/06\/Max-Richter-anuncia-un-nuevo-album-Sleep-Circle.jpg","keywords":["\u00e1lbum","anuncia","Circle","Max","nuevo","Richter","Sleep"],"articleSection":["El \u00faltimo"],"inLanguage":"es-AR"},{"@type":"WebPage","@id":"https:\/\/web.consaguirre.com.ar\/noticias\/max-richter-anuncia-un-nuevo-album-sleep-circle\/","url":"https:\/\/web.consaguirre.com.ar\/noticias\/max-richter-anuncia-un-nuevo-album-sleep-circle\/","name":"Max Richter anuncia un nuevo \u00e1lbum, 'Sleep Circle'","isPartOf":{"@id":"https:\/\/web.consaguirre.com.ar\/noticias\/#website"},"primaryImageOfPage":{"@id":"https:\/\/web.consaguirre.com.ar\/noticias\/max-richter-anuncia-un-nuevo-album-sleep-circle\/#primaryimage"},"image":{"@id":"https:\/\/web.consaguirre.com.ar\/noticias\/max-richter-anuncia-un-nuevo-album-sleep-circle\/#primaryimage"},"thumbnailUrl":"https:\/\/web.consaguirre.com.ar\/noticias\/wp-content\/uploads\/2025\/06\/Max-Richter-anuncia-un-nuevo-album-Sleep-Circle.jpg","datePublished":"2025-06-06T18:39:42+00:00","dateModified":"2025-06-06T18:39:45+00:00","breadcrumb":{"@id":"https:\/\/web.consaguirre.com.ar\/noticias\/max-richter-anuncia-un-nuevo-album-sleep-circle\/#breadcrumb"},"inLanguage":"es-AR","potentialAction":[{"@type":"ReadAction","target":["https:\/\/web.consaguirre.com.ar\/noticias\/max-richter-anuncia-un-nuevo-album-sleep-circle\/"]}]},{"@type":"ImageObject","inLanguage":"es-AR","@id":"https:\/\/web.consaguirre.com.ar\/noticias\/max-richter-anuncia-un-nuevo-album-sleep-circle\/#primaryimage","url":"https:\/\/web.consaguirre.com.ar\/noticias\/wp-content\/uploads\/2025\/06\/Max-Richter-anuncia-un-nuevo-album-Sleep-Circle.jpg","contentUrl":"https:\/\/web.consaguirre.com.ar\/noticias\/wp-content\/uploads\/2025\/06\/Max-Richter-anuncia-un-nuevo-album-Sleep-Circle.jpg","width":1280,"height":1280,"caption":"Max Richter anuncia un nuevo \u00e1lbum, 'Sleep Circle'"},{"@type":"BreadcrumbList","@id":"https:\/\/web.consaguirre.com.ar\/noticias\/max-richter-anuncia-un-nuevo-album-sleep-circle\/#breadcrumb","itemListElement":[{"@type":"ListItem","position":1,"name":"Inicio","item":"https:\/\/web.consaguirre.com.ar\/noticias\/"},{"@type":"ListItem","position":2,"name":"Max Richter anuncia un nuevo \u00e1lbum, &#8216;Sleep Circle&#8217;"}]},{"@type":"WebSite","@id":"https:\/\/web.consaguirre.com.ar\/noticias\/#website","url":"https:\/\/web.consaguirre.com.ar\/noticias\/","name":"Conservatorio de M\u00fasica Juli\u00e1n Aguirre","description":"","publisher":{"@id":"https:\/\/web.consaguirre.com.ar\/noticias\/#organization"},"potentialAction":[{"@type":"SearchAction","target":{"@type":"EntryPoint","urlTemplate":"https:\/\/web.consaguirre.com.ar\/noticias\/?s={search_term_string}"},"query-input":"required name=search_term_string"}],"inLanguage":"es-AR"},{"@type":"Organization","@id":"https:\/\/web.consaguirre.com.ar\/noticias\/#organization","name":"Conservatorio de M\u00fasica Juli\u00e1n Aguirre","url":"https:\/\/web.consaguirre.com.ar\/noticias\/","logo":{"@type":"ImageObject","inLanguage":"es-AR","@id":"https:\/\/web.consaguirre.com.ar\/noticias\/#\/schema\/logo\/image\/","url":"https:\/\/web.consaguirre.com.ar\/noticias\/wp-content\/uploads\/2024\/08\/Banner-Aguirre-23.jpg","contentUrl":"https:\/\/web.consaguirre.com.ar\/noticias\/wp-content\/uploads\/2024\/08\/Banner-Aguirre-23.jpg","width":1192,"height":600,"caption":"Conservatorio de M\u00fasica Juli\u00e1n Aguirre"},"image":{"@id":"https:\/\/web.consaguirre.com.ar\/noticias\/#\/schema\/logo\/image\/"}},{"@type":"Person","@id":"https:\/\/web.consaguirre.com.ar\/noticias\/#\/schema\/person\/6558b0cfedee7ddc5425602b237d5722","name":"Javier Figueroa","image":{"@type":"ImageObject","inLanguage":"es-AR","@id":"https:\/\/web.consaguirre.com.ar\/noticias\/#\/schema\/person\/image\/","url":"https:\/\/web.consaguirre.com.ar\/noticias\/wp-content\/uploads\/2024\/08\/Consaguirre-scaled.jpg","contentUrl":"https:\/\/web.consaguirre.com.ar\/noticias\/wp-content\/uploads\/2024\/08\/Consaguirre-scaled.jpg","caption":"Javier Figueroa"},"description":"Me llamo Javier Figueroa y soy redactor para el sitio oficial del Conservatorio de M\u00fasica Juli\u00e1n Aguirre en Buenos Aires, consaguirre.com. Apasionado por la m\u00fasica y la escritura, me esfuerzo por destacar los talentos y eventos de nuestra prestigiosa instituci\u00f3n. Mi trayectoria se nutre de una profunda admiraci\u00f3n por los artistas, haciendo de cada art\u00edculo una celebraci\u00f3n de la creatividad y la cultura musical.","sameAs":["https:\/\/web.consaguirre.com.ar\/noticias"]}]}},"_links":{"self":[{"href":"https:\/\/web.consaguirre.com.ar\/noticias\/wp-json\/wp\/v2\/posts\/2848"}],"collection":[{"href":"https:\/\/web.consaguirre.com.ar\/noticias\/wp-json\/wp\/v2\/posts"}],"about":[{"href":"https:\/\/web.consaguirre.com.ar\/noticias\/wp-json\/wp\/v2\/types\/post"}],"author":[{"embeddable":true,"href":"https:\/\/web.consaguirre.com.ar\/noticias\/wp-json\/wp\/v2\/users\/1"}],"replies":[{"embeddable":true,"href":"https:\/\/web.consaguirre.com.ar\/noticias\/wp-json\/wp\/v2\/comments?post=2848"}],"version-history":[{"count":1,"href":"https:\/\/web.consaguirre.com.ar\/noticias\/wp-json\/wp\/v2\/posts\/2848\/revisions"}],"predecessor-version":[{"id":2850,"href":"https:\/\/web.consaguirre.com.ar\/noticias\/wp-json\/wp\/v2\/posts\/2848\/revisions\/2850"}],"wp:featuredmedia":[{"embeddable":true,"href":"https:\/\/web.consaguirre.com.ar\/noticias\/wp-json\/wp\/v2\/media\/2849"}],"wp:attachment":[{"href":"https:\/\/web.consaguirre.com.ar\/noticias\/wp-json\/wp\/v2\/media?parent=2848"}],"wp:term":[{"taxonomy":"category","embeddable":true,"href":"https:\/\/web.consaguirre.com.ar\/noticias\/wp-json\/wp\/v2\/categories?post=2848"},{"taxonomy":"post_tag","embeddable":true,"href":"https:\/\/web.consaguirre.com.ar\/noticias\/wp-json\/wp\/v2\/tags?post=2848"}],"curies":[{"name":"wp","href":"https:\/\/api.w.org\/{rel}","templated":true}]}}