{"id":2833,"date":"2025-06-04T15:39:44","date_gmt":"2025-06-04T18:39:44","guid":{"rendered":"https:\/\/web.consaguirre.com.ar\/noticias\/teyana-taylor-anuncia-un-nuevo-album-escape-room\/"},"modified":"2025-06-04T15:39:45","modified_gmt":"2025-06-04T18:39:45","slug":"teyana-taylor-anuncia-un-nuevo-album-escape-room","status":"publish","type":"post","link":"https:\/\/web.consaguirre.com.ar\/noticias\/teyana-taylor-anuncia-un-nuevo-album-escape-room\/","title":{"rendered":"Teyana Taylor anuncia un nuevo \u00e1lbum, &#8216;Escape Room&#8217;"},"content":{"rendered":"<p>La media d\u00e9cada espera nueva <strong>Teyana Taylor<\/strong> La m\u00fasica ha terminado. La estrella de R&#038;B y el artista de m\u00faltiples hyphenate han lanzado &#8220;Long Time&#8221;, el sencillo principal de su primer \u00e1lbum en cinco a\u00f1os, <em>Sala de escape<\/em>junto con un video musical.<\/p>\n<p><em>Sala de escape<\/em> Sigue 2020&#8217;s <em>El \u00e1lbum<\/em>un lanzamiento que, por <em>Horca<\/em>&#8220;Recontextualiza h\u00e1bilmente el cl\u00e1sico R&#038;B&#8221; y &#8220;representa la feroz personalidad que ha perfeccionado en p\u00fablico&#8221;. Taylor brome\u00f3 <em>Sala de escape<\/em> La semana pasada con un avance del cortometraje acompa\u00f1ante del \u00e1lbum coprotagonizado por Lakeith Stanfield y Aaron Pierre. Taylor escribi\u00f3, dirigi\u00f3 y produjo la pel\u00edcula en cooperaci\u00f3n con su compa\u00f1\u00eda de producci\u00f3n femenina The Aunties.<\/p>\n<div class=\"uD-YT-container\"><img decoding=\"async\" src=\"https:\/\/web.consaguirre.com.ar\/noticias\/wp-content\/uploads\/2025\/06\/1749062384_273_Teyana-Taylor-anuncia-un-nuevo-album-Escape-Room.jpg\" alt=\"Video de YouTube\"><br \/>Haga clic para cargar video<\/div>\n<p>El <em>Sala de escape<\/em> La pel\u00edcula se anuncia como una representaci\u00f3n visual del \u00e1lbum y un &#8220;thriller de romance noir&#8221; enigm\u00e1tico post-apocal\u00edptico\/futurista &#8220;. De acuerdo con la nueva m\u00fasica de Taylor, rastrea un viaje a trav\u00e9s de la oscuridad provocada por muchos tipos de desamor en la ligereza de la curaci\u00f3n. Comienza con Taylor y Stanfield en el altar intercambiando votos, luego los sigue en situaciones oscuras representadas por escenarios de la sala de escape. Finalmente, se vincula rom\u00e1nticamente con Pierre en una escena humeante que ha alimentado los rumores de un romance de la vida real con el actor. En una voz en off, ella dice: &#8220;La parte dif\u00edcil no te est\u00e1 perdiendo; est\u00e1 perdiendo la versi\u00f3n de m\u00ed que dej\u00e9 atr\u00e1s&#8221;.<\/p>\n<p>El regreso a la m\u00fasica sigue a un pivote exitoso a actuar en la \u00faltima media d\u00e9cada. Los numerosos proyectos de alto perfil de Taylor incluyen Tyler Perry&#8217;s <em>Paja<\/em>transmitiendo a trav\u00e9s de Netflix a partir de este viernes 6 de junio. M\u00e1s adelante este a\u00f1o protagonizar\u00e1 junto a Leonardo DiCaprio, Benicio del Toro y Sean Penn en <em>Una batalla tras otra<\/em>El \u00faltimo lanzamiento teatral de larga duraci\u00f3n del cineasta autor Paul Thomas Anderson. Ella tambi\u00e9n est\u00e1 listo para unirse a Matt Damon y Ben Affleck en <em>El rasg\u00f3n<\/em> en Netflix y es parte de Ryan Murphy&#8217;s <em>All&#8217;s Fair<\/em> Junto a Kim Kardashian, Naomi Watts, Glenn Close y Sarah Paulson.<\/p><\/p>\n","protected":false},"excerpt":{"rendered":"<p>La media d\u00e9cada espera nueva Teyana Taylor La m\u00fasica ha terminado. La estrella de R&#038;B y el artista de m\u00faltiples hyphenate han lanzado &#8220;Long Time&#8221;,<\/p>\n","protected":false},"author":1,"featured_media":2834,"comment_status":"closed","ping_status":"","sticky":false,"template":"","format":"standard","meta":{"footnotes":""},"categories":[50],"tags":[147,56,2331,146,691,172,2635],"class_list":["post-2833","post","type-post","status-publish","format-standard","has-post-thumbnail","hentry","category-el-ultimo","tag-album","tag-anuncia","tag-escape","tag-nuevo","tag-room","tag-taylor","tag-teyana","generate-columns","tablet-grid-50","mobile-grid-100","grid-parent","grid-50"],"yoast_head":"<!-- This site is optimized with the Yoast SEO plugin v23.3 - https:\/\/yoast.com\/wordpress\/plugins\/seo\/ -->\n<title>Teyana Taylor anuncia un nuevo \u00e1lbum, &#039;Escape Room&#039;<\/title>\n<meta name=\"robots\" content=\"index, follow, max-snippet:-1, max-image-preview:large, max-video-preview:-1\" \/>\n<link rel=\"canonical\" href=\"https:\/\/web.consaguirre.com.ar\/noticias\/teyana-taylor-anuncia-un-nuevo-album-escape-room\/\" \/>\n<meta property=\"og:locale\" content=\"es_ES\" \/>\n<meta property=\"og:type\" content=\"article\" \/>\n<meta property=\"og:title\" content=\"Teyana Taylor anuncia un nuevo \u00e1lbum, &#039;Escape Room&#039;\" \/>\n<meta property=\"og:description\" content=\"La media d\u00e9cada espera nueva Teyana Taylor La m\u00fasica ha terminado. La estrella de R&#038;B y el artista de m\u00faltiples hyphenate han lanzado &#8220;Long Time&#8221;,\" \/>\n<meta property=\"og:url\" content=\"https:\/\/web.consaguirre.com.ar\/noticias\/teyana-taylor-anuncia-un-nuevo-album-escape-room\/\" \/>\n<meta property=\"og:site_name\" content=\"Conservatorio de M\u00fasica Juli\u00e1n Aguirre\" \/>\n<meta property=\"article:published_time\" content=\"2025-06-04T18:39:44+00:00\" \/>\n<meta property=\"article:modified_time\" content=\"2025-06-04T18:39:45+00:00\" \/>\n<meta property=\"og:image\" content=\"https:\/\/web.consaguirre.com.ar\/noticias\/wp-content\/uploads\/2025\/06\/Teyana-Taylor-anuncia-un-nuevo-album-Escape-Room.jpg\" \/>\n\t<meta property=\"og:image:width\" content=\"820\" \/>\n\t<meta property=\"og:image:height\" content=\"820\" \/>\n\t<meta property=\"og:image:type\" content=\"image\/jpeg\" \/>\n<meta name=\"author\" content=\"Javier Figueroa\" \/>\n<meta name=\"twitter:card\" content=\"summary_large_image\" \/>\n<meta name=\"twitter:label1\" content=\"Escrito por\" \/>\n\t<meta name=\"twitter:data1\" content=\"Javier Figueroa\" \/>\n\t<meta name=\"twitter:label2\" content=\"Tiempo de lectura\" \/>\n\t<meta name=\"twitter:data2\" content=\"2 minutos\" \/>\n<script type=\"application\/ld+json\" class=\"yoast-schema-graph\">{\"@context\":\"https:\/\/schema.org\",\"@graph\":[{\"@type\":\"Article\",\"@id\":\"https:\/\/web.consaguirre.com.ar\/noticias\/teyana-taylor-anuncia-un-nuevo-album-escape-room\/#article\",\"isPartOf\":{\"@id\":\"https:\/\/web.consaguirre.com.ar\/noticias\/teyana-taylor-anuncia-un-nuevo-album-escape-room\/\"},\"author\":{\"name\":\"Javier Figueroa\",\"@id\":\"https:\/\/web.consaguirre.com.ar\/noticias\/#\/schema\/person\/6558b0cfedee7ddc5425602b237d5722\"},\"headline\":\"Teyana Taylor anuncia un nuevo \u00e1lbum, &#8216;Escape Room&#8217;\",\"datePublished\":\"2025-06-04T18:39:44+00:00\",\"dateModified\":\"2025-06-04T18:39:45+00:00\",\"mainEntityOfPage\":{\"@id\":\"https:\/\/web.consaguirre.com.ar\/noticias\/teyana-taylor-anuncia-un-nuevo-album-escape-room\/\"},\"wordCount\":388,\"publisher\":{\"@id\":\"https:\/\/web.consaguirre.com.ar\/noticias\/#organization\"},\"image\":{\"@id\":\"https:\/\/web.consaguirre.com.ar\/noticias\/teyana-taylor-anuncia-un-nuevo-album-escape-room\/#primaryimage\"},\"thumbnailUrl\":\"https:\/\/web.consaguirre.com.ar\/noticias\/wp-content\/uploads\/2025\/06\/Teyana-Taylor-anuncia-un-nuevo-album-Escape-Room.jpg\",\"keywords\":[\"\u00e1lbum\",\"anuncia\",\"Escape\",\"nuevo\",\"Room\",\"Taylor\",\"Teyana\"],\"articleSection\":[\"El \u00faltimo\"],\"inLanguage\":\"es-AR\"},{\"@type\":\"WebPage\",\"@id\":\"https:\/\/web.consaguirre.com.ar\/noticias\/teyana-taylor-anuncia-un-nuevo-album-escape-room\/\",\"url\":\"https:\/\/web.consaguirre.com.ar\/noticias\/teyana-taylor-anuncia-un-nuevo-album-escape-room\/\",\"name\":\"Teyana Taylor anuncia un nuevo \u00e1lbum, 'Escape Room'\",\"isPartOf\":{\"@id\":\"https:\/\/web.consaguirre.com.ar\/noticias\/#website\"},\"primaryImageOfPage\":{\"@id\":\"https:\/\/web.consaguirre.com.ar\/noticias\/teyana-taylor-anuncia-un-nuevo-album-escape-room\/#primaryimage\"},\"image\":{\"@id\":\"https:\/\/web.consaguirre.com.ar\/noticias\/teyana-taylor-anuncia-un-nuevo-album-escape-room\/#primaryimage\"},\"thumbnailUrl\":\"https:\/\/web.consaguirre.com.ar\/noticias\/wp-content\/uploads\/2025\/06\/Teyana-Taylor-anuncia-un-nuevo-album-Escape-Room.jpg\",\"datePublished\":\"2025-06-04T18:39:44+00:00\",\"dateModified\":\"2025-06-04T18:39:45+00:00\",\"breadcrumb\":{\"@id\":\"https:\/\/web.consaguirre.com.ar\/noticias\/teyana-taylor-anuncia-un-nuevo-album-escape-room\/#breadcrumb\"},\"inLanguage\":\"es-AR\",\"potentialAction\":[{\"@type\":\"ReadAction\",\"target\":[\"https:\/\/web.consaguirre.com.ar\/noticias\/teyana-taylor-anuncia-un-nuevo-album-escape-room\/\"]}]},{\"@type\":\"ImageObject\",\"inLanguage\":\"es-AR\",\"@id\":\"https:\/\/web.consaguirre.com.ar\/noticias\/teyana-taylor-anuncia-un-nuevo-album-escape-room\/#primaryimage\",\"url\":\"https:\/\/web.consaguirre.com.ar\/noticias\/wp-content\/uploads\/2025\/06\/Teyana-Taylor-anuncia-un-nuevo-album-Escape-Room.jpg\",\"contentUrl\":\"https:\/\/web.consaguirre.com.ar\/noticias\/wp-content\/uploads\/2025\/06\/Teyana-Taylor-anuncia-un-nuevo-album-Escape-Room.jpg\",\"width\":820,\"height\":820,\"caption\":\"Teyana Taylor anuncia un nuevo \u00e1lbum, 'Escape Room'\"},{\"@type\":\"BreadcrumbList\",\"@id\":\"https:\/\/web.consaguirre.com.ar\/noticias\/teyana-taylor-anuncia-un-nuevo-album-escape-room\/#breadcrumb\",\"itemListElement\":[{\"@type\":\"ListItem\",\"position\":1,\"name\":\"Inicio\",\"item\":\"https:\/\/web.consaguirre.com.ar\/noticias\/\"},{\"@type\":\"ListItem\",\"position\":2,\"name\":\"Teyana Taylor anuncia un nuevo \u00e1lbum, &#8216;Escape Room&#8217;\"}]},{\"@type\":\"WebSite\",\"@id\":\"https:\/\/web.consaguirre.com.ar\/noticias\/#website\",\"url\":\"https:\/\/web.consaguirre.com.ar\/noticias\/\",\"name\":\"Conservatorio de M\u00fasica Juli\u00e1n Aguirre\",\"description\":\"\",\"publisher\":{\"@id\":\"https:\/\/web.consaguirre.com.ar\/noticias\/#organization\"},\"potentialAction\":[{\"@type\":\"SearchAction\",\"target\":{\"@type\":\"EntryPoint\",\"urlTemplate\":\"https:\/\/web.consaguirre.com.ar\/noticias\/?s={search_term_string}\"},\"query-input\":\"required name=search_term_string\"}],\"inLanguage\":\"es-AR\"},{\"@type\":\"Organization\",\"@id\":\"https:\/\/web.consaguirre.com.ar\/noticias\/#organization\",\"name\":\"Conservatorio de M\u00fasica Juli\u00e1n Aguirre\",\"url\":\"https:\/\/web.consaguirre.com.ar\/noticias\/\",\"logo\":{\"@type\":\"ImageObject\",\"inLanguage\":\"es-AR\",\"@id\":\"https:\/\/web.consaguirre.com.ar\/noticias\/#\/schema\/logo\/image\/\",\"url\":\"https:\/\/web.consaguirre.com.ar\/noticias\/wp-content\/uploads\/2024\/08\/Banner-Aguirre-23.jpg\",\"contentUrl\":\"https:\/\/web.consaguirre.com.ar\/noticias\/wp-content\/uploads\/2024\/08\/Banner-Aguirre-23.jpg\",\"width\":1192,\"height\":600,\"caption\":\"Conservatorio de M\u00fasica Juli\u00e1n Aguirre\"},\"image\":{\"@id\":\"https:\/\/web.consaguirre.com.ar\/noticias\/#\/schema\/logo\/image\/\"}},{\"@type\":\"Person\",\"@id\":\"https:\/\/web.consaguirre.com.ar\/noticias\/#\/schema\/person\/6558b0cfedee7ddc5425602b237d5722\",\"name\":\"Javier Figueroa\",\"image\":{\"@type\":\"ImageObject\",\"inLanguage\":\"es-AR\",\"@id\":\"https:\/\/web.consaguirre.com.ar\/noticias\/#\/schema\/person\/image\/\",\"url\":\"https:\/\/web.consaguirre.com.ar\/noticias\/wp-content\/uploads\/2024\/08\/Consaguirre-scaled.jpg\",\"contentUrl\":\"https:\/\/web.consaguirre.com.ar\/noticias\/wp-content\/uploads\/2024\/08\/Consaguirre-scaled.jpg\",\"caption\":\"Javier Figueroa\"},\"description\":\"Me llamo Javier Figueroa y soy redactor para el sitio oficial del Conservatorio de M\u00fasica Juli\u00e1n Aguirre en Buenos Aires, consaguirre.com. Apasionado por la m\u00fasica y la escritura, me esfuerzo por destacar los talentos y eventos de nuestra prestigiosa instituci\u00f3n. Mi trayectoria se nutre de una profunda admiraci\u00f3n por los artistas, haciendo de cada art\u00edculo una celebraci\u00f3n de la creatividad y la cultura musical.\",\"sameAs\":[\"https:\/\/web.consaguirre.com.ar\/noticias\"]}]}<\/script>\n<!-- \/ Yoast SEO plugin. -->","yoast_head_json":{"title":"Teyana Taylor anuncia un nuevo \u00e1lbum, 'Escape Room'","robots":{"index":"index","follow":"follow","max-snippet":"max-snippet:-1","max-image-preview":"max-image-preview:large","max-video-preview":"max-video-preview:-1"},"canonical":"https:\/\/web.consaguirre.com.ar\/noticias\/teyana-taylor-anuncia-un-nuevo-album-escape-room\/","og_locale":"es_ES","og_type":"article","og_title":"Teyana Taylor anuncia un nuevo \u00e1lbum, 'Escape Room'","og_description":"La media d\u00e9cada espera nueva Teyana Taylor La m\u00fasica ha terminado. La estrella de R&#038;B y el artista de m\u00faltiples hyphenate han lanzado &#8220;Long Time&#8221;,","og_url":"https:\/\/web.consaguirre.com.ar\/noticias\/teyana-taylor-anuncia-un-nuevo-album-escape-room\/","og_site_name":"Conservatorio de M\u00fasica Juli\u00e1n Aguirre","article_published_time":"2025-06-04T18:39:44+00:00","article_modified_time":"2025-06-04T18:39:45+00:00","og_image":[{"width":820,"height":820,"url":"https:\/\/web.consaguirre.com.ar\/noticias\/wp-content\/uploads\/2025\/06\/Teyana-Taylor-anuncia-un-nuevo-album-Escape-Room.jpg","type":"image\/jpeg"}],"author":"Javier Figueroa","twitter_card":"summary_large_image","twitter_misc":{"Escrito por":"Javier Figueroa","Tiempo de lectura":"2 minutos"},"schema":{"@context":"https:\/\/schema.org","@graph":[{"@type":"Article","@id":"https:\/\/web.consaguirre.com.ar\/noticias\/teyana-taylor-anuncia-un-nuevo-album-escape-room\/#article","isPartOf":{"@id":"https:\/\/web.consaguirre.com.ar\/noticias\/teyana-taylor-anuncia-un-nuevo-album-escape-room\/"},"author":{"name":"Javier Figueroa","@id":"https:\/\/web.consaguirre.com.ar\/noticias\/#\/schema\/person\/6558b0cfedee7ddc5425602b237d5722"},"headline":"Teyana Taylor anuncia un nuevo \u00e1lbum, &#8216;Escape Room&#8217;","datePublished":"2025-06-04T18:39:44+00:00","dateModified":"2025-06-04T18:39:45+00:00","mainEntityOfPage":{"@id":"https:\/\/web.consaguirre.com.ar\/noticias\/teyana-taylor-anuncia-un-nuevo-album-escape-room\/"},"wordCount":388,"publisher":{"@id":"https:\/\/web.consaguirre.com.ar\/noticias\/#organization"},"image":{"@id":"https:\/\/web.consaguirre.com.ar\/noticias\/teyana-taylor-anuncia-un-nuevo-album-escape-room\/#primaryimage"},"thumbnailUrl":"https:\/\/web.consaguirre.com.ar\/noticias\/wp-content\/uploads\/2025\/06\/Teyana-Taylor-anuncia-un-nuevo-album-Escape-Room.jpg","keywords":["\u00e1lbum","anuncia","Escape","nuevo","Room","Taylor","Teyana"],"articleSection":["El \u00faltimo"],"inLanguage":"es-AR"},{"@type":"WebPage","@id":"https:\/\/web.consaguirre.com.ar\/noticias\/teyana-taylor-anuncia-un-nuevo-album-escape-room\/","url":"https:\/\/web.consaguirre.com.ar\/noticias\/teyana-taylor-anuncia-un-nuevo-album-escape-room\/","name":"Teyana Taylor anuncia un nuevo \u00e1lbum, 'Escape Room'","isPartOf":{"@id":"https:\/\/web.consaguirre.com.ar\/noticias\/#website"},"primaryImageOfPage":{"@id":"https:\/\/web.consaguirre.com.ar\/noticias\/teyana-taylor-anuncia-un-nuevo-album-escape-room\/#primaryimage"},"image":{"@id":"https:\/\/web.consaguirre.com.ar\/noticias\/teyana-taylor-anuncia-un-nuevo-album-escape-room\/#primaryimage"},"thumbnailUrl":"https:\/\/web.consaguirre.com.ar\/noticias\/wp-content\/uploads\/2025\/06\/Teyana-Taylor-anuncia-un-nuevo-album-Escape-Room.jpg","datePublished":"2025-06-04T18:39:44+00:00","dateModified":"2025-06-04T18:39:45+00:00","breadcrumb":{"@id":"https:\/\/web.consaguirre.com.ar\/noticias\/teyana-taylor-anuncia-un-nuevo-album-escape-room\/#breadcrumb"},"inLanguage":"es-AR","potentialAction":[{"@type":"ReadAction","target":["https:\/\/web.consaguirre.com.ar\/noticias\/teyana-taylor-anuncia-un-nuevo-album-escape-room\/"]}]},{"@type":"ImageObject","inLanguage":"es-AR","@id":"https:\/\/web.consaguirre.com.ar\/noticias\/teyana-taylor-anuncia-un-nuevo-album-escape-room\/#primaryimage","url":"https:\/\/web.consaguirre.com.ar\/noticias\/wp-content\/uploads\/2025\/06\/Teyana-Taylor-anuncia-un-nuevo-album-Escape-Room.jpg","contentUrl":"https:\/\/web.consaguirre.com.ar\/noticias\/wp-content\/uploads\/2025\/06\/Teyana-Taylor-anuncia-un-nuevo-album-Escape-Room.jpg","width":820,"height":820,"caption":"Teyana Taylor anuncia un nuevo \u00e1lbum, 'Escape Room'"},{"@type":"BreadcrumbList","@id":"https:\/\/web.consaguirre.com.ar\/noticias\/teyana-taylor-anuncia-un-nuevo-album-escape-room\/#breadcrumb","itemListElement":[{"@type":"ListItem","position":1,"name":"Inicio","item":"https:\/\/web.consaguirre.com.ar\/noticias\/"},{"@type":"ListItem","position":2,"name":"Teyana Taylor anuncia un nuevo \u00e1lbum, &#8216;Escape Room&#8217;"}]},{"@type":"WebSite","@id":"https:\/\/web.consaguirre.com.ar\/noticias\/#website","url":"https:\/\/web.consaguirre.com.ar\/noticias\/","name":"Conservatorio de M\u00fasica Juli\u00e1n Aguirre","description":"","publisher":{"@id":"https:\/\/web.consaguirre.com.ar\/noticias\/#organization"},"potentialAction":[{"@type":"SearchAction","target":{"@type":"EntryPoint","urlTemplate":"https:\/\/web.consaguirre.com.ar\/noticias\/?s={search_term_string}"},"query-input":"required name=search_term_string"}],"inLanguage":"es-AR"},{"@type":"Organization","@id":"https:\/\/web.consaguirre.com.ar\/noticias\/#organization","name":"Conservatorio de M\u00fasica Juli\u00e1n Aguirre","url":"https:\/\/web.consaguirre.com.ar\/noticias\/","logo":{"@type":"ImageObject","inLanguage":"es-AR","@id":"https:\/\/web.consaguirre.com.ar\/noticias\/#\/schema\/logo\/image\/","url":"https:\/\/web.consaguirre.com.ar\/noticias\/wp-content\/uploads\/2024\/08\/Banner-Aguirre-23.jpg","contentUrl":"https:\/\/web.consaguirre.com.ar\/noticias\/wp-content\/uploads\/2024\/08\/Banner-Aguirre-23.jpg","width":1192,"height":600,"caption":"Conservatorio de M\u00fasica Juli\u00e1n Aguirre"},"image":{"@id":"https:\/\/web.consaguirre.com.ar\/noticias\/#\/schema\/logo\/image\/"}},{"@type":"Person","@id":"https:\/\/web.consaguirre.com.ar\/noticias\/#\/schema\/person\/6558b0cfedee7ddc5425602b237d5722","name":"Javier Figueroa","image":{"@type":"ImageObject","inLanguage":"es-AR","@id":"https:\/\/web.consaguirre.com.ar\/noticias\/#\/schema\/person\/image\/","url":"https:\/\/web.consaguirre.com.ar\/noticias\/wp-content\/uploads\/2024\/08\/Consaguirre-scaled.jpg","contentUrl":"https:\/\/web.consaguirre.com.ar\/noticias\/wp-content\/uploads\/2024\/08\/Consaguirre-scaled.jpg","caption":"Javier Figueroa"},"description":"Me llamo Javier Figueroa y soy redactor para el sitio oficial del Conservatorio de M\u00fasica Juli\u00e1n Aguirre en Buenos Aires, consaguirre.com. Apasionado por la m\u00fasica y la escritura, me esfuerzo por destacar los talentos y eventos de nuestra prestigiosa instituci\u00f3n. Mi trayectoria se nutre de una profunda admiraci\u00f3n por los artistas, haciendo de cada art\u00edculo una celebraci\u00f3n de la creatividad y la cultura musical.","sameAs":["https:\/\/web.consaguirre.com.ar\/noticias"]}]}},"_links":{"self":[{"href":"https:\/\/web.consaguirre.com.ar\/noticias\/wp-json\/wp\/v2\/posts\/2833"}],"collection":[{"href":"https:\/\/web.consaguirre.com.ar\/noticias\/wp-json\/wp\/v2\/posts"}],"about":[{"href":"https:\/\/web.consaguirre.com.ar\/noticias\/wp-json\/wp\/v2\/types\/post"}],"author":[{"embeddable":true,"href":"https:\/\/web.consaguirre.com.ar\/noticias\/wp-json\/wp\/v2\/users\/1"}],"replies":[{"embeddable":true,"href":"https:\/\/web.consaguirre.com.ar\/noticias\/wp-json\/wp\/v2\/comments?post=2833"}],"version-history":[{"count":1,"href":"https:\/\/web.consaguirre.com.ar\/noticias\/wp-json\/wp\/v2\/posts\/2833\/revisions"}],"predecessor-version":[{"id":2835,"href":"https:\/\/web.consaguirre.com.ar\/noticias\/wp-json\/wp\/v2\/posts\/2833\/revisions\/2835"}],"wp:featuredmedia":[{"embeddable":true,"href":"https:\/\/web.consaguirre.com.ar\/noticias\/wp-json\/wp\/v2\/media\/2834"}],"wp:attachment":[{"href":"https:\/\/web.consaguirre.com.ar\/noticias\/wp-json\/wp\/v2\/media?parent=2833"}],"wp:term":[{"taxonomy":"category","embeddable":true,"href":"https:\/\/web.consaguirre.com.ar\/noticias\/wp-json\/wp\/v2\/categories?post=2833"},{"taxonomy":"post_tag","embeddable":true,"href":"https:\/\/web.consaguirre.com.ar\/noticias\/wp-json\/wp\/v2\/tags?post=2833"}],"curies":[{"name":"wp","href":"https:\/\/api.w.org\/{rel}","templated":true}]}}