{"id":2827,"date":"2025-06-04T03:41:12","date_gmt":"2025-06-04T06:41:12","guid":{"rendered":"https:\/\/web.consaguirre.com.ar\/noticias\/suena-de-mca-como-si-nashville-anuncie-la-adquisicion-de-cuatro-dias-de-skydeck-en-broadway\/"},"modified":"2025-06-04T03:41:13","modified_gmt":"2025-06-04T06:41:13","slug":"suena-de-mca-como-si-nashville-anuncie-la-adquisicion-de-cuatro-dias-de-skydeck-en-broadway","status":"publish","type":"post","link":"https:\/\/web.consaguirre.com.ar\/noticias\/suena-de-mca-como-si-nashville-anuncie-la-adquisicion-de-cuatro-dias-de-skydeck-en-broadway\/","title":{"rendered":"Suena de MCA como si Nashville anuncie la adquisici\u00f3n de cuatro d\u00edas de SkyDeck en Broadway"},"content":{"rendered":"<p>Music Corporation of America (MCA) ha anunciado que <strong>Suena como Nashville<\/strong> Live se est\u00e1 preparando para su tercera adquisici\u00f3n anual en Skydeck en Broadway del 5 al 8 de junio de 2025.<\/p>\n<p>El evento de cuatro d\u00edas es gratuito para el p\u00fablico y presenta algunos de los artistas m\u00e1s grandes de la m\u00fasica country y estrellas en ascenso para actuaciones en vivo, fiestas y firmas de clubes de admiradores, ofertas especiales de mercanc\u00edas y m\u00e1s.<\/p>\n<p>Estrella del campo <strong>Jordan Davis<\/strong> est\u00e1 organizando su fiesta en su club de admiradores en Sounds como Nashville Live exclusivamente para los miembros de la parroquia. Los beneficios de la membres\u00eda incluyen acceso a boletos de preventa, solo merches, primer acceso a Meet and Greets y ventanas emergentes, acceso a contenido exclusivo y mucho m\u00e1s.<\/p>\n<p><strong>Parker McCollum<\/strong> Ofrece un n\u00famero limitado de fan\u00e1ticos que pre-ordenan su nuevo \u00e1lbum en Skydeck solo el 5 o 6 de junio, un encuentro y saludos exclusivos el 7 de junio. El quinto \u00e1lbum de estudio de McCollum, que saldr\u00e1 el 27 de junio, presenta &#8220;Big Sky&#8221;, &#8220;Hope que soy suficiente&#8221; y su \u00e9xito actual, &#8220;What KindA Man&#8221;.<\/p>\n<div class=\"uD-YT-container\"><img decoding=\"async\" src=\"https:\/\/web.consaguirre.com.ar\/noticias\/wp-content\/uploads\/2025\/06\/1749019272_699_Suena-de-MCA-como-si-Nashville-anuncie-la-adquisicion-de.jpg\" alt=\"Video de YouTube\"><br \/>Haga clic para cargar video<\/div>\n<p>Otros artistas que aparecer\u00e1n incluyen a Abbie Callahan, Anna Rae, Belle Frantz e hijos del h\u00e1bito, adem\u00e1s, a la letrista y artista aclamada por la cr\u00edtica, Sam Williams. Las festividades tambi\u00e9n incluyen conjuntos de Franni Cash, nominados al Grammy, los talentos canadienses, James Barker Band y Kalsey Kulyk, y el artista emergente Peech.<\/p>\n<p>Peloton tambi\u00e9n ha extendido sus clases otro d\u00eda, por lo que las cuatro ma\u00f1anas de sonidos como Nashville Live ahora cuentan con clases de entrenamiento de alta energ\u00eda que incluyen Dance Cardio, Hiit Cardio y Barre Classes dirigidas por los instructores de Peloton Callie Gullickson, Hannah Corbin y Logan Aldridge. Callie, Hannah y Logan tambi\u00e9n servir\u00e1n como MCS durante la adquisici\u00f3n de cuatro d\u00edas.<\/p>\n<p>Otros artistas incluyen Bryce Leatherwood, Carter Faith, Caylee Hammack, Colt Graves, Crowe Boys, Evan Bartels, Josh Ross, Landon Smith, Louie Thesinger, Mark Wills, Timothy Wayne, Tucker Wetmore, Vincent Mason y 49 Winchester.<\/p>\n<p>Para los fan\u00e1ticos que no puedan unirse a la persona, suena como si las actuaciones en vivo de Nashville se transmitan en vivo <strong>Twitch Channel de Universal Music Group, 3Point5<\/strong>.<\/p>\n<p><strong>Obtenga m\u00e1s informaci\u00f3n sobre los sonidos como eventos en vivo de Nashville.<\/strong><\/p>\n","protected":false},"excerpt":{"rendered":"<p>Music Corporation of America (MCA) ha anunciado que Suena como Nashville Live se est\u00e1 preparando para su tercera adquisici\u00f3n anual en Skydeck en Broadway del<\/p>\n","protected":false},"author":1,"featured_media":2828,"comment_status":"closed","ping_status":"","sticky":false,"template":"","format":"standard","meta":{"footnotes":""},"categories":[50],"tags":[2631,2630,2633,331,1340,2092,2629,1680,2632,2628],"class_list":["post-2827","post","type-post","status-publish","format-standard","has-post-thumbnail","hentry","category-el-ultimo","tag-adquisicion","tag-anuncie","tag-broadway","tag-como","tag-cuatro","tag-dias","tag-mca","tag-nashville","tag-skydeck","tag-suena","generate-columns","tablet-grid-50","mobile-grid-100","grid-parent","grid-50"],"yoast_head":"<!-- This site is optimized with the Yoast SEO plugin v23.3 - https:\/\/yoast.com\/wordpress\/plugins\/seo\/ -->\n<title>Suena de MCA como si Nashville anuncie la adquisici\u00f3n de cuatro d\u00edas de SkyDeck en Broadway<\/title>\n<meta name=\"robots\" content=\"index, follow, max-snippet:-1, max-image-preview:large, max-video-preview:-1\" \/>\n<link rel=\"canonical\" href=\"https:\/\/web.consaguirre.com.ar\/noticias\/suena-de-mca-como-si-nashville-anuncie-la-adquisicion-de-cuatro-dias-de-skydeck-en-broadway\/\" \/>\n<meta property=\"og:locale\" content=\"es_ES\" \/>\n<meta property=\"og:type\" content=\"article\" \/>\n<meta property=\"og:title\" content=\"Suena de MCA como si Nashville anuncie la adquisici\u00f3n de cuatro d\u00edas de SkyDeck en Broadway\" \/>\n<meta property=\"og:description\" content=\"Music Corporation of America (MCA) ha anunciado que Suena como Nashville Live se est\u00e1 preparando para su tercera adquisici\u00f3n anual en Skydeck en Broadway del\" \/>\n<meta property=\"og:url\" content=\"https:\/\/web.consaguirre.com.ar\/noticias\/suena-de-mca-como-si-nashville-anuncie-la-adquisicion-de-cuatro-dias-de-skydeck-en-broadway\/\" \/>\n<meta property=\"og:site_name\" content=\"Conservatorio de M\u00fasica Juli\u00e1n Aguirre\" \/>\n<meta property=\"article:published_time\" content=\"2025-06-04T06:41:12+00:00\" \/>\n<meta property=\"article:modified_time\" content=\"2025-06-04T06:41:13+00:00\" \/>\n<meta property=\"og:image\" content=\"https:\/\/web.consaguirre.com.ar\/noticias\/wp-content\/uploads\/2025\/06\/Suena-de-MCA-como-si-Nashville-anuncie-la-adquisicion-de.jpg\" \/>\n\t<meta property=\"og:image:width\" content=\"1440\" \/>\n\t<meta property=\"og:image:height\" content=\"864\" \/>\n\t<meta property=\"og:image:type\" content=\"image\/jpeg\" \/>\n<meta name=\"author\" content=\"Javier Figueroa\" \/>\n<meta name=\"twitter:card\" content=\"summary_large_image\" \/>\n<meta name=\"twitter:label1\" content=\"Escrito por\" \/>\n\t<meta name=\"twitter:data1\" content=\"Javier Figueroa\" \/>\n\t<meta name=\"twitter:label2\" content=\"Tiempo de lectura\" \/>\n\t<meta name=\"twitter:data2\" content=\"2 minutos\" \/>\n<script type=\"application\/ld+json\" class=\"yoast-schema-graph\">{\"@context\":\"https:\/\/schema.org\",\"@graph\":[{\"@type\":\"Article\",\"@id\":\"https:\/\/web.consaguirre.com.ar\/noticias\/suena-de-mca-como-si-nashville-anuncie-la-adquisicion-de-cuatro-dias-de-skydeck-en-broadway\/#article\",\"isPartOf\":{\"@id\":\"https:\/\/web.consaguirre.com.ar\/noticias\/suena-de-mca-como-si-nashville-anuncie-la-adquisicion-de-cuatro-dias-de-skydeck-en-broadway\/\"},\"author\":{\"name\":\"Javier Figueroa\",\"@id\":\"https:\/\/web.consaguirre.com.ar\/noticias\/#\/schema\/person\/6558b0cfedee7ddc5425602b237d5722\"},\"headline\":\"Suena de MCA como si Nashville anuncie la adquisici\u00f3n de cuatro d\u00edas de SkyDeck en Broadway\",\"datePublished\":\"2025-06-04T06:41:12+00:00\",\"dateModified\":\"2025-06-04T06:41:13+00:00\",\"mainEntityOfPage\":{\"@id\":\"https:\/\/web.consaguirre.com.ar\/noticias\/suena-de-mca-como-si-nashville-anuncie-la-adquisicion-de-cuatro-dias-de-skydeck-en-broadway\/\"},\"wordCount\":421,\"publisher\":{\"@id\":\"https:\/\/web.consaguirre.com.ar\/noticias\/#organization\"},\"image\":{\"@id\":\"https:\/\/web.consaguirre.com.ar\/noticias\/suena-de-mca-como-si-nashville-anuncie-la-adquisicion-de-cuatro-dias-de-skydeck-en-broadway\/#primaryimage\"},\"thumbnailUrl\":\"https:\/\/web.consaguirre.com.ar\/noticias\/wp-content\/uploads\/2025\/06\/Suena-de-MCA-como-si-Nashville-anuncie-la-adquisicion-de.jpg\",\"keywords\":[\"adquisici\u00f3n\",\"anuncie\",\"Broadway\",\"como\",\"cuatro\",\"D\u00edas\",\"MCA\",\"Nashville\",\"SkyDeck\",\"Suena\"],\"articleSection\":[\"El \u00faltimo\"],\"inLanguage\":\"es-AR\"},{\"@type\":\"WebPage\",\"@id\":\"https:\/\/web.consaguirre.com.ar\/noticias\/suena-de-mca-como-si-nashville-anuncie-la-adquisicion-de-cuatro-dias-de-skydeck-en-broadway\/\",\"url\":\"https:\/\/web.consaguirre.com.ar\/noticias\/suena-de-mca-como-si-nashville-anuncie-la-adquisicion-de-cuatro-dias-de-skydeck-en-broadway\/\",\"name\":\"Suena de MCA como si Nashville anuncie la adquisici\u00f3n de cuatro d\u00edas de SkyDeck en Broadway\",\"isPartOf\":{\"@id\":\"https:\/\/web.consaguirre.com.ar\/noticias\/#website\"},\"primaryImageOfPage\":{\"@id\":\"https:\/\/web.consaguirre.com.ar\/noticias\/suena-de-mca-como-si-nashville-anuncie-la-adquisicion-de-cuatro-dias-de-skydeck-en-broadway\/#primaryimage\"},\"image\":{\"@id\":\"https:\/\/web.consaguirre.com.ar\/noticias\/suena-de-mca-como-si-nashville-anuncie-la-adquisicion-de-cuatro-dias-de-skydeck-en-broadway\/#primaryimage\"},\"thumbnailUrl\":\"https:\/\/web.consaguirre.com.ar\/noticias\/wp-content\/uploads\/2025\/06\/Suena-de-MCA-como-si-Nashville-anuncie-la-adquisicion-de.jpg\",\"datePublished\":\"2025-06-04T06:41:12+00:00\",\"dateModified\":\"2025-06-04T06:41:13+00:00\",\"breadcrumb\":{\"@id\":\"https:\/\/web.consaguirre.com.ar\/noticias\/suena-de-mca-como-si-nashville-anuncie-la-adquisicion-de-cuatro-dias-de-skydeck-en-broadway\/#breadcrumb\"},\"inLanguage\":\"es-AR\",\"potentialAction\":[{\"@type\":\"ReadAction\",\"target\":[\"https:\/\/web.consaguirre.com.ar\/noticias\/suena-de-mca-como-si-nashville-anuncie-la-adquisicion-de-cuatro-dias-de-skydeck-en-broadway\/\"]}]},{\"@type\":\"ImageObject\",\"inLanguage\":\"es-AR\",\"@id\":\"https:\/\/web.consaguirre.com.ar\/noticias\/suena-de-mca-como-si-nashville-anuncie-la-adquisicion-de-cuatro-dias-de-skydeck-en-broadway\/#primaryimage\",\"url\":\"https:\/\/web.consaguirre.com.ar\/noticias\/wp-content\/uploads\/2025\/06\/Suena-de-MCA-como-si-Nashville-anuncie-la-adquisicion-de.jpg\",\"contentUrl\":\"https:\/\/web.consaguirre.com.ar\/noticias\/wp-content\/uploads\/2025\/06\/Suena-de-MCA-como-si-Nashville-anuncie-la-adquisicion-de.jpg\",\"width\":1440,\"height\":864,\"caption\":\"Suena de MCA como si Nashville anuncie la adquisici\u00f3n de cuatro d\u00edas de SkyDeck en Broadway\"},{\"@type\":\"BreadcrumbList\",\"@id\":\"https:\/\/web.consaguirre.com.ar\/noticias\/suena-de-mca-como-si-nashville-anuncie-la-adquisicion-de-cuatro-dias-de-skydeck-en-broadway\/#breadcrumb\",\"itemListElement\":[{\"@type\":\"ListItem\",\"position\":1,\"name\":\"Inicio\",\"item\":\"https:\/\/web.consaguirre.com.ar\/noticias\/\"},{\"@type\":\"ListItem\",\"position\":2,\"name\":\"Suena de MCA como si Nashville anuncie la adquisici\u00f3n de cuatro d\u00edas de SkyDeck en Broadway\"}]},{\"@type\":\"WebSite\",\"@id\":\"https:\/\/web.consaguirre.com.ar\/noticias\/#website\",\"url\":\"https:\/\/web.consaguirre.com.ar\/noticias\/\",\"name\":\"Conservatorio de M\u00fasica Juli\u00e1n Aguirre\",\"description\":\"\",\"publisher\":{\"@id\":\"https:\/\/web.consaguirre.com.ar\/noticias\/#organization\"},\"potentialAction\":[{\"@type\":\"SearchAction\",\"target\":{\"@type\":\"EntryPoint\",\"urlTemplate\":\"https:\/\/web.consaguirre.com.ar\/noticias\/?s={search_term_string}\"},\"query-input\":\"required name=search_term_string\"}],\"inLanguage\":\"es-AR\"},{\"@type\":\"Organization\",\"@id\":\"https:\/\/web.consaguirre.com.ar\/noticias\/#organization\",\"name\":\"Conservatorio de M\u00fasica Juli\u00e1n Aguirre\",\"url\":\"https:\/\/web.consaguirre.com.ar\/noticias\/\",\"logo\":{\"@type\":\"ImageObject\",\"inLanguage\":\"es-AR\",\"@id\":\"https:\/\/web.consaguirre.com.ar\/noticias\/#\/schema\/logo\/image\/\",\"url\":\"https:\/\/web.consaguirre.com.ar\/noticias\/wp-content\/uploads\/2024\/08\/Banner-Aguirre-23.jpg\",\"contentUrl\":\"https:\/\/web.consaguirre.com.ar\/noticias\/wp-content\/uploads\/2024\/08\/Banner-Aguirre-23.jpg\",\"width\":1192,\"height\":600,\"caption\":\"Conservatorio de M\u00fasica Juli\u00e1n Aguirre\"},\"image\":{\"@id\":\"https:\/\/web.consaguirre.com.ar\/noticias\/#\/schema\/logo\/image\/\"}},{\"@type\":\"Person\",\"@id\":\"https:\/\/web.consaguirre.com.ar\/noticias\/#\/schema\/person\/6558b0cfedee7ddc5425602b237d5722\",\"name\":\"Javier Figueroa\",\"image\":{\"@type\":\"ImageObject\",\"inLanguage\":\"es-AR\",\"@id\":\"https:\/\/web.consaguirre.com.ar\/noticias\/#\/schema\/person\/image\/\",\"url\":\"https:\/\/web.consaguirre.com.ar\/noticias\/wp-content\/uploads\/2024\/08\/Consaguirre-scaled.jpg\",\"contentUrl\":\"https:\/\/web.consaguirre.com.ar\/noticias\/wp-content\/uploads\/2024\/08\/Consaguirre-scaled.jpg\",\"caption\":\"Javier Figueroa\"},\"description\":\"Me llamo Javier Figueroa y soy redactor para el sitio oficial del Conservatorio de M\u00fasica Juli\u00e1n Aguirre en Buenos Aires, consaguirre.com. Apasionado por la m\u00fasica y la escritura, me esfuerzo por destacar los talentos y eventos de nuestra prestigiosa instituci\u00f3n. Mi trayectoria se nutre de una profunda admiraci\u00f3n por los artistas, haciendo de cada art\u00edculo una celebraci\u00f3n de la creatividad y la cultura musical.\",\"sameAs\":[\"https:\/\/web.consaguirre.com.ar\/noticias\"]}]}<\/script>\n<!-- \/ Yoast SEO plugin. -->","yoast_head_json":{"title":"Suena de MCA como si Nashville anuncie la adquisici\u00f3n de cuatro d\u00edas de SkyDeck en Broadway","robots":{"index":"index","follow":"follow","max-snippet":"max-snippet:-1","max-image-preview":"max-image-preview:large","max-video-preview":"max-video-preview:-1"},"canonical":"https:\/\/web.consaguirre.com.ar\/noticias\/suena-de-mca-como-si-nashville-anuncie-la-adquisicion-de-cuatro-dias-de-skydeck-en-broadway\/","og_locale":"es_ES","og_type":"article","og_title":"Suena de MCA como si Nashville anuncie la adquisici\u00f3n de cuatro d\u00edas de SkyDeck en Broadway","og_description":"Music Corporation of America (MCA) ha anunciado que Suena como Nashville Live se est\u00e1 preparando para su tercera adquisici\u00f3n anual en Skydeck en Broadway del","og_url":"https:\/\/web.consaguirre.com.ar\/noticias\/suena-de-mca-como-si-nashville-anuncie-la-adquisicion-de-cuatro-dias-de-skydeck-en-broadway\/","og_site_name":"Conservatorio de M\u00fasica Juli\u00e1n Aguirre","article_published_time":"2025-06-04T06:41:12+00:00","article_modified_time":"2025-06-04T06:41:13+00:00","og_image":[{"width":1440,"height":864,"url":"https:\/\/web.consaguirre.com.ar\/noticias\/wp-content\/uploads\/2025\/06\/Suena-de-MCA-como-si-Nashville-anuncie-la-adquisicion-de.jpg","type":"image\/jpeg"}],"author":"Javier Figueroa","twitter_card":"summary_large_image","twitter_misc":{"Escrito por":"Javier Figueroa","Tiempo de lectura":"2 minutos"},"schema":{"@context":"https:\/\/schema.org","@graph":[{"@type":"Article","@id":"https:\/\/web.consaguirre.com.ar\/noticias\/suena-de-mca-como-si-nashville-anuncie-la-adquisicion-de-cuatro-dias-de-skydeck-en-broadway\/#article","isPartOf":{"@id":"https:\/\/web.consaguirre.com.ar\/noticias\/suena-de-mca-como-si-nashville-anuncie-la-adquisicion-de-cuatro-dias-de-skydeck-en-broadway\/"},"author":{"name":"Javier Figueroa","@id":"https:\/\/web.consaguirre.com.ar\/noticias\/#\/schema\/person\/6558b0cfedee7ddc5425602b237d5722"},"headline":"Suena de MCA como si Nashville anuncie la adquisici\u00f3n de cuatro d\u00edas de SkyDeck en Broadway","datePublished":"2025-06-04T06:41:12+00:00","dateModified":"2025-06-04T06:41:13+00:00","mainEntityOfPage":{"@id":"https:\/\/web.consaguirre.com.ar\/noticias\/suena-de-mca-como-si-nashville-anuncie-la-adquisicion-de-cuatro-dias-de-skydeck-en-broadway\/"},"wordCount":421,"publisher":{"@id":"https:\/\/web.consaguirre.com.ar\/noticias\/#organization"},"image":{"@id":"https:\/\/web.consaguirre.com.ar\/noticias\/suena-de-mca-como-si-nashville-anuncie-la-adquisicion-de-cuatro-dias-de-skydeck-en-broadway\/#primaryimage"},"thumbnailUrl":"https:\/\/web.consaguirre.com.ar\/noticias\/wp-content\/uploads\/2025\/06\/Suena-de-MCA-como-si-Nashville-anuncie-la-adquisicion-de.jpg","keywords":["adquisici\u00f3n","anuncie","Broadway","como","cuatro","D\u00edas","MCA","Nashville","SkyDeck","Suena"],"articleSection":["El \u00faltimo"],"inLanguage":"es-AR"},{"@type":"WebPage","@id":"https:\/\/web.consaguirre.com.ar\/noticias\/suena-de-mca-como-si-nashville-anuncie-la-adquisicion-de-cuatro-dias-de-skydeck-en-broadway\/","url":"https:\/\/web.consaguirre.com.ar\/noticias\/suena-de-mca-como-si-nashville-anuncie-la-adquisicion-de-cuatro-dias-de-skydeck-en-broadway\/","name":"Suena de MCA como si Nashville anuncie la adquisici\u00f3n de cuatro d\u00edas de SkyDeck en Broadway","isPartOf":{"@id":"https:\/\/web.consaguirre.com.ar\/noticias\/#website"},"primaryImageOfPage":{"@id":"https:\/\/web.consaguirre.com.ar\/noticias\/suena-de-mca-como-si-nashville-anuncie-la-adquisicion-de-cuatro-dias-de-skydeck-en-broadway\/#primaryimage"},"image":{"@id":"https:\/\/web.consaguirre.com.ar\/noticias\/suena-de-mca-como-si-nashville-anuncie-la-adquisicion-de-cuatro-dias-de-skydeck-en-broadway\/#primaryimage"},"thumbnailUrl":"https:\/\/web.consaguirre.com.ar\/noticias\/wp-content\/uploads\/2025\/06\/Suena-de-MCA-como-si-Nashville-anuncie-la-adquisicion-de.jpg","datePublished":"2025-06-04T06:41:12+00:00","dateModified":"2025-06-04T06:41:13+00:00","breadcrumb":{"@id":"https:\/\/web.consaguirre.com.ar\/noticias\/suena-de-mca-como-si-nashville-anuncie-la-adquisicion-de-cuatro-dias-de-skydeck-en-broadway\/#breadcrumb"},"inLanguage":"es-AR","potentialAction":[{"@type":"ReadAction","target":["https:\/\/web.consaguirre.com.ar\/noticias\/suena-de-mca-como-si-nashville-anuncie-la-adquisicion-de-cuatro-dias-de-skydeck-en-broadway\/"]}]},{"@type":"ImageObject","inLanguage":"es-AR","@id":"https:\/\/web.consaguirre.com.ar\/noticias\/suena-de-mca-como-si-nashville-anuncie-la-adquisicion-de-cuatro-dias-de-skydeck-en-broadway\/#primaryimage","url":"https:\/\/web.consaguirre.com.ar\/noticias\/wp-content\/uploads\/2025\/06\/Suena-de-MCA-como-si-Nashville-anuncie-la-adquisicion-de.jpg","contentUrl":"https:\/\/web.consaguirre.com.ar\/noticias\/wp-content\/uploads\/2025\/06\/Suena-de-MCA-como-si-Nashville-anuncie-la-adquisicion-de.jpg","width":1440,"height":864,"caption":"Suena de MCA como si Nashville anuncie la adquisici\u00f3n de cuatro d\u00edas de SkyDeck en Broadway"},{"@type":"BreadcrumbList","@id":"https:\/\/web.consaguirre.com.ar\/noticias\/suena-de-mca-como-si-nashville-anuncie-la-adquisicion-de-cuatro-dias-de-skydeck-en-broadway\/#breadcrumb","itemListElement":[{"@type":"ListItem","position":1,"name":"Inicio","item":"https:\/\/web.consaguirre.com.ar\/noticias\/"},{"@type":"ListItem","position":2,"name":"Suena de MCA como si Nashville anuncie la adquisici\u00f3n de cuatro d\u00edas de SkyDeck en Broadway"}]},{"@type":"WebSite","@id":"https:\/\/web.consaguirre.com.ar\/noticias\/#website","url":"https:\/\/web.consaguirre.com.ar\/noticias\/","name":"Conservatorio de M\u00fasica Juli\u00e1n Aguirre","description":"","publisher":{"@id":"https:\/\/web.consaguirre.com.ar\/noticias\/#organization"},"potentialAction":[{"@type":"SearchAction","target":{"@type":"EntryPoint","urlTemplate":"https:\/\/web.consaguirre.com.ar\/noticias\/?s={search_term_string}"},"query-input":"required name=search_term_string"}],"inLanguage":"es-AR"},{"@type":"Organization","@id":"https:\/\/web.consaguirre.com.ar\/noticias\/#organization","name":"Conservatorio de M\u00fasica Juli\u00e1n Aguirre","url":"https:\/\/web.consaguirre.com.ar\/noticias\/","logo":{"@type":"ImageObject","inLanguage":"es-AR","@id":"https:\/\/web.consaguirre.com.ar\/noticias\/#\/schema\/logo\/image\/","url":"https:\/\/web.consaguirre.com.ar\/noticias\/wp-content\/uploads\/2024\/08\/Banner-Aguirre-23.jpg","contentUrl":"https:\/\/web.consaguirre.com.ar\/noticias\/wp-content\/uploads\/2024\/08\/Banner-Aguirre-23.jpg","width":1192,"height":600,"caption":"Conservatorio de M\u00fasica Juli\u00e1n Aguirre"},"image":{"@id":"https:\/\/web.consaguirre.com.ar\/noticias\/#\/schema\/logo\/image\/"}},{"@type":"Person","@id":"https:\/\/web.consaguirre.com.ar\/noticias\/#\/schema\/person\/6558b0cfedee7ddc5425602b237d5722","name":"Javier Figueroa","image":{"@type":"ImageObject","inLanguage":"es-AR","@id":"https:\/\/web.consaguirre.com.ar\/noticias\/#\/schema\/person\/image\/","url":"https:\/\/web.consaguirre.com.ar\/noticias\/wp-content\/uploads\/2024\/08\/Consaguirre-scaled.jpg","contentUrl":"https:\/\/web.consaguirre.com.ar\/noticias\/wp-content\/uploads\/2024\/08\/Consaguirre-scaled.jpg","caption":"Javier Figueroa"},"description":"Me llamo Javier Figueroa y soy redactor para el sitio oficial del Conservatorio de M\u00fasica Juli\u00e1n Aguirre en Buenos Aires, consaguirre.com. Apasionado por la m\u00fasica y la escritura, me esfuerzo por destacar los talentos y eventos de nuestra prestigiosa instituci\u00f3n. Mi trayectoria se nutre de una profunda admiraci\u00f3n por los artistas, haciendo de cada art\u00edculo una celebraci\u00f3n de la creatividad y la cultura musical.","sameAs":["https:\/\/web.consaguirre.com.ar\/noticias"]}]}},"_links":{"self":[{"href":"https:\/\/web.consaguirre.com.ar\/noticias\/wp-json\/wp\/v2\/posts\/2827"}],"collection":[{"href":"https:\/\/web.consaguirre.com.ar\/noticias\/wp-json\/wp\/v2\/posts"}],"about":[{"href":"https:\/\/web.consaguirre.com.ar\/noticias\/wp-json\/wp\/v2\/types\/post"}],"author":[{"embeddable":true,"href":"https:\/\/web.consaguirre.com.ar\/noticias\/wp-json\/wp\/v2\/users\/1"}],"replies":[{"embeddable":true,"href":"https:\/\/web.consaguirre.com.ar\/noticias\/wp-json\/wp\/v2\/comments?post=2827"}],"version-history":[{"count":1,"href":"https:\/\/web.consaguirre.com.ar\/noticias\/wp-json\/wp\/v2\/posts\/2827\/revisions"}],"predecessor-version":[{"id":2829,"href":"https:\/\/web.consaguirre.com.ar\/noticias\/wp-json\/wp\/v2\/posts\/2827\/revisions\/2829"}],"wp:featuredmedia":[{"embeddable":true,"href":"https:\/\/web.consaguirre.com.ar\/noticias\/wp-json\/wp\/v2\/media\/2828"}],"wp:attachment":[{"href":"https:\/\/web.consaguirre.com.ar\/noticias\/wp-json\/wp\/v2\/media?parent=2827"}],"wp:term":[{"taxonomy":"category","embeddable":true,"href":"https:\/\/web.consaguirre.com.ar\/noticias\/wp-json\/wp\/v2\/categories?post=2827"},{"taxonomy":"post_tag","embeddable":true,"href":"https:\/\/web.consaguirre.com.ar\/noticias\/wp-json\/wp\/v2\/tags?post=2827"}],"curies":[{"name":"wp","href":"https:\/\/api.w.org\/{rel}","templated":true}]}}