{"id":2800,"date":"2025-05-31T00:40:03","date_gmt":"2025-05-31T03:40:03","guid":{"rendered":"https:\/\/web.consaguirre.com.ar\/noticias\/al-jardine-lanza-la-primera-nueva-coleccion-de-musica-en-15-anos\/"},"modified":"2025-05-31T00:40:04","modified_gmt":"2025-05-31T03:40:04","slug":"al-jardine-lanza-la-primera-nueva-coleccion-de-musica-en-15-anos","status":"publish","type":"post","link":"https:\/\/web.consaguirre.com.ar\/noticias\/al-jardine-lanza-la-primera-nueva-coleccion-de-musica-en-15-anos\/","title":{"rendered":"Al Jardine lanza la primera nueva colecci\u00f3n de m\u00fasica en 15 a\u00f1os"},"content":{"rendered":"<p>Al Jardine, cofundadora cantante, compositora y guitarrista de <strong>Los chicos de la playa<\/strong>ha lanzado su primera colecci\u00f3n nueva de canciones en 15 a\u00f1os con el nuevo EP Eclectic de 4 canciones, EP, <em>Islas al sol<\/em>. Se uni\u00f3 una colecci\u00f3n de invitados especiales en el proyecto, incluido Neil Young, su compa\u00f1ero de playa, Bruce Johnson, pulga de chile rojo caliente y su propio hijo, Matt Jardine.<\/p>\n<p>El EP comienza con &#8220;Islands in the Sun&#8221;, un gui\u00f1o amistoso a &#8220;Kokomo&#8221;. La canci\u00f3n presenta voces principales de Al y su hijo Matt Jardine, adem\u00e1s de una voz invitada del chico de la playa Bruce Johnston y un coro para ni\u00f1os de tres escuelas primarias locales. &#8220;&#8216;Islands in the Sun&#8217; captura esa magia especial que sentimos y cantamos en canciones de Beach Boys como &#8216;Island Girl&#8217; y &#8216;Kokomo'&#8221;, comparte Al. &#8220;Fue inspirado por los encantadores sonidos de Calypso de Harry Belafonte y el ambiente reggae relajado de Bob Marley. \u00a1Ahora no ser\u00eda divertido si pudi\u00e9ramos embotellarse el sol!&#8221;<\/p>\n<p>La segunda canci\u00f3n, &#8220;My Plane Leaves Tomorrow (AU Revoir)&#8221;, es un d\u00fao sincero con Neil Young en el que Al comenz\u00f3 a trabajar mientras grababa su \u00e1lbum debut en 2010, <em>Una postal de California<\/em>y ahora se ha completado casi una d\u00e9cada y media despu\u00e9s. Neil grab\u00f3 su voz en la misma sesi\u00f3n que grab\u00f3 <em>Tarjeta postal<\/em>&#8220;Una saga de California&#8221; con sus viejos compa\u00f1eros de banda, David Crosby y Stephen Stills. En la canci\u00f3n, Al y Neil comparten el mismo sentimiento sobre enviar nuestras tropas a guerras extranjeras. La canci\u00f3n incluye una parte de la melanc\u00f3lica llamada de corneta militar &#8220;Taps&#8221;, interpretada por Flea of \u200b\u200bthe Red Hot Chili Peppers, que estableci\u00f3 su contribuci\u00f3n cuando tambi\u00e9n proporcion\u00f3 graves para &#8220;Help Me Rhonda&#8221; para el <em>Tarjeta postal<\/em> \u00e1lbum.<\/p>\n<div class=\"uD-YT-container\"><img decoding=\"async\" src=\"https:\/\/web.consaguirre.com.ar\/noticias\/wp-content\/uploads\/2025\/05\/1748662803_296_Al-Jardine-lanza-la-primera-nueva-coleccion-de-musica-en.jpg\" alt=\"Video de YouTube\"><br \/>Haga clic para cargar video<\/div>\n<p>La pista 3, &#8220;Highway 101 (Rosarita Beach Caf\u00e9)&#8221;, es la versi\u00f3n de Al del cl\u00e1sico de Leiber\/Stoller, &#8220;Smokey Joe&#8217;s Caf\u00e9&#8221;. El original, grabado por The Coasters en 1956, fue una de las canciones favoritas de Al cuando era creciendo. Casi 70 a\u00f1os despu\u00e9s, obtuvo permiso de Mike Stoller para reescribir la letra. Esta nueva interpretaci\u00f3n presenta a los miembros de la banda de turismo de Beach Boys de larga data Ed Carter en el bajo y Mike Kowalski en la bater\u00eda, Michael Lent (el guitarrista de Barry Manilow durante m\u00e1s de 25 a\u00f1os) en la guitarra principal y Steve Douglas del legendario equipo de Wractking en Sax.<\/p>\n<p>El EP concluye con &#8220;Crumple Car&#8221;, una versi\u00f3n actualizada de la melod\u00eda olvidada de la pel\u00edcula de surf cl\u00e1sica de 1978, <em>Mi\u00e9rcoles grande<\/em>. Originalmente escrita por el surfista Denny Aaberg con Phil Pritchard, la canci\u00f3n fue tra\u00edda a la atenci\u00f3n de Al hace a\u00f1os y se ha reinventado como una oda folkl\u00f3rica y seleccionada por el amor de Al por el oc\u00e9ano y su deseo de mantener las costas limpias y seguras de la contaminaci\u00f3n da\u00f1ina hecha por el hombre. Con la bendici\u00f3n de Denny, la nueva versi\u00f3n de Al presenta a Ed en la guitarra principal con voces de acompa\u00f1amiento del hijo de Al, m\u00e1s Al en el silbato principal.<\/p><\/p>\n","protected":false},"excerpt":{"rendered":"<p>Al Jardine, cofundadora cantante, compositora y guitarrista de Los chicos de la playaha lanzado su primera colecci\u00f3n nueva de canciones en 15 a\u00f1os con el<\/p>\n","protected":false},"author":1,"featured_media":2801,"comment_status":"closed","ping_status":"","sticky":false,"template":"","format":"standard","meta":{"footnotes":""},"categories":[50],"tags":[115,170,2609,218,632,116,186],"class_list":["post-2800","post","type-post","status-publish","format-standard","has-post-thumbnail","hentry","category-el-ultimo","tag-anos","tag-coleccion","tag-jardine","tag-lanza","tag-musica","tag-nueva","tag-primera","generate-columns","tablet-grid-50","mobile-grid-100","grid-parent","grid-50"],"yoast_head":"<!-- This site is optimized with the Yoast SEO plugin v23.3 - https:\/\/yoast.com\/wordpress\/plugins\/seo\/ -->\n<title>Al Jardine lanza la primera nueva colecci\u00f3n de m\u00fasica en 15 a\u00f1os<\/title>\n<meta name=\"robots\" content=\"index, follow, max-snippet:-1, max-image-preview:large, max-video-preview:-1\" \/>\n<link rel=\"canonical\" href=\"https:\/\/web.consaguirre.com.ar\/noticias\/al-jardine-lanza-la-primera-nueva-coleccion-de-musica-en-15-anos\/\" \/>\n<meta property=\"og:locale\" content=\"es_ES\" \/>\n<meta property=\"og:type\" content=\"article\" \/>\n<meta property=\"og:title\" content=\"Al Jardine lanza la primera nueva colecci\u00f3n de m\u00fasica en 15 a\u00f1os\" \/>\n<meta property=\"og:description\" content=\"Al Jardine, cofundadora cantante, compositora y guitarrista de Los chicos de la playaha lanzado su primera colecci\u00f3n nueva de canciones en 15 a\u00f1os con el\" \/>\n<meta property=\"og:url\" content=\"https:\/\/web.consaguirre.com.ar\/noticias\/al-jardine-lanza-la-primera-nueva-coleccion-de-musica-en-15-anos\/\" \/>\n<meta property=\"og:site_name\" content=\"Conservatorio de M\u00fasica Juli\u00e1n Aguirre\" \/>\n<meta property=\"article:published_time\" content=\"2025-05-31T03:40:03+00:00\" \/>\n<meta property=\"article:modified_time\" content=\"2025-05-31T03:40:04+00:00\" \/>\n<meta property=\"og:image\" content=\"https:\/\/web.consaguirre.com.ar\/noticias\/wp-content\/uploads\/2025\/05\/Al-Jardine-lanza-la-primera-nueva-coleccion-de-musica-en.jpg\" \/>\n\t<meta property=\"og:image:width\" content=\"1280\" \/>\n\t<meta property=\"og:image:height\" content=\"1280\" \/>\n\t<meta property=\"og:image:type\" content=\"image\/jpeg\" \/>\n<meta name=\"author\" content=\"Javier Figueroa\" \/>\n<meta name=\"twitter:card\" content=\"summary_large_image\" \/>\n<meta name=\"twitter:label1\" content=\"Escrito por\" \/>\n\t<meta name=\"twitter:data1\" content=\"Javier Figueroa\" \/>\n\t<meta name=\"twitter:label2\" content=\"Tiempo de lectura\" \/>\n\t<meta name=\"twitter:data2\" content=\"3 minutos\" \/>\n<script type=\"application\/ld+json\" class=\"yoast-schema-graph\">{\"@context\":\"https:\/\/schema.org\",\"@graph\":[{\"@type\":\"Article\",\"@id\":\"https:\/\/web.consaguirre.com.ar\/noticias\/al-jardine-lanza-la-primera-nueva-coleccion-de-musica-en-15-anos\/#article\",\"isPartOf\":{\"@id\":\"https:\/\/web.consaguirre.com.ar\/noticias\/al-jardine-lanza-la-primera-nueva-coleccion-de-musica-en-15-anos\/\"},\"author\":{\"name\":\"Javier Figueroa\",\"@id\":\"https:\/\/web.consaguirre.com.ar\/noticias\/#\/schema\/person\/6558b0cfedee7ddc5425602b237d5722\"},\"headline\":\"Al Jardine lanza la primera nueva colecci\u00f3n de m\u00fasica en 15 a\u00f1os\",\"datePublished\":\"2025-05-31T03:40:03+00:00\",\"dateModified\":\"2025-05-31T03:40:04+00:00\",\"mainEntityOfPage\":{\"@id\":\"https:\/\/web.consaguirre.com.ar\/noticias\/al-jardine-lanza-la-primera-nueva-coleccion-de-musica-en-15-anos\/\"},\"wordCount\":567,\"publisher\":{\"@id\":\"https:\/\/web.consaguirre.com.ar\/noticias\/#organization\"},\"image\":{\"@id\":\"https:\/\/web.consaguirre.com.ar\/noticias\/al-jardine-lanza-la-primera-nueva-coleccion-de-musica-en-15-anos\/#primaryimage\"},\"thumbnailUrl\":\"https:\/\/web.consaguirre.com.ar\/noticias\/wp-content\/uploads\/2025\/05\/Al-Jardine-lanza-la-primera-nueva-coleccion-de-musica-en.jpg\",\"keywords\":[\"a\u00f1os\",\"colecci\u00f3n\",\"Jardine\",\"lanza\",\"m\u00fasica\",\"nueva\",\"primera\"],\"articleSection\":[\"El \u00faltimo\"],\"inLanguage\":\"es-AR\"},{\"@type\":\"WebPage\",\"@id\":\"https:\/\/web.consaguirre.com.ar\/noticias\/al-jardine-lanza-la-primera-nueva-coleccion-de-musica-en-15-anos\/\",\"url\":\"https:\/\/web.consaguirre.com.ar\/noticias\/al-jardine-lanza-la-primera-nueva-coleccion-de-musica-en-15-anos\/\",\"name\":\"Al Jardine lanza la primera nueva colecci\u00f3n de m\u00fasica en 15 a\u00f1os\",\"isPartOf\":{\"@id\":\"https:\/\/web.consaguirre.com.ar\/noticias\/#website\"},\"primaryImageOfPage\":{\"@id\":\"https:\/\/web.consaguirre.com.ar\/noticias\/al-jardine-lanza-la-primera-nueva-coleccion-de-musica-en-15-anos\/#primaryimage\"},\"image\":{\"@id\":\"https:\/\/web.consaguirre.com.ar\/noticias\/al-jardine-lanza-la-primera-nueva-coleccion-de-musica-en-15-anos\/#primaryimage\"},\"thumbnailUrl\":\"https:\/\/web.consaguirre.com.ar\/noticias\/wp-content\/uploads\/2025\/05\/Al-Jardine-lanza-la-primera-nueva-coleccion-de-musica-en.jpg\",\"datePublished\":\"2025-05-31T03:40:03+00:00\",\"dateModified\":\"2025-05-31T03:40:04+00:00\",\"breadcrumb\":{\"@id\":\"https:\/\/web.consaguirre.com.ar\/noticias\/al-jardine-lanza-la-primera-nueva-coleccion-de-musica-en-15-anos\/#breadcrumb\"},\"inLanguage\":\"es-AR\",\"potentialAction\":[{\"@type\":\"ReadAction\",\"target\":[\"https:\/\/web.consaguirre.com.ar\/noticias\/al-jardine-lanza-la-primera-nueva-coleccion-de-musica-en-15-anos\/\"]}]},{\"@type\":\"ImageObject\",\"inLanguage\":\"es-AR\",\"@id\":\"https:\/\/web.consaguirre.com.ar\/noticias\/al-jardine-lanza-la-primera-nueva-coleccion-de-musica-en-15-anos\/#primaryimage\",\"url\":\"https:\/\/web.consaguirre.com.ar\/noticias\/wp-content\/uploads\/2025\/05\/Al-Jardine-lanza-la-primera-nueva-coleccion-de-musica-en.jpg\",\"contentUrl\":\"https:\/\/web.consaguirre.com.ar\/noticias\/wp-content\/uploads\/2025\/05\/Al-Jardine-lanza-la-primera-nueva-coleccion-de-musica-en.jpg\",\"width\":1280,\"height\":1280,\"caption\":\"Al Jardine lanza la primera nueva colecci\u00f3n de m\u00fasica en 15 a\u00f1os\"},{\"@type\":\"BreadcrumbList\",\"@id\":\"https:\/\/web.consaguirre.com.ar\/noticias\/al-jardine-lanza-la-primera-nueva-coleccion-de-musica-en-15-anos\/#breadcrumb\",\"itemListElement\":[{\"@type\":\"ListItem\",\"position\":1,\"name\":\"Inicio\",\"item\":\"https:\/\/web.consaguirre.com.ar\/noticias\/\"},{\"@type\":\"ListItem\",\"position\":2,\"name\":\"Al Jardine lanza la primera nueva colecci\u00f3n de m\u00fasica en 15 a\u00f1os\"}]},{\"@type\":\"WebSite\",\"@id\":\"https:\/\/web.consaguirre.com.ar\/noticias\/#website\",\"url\":\"https:\/\/web.consaguirre.com.ar\/noticias\/\",\"name\":\"Conservatorio de M\u00fasica Juli\u00e1n Aguirre\",\"description\":\"\",\"publisher\":{\"@id\":\"https:\/\/web.consaguirre.com.ar\/noticias\/#organization\"},\"potentialAction\":[{\"@type\":\"SearchAction\",\"target\":{\"@type\":\"EntryPoint\",\"urlTemplate\":\"https:\/\/web.consaguirre.com.ar\/noticias\/?s={search_term_string}\"},\"query-input\":\"required name=search_term_string\"}],\"inLanguage\":\"es-AR\"},{\"@type\":\"Organization\",\"@id\":\"https:\/\/web.consaguirre.com.ar\/noticias\/#organization\",\"name\":\"Conservatorio de M\u00fasica Juli\u00e1n Aguirre\",\"url\":\"https:\/\/web.consaguirre.com.ar\/noticias\/\",\"logo\":{\"@type\":\"ImageObject\",\"inLanguage\":\"es-AR\",\"@id\":\"https:\/\/web.consaguirre.com.ar\/noticias\/#\/schema\/logo\/image\/\",\"url\":\"https:\/\/web.consaguirre.com.ar\/noticias\/wp-content\/uploads\/2024\/08\/Banner-Aguirre-23.jpg\",\"contentUrl\":\"https:\/\/web.consaguirre.com.ar\/noticias\/wp-content\/uploads\/2024\/08\/Banner-Aguirre-23.jpg\",\"width\":1192,\"height\":600,\"caption\":\"Conservatorio de M\u00fasica Juli\u00e1n Aguirre\"},\"image\":{\"@id\":\"https:\/\/web.consaguirre.com.ar\/noticias\/#\/schema\/logo\/image\/\"}},{\"@type\":\"Person\",\"@id\":\"https:\/\/web.consaguirre.com.ar\/noticias\/#\/schema\/person\/6558b0cfedee7ddc5425602b237d5722\",\"name\":\"Javier Figueroa\",\"image\":{\"@type\":\"ImageObject\",\"inLanguage\":\"es-AR\",\"@id\":\"https:\/\/web.consaguirre.com.ar\/noticias\/#\/schema\/person\/image\/\",\"url\":\"https:\/\/web.consaguirre.com.ar\/noticias\/wp-content\/uploads\/2024\/08\/Consaguirre-scaled.jpg\",\"contentUrl\":\"https:\/\/web.consaguirre.com.ar\/noticias\/wp-content\/uploads\/2024\/08\/Consaguirre-scaled.jpg\",\"caption\":\"Javier Figueroa\"},\"description\":\"Me llamo Javier Figueroa y soy redactor para el sitio oficial del Conservatorio de M\u00fasica Juli\u00e1n Aguirre en Buenos Aires, consaguirre.com. Apasionado por la m\u00fasica y la escritura, me esfuerzo por destacar los talentos y eventos de nuestra prestigiosa instituci\u00f3n. Mi trayectoria se nutre de una profunda admiraci\u00f3n por los artistas, haciendo de cada art\u00edculo una celebraci\u00f3n de la creatividad y la cultura musical.\",\"sameAs\":[\"https:\/\/web.consaguirre.com.ar\/noticias\"]}]}<\/script>\n<!-- \/ Yoast SEO plugin. -->","yoast_head_json":{"title":"Al Jardine lanza la primera nueva colecci\u00f3n de m\u00fasica en 15 a\u00f1os","robots":{"index":"index","follow":"follow","max-snippet":"max-snippet:-1","max-image-preview":"max-image-preview:large","max-video-preview":"max-video-preview:-1"},"canonical":"https:\/\/web.consaguirre.com.ar\/noticias\/al-jardine-lanza-la-primera-nueva-coleccion-de-musica-en-15-anos\/","og_locale":"es_ES","og_type":"article","og_title":"Al Jardine lanza la primera nueva colecci\u00f3n de m\u00fasica en 15 a\u00f1os","og_description":"Al Jardine, cofundadora cantante, compositora y guitarrista de Los chicos de la playaha lanzado su primera colecci\u00f3n nueva de canciones en 15 a\u00f1os con el","og_url":"https:\/\/web.consaguirre.com.ar\/noticias\/al-jardine-lanza-la-primera-nueva-coleccion-de-musica-en-15-anos\/","og_site_name":"Conservatorio de M\u00fasica Juli\u00e1n Aguirre","article_published_time":"2025-05-31T03:40:03+00:00","article_modified_time":"2025-05-31T03:40:04+00:00","og_image":[{"width":1280,"height":1280,"url":"https:\/\/web.consaguirre.com.ar\/noticias\/wp-content\/uploads\/2025\/05\/Al-Jardine-lanza-la-primera-nueva-coleccion-de-musica-en.jpg","type":"image\/jpeg"}],"author":"Javier Figueroa","twitter_card":"summary_large_image","twitter_misc":{"Escrito por":"Javier Figueroa","Tiempo de lectura":"3 minutos"},"schema":{"@context":"https:\/\/schema.org","@graph":[{"@type":"Article","@id":"https:\/\/web.consaguirre.com.ar\/noticias\/al-jardine-lanza-la-primera-nueva-coleccion-de-musica-en-15-anos\/#article","isPartOf":{"@id":"https:\/\/web.consaguirre.com.ar\/noticias\/al-jardine-lanza-la-primera-nueva-coleccion-de-musica-en-15-anos\/"},"author":{"name":"Javier Figueroa","@id":"https:\/\/web.consaguirre.com.ar\/noticias\/#\/schema\/person\/6558b0cfedee7ddc5425602b237d5722"},"headline":"Al Jardine lanza la primera nueva colecci\u00f3n de m\u00fasica en 15 a\u00f1os","datePublished":"2025-05-31T03:40:03+00:00","dateModified":"2025-05-31T03:40:04+00:00","mainEntityOfPage":{"@id":"https:\/\/web.consaguirre.com.ar\/noticias\/al-jardine-lanza-la-primera-nueva-coleccion-de-musica-en-15-anos\/"},"wordCount":567,"publisher":{"@id":"https:\/\/web.consaguirre.com.ar\/noticias\/#organization"},"image":{"@id":"https:\/\/web.consaguirre.com.ar\/noticias\/al-jardine-lanza-la-primera-nueva-coleccion-de-musica-en-15-anos\/#primaryimage"},"thumbnailUrl":"https:\/\/web.consaguirre.com.ar\/noticias\/wp-content\/uploads\/2025\/05\/Al-Jardine-lanza-la-primera-nueva-coleccion-de-musica-en.jpg","keywords":["a\u00f1os","colecci\u00f3n","Jardine","lanza","m\u00fasica","nueva","primera"],"articleSection":["El \u00faltimo"],"inLanguage":"es-AR"},{"@type":"WebPage","@id":"https:\/\/web.consaguirre.com.ar\/noticias\/al-jardine-lanza-la-primera-nueva-coleccion-de-musica-en-15-anos\/","url":"https:\/\/web.consaguirre.com.ar\/noticias\/al-jardine-lanza-la-primera-nueva-coleccion-de-musica-en-15-anos\/","name":"Al Jardine lanza la primera nueva colecci\u00f3n de m\u00fasica en 15 a\u00f1os","isPartOf":{"@id":"https:\/\/web.consaguirre.com.ar\/noticias\/#website"},"primaryImageOfPage":{"@id":"https:\/\/web.consaguirre.com.ar\/noticias\/al-jardine-lanza-la-primera-nueva-coleccion-de-musica-en-15-anos\/#primaryimage"},"image":{"@id":"https:\/\/web.consaguirre.com.ar\/noticias\/al-jardine-lanza-la-primera-nueva-coleccion-de-musica-en-15-anos\/#primaryimage"},"thumbnailUrl":"https:\/\/web.consaguirre.com.ar\/noticias\/wp-content\/uploads\/2025\/05\/Al-Jardine-lanza-la-primera-nueva-coleccion-de-musica-en.jpg","datePublished":"2025-05-31T03:40:03+00:00","dateModified":"2025-05-31T03:40:04+00:00","breadcrumb":{"@id":"https:\/\/web.consaguirre.com.ar\/noticias\/al-jardine-lanza-la-primera-nueva-coleccion-de-musica-en-15-anos\/#breadcrumb"},"inLanguage":"es-AR","potentialAction":[{"@type":"ReadAction","target":["https:\/\/web.consaguirre.com.ar\/noticias\/al-jardine-lanza-la-primera-nueva-coleccion-de-musica-en-15-anos\/"]}]},{"@type":"ImageObject","inLanguage":"es-AR","@id":"https:\/\/web.consaguirre.com.ar\/noticias\/al-jardine-lanza-la-primera-nueva-coleccion-de-musica-en-15-anos\/#primaryimage","url":"https:\/\/web.consaguirre.com.ar\/noticias\/wp-content\/uploads\/2025\/05\/Al-Jardine-lanza-la-primera-nueva-coleccion-de-musica-en.jpg","contentUrl":"https:\/\/web.consaguirre.com.ar\/noticias\/wp-content\/uploads\/2025\/05\/Al-Jardine-lanza-la-primera-nueva-coleccion-de-musica-en.jpg","width":1280,"height":1280,"caption":"Al Jardine lanza la primera nueva colecci\u00f3n de m\u00fasica en 15 a\u00f1os"},{"@type":"BreadcrumbList","@id":"https:\/\/web.consaguirre.com.ar\/noticias\/al-jardine-lanza-la-primera-nueva-coleccion-de-musica-en-15-anos\/#breadcrumb","itemListElement":[{"@type":"ListItem","position":1,"name":"Inicio","item":"https:\/\/web.consaguirre.com.ar\/noticias\/"},{"@type":"ListItem","position":2,"name":"Al Jardine lanza la primera nueva colecci\u00f3n de m\u00fasica en 15 a\u00f1os"}]},{"@type":"WebSite","@id":"https:\/\/web.consaguirre.com.ar\/noticias\/#website","url":"https:\/\/web.consaguirre.com.ar\/noticias\/","name":"Conservatorio de M\u00fasica Juli\u00e1n Aguirre","description":"","publisher":{"@id":"https:\/\/web.consaguirre.com.ar\/noticias\/#organization"},"potentialAction":[{"@type":"SearchAction","target":{"@type":"EntryPoint","urlTemplate":"https:\/\/web.consaguirre.com.ar\/noticias\/?s={search_term_string}"},"query-input":"required name=search_term_string"}],"inLanguage":"es-AR"},{"@type":"Organization","@id":"https:\/\/web.consaguirre.com.ar\/noticias\/#organization","name":"Conservatorio de M\u00fasica Juli\u00e1n Aguirre","url":"https:\/\/web.consaguirre.com.ar\/noticias\/","logo":{"@type":"ImageObject","inLanguage":"es-AR","@id":"https:\/\/web.consaguirre.com.ar\/noticias\/#\/schema\/logo\/image\/","url":"https:\/\/web.consaguirre.com.ar\/noticias\/wp-content\/uploads\/2024\/08\/Banner-Aguirre-23.jpg","contentUrl":"https:\/\/web.consaguirre.com.ar\/noticias\/wp-content\/uploads\/2024\/08\/Banner-Aguirre-23.jpg","width":1192,"height":600,"caption":"Conservatorio de M\u00fasica Juli\u00e1n Aguirre"},"image":{"@id":"https:\/\/web.consaguirre.com.ar\/noticias\/#\/schema\/logo\/image\/"}},{"@type":"Person","@id":"https:\/\/web.consaguirre.com.ar\/noticias\/#\/schema\/person\/6558b0cfedee7ddc5425602b237d5722","name":"Javier Figueroa","image":{"@type":"ImageObject","inLanguage":"es-AR","@id":"https:\/\/web.consaguirre.com.ar\/noticias\/#\/schema\/person\/image\/","url":"https:\/\/web.consaguirre.com.ar\/noticias\/wp-content\/uploads\/2024\/08\/Consaguirre-scaled.jpg","contentUrl":"https:\/\/web.consaguirre.com.ar\/noticias\/wp-content\/uploads\/2024\/08\/Consaguirre-scaled.jpg","caption":"Javier Figueroa"},"description":"Me llamo Javier Figueroa y soy redactor para el sitio oficial del Conservatorio de M\u00fasica Juli\u00e1n Aguirre en Buenos Aires, consaguirre.com. Apasionado por la m\u00fasica y la escritura, me esfuerzo por destacar los talentos y eventos de nuestra prestigiosa instituci\u00f3n. Mi trayectoria se nutre de una profunda admiraci\u00f3n por los artistas, haciendo de cada art\u00edculo una celebraci\u00f3n de la creatividad y la cultura musical.","sameAs":["https:\/\/web.consaguirre.com.ar\/noticias"]}]}},"_links":{"self":[{"href":"https:\/\/web.consaguirre.com.ar\/noticias\/wp-json\/wp\/v2\/posts\/2800"}],"collection":[{"href":"https:\/\/web.consaguirre.com.ar\/noticias\/wp-json\/wp\/v2\/posts"}],"about":[{"href":"https:\/\/web.consaguirre.com.ar\/noticias\/wp-json\/wp\/v2\/types\/post"}],"author":[{"embeddable":true,"href":"https:\/\/web.consaguirre.com.ar\/noticias\/wp-json\/wp\/v2\/users\/1"}],"replies":[{"embeddable":true,"href":"https:\/\/web.consaguirre.com.ar\/noticias\/wp-json\/wp\/v2\/comments?post=2800"}],"version-history":[{"count":1,"href":"https:\/\/web.consaguirre.com.ar\/noticias\/wp-json\/wp\/v2\/posts\/2800\/revisions"}],"predecessor-version":[{"id":2802,"href":"https:\/\/web.consaguirre.com.ar\/noticias\/wp-json\/wp\/v2\/posts\/2800\/revisions\/2802"}],"wp:featuredmedia":[{"embeddable":true,"href":"https:\/\/web.consaguirre.com.ar\/noticias\/wp-json\/wp\/v2\/media\/2801"}],"wp:attachment":[{"href":"https:\/\/web.consaguirre.com.ar\/noticias\/wp-json\/wp\/v2\/media?parent=2800"}],"wp:term":[{"taxonomy":"category","embeddable":true,"href":"https:\/\/web.consaguirre.com.ar\/noticias\/wp-json\/wp\/v2\/categories?post=2800"},{"taxonomy":"post_tag","embeddable":true,"href":"https:\/\/web.consaguirre.com.ar\/noticias\/wp-json\/wp\/v2\/tags?post=2800"}],"curies":[{"name":"wp","href":"https:\/\/api.w.org\/{rel}","templated":true}]}}