{"id":2797,"date":"2025-05-30T21:38:14","date_gmt":"2025-05-31T00:38:14","guid":{"rendered":"https:\/\/web.consaguirre.com.ar\/noticias\/dos-albumes-de-estrellas-mazzy-regresan-al-vinilo\/"},"modified":"2025-05-30T21:38:15","modified_gmt":"2025-05-31T00:38:15","slug":"dos-albumes-de-estrellas-mazzy-regresan-al-vinilo","status":"publish","type":"post","link":"https:\/\/web.consaguirre.com.ar\/noticias\/dos-albumes-de-estrellas-mazzy-regresan-al-vinilo\/","title":{"rendered":"Dos \u00e1lbumes de estrellas Mazzy regresan al vinilo"},"content":{"rendered":"<p>Dos nuevos \u00e1lbumes de Mazzy Star pronto volver\u00e1n al vinilo. Nuevas ediciones f\u00edsicas del guitarrista David Roback y el debut del cantante Hope Sandoval de 1990 <em>Ella cuelga intensamente<\/em> y r\u00e9cord de 1996 <em>Entre mi cisne<\/em> est\u00e1n disponibles para pre-pedido ahora.<\/p>\n<p>Originalmente pretend\u00eda ser el segundo \u00e1lbum de estudio de Opal, la primera banda Roback y Sandoval tocaron juntos en, <em>Ella cuelga intensamente<\/em> Lleg\u00f3 en mayo de 1990 en r\u00e9cords r\u00e9cords. Presentaba canciones como &#8220;Ghost Highway&#8221;, &#8220;Be My Angel&#8221;, &#8220;Free&#8221; y la Slapp Happy Cover &#8220;Blue Flower&#8221;, que alcanz\u00f3 el n\u00famero 29 en la tabla alternativa de Billboard.<\/p>\n<div class=\"uD-YT-container\"><img decoding=\"async\" src=\"https:\/\/web.consaguirre.com.ar\/noticias\/wp-content\/uploads\/2025\/05\/1748651894_226_Dos-albumes-de-estrellas-Mazzy-regresan-al-vinilo.jpg\" alt=\"Video de YouTube\"><br \/>Haga clic para cargar video<\/div>\n<p>Aunque experiment\u00f3 un \u00e9xito m\u00ednimo de los gr\u00e1ficos, el disco ayud\u00f3 a establecer el singular sonido de roca alternativa de Mazzy Star Dusty Rock. Fue un precursor clave para el \u00e9xito de su segundo \u00e1lbum multiplatino <strong><em>As\u00ed que esta noche podr\u00eda ver<\/em><\/strong>que presentaba &#8220;Fade into You&#8221;. De hecho, la popularidad de &#8220;Fade into You&#8221; ayud\u00f3 a catapultar <em>Ella cuelga intensamente<\/em> Single &#8220;Halah&#8221; al No. 19 en la lista Alternative Billboard, cuatro a\u00f1os despu\u00e9s de su lanzamiento. Antes de su muerte, Kurt Cobain enumer\u00f3 <em>Ella cuelga intensamente<\/em> entre sus cincuenta primeros de todos los tiempos.<\/p>\n<p>Lanzado en 1996, <em>Entre mi cisne<\/em> es el tercer \u00e1lbum de estudio de Mazzy Star. Se bas\u00f3 en el bien recibido <em>As\u00ed que esta noche podr\u00eda ver<\/em> y vio al grupo contribuir a las bandas sonoras de dos pel\u00edculas bien recibidas. <em>Batman para siempre<\/em> Present\u00f3 el \u00e1lbum fuera &#8220;Tell Me Now&#8221;, y el Liv Tyler-Starring <em>Robando belleza<\/em> incluy\u00f3 &#8220;rimas de una hora&#8221;.<\/p>\n<div class=\"uD-YT-container\"><img decoding=\"async\" src=\"https:\/\/web.consaguirre.com.ar\/noticias\/wp-content\/uploads\/2025\/05\/1748651894_895_Dos-albumes-de-estrellas-Mazzy-regresan-al-vinilo.jpg\" alt=\"Video de YouTube\"><br \/>Haga clic para cargar video<\/div>\n<p><em>Entre mi cisne<\/em> Tambi\u00e9n le vali\u00f3 al grupo su sencillo de m\u00e1s alto nivel en el estanque: &#8220;Flores para diciembre&#8221;, escrito por Sandoval. Alcanz\u00f3 el n\u00famero 40 en la lista de singles del Reino Unido y permaneci\u00f3 entre los 100 primeros durante dos semanas, fue acompa\u00f1ado por un video musical dirigido por Kevin Kerslake.<\/p>\n<p>Mazzy Star lanz\u00f3 su nuevo LP m\u00e1s reciente, <em>Temporadas de tu d\u00eda<\/em>en 2013. Tambi\u00e9n compartieron un \u00e1lbum en vivo, <em>Autopista fantasma<\/em>en 2020.<\/p>\n<p><strong>Ordene la m\u00fasica de Mazzy Star en vinilo ahora.<\/strong><\/p>\n","protected":false},"excerpt":{"rendered":"<p>Dos nuevos \u00e1lbumes de Mazzy Star pronto volver\u00e1n al vinilo. Nuevas ediciones f\u00edsicas del guitarrista David Roback y el debut del cantante Hope Sandoval de<\/p>\n","protected":false},"author":1,"featured_media":2798,"comment_status":"closed","ping_status":"","sticky":false,"template":"","format":"standard","meta":{"footnotes":""},"categories":[50],"tags":[205,103,960,2608,1542,87],"class_list":["post-2797","post","type-post","status-publish","format-standard","has-post-thumbnail","hentry","category-el-ultimo","tag-albumes","tag-dos","tag-estrellas","tag-mazzy","tag-regresan","tag-vinilo","generate-columns","tablet-grid-50","mobile-grid-100","grid-parent","grid-50"],"yoast_head":"<!-- This site is optimized with the Yoast SEO plugin v23.3 - https:\/\/yoast.com\/wordpress\/plugins\/seo\/ -->\n<title>Dos \u00e1lbumes de estrellas Mazzy regresan al vinilo<\/title>\n<meta name=\"robots\" content=\"index, follow, max-snippet:-1, max-image-preview:large, max-video-preview:-1\" \/>\n<link rel=\"canonical\" href=\"https:\/\/web.consaguirre.com.ar\/noticias\/dos-albumes-de-estrellas-mazzy-regresan-al-vinilo\/\" \/>\n<meta property=\"og:locale\" content=\"es_ES\" \/>\n<meta property=\"og:type\" content=\"article\" \/>\n<meta property=\"og:title\" content=\"Dos \u00e1lbumes de estrellas Mazzy regresan al vinilo\" \/>\n<meta property=\"og:description\" content=\"Dos nuevos \u00e1lbumes de Mazzy Star pronto volver\u00e1n al vinilo. Nuevas ediciones f\u00edsicas del guitarrista David Roback y el debut del cantante Hope Sandoval de\" \/>\n<meta property=\"og:url\" content=\"https:\/\/web.consaguirre.com.ar\/noticias\/dos-albumes-de-estrellas-mazzy-regresan-al-vinilo\/\" \/>\n<meta property=\"og:site_name\" content=\"Conservatorio de M\u00fasica Juli\u00e1n Aguirre\" \/>\n<meta property=\"article:published_time\" content=\"2025-05-31T00:38:14+00:00\" \/>\n<meta property=\"article:modified_time\" content=\"2025-05-31T00:38:15+00:00\" \/>\n<meta property=\"og:image\" content=\"https:\/\/web.consaguirre.com.ar\/noticias\/wp-content\/uploads\/2025\/05\/Dos-albumes-de-estrellas-Mazzy-regresan-al-vinilo.jpg\" \/>\n\t<meta property=\"og:image:width\" content=\"1280\" \/>\n\t<meta property=\"og:image:height\" content=\"1280\" \/>\n\t<meta property=\"og:image:type\" content=\"image\/jpeg\" \/>\n<meta name=\"author\" content=\"Javier Figueroa\" \/>\n<meta name=\"twitter:card\" content=\"summary_large_image\" \/>\n<meta name=\"twitter:label1\" content=\"Escrito por\" \/>\n\t<meta name=\"twitter:data1\" content=\"Javier Figueroa\" \/>\n\t<meta name=\"twitter:label2\" content=\"Tiempo de lectura\" \/>\n\t<meta name=\"twitter:data2\" content=\"2 minutos\" \/>\n<script type=\"application\/ld+json\" class=\"yoast-schema-graph\">{\"@context\":\"https:\/\/schema.org\",\"@graph\":[{\"@type\":\"Article\",\"@id\":\"https:\/\/web.consaguirre.com.ar\/noticias\/dos-albumes-de-estrellas-mazzy-regresan-al-vinilo\/#article\",\"isPartOf\":{\"@id\":\"https:\/\/web.consaguirre.com.ar\/noticias\/dos-albumes-de-estrellas-mazzy-regresan-al-vinilo\/\"},\"author\":{\"name\":\"Javier Figueroa\",\"@id\":\"https:\/\/web.consaguirre.com.ar\/noticias\/#\/schema\/person\/6558b0cfedee7ddc5425602b237d5722\"},\"headline\":\"Dos \u00e1lbumes de estrellas Mazzy regresan al vinilo\",\"datePublished\":\"2025-05-31T00:38:14+00:00\",\"dateModified\":\"2025-05-31T00:38:15+00:00\",\"mainEntityOfPage\":{\"@id\":\"https:\/\/web.consaguirre.com.ar\/noticias\/dos-albumes-de-estrellas-mazzy-regresan-al-vinilo\/\"},\"wordCount\":371,\"publisher\":{\"@id\":\"https:\/\/web.consaguirre.com.ar\/noticias\/#organization\"},\"image\":{\"@id\":\"https:\/\/web.consaguirre.com.ar\/noticias\/dos-albumes-de-estrellas-mazzy-regresan-al-vinilo\/#primaryimage\"},\"thumbnailUrl\":\"https:\/\/web.consaguirre.com.ar\/noticias\/wp-content\/uploads\/2025\/05\/Dos-albumes-de-estrellas-Mazzy-regresan-al-vinilo.jpg\",\"keywords\":[\"\u00e1lbumes\",\"dos\",\"Estrellas\",\"Mazzy\",\"regresan\",\"vinilo\"],\"articleSection\":[\"El \u00faltimo\"],\"inLanguage\":\"es-AR\"},{\"@type\":\"WebPage\",\"@id\":\"https:\/\/web.consaguirre.com.ar\/noticias\/dos-albumes-de-estrellas-mazzy-regresan-al-vinilo\/\",\"url\":\"https:\/\/web.consaguirre.com.ar\/noticias\/dos-albumes-de-estrellas-mazzy-regresan-al-vinilo\/\",\"name\":\"Dos \u00e1lbumes de estrellas Mazzy regresan al vinilo\",\"isPartOf\":{\"@id\":\"https:\/\/web.consaguirre.com.ar\/noticias\/#website\"},\"primaryImageOfPage\":{\"@id\":\"https:\/\/web.consaguirre.com.ar\/noticias\/dos-albumes-de-estrellas-mazzy-regresan-al-vinilo\/#primaryimage\"},\"image\":{\"@id\":\"https:\/\/web.consaguirre.com.ar\/noticias\/dos-albumes-de-estrellas-mazzy-regresan-al-vinilo\/#primaryimage\"},\"thumbnailUrl\":\"https:\/\/web.consaguirre.com.ar\/noticias\/wp-content\/uploads\/2025\/05\/Dos-albumes-de-estrellas-Mazzy-regresan-al-vinilo.jpg\",\"datePublished\":\"2025-05-31T00:38:14+00:00\",\"dateModified\":\"2025-05-31T00:38:15+00:00\",\"breadcrumb\":{\"@id\":\"https:\/\/web.consaguirre.com.ar\/noticias\/dos-albumes-de-estrellas-mazzy-regresan-al-vinilo\/#breadcrumb\"},\"inLanguage\":\"es-AR\",\"potentialAction\":[{\"@type\":\"ReadAction\",\"target\":[\"https:\/\/web.consaguirre.com.ar\/noticias\/dos-albumes-de-estrellas-mazzy-regresan-al-vinilo\/\"]}]},{\"@type\":\"ImageObject\",\"inLanguage\":\"es-AR\",\"@id\":\"https:\/\/web.consaguirre.com.ar\/noticias\/dos-albumes-de-estrellas-mazzy-regresan-al-vinilo\/#primaryimage\",\"url\":\"https:\/\/web.consaguirre.com.ar\/noticias\/wp-content\/uploads\/2025\/05\/Dos-albumes-de-estrellas-Mazzy-regresan-al-vinilo.jpg\",\"contentUrl\":\"https:\/\/web.consaguirre.com.ar\/noticias\/wp-content\/uploads\/2025\/05\/Dos-albumes-de-estrellas-Mazzy-regresan-al-vinilo.jpg\",\"width\":1280,\"height\":1280,\"caption\":\"Dos \u00e1lbumes de estrellas Mazzy regresan al vinilo\"},{\"@type\":\"BreadcrumbList\",\"@id\":\"https:\/\/web.consaguirre.com.ar\/noticias\/dos-albumes-de-estrellas-mazzy-regresan-al-vinilo\/#breadcrumb\",\"itemListElement\":[{\"@type\":\"ListItem\",\"position\":1,\"name\":\"Inicio\",\"item\":\"https:\/\/web.consaguirre.com.ar\/noticias\/\"},{\"@type\":\"ListItem\",\"position\":2,\"name\":\"Dos \u00e1lbumes de estrellas Mazzy regresan al vinilo\"}]},{\"@type\":\"WebSite\",\"@id\":\"https:\/\/web.consaguirre.com.ar\/noticias\/#website\",\"url\":\"https:\/\/web.consaguirre.com.ar\/noticias\/\",\"name\":\"Conservatorio de M\u00fasica Juli\u00e1n Aguirre\",\"description\":\"\",\"publisher\":{\"@id\":\"https:\/\/web.consaguirre.com.ar\/noticias\/#organization\"},\"potentialAction\":[{\"@type\":\"SearchAction\",\"target\":{\"@type\":\"EntryPoint\",\"urlTemplate\":\"https:\/\/web.consaguirre.com.ar\/noticias\/?s={search_term_string}\"},\"query-input\":\"required name=search_term_string\"}],\"inLanguage\":\"es-AR\"},{\"@type\":\"Organization\",\"@id\":\"https:\/\/web.consaguirre.com.ar\/noticias\/#organization\",\"name\":\"Conservatorio de M\u00fasica Juli\u00e1n Aguirre\",\"url\":\"https:\/\/web.consaguirre.com.ar\/noticias\/\",\"logo\":{\"@type\":\"ImageObject\",\"inLanguage\":\"es-AR\",\"@id\":\"https:\/\/web.consaguirre.com.ar\/noticias\/#\/schema\/logo\/image\/\",\"url\":\"https:\/\/web.consaguirre.com.ar\/noticias\/wp-content\/uploads\/2024\/08\/Banner-Aguirre-23.jpg\",\"contentUrl\":\"https:\/\/web.consaguirre.com.ar\/noticias\/wp-content\/uploads\/2024\/08\/Banner-Aguirre-23.jpg\",\"width\":1192,\"height\":600,\"caption\":\"Conservatorio de M\u00fasica Juli\u00e1n Aguirre\"},\"image\":{\"@id\":\"https:\/\/web.consaguirre.com.ar\/noticias\/#\/schema\/logo\/image\/\"}},{\"@type\":\"Person\",\"@id\":\"https:\/\/web.consaguirre.com.ar\/noticias\/#\/schema\/person\/6558b0cfedee7ddc5425602b237d5722\",\"name\":\"Javier Figueroa\",\"image\":{\"@type\":\"ImageObject\",\"inLanguage\":\"es-AR\",\"@id\":\"https:\/\/web.consaguirre.com.ar\/noticias\/#\/schema\/person\/image\/\",\"url\":\"https:\/\/web.consaguirre.com.ar\/noticias\/wp-content\/uploads\/2024\/08\/Consaguirre-scaled.jpg\",\"contentUrl\":\"https:\/\/web.consaguirre.com.ar\/noticias\/wp-content\/uploads\/2024\/08\/Consaguirre-scaled.jpg\",\"caption\":\"Javier Figueroa\"},\"description\":\"Me llamo Javier Figueroa y soy redactor para el sitio oficial del Conservatorio de M\u00fasica Juli\u00e1n Aguirre en Buenos Aires, consaguirre.com. Apasionado por la m\u00fasica y la escritura, me esfuerzo por destacar los talentos y eventos de nuestra prestigiosa instituci\u00f3n. Mi trayectoria se nutre de una profunda admiraci\u00f3n por los artistas, haciendo de cada art\u00edculo una celebraci\u00f3n de la creatividad y la cultura musical.\",\"sameAs\":[\"https:\/\/web.consaguirre.com.ar\/noticias\"]}]}<\/script>\n<!-- \/ Yoast SEO plugin. -->","yoast_head_json":{"title":"Dos \u00e1lbumes de estrellas Mazzy regresan al vinilo","robots":{"index":"index","follow":"follow","max-snippet":"max-snippet:-1","max-image-preview":"max-image-preview:large","max-video-preview":"max-video-preview:-1"},"canonical":"https:\/\/web.consaguirre.com.ar\/noticias\/dos-albumes-de-estrellas-mazzy-regresan-al-vinilo\/","og_locale":"es_ES","og_type":"article","og_title":"Dos \u00e1lbumes de estrellas Mazzy regresan al vinilo","og_description":"Dos nuevos \u00e1lbumes de Mazzy Star pronto volver\u00e1n al vinilo. Nuevas ediciones f\u00edsicas del guitarrista David Roback y el debut del cantante Hope Sandoval de","og_url":"https:\/\/web.consaguirre.com.ar\/noticias\/dos-albumes-de-estrellas-mazzy-regresan-al-vinilo\/","og_site_name":"Conservatorio de M\u00fasica Juli\u00e1n Aguirre","article_published_time":"2025-05-31T00:38:14+00:00","article_modified_time":"2025-05-31T00:38:15+00:00","og_image":[{"width":1280,"height":1280,"url":"https:\/\/web.consaguirre.com.ar\/noticias\/wp-content\/uploads\/2025\/05\/Dos-albumes-de-estrellas-Mazzy-regresan-al-vinilo.jpg","type":"image\/jpeg"}],"author":"Javier Figueroa","twitter_card":"summary_large_image","twitter_misc":{"Escrito por":"Javier Figueroa","Tiempo de lectura":"2 minutos"},"schema":{"@context":"https:\/\/schema.org","@graph":[{"@type":"Article","@id":"https:\/\/web.consaguirre.com.ar\/noticias\/dos-albumes-de-estrellas-mazzy-regresan-al-vinilo\/#article","isPartOf":{"@id":"https:\/\/web.consaguirre.com.ar\/noticias\/dos-albumes-de-estrellas-mazzy-regresan-al-vinilo\/"},"author":{"name":"Javier Figueroa","@id":"https:\/\/web.consaguirre.com.ar\/noticias\/#\/schema\/person\/6558b0cfedee7ddc5425602b237d5722"},"headline":"Dos \u00e1lbumes de estrellas Mazzy regresan al vinilo","datePublished":"2025-05-31T00:38:14+00:00","dateModified":"2025-05-31T00:38:15+00:00","mainEntityOfPage":{"@id":"https:\/\/web.consaguirre.com.ar\/noticias\/dos-albumes-de-estrellas-mazzy-regresan-al-vinilo\/"},"wordCount":371,"publisher":{"@id":"https:\/\/web.consaguirre.com.ar\/noticias\/#organization"},"image":{"@id":"https:\/\/web.consaguirre.com.ar\/noticias\/dos-albumes-de-estrellas-mazzy-regresan-al-vinilo\/#primaryimage"},"thumbnailUrl":"https:\/\/web.consaguirre.com.ar\/noticias\/wp-content\/uploads\/2025\/05\/Dos-albumes-de-estrellas-Mazzy-regresan-al-vinilo.jpg","keywords":["\u00e1lbumes","dos","Estrellas","Mazzy","regresan","vinilo"],"articleSection":["El \u00faltimo"],"inLanguage":"es-AR"},{"@type":"WebPage","@id":"https:\/\/web.consaguirre.com.ar\/noticias\/dos-albumes-de-estrellas-mazzy-regresan-al-vinilo\/","url":"https:\/\/web.consaguirre.com.ar\/noticias\/dos-albumes-de-estrellas-mazzy-regresan-al-vinilo\/","name":"Dos \u00e1lbumes de estrellas Mazzy regresan al vinilo","isPartOf":{"@id":"https:\/\/web.consaguirre.com.ar\/noticias\/#website"},"primaryImageOfPage":{"@id":"https:\/\/web.consaguirre.com.ar\/noticias\/dos-albumes-de-estrellas-mazzy-regresan-al-vinilo\/#primaryimage"},"image":{"@id":"https:\/\/web.consaguirre.com.ar\/noticias\/dos-albumes-de-estrellas-mazzy-regresan-al-vinilo\/#primaryimage"},"thumbnailUrl":"https:\/\/web.consaguirre.com.ar\/noticias\/wp-content\/uploads\/2025\/05\/Dos-albumes-de-estrellas-Mazzy-regresan-al-vinilo.jpg","datePublished":"2025-05-31T00:38:14+00:00","dateModified":"2025-05-31T00:38:15+00:00","breadcrumb":{"@id":"https:\/\/web.consaguirre.com.ar\/noticias\/dos-albumes-de-estrellas-mazzy-regresan-al-vinilo\/#breadcrumb"},"inLanguage":"es-AR","potentialAction":[{"@type":"ReadAction","target":["https:\/\/web.consaguirre.com.ar\/noticias\/dos-albumes-de-estrellas-mazzy-regresan-al-vinilo\/"]}]},{"@type":"ImageObject","inLanguage":"es-AR","@id":"https:\/\/web.consaguirre.com.ar\/noticias\/dos-albumes-de-estrellas-mazzy-regresan-al-vinilo\/#primaryimage","url":"https:\/\/web.consaguirre.com.ar\/noticias\/wp-content\/uploads\/2025\/05\/Dos-albumes-de-estrellas-Mazzy-regresan-al-vinilo.jpg","contentUrl":"https:\/\/web.consaguirre.com.ar\/noticias\/wp-content\/uploads\/2025\/05\/Dos-albumes-de-estrellas-Mazzy-regresan-al-vinilo.jpg","width":1280,"height":1280,"caption":"Dos \u00e1lbumes de estrellas Mazzy regresan al vinilo"},{"@type":"BreadcrumbList","@id":"https:\/\/web.consaguirre.com.ar\/noticias\/dos-albumes-de-estrellas-mazzy-regresan-al-vinilo\/#breadcrumb","itemListElement":[{"@type":"ListItem","position":1,"name":"Inicio","item":"https:\/\/web.consaguirre.com.ar\/noticias\/"},{"@type":"ListItem","position":2,"name":"Dos \u00e1lbumes de estrellas Mazzy regresan al vinilo"}]},{"@type":"WebSite","@id":"https:\/\/web.consaguirre.com.ar\/noticias\/#website","url":"https:\/\/web.consaguirre.com.ar\/noticias\/","name":"Conservatorio de M\u00fasica Juli\u00e1n Aguirre","description":"","publisher":{"@id":"https:\/\/web.consaguirre.com.ar\/noticias\/#organization"},"potentialAction":[{"@type":"SearchAction","target":{"@type":"EntryPoint","urlTemplate":"https:\/\/web.consaguirre.com.ar\/noticias\/?s={search_term_string}"},"query-input":"required name=search_term_string"}],"inLanguage":"es-AR"},{"@type":"Organization","@id":"https:\/\/web.consaguirre.com.ar\/noticias\/#organization","name":"Conservatorio de M\u00fasica Juli\u00e1n Aguirre","url":"https:\/\/web.consaguirre.com.ar\/noticias\/","logo":{"@type":"ImageObject","inLanguage":"es-AR","@id":"https:\/\/web.consaguirre.com.ar\/noticias\/#\/schema\/logo\/image\/","url":"https:\/\/web.consaguirre.com.ar\/noticias\/wp-content\/uploads\/2024\/08\/Banner-Aguirre-23.jpg","contentUrl":"https:\/\/web.consaguirre.com.ar\/noticias\/wp-content\/uploads\/2024\/08\/Banner-Aguirre-23.jpg","width":1192,"height":600,"caption":"Conservatorio de M\u00fasica Juli\u00e1n Aguirre"},"image":{"@id":"https:\/\/web.consaguirre.com.ar\/noticias\/#\/schema\/logo\/image\/"}},{"@type":"Person","@id":"https:\/\/web.consaguirre.com.ar\/noticias\/#\/schema\/person\/6558b0cfedee7ddc5425602b237d5722","name":"Javier Figueroa","image":{"@type":"ImageObject","inLanguage":"es-AR","@id":"https:\/\/web.consaguirre.com.ar\/noticias\/#\/schema\/person\/image\/","url":"https:\/\/web.consaguirre.com.ar\/noticias\/wp-content\/uploads\/2024\/08\/Consaguirre-scaled.jpg","contentUrl":"https:\/\/web.consaguirre.com.ar\/noticias\/wp-content\/uploads\/2024\/08\/Consaguirre-scaled.jpg","caption":"Javier Figueroa"},"description":"Me llamo Javier Figueroa y soy redactor para el sitio oficial del Conservatorio de M\u00fasica Juli\u00e1n Aguirre en Buenos Aires, consaguirre.com. Apasionado por la m\u00fasica y la escritura, me esfuerzo por destacar los talentos y eventos de nuestra prestigiosa instituci\u00f3n. Mi trayectoria se nutre de una profunda admiraci\u00f3n por los artistas, haciendo de cada art\u00edculo una celebraci\u00f3n de la creatividad y la cultura musical.","sameAs":["https:\/\/web.consaguirre.com.ar\/noticias"]}]}},"_links":{"self":[{"href":"https:\/\/web.consaguirre.com.ar\/noticias\/wp-json\/wp\/v2\/posts\/2797"}],"collection":[{"href":"https:\/\/web.consaguirre.com.ar\/noticias\/wp-json\/wp\/v2\/posts"}],"about":[{"href":"https:\/\/web.consaguirre.com.ar\/noticias\/wp-json\/wp\/v2\/types\/post"}],"author":[{"embeddable":true,"href":"https:\/\/web.consaguirre.com.ar\/noticias\/wp-json\/wp\/v2\/users\/1"}],"replies":[{"embeddable":true,"href":"https:\/\/web.consaguirre.com.ar\/noticias\/wp-json\/wp\/v2\/comments?post=2797"}],"version-history":[{"count":1,"href":"https:\/\/web.consaguirre.com.ar\/noticias\/wp-json\/wp\/v2\/posts\/2797\/revisions"}],"predecessor-version":[{"id":2799,"href":"https:\/\/web.consaguirre.com.ar\/noticias\/wp-json\/wp\/v2\/posts\/2797\/revisions\/2799"}],"wp:featuredmedia":[{"embeddable":true,"href":"https:\/\/web.consaguirre.com.ar\/noticias\/wp-json\/wp\/v2\/media\/2798"}],"wp:attachment":[{"href":"https:\/\/web.consaguirre.com.ar\/noticias\/wp-json\/wp\/v2\/media?parent=2797"}],"wp:term":[{"taxonomy":"category","embeddable":true,"href":"https:\/\/web.consaguirre.com.ar\/noticias\/wp-json\/wp\/v2\/categories?post=2797"},{"taxonomy":"post_tag","embeddable":true,"href":"https:\/\/web.consaguirre.com.ar\/noticias\/wp-json\/wp\/v2\/tags?post=2797"}],"curies":[{"name":"wp","href":"https:\/\/api.w.org\/{rel}","templated":true}]}}