{"id":278,"date":"2024-08-28T22:39:00","date_gmt":"2024-08-29T01:39:00","guid":{"rendered":"https:\/\/web.consaguirre.com.ar\/noticias\/maroon-5-celebra-10-anos-de-v-con-lanzamiento-de-vinilo-y-nuevo-sitio-web\/"},"modified":"2024-09-08T16:27:50","modified_gmt":"2024-09-08T19:27:50","slug":"maroon-5-celebra-10-anos-de-v-con-lanzamiento-de-vinilo-y-nuevo-sitio-web","status":"publish","type":"post","link":"https:\/\/web.consaguirre.com.ar\/noticias\/maroon-5-celebra-10-anos-de-v-con-lanzamiento-de-vinilo-y-nuevo-sitio-web\/","title":{"rendered":"Maroon 5 celebra 10 a\u00f1os de &#8216;V&#8217; con lanzamiento de vinilo y nuevo sitio web"},"content":{"rendered":"<p><strong>Maroon 5<\/strong> est\u00e1n celebrando el d\u00e9cimo aniversario de su c\u00e9lebre \u00e1lbum <strong><em>V<\/em><\/strong>  con un nuevo lanzamiento de vinilo y <strong>un sitio web especial<\/strong> que resalta la era seminal de la banda.<\/p>\n<p>La nueva edici\u00f3n, cuyo env\u00edo est\u00e1 previsto para el viernes 31 de agosto, incluye sencillos exitosos como \u00abAnimals\u00bb, \u00abSugar\u00bb y m\u00e1s.<\/p>\n<p>El sitio web presenta cinco videos exclusivos de BTS, el primero de los cuales ya est\u00e1 disponible. El clip muestra al artista de portada Jung Lee hablando sobre la inspiraci\u00f3n para la portada, que se film\u00f3 en Corea del Sur.<\/p>\n<p>Mira el v\u00eddeo a continuaci\u00f3n.<\/p>\n<div class=\"uD-YT-container\"><img decoding=\"async\" src=\"https:\/\/web.consaguirre.com.ar\/noticias\/wp-content\/uploads\/2024\/08\/1724895540_552_Maroon-5-celebra-10-anos-de-V-con-lanzamiento-de.jpg\" alt=\"V\u00eddeo de YouTube\"><\/p>\n<\/div>\n<p>El quinto \u00e1lbum de estudio de Maroon 5 present\u00f3 al grupo reintroduciendo elementos del sonido que lo hicieron exitoso en primer lugar.<\/p>\n<p>Aunque todav\u00eda estaba abierto a la colaboraci\u00f3n y siguiendo la direcci\u00f3n pop que hab\u00eda dado tanto \u00e9xito (Sia y <strong>Gwen Stefani<\/strong> aparecer\u00eda en el registro), <em>V<\/em> marc\u00f3 una especie de regreso a un ambiente m\u00e1s rockero, como el guitarrista James Valentine quiso dejar en claro cuando habl\u00f3 con MTV a fines de 2013. \u201cDefinitivamente se ha vuelto tal vez un poco m\u00e1s oscuro en su sonido, tal vez un poco m\u00e1s parecido a lo que hicimos en nuestro debut\u201d, dijo.<\/p>\n<p>Lo que surgi\u00f3 quiz\u00e1s no fue tan pronunciado como eso, pero <em>V<\/em> El \u00e1lbum se vio infundido con una experimentaci\u00f3n renovada. Otro paso hacia una din\u00e1mica anterior fue el bienvenido regreso del guitarrista r\u00edtmico Jesse Carmichael, quien se hab\u00eda ausentado los \u00faltimos dos a\u00f1os para concentrarse en su propio material. Los resultados marcar\u00edan un cambio significativo para la banda, que, una d\u00e9cada despu\u00e9s de su primer gran \u00e9xito, ahora eran veteranos establecidos de la industria. Los buenos resultados en las listas se hab\u00edan convertido en la norma para Maroon 5 y, despu\u00e9s de su lanzamiento, el 29 de agosto de 2014, <em>V<\/em> emergi\u00f3 con confianza en la cima <em>Cartelera<\/em> gr\u00e1ficos.<\/p>\n<p>Las sesiones de grabaci\u00f3n del \u00e1lbum hab\u00edan durado un poco m\u00e1s de lo habitual, repartidas a lo largo de un a\u00f1o, mientras los miembros de la banda hac\u00edan malabarismos con compromisos promocionales, fechas de giras y otros trabajos. <em>V<\/em> La campa\u00f1a hab\u00eda comenzado en junio con el lanzamiento de \u201cMaps\u201d. Con su impactante y controvertido video, la canci\u00f3n envolv\u00eda una insistente melod\u00eda pop en una narrativa decididamente cruda que jugaba con los temas m\u00e1s adultos que aparecieron en el debut de la banda. <strong><em>Canciones sobre Jane<\/em><\/strong>\u201cMaps\u201d alcanz\u00f3 un respetable puesto n\u00famero 6 en los EE. UU. y un impresionante puesto n\u00famero 2 en el Reino Unido.<\/p>\n<p>&#8220;Animals&#8221;, lanzado al mismo tiempo que su \u00e1lbum original, tuvo un desempe\u00f1o a\u00fan mejor, llegando al n\u00famero 3 en los EE. UU. y haciendo grandes negocios a nivel mundial. Escrita con los creadores de \u00e9xitos pop Benny Blanco y Shellback, la composici\u00f3n de Adam Levine fue otra canci\u00f3n s\u00f3lida que trajo consigo otro tratamiento de video controvertido. En parte ambientado en un matadero, el clip promocional de &#8220;Animals&#8221; tuvo una visualizaci\u00f3n inquietante y, gracias a sus im\u00e1genes impactantes, recibi\u00f3 una prohibici\u00f3n diurna en algunas estaciones. Pero el alboroto no pudo frenar una canci\u00f3n tan fuerte por mucho tiempo.<\/p>\n<p><strong>Pide la edici\u00f3n del 10\u00ba aniversario de <em>V<\/em>.<\/strong><\/p>\n","protected":false},"excerpt":{"rendered":"<p>Maroon 5 est\u00e1n celebrando el d\u00e9cimo aniversario de su c\u00e9lebre \u00e1lbum V con un nuevo lanzamiento de vinilo y un sitio web especial que resalta<\/p>\n","protected":false},"author":1,"featured_media":279,"comment_status":"closed","ping_status":"open","sticky":false,"template":"","format":"standard","meta":{"footnotes":""},"categories":[50],"tags":[115,114,32,237,236,146,238,87,239],"class_list":["post-278","post","type-post","status-publish","format-standard","has-post-thumbnail","hentry","category-el-ultimo","tag-anos","tag-celebra","tag-con","tag-lanzamiento","tag-maroon","tag-nuevo","tag-sitio","tag-vinilo","tag-web","generate-columns","tablet-grid-50","mobile-grid-100","grid-parent","grid-50"],"yoast_head":"<!-- This site is optimized with the Yoast SEO plugin v23.3 - https:\/\/yoast.com\/wordpress\/plugins\/seo\/ -->\n<title>Maroon 5 celebra 10 a\u00f1os de &#039;V&#039; con lanzamiento de vinilo y nuevo sitio web<\/title>\n<meta name=\"robots\" content=\"index, follow, max-snippet:-1, max-image-preview:large, max-video-preview:-1\" \/>\n<link rel=\"canonical\" href=\"https:\/\/web.consaguirre.com.ar\/noticias\/maroon-5-celebra-10-anos-de-v-con-lanzamiento-de-vinilo-y-nuevo-sitio-web\/\" \/>\n<meta property=\"og:locale\" content=\"es_ES\" \/>\n<meta property=\"og:type\" content=\"article\" \/>\n<meta property=\"og:title\" content=\"Maroon 5 celebra 10 a\u00f1os de &#039;V&#039; con lanzamiento de vinilo y nuevo sitio web\" \/>\n<meta property=\"og:description\" content=\"Maroon 5 est\u00e1n celebrando el d\u00e9cimo aniversario de su c\u00e9lebre \u00e1lbum V con un nuevo lanzamiento de vinilo y un sitio web especial que resalta\" \/>\n<meta property=\"og:url\" content=\"https:\/\/web.consaguirre.com.ar\/noticias\/maroon-5-celebra-10-anos-de-v-con-lanzamiento-de-vinilo-y-nuevo-sitio-web\/\" \/>\n<meta property=\"og:site_name\" content=\"Conservatorio de M\u00fasica Juli\u00e1n Aguirre\" \/>\n<meta property=\"article:published_time\" content=\"2024-08-29T01:39:00+00:00\" \/>\n<meta property=\"article:modified_time\" content=\"2024-09-08T19:27:50+00:00\" \/>\n<meta property=\"og:image\" content=\"https:\/\/web.consaguirre.com.ar\/noticias\/wp-content\/uploads\/2024\/08\/Maroon-5-celebra-10-anos-de-V-con-lanzamiento-de.jpg\" \/>\n\t<meta property=\"og:image:width\" content=\"1440\" \/>\n\t<meta property=\"og:image:height\" content=\"864\" \/>\n\t<meta property=\"og:image:type\" content=\"image\/jpeg\" \/>\n<meta name=\"author\" content=\"Javier Figueroa\" \/>\n<meta name=\"twitter:card\" content=\"summary_large_image\" \/>\n<meta name=\"twitter:label1\" content=\"Escrito por\" \/>\n\t<meta name=\"twitter:data1\" content=\"Javier Figueroa\" \/>\n\t<meta name=\"twitter:label2\" content=\"Tiempo de lectura\" \/>\n\t<meta name=\"twitter:data2\" content=\"3 minutos\" \/>\n<script type=\"application\/ld+json\" class=\"yoast-schema-graph\">{\"@context\":\"https:\/\/schema.org\",\"@graph\":[{\"@type\":\"Article\",\"@id\":\"https:\/\/web.consaguirre.com.ar\/noticias\/maroon-5-celebra-10-anos-de-v-con-lanzamiento-de-vinilo-y-nuevo-sitio-web\/#article\",\"isPartOf\":{\"@id\":\"https:\/\/web.consaguirre.com.ar\/noticias\/maroon-5-celebra-10-anos-de-v-con-lanzamiento-de-vinilo-y-nuevo-sitio-web\/\"},\"author\":{\"name\":\"Javier Figueroa\",\"@id\":\"https:\/\/web.consaguirre.com.ar\/noticias\/#\/schema\/person\/6558b0cfedee7ddc5425602b237d5722\"},\"headline\":\"Maroon 5 celebra 10 a\u00f1os de &#8216;V&#8217; con lanzamiento de vinilo y nuevo sitio web\",\"datePublished\":\"2024-08-29T01:39:00+00:00\",\"dateModified\":\"2024-09-08T19:27:50+00:00\",\"mainEntityOfPage\":{\"@id\":\"https:\/\/web.consaguirre.com.ar\/noticias\/maroon-5-celebra-10-anos-de-v-con-lanzamiento-de-vinilo-y-nuevo-sitio-web\/\"},\"wordCount\":578,\"publisher\":{\"@id\":\"https:\/\/web.consaguirre.com.ar\/noticias\/#organization\"},\"image\":{\"@id\":\"https:\/\/web.consaguirre.com.ar\/noticias\/maroon-5-celebra-10-anos-de-v-con-lanzamiento-de-vinilo-y-nuevo-sitio-web\/#primaryimage\"},\"thumbnailUrl\":\"https:\/\/web.consaguirre.com.ar\/noticias\/wp-content\/uploads\/2024\/08\/Maroon-5-celebra-10-anos-de-V-con-lanzamiento-de.jpg\",\"keywords\":[\"a\u00f1os\",\"celebra\",\"con\",\"lanzamiento\",\"Maroon\",\"nuevo\",\"sitio\",\"vinilo\",\"web\"],\"articleSection\":[\"El \u00faltimo\"],\"inLanguage\":\"es-AR\"},{\"@type\":\"WebPage\",\"@id\":\"https:\/\/web.consaguirre.com.ar\/noticias\/maroon-5-celebra-10-anos-de-v-con-lanzamiento-de-vinilo-y-nuevo-sitio-web\/\",\"url\":\"https:\/\/web.consaguirre.com.ar\/noticias\/maroon-5-celebra-10-anos-de-v-con-lanzamiento-de-vinilo-y-nuevo-sitio-web\/\",\"name\":\"Maroon 5 celebra 10 a\u00f1os de 'V' con lanzamiento de vinilo y nuevo sitio web\",\"isPartOf\":{\"@id\":\"https:\/\/web.consaguirre.com.ar\/noticias\/#website\"},\"primaryImageOfPage\":{\"@id\":\"https:\/\/web.consaguirre.com.ar\/noticias\/maroon-5-celebra-10-anos-de-v-con-lanzamiento-de-vinilo-y-nuevo-sitio-web\/#primaryimage\"},\"image\":{\"@id\":\"https:\/\/web.consaguirre.com.ar\/noticias\/maroon-5-celebra-10-anos-de-v-con-lanzamiento-de-vinilo-y-nuevo-sitio-web\/#primaryimage\"},\"thumbnailUrl\":\"https:\/\/web.consaguirre.com.ar\/noticias\/wp-content\/uploads\/2024\/08\/Maroon-5-celebra-10-anos-de-V-con-lanzamiento-de.jpg\",\"datePublished\":\"2024-08-29T01:39:00+00:00\",\"dateModified\":\"2024-09-08T19:27:50+00:00\",\"breadcrumb\":{\"@id\":\"https:\/\/web.consaguirre.com.ar\/noticias\/maroon-5-celebra-10-anos-de-v-con-lanzamiento-de-vinilo-y-nuevo-sitio-web\/#breadcrumb\"},\"inLanguage\":\"es-AR\",\"potentialAction\":[{\"@type\":\"ReadAction\",\"target\":[\"https:\/\/web.consaguirre.com.ar\/noticias\/maroon-5-celebra-10-anos-de-v-con-lanzamiento-de-vinilo-y-nuevo-sitio-web\/\"]}]},{\"@type\":\"ImageObject\",\"inLanguage\":\"es-AR\",\"@id\":\"https:\/\/web.consaguirre.com.ar\/noticias\/maroon-5-celebra-10-anos-de-v-con-lanzamiento-de-vinilo-y-nuevo-sitio-web\/#primaryimage\",\"url\":\"https:\/\/web.consaguirre.com.ar\/noticias\/wp-content\/uploads\/2024\/08\/Maroon-5-celebra-10-anos-de-V-con-lanzamiento-de.jpg\",\"contentUrl\":\"https:\/\/web.consaguirre.com.ar\/noticias\/wp-content\/uploads\/2024\/08\/Maroon-5-celebra-10-anos-de-V-con-lanzamiento-de.jpg\",\"width\":1440,\"height\":864,\"caption\":\"Maroon 5 circa 2014 - Photo: Kevin Winter\/PMA2014\/Getty Images for dcp\"},{\"@type\":\"BreadcrumbList\",\"@id\":\"https:\/\/web.consaguirre.com.ar\/noticias\/maroon-5-celebra-10-anos-de-v-con-lanzamiento-de-vinilo-y-nuevo-sitio-web\/#breadcrumb\",\"itemListElement\":[{\"@type\":\"ListItem\",\"position\":1,\"name\":\"Inicio\",\"item\":\"https:\/\/web.consaguirre.com.ar\/noticias\/\"},{\"@type\":\"ListItem\",\"position\":2,\"name\":\"Maroon 5 celebra 10 a\u00f1os de &#8216;V&#8217; con lanzamiento de vinilo y nuevo sitio web\"}]},{\"@type\":\"WebSite\",\"@id\":\"https:\/\/web.consaguirre.com.ar\/noticias\/#website\",\"url\":\"https:\/\/web.consaguirre.com.ar\/noticias\/\",\"name\":\"Conservatorio de M\u00fasica Juli\u00e1n Aguirre\",\"description\":\"\",\"publisher\":{\"@id\":\"https:\/\/web.consaguirre.com.ar\/noticias\/#organization\"},\"potentialAction\":[{\"@type\":\"SearchAction\",\"target\":{\"@type\":\"EntryPoint\",\"urlTemplate\":\"https:\/\/web.consaguirre.com.ar\/noticias\/?s={search_term_string}\"},\"query-input\":\"required name=search_term_string\"}],\"inLanguage\":\"es-AR\"},{\"@type\":\"Organization\",\"@id\":\"https:\/\/web.consaguirre.com.ar\/noticias\/#organization\",\"name\":\"Conservatorio de M\u00fasica Juli\u00e1n Aguirre\",\"url\":\"https:\/\/web.consaguirre.com.ar\/noticias\/\",\"logo\":{\"@type\":\"ImageObject\",\"inLanguage\":\"es-AR\",\"@id\":\"https:\/\/web.consaguirre.com.ar\/noticias\/#\/schema\/logo\/image\/\",\"url\":\"https:\/\/web.consaguirre.com.ar\/noticias\/wp-content\/uploads\/2024\/08\/Banner-Aguirre-23.jpg\",\"contentUrl\":\"https:\/\/web.consaguirre.com.ar\/noticias\/wp-content\/uploads\/2024\/08\/Banner-Aguirre-23.jpg\",\"width\":1192,\"height\":600,\"caption\":\"Conservatorio de M\u00fasica Juli\u00e1n Aguirre\"},\"image\":{\"@id\":\"https:\/\/web.consaguirre.com.ar\/noticias\/#\/schema\/logo\/image\/\"}},{\"@type\":\"Person\",\"@id\":\"https:\/\/web.consaguirre.com.ar\/noticias\/#\/schema\/person\/6558b0cfedee7ddc5425602b237d5722\",\"name\":\"Javier Figueroa\",\"image\":{\"@type\":\"ImageObject\",\"inLanguage\":\"es-AR\",\"@id\":\"https:\/\/web.consaguirre.com.ar\/noticias\/#\/schema\/person\/image\/\",\"url\":\"https:\/\/web.consaguirre.com.ar\/noticias\/wp-content\/uploads\/2024\/08\/Consaguirre-scaled.jpg\",\"contentUrl\":\"https:\/\/web.consaguirre.com.ar\/noticias\/wp-content\/uploads\/2024\/08\/Consaguirre-scaled.jpg\",\"caption\":\"Javier Figueroa\"},\"description\":\"Me llamo Javier Figueroa y soy redactor para el sitio oficial del Conservatorio de M\u00fasica Juli\u00e1n Aguirre en Buenos Aires, consaguirre.com. Apasionado por la m\u00fasica y la escritura, me esfuerzo por destacar los talentos y eventos de nuestra prestigiosa instituci\u00f3n. Mi trayectoria se nutre de una profunda admiraci\u00f3n por los artistas, haciendo de cada art\u00edculo una celebraci\u00f3n de la creatividad y la cultura musical.\",\"sameAs\":[\"https:\/\/web.consaguirre.com.ar\/noticias\"]}]}<\/script>\n<!-- \/ Yoast SEO plugin. -->","yoast_head_json":{"title":"Maroon 5 celebra 10 a\u00f1os de 'V' con lanzamiento de vinilo y nuevo sitio web","robots":{"index":"index","follow":"follow","max-snippet":"max-snippet:-1","max-image-preview":"max-image-preview:large","max-video-preview":"max-video-preview:-1"},"canonical":"https:\/\/web.consaguirre.com.ar\/noticias\/maroon-5-celebra-10-anos-de-v-con-lanzamiento-de-vinilo-y-nuevo-sitio-web\/","og_locale":"es_ES","og_type":"article","og_title":"Maroon 5 celebra 10 a\u00f1os de 'V' con lanzamiento de vinilo y nuevo sitio web","og_description":"Maroon 5 est\u00e1n celebrando el d\u00e9cimo aniversario de su c\u00e9lebre \u00e1lbum V con un nuevo lanzamiento de vinilo y un sitio web especial que resalta","og_url":"https:\/\/web.consaguirre.com.ar\/noticias\/maroon-5-celebra-10-anos-de-v-con-lanzamiento-de-vinilo-y-nuevo-sitio-web\/","og_site_name":"Conservatorio de M\u00fasica Juli\u00e1n Aguirre","article_published_time":"2024-08-29T01:39:00+00:00","article_modified_time":"2024-09-08T19:27:50+00:00","og_image":[{"width":1440,"height":864,"url":"https:\/\/web.consaguirre.com.ar\/noticias\/wp-content\/uploads\/2024\/08\/Maroon-5-celebra-10-anos-de-V-con-lanzamiento-de.jpg","type":"image\/jpeg"}],"author":"Javier Figueroa","twitter_card":"summary_large_image","twitter_misc":{"Escrito por":"Javier Figueroa","Tiempo de lectura":"3 minutos"},"schema":{"@context":"https:\/\/schema.org","@graph":[{"@type":"Article","@id":"https:\/\/web.consaguirre.com.ar\/noticias\/maroon-5-celebra-10-anos-de-v-con-lanzamiento-de-vinilo-y-nuevo-sitio-web\/#article","isPartOf":{"@id":"https:\/\/web.consaguirre.com.ar\/noticias\/maroon-5-celebra-10-anos-de-v-con-lanzamiento-de-vinilo-y-nuevo-sitio-web\/"},"author":{"name":"Javier Figueroa","@id":"https:\/\/web.consaguirre.com.ar\/noticias\/#\/schema\/person\/6558b0cfedee7ddc5425602b237d5722"},"headline":"Maroon 5 celebra 10 a\u00f1os de &#8216;V&#8217; con lanzamiento de vinilo y nuevo sitio web","datePublished":"2024-08-29T01:39:00+00:00","dateModified":"2024-09-08T19:27:50+00:00","mainEntityOfPage":{"@id":"https:\/\/web.consaguirre.com.ar\/noticias\/maroon-5-celebra-10-anos-de-v-con-lanzamiento-de-vinilo-y-nuevo-sitio-web\/"},"wordCount":578,"publisher":{"@id":"https:\/\/web.consaguirre.com.ar\/noticias\/#organization"},"image":{"@id":"https:\/\/web.consaguirre.com.ar\/noticias\/maroon-5-celebra-10-anos-de-v-con-lanzamiento-de-vinilo-y-nuevo-sitio-web\/#primaryimage"},"thumbnailUrl":"https:\/\/web.consaguirre.com.ar\/noticias\/wp-content\/uploads\/2024\/08\/Maroon-5-celebra-10-anos-de-V-con-lanzamiento-de.jpg","keywords":["a\u00f1os","celebra","con","lanzamiento","Maroon","nuevo","sitio","vinilo","web"],"articleSection":["El \u00faltimo"],"inLanguage":"es-AR"},{"@type":"WebPage","@id":"https:\/\/web.consaguirre.com.ar\/noticias\/maroon-5-celebra-10-anos-de-v-con-lanzamiento-de-vinilo-y-nuevo-sitio-web\/","url":"https:\/\/web.consaguirre.com.ar\/noticias\/maroon-5-celebra-10-anos-de-v-con-lanzamiento-de-vinilo-y-nuevo-sitio-web\/","name":"Maroon 5 celebra 10 a\u00f1os de 'V' con lanzamiento de vinilo y nuevo sitio web","isPartOf":{"@id":"https:\/\/web.consaguirre.com.ar\/noticias\/#website"},"primaryImageOfPage":{"@id":"https:\/\/web.consaguirre.com.ar\/noticias\/maroon-5-celebra-10-anos-de-v-con-lanzamiento-de-vinilo-y-nuevo-sitio-web\/#primaryimage"},"image":{"@id":"https:\/\/web.consaguirre.com.ar\/noticias\/maroon-5-celebra-10-anos-de-v-con-lanzamiento-de-vinilo-y-nuevo-sitio-web\/#primaryimage"},"thumbnailUrl":"https:\/\/web.consaguirre.com.ar\/noticias\/wp-content\/uploads\/2024\/08\/Maroon-5-celebra-10-anos-de-V-con-lanzamiento-de.jpg","datePublished":"2024-08-29T01:39:00+00:00","dateModified":"2024-09-08T19:27:50+00:00","breadcrumb":{"@id":"https:\/\/web.consaguirre.com.ar\/noticias\/maroon-5-celebra-10-anos-de-v-con-lanzamiento-de-vinilo-y-nuevo-sitio-web\/#breadcrumb"},"inLanguage":"es-AR","potentialAction":[{"@type":"ReadAction","target":["https:\/\/web.consaguirre.com.ar\/noticias\/maroon-5-celebra-10-anos-de-v-con-lanzamiento-de-vinilo-y-nuevo-sitio-web\/"]}]},{"@type":"ImageObject","inLanguage":"es-AR","@id":"https:\/\/web.consaguirre.com.ar\/noticias\/maroon-5-celebra-10-anos-de-v-con-lanzamiento-de-vinilo-y-nuevo-sitio-web\/#primaryimage","url":"https:\/\/web.consaguirre.com.ar\/noticias\/wp-content\/uploads\/2024\/08\/Maroon-5-celebra-10-anos-de-V-con-lanzamiento-de.jpg","contentUrl":"https:\/\/web.consaguirre.com.ar\/noticias\/wp-content\/uploads\/2024\/08\/Maroon-5-celebra-10-anos-de-V-con-lanzamiento-de.jpg","width":1440,"height":864,"caption":"Maroon 5 circa 2014 - Photo: Kevin Winter\/PMA2014\/Getty Images for dcp"},{"@type":"BreadcrumbList","@id":"https:\/\/web.consaguirre.com.ar\/noticias\/maroon-5-celebra-10-anos-de-v-con-lanzamiento-de-vinilo-y-nuevo-sitio-web\/#breadcrumb","itemListElement":[{"@type":"ListItem","position":1,"name":"Inicio","item":"https:\/\/web.consaguirre.com.ar\/noticias\/"},{"@type":"ListItem","position":2,"name":"Maroon 5 celebra 10 a\u00f1os de &#8216;V&#8217; con lanzamiento de vinilo y nuevo sitio web"}]},{"@type":"WebSite","@id":"https:\/\/web.consaguirre.com.ar\/noticias\/#website","url":"https:\/\/web.consaguirre.com.ar\/noticias\/","name":"Conservatorio de M\u00fasica Juli\u00e1n Aguirre","description":"","publisher":{"@id":"https:\/\/web.consaguirre.com.ar\/noticias\/#organization"},"potentialAction":[{"@type":"SearchAction","target":{"@type":"EntryPoint","urlTemplate":"https:\/\/web.consaguirre.com.ar\/noticias\/?s={search_term_string}"},"query-input":"required name=search_term_string"}],"inLanguage":"es-AR"},{"@type":"Organization","@id":"https:\/\/web.consaguirre.com.ar\/noticias\/#organization","name":"Conservatorio de M\u00fasica Juli\u00e1n Aguirre","url":"https:\/\/web.consaguirre.com.ar\/noticias\/","logo":{"@type":"ImageObject","inLanguage":"es-AR","@id":"https:\/\/web.consaguirre.com.ar\/noticias\/#\/schema\/logo\/image\/","url":"https:\/\/web.consaguirre.com.ar\/noticias\/wp-content\/uploads\/2024\/08\/Banner-Aguirre-23.jpg","contentUrl":"https:\/\/web.consaguirre.com.ar\/noticias\/wp-content\/uploads\/2024\/08\/Banner-Aguirre-23.jpg","width":1192,"height":600,"caption":"Conservatorio de M\u00fasica Juli\u00e1n Aguirre"},"image":{"@id":"https:\/\/web.consaguirre.com.ar\/noticias\/#\/schema\/logo\/image\/"}},{"@type":"Person","@id":"https:\/\/web.consaguirre.com.ar\/noticias\/#\/schema\/person\/6558b0cfedee7ddc5425602b237d5722","name":"Javier Figueroa","image":{"@type":"ImageObject","inLanguage":"es-AR","@id":"https:\/\/web.consaguirre.com.ar\/noticias\/#\/schema\/person\/image\/","url":"https:\/\/web.consaguirre.com.ar\/noticias\/wp-content\/uploads\/2024\/08\/Consaguirre-scaled.jpg","contentUrl":"https:\/\/web.consaguirre.com.ar\/noticias\/wp-content\/uploads\/2024\/08\/Consaguirre-scaled.jpg","caption":"Javier Figueroa"},"description":"Me llamo Javier Figueroa y soy redactor para el sitio oficial del Conservatorio de M\u00fasica Juli\u00e1n Aguirre en Buenos Aires, consaguirre.com. Apasionado por la m\u00fasica y la escritura, me esfuerzo por destacar los talentos y eventos de nuestra prestigiosa instituci\u00f3n. Mi trayectoria se nutre de una profunda admiraci\u00f3n por los artistas, haciendo de cada art\u00edculo una celebraci\u00f3n de la creatividad y la cultura musical.","sameAs":["https:\/\/web.consaguirre.com.ar\/noticias"]}]}},"_links":{"self":[{"href":"https:\/\/web.consaguirre.com.ar\/noticias\/wp-json\/wp\/v2\/posts\/278"}],"collection":[{"href":"https:\/\/web.consaguirre.com.ar\/noticias\/wp-json\/wp\/v2\/posts"}],"about":[{"href":"https:\/\/web.consaguirre.com.ar\/noticias\/wp-json\/wp\/v2\/types\/post"}],"author":[{"embeddable":true,"href":"https:\/\/web.consaguirre.com.ar\/noticias\/wp-json\/wp\/v2\/users\/1"}],"replies":[{"embeddable":true,"href":"https:\/\/web.consaguirre.com.ar\/noticias\/wp-json\/wp\/v2\/comments?post=278"}],"version-history":[{"count":1,"href":"https:\/\/web.consaguirre.com.ar\/noticias\/wp-json\/wp\/v2\/posts\/278\/revisions"}],"predecessor-version":[{"id":280,"href":"https:\/\/web.consaguirre.com.ar\/noticias\/wp-json\/wp\/v2\/posts\/278\/revisions\/280"}],"wp:featuredmedia":[{"embeddable":true,"href":"https:\/\/web.consaguirre.com.ar\/noticias\/wp-json\/wp\/v2\/media\/279"}],"wp:attachment":[{"href":"https:\/\/web.consaguirre.com.ar\/noticias\/wp-json\/wp\/v2\/media?parent=278"}],"wp:term":[{"taxonomy":"category","embeddable":true,"href":"https:\/\/web.consaguirre.com.ar\/noticias\/wp-json\/wp\/v2\/categories?post=278"},{"taxonomy":"post_tag","embeddable":true,"href":"https:\/\/web.consaguirre.com.ar\/noticias\/wp-json\/wp\/v2\/tags?post=278"}],"curies":[{"name":"wp","href":"https:\/\/api.w.org\/{rel}","templated":true}]}}