{"id":2743,"date":"2025-05-24T00:38:13","date_gmt":"2025-05-24T03:38:13","guid":{"rendered":"https:\/\/web.consaguirre.com.ar\/noticias\/be-de-common-obtiene-la-edicion-del-vigesimo-aniversario\/"},"modified":"2025-05-24T00:38:15","modified_gmt":"2025-05-24T03:38:15","slug":"be-de-common-obtiene-la-edicion-del-vigesimo-aniversario","status":"publish","type":"post","link":"https:\/\/web.consaguirre.com.ar\/noticias\/be-de-common-obtiene-la-edicion-del-vigesimo-aniversario\/","title":{"rendered":"&#8216;Be&#8217; de Common obtiene la edici\u00f3n del vig\u00e9simo aniversario"},"content":{"rendered":"<p>En 2005, <strong>Com\u00fan<\/strong> lanz\u00f3 su sexto \u00e1lbum, <em>Ser<\/em>tanto para el \u00e9xito comercial como cr\u00edtico. Ahora, en honor a su vig\u00e9simo aniversario, se lanzar\u00e1 una edici\u00f3n de lujo del disco tanto en digital como en vinilo.<\/p>\n<p>La edici\u00f3n digital de lujo de <em>Ser<\/em> Cuenta con remixes y pistas instrumentales nuevas. La edici\u00f3n f\u00edsica de Deluxe se lanzar\u00e1 en vinilo, ofreciendo a los fan\u00e1ticos las canciones originales y las pistas instrumentales juntas por primera vez.<\/p>\n<p><em>Ser<\/em> fue un regreso a la forma para Common despu\u00e9s del registro experimental de 2002 <em>Circo el\u00e9ctrico<\/em>. Se alist\u00f3 tanto a Kanye West, reci\u00e9n salido <em>El abandono universitario<\/em>y colaborador frecuente J Dilla, recordado hoy por su arte e innovaci\u00f3n. Mezcla de alma de los a\u00f1os 70 y hip-hop contempor\u00e1neo, <em>Ser<\/em> Mostr\u00f3 la visi\u00f3n de Common para el hip-hop consciente. El \u00e1lbum produjo una serie de singles memorables, incluidos &#8220;Testify&#8221;, &#8220;The Corner&#8221; y &#8220;Go!&#8221;<\/p>\n<div class=\"uD-YT-container\"><img decoding=\"async\" src=\"https:\/\/web.consaguirre.com.ar\/noticias\/wp-content\/uploads\/2025\/05\/1748057893_860_Be-de-Common-obtiene-la-edicion-del-vigesimo-aniversario.jpg\" alt=\"Video de YouTube\"><br \/>Haga clic para cargar video<\/div>\n<p><em>Ser<\/em> Debut\u00f3 en el n\u00famero dos en el Billboard 200 de los EE. UU., Y logr\u00f3 alcanzar el estado de oro certificado por RIAA al vender m\u00e1s de 500,000 unidades en los Estados Unidos. En 2024, Billboard lo nombr\u00f3 uno de los 100 mejores \u00e1lbumes de rap de todos los tiempos. Tras la lanzamiento, <em>Horca<\/em> escribi\u00f3 que el \u00e1lbum &#8220;se clasifica c\u00f3modamente junto a <em>Resurrecci\u00f3n<\/em> y <em>Como agua para chocolate<\/em> Como el mejor trabajo de Common hasta la fecha &#8220;, y celebra que el rapero&#8221; busque refrescantemente generaciones tanto pasadas como futuras para las respuestas a las grandes preguntas que est\u00e1 buscando <em>Ser<\/em>. &#8220;<\/p>\n<p>Common explic\u00f3 el significado detr\u00e1s del t\u00edtulo de Allhiphop: \u201cEl \u00e1lbum tiene derecho <em>Ser<\/em> Porque lo m\u00e1s dif\u00edcil de hacer es ser t\u00fa mismo, aunque muchos piensan que es lo m\u00e1s f\u00e1cil que realmente no es. Ser es solo existir, no tienes que esforzarte para hacer nada porque Dios nos dio a cada uno una caracter\u00edstica individual y \u00fanica que es el n\u00facleo de quienes somos &#8220;.<\/p>\n<p><strong>Echa un vistazo a la edici\u00f3n del 20 aniversario de Common&#8217;s <em>Ser<\/em> ahora.<\/strong><\/p>\n","protected":false},"excerpt":{"rendered":"<p>En 2005, Com\u00fan lanz\u00f3 su sexto \u00e1lbum, Sertanto para el \u00e9xito comercial como cr\u00edtico. Ahora, en honor a su vig\u00e9simo aniversario, se lanzar\u00e1 una edici\u00f3n<\/p>\n","protected":false},"author":1,"featured_media":2744,"comment_status":"closed","ping_status":"","sticky":false,"template":"","format":"standard","meta":{"footnotes":""},"categories":[50],"tags":[98,2564,10,160,800,1130],"class_list":["post-2743","post","type-post","status-publish","format-standard","has-post-thumbnail","hentry","category-el-ultimo","tag-aniversario","tag-common","tag-del","tag-edicion","tag-obtiene","tag-vigesimo","generate-columns","tablet-grid-50","mobile-grid-100","grid-parent","grid-50"],"yoast_head":"<!-- This site is optimized with the Yoast SEO plugin v23.3 - https:\/\/yoast.com\/wordpress\/plugins\/seo\/ -->\n<title>&#039;Be&#039; de Common obtiene la edici\u00f3n del vig\u00e9simo aniversario<\/title>\n<meta name=\"robots\" content=\"index, follow, max-snippet:-1, max-image-preview:large, max-video-preview:-1\" \/>\n<link rel=\"canonical\" href=\"https:\/\/web.consaguirre.com.ar\/noticias\/be-de-common-obtiene-la-edicion-del-vigesimo-aniversario\/\" \/>\n<meta property=\"og:locale\" content=\"es_ES\" \/>\n<meta property=\"og:type\" content=\"article\" \/>\n<meta property=\"og:title\" content=\"&#039;Be&#039; de Common obtiene la edici\u00f3n del vig\u00e9simo aniversario\" \/>\n<meta property=\"og:description\" content=\"En 2005, Com\u00fan lanz\u00f3 su sexto \u00e1lbum, Sertanto para el \u00e9xito comercial como cr\u00edtico. Ahora, en honor a su vig\u00e9simo aniversario, se lanzar\u00e1 una edici\u00f3n\" \/>\n<meta property=\"og:url\" content=\"https:\/\/web.consaguirre.com.ar\/noticias\/be-de-common-obtiene-la-edicion-del-vigesimo-aniversario\/\" \/>\n<meta property=\"og:site_name\" content=\"Conservatorio de M\u00fasica Juli\u00e1n Aguirre\" \/>\n<meta property=\"article:published_time\" content=\"2025-05-24T03:38:13+00:00\" \/>\n<meta property=\"article:modified_time\" content=\"2025-05-24T03:38:15+00:00\" \/>\n<meta property=\"og:image\" content=\"https:\/\/web.consaguirre.com.ar\/noticias\/wp-content\/uploads\/2025\/05\/Be-de-Common-obtiene-la-edicion-del-vigesimo-aniversario.jpg\" \/>\n\t<meta property=\"og:image:width\" content=\"1280\" \/>\n\t<meta property=\"og:image:height\" content=\"1280\" \/>\n\t<meta property=\"og:image:type\" content=\"image\/jpeg\" \/>\n<meta name=\"author\" content=\"Javier Figueroa\" \/>\n<meta name=\"twitter:card\" content=\"summary_large_image\" \/>\n<meta name=\"twitter:label1\" content=\"Escrito por\" \/>\n\t<meta name=\"twitter:data1\" content=\"Javier Figueroa\" \/>\n\t<meta name=\"twitter:label2\" content=\"Tiempo de lectura\" \/>\n\t<meta name=\"twitter:data2\" content=\"2 minutos\" \/>\n<script type=\"application\/ld+json\" class=\"yoast-schema-graph\">{\"@context\":\"https:\/\/schema.org\",\"@graph\":[{\"@type\":\"Article\",\"@id\":\"https:\/\/web.consaguirre.com.ar\/noticias\/be-de-common-obtiene-la-edicion-del-vigesimo-aniversario\/#article\",\"isPartOf\":{\"@id\":\"https:\/\/web.consaguirre.com.ar\/noticias\/be-de-common-obtiene-la-edicion-del-vigesimo-aniversario\/\"},\"author\":{\"name\":\"Javier Figueroa\",\"@id\":\"https:\/\/web.consaguirre.com.ar\/noticias\/#\/schema\/person\/6558b0cfedee7ddc5425602b237d5722\"},\"headline\":\"&#8216;Be&#8217; de Common obtiene la edici\u00f3n del vig\u00e9simo aniversario\",\"datePublished\":\"2025-05-24T03:38:13+00:00\",\"dateModified\":\"2025-05-24T03:38:15+00:00\",\"mainEntityOfPage\":{\"@id\":\"https:\/\/web.consaguirre.com.ar\/noticias\/be-de-common-obtiene-la-edicion-del-vigesimo-aniversario\/\"},\"wordCount\":364,\"publisher\":{\"@id\":\"https:\/\/web.consaguirre.com.ar\/noticias\/#organization\"},\"image\":{\"@id\":\"https:\/\/web.consaguirre.com.ar\/noticias\/be-de-common-obtiene-la-edicion-del-vigesimo-aniversario\/#primaryimage\"},\"thumbnailUrl\":\"https:\/\/web.consaguirre.com.ar\/noticias\/wp-content\/uploads\/2025\/05\/Be-de-Common-obtiene-la-edicion-del-vigesimo-aniversario.jpg\",\"keywords\":[\"aniversario\",\"Common\",\"del\",\"edici\u00f3n\",\"obtiene\",\"vig\u00e9simo\"],\"articleSection\":[\"El \u00faltimo\"],\"inLanguage\":\"es-AR\"},{\"@type\":\"WebPage\",\"@id\":\"https:\/\/web.consaguirre.com.ar\/noticias\/be-de-common-obtiene-la-edicion-del-vigesimo-aniversario\/\",\"url\":\"https:\/\/web.consaguirre.com.ar\/noticias\/be-de-common-obtiene-la-edicion-del-vigesimo-aniversario\/\",\"name\":\"'Be' de Common obtiene la edici\u00f3n del vig\u00e9simo aniversario\",\"isPartOf\":{\"@id\":\"https:\/\/web.consaguirre.com.ar\/noticias\/#website\"},\"primaryImageOfPage\":{\"@id\":\"https:\/\/web.consaguirre.com.ar\/noticias\/be-de-common-obtiene-la-edicion-del-vigesimo-aniversario\/#primaryimage\"},\"image\":{\"@id\":\"https:\/\/web.consaguirre.com.ar\/noticias\/be-de-common-obtiene-la-edicion-del-vigesimo-aniversario\/#primaryimage\"},\"thumbnailUrl\":\"https:\/\/web.consaguirre.com.ar\/noticias\/wp-content\/uploads\/2025\/05\/Be-de-Common-obtiene-la-edicion-del-vigesimo-aniversario.jpg\",\"datePublished\":\"2025-05-24T03:38:13+00:00\",\"dateModified\":\"2025-05-24T03:38:15+00:00\",\"breadcrumb\":{\"@id\":\"https:\/\/web.consaguirre.com.ar\/noticias\/be-de-common-obtiene-la-edicion-del-vigesimo-aniversario\/#breadcrumb\"},\"inLanguage\":\"es-AR\",\"potentialAction\":[{\"@type\":\"ReadAction\",\"target\":[\"https:\/\/web.consaguirre.com.ar\/noticias\/be-de-common-obtiene-la-edicion-del-vigesimo-aniversario\/\"]}]},{\"@type\":\"ImageObject\",\"inLanguage\":\"es-AR\",\"@id\":\"https:\/\/web.consaguirre.com.ar\/noticias\/be-de-common-obtiene-la-edicion-del-vigesimo-aniversario\/#primaryimage\",\"url\":\"https:\/\/web.consaguirre.com.ar\/noticias\/wp-content\/uploads\/2025\/05\/Be-de-Common-obtiene-la-edicion-del-vigesimo-aniversario.jpg\",\"contentUrl\":\"https:\/\/web.consaguirre.com.ar\/noticias\/wp-content\/uploads\/2025\/05\/Be-de-Common-obtiene-la-edicion-del-vigesimo-aniversario.jpg\",\"width\":1280,\"height\":1280,\"caption\":\"'Be' de Common obtiene la edici\u00f3n del vig\u00e9simo aniversario\"},{\"@type\":\"BreadcrumbList\",\"@id\":\"https:\/\/web.consaguirre.com.ar\/noticias\/be-de-common-obtiene-la-edicion-del-vigesimo-aniversario\/#breadcrumb\",\"itemListElement\":[{\"@type\":\"ListItem\",\"position\":1,\"name\":\"Inicio\",\"item\":\"https:\/\/web.consaguirre.com.ar\/noticias\/\"},{\"@type\":\"ListItem\",\"position\":2,\"name\":\"&#8216;Be&#8217; de Common obtiene la edici\u00f3n del vig\u00e9simo aniversario\"}]},{\"@type\":\"WebSite\",\"@id\":\"https:\/\/web.consaguirre.com.ar\/noticias\/#website\",\"url\":\"https:\/\/web.consaguirre.com.ar\/noticias\/\",\"name\":\"Conservatorio de M\u00fasica Juli\u00e1n Aguirre\",\"description\":\"\",\"publisher\":{\"@id\":\"https:\/\/web.consaguirre.com.ar\/noticias\/#organization\"},\"potentialAction\":[{\"@type\":\"SearchAction\",\"target\":{\"@type\":\"EntryPoint\",\"urlTemplate\":\"https:\/\/web.consaguirre.com.ar\/noticias\/?s={search_term_string}\"},\"query-input\":\"required name=search_term_string\"}],\"inLanguage\":\"es-AR\"},{\"@type\":\"Organization\",\"@id\":\"https:\/\/web.consaguirre.com.ar\/noticias\/#organization\",\"name\":\"Conservatorio de M\u00fasica Juli\u00e1n Aguirre\",\"url\":\"https:\/\/web.consaguirre.com.ar\/noticias\/\",\"logo\":{\"@type\":\"ImageObject\",\"inLanguage\":\"es-AR\",\"@id\":\"https:\/\/web.consaguirre.com.ar\/noticias\/#\/schema\/logo\/image\/\",\"url\":\"https:\/\/web.consaguirre.com.ar\/noticias\/wp-content\/uploads\/2024\/08\/Banner-Aguirre-23.jpg\",\"contentUrl\":\"https:\/\/web.consaguirre.com.ar\/noticias\/wp-content\/uploads\/2024\/08\/Banner-Aguirre-23.jpg\",\"width\":1192,\"height\":600,\"caption\":\"Conservatorio de M\u00fasica Juli\u00e1n Aguirre\"},\"image\":{\"@id\":\"https:\/\/web.consaguirre.com.ar\/noticias\/#\/schema\/logo\/image\/\"}},{\"@type\":\"Person\",\"@id\":\"https:\/\/web.consaguirre.com.ar\/noticias\/#\/schema\/person\/6558b0cfedee7ddc5425602b237d5722\",\"name\":\"Javier Figueroa\",\"image\":{\"@type\":\"ImageObject\",\"inLanguage\":\"es-AR\",\"@id\":\"https:\/\/web.consaguirre.com.ar\/noticias\/#\/schema\/person\/image\/\",\"url\":\"https:\/\/web.consaguirre.com.ar\/noticias\/wp-content\/uploads\/2024\/08\/Consaguirre-scaled.jpg\",\"contentUrl\":\"https:\/\/web.consaguirre.com.ar\/noticias\/wp-content\/uploads\/2024\/08\/Consaguirre-scaled.jpg\",\"caption\":\"Javier Figueroa\"},\"description\":\"Me llamo Javier Figueroa y soy redactor para el sitio oficial del Conservatorio de M\u00fasica Juli\u00e1n Aguirre en Buenos Aires, consaguirre.com. Apasionado por la m\u00fasica y la escritura, me esfuerzo por destacar los talentos y eventos de nuestra prestigiosa instituci\u00f3n. Mi trayectoria se nutre de una profunda admiraci\u00f3n por los artistas, haciendo de cada art\u00edculo una celebraci\u00f3n de la creatividad y la cultura musical.\",\"sameAs\":[\"https:\/\/web.consaguirre.com.ar\/noticias\"]}]}<\/script>\n<!-- \/ Yoast SEO plugin. -->","yoast_head_json":{"title":"'Be' de Common obtiene la edici\u00f3n del vig\u00e9simo aniversario","robots":{"index":"index","follow":"follow","max-snippet":"max-snippet:-1","max-image-preview":"max-image-preview:large","max-video-preview":"max-video-preview:-1"},"canonical":"https:\/\/web.consaguirre.com.ar\/noticias\/be-de-common-obtiene-la-edicion-del-vigesimo-aniversario\/","og_locale":"es_ES","og_type":"article","og_title":"'Be' de Common obtiene la edici\u00f3n del vig\u00e9simo aniversario","og_description":"En 2005, Com\u00fan lanz\u00f3 su sexto \u00e1lbum, Sertanto para el \u00e9xito comercial como cr\u00edtico. Ahora, en honor a su vig\u00e9simo aniversario, se lanzar\u00e1 una edici\u00f3n","og_url":"https:\/\/web.consaguirre.com.ar\/noticias\/be-de-common-obtiene-la-edicion-del-vigesimo-aniversario\/","og_site_name":"Conservatorio de M\u00fasica Juli\u00e1n Aguirre","article_published_time":"2025-05-24T03:38:13+00:00","article_modified_time":"2025-05-24T03:38:15+00:00","og_image":[{"width":1280,"height":1280,"url":"https:\/\/web.consaguirre.com.ar\/noticias\/wp-content\/uploads\/2025\/05\/Be-de-Common-obtiene-la-edicion-del-vigesimo-aniversario.jpg","type":"image\/jpeg"}],"author":"Javier Figueroa","twitter_card":"summary_large_image","twitter_misc":{"Escrito por":"Javier Figueroa","Tiempo de lectura":"2 minutos"},"schema":{"@context":"https:\/\/schema.org","@graph":[{"@type":"Article","@id":"https:\/\/web.consaguirre.com.ar\/noticias\/be-de-common-obtiene-la-edicion-del-vigesimo-aniversario\/#article","isPartOf":{"@id":"https:\/\/web.consaguirre.com.ar\/noticias\/be-de-common-obtiene-la-edicion-del-vigesimo-aniversario\/"},"author":{"name":"Javier Figueroa","@id":"https:\/\/web.consaguirre.com.ar\/noticias\/#\/schema\/person\/6558b0cfedee7ddc5425602b237d5722"},"headline":"&#8216;Be&#8217; de Common obtiene la edici\u00f3n del vig\u00e9simo aniversario","datePublished":"2025-05-24T03:38:13+00:00","dateModified":"2025-05-24T03:38:15+00:00","mainEntityOfPage":{"@id":"https:\/\/web.consaguirre.com.ar\/noticias\/be-de-common-obtiene-la-edicion-del-vigesimo-aniversario\/"},"wordCount":364,"publisher":{"@id":"https:\/\/web.consaguirre.com.ar\/noticias\/#organization"},"image":{"@id":"https:\/\/web.consaguirre.com.ar\/noticias\/be-de-common-obtiene-la-edicion-del-vigesimo-aniversario\/#primaryimage"},"thumbnailUrl":"https:\/\/web.consaguirre.com.ar\/noticias\/wp-content\/uploads\/2025\/05\/Be-de-Common-obtiene-la-edicion-del-vigesimo-aniversario.jpg","keywords":["aniversario","Common","del","edici\u00f3n","obtiene","vig\u00e9simo"],"articleSection":["El \u00faltimo"],"inLanguage":"es-AR"},{"@type":"WebPage","@id":"https:\/\/web.consaguirre.com.ar\/noticias\/be-de-common-obtiene-la-edicion-del-vigesimo-aniversario\/","url":"https:\/\/web.consaguirre.com.ar\/noticias\/be-de-common-obtiene-la-edicion-del-vigesimo-aniversario\/","name":"'Be' de Common obtiene la edici\u00f3n del vig\u00e9simo aniversario","isPartOf":{"@id":"https:\/\/web.consaguirre.com.ar\/noticias\/#website"},"primaryImageOfPage":{"@id":"https:\/\/web.consaguirre.com.ar\/noticias\/be-de-common-obtiene-la-edicion-del-vigesimo-aniversario\/#primaryimage"},"image":{"@id":"https:\/\/web.consaguirre.com.ar\/noticias\/be-de-common-obtiene-la-edicion-del-vigesimo-aniversario\/#primaryimage"},"thumbnailUrl":"https:\/\/web.consaguirre.com.ar\/noticias\/wp-content\/uploads\/2025\/05\/Be-de-Common-obtiene-la-edicion-del-vigesimo-aniversario.jpg","datePublished":"2025-05-24T03:38:13+00:00","dateModified":"2025-05-24T03:38:15+00:00","breadcrumb":{"@id":"https:\/\/web.consaguirre.com.ar\/noticias\/be-de-common-obtiene-la-edicion-del-vigesimo-aniversario\/#breadcrumb"},"inLanguage":"es-AR","potentialAction":[{"@type":"ReadAction","target":["https:\/\/web.consaguirre.com.ar\/noticias\/be-de-common-obtiene-la-edicion-del-vigesimo-aniversario\/"]}]},{"@type":"ImageObject","inLanguage":"es-AR","@id":"https:\/\/web.consaguirre.com.ar\/noticias\/be-de-common-obtiene-la-edicion-del-vigesimo-aniversario\/#primaryimage","url":"https:\/\/web.consaguirre.com.ar\/noticias\/wp-content\/uploads\/2025\/05\/Be-de-Common-obtiene-la-edicion-del-vigesimo-aniversario.jpg","contentUrl":"https:\/\/web.consaguirre.com.ar\/noticias\/wp-content\/uploads\/2025\/05\/Be-de-Common-obtiene-la-edicion-del-vigesimo-aniversario.jpg","width":1280,"height":1280,"caption":"'Be' de Common obtiene la edici\u00f3n del vig\u00e9simo aniversario"},{"@type":"BreadcrumbList","@id":"https:\/\/web.consaguirre.com.ar\/noticias\/be-de-common-obtiene-la-edicion-del-vigesimo-aniversario\/#breadcrumb","itemListElement":[{"@type":"ListItem","position":1,"name":"Inicio","item":"https:\/\/web.consaguirre.com.ar\/noticias\/"},{"@type":"ListItem","position":2,"name":"&#8216;Be&#8217; de Common obtiene la edici\u00f3n del vig\u00e9simo aniversario"}]},{"@type":"WebSite","@id":"https:\/\/web.consaguirre.com.ar\/noticias\/#website","url":"https:\/\/web.consaguirre.com.ar\/noticias\/","name":"Conservatorio de M\u00fasica Juli\u00e1n Aguirre","description":"","publisher":{"@id":"https:\/\/web.consaguirre.com.ar\/noticias\/#organization"},"potentialAction":[{"@type":"SearchAction","target":{"@type":"EntryPoint","urlTemplate":"https:\/\/web.consaguirre.com.ar\/noticias\/?s={search_term_string}"},"query-input":"required name=search_term_string"}],"inLanguage":"es-AR"},{"@type":"Organization","@id":"https:\/\/web.consaguirre.com.ar\/noticias\/#organization","name":"Conservatorio de M\u00fasica Juli\u00e1n Aguirre","url":"https:\/\/web.consaguirre.com.ar\/noticias\/","logo":{"@type":"ImageObject","inLanguage":"es-AR","@id":"https:\/\/web.consaguirre.com.ar\/noticias\/#\/schema\/logo\/image\/","url":"https:\/\/web.consaguirre.com.ar\/noticias\/wp-content\/uploads\/2024\/08\/Banner-Aguirre-23.jpg","contentUrl":"https:\/\/web.consaguirre.com.ar\/noticias\/wp-content\/uploads\/2024\/08\/Banner-Aguirre-23.jpg","width":1192,"height":600,"caption":"Conservatorio de M\u00fasica Juli\u00e1n Aguirre"},"image":{"@id":"https:\/\/web.consaguirre.com.ar\/noticias\/#\/schema\/logo\/image\/"}},{"@type":"Person","@id":"https:\/\/web.consaguirre.com.ar\/noticias\/#\/schema\/person\/6558b0cfedee7ddc5425602b237d5722","name":"Javier Figueroa","image":{"@type":"ImageObject","inLanguage":"es-AR","@id":"https:\/\/web.consaguirre.com.ar\/noticias\/#\/schema\/person\/image\/","url":"https:\/\/web.consaguirre.com.ar\/noticias\/wp-content\/uploads\/2024\/08\/Consaguirre-scaled.jpg","contentUrl":"https:\/\/web.consaguirre.com.ar\/noticias\/wp-content\/uploads\/2024\/08\/Consaguirre-scaled.jpg","caption":"Javier Figueroa"},"description":"Me llamo Javier Figueroa y soy redactor para el sitio oficial del Conservatorio de M\u00fasica Juli\u00e1n Aguirre en Buenos Aires, consaguirre.com. Apasionado por la m\u00fasica y la escritura, me esfuerzo por destacar los talentos y eventos de nuestra prestigiosa instituci\u00f3n. Mi trayectoria se nutre de una profunda admiraci\u00f3n por los artistas, haciendo de cada art\u00edculo una celebraci\u00f3n de la creatividad y la cultura musical.","sameAs":["https:\/\/web.consaguirre.com.ar\/noticias"]}]}},"_links":{"self":[{"href":"https:\/\/web.consaguirre.com.ar\/noticias\/wp-json\/wp\/v2\/posts\/2743"}],"collection":[{"href":"https:\/\/web.consaguirre.com.ar\/noticias\/wp-json\/wp\/v2\/posts"}],"about":[{"href":"https:\/\/web.consaguirre.com.ar\/noticias\/wp-json\/wp\/v2\/types\/post"}],"author":[{"embeddable":true,"href":"https:\/\/web.consaguirre.com.ar\/noticias\/wp-json\/wp\/v2\/users\/1"}],"replies":[{"embeddable":true,"href":"https:\/\/web.consaguirre.com.ar\/noticias\/wp-json\/wp\/v2\/comments?post=2743"}],"version-history":[{"count":1,"href":"https:\/\/web.consaguirre.com.ar\/noticias\/wp-json\/wp\/v2\/posts\/2743\/revisions"}],"predecessor-version":[{"id":2745,"href":"https:\/\/web.consaguirre.com.ar\/noticias\/wp-json\/wp\/v2\/posts\/2743\/revisions\/2745"}],"wp:featuredmedia":[{"embeddable":true,"href":"https:\/\/web.consaguirre.com.ar\/noticias\/wp-json\/wp\/v2\/media\/2744"}],"wp:attachment":[{"href":"https:\/\/web.consaguirre.com.ar\/noticias\/wp-json\/wp\/v2\/media?parent=2743"}],"wp:term":[{"taxonomy":"category","embeddable":true,"href":"https:\/\/web.consaguirre.com.ar\/noticias\/wp-json\/wp\/v2\/categories?post=2743"},{"taxonomy":"post_tag","embeddable":true,"href":"https:\/\/web.consaguirre.com.ar\/noticias\/wp-json\/wp\/v2\/tags?post=2743"}],"curies":[{"name":"wp","href":"https:\/\/api.w.org\/{rel}","templated":true}]}}