{"id":2737,"date":"2025-05-23T18:38:27","date_gmt":"2025-05-23T21:38:27","guid":{"rendered":"https:\/\/web.consaguirre.com.ar\/noticias\/ringo-starr-para-recorrernos-este-otono-con-su-banda-all-starr\/"},"modified":"2025-05-23T18:38:28","modified_gmt":"2025-05-23T21:38:28","slug":"ringo-starr-para-recorrernos-este-otono-con-su-banda-all-starr","status":"publish","type":"post","link":"https:\/\/web.consaguirre.com.ar\/noticias\/ringo-starr-para-recorrernos-este-otono-con-su-banda-all-starr\/","title":{"rendered":"Ringo Starr para recorrernos este oto\u00f1o con su banda All-Starr"},"content":{"rendered":"<p><strong>Ringo Starr y su banda All-Starr<\/strong> han confirmado una gira de oto\u00f1o por los Estados Unidos.<\/p>\n<p>Pensando el 10 de septiembre en Chicago, la carrera se cerrar\u00e1 con una residencia de seis fechas en el casino de Las Vegas y el lugar de m\u00fasica The Venetian. Tambi\u00e9n presenta una parada en Louisville, Kentucky Festival Bourbon &#038; Beyond el 13 de septiembre, donde el grupo jugar\u00e1 en una alineaci\u00f3n que tambi\u00e9n presenta a Phish, Noah Kahan, Sturgill Simpson, los Lumineers, Alabama Skakes y Jack White.<\/p>\n<p>La carrera de la Banda All-Starr seguir\u00e1 otra serie de fechas establecidas para este junio. La gira de primavera ver\u00e1 a la banda detenerse en Chicago, Filadelfia y Radio City Music Hall de Nueva York. Se cerrar\u00e1 en el Auditorio Ovens en Charlotte, Carolina del Norte, el 25 de junio. Ambas carreras presentan la misma l\u00ednea central: Starr, Steve Lukather y Warren Ham de Toto, Colin Hay de Work en Work, Hamish Stuart de White Band promedio, Buck Johnson y Gregg Bissonette de Aerosmith.<\/p>\n<p>Establecido por primera vez en 1989, la banda All-Starr ha presentado una alineaci\u00f3n giratoria regular que a veces ha incluido <strong>Peter Frampton<\/strong>Levon Helm, Nils Lofgren, Clarence Clemons, Sheila E. y Zak Starkey. El antiguo colaborador de Billy Joel, Mark Rivera, se desempe\u00f1\u00f3 como director musical del grupo desde 1995. La \u00faltima gira del grupo tuvo lugar en la primavera de 2023: tambi\u00e9n hab\u00edan planeado giras en 2020 y 2021, pero ambos fueron cancelados debido a la pandemia Covid-19.<\/p>\n<p>El anuncio de la gira sigue un a\u00f1o ocupado ya para el alumno de los Beatles: el 10 de enero, lanz\u00f3 <strong>su primer \u00e1lbum country, <em>Buscar<\/em><\/strong>una colaboraci\u00f3n con el veterano compositor T-Bone Burnett. M\u00e1s tarde, en marzo, organiz\u00f3 <strong>Una portada de recaudaci\u00f3n de fondos apilada de &#8220;con un poco de ayuda de mis amigos&#8221;<\/strong> y donaron todos los ingresos a los impactados por los incendios forestales de California. Grabado en el famoso Auditorio Ryman de Nashville, la portada reuni\u00f3 a personas como Sheryl Crow, Emmylou Harris, Mickey Guyton, Molly Tuttle y Billy Strings.<\/p>\n<p><strong>Compre boletos para la gira Ringo Starr aqu\u00ed.<\/strong><\/p>\n","protected":false},"excerpt":{"rendered":"<p>Ringo Starr y su banda All-Starr han confirmado una gira de oto\u00f1o por los Estados Unidos. Pensando el 10 de septiembre en Chicago, la carrera<\/p>\n","protected":false},"author":1,"featured_media":2738,"comment_status":"closed","ping_status":"","sticky":false,"template":"","format":"standard","meta":{"footnotes":""},"categories":[50],"tags":[2561,471,32,791,493,154,2560,1009,1010],"class_list":["post-2737","post","type-post","status-publish","format-standard","has-post-thumbnail","hentry","category-el-ultimo","tag-allstarr","tag-banda","tag-con","tag-este","tag-otono","tag-para","tag-recorrernos","tag-ringo","tag-starr","generate-columns","tablet-grid-50","mobile-grid-100","grid-parent","grid-50"],"yoast_head":"<!-- This site is optimized with the Yoast SEO plugin v23.3 - https:\/\/yoast.com\/wordpress\/plugins\/seo\/ -->\n<title>Ringo Starr para recorrernos este oto\u00f1o con su banda All-Starr<\/title>\n<meta name=\"robots\" content=\"index, follow, max-snippet:-1, max-image-preview:large, max-video-preview:-1\" \/>\n<link rel=\"canonical\" href=\"https:\/\/web.consaguirre.com.ar\/noticias\/ringo-starr-para-recorrernos-este-otono-con-su-banda-all-starr\/\" \/>\n<meta property=\"og:locale\" content=\"es_ES\" \/>\n<meta property=\"og:type\" content=\"article\" \/>\n<meta property=\"og:title\" content=\"Ringo Starr para recorrernos este oto\u00f1o con su banda All-Starr\" \/>\n<meta property=\"og:description\" content=\"Ringo Starr y su banda All-Starr han confirmado una gira de oto\u00f1o por los Estados Unidos. Pensando el 10 de septiembre en Chicago, la carrera\" \/>\n<meta property=\"og:url\" content=\"https:\/\/web.consaguirre.com.ar\/noticias\/ringo-starr-para-recorrernos-este-otono-con-su-banda-all-starr\/\" \/>\n<meta property=\"og:site_name\" content=\"Conservatorio de M\u00fasica Juli\u00e1n Aguirre\" \/>\n<meta property=\"article:published_time\" content=\"2025-05-23T21:38:27+00:00\" \/>\n<meta property=\"article:modified_time\" content=\"2025-05-23T21:38:28+00:00\" \/>\n<meta property=\"og:image\" content=\"https:\/\/web.consaguirre.com.ar\/noticias\/wp-content\/uploads\/2025\/05\/Ringo-Starr-para-recorrernos-este-otono-con-su-banda-All-Starr.jpg\" \/>\n\t<meta property=\"og:image:width\" content=\"1440\" \/>\n\t<meta property=\"og:image:height\" content=\"864\" \/>\n\t<meta property=\"og:image:type\" content=\"image\/jpeg\" \/>\n<meta name=\"author\" content=\"Javier Figueroa\" \/>\n<meta name=\"twitter:card\" content=\"summary_large_image\" \/>\n<meta name=\"twitter:label1\" content=\"Escrito por\" \/>\n\t<meta name=\"twitter:data1\" content=\"Javier Figueroa\" \/>\n\t<meta name=\"twitter:label2\" content=\"Tiempo de lectura\" \/>\n\t<meta name=\"twitter:data2\" content=\"2 minutos\" \/>\n<script type=\"application\/ld+json\" class=\"yoast-schema-graph\">{\"@context\":\"https:\/\/schema.org\",\"@graph\":[{\"@type\":\"Article\",\"@id\":\"https:\/\/web.consaguirre.com.ar\/noticias\/ringo-starr-para-recorrernos-este-otono-con-su-banda-all-starr\/#article\",\"isPartOf\":{\"@id\":\"https:\/\/web.consaguirre.com.ar\/noticias\/ringo-starr-para-recorrernos-este-otono-con-su-banda-all-starr\/\"},\"author\":{\"name\":\"Javier Figueroa\",\"@id\":\"https:\/\/web.consaguirre.com.ar\/noticias\/#\/schema\/person\/6558b0cfedee7ddc5425602b237d5722\"},\"headline\":\"Ringo Starr para recorrernos este oto\u00f1o con su banda All-Starr\",\"datePublished\":\"2025-05-23T21:38:27+00:00\",\"dateModified\":\"2025-05-23T21:38:28+00:00\",\"mainEntityOfPage\":{\"@id\":\"https:\/\/web.consaguirre.com.ar\/noticias\/ringo-starr-para-recorrernos-este-otono-con-su-banda-all-starr\/\"},\"wordCount\":362,\"publisher\":{\"@id\":\"https:\/\/web.consaguirre.com.ar\/noticias\/#organization\"},\"image\":{\"@id\":\"https:\/\/web.consaguirre.com.ar\/noticias\/ringo-starr-para-recorrernos-este-otono-con-su-banda-all-starr\/#primaryimage\"},\"thumbnailUrl\":\"https:\/\/web.consaguirre.com.ar\/noticias\/wp-content\/uploads\/2025\/05\/Ringo-Starr-para-recorrernos-este-otono-con-su-banda-All-Starr.jpg\",\"keywords\":[\"AllStarr\",\"banda\",\"con\",\"este\",\"oto\u00f1o\",\"para\",\"recorrernos\",\"Ringo\",\"Starr\"],\"articleSection\":[\"El \u00faltimo\"],\"inLanguage\":\"es-AR\"},{\"@type\":\"WebPage\",\"@id\":\"https:\/\/web.consaguirre.com.ar\/noticias\/ringo-starr-para-recorrernos-este-otono-con-su-banda-all-starr\/\",\"url\":\"https:\/\/web.consaguirre.com.ar\/noticias\/ringo-starr-para-recorrernos-este-otono-con-su-banda-all-starr\/\",\"name\":\"Ringo Starr para recorrernos este oto\u00f1o con su banda All-Starr\",\"isPartOf\":{\"@id\":\"https:\/\/web.consaguirre.com.ar\/noticias\/#website\"},\"primaryImageOfPage\":{\"@id\":\"https:\/\/web.consaguirre.com.ar\/noticias\/ringo-starr-para-recorrernos-este-otono-con-su-banda-all-starr\/#primaryimage\"},\"image\":{\"@id\":\"https:\/\/web.consaguirre.com.ar\/noticias\/ringo-starr-para-recorrernos-este-otono-con-su-banda-all-starr\/#primaryimage\"},\"thumbnailUrl\":\"https:\/\/web.consaguirre.com.ar\/noticias\/wp-content\/uploads\/2025\/05\/Ringo-Starr-para-recorrernos-este-otono-con-su-banda-All-Starr.jpg\",\"datePublished\":\"2025-05-23T21:38:27+00:00\",\"dateModified\":\"2025-05-23T21:38:28+00:00\",\"breadcrumb\":{\"@id\":\"https:\/\/web.consaguirre.com.ar\/noticias\/ringo-starr-para-recorrernos-este-otono-con-su-banda-all-starr\/#breadcrumb\"},\"inLanguage\":\"es-AR\",\"potentialAction\":[{\"@type\":\"ReadAction\",\"target\":[\"https:\/\/web.consaguirre.com.ar\/noticias\/ringo-starr-para-recorrernos-este-otono-con-su-banda-all-starr\/\"]}]},{\"@type\":\"ImageObject\",\"inLanguage\":\"es-AR\",\"@id\":\"https:\/\/web.consaguirre.com.ar\/noticias\/ringo-starr-para-recorrernos-este-otono-con-su-banda-all-starr\/#primaryimage\",\"url\":\"https:\/\/web.consaguirre.com.ar\/noticias\/wp-content\/uploads\/2025\/05\/Ringo-Starr-para-recorrernos-este-otono-con-su-banda-All-Starr.jpg\",\"contentUrl\":\"https:\/\/web.consaguirre.com.ar\/noticias\/wp-content\/uploads\/2025\/05\/Ringo-Starr-para-recorrernos-este-otono-con-su-banda-All-Starr.jpg\",\"width\":1440,\"height\":864,\"caption\":\"Ringo Starr para recorrernos este oto\u00f1o con su banda All-Starr\"},{\"@type\":\"BreadcrumbList\",\"@id\":\"https:\/\/web.consaguirre.com.ar\/noticias\/ringo-starr-para-recorrernos-este-otono-con-su-banda-all-starr\/#breadcrumb\",\"itemListElement\":[{\"@type\":\"ListItem\",\"position\":1,\"name\":\"Inicio\",\"item\":\"https:\/\/web.consaguirre.com.ar\/noticias\/\"},{\"@type\":\"ListItem\",\"position\":2,\"name\":\"Ringo Starr para recorrernos este oto\u00f1o con su banda All-Starr\"}]},{\"@type\":\"WebSite\",\"@id\":\"https:\/\/web.consaguirre.com.ar\/noticias\/#website\",\"url\":\"https:\/\/web.consaguirre.com.ar\/noticias\/\",\"name\":\"Conservatorio de M\u00fasica Juli\u00e1n Aguirre\",\"description\":\"\",\"publisher\":{\"@id\":\"https:\/\/web.consaguirre.com.ar\/noticias\/#organization\"},\"potentialAction\":[{\"@type\":\"SearchAction\",\"target\":{\"@type\":\"EntryPoint\",\"urlTemplate\":\"https:\/\/web.consaguirre.com.ar\/noticias\/?s={search_term_string}\"},\"query-input\":\"required name=search_term_string\"}],\"inLanguage\":\"es-AR\"},{\"@type\":\"Organization\",\"@id\":\"https:\/\/web.consaguirre.com.ar\/noticias\/#organization\",\"name\":\"Conservatorio de M\u00fasica Juli\u00e1n Aguirre\",\"url\":\"https:\/\/web.consaguirre.com.ar\/noticias\/\",\"logo\":{\"@type\":\"ImageObject\",\"inLanguage\":\"es-AR\",\"@id\":\"https:\/\/web.consaguirre.com.ar\/noticias\/#\/schema\/logo\/image\/\",\"url\":\"https:\/\/web.consaguirre.com.ar\/noticias\/wp-content\/uploads\/2024\/08\/Banner-Aguirre-23.jpg\",\"contentUrl\":\"https:\/\/web.consaguirre.com.ar\/noticias\/wp-content\/uploads\/2024\/08\/Banner-Aguirre-23.jpg\",\"width\":1192,\"height\":600,\"caption\":\"Conservatorio de M\u00fasica Juli\u00e1n Aguirre\"},\"image\":{\"@id\":\"https:\/\/web.consaguirre.com.ar\/noticias\/#\/schema\/logo\/image\/\"}},{\"@type\":\"Person\",\"@id\":\"https:\/\/web.consaguirre.com.ar\/noticias\/#\/schema\/person\/6558b0cfedee7ddc5425602b237d5722\",\"name\":\"Javier Figueroa\",\"image\":{\"@type\":\"ImageObject\",\"inLanguage\":\"es-AR\",\"@id\":\"https:\/\/web.consaguirre.com.ar\/noticias\/#\/schema\/person\/image\/\",\"url\":\"https:\/\/web.consaguirre.com.ar\/noticias\/wp-content\/uploads\/2024\/08\/Consaguirre-scaled.jpg\",\"contentUrl\":\"https:\/\/web.consaguirre.com.ar\/noticias\/wp-content\/uploads\/2024\/08\/Consaguirre-scaled.jpg\",\"caption\":\"Javier Figueroa\"},\"description\":\"Me llamo Javier Figueroa y soy redactor para el sitio oficial del Conservatorio de M\u00fasica Juli\u00e1n Aguirre en Buenos Aires, consaguirre.com. Apasionado por la m\u00fasica y la escritura, me esfuerzo por destacar los talentos y eventos de nuestra prestigiosa instituci\u00f3n. Mi trayectoria se nutre de una profunda admiraci\u00f3n por los artistas, haciendo de cada art\u00edculo una celebraci\u00f3n de la creatividad y la cultura musical.\",\"sameAs\":[\"https:\/\/web.consaguirre.com.ar\/noticias\"]}]}<\/script>\n<!-- \/ Yoast SEO plugin. -->","yoast_head_json":{"title":"Ringo Starr para recorrernos este oto\u00f1o con su banda All-Starr","robots":{"index":"index","follow":"follow","max-snippet":"max-snippet:-1","max-image-preview":"max-image-preview:large","max-video-preview":"max-video-preview:-1"},"canonical":"https:\/\/web.consaguirre.com.ar\/noticias\/ringo-starr-para-recorrernos-este-otono-con-su-banda-all-starr\/","og_locale":"es_ES","og_type":"article","og_title":"Ringo Starr para recorrernos este oto\u00f1o con su banda All-Starr","og_description":"Ringo Starr y su banda All-Starr han confirmado una gira de oto\u00f1o por los Estados Unidos. Pensando el 10 de septiembre en Chicago, la carrera","og_url":"https:\/\/web.consaguirre.com.ar\/noticias\/ringo-starr-para-recorrernos-este-otono-con-su-banda-all-starr\/","og_site_name":"Conservatorio de M\u00fasica Juli\u00e1n Aguirre","article_published_time":"2025-05-23T21:38:27+00:00","article_modified_time":"2025-05-23T21:38:28+00:00","og_image":[{"width":1440,"height":864,"url":"https:\/\/web.consaguirre.com.ar\/noticias\/wp-content\/uploads\/2025\/05\/Ringo-Starr-para-recorrernos-este-otono-con-su-banda-All-Starr.jpg","type":"image\/jpeg"}],"author":"Javier Figueroa","twitter_card":"summary_large_image","twitter_misc":{"Escrito por":"Javier Figueroa","Tiempo de lectura":"2 minutos"},"schema":{"@context":"https:\/\/schema.org","@graph":[{"@type":"Article","@id":"https:\/\/web.consaguirre.com.ar\/noticias\/ringo-starr-para-recorrernos-este-otono-con-su-banda-all-starr\/#article","isPartOf":{"@id":"https:\/\/web.consaguirre.com.ar\/noticias\/ringo-starr-para-recorrernos-este-otono-con-su-banda-all-starr\/"},"author":{"name":"Javier Figueroa","@id":"https:\/\/web.consaguirre.com.ar\/noticias\/#\/schema\/person\/6558b0cfedee7ddc5425602b237d5722"},"headline":"Ringo Starr para recorrernos este oto\u00f1o con su banda All-Starr","datePublished":"2025-05-23T21:38:27+00:00","dateModified":"2025-05-23T21:38:28+00:00","mainEntityOfPage":{"@id":"https:\/\/web.consaguirre.com.ar\/noticias\/ringo-starr-para-recorrernos-este-otono-con-su-banda-all-starr\/"},"wordCount":362,"publisher":{"@id":"https:\/\/web.consaguirre.com.ar\/noticias\/#organization"},"image":{"@id":"https:\/\/web.consaguirre.com.ar\/noticias\/ringo-starr-para-recorrernos-este-otono-con-su-banda-all-starr\/#primaryimage"},"thumbnailUrl":"https:\/\/web.consaguirre.com.ar\/noticias\/wp-content\/uploads\/2025\/05\/Ringo-Starr-para-recorrernos-este-otono-con-su-banda-All-Starr.jpg","keywords":["AllStarr","banda","con","este","oto\u00f1o","para","recorrernos","Ringo","Starr"],"articleSection":["El \u00faltimo"],"inLanguage":"es-AR"},{"@type":"WebPage","@id":"https:\/\/web.consaguirre.com.ar\/noticias\/ringo-starr-para-recorrernos-este-otono-con-su-banda-all-starr\/","url":"https:\/\/web.consaguirre.com.ar\/noticias\/ringo-starr-para-recorrernos-este-otono-con-su-banda-all-starr\/","name":"Ringo Starr para recorrernos este oto\u00f1o con su banda All-Starr","isPartOf":{"@id":"https:\/\/web.consaguirre.com.ar\/noticias\/#website"},"primaryImageOfPage":{"@id":"https:\/\/web.consaguirre.com.ar\/noticias\/ringo-starr-para-recorrernos-este-otono-con-su-banda-all-starr\/#primaryimage"},"image":{"@id":"https:\/\/web.consaguirre.com.ar\/noticias\/ringo-starr-para-recorrernos-este-otono-con-su-banda-all-starr\/#primaryimage"},"thumbnailUrl":"https:\/\/web.consaguirre.com.ar\/noticias\/wp-content\/uploads\/2025\/05\/Ringo-Starr-para-recorrernos-este-otono-con-su-banda-All-Starr.jpg","datePublished":"2025-05-23T21:38:27+00:00","dateModified":"2025-05-23T21:38:28+00:00","breadcrumb":{"@id":"https:\/\/web.consaguirre.com.ar\/noticias\/ringo-starr-para-recorrernos-este-otono-con-su-banda-all-starr\/#breadcrumb"},"inLanguage":"es-AR","potentialAction":[{"@type":"ReadAction","target":["https:\/\/web.consaguirre.com.ar\/noticias\/ringo-starr-para-recorrernos-este-otono-con-su-banda-all-starr\/"]}]},{"@type":"ImageObject","inLanguage":"es-AR","@id":"https:\/\/web.consaguirre.com.ar\/noticias\/ringo-starr-para-recorrernos-este-otono-con-su-banda-all-starr\/#primaryimage","url":"https:\/\/web.consaguirre.com.ar\/noticias\/wp-content\/uploads\/2025\/05\/Ringo-Starr-para-recorrernos-este-otono-con-su-banda-All-Starr.jpg","contentUrl":"https:\/\/web.consaguirre.com.ar\/noticias\/wp-content\/uploads\/2025\/05\/Ringo-Starr-para-recorrernos-este-otono-con-su-banda-All-Starr.jpg","width":1440,"height":864,"caption":"Ringo Starr para recorrernos este oto\u00f1o con su banda All-Starr"},{"@type":"BreadcrumbList","@id":"https:\/\/web.consaguirre.com.ar\/noticias\/ringo-starr-para-recorrernos-este-otono-con-su-banda-all-starr\/#breadcrumb","itemListElement":[{"@type":"ListItem","position":1,"name":"Inicio","item":"https:\/\/web.consaguirre.com.ar\/noticias\/"},{"@type":"ListItem","position":2,"name":"Ringo Starr para recorrernos este oto\u00f1o con su banda All-Starr"}]},{"@type":"WebSite","@id":"https:\/\/web.consaguirre.com.ar\/noticias\/#website","url":"https:\/\/web.consaguirre.com.ar\/noticias\/","name":"Conservatorio de M\u00fasica Juli\u00e1n Aguirre","description":"","publisher":{"@id":"https:\/\/web.consaguirre.com.ar\/noticias\/#organization"},"potentialAction":[{"@type":"SearchAction","target":{"@type":"EntryPoint","urlTemplate":"https:\/\/web.consaguirre.com.ar\/noticias\/?s={search_term_string}"},"query-input":"required name=search_term_string"}],"inLanguage":"es-AR"},{"@type":"Organization","@id":"https:\/\/web.consaguirre.com.ar\/noticias\/#organization","name":"Conservatorio de M\u00fasica Juli\u00e1n Aguirre","url":"https:\/\/web.consaguirre.com.ar\/noticias\/","logo":{"@type":"ImageObject","inLanguage":"es-AR","@id":"https:\/\/web.consaguirre.com.ar\/noticias\/#\/schema\/logo\/image\/","url":"https:\/\/web.consaguirre.com.ar\/noticias\/wp-content\/uploads\/2024\/08\/Banner-Aguirre-23.jpg","contentUrl":"https:\/\/web.consaguirre.com.ar\/noticias\/wp-content\/uploads\/2024\/08\/Banner-Aguirre-23.jpg","width":1192,"height":600,"caption":"Conservatorio de M\u00fasica Juli\u00e1n Aguirre"},"image":{"@id":"https:\/\/web.consaguirre.com.ar\/noticias\/#\/schema\/logo\/image\/"}},{"@type":"Person","@id":"https:\/\/web.consaguirre.com.ar\/noticias\/#\/schema\/person\/6558b0cfedee7ddc5425602b237d5722","name":"Javier Figueroa","image":{"@type":"ImageObject","inLanguage":"es-AR","@id":"https:\/\/web.consaguirre.com.ar\/noticias\/#\/schema\/person\/image\/","url":"https:\/\/web.consaguirre.com.ar\/noticias\/wp-content\/uploads\/2024\/08\/Consaguirre-scaled.jpg","contentUrl":"https:\/\/web.consaguirre.com.ar\/noticias\/wp-content\/uploads\/2024\/08\/Consaguirre-scaled.jpg","caption":"Javier Figueroa"},"description":"Me llamo Javier Figueroa y soy redactor para el sitio oficial del Conservatorio de M\u00fasica Juli\u00e1n Aguirre en Buenos Aires, consaguirre.com. Apasionado por la m\u00fasica y la escritura, me esfuerzo por destacar los talentos y eventos de nuestra prestigiosa instituci\u00f3n. Mi trayectoria se nutre de una profunda admiraci\u00f3n por los artistas, haciendo de cada art\u00edculo una celebraci\u00f3n de la creatividad y la cultura musical.","sameAs":["https:\/\/web.consaguirre.com.ar\/noticias"]}]}},"_links":{"self":[{"href":"https:\/\/web.consaguirre.com.ar\/noticias\/wp-json\/wp\/v2\/posts\/2737"}],"collection":[{"href":"https:\/\/web.consaguirre.com.ar\/noticias\/wp-json\/wp\/v2\/posts"}],"about":[{"href":"https:\/\/web.consaguirre.com.ar\/noticias\/wp-json\/wp\/v2\/types\/post"}],"author":[{"embeddable":true,"href":"https:\/\/web.consaguirre.com.ar\/noticias\/wp-json\/wp\/v2\/users\/1"}],"replies":[{"embeddable":true,"href":"https:\/\/web.consaguirre.com.ar\/noticias\/wp-json\/wp\/v2\/comments?post=2737"}],"version-history":[{"count":1,"href":"https:\/\/web.consaguirre.com.ar\/noticias\/wp-json\/wp\/v2\/posts\/2737\/revisions"}],"predecessor-version":[{"id":2739,"href":"https:\/\/web.consaguirre.com.ar\/noticias\/wp-json\/wp\/v2\/posts\/2737\/revisions\/2739"}],"wp:featuredmedia":[{"embeddable":true,"href":"https:\/\/web.consaguirre.com.ar\/noticias\/wp-json\/wp\/v2\/media\/2738"}],"wp:attachment":[{"href":"https:\/\/web.consaguirre.com.ar\/noticias\/wp-json\/wp\/v2\/media?parent=2737"}],"wp:term":[{"taxonomy":"category","embeddable":true,"href":"https:\/\/web.consaguirre.com.ar\/noticias\/wp-json\/wp\/v2\/categories?post=2737"},{"taxonomy":"post_tag","embeddable":true,"href":"https:\/\/web.consaguirre.com.ar\/noticias\/wp-json\/wp\/v2\/tags?post=2737"}],"curies":[{"name":"wp","href":"https:\/\/api.w.org\/{rel}","templated":true}]}}