{"id":2727,"date":"2025-05-23T00:40:37","date_gmt":"2025-05-23T03:40:37","guid":{"rendered":"https:\/\/web.consaguirre.com.ar\/noticias\/los-jefes-de-kaiser-celebran-20-anos-de-empleo-con-reedicion\/"},"modified":"2025-05-23T00:40:38","modified_gmt":"2025-05-23T03:40:38","slug":"los-jefes-de-kaiser-celebran-20-anos-de-empleo-con-reedicion","status":"publish","type":"post","link":"https:\/\/web.consaguirre.com.ar\/noticias\/los-jefes-de-kaiser-celebran-20-anos-de-empleo-con-reedicion\/","title":{"rendered":"Los jefes de Kaiser celebran 20 a\u00f1os de &#8216;empleo&#8217; con reedici\u00f3n"},"content":{"rendered":"<p>Tras el anuncio de una serie de espect\u00e1culos de celebraci\u00f3n al aire libre, <strong>Kaiser Chiefs<\/strong> he anunciado un lanzamiento del vig\u00e9simo aniversario de su \u00e1lbum debut <em>Empleo<\/em>. La nueva edici\u00f3n del c\u00e9lebre \u00e1lbum llegar\u00e1 el 18 de julio. Para conmemorar las noticias, la banda ha lanzado un gran remix de enfermer\u00eda de &#8220;I Predict a Riot&#8221;, que ya est\u00e1 disponible.<\/p>\n<p>Kaiser Chiefs marcar\u00e1 20 a\u00f1os de <em>Empleo<\/em> con tres nuevos formatos ampliados de &#8216;aniversario de China&#8217;. La edici\u00f3n de 1LP se presiona sobre vinilo blanco e incluye la pista de bonificaci\u00f3n &#8220;Take My Temperatura&#8221;. El conjunto de 2LP presenta 15 pistas adicionales, que incluyen una selecci\u00f3n de pistas de bonificaci\u00f3n de un solo CD y lados de CD, m\u00e1s dos canciones in\u00e9ditas, exclusivas de este formato. En el set 3CD, junto con el \u00e1lbum original, la banda ha agregado 40 pistas, incluidas grabaciones de demostraci\u00f3n in\u00e9dita, remixes, sesiones de radio y una selecci\u00f3n de pistas en vivo que trazan su r\u00e1pido aumento de las peque\u00f1as fechas de clubes en Leeds, a su estado actual como acto festival. El \u00e1lbum original ha sido remasterizado en Abbey Road Studios, y el material de bonificaci\u00f3n fue comisariada por la banda de su propio archivo.<\/p>\n<div class=\"uD-YT-container\"><img decoding=\"async\" src=\"https:\/\/web.consaguirre.com.ar\/noticias\/wp-content\/uploads\/2025\/05\/1747971637_227_Los-jefes-de-Kaiser-celebran-20-anos-de-empleo-con.jpg\" alt=\"Video de YouTube\"><br \/>Haga clic para cargar video<\/div>\n<p>Originalmente lanzado en marzo de 2005, el \u00e1lbum lleg\u00f3 a una aclamaci\u00f3n generalizada y se convirti\u00f3 en uno de los \u00e1lbumes debut m\u00e1s exitosos de una banda del Reino Unido. Al m\u00e1ximo en el n\u00famero 2 en la lista de \u00e1lbumes del Reino Unido, el r\u00e9cord ha pasado m\u00e1s de 17 meses en la lista oficial de Top 40, vendiendo m\u00e1s de 2.1 millones de copias en el proceso y la industria fonogr\u00e1fica brit\u00e1nica certificada y certificada por la industria fonogr\u00e1fica brit\u00e1nica.<\/p>\n<p>Con una serie de singles exitosos, incluidos &#8220;Oh My God&#8221;, &#8220;I Predict a Riot&#8221;, &#8220;Everyday I Love You Menos y menos&#8221; y &#8220;Modern Way&#8221;, el \u00e1lbum lanz\u00f3 a la banda a su estado actual como rockeros independientes que definen la generaci\u00f3n.<\/p>\n<p>&#8220;Hace 20 a\u00f1os, se lanz\u00f3 una nueva canci\u00f3n de una nueva banda. &#8216;I Predicto A Riot&#8217; fue el comienzo de algo realmente especial para algunos m\u00fasicos de Leeds&#8221;, record\u00f3 la banda. &#8220;Y el \u00e1lbum que sigui\u00f3, <em>Empleo<\/em>cambi\u00f3 nuestras vidas y ha sido la banda sonora de la vida de millones de personas desde 2005. En 2025 estamos saludando 20 a\u00f1os de ese \u00e1lbum y todos est\u00e1n invitados. Ven a celebrar la d\u00e9cada de 2000, amando todo menos y menos y blazers de rayas que se apoderan del mundo &#8220;.<\/p>\n<p>Para coincidir con el lanzamiento, Kaiser Chiefs tambi\u00e9n sacar\u00e1 el \u00e1lbum en el camino este verano. Comenzando en Port Talbot el 23 de mayo, la banda tocar\u00e1 en una serie de espect\u00e1culos al aire libre en todo el Reino Unido deteni\u00e9ndose en Leeds, Bristol, Edimburgo, Londres, Brighton, Cumbria y Newquay.<\/p>\n<p><strong>Ordene la edici\u00f3n de aniversario del \u00e1lbum Kaiser Chiefs <em>Empleo<\/em> ahora.<\/strong><\/p>\n","protected":false},"excerpt":{"rendered":"<p>Tras el anuncio de una serie de espect\u00e1culos de celebraci\u00f3n al aire libre, Kaiser Chiefs he anunciado un lanzamiento del vig\u00e9simo aniversario de su \u00e1lbum<\/p>\n","protected":false},"author":1,"featured_media":2728,"comment_status":"closed","ping_status":"","sticky":false,"template":"","format":"standard","meta":{"footnotes":""},"categories":[50],"tags":[115,714,32,2557,2555,2556,180,117],"class_list":["post-2727","post","type-post","status-publish","format-standard","has-post-thumbnail","hentry","category-el-ultimo","tag-anos","tag-celebran","tag-con","tag-empleo","tag-jefes","tag-kaiser","tag-los","tag-reedicion","generate-columns","tablet-grid-50","mobile-grid-100","grid-parent","grid-50"],"yoast_head":"<!-- This site is optimized with the Yoast SEO plugin v23.3 - https:\/\/yoast.com\/wordpress\/plugins\/seo\/ -->\n<title>Los jefes de Kaiser celebran 20 a\u00f1os de &#039;empleo&#039; con reedici\u00f3n<\/title>\n<meta name=\"robots\" content=\"index, follow, max-snippet:-1, max-image-preview:large, max-video-preview:-1\" \/>\n<link rel=\"canonical\" href=\"https:\/\/web.consaguirre.com.ar\/noticias\/los-jefes-de-kaiser-celebran-20-anos-de-empleo-con-reedicion\/\" \/>\n<meta property=\"og:locale\" content=\"es_ES\" \/>\n<meta property=\"og:type\" content=\"article\" \/>\n<meta property=\"og:title\" content=\"Los jefes de Kaiser celebran 20 a\u00f1os de &#039;empleo&#039; con reedici\u00f3n\" \/>\n<meta property=\"og:description\" content=\"Tras el anuncio de una serie de espect\u00e1culos de celebraci\u00f3n al aire libre, Kaiser Chiefs he anunciado un lanzamiento del vig\u00e9simo aniversario de su \u00e1lbum\" \/>\n<meta property=\"og:url\" content=\"https:\/\/web.consaguirre.com.ar\/noticias\/los-jefes-de-kaiser-celebran-20-anos-de-empleo-con-reedicion\/\" \/>\n<meta property=\"og:site_name\" content=\"Conservatorio de M\u00fasica Juli\u00e1n Aguirre\" \/>\n<meta property=\"article:published_time\" content=\"2025-05-23T03:40:37+00:00\" \/>\n<meta property=\"article:modified_time\" content=\"2025-05-23T03:40:38+00:00\" \/>\n<meta property=\"og:image\" content=\"https:\/\/web.consaguirre.com.ar\/noticias\/wp-content\/uploads\/2025\/05\/Los-jefes-de-Kaiser-celebran-20-anos-de-empleo-con.jpg\" \/>\n\t<meta property=\"og:image:width\" content=\"820\" \/>\n\t<meta property=\"og:image:height\" content=\"820\" \/>\n\t<meta property=\"og:image:type\" content=\"image\/jpeg\" \/>\n<meta name=\"author\" content=\"Javier Figueroa\" \/>\n<meta name=\"twitter:card\" content=\"summary_large_image\" \/>\n<meta name=\"twitter:label1\" content=\"Escrito por\" \/>\n\t<meta name=\"twitter:data1\" content=\"Javier Figueroa\" \/>\n\t<meta name=\"twitter:label2\" content=\"Tiempo de lectura\" \/>\n\t<meta name=\"twitter:data2\" content=\"3 minutos\" \/>\n<script type=\"application\/ld+json\" class=\"yoast-schema-graph\">{\"@context\":\"https:\/\/schema.org\",\"@graph\":[{\"@type\":\"Article\",\"@id\":\"https:\/\/web.consaguirre.com.ar\/noticias\/los-jefes-de-kaiser-celebran-20-anos-de-empleo-con-reedicion\/#article\",\"isPartOf\":{\"@id\":\"https:\/\/web.consaguirre.com.ar\/noticias\/los-jefes-de-kaiser-celebran-20-anos-de-empleo-con-reedicion\/\"},\"author\":{\"name\":\"Javier Figueroa\",\"@id\":\"https:\/\/web.consaguirre.com.ar\/noticias\/#\/schema\/person\/6558b0cfedee7ddc5425602b237d5722\"},\"headline\":\"Los jefes de Kaiser celebran 20 a\u00f1os de &#8216;empleo&#8217; con reedici\u00f3n\",\"datePublished\":\"2025-05-23T03:40:37+00:00\",\"dateModified\":\"2025-05-23T03:40:38+00:00\",\"mainEntityOfPage\":{\"@id\":\"https:\/\/web.consaguirre.com.ar\/noticias\/los-jefes-de-kaiser-celebran-20-anos-de-empleo-con-reedicion\/\"},\"wordCount\":516,\"publisher\":{\"@id\":\"https:\/\/web.consaguirre.com.ar\/noticias\/#organization\"},\"image\":{\"@id\":\"https:\/\/web.consaguirre.com.ar\/noticias\/los-jefes-de-kaiser-celebran-20-anos-de-empleo-con-reedicion\/#primaryimage\"},\"thumbnailUrl\":\"https:\/\/web.consaguirre.com.ar\/noticias\/wp-content\/uploads\/2025\/05\/Los-jefes-de-Kaiser-celebran-20-anos-de-empleo-con.jpg\",\"keywords\":[\"a\u00f1os\",\"celebran\",\"con\",\"empleo\",\"jefes\",\"Kaiser\",\"los\",\"reedici\u00f3n\"],\"articleSection\":[\"El \u00faltimo\"],\"inLanguage\":\"es-AR\"},{\"@type\":\"WebPage\",\"@id\":\"https:\/\/web.consaguirre.com.ar\/noticias\/los-jefes-de-kaiser-celebran-20-anos-de-empleo-con-reedicion\/\",\"url\":\"https:\/\/web.consaguirre.com.ar\/noticias\/los-jefes-de-kaiser-celebran-20-anos-de-empleo-con-reedicion\/\",\"name\":\"Los jefes de Kaiser celebran 20 a\u00f1os de 'empleo' con reedici\u00f3n\",\"isPartOf\":{\"@id\":\"https:\/\/web.consaguirre.com.ar\/noticias\/#website\"},\"primaryImageOfPage\":{\"@id\":\"https:\/\/web.consaguirre.com.ar\/noticias\/los-jefes-de-kaiser-celebran-20-anos-de-empleo-con-reedicion\/#primaryimage\"},\"image\":{\"@id\":\"https:\/\/web.consaguirre.com.ar\/noticias\/los-jefes-de-kaiser-celebran-20-anos-de-empleo-con-reedicion\/#primaryimage\"},\"thumbnailUrl\":\"https:\/\/web.consaguirre.com.ar\/noticias\/wp-content\/uploads\/2025\/05\/Los-jefes-de-Kaiser-celebran-20-anos-de-empleo-con.jpg\",\"datePublished\":\"2025-05-23T03:40:37+00:00\",\"dateModified\":\"2025-05-23T03:40:38+00:00\",\"breadcrumb\":{\"@id\":\"https:\/\/web.consaguirre.com.ar\/noticias\/los-jefes-de-kaiser-celebran-20-anos-de-empleo-con-reedicion\/#breadcrumb\"},\"inLanguage\":\"es-AR\",\"potentialAction\":[{\"@type\":\"ReadAction\",\"target\":[\"https:\/\/web.consaguirre.com.ar\/noticias\/los-jefes-de-kaiser-celebran-20-anos-de-empleo-con-reedicion\/\"]}]},{\"@type\":\"ImageObject\",\"inLanguage\":\"es-AR\",\"@id\":\"https:\/\/web.consaguirre.com.ar\/noticias\/los-jefes-de-kaiser-celebran-20-anos-de-empleo-con-reedicion\/#primaryimage\",\"url\":\"https:\/\/web.consaguirre.com.ar\/noticias\/wp-content\/uploads\/2025\/05\/Los-jefes-de-Kaiser-celebran-20-anos-de-empleo-con.jpg\",\"contentUrl\":\"https:\/\/web.consaguirre.com.ar\/noticias\/wp-content\/uploads\/2025\/05\/Los-jefes-de-Kaiser-celebran-20-anos-de-empleo-con.jpg\",\"width\":820,\"height\":820,\"caption\":\"Los jefes de Kaiser celebran 20 a\u00f1os de 'empleo' con reedici\u00f3n\"},{\"@type\":\"BreadcrumbList\",\"@id\":\"https:\/\/web.consaguirre.com.ar\/noticias\/los-jefes-de-kaiser-celebran-20-anos-de-empleo-con-reedicion\/#breadcrumb\",\"itemListElement\":[{\"@type\":\"ListItem\",\"position\":1,\"name\":\"Inicio\",\"item\":\"https:\/\/web.consaguirre.com.ar\/noticias\/\"},{\"@type\":\"ListItem\",\"position\":2,\"name\":\"Los jefes de Kaiser celebran 20 a\u00f1os de &#8216;empleo&#8217; con reedici\u00f3n\"}]},{\"@type\":\"WebSite\",\"@id\":\"https:\/\/web.consaguirre.com.ar\/noticias\/#website\",\"url\":\"https:\/\/web.consaguirre.com.ar\/noticias\/\",\"name\":\"Conservatorio de M\u00fasica Juli\u00e1n Aguirre\",\"description\":\"\",\"publisher\":{\"@id\":\"https:\/\/web.consaguirre.com.ar\/noticias\/#organization\"},\"potentialAction\":[{\"@type\":\"SearchAction\",\"target\":{\"@type\":\"EntryPoint\",\"urlTemplate\":\"https:\/\/web.consaguirre.com.ar\/noticias\/?s={search_term_string}\"},\"query-input\":\"required name=search_term_string\"}],\"inLanguage\":\"es-AR\"},{\"@type\":\"Organization\",\"@id\":\"https:\/\/web.consaguirre.com.ar\/noticias\/#organization\",\"name\":\"Conservatorio de M\u00fasica Juli\u00e1n Aguirre\",\"url\":\"https:\/\/web.consaguirre.com.ar\/noticias\/\",\"logo\":{\"@type\":\"ImageObject\",\"inLanguage\":\"es-AR\",\"@id\":\"https:\/\/web.consaguirre.com.ar\/noticias\/#\/schema\/logo\/image\/\",\"url\":\"https:\/\/web.consaguirre.com.ar\/noticias\/wp-content\/uploads\/2024\/08\/Banner-Aguirre-23.jpg\",\"contentUrl\":\"https:\/\/web.consaguirre.com.ar\/noticias\/wp-content\/uploads\/2024\/08\/Banner-Aguirre-23.jpg\",\"width\":1192,\"height\":600,\"caption\":\"Conservatorio de M\u00fasica Juli\u00e1n Aguirre\"},\"image\":{\"@id\":\"https:\/\/web.consaguirre.com.ar\/noticias\/#\/schema\/logo\/image\/\"}},{\"@type\":\"Person\",\"@id\":\"https:\/\/web.consaguirre.com.ar\/noticias\/#\/schema\/person\/6558b0cfedee7ddc5425602b237d5722\",\"name\":\"Javier Figueroa\",\"image\":{\"@type\":\"ImageObject\",\"inLanguage\":\"es-AR\",\"@id\":\"https:\/\/web.consaguirre.com.ar\/noticias\/#\/schema\/person\/image\/\",\"url\":\"https:\/\/web.consaguirre.com.ar\/noticias\/wp-content\/uploads\/2024\/08\/Consaguirre-scaled.jpg\",\"contentUrl\":\"https:\/\/web.consaguirre.com.ar\/noticias\/wp-content\/uploads\/2024\/08\/Consaguirre-scaled.jpg\",\"caption\":\"Javier Figueroa\"},\"description\":\"Me llamo Javier Figueroa y soy redactor para el sitio oficial del Conservatorio de M\u00fasica Juli\u00e1n Aguirre en Buenos Aires, consaguirre.com. Apasionado por la m\u00fasica y la escritura, me esfuerzo por destacar los talentos y eventos de nuestra prestigiosa instituci\u00f3n. Mi trayectoria se nutre de una profunda admiraci\u00f3n por los artistas, haciendo de cada art\u00edculo una celebraci\u00f3n de la creatividad y la cultura musical.\",\"sameAs\":[\"https:\/\/web.consaguirre.com.ar\/noticias\"]}]}<\/script>\n<!-- \/ Yoast SEO plugin. -->","yoast_head_json":{"title":"Los jefes de Kaiser celebran 20 a\u00f1os de 'empleo' con reedici\u00f3n","robots":{"index":"index","follow":"follow","max-snippet":"max-snippet:-1","max-image-preview":"max-image-preview:large","max-video-preview":"max-video-preview:-1"},"canonical":"https:\/\/web.consaguirre.com.ar\/noticias\/los-jefes-de-kaiser-celebran-20-anos-de-empleo-con-reedicion\/","og_locale":"es_ES","og_type":"article","og_title":"Los jefes de Kaiser celebran 20 a\u00f1os de 'empleo' con reedici\u00f3n","og_description":"Tras el anuncio de una serie de espect\u00e1culos de celebraci\u00f3n al aire libre, Kaiser Chiefs he anunciado un lanzamiento del vig\u00e9simo aniversario de su \u00e1lbum","og_url":"https:\/\/web.consaguirre.com.ar\/noticias\/los-jefes-de-kaiser-celebran-20-anos-de-empleo-con-reedicion\/","og_site_name":"Conservatorio de M\u00fasica Juli\u00e1n Aguirre","article_published_time":"2025-05-23T03:40:37+00:00","article_modified_time":"2025-05-23T03:40:38+00:00","og_image":[{"width":820,"height":820,"url":"https:\/\/web.consaguirre.com.ar\/noticias\/wp-content\/uploads\/2025\/05\/Los-jefes-de-Kaiser-celebran-20-anos-de-empleo-con.jpg","type":"image\/jpeg"}],"author":"Javier Figueroa","twitter_card":"summary_large_image","twitter_misc":{"Escrito por":"Javier Figueroa","Tiempo de lectura":"3 minutos"},"schema":{"@context":"https:\/\/schema.org","@graph":[{"@type":"Article","@id":"https:\/\/web.consaguirre.com.ar\/noticias\/los-jefes-de-kaiser-celebran-20-anos-de-empleo-con-reedicion\/#article","isPartOf":{"@id":"https:\/\/web.consaguirre.com.ar\/noticias\/los-jefes-de-kaiser-celebran-20-anos-de-empleo-con-reedicion\/"},"author":{"name":"Javier Figueroa","@id":"https:\/\/web.consaguirre.com.ar\/noticias\/#\/schema\/person\/6558b0cfedee7ddc5425602b237d5722"},"headline":"Los jefes de Kaiser celebran 20 a\u00f1os de &#8216;empleo&#8217; con reedici\u00f3n","datePublished":"2025-05-23T03:40:37+00:00","dateModified":"2025-05-23T03:40:38+00:00","mainEntityOfPage":{"@id":"https:\/\/web.consaguirre.com.ar\/noticias\/los-jefes-de-kaiser-celebran-20-anos-de-empleo-con-reedicion\/"},"wordCount":516,"publisher":{"@id":"https:\/\/web.consaguirre.com.ar\/noticias\/#organization"},"image":{"@id":"https:\/\/web.consaguirre.com.ar\/noticias\/los-jefes-de-kaiser-celebran-20-anos-de-empleo-con-reedicion\/#primaryimage"},"thumbnailUrl":"https:\/\/web.consaguirre.com.ar\/noticias\/wp-content\/uploads\/2025\/05\/Los-jefes-de-Kaiser-celebran-20-anos-de-empleo-con.jpg","keywords":["a\u00f1os","celebran","con","empleo","jefes","Kaiser","los","reedici\u00f3n"],"articleSection":["El \u00faltimo"],"inLanguage":"es-AR"},{"@type":"WebPage","@id":"https:\/\/web.consaguirre.com.ar\/noticias\/los-jefes-de-kaiser-celebran-20-anos-de-empleo-con-reedicion\/","url":"https:\/\/web.consaguirre.com.ar\/noticias\/los-jefes-de-kaiser-celebran-20-anos-de-empleo-con-reedicion\/","name":"Los jefes de Kaiser celebran 20 a\u00f1os de 'empleo' con reedici\u00f3n","isPartOf":{"@id":"https:\/\/web.consaguirre.com.ar\/noticias\/#website"},"primaryImageOfPage":{"@id":"https:\/\/web.consaguirre.com.ar\/noticias\/los-jefes-de-kaiser-celebran-20-anos-de-empleo-con-reedicion\/#primaryimage"},"image":{"@id":"https:\/\/web.consaguirre.com.ar\/noticias\/los-jefes-de-kaiser-celebran-20-anos-de-empleo-con-reedicion\/#primaryimage"},"thumbnailUrl":"https:\/\/web.consaguirre.com.ar\/noticias\/wp-content\/uploads\/2025\/05\/Los-jefes-de-Kaiser-celebran-20-anos-de-empleo-con.jpg","datePublished":"2025-05-23T03:40:37+00:00","dateModified":"2025-05-23T03:40:38+00:00","breadcrumb":{"@id":"https:\/\/web.consaguirre.com.ar\/noticias\/los-jefes-de-kaiser-celebran-20-anos-de-empleo-con-reedicion\/#breadcrumb"},"inLanguage":"es-AR","potentialAction":[{"@type":"ReadAction","target":["https:\/\/web.consaguirre.com.ar\/noticias\/los-jefes-de-kaiser-celebran-20-anos-de-empleo-con-reedicion\/"]}]},{"@type":"ImageObject","inLanguage":"es-AR","@id":"https:\/\/web.consaguirre.com.ar\/noticias\/los-jefes-de-kaiser-celebran-20-anos-de-empleo-con-reedicion\/#primaryimage","url":"https:\/\/web.consaguirre.com.ar\/noticias\/wp-content\/uploads\/2025\/05\/Los-jefes-de-Kaiser-celebran-20-anos-de-empleo-con.jpg","contentUrl":"https:\/\/web.consaguirre.com.ar\/noticias\/wp-content\/uploads\/2025\/05\/Los-jefes-de-Kaiser-celebran-20-anos-de-empleo-con.jpg","width":820,"height":820,"caption":"Los jefes de Kaiser celebran 20 a\u00f1os de 'empleo' con reedici\u00f3n"},{"@type":"BreadcrumbList","@id":"https:\/\/web.consaguirre.com.ar\/noticias\/los-jefes-de-kaiser-celebran-20-anos-de-empleo-con-reedicion\/#breadcrumb","itemListElement":[{"@type":"ListItem","position":1,"name":"Inicio","item":"https:\/\/web.consaguirre.com.ar\/noticias\/"},{"@type":"ListItem","position":2,"name":"Los jefes de Kaiser celebran 20 a\u00f1os de &#8216;empleo&#8217; con reedici\u00f3n"}]},{"@type":"WebSite","@id":"https:\/\/web.consaguirre.com.ar\/noticias\/#website","url":"https:\/\/web.consaguirre.com.ar\/noticias\/","name":"Conservatorio de M\u00fasica Juli\u00e1n Aguirre","description":"","publisher":{"@id":"https:\/\/web.consaguirre.com.ar\/noticias\/#organization"},"potentialAction":[{"@type":"SearchAction","target":{"@type":"EntryPoint","urlTemplate":"https:\/\/web.consaguirre.com.ar\/noticias\/?s={search_term_string}"},"query-input":"required name=search_term_string"}],"inLanguage":"es-AR"},{"@type":"Organization","@id":"https:\/\/web.consaguirre.com.ar\/noticias\/#organization","name":"Conservatorio de M\u00fasica Juli\u00e1n Aguirre","url":"https:\/\/web.consaguirre.com.ar\/noticias\/","logo":{"@type":"ImageObject","inLanguage":"es-AR","@id":"https:\/\/web.consaguirre.com.ar\/noticias\/#\/schema\/logo\/image\/","url":"https:\/\/web.consaguirre.com.ar\/noticias\/wp-content\/uploads\/2024\/08\/Banner-Aguirre-23.jpg","contentUrl":"https:\/\/web.consaguirre.com.ar\/noticias\/wp-content\/uploads\/2024\/08\/Banner-Aguirre-23.jpg","width":1192,"height":600,"caption":"Conservatorio de M\u00fasica Juli\u00e1n Aguirre"},"image":{"@id":"https:\/\/web.consaguirre.com.ar\/noticias\/#\/schema\/logo\/image\/"}},{"@type":"Person","@id":"https:\/\/web.consaguirre.com.ar\/noticias\/#\/schema\/person\/6558b0cfedee7ddc5425602b237d5722","name":"Javier Figueroa","image":{"@type":"ImageObject","inLanguage":"es-AR","@id":"https:\/\/web.consaguirre.com.ar\/noticias\/#\/schema\/person\/image\/","url":"https:\/\/web.consaguirre.com.ar\/noticias\/wp-content\/uploads\/2024\/08\/Consaguirre-scaled.jpg","contentUrl":"https:\/\/web.consaguirre.com.ar\/noticias\/wp-content\/uploads\/2024\/08\/Consaguirre-scaled.jpg","caption":"Javier Figueroa"},"description":"Me llamo Javier Figueroa y soy redactor para el sitio oficial del Conservatorio de M\u00fasica Juli\u00e1n Aguirre en Buenos Aires, consaguirre.com. Apasionado por la m\u00fasica y la escritura, me esfuerzo por destacar los talentos y eventos de nuestra prestigiosa instituci\u00f3n. Mi trayectoria se nutre de una profunda admiraci\u00f3n por los artistas, haciendo de cada art\u00edculo una celebraci\u00f3n de la creatividad y la cultura musical.","sameAs":["https:\/\/web.consaguirre.com.ar\/noticias"]}]}},"_links":{"self":[{"href":"https:\/\/web.consaguirre.com.ar\/noticias\/wp-json\/wp\/v2\/posts\/2727"}],"collection":[{"href":"https:\/\/web.consaguirre.com.ar\/noticias\/wp-json\/wp\/v2\/posts"}],"about":[{"href":"https:\/\/web.consaguirre.com.ar\/noticias\/wp-json\/wp\/v2\/types\/post"}],"author":[{"embeddable":true,"href":"https:\/\/web.consaguirre.com.ar\/noticias\/wp-json\/wp\/v2\/users\/1"}],"replies":[{"embeddable":true,"href":"https:\/\/web.consaguirre.com.ar\/noticias\/wp-json\/wp\/v2\/comments?post=2727"}],"version-history":[{"count":1,"href":"https:\/\/web.consaguirre.com.ar\/noticias\/wp-json\/wp\/v2\/posts\/2727\/revisions"}],"predecessor-version":[{"id":2729,"href":"https:\/\/web.consaguirre.com.ar\/noticias\/wp-json\/wp\/v2\/posts\/2727\/revisions\/2729"}],"wp:featuredmedia":[{"embeddable":true,"href":"https:\/\/web.consaguirre.com.ar\/noticias\/wp-json\/wp\/v2\/media\/2728"}],"wp:attachment":[{"href":"https:\/\/web.consaguirre.com.ar\/noticias\/wp-json\/wp\/v2\/media?parent=2727"}],"wp:term":[{"taxonomy":"category","embeddable":true,"href":"https:\/\/web.consaguirre.com.ar\/noticias\/wp-json\/wp\/v2\/categories?post=2727"},{"taxonomy":"post_tag","embeddable":true,"href":"https:\/\/web.consaguirre.com.ar\/noticias\/wp-json\/wp\/v2\/tags?post=2727"}],"curies":[{"name":"wp","href":"https:\/\/api.w.org\/{rel}","templated":true}]}}