{"id":2715,"date":"2025-05-21T21:40:47","date_gmt":"2025-05-22T00:40:47","guid":{"rendered":"https:\/\/web.consaguirre.com.ar\/noticias\/janet-jackson-discute-la-creacion-del-video-alguien-para-llamar-a-mi-amante\/"},"modified":"2025-05-21T21:40:48","modified_gmt":"2025-05-22T00:40:48","slug":"janet-jackson-discute-la-creacion-del-video-alguien-para-llamar-a-mi-amante","status":"publish","type":"post","link":"https:\/\/web.consaguirre.com.ar\/noticias\/janet-jackson-discute-la-creacion-del-video-alguien-para-llamar-a-mi-amante\/","title":{"rendered":"Janet Jackson discute la creaci\u00f3n del video &#8216;alguien para llamar a mi amante&#8217;"},"content":{"rendered":"<p>VEVO y <strong>Janet Jackson<\/strong> se han asociado para un nuevo episodio de Vevo Footnotes, celebrando su enorme \u00e9xito &#8220;Someone to Call My Lover&#8221;, el segundo sencillo de su \u00e1lbum de S\u00e9ptimo Estudio 2001, <em>Todo para ti<\/em>. El episodio llega en medio del resurgimiento viral de la canci\u00f3n y antes de que Jackson sea honrado con <strong>El premio Icon en los 2025 American Music Awards<\/strong>.<\/p>\n<p>El video ofrece un vistazo detr\u00e1s de escena de la fabricaci\u00f3n de la canci\u00f3n, que combina dos muestras cl\u00e1sicas: el riff de guitarra de la &#8220;Ventura Highway&#8221; de 1972 de Estados Unidos y una melod\u00eda acelerada de &#8220;Gymnop\u00e9die No.1&#8221; de Erik Satie, hecho famoso por Claude Debussy. Inicialmente, Janet no reconoci\u00f3 &#8220;Ventura Highway&#8221; cuando el productor Jimmy Jam lo interpret\u00f3 en el estudio. Seg\u00fan los informes, Jackson &#8220;se sinti\u00f3 mal&#8221; por no reconocerlo instant\u00e1neamente. Jackson escuch\u00f3 por primera vez &#8220;Gymnop\u00e9die No.1&#8221; en un comercial cuando era ni\u00f1o, y la melod\u00eda se qued\u00f3 con ella. &#8220;A mi hijo le encanta&#8221;, le dijo una vez a SiriusXM. &#8220;Se duerme a esa canci\u00f3n&#8221;.<\/p>\n<div class=\"uD-YT-container\"><img decoding=\"async\" src=\"https:\/\/web.consaguirre.com.ar\/noticias\/wp-content\/uploads\/2025\/05\/1747874447_692_Janet-Jackson-discute-la-creacion-del-video-alguien-para-llamar.jpg\" alt=\"Video de YouTube\"><br \/>Haga clic para cargar video<\/div>\n<p>Tambi\u00e9n en el episodio, Janet comparte que primero cant\u00f3 la melod\u00eda vocal por tel\u00e9fono a Jimmy Jam. Al escuchar la melod\u00eda, Jam inst\u00f3 a Jackson a venir a Minneapolis para grabar la pista.<\/p>\n<p>El video tambi\u00e9n se\u00f1ala que Jackson dijo una vez que el \u00e1lbum contiene: &#8220;Canciones que se sienten bien, canciones que se sienten bien. Que podr\u00edas ver que est\u00e1s en el auto, la primera abajo, est\u00e1s navegando, es verano&#8221;.<\/p>\n<p>Reflexionando sobre la letra, Jackson dice que la canci\u00f3n es: &#8220;Realmente sobre la pr\u00f3xima persona con la que quieres estar y llamar a la tuya&#8221;.<\/p>\n<p>M\u00e1s de dos d\u00e9cadas despu\u00e9s de su lanzamiento, &#8220;Someone to Call My Lover&#8221; ha encontrado una nueva vida en l\u00ednea, lo que lleva a un aumento del 600% en las transmisiones diarias y gan\u00f3 un lugar en la secci\u00f3n Encore de su gira 2024, marcando un raro regreso de la canci\u00f3n a su set en vivo. Entre los a\u00f1os de 2002 y 2017, Jackson rara vez interpretaba la canci\u00f3n durante sus conciertos.<\/p>\n<p><strong>Compre la canci\u00f3n de Janet Jackson &#8220;Someone to Call My Lover&#8221; en Vinyl Now.<\/strong><\/p>\n","protected":false},"excerpt":{"rendered":"<p>VEVO y Janet Jackson se han asociado para un nuevo episodio de Vevo Footnotes, celebrando su enorme \u00e9xito &#8220;Someone to Call My Lover&#8221;, el segundo<\/p>\n","protected":false},"author":1,"featured_media":2716,"comment_status":"closed","ping_status":"","sticky":false,"template":"","format":"standard","meta":{"footnotes":""},"categories":[50],"tags":[2544,2546,751,10,2507,176,1253,2545,154,202],"class_list":["post-2715","post","type-post","status-publish","format-standard","has-post-thumbnail","hentry","category-el-ultimo","tag-alguien","tag-amante","tag-creacion","tag-del","tag-discute","tag-jackson","tag-janet","tag-llamar","tag-para","tag-video","generate-columns","tablet-grid-50","mobile-grid-100","grid-parent","grid-50"],"yoast_head":"<!-- This site is optimized with the Yoast SEO plugin v23.3 - https:\/\/yoast.com\/wordpress\/plugins\/seo\/ -->\n<title>Janet Jackson discute la creaci\u00f3n del video &#039;alguien para llamar a mi amante&#039;<\/title>\n<meta name=\"robots\" content=\"index, follow, max-snippet:-1, max-image-preview:large, max-video-preview:-1\" \/>\n<link rel=\"canonical\" href=\"https:\/\/web.consaguirre.com.ar\/noticias\/janet-jackson-discute-la-creacion-del-video-alguien-para-llamar-a-mi-amante\/\" \/>\n<meta property=\"og:locale\" content=\"es_ES\" \/>\n<meta property=\"og:type\" content=\"article\" \/>\n<meta property=\"og:title\" content=\"Janet Jackson discute la creaci\u00f3n del video &#039;alguien para llamar a mi amante&#039;\" \/>\n<meta property=\"og:description\" content=\"VEVO y Janet Jackson se han asociado para un nuevo episodio de Vevo Footnotes, celebrando su enorme \u00e9xito &#8220;Someone to Call My Lover&#8221;, el segundo\" \/>\n<meta property=\"og:url\" content=\"https:\/\/web.consaguirre.com.ar\/noticias\/janet-jackson-discute-la-creacion-del-video-alguien-para-llamar-a-mi-amante\/\" \/>\n<meta property=\"og:site_name\" content=\"Conservatorio de M\u00fasica Juli\u00e1n Aguirre\" \/>\n<meta property=\"article:published_time\" content=\"2025-05-22T00:40:47+00:00\" \/>\n<meta property=\"article:modified_time\" content=\"2025-05-22T00:40:48+00:00\" \/>\n<meta property=\"og:image\" content=\"https:\/\/web.consaguirre.com.ar\/noticias\/wp-content\/uploads\/2025\/05\/Janet-Jackson-discute-la-creacion-del-video-alguien-para-llamar.jpg\" \/>\n\t<meta property=\"og:image:width\" content=\"1280\" \/>\n\t<meta property=\"og:image:height\" content=\"1280\" \/>\n\t<meta property=\"og:image:type\" content=\"image\/jpeg\" \/>\n<meta name=\"author\" content=\"Javier Figueroa\" \/>\n<meta name=\"twitter:card\" content=\"summary_large_image\" \/>\n<meta name=\"twitter:label1\" content=\"Escrito por\" \/>\n\t<meta name=\"twitter:data1\" content=\"Javier Figueroa\" \/>\n\t<meta name=\"twitter:label2\" content=\"Tiempo de lectura\" \/>\n\t<meta name=\"twitter:data2\" content=\"2 minutos\" \/>\n<script type=\"application\/ld+json\" class=\"yoast-schema-graph\">{\"@context\":\"https:\/\/schema.org\",\"@graph\":[{\"@type\":\"Article\",\"@id\":\"https:\/\/web.consaguirre.com.ar\/noticias\/janet-jackson-discute-la-creacion-del-video-alguien-para-llamar-a-mi-amante\/#article\",\"isPartOf\":{\"@id\":\"https:\/\/web.consaguirre.com.ar\/noticias\/janet-jackson-discute-la-creacion-del-video-alguien-para-llamar-a-mi-amante\/\"},\"author\":{\"name\":\"Javier Figueroa\",\"@id\":\"https:\/\/web.consaguirre.com.ar\/noticias\/#\/schema\/person\/6558b0cfedee7ddc5425602b237d5722\"},\"headline\":\"Janet Jackson discute la creaci\u00f3n del video &#8216;alguien para llamar a mi amante&#8217;\",\"datePublished\":\"2025-05-22T00:40:47+00:00\",\"dateModified\":\"2025-05-22T00:40:48+00:00\",\"mainEntityOfPage\":{\"@id\":\"https:\/\/web.consaguirre.com.ar\/noticias\/janet-jackson-discute-la-creacion-del-video-alguien-para-llamar-a-mi-amante\/\"},\"wordCount\":402,\"publisher\":{\"@id\":\"https:\/\/web.consaguirre.com.ar\/noticias\/#organization\"},\"image\":{\"@id\":\"https:\/\/web.consaguirre.com.ar\/noticias\/janet-jackson-discute-la-creacion-del-video-alguien-para-llamar-a-mi-amante\/#primaryimage\"},\"thumbnailUrl\":\"https:\/\/web.consaguirre.com.ar\/noticias\/wp-content\/uploads\/2025\/05\/Janet-Jackson-discute-la-creacion-del-video-alguien-para-llamar.jpg\",\"keywords\":[\"alguien\",\"amante\",\"creaci\u00f3n\",\"del\",\"discute\",\"Jackson\",\"Janet\",\"llamar\",\"para\",\"v\u00eddeo\"],\"articleSection\":[\"El \u00faltimo\"],\"inLanguage\":\"es-AR\"},{\"@type\":\"WebPage\",\"@id\":\"https:\/\/web.consaguirre.com.ar\/noticias\/janet-jackson-discute-la-creacion-del-video-alguien-para-llamar-a-mi-amante\/\",\"url\":\"https:\/\/web.consaguirre.com.ar\/noticias\/janet-jackson-discute-la-creacion-del-video-alguien-para-llamar-a-mi-amante\/\",\"name\":\"Janet Jackson discute la creaci\u00f3n del video 'alguien para llamar a mi amante'\",\"isPartOf\":{\"@id\":\"https:\/\/web.consaguirre.com.ar\/noticias\/#website\"},\"primaryImageOfPage\":{\"@id\":\"https:\/\/web.consaguirre.com.ar\/noticias\/janet-jackson-discute-la-creacion-del-video-alguien-para-llamar-a-mi-amante\/#primaryimage\"},\"image\":{\"@id\":\"https:\/\/web.consaguirre.com.ar\/noticias\/janet-jackson-discute-la-creacion-del-video-alguien-para-llamar-a-mi-amante\/#primaryimage\"},\"thumbnailUrl\":\"https:\/\/web.consaguirre.com.ar\/noticias\/wp-content\/uploads\/2025\/05\/Janet-Jackson-discute-la-creacion-del-video-alguien-para-llamar.jpg\",\"datePublished\":\"2025-05-22T00:40:47+00:00\",\"dateModified\":\"2025-05-22T00:40:48+00:00\",\"breadcrumb\":{\"@id\":\"https:\/\/web.consaguirre.com.ar\/noticias\/janet-jackson-discute-la-creacion-del-video-alguien-para-llamar-a-mi-amante\/#breadcrumb\"},\"inLanguage\":\"es-AR\",\"potentialAction\":[{\"@type\":\"ReadAction\",\"target\":[\"https:\/\/web.consaguirre.com.ar\/noticias\/janet-jackson-discute-la-creacion-del-video-alguien-para-llamar-a-mi-amante\/\"]}]},{\"@type\":\"ImageObject\",\"inLanguage\":\"es-AR\",\"@id\":\"https:\/\/web.consaguirre.com.ar\/noticias\/janet-jackson-discute-la-creacion-del-video-alguien-para-llamar-a-mi-amante\/#primaryimage\",\"url\":\"https:\/\/web.consaguirre.com.ar\/noticias\/wp-content\/uploads\/2025\/05\/Janet-Jackson-discute-la-creacion-del-video-alguien-para-llamar.jpg\",\"contentUrl\":\"https:\/\/web.consaguirre.com.ar\/noticias\/wp-content\/uploads\/2025\/05\/Janet-Jackson-discute-la-creacion-del-video-alguien-para-llamar.jpg\",\"width\":1280,\"height\":1280,\"caption\":\"Janet Jackson discute la creaci\u00f3n del video 'alguien para llamar a mi amante'\"},{\"@type\":\"BreadcrumbList\",\"@id\":\"https:\/\/web.consaguirre.com.ar\/noticias\/janet-jackson-discute-la-creacion-del-video-alguien-para-llamar-a-mi-amante\/#breadcrumb\",\"itemListElement\":[{\"@type\":\"ListItem\",\"position\":1,\"name\":\"Inicio\",\"item\":\"https:\/\/web.consaguirre.com.ar\/noticias\/\"},{\"@type\":\"ListItem\",\"position\":2,\"name\":\"Janet Jackson discute la creaci\u00f3n del video &#8216;alguien para llamar a mi amante&#8217;\"}]},{\"@type\":\"WebSite\",\"@id\":\"https:\/\/web.consaguirre.com.ar\/noticias\/#website\",\"url\":\"https:\/\/web.consaguirre.com.ar\/noticias\/\",\"name\":\"Conservatorio de M\u00fasica Juli\u00e1n Aguirre\",\"description\":\"\",\"publisher\":{\"@id\":\"https:\/\/web.consaguirre.com.ar\/noticias\/#organization\"},\"potentialAction\":[{\"@type\":\"SearchAction\",\"target\":{\"@type\":\"EntryPoint\",\"urlTemplate\":\"https:\/\/web.consaguirre.com.ar\/noticias\/?s={search_term_string}\"},\"query-input\":\"required name=search_term_string\"}],\"inLanguage\":\"es-AR\"},{\"@type\":\"Organization\",\"@id\":\"https:\/\/web.consaguirre.com.ar\/noticias\/#organization\",\"name\":\"Conservatorio de M\u00fasica Juli\u00e1n Aguirre\",\"url\":\"https:\/\/web.consaguirre.com.ar\/noticias\/\",\"logo\":{\"@type\":\"ImageObject\",\"inLanguage\":\"es-AR\",\"@id\":\"https:\/\/web.consaguirre.com.ar\/noticias\/#\/schema\/logo\/image\/\",\"url\":\"https:\/\/web.consaguirre.com.ar\/noticias\/wp-content\/uploads\/2024\/08\/Banner-Aguirre-23.jpg\",\"contentUrl\":\"https:\/\/web.consaguirre.com.ar\/noticias\/wp-content\/uploads\/2024\/08\/Banner-Aguirre-23.jpg\",\"width\":1192,\"height\":600,\"caption\":\"Conservatorio de M\u00fasica Juli\u00e1n Aguirre\"},\"image\":{\"@id\":\"https:\/\/web.consaguirre.com.ar\/noticias\/#\/schema\/logo\/image\/\"}},{\"@type\":\"Person\",\"@id\":\"https:\/\/web.consaguirre.com.ar\/noticias\/#\/schema\/person\/6558b0cfedee7ddc5425602b237d5722\",\"name\":\"Javier Figueroa\",\"image\":{\"@type\":\"ImageObject\",\"inLanguage\":\"es-AR\",\"@id\":\"https:\/\/web.consaguirre.com.ar\/noticias\/#\/schema\/person\/image\/\",\"url\":\"https:\/\/web.consaguirre.com.ar\/noticias\/wp-content\/uploads\/2024\/08\/Consaguirre-scaled.jpg\",\"contentUrl\":\"https:\/\/web.consaguirre.com.ar\/noticias\/wp-content\/uploads\/2024\/08\/Consaguirre-scaled.jpg\",\"caption\":\"Javier Figueroa\"},\"description\":\"Me llamo Javier Figueroa y soy redactor para el sitio oficial del Conservatorio de M\u00fasica Juli\u00e1n Aguirre en Buenos Aires, consaguirre.com. Apasionado por la m\u00fasica y la escritura, me esfuerzo por destacar los talentos y eventos de nuestra prestigiosa instituci\u00f3n. Mi trayectoria se nutre de una profunda admiraci\u00f3n por los artistas, haciendo de cada art\u00edculo una celebraci\u00f3n de la creatividad y la cultura musical.\",\"sameAs\":[\"https:\/\/web.consaguirre.com.ar\/noticias\"]}]}<\/script>\n<!-- \/ Yoast SEO plugin. -->","yoast_head_json":{"title":"Janet Jackson discute la creaci\u00f3n del video 'alguien para llamar a mi amante'","robots":{"index":"index","follow":"follow","max-snippet":"max-snippet:-1","max-image-preview":"max-image-preview:large","max-video-preview":"max-video-preview:-1"},"canonical":"https:\/\/web.consaguirre.com.ar\/noticias\/janet-jackson-discute-la-creacion-del-video-alguien-para-llamar-a-mi-amante\/","og_locale":"es_ES","og_type":"article","og_title":"Janet Jackson discute la creaci\u00f3n del video 'alguien para llamar a mi amante'","og_description":"VEVO y Janet Jackson se han asociado para un nuevo episodio de Vevo Footnotes, celebrando su enorme \u00e9xito &#8220;Someone to Call My Lover&#8221;, el segundo","og_url":"https:\/\/web.consaguirre.com.ar\/noticias\/janet-jackson-discute-la-creacion-del-video-alguien-para-llamar-a-mi-amante\/","og_site_name":"Conservatorio de M\u00fasica Juli\u00e1n Aguirre","article_published_time":"2025-05-22T00:40:47+00:00","article_modified_time":"2025-05-22T00:40:48+00:00","og_image":[{"width":1280,"height":1280,"url":"https:\/\/web.consaguirre.com.ar\/noticias\/wp-content\/uploads\/2025\/05\/Janet-Jackson-discute-la-creacion-del-video-alguien-para-llamar.jpg","type":"image\/jpeg"}],"author":"Javier Figueroa","twitter_card":"summary_large_image","twitter_misc":{"Escrito por":"Javier Figueroa","Tiempo de lectura":"2 minutos"},"schema":{"@context":"https:\/\/schema.org","@graph":[{"@type":"Article","@id":"https:\/\/web.consaguirre.com.ar\/noticias\/janet-jackson-discute-la-creacion-del-video-alguien-para-llamar-a-mi-amante\/#article","isPartOf":{"@id":"https:\/\/web.consaguirre.com.ar\/noticias\/janet-jackson-discute-la-creacion-del-video-alguien-para-llamar-a-mi-amante\/"},"author":{"name":"Javier Figueroa","@id":"https:\/\/web.consaguirre.com.ar\/noticias\/#\/schema\/person\/6558b0cfedee7ddc5425602b237d5722"},"headline":"Janet Jackson discute la creaci\u00f3n del video &#8216;alguien para llamar a mi amante&#8217;","datePublished":"2025-05-22T00:40:47+00:00","dateModified":"2025-05-22T00:40:48+00:00","mainEntityOfPage":{"@id":"https:\/\/web.consaguirre.com.ar\/noticias\/janet-jackson-discute-la-creacion-del-video-alguien-para-llamar-a-mi-amante\/"},"wordCount":402,"publisher":{"@id":"https:\/\/web.consaguirre.com.ar\/noticias\/#organization"},"image":{"@id":"https:\/\/web.consaguirre.com.ar\/noticias\/janet-jackson-discute-la-creacion-del-video-alguien-para-llamar-a-mi-amante\/#primaryimage"},"thumbnailUrl":"https:\/\/web.consaguirre.com.ar\/noticias\/wp-content\/uploads\/2025\/05\/Janet-Jackson-discute-la-creacion-del-video-alguien-para-llamar.jpg","keywords":["alguien","amante","creaci\u00f3n","del","discute","Jackson","Janet","llamar","para","v\u00eddeo"],"articleSection":["El \u00faltimo"],"inLanguage":"es-AR"},{"@type":"WebPage","@id":"https:\/\/web.consaguirre.com.ar\/noticias\/janet-jackson-discute-la-creacion-del-video-alguien-para-llamar-a-mi-amante\/","url":"https:\/\/web.consaguirre.com.ar\/noticias\/janet-jackson-discute-la-creacion-del-video-alguien-para-llamar-a-mi-amante\/","name":"Janet Jackson discute la creaci\u00f3n del video 'alguien para llamar a mi amante'","isPartOf":{"@id":"https:\/\/web.consaguirre.com.ar\/noticias\/#website"},"primaryImageOfPage":{"@id":"https:\/\/web.consaguirre.com.ar\/noticias\/janet-jackson-discute-la-creacion-del-video-alguien-para-llamar-a-mi-amante\/#primaryimage"},"image":{"@id":"https:\/\/web.consaguirre.com.ar\/noticias\/janet-jackson-discute-la-creacion-del-video-alguien-para-llamar-a-mi-amante\/#primaryimage"},"thumbnailUrl":"https:\/\/web.consaguirre.com.ar\/noticias\/wp-content\/uploads\/2025\/05\/Janet-Jackson-discute-la-creacion-del-video-alguien-para-llamar.jpg","datePublished":"2025-05-22T00:40:47+00:00","dateModified":"2025-05-22T00:40:48+00:00","breadcrumb":{"@id":"https:\/\/web.consaguirre.com.ar\/noticias\/janet-jackson-discute-la-creacion-del-video-alguien-para-llamar-a-mi-amante\/#breadcrumb"},"inLanguage":"es-AR","potentialAction":[{"@type":"ReadAction","target":["https:\/\/web.consaguirre.com.ar\/noticias\/janet-jackson-discute-la-creacion-del-video-alguien-para-llamar-a-mi-amante\/"]}]},{"@type":"ImageObject","inLanguage":"es-AR","@id":"https:\/\/web.consaguirre.com.ar\/noticias\/janet-jackson-discute-la-creacion-del-video-alguien-para-llamar-a-mi-amante\/#primaryimage","url":"https:\/\/web.consaguirre.com.ar\/noticias\/wp-content\/uploads\/2025\/05\/Janet-Jackson-discute-la-creacion-del-video-alguien-para-llamar.jpg","contentUrl":"https:\/\/web.consaguirre.com.ar\/noticias\/wp-content\/uploads\/2025\/05\/Janet-Jackson-discute-la-creacion-del-video-alguien-para-llamar.jpg","width":1280,"height":1280,"caption":"Janet Jackson discute la creaci\u00f3n del video 'alguien para llamar a mi amante'"},{"@type":"BreadcrumbList","@id":"https:\/\/web.consaguirre.com.ar\/noticias\/janet-jackson-discute-la-creacion-del-video-alguien-para-llamar-a-mi-amante\/#breadcrumb","itemListElement":[{"@type":"ListItem","position":1,"name":"Inicio","item":"https:\/\/web.consaguirre.com.ar\/noticias\/"},{"@type":"ListItem","position":2,"name":"Janet Jackson discute la creaci\u00f3n del video &#8216;alguien para llamar a mi amante&#8217;"}]},{"@type":"WebSite","@id":"https:\/\/web.consaguirre.com.ar\/noticias\/#website","url":"https:\/\/web.consaguirre.com.ar\/noticias\/","name":"Conservatorio de M\u00fasica Juli\u00e1n Aguirre","description":"","publisher":{"@id":"https:\/\/web.consaguirre.com.ar\/noticias\/#organization"},"potentialAction":[{"@type":"SearchAction","target":{"@type":"EntryPoint","urlTemplate":"https:\/\/web.consaguirre.com.ar\/noticias\/?s={search_term_string}"},"query-input":"required name=search_term_string"}],"inLanguage":"es-AR"},{"@type":"Organization","@id":"https:\/\/web.consaguirre.com.ar\/noticias\/#organization","name":"Conservatorio de M\u00fasica Juli\u00e1n Aguirre","url":"https:\/\/web.consaguirre.com.ar\/noticias\/","logo":{"@type":"ImageObject","inLanguage":"es-AR","@id":"https:\/\/web.consaguirre.com.ar\/noticias\/#\/schema\/logo\/image\/","url":"https:\/\/web.consaguirre.com.ar\/noticias\/wp-content\/uploads\/2024\/08\/Banner-Aguirre-23.jpg","contentUrl":"https:\/\/web.consaguirre.com.ar\/noticias\/wp-content\/uploads\/2024\/08\/Banner-Aguirre-23.jpg","width":1192,"height":600,"caption":"Conservatorio de M\u00fasica Juli\u00e1n Aguirre"},"image":{"@id":"https:\/\/web.consaguirre.com.ar\/noticias\/#\/schema\/logo\/image\/"}},{"@type":"Person","@id":"https:\/\/web.consaguirre.com.ar\/noticias\/#\/schema\/person\/6558b0cfedee7ddc5425602b237d5722","name":"Javier Figueroa","image":{"@type":"ImageObject","inLanguage":"es-AR","@id":"https:\/\/web.consaguirre.com.ar\/noticias\/#\/schema\/person\/image\/","url":"https:\/\/web.consaguirre.com.ar\/noticias\/wp-content\/uploads\/2024\/08\/Consaguirre-scaled.jpg","contentUrl":"https:\/\/web.consaguirre.com.ar\/noticias\/wp-content\/uploads\/2024\/08\/Consaguirre-scaled.jpg","caption":"Javier Figueroa"},"description":"Me llamo Javier Figueroa y soy redactor para el sitio oficial del Conservatorio de M\u00fasica Juli\u00e1n Aguirre en Buenos Aires, consaguirre.com. Apasionado por la m\u00fasica y la escritura, me esfuerzo por destacar los talentos y eventos de nuestra prestigiosa instituci\u00f3n. Mi trayectoria se nutre de una profunda admiraci\u00f3n por los artistas, haciendo de cada art\u00edculo una celebraci\u00f3n de la creatividad y la cultura musical.","sameAs":["https:\/\/web.consaguirre.com.ar\/noticias"]}]}},"_links":{"self":[{"href":"https:\/\/web.consaguirre.com.ar\/noticias\/wp-json\/wp\/v2\/posts\/2715"}],"collection":[{"href":"https:\/\/web.consaguirre.com.ar\/noticias\/wp-json\/wp\/v2\/posts"}],"about":[{"href":"https:\/\/web.consaguirre.com.ar\/noticias\/wp-json\/wp\/v2\/types\/post"}],"author":[{"embeddable":true,"href":"https:\/\/web.consaguirre.com.ar\/noticias\/wp-json\/wp\/v2\/users\/1"}],"replies":[{"embeddable":true,"href":"https:\/\/web.consaguirre.com.ar\/noticias\/wp-json\/wp\/v2\/comments?post=2715"}],"version-history":[{"count":1,"href":"https:\/\/web.consaguirre.com.ar\/noticias\/wp-json\/wp\/v2\/posts\/2715\/revisions"}],"predecessor-version":[{"id":2717,"href":"https:\/\/web.consaguirre.com.ar\/noticias\/wp-json\/wp\/v2\/posts\/2715\/revisions\/2717"}],"wp:featuredmedia":[{"embeddable":true,"href":"https:\/\/web.consaguirre.com.ar\/noticias\/wp-json\/wp\/v2\/media\/2716"}],"wp:attachment":[{"href":"https:\/\/web.consaguirre.com.ar\/noticias\/wp-json\/wp\/v2\/media?parent=2715"}],"wp:term":[{"taxonomy":"category","embeddable":true,"href":"https:\/\/web.consaguirre.com.ar\/noticias\/wp-json\/wp\/v2\/categories?post=2715"},{"taxonomy":"post_tag","embeddable":true,"href":"https:\/\/web.consaguirre.com.ar\/noticias\/wp-json\/wp\/v2\/tags?post=2715"}],"curies":[{"name":"wp","href":"https:\/\/api.w.org\/{rel}","templated":true}]}}