{"id":2712,"date":"2025-05-21T18:39:34","date_gmt":"2025-05-21T21:39:34","guid":{"rendered":"https:\/\/web.consaguirre.com.ar\/noticias\/disney-lanza-la-banda-sonora-de-accion-en-vivo-lilo-stitch\/"},"modified":"2025-05-21T18:39:35","modified_gmt":"2025-05-21T21:39:35","slug":"disney-lanza-la-banda-sonora-de-accion-en-vivo-lilo-stitch","status":"publish","type":"post","link":"https:\/\/web.consaguirre.com.ar\/noticias\/disney-lanza-la-banda-sonora-de-accion-en-vivo-lilo-stitch\/","title":{"rendered":"Disney lanza la banda sonora de acci\u00f3n en vivo &#8216;lilo &#038; stitch&#8217;"},"content":{"rendered":"<p>Disney ha lanzado la banda sonora original para la versi\u00f3n de acci\u00f3n en vivo de <em>Lilo y puntada<\/em>. La banda sonora est\u00e1 dirigida por &#8220;Hawaiian Roller Coaster Ride&#8221; y presenta dos nuevas grabaciones adicionales, as\u00ed como una partitura original completamente nueva del compositor, productor y compositor Dan Romer.<\/p>\n<p>&#8220;Hawaiian Roller Coaster Ride&#8221; es realizado por el ganador de American Idol, Iam Tongi, y el Coro de Ni\u00f1os de las Escuelas Kamehameha. Iam Tongi interpret\u00f3 la canci\u00f3n en Disney Night de American Idol el 12 de mayo.<\/p>\n<div class=\"uD-YT-container\"><img decoding=\"async\" src=\"https:\/\/web.consaguirre.com.ar\/noticias\/wp-content\/uploads\/2025\/05\/1747863574_697_Disney-lanza-la-banda-sonora-de-accion-en-vivo-lilo.jpg\" alt=\"Video de YouTube\"><br \/>Haga clic para cargar video<\/div>\n<p>Mark Keali&#8217;i Ho&#8217;omalu tambi\u00e9n ha regresado a la franquicia, acompa\u00f1ado por el coro infantil de las Escuelas Kamehameha. Adem\u00e1s, Nyjah Music y Zyah Rhythm interpretan una portada para la pel\u00edcula del cl\u00e1sico de Elvis Presley, &#8220;Burning Love&#8221;. La canci\u00f3n fue producida por su t\u00edo, Bruno Mars.<\/p>\n<p>Walt Disney Studios tambi\u00e9n lanz\u00f3 recientemente una largometraje musical que celebra la magia y la importancia de \u02bbohana (familia), &#8216;con entrevistas y im\u00e1genes de grabaci\u00f3n con el director Dean Fleischer Camp, y el talento de la banda sonora.<\/p>\n<div class=\"uD-YT-container\"><img decoding=\"async\" src=\"https:\/\/web.consaguirre.com.ar\/noticias\/wp-content\/uploads\/2025\/05\/1747863574_643_Disney-lanza-la-banda-sonora-de-accion-en-vivo-lilo.jpg\" alt=\"Video de YouTube\"><br \/>Haga clic para cargar video<\/div>\n<p>Iam Tongi dijo: \u201cTrabajar con Disney es un sue\u00f1o hecho realidad. <em>Lilo y puntada<\/em> ha sido uno de mis favoritos desde que era un ni\u00f1o que crec\u00eda en Hawai. Me siento muy honrado de tener la oportunidad de representar a la cultura polinesia y agregar mi voz a esta nueva versi\u00f3n de &#8216;Hawaiian Roller Coaster Ride&#8217; &#8220;.<\/p>\n<p>La pel\u00edcula animada, que presentaba una partitura original compuesta por Alan Silvestri, es especialmente memorable por su aut\u00e9ntica m\u00fasica hawaiana y su uso de canciones de Elvis Presley. Para la pel\u00edcula de la m\u00fasica en la pel\u00edcula de acci\u00f3n en vivo, los cineastas quer\u00edan honrar a los fan\u00e1ticos de la m\u00fasica que recuerdan del original, al tiempo que encontraban nuevas formas de infundir a los hawaianos en la m\u00fasica, que inclu\u00eda a la madre de Bright, Lynell K. Bright, cuyo hijo, Chris Kekaniokalani Bright, co-env\u00eda el gui\u00f3n (con Mike Van Waes).<\/p>\n<p><strong>Ordene lilo &#038; stich en vinilo ahora.<\/strong><\/p>\n","protected":false},"excerpt":{"rendered":"<p>Disney ha lanzado la banda sonora original para la versi\u00f3n de acci\u00f3n en vivo de Lilo y puntada. La banda sonora est\u00e1 dirigida por &#8220;Hawaiian<\/p>\n","protected":false},"author":1,"featured_media":2713,"comment_status":"closed","ping_status":"","sticky":false,"template":"","format":"standard","meta":{"footnotes":""},"categories":[50],"tags":[2541,471,284,218,2542,112,2543,59],"class_list":["post-2712","post","type-post","status-publish","format-standard","has-post-thumbnail","hentry","category-el-ultimo","tag-accion","tag-banda","tag-disney","tag-lanza","tag-lilo","tag-sonora","tag-stitch","tag-vivo","generate-columns","tablet-grid-50","mobile-grid-100","grid-parent","grid-50"],"yoast_head":"<!-- This site is optimized with the Yoast SEO plugin v23.3 - https:\/\/yoast.com\/wordpress\/plugins\/seo\/ -->\n<title>Disney lanza la banda sonora de acci\u00f3n en vivo &#039;lilo &amp; stitch&#039;<\/title>\n<meta name=\"robots\" content=\"index, follow, max-snippet:-1, max-image-preview:large, max-video-preview:-1\" \/>\n<link rel=\"canonical\" href=\"https:\/\/web.consaguirre.com.ar\/noticias\/disney-lanza-la-banda-sonora-de-accion-en-vivo-lilo-stitch\/\" \/>\n<meta property=\"og:locale\" content=\"es_ES\" \/>\n<meta property=\"og:type\" content=\"article\" \/>\n<meta property=\"og:title\" content=\"Disney lanza la banda sonora de acci\u00f3n en vivo &#039;lilo &amp; stitch&#039;\" \/>\n<meta property=\"og:description\" content=\"Disney ha lanzado la banda sonora original para la versi\u00f3n de acci\u00f3n en vivo de Lilo y puntada. La banda sonora est\u00e1 dirigida por &#8220;Hawaiian\" \/>\n<meta property=\"og:url\" content=\"https:\/\/web.consaguirre.com.ar\/noticias\/disney-lanza-la-banda-sonora-de-accion-en-vivo-lilo-stitch\/\" \/>\n<meta property=\"og:site_name\" content=\"Conservatorio de M\u00fasica Juli\u00e1n Aguirre\" \/>\n<meta property=\"article:published_time\" content=\"2025-05-21T21:39:34+00:00\" \/>\n<meta property=\"article:modified_time\" content=\"2025-05-21T21:39:35+00:00\" \/>\n<meta property=\"og:image\" content=\"https:\/\/web.consaguirre.com.ar\/noticias\/wp-content\/uploads\/2025\/05\/Disney-lanza-la-banda-sonora-de-accion-en-vivo-lilo.jpg\" \/>\n\t<meta property=\"og:image:width\" content=\"1280\" \/>\n\t<meta property=\"og:image:height\" content=\"1280\" \/>\n\t<meta property=\"og:image:type\" content=\"image\/jpeg\" \/>\n<meta name=\"author\" content=\"Javier Figueroa\" \/>\n<meta name=\"twitter:card\" content=\"summary_large_image\" \/>\n<meta name=\"twitter:label1\" content=\"Escrito por\" \/>\n\t<meta name=\"twitter:data1\" content=\"Javier Figueroa\" \/>\n\t<meta name=\"twitter:label2\" content=\"Tiempo de lectura\" \/>\n\t<meta name=\"twitter:data2\" content=\"2 minutos\" \/>\n<script type=\"application\/ld+json\" class=\"yoast-schema-graph\">{\"@context\":\"https:\/\/schema.org\",\"@graph\":[{\"@type\":\"Article\",\"@id\":\"https:\/\/web.consaguirre.com.ar\/noticias\/disney-lanza-la-banda-sonora-de-accion-en-vivo-lilo-stitch\/#article\",\"isPartOf\":{\"@id\":\"https:\/\/web.consaguirre.com.ar\/noticias\/disney-lanza-la-banda-sonora-de-accion-en-vivo-lilo-stitch\/\"},\"author\":{\"name\":\"Javier Figueroa\",\"@id\":\"https:\/\/web.consaguirre.com.ar\/noticias\/#\/schema\/person\/6558b0cfedee7ddc5425602b237d5722\"},\"headline\":\"Disney lanza la banda sonora de acci\u00f3n en vivo &#8216;lilo &#038; stitch&#8217;\",\"datePublished\":\"2025-05-21T21:39:34+00:00\",\"dateModified\":\"2025-05-21T21:39:35+00:00\",\"mainEntityOfPage\":{\"@id\":\"https:\/\/web.consaguirre.com.ar\/noticias\/disney-lanza-la-banda-sonora-de-accion-en-vivo-lilo-stitch\/\"},\"wordCount\":378,\"publisher\":{\"@id\":\"https:\/\/web.consaguirre.com.ar\/noticias\/#organization\"},\"image\":{\"@id\":\"https:\/\/web.consaguirre.com.ar\/noticias\/disney-lanza-la-banda-sonora-de-accion-en-vivo-lilo-stitch\/#primaryimage\"},\"thumbnailUrl\":\"https:\/\/web.consaguirre.com.ar\/noticias\/wp-content\/uploads\/2025\/05\/Disney-lanza-la-banda-sonora-de-accion-en-vivo-lilo.jpg\",\"keywords\":[\"acci\u00f3n\",\"banda\",\"Disney\",\"lanza\",\"lilo\",\"Sonora\",\"stitch\",\"vivo\"],\"articleSection\":[\"El \u00faltimo\"],\"inLanguage\":\"es-AR\"},{\"@type\":\"WebPage\",\"@id\":\"https:\/\/web.consaguirre.com.ar\/noticias\/disney-lanza-la-banda-sonora-de-accion-en-vivo-lilo-stitch\/\",\"url\":\"https:\/\/web.consaguirre.com.ar\/noticias\/disney-lanza-la-banda-sonora-de-accion-en-vivo-lilo-stitch\/\",\"name\":\"Disney lanza la banda sonora de acci\u00f3n en vivo 'lilo & stitch'\",\"isPartOf\":{\"@id\":\"https:\/\/web.consaguirre.com.ar\/noticias\/#website\"},\"primaryImageOfPage\":{\"@id\":\"https:\/\/web.consaguirre.com.ar\/noticias\/disney-lanza-la-banda-sonora-de-accion-en-vivo-lilo-stitch\/#primaryimage\"},\"image\":{\"@id\":\"https:\/\/web.consaguirre.com.ar\/noticias\/disney-lanza-la-banda-sonora-de-accion-en-vivo-lilo-stitch\/#primaryimage\"},\"thumbnailUrl\":\"https:\/\/web.consaguirre.com.ar\/noticias\/wp-content\/uploads\/2025\/05\/Disney-lanza-la-banda-sonora-de-accion-en-vivo-lilo.jpg\",\"datePublished\":\"2025-05-21T21:39:34+00:00\",\"dateModified\":\"2025-05-21T21:39:35+00:00\",\"breadcrumb\":{\"@id\":\"https:\/\/web.consaguirre.com.ar\/noticias\/disney-lanza-la-banda-sonora-de-accion-en-vivo-lilo-stitch\/#breadcrumb\"},\"inLanguage\":\"es-AR\",\"potentialAction\":[{\"@type\":\"ReadAction\",\"target\":[\"https:\/\/web.consaguirre.com.ar\/noticias\/disney-lanza-la-banda-sonora-de-accion-en-vivo-lilo-stitch\/\"]}]},{\"@type\":\"ImageObject\",\"inLanguage\":\"es-AR\",\"@id\":\"https:\/\/web.consaguirre.com.ar\/noticias\/disney-lanza-la-banda-sonora-de-accion-en-vivo-lilo-stitch\/#primaryimage\",\"url\":\"https:\/\/web.consaguirre.com.ar\/noticias\/wp-content\/uploads\/2025\/05\/Disney-lanza-la-banda-sonora-de-accion-en-vivo-lilo.jpg\",\"contentUrl\":\"https:\/\/web.consaguirre.com.ar\/noticias\/wp-content\/uploads\/2025\/05\/Disney-lanza-la-banda-sonora-de-accion-en-vivo-lilo.jpg\",\"width\":1280,\"height\":1280,\"caption\":\"Disney lanza la banda sonora de acci\u00f3n en vivo 'lilo & stitch'\"},{\"@type\":\"BreadcrumbList\",\"@id\":\"https:\/\/web.consaguirre.com.ar\/noticias\/disney-lanza-la-banda-sonora-de-accion-en-vivo-lilo-stitch\/#breadcrumb\",\"itemListElement\":[{\"@type\":\"ListItem\",\"position\":1,\"name\":\"Inicio\",\"item\":\"https:\/\/web.consaguirre.com.ar\/noticias\/\"},{\"@type\":\"ListItem\",\"position\":2,\"name\":\"Disney lanza la banda sonora de acci\u00f3n en vivo &#8216;lilo &#038; stitch&#8217;\"}]},{\"@type\":\"WebSite\",\"@id\":\"https:\/\/web.consaguirre.com.ar\/noticias\/#website\",\"url\":\"https:\/\/web.consaguirre.com.ar\/noticias\/\",\"name\":\"Conservatorio de M\u00fasica Juli\u00e1n Aguirre\",\"description\":\"\",\"publisher\":{\"@id\":\"https:\/\/web.consaguirre.com.ar\/noticias\/#organization\"},\"potentialAction\":[{\"@type\":\"SearchAction\",\"target\":{\"@type\":\"EntryPoint\",\"urlTemplate\":\"https:\/\/web.consaguirre.com.ar\/noticias\/?s={search_term_string}\"},\"query-input\":\"required name=search_term_string\"}],\"inLanguage\":\"es-AR\"},{\"@type\":\"Organization\",\"@id\":\"https:\/\/web.consaguirre.com.ar\/noticias\/#organization\",\"name\":\"Conservatorio de M\u00fasica Juli\u00e1n Aguirre\",\"url\":\"https:\/\/web.consaguirre.com.ar\/noticias\/\",\"logo\":{\"@type\":\"ImageObject\",\"inLanguage\":\"es-AR\",\"@id\":\"https:\/\/web.consaguirre.com.ar\/noticias\/#\/schema\/logo\/image\/\",\"url\":\"https:\/\/web.consaguirre.com.ar\/noticias\/wp-content\/uploads\/2024\/08\/Banner-Aguirre-23.jpg\",\"contentUrl\":\"https:\/\/web.consaguirre.com.ar\/noticias\/wp-content\/uploads\/2024\/08\/Banner-Aguirre-23.jpg\",\"width\":1192,\"height\":600,\"caption\":\"Conservatorio de M\u00fasica Juli\u00e1n Aguirre\"},\"image\":{\"@id\":\"https:\/\/web.consaguirre.com.ar\/noticias\/#\/schema\/logo\/image\/\"}},{\"@type\":\"Person\",\"@id\":\"https:\/\/web.consaguirre.com.ar\/noticias\/#\/schema\/person\/6558b0cfedee7ddc5425602b237d5722\",\"name\":\"Javier Figueroa\",\"image\":{\"@type\":\"ImageObject\",\"inLanguage\":\"es-AR\",\"@id\":\"https:\/\/web.consaguirre.com.ar\/noticias\/#\/schema\/person\/image\/\",\"url\":\"https:\/\/web.consaguirre.com.ar\/noticias\/wp-content\/uploads\/2024\/08\/Consaguirre-scaled.jpg\",\"contentUrl\":\"https:\/\/web.consaguirre.com.ar\/noticias\/wp-content\/uploads\/2024\/08\/Consaguirre-scaled.jpg\",\"caption\":\"Javier Figueroa\"},\"description\":\"Me llamo Javier Figueroa y soy redactor para el sitio oficial del Conservatorio de M\u00fasica Juli\u00e1n Aguirre en Buenos Aires, consaguirre.com. Apasionado por la m\u00fasica y la escritura, me esfuerzo por destacar los talentos y eventos de nuestra prestigiosa instituci\u00f3n. Mi trayectoria se nutre de una profunda admiraci\u00f3n por los artistas, haciendo de cada art\u00edculo una celebraci\u00f3n de la creatividad y la cultura musical.\",\"sameAs\":[\"https:\/\/web.consaguirre.com.ar\/noticias\"]}]}<\/script>\n<!-- \/ Yoast SEO plugin. -->","yoast_head_json":{"title":"Disney lanza la banda sonora de acci\u00f3n en vivo 'lilo & stitch'","robots":{"index":"index","follow":"follow","max-snippet":"max-snippet:-1","max-image-preview":"max-image-preview:large","max-video-preview":"max-video-preview:-1"},"canonical":"https:\/\/web.consaguirre.com.ar\/noticias\/disney-lanza-la-banda-sonora-de-accion-en-vivo-lilo-stitch\/","og_locale":"es_ES","og_type":"article","og_title":"Disney lanza la banda sonora de acci\u00f3n en vivo 'lilo & stitch'","og_description":"Disney ha lanzado la banda sonora original para la versi\u00f3n de acci\u00f3n en vivo de Lilo y puntada. La banda sonora est\u00e1 dirigida por &#8220;Hawaiian","og_url":"https:\/\/web.consaguirre.com.ar\/noticias\/disney-lanza-la-banda-sonora-de-accion-en-vivo-lilo-stitch\/","og_site_name":"Conservatorio de M\u00fasica Juli\u00e1n Aguirre","article_published_time":"2025-05-21T21:39:34+00:00","article_modified_time":"2025-05-21T21:39:35+00:00","og_image":[{"width":1280,"height":1280,"url":"https:\/\/web.consaguirre.com.ar\/noticias\/wp-content\/uploads\/2025\/05\/Disney-lanza-la-banda-sonora-de-accion-en-vivo-lilo.jpg","type":"image\/jpeg"}],"author":"Javier Figueroa","twitter_card":"summary_large_image","twitter_misc":{"Escrito por":"Javier Figueroa","Tiempo de lectura":"2 minutos"},"schema":{"@context":"https:\/\/schema.org","@graph":[{"@type":"Article","@id":"https:\/\/web.consaguirre.com.ar\/noticias\/disney-lanza-la-banda-sonora-de-accion-en-vivo-lilo-stitch\/#article","isPartOf":{"@id":"https:\/\/web.consaguirre.com.ar\/noticias\/disney-lanza-la-banda-sonora-de-accion-en-vivo-lilo-stitch\/"},"author":{"name":"Javier Figueroa","@id":"https:\/\/web.consaguirre.com.ar\/noticias\/#\/schema\/person\/6558b0cfedee7ddc5425602b237d5722"},"headline":"Disney lanza la banda sonora de acci\u00f3n en vivo &#8216;lilo &#038; stitch&#8217;","datePublished":"2025-05-21T21:39:34+00:00","dateModified":"2025-05-21T21:39:35+00:00","mainEntityOfPage":{"@id":"https:\/\/web.consaguirre.com.ar\/noticias\/disney-lanza-la-banda-sonora-de-accion-en-vivo-lilo-stitch\/"},"wordCount":378,"publisher":{"@id":"https:\/\/web.consaguirre.com.ar\/noticias\/#organization"},"image":{"@id":"https:\/\/web.consaguirre.com.ar\/noticias\/disney-lanza-la-banda-sonora-de-accion-en-vivo-lilo-stitch\/#primaryimage"},"thumbnailUrl":"https:\/\/web.consaguirre.com.ar\/noticias\/wp-content\/uploads\/2025\/05\/Disney-lanza-la-banda-sonora-de-accion-en-vivo-lilo.jpg","keywords":["acci\u00f3n","banda","Disney","lanza","lilo","Sonora","stitch","vivo"],"articleSection":["El \u00faltimo"],"inLanguage":"es-AR"},{"@type":"WebPage","@id":"https:\/\/web.consaguirre.com.ar\/noticias\/disney-lanza-la-banda-sonora-de-accion-en-vivo-lilo-stitch\/","url":"https:\/\/web.consaguirre.com.ar\/noticias\/disney-lanza-la-banda-sonora-de-accion-en-vivo-lilo-stitch\/","name":"Disney lanza la banda sonora de acci\u00f3n en vivo 'lilo & stitch'","isPartOf":{"@id":"https:\/\/web.consaguirre.com.ar\/noticias\/#website"},"primaryImageOfPage":{"@id":"https:\/\/web.consaguirre.com.ar\/noticias\/disney-lanza-la-banda-sonora-de-accion-en-vivo-lilo-stitch\/#primaryimage"},"image":{"@id":"https:\/\/web.consaguirre.com.ar\/noticias\/disney-lanza-la-banda-sonora-de-accion-en-vivo-lilo-stitch\/#primaryimage"},"thumbnailUrl":"https:\/\/web.consaguirre.com.ar\/noticias\/wp-content\/uploads\/2025\/05\/Disney-lanza-la-banda-sonora-de-accion-en-vivo-lilo.jpg","datePublished":"2025-05-21T21:39:34+00:00","dateModified":"2025-05-21T21:39:35+00:00","breadcrumb":{"@id":"https:\/\/web.consaguirre.com.ar\/noticias\/disney-lanza-la-banda-sonora-de-accion-en-vivo-lilo-stitch\/#breadcrumb"},"inLanguage":"es-AR","potentialAction":[{"@type":"ReadAction","target":["https:\/\/web.consaguirre.com.ar\/noticias\/disney-lanza-la-banda-sonora-de-accion-en-vivo-lilo-stitch\/"]}]},{"@type":"ImageObject","inLanguage":"es-AR","@id":"https:\/\/web.consaguirre.com.ar\/noticias\/disney-lanza-la-banda-sonora-de-accion-en-vivo-lilo-stitch\/#primaryimage","url":"https:\/\/web.consaguirre.com.ar\/noticias\/wp-content\/uploads\/2025\/05\/Disney-lanza-la-banda-sonora-de-accion-en-vivo-lilo.jpg","contentUrl":"https:\/\/web.consaguirre.com.ar\/noticias\/wp-content\/uploads\/2025\/05\/Disney-lanza-la-banda-sonora-de-accion-en-vivo-lilo.jpg","width":1280,"height":1280,"caption":"Disney lanza la banda sonora de acci\u00f3n en vivo 'lilo & stitch'"},{"@type":"BreadcrumbList","@id":"https:\/\/web.consaguirre.com.ar\/noticias\/disney-lanza-la-banda-sonora-de-accion-en-vivo-lilo-stitch\/#breadcrumb","itemListElement":[{"@type":"ListItem","position":1,"name":"Inicio","item":"https:\/\/web.consaguirre.com.ar\/noticias\/"},{"@type":"ListItem","position":2,"name":"Disney lanza la banda sonora de acci\u00f3n en vivo &#8216;lilo &#038; stitch&#8217;"}]},{"@type":"WebSite","@id":"https:\/\/web.consaguirre.com.ar\/noticias\/#website","url":"https:\/\/web.consaguirre.com.ar\/noticias\/","name":"Conservatorio de M\u00fasica Juli\u00e1n Aguirre","description":"","publisher":{"@id":"https:\/\/web.consaguirre.com.ar\/noticias\/#organization"},"potentialAction":[{"@type":"SearchAction","target":{"@type":"EntryPoint","urlTemplate":"https:\/\/web.consaguirre.com.ar\/noticias\/?s={search_term_string}"},"query-input":"required name=search_term_string"}],"inLanguage":"es-AR"},{"@type":"Organization","@id":"https:\/\/web.consaguirre.com.ar\/noticias\/#organization","name":"Conservatorio de M\u00fasica Juli\u00e1n Aguirre","url":"https:\/\/web.consaguirre.com.ar\/noticias\/","logo":{"@type":"ImageObject","inLanguage":"es-AR","@id":"https:\/\/web.consaguirre.com.ar\/noticias\/#\/schema\/logo\/image\/","url":"https:\/\/web.consaguirre.com.ar\/noticias\/wp-content\/uploads\/2024\/08\/Banner-Aguirre-23.jpg","contentUrl":"https:\/\/web.consaguirre.com.ar\/noticias\/wp-content\/uploads\/2024\/08\/Banner-Aguirre-23.jpg","width":1192,"height":600,"caption":"Conservatorio de M\u00fasica Juli\u00e1n Aguirre"},"image":{"@id":"https:\/\/web.consaguirre.com.ar\/noticias\/#\/schema\/logo\/image\/"}},{"@type":"Person","@id":"https:\/\/web.consaguirre.com.ar\/noticias\/#\/schema\/person\/6558b0cfedee7ddc5425602b237d5722","name":"Javier Figueroa","image":{"@type":"ImageObject","inLanguage":"es-AR","@id":"https:\/\/web.consaguirre.com.ar\/noticias\/#\/schema\/person\/image\/","url":"https:\/\/web.consaguirre.com.ar\/noticias\/wp-content\/uploads\/2024\/08\/Consaguirre-scaled.jpg","contentUrl":"https:\/\/web.consaguirre.com.ar\/noticias\/wp-content\/uploads\/2024\/08\/Consaguirre-scaled.jpg","caption":"Javier Figueroa"},"description":"Me llamo Javier Figueroa y soy redactor para el sitio oficial del Conservatorio de M\u00fasica Juli\u00e1n Aguirre en Buenos Aires, consaguirre.com. Apasionado por la m\u00fasica y la escritura, me esfuerzo por destacar los talentos y eventos de nuestra prestigiosa instituci\u00f3n. Mi trayectoria se nutre de una profunda admiraci\u00f3n por los artistas, haciendo de cada art\u00edculo una celebraci\u00f3n de la creatividad y la cultura musical.","sameAs":["https:\/\/web.consaguirre.com.ar\/noticias"]}]}},"_links":{"self":[{"href":"https:\/\/web.consaguirre.com.ar\/noticias\/wp-json\/wp\/v2\/posts\/2712"}],"collection":[{"href":"https:\/\/web.consaguirre.com.ar\/noticias\/wp-json\/wp\/v2\/posts"}],"about":[{"href":"https:\/\/web.consaguirre.com.ar\/noticias\/wp-json\/wp\/v2\/types\/post"}],"author":[{"embeddable":true,"href":"https:\/\/web.consaguirre.com.ar\/noticias\/wp-json\/wp\/v2\/users\/1"}],"replies":[{"embeddable":true,"href":"https:\/\/web.consaguirre.com.ar\/noticias\/wp-json\/wp\/v2\/comments?post=2712"}],"version-history":[{"count":1,"href":"https:\/\/web.consaguirre.com.ar\/noticias\/wp-json\/wp\/v2\/posts\/2712\/revisions"}],"predecessor-version":[{"id":2714,"href":"https:\/\/web.consaguirre.com.ar\/noticias\/wp-json\/wp\/v2\/posts\/2712\/revisions\/2714"}],"wp:featuredmedia":[{"embeddable":true,"href":"https:\/\/web.consaguirre.com.ar\/noticias\/wp-json\/wp\/v2\/media\/2713"}],"wp:attachment":[{"href":"https:\/\/web.consaguirre.com.ar\/noticias\/wp-json\/wp\/v2\/media?parent=2712"}],"wp:term":[{"taxonomy":"category","embeddable":true,"href":"https:\/\/web.consaguirre.com.ar\/noticias\/wp-json\/wp\/v2\/categories?post=2712"},{"taxonomy":"post_tag","embeddable":true,"href":"https:\/\/web.consaguirre.com.ar\/noticias\/wp-json\/wp\/v2\/tags?post=2712"}],"curies":[{"name":"wp","href":"https:\/\/api.w.org\/{rel}","templated":true}]}}