{"id":2706,"date":"2025-05-20T21:38:24","date_gmt":"2025-05-21T00:38:24","guid":{"rendered":"https:\/\/web.consaguirre.com.ar\/noticias\/la-oms-anuncia-invitados-especiales-para-farewell-tour\/"},"modified":"2025-05-20T21:38:25","modified_gmt":"2025-05-21T00:38:25","slug":"la-oms-anuncia-invitados-especiales-para-farewell-tour","status":"publish","type":"post","link":"https:\/\/web.consaguirre.com.ar\/noticias\/la-oms-anuncia-invitados-especiales-para-farewell-tour\/","title":{"rendered":"La OMS anuncia invitados especiales para Farewell Tour"},"content":{"rendered":"<p>Es casi el momento de <strong>La OMS<\/strong>La carrera como un legendario acto en vivo para llegar a su fin. Este verano y oto\u00f1o, los pioneros del rock &#8216;n&#8217; roll se embarcar\u00e1n en su gira de despedida, la canci\u00f3n est\u00e1 en la gira, que los ver\u00e1 encabezando estadios y arenas en Am\u00e9rica del Norte. En el per\u00edodo previo a la gira, la banda ha anunciado los nombres de los invitados especiales que abrir\u00e1n estos espect\u00e1culos hist\u00f3ricos. Tambi\u00e9n han agregado una fecha m\u00e1s al itinerario.<\/p>\n<p>Los invitados especiales que se unen a Roger Daltrey, Pete Townshend, y la banda incluyen a Billy Bob Thornton y los Boxmasters, <strong>\u00cddolo Billy<\/strong>Booker T. Jones, Candlebox, Feist, Joe Bonamassa, Tom Cochrane, ZZ Ward y el Proyecto Joe Perry, que combina con sus compa\u00f1eros de banda de Aerosmith Brad Whitford y Buck Johnson, los miembros de los pilotos de los Templos de Black Crowes y los Templos de Black Crowes, y los miembros del Templo de Stone Robert Deleo y Eric Kretz. Algunas combinaciones de estos artistas calentar\u00e1n el escenario para la OMS, en absoluto la canci\u00f3n, ya est\u00e1 en las citas.<\/p>\n<p>La gira comienza el 16 de agosto en Amerant Bank Arena en Sunrise, FL y se concluye el 28 de septiembre en Las Vegas en el MGM Grand Garden Arena. En el medio, el Who Will Rock Boston&#8217;s Fenway Park, toca un stand de dos noches en el Hollywood Bowl en Los \u00c1ngeles, realiza dos conciertos en el escenario de Budweiser de Toronto y hace su regreso triunfante al Madison Square Garden de Nueva York, entre otros conciertos.<\/p>\n<p>Tambi\u00e9n acaban de anunciar una segunda noche en el Chicago&#8217;s United Center el 9 de septiembre. Las entradas para la fecha de Chicago recientemente anunciada estar\u00e1n disponibles primero a trav\u00e9s de una preventa Citi y el Whooligan Fan Club a partir del martes 20 de mayo. Habr\u00e1 preventos adicionales previos a la Onsale Oficial a partir del viernes 23 de mayo a las 10 de la ma\u00f1ana.<\/p>\n<p>Junto con la gira, la OMS tambi\u00e9n anunci\u00f3 recientemente el lanzamiento de <em>Vivir en el Oval 1971<\/em>. Por ahora, sin embargo, solo puedes obtenerlo si eres miembro del Who Fan Club. Los fan\u00e1ticos que se registran en el club recibir\u00e1n acceso temprano a los pr\u00f3ximos shows en vivo, mercanc\u00eda exclusiva de Whooligan y una copia del \u00e1lbum.<\/p>\n<p><em>Vivir en el Oval 1971<\/em> Atrapa a la banda en un pico definido. Documenta la actuaci\u00f3n del grupo en Goodbye Summer: un concierto de rock en ayuda del alivio de la hambruna para la gente de Bangladesh. La banda, Roger Daltrey, Pete Townshend, John Entwistle y Keith Moon, encendieron el terreno de cricket ovalado en Kennington, al sur de Londres, para una audiencia de m\u00e1s de 35,000. Realizaron cl\u00e1sicos como &#8220;Behind Blue Eyes&#8221;, &#8220;No se volver\u00e1 a enga\u00f1ar de nuevo&#8221;, &#8220;Pinball Wizard&#8221; y m\u00e1s.<\/p>\n<p><strong>\u00danete al Whooligan Fan Club aqu\u00ed.<\/strong><\/p>\n","protected":false},"excerpt":{"rendered":"<p>Es casi el momento de La OMSLa carrera como un legendario acto en vivo para llegar a su fin. Este verano y oto\u00f1o, los pioneros<\/p>\n","protected":false},"author":1,"featured_media":2707,"comment_status":"closed","ping_status":"","sticky":false,"template":"","format":"standard","meta":{"footnotes":""},"categories":[50],"tags":[56,2537,2538,743,1799,154,1760],"class_list":["post-2706","post","type-post","status-publish","format-standard","has-post-thumbnail","hentry","category-el-ultimo","tag-anuncia","tag-especiales","tag-farewell","tag-invitados","tag-oms","tag-para","tag-tour","generate-columns","tablet-grid-50","mobile-grid-100","grid-parent","grid-50"],"yoast_head":"<!-- This site is optimized with the Yoast SEO plugin v23.3 - https:\/\/yoast.com\/wordpress\/plugins\/seo\/ -->\n<title>La OMS anuncia invitados especiales para Farewell Tour<\/title>\n<meta name=\"robots\" content=\"index, follow, max-snippet:-1, max-image-preview:large, max-video-preview:-1\" \/>\n<link rel=\"canonical\" href=\"https:\/\/web.consaguirre.com.ar\/noticias\/la-oms-anuncia-invitados-especiales-para-farewell-tour\/\" \/>\n<meta property=\"og:locale\" content=\"es_ES\" \/>\n<meta property=\"og:type\" content=\"article\" \/>\n<meta property=\"og:title\" content=\"La OMS anuncia invitados especiales para Farewell Tour\" \/>\n<meta property=\"og:description\" content=\"Es casi el momento de La OMSLa carrera como un legendario acto en vivo para llegar a su fin. Este verano y oto\u00f1o, los pioneros\" \/>\n<meta property=\"og:url\" content=\"https:\/\/web.consaguirre.com.ar\/noticias\/la-oms-anuncia-invitados-especiales-para-farewell-tour\/\" \/>\n<meta property=\"og:site_name\" content=\"Conservatorio de M\u00fasica Juli\u00e1n Aguirre\" \/>\n<meta property=\"article:published_time\" content=\"2025-05-21T00:38:24+00:00\" \/>\n<meta property=\"article:modified_time\" content=\"2025-05-21T00:38:25+00:00\" \/>\n<meta property=\"og:image\" content=\"https:\/\/web.consaguirre.com.ar\/noticias\/wp-content\/uploads\/2025\/05\/La-OMS-anuncia-invitados-especiales-para-Farewell-Tour.jpg\" \/>\n\t<meta property=\"og:image:width\" content=\"1440\" \/>\n\t<meta property=\"og:image:height\" content=\"864\" \/>\n\t<meta property=\"og:image:type\" content=\"image\/jpeg\" \/>\n<meta name=\"author\" content=\"Javier Figueroa\" \/>\n<meta name=\"twitter:card\" content=\"summary_large_image\" \/>\n<meta name=\"twitter:label1\" content=\"Escrito por\" \/>\n\t<meta name=\"twitter:data1\" content=\"Javier Figueroa\" \/>\n\t<meta name=\"twitter:label2\" content=\"Tiempo de lectura\" \/>\n\t<meta name=\"twitter:data2\" content=\"2 minutos\" \/>\n<script type=\"application\/ld+json\" class=\"yoast-schema-graph\">{\"@context\":\"https:\/\/schema.org\",\"@graph\":[{\"@type\":\"Article\",\"@id\":\"https:\/\/web.consaguirre.com.ar\/noticias\/la-oms-anuncia-invitados-especiales-para-farewell-tour\/#article\",\"isPartOf\":{\"@id\":\"https:\/\/web.consaguirre.com.ar\/noticias\/la-oms-anuncia-invitados-especiales-para-farewell-tour\/\"},\"author\":{\"name\":\"Javier Figueroa\",\"@id\":\"https:\/\/web.consaguirre.com.ar\/noticias\/#\/schema\/person\/6558b0cfedee7ddc5425602b237d5722\"},\"headline\":\"La OMS anuncia invitados especiales para Farewell Tour\",\"datePublished\":\"2025-05-21T00:38:24+00:00\",\"dateModified\":\"2025-05-21T00:38:25+00:00\",\"mainEntityOfPage\":{\"@id\":\"https:\/\/web.consaguirre.com.ar\/noticias\/la-oms-anuncia-invitados-especiales-para-farewell-tour\/\"},\"wordCount\":505,\"publisher\":{\"@id\":\"https:\/\/web.consaguirre.com.ar\/noticias\/#organization\"},\"image\":{\"@id\":\"https:\/\/web.consaguirre.com.ar\/noticias\/la-oms-anuncia-invitados-especiales-para-farewell-tour\/#primaryimage\"},\"thumbnailUrl\":\"https:\/\/web.consaguirre.com.ar\/noticias\/wp-content\/uploads\/2025\/05\/La-OMS-anuncia-invitados-especiales-para-Farewell-Tour.jpg\",\"keywords\":[\"anuncia\",\"especiales\",\"Farewell\",\"invitados\",\"OMS\",\"para\",\"Tour\"],\"articleSection\":[\"El \u00faltimo\"],\"inLanguage\":\"es-AR\"},{\"@type\":\"WebPage\",\"@id\":\"https:\/\/web.consaguirre.com.ar\/noticias\/la-oms-anuncia-invitados-especiales-para-farewell-tour\/\",\"url\":\"https:\/\/web.consaguirre.com.ar\/noticias\/la-oms-anuncia-invitados-especiales-para-farewell-tour\/\",\"name\":\"La OMS anuncia invitados especiales para Farewell Tour\",\"isPartOf\":{\"@id\":\"https:\/\/web.consaguirre.com.ar\/noticias\/#website\"},\"primaryImageOfPage\":{\"@id\":\"https:\/\/web.consaguirre.com.ar\/noticias\/la-oms-anuncia-invitados-especiales-para-farewell-tour\/#primaryimage\"},\"image\":{\"@id\":\"https:\/\/web.consaguirre.com.ar\/noticias\/la-oms-anuncia-invitados-especiales-para-farewell-tour\/#primaryimage\"},\"thumbnailUrl\":\"https:\/\/web.consaguirre.com.ar\/noticias\/wp-content\/uploads\/2025\/05\/La-OMS-anuncia-invitados-especiales-para-Farewell-Tour.jpg\",\"datePublished\":\"2025-05-21T00:38:24+00:00\",\"dateModified\":\"2025-05-21T00:38:25+00:00\",\"breadcrumb\":{\"@id\":\"https:\/\/web.consaguirre.com.ar\/noticias\/la-oms-anuncia-invitados-especiales-para-farewell-tour\/#breadcrumb\"},\"inLanguage\":\"es-AR\",\"potentialAction\":[{\"@type\":\"ReadAction\",\"target\":[\"https:\/\/web.consaguirre.com.ar\/noticias\/la-oms-anuncia-invitados-especiales-para-farewell-tour\/\"]}]},{\"@type\":\"ImageObject\",\"inLanguage\":\"es-AR\",\"@id\":\"https:\/\/web.consaguirre.com.ar\/noticias\/la-oms-anuncia-invitados-especiales-para-farewell-tour\/#primaryimage\",\"url\":\"https:\/\/web.consaguirre.com.ar\/noticias\/wp-content\/uploads\/2025\/05\/La-OMS-anuncia-invitados-especiales-para-Farewell-Tour.jpg\",\"contentUrl\":\"https:\/\/web.consaguirre.com.ar\/noticias\/wp-content\/uploads\/2025\/05\/La-OMS-anuncia-invitados-especiales-para-Farewell-Tour.jpg\",\"width\":1440,\"height\":864,\"caption\":\"La OMS anuncia invitados especiales para Farewell Tour\"},{\"@type\":\"BreadcrumbList\",\"@id\":\"https:\/\/web.consaguirre.com.ar\/noticias\/la-oms-anuncia-invitados-especiales-para-farewell-tour\/#breadcrumb\",\"itemListElement\":[{\"@type\":\"ListItem\",\"position\":1,\"name\":\"Inicio\",\"item\":\"https:\/\/web.consaguirre.com.ar\/noticias\/\"},{\"@type\":\"ListItem\",\"position\":2,\"name\":\"La OMS anuncia invitados especiales para Farewell Tour\"}]},{\"@type\":\"WebSite\",\"@id\":\"https:\/\/web.consaguirre.com.ar\/noticias\/#website\",\"url\":\"https:\/\/web.consaguirre.com.ar\/noticias\/\",\"name\":\"Conservatorio de M\u00fasica Juli\u00e1n Aguirre\",\"description\":\"\",\"publisher\":{\"@id\":\"https:\/\/web.consaguirre.com.ar\/noticias\/#organization\"},\"potentialAction\":[{\"@type\":\"SearchAction\",\"target\":{\"@type\":\"EntryPoint\",\"urlTemplate\":\"https:\/\/web.consaguirre.com.ar\/noticias\/?s={search_term_string}\"},\"query-input\":\"required name=search_term_string\"}],\"inLanguage\":\"es-AR\"},{\"@type\":\"Organization\",\"@id\":\"https:\/\/web.consaguirre.com.ar\/noticias\/#organization\",\"name\":\"Conservatorio de M\u00fasica Juli\u00e1n Aguirre\",\"url\":\"https:\/\/web.consaguirre.com.ar\/noticias\/\",\"logo\":{\"@type\":\"ImageObject\",\"inLanguage\":\"es-AR\",\"@id\":\"https:\/\/web.consaguirre.com.ar\/noticias\/#\/schema\/logo\/image\/\",\"url\":\"https:\/\/web.consaguirre.com.ar\/noticias\/wp-content\/uploads\/2024\/08\/Banner-Aguirre-23.jpg\",\"contentUrl\":\"https:\/\/web.consaguirre.com.ar\/noticias\/wp-content\/uploads\/2024\/08\/Banner-Aguirre-23.jpg\",\"width\":1192,\"height\":600,\"caption\":\"Conservatorio de M\u00fasica Juli\u00e1n Aguirre\"},\"image\":{\"@id\":\"https:\/\/web.consaguirre.com.ar\/noticias\/#\/schema\/logo\/image\/\"}},{\"@type\":\"Person\",\"@id\":\"https:\/\/web.consaguirre.com.ar\/noticias\/#\/schema\/person\/6558b0cfedee7ddc5425602b237d5722\",\"name\":\"Javier Figueroa\",\"image\":{\"@type\":\"ImageObject\",\"inLanguage\":\"es-AR\",\"@id\":\"https:\/\/web.consaguirre.com.ar\/noticias\/#\/schema\/person\/image\/\",\"url\":\"https:\/\/web.consaguirre.com.ar\/noticias\/wp-content\/uploads\/2024\/08\/Consaguirre-scaled.jpg\",\"contentUrl\":\"https:\/\/web.consaguirre.com.ar\/noticias\/wp-content\/uploads\/2024\/08\/Consaguirre-scaled.jpg\",\"caption\":\"Javier Figueroa\"},\"description\":\"Me llamo Javier Figueroa y soy redactor para el sitio oficial del Conservatorio de M\u00fasica Juli\u00e1n Aguirre en Buenos Aires, consaguirre.com. Apasionado por la m\u00fasica y la escritura, me esfuerzo por destacar los talentos y eventos de nuestra prestigiosa instituci\u00f3n. Mi trayectoria se nutre de una profunda admiraci\u00f3n por los artistas, haciendo de cada art\u00edculo una celebraci\u00f3n de la creatividad y la cultura musical.\",\"sameAs\":[\"https:\/\/web.consaguirre.com.ar\/noticias\"]}]}<\/script>\n<!-- \/ Yoast SEO plugin. -->","yoast_head_json":{"title":"La OMS anuncia invitados especiales para Farewell Tour","robots":{"index":"index","follow":"follow","max-snippet":"max-snippet:-1","max-image-preview":"max-image-preview:large","max-video-preview":"max-video-preview:-1"},"canonical":"https:\/\/web.consaguirre.com.ar\/noticias\/la-oms-anuncia-invitados-especiales-para-farewell-tour\/","og_locale":"es_ES","og_type":"article","og_title":"La OMS anuncia invitados especiales para Farewell Tour","og_description":"Es casi el momento de La OMSLa carrera como un legendario acto en vivo para llegar a su fin. Este verano y oto\u00f1o, los pioneros","og_url":"https:\/\/web.consaguirre.com.ar\/noticias\/la-oms-anuncia-invitados-especiales-para-farewell-tour\/","og_site_name":"Conservatorio de M\u00fasica Juli\u00e1n Aguirre","article_published_time":"2025-05-21T00:38:24+00:00","article_modified_time":"2025-05-21T00:38:25+00:00","og_image":[{"width":1440,"height":864,"url":"https:\/\/web.consaguirre.com.ar\/noticias\/wp-content\/uploads\/2025\/05\/La-OMS-anuncia-invitados-especiales-para-Farewell-Tour.jpg","type":"image\/jpeg"}],"author":"Javier Figueroa","twitter_card":"summary_large_image","twitter_misc":{"Escrito por":"Javier Figueroa","Tiempo de lectura":"2 minutos"},"schema":{"@context":"https:\/\/schema.org","@graph":[{"@type":"Article","@id":"https:\/\/web.consaguirre.com.ar\/noticias\/la-oms-anuncia-invitados-especiales-para-farewell-tour\/#article","isPartOf":{"@id":"https:\/\/web.consaguirre.com.ar\/noticias\/la-oms-anuncia-invitados-especiales-para-farewell-tour\/"},"author":{"name":"Javier Figueroa","@id":"https:\/\/web.consaguirre.com.ar\/noticias\/#\/schema\/person\/6558b0cfedee7ddc5425602b237d5722"},"headline":"La OMS anuncia invitados especiales para Farewell Tour","datePublished":"2025-05-21T00:38:24+00:00","dateModified":"2025-05-21T00:38:25+00:00","mainEntityOfPage":{"@id":"https:\/\/web.consaguirre.com.ar\/noticias\/la-oms-anuncia-invitados-especiales-para-farewell-tour\/"},"wordCount":505,"publisher":{"@id":"https:\/\/web.consaguirre.com.ar\/noticias\/#organization"},"image":{"@id":"https:\/\/web.consaguirre.com.ar\/noticias\/la-oms-anuncia-invitados-especiales-para-farewell-tour\/#primaryimage"},"thumbnailUrl":"https:\/\/web.consaguirre.com.ar\/noticias\/wp-content\/uploads\/2025\/05\/La-OMS-anuncia-invitados-especiales-para-Farewell-Tour.jpg","keywords":["anuncia","especiales","Farewell","invitados","OMS","para","Tour"],"articleSection":["El \u00faltimo"],"inLanguage":"es-AR"},{"@type":"WebPage","@id":"https:\/\/web.consaguirre.com.ar\/noticias\/la-oms-anuncia-invitados-especiales-para-farewell-tour\/","url":"https:\/\/web.consaguirre.com.ar\/noticias\/la-oms-anuncia-invitados-especiales-para-farewell-tour\/","name":"La OMS anuncia invitados especiales para Farewell Tour","isPartOf":{"@id":"https:\/\/web.consaguirre.com.ar\/noticias\/#website"},"primaryImageOfPage":{"@id":"https:\/\/web.consaguirre.com.ar\/noticias\/la-oms-anuncia-invitados-especiales-para-farewell-tour\/#primaryimage"},"image":{"@id":"https:\/\/web.consaguirre.com.ar\/noticias\/la-oms-anuncia-invitados-especiales-para-farewell-tour\/#primaryimage"},"thumbnailUrl":"https:\/\/web.consaguirre.com.ar\/noticias\/wp-content\/uploads\/2025\/05\/La-OMS-anuncia-invitados-especiales-para-Farewell-Tour.jpg","datePublished":"2025-05-21T00:38:24+00:00","dateModified":"2025-05-21T00:38:25+00:00","breadcrumb":{"@id":"https:\/\/web.consaguirre.com.ar\/noticias\/la-oms-anuncia-invitados-especiales-para-farewell-tour\/#breadcrumb"},"inLanguage":"es-AR","potentialAction":[{"@type":"ReadAction","target":["https:\/\/web.consaguirre.com.ar\/noticias\/la-oms-anuncia-invitados-especiales-para-farewell-tour\/"]}]},{"@type":"ImageObject","inLanguage":"es-AR","@id":"https:\/\/web.consaguirre.com.ar\/noticias\/la-oms-anuncia-invitados-especiales-para-farewell-tour\/#primaryimage","url":"https:\/\/web.consaguirre.com.ar\/noticias\/wp-content\/uploads\/2025\/05\/La-OMS-anuncia-invitados-especiales-para-Farewell-Tour.jpg","contentUrl":"https:\/\/web.consaguirre.com.ar\/noticias\/wp-content\/uploads\/2025\/05\/La-OMS-anuncia-invitados-especiales-para-Farewell-Tour.jpg","width":1440,"height":864,"caption":"La OMS anuncia invitados especiales para Farewell Tour"},{"@type":"BreadcrumbList","@id":"https:\/\/web.consaguirre.com.ar\/noticias\/la-oms-anuncia-invitados-especiales-para-farewell-tour\/#breadcrumb","itemListElement":[{"@type":"ListItem","position":1,"name":"Inicio","item":"https:\/\/web.consaguirre.com.ar\/noticias\/"},{"@type":"ListItem","position":2,"name":"La OMS anuncia invitados especiales para Farewell Tour"}]},{"@type":"WebSite","@id":"https:\/\/web.consaguirre.com.ar\/noticias\/#website","url":"https:\/\/web.consaguirre.com.ar\/noticias\/","name":"Conservatorio de M\u00fasica Juli\u00e1n Aguirre","description":"","publisher":{"@id":"https:\/\/web.consaguirre.com.ar\/noticias\/#organization"},"potentialAction":[{"@type":"SearchAction","target":{"@type":"EntryPoint","urlTemplate":"https:\/\/web.consaguirre.com.ar\/noticias\/?s={search_term_string}"},"query-input":"required name=search_term_string"}],"inLanguage":"es-AR"},{"@type":"Organization","@id":"https:\/\/web.consaguirre.com.ar\/noticias\/#organization","name":"Conservatorio de M\u00fasica Juli\u00e1n Aguirre","url":"https:\/\/web.consaguirre.com.ar\/noticias\/","logo":{"@type":"ImageObject","inLanguage":"es-AR","@id":"https:\/\/web.consaguirre.com.ar\/noticias\/#\/schema\/logo\/image\/","url":"https:\/\/web.consaguirre.com.ar\/noticias\/wp-content\/uploads\/2024\/08\/Banner-Aguirre-23.jpg","contentUrl":"https:\/\/web.consaguirre.com.ar\/noticias\/wp-content\/uploads\/2024\/08\/Banner-Aguirre-23.jpg","width":1192,"height":600,"caption":"Conservatorio de M\u00fasica Juli\u00e1n Aguirre"},"image":{"@id":"https:\/\/web.consaguirre.com.ar\/noticias\/#\/schema\/logo\/image\/"}},{"@type":"Person","@id":"https:\/\/web.consaguirre.com.ar\/noticias\/#\/schema\/person\/6558b0cfedee7ddc5425602b237d5722","name":"Javier Figueroa","image":{"@type":"ImageObject","inLanguage":"es-AR","@id":"https:\/\/web.consaguirre.com.ar\/noticias\/#\/schema\/person\/image\/","url":"https:\/\/web.consaguirre.com.ar\/noticias\/wp-content\/uploads\/2024\/08\/Consaguirre-scaled.jpg","contentUrl":"https:\/\/web.consaguirre.com.ar\/noticias\/wp-content\/uploads\/2024\/08\/Consaguirre-scaled.jpg","caption":"Javier Figueroa"},"description":"Me llamo Javier Figueroa y soy redactor para el sitio oficial del Conservatorio de M\u00fasica Juli\u00e1n Aguirre en Buenos Aires, consaguirre.com. Apasionado por la m\u00fasica y la escritura, me esfuerzo por destacar los talentos y eventos de nuestra prestigiosa instituci\u00f3n. Mi trayectoria se nutre de una profunda admiraci\u00f3n por los artistas, haciendo de cada art\u00edculo una celebraci\u00f3n de la creatividad y la cultura musical.","sameAs":["https:\/\/web.consaguirre.com.ar\/noticias"]}]}},"_links":{"self":[{"href":"https:\/\/web.consaguirre.com.ar\/noticias\/wp-json\/wp\/v2\/posts\/2706"}],"collection":[{"href":"https:\/\/web.consaguirre.com.ar\/noticias\/wp-json\/wp\/v2\/posts"}],"about":[{"href":"https:\/\/web.consaguirre.com.ar\/noticias\/wp-json\/wp\/v2\/types\/post"}],"author":[{"embeddable":true,"href":"https:\/\/web.consaguirre.com.ar\/noticias\/wp-json\/wp\/v2\/users\/1"}],"replies":[{"embeddable":true,"href":"https:\/\/web.consaguirre.com.ar\/noticias\/wp-json\/wp\/v2\/comments?post=2706"}],"version-history":[{"count":1,"href":"https:\/\/web.consaguirre.com.ar\/noticias\/wp-json\/wp\/v2\/posts\/2706\/revisions"}],"predecessor-version":[{"id":2708,"href":"https:\/\/web.consaguirre.com.ar\/noticias\/wp-json\/wp\/v2\/posts\/2706\/revisions\/2708"}],"wp:featuredmedia":[{"embeddable":true,"href":"https:\/\/web.consaguirre.com.ar\/noticias\/wp-json\/wp\/v2\/media\/2707"}],"wp:attachment":[{"href":"https:\/\/web.consaguirre.com.ar\/noticias\/wp-json\/wp\/v2\/media?parent=2706"}],"wp:term":[{"taxonomy":"category","embeddable":true,"href":"https:\/\/web.consaguirre.com.ar\/noticias\/wp-json\/wp\/v2\/categories?post=2706"},{"taxonomy":"post_tag","embeddable":true,"href":"https:\/\/web.consaguirre.com.ar\/noticias\/wp-json\/wp\/v2\/tags?post=2706"}],"curies":[{"name":"wp","href":"https:\/\/api.w.org\/{rel}","templated":true}]}}