{"id":269,"date":"2024-08-28T13:39:58","date_gmt":"2024-08-28T16:39:58","guid":{"rendered":"https:\/\/web.consaguirre.com.ar\/noticias\/se-lanza-hoy-una-serie-de-videos-que-detalla-la-reedicion-de-apostrophe-de-frank-zappa\/"},"modified":"2024-09-08T16:27:50","modified_gmt":"2024-09-08T19:27:50","slug":"se-lanza-hoy-una-serie-de-videos-que-detalla-la-reedicion-de-apostrophe-de-frank-zappa","status":"publish","type":"post","link":"https:\/\/web.consaguirre.com.ar\/noticias\/se-lanza-hoy-una-serie-de-videos-que-detalla-la-reedicion-de-apostrophe-de-frank-zappa\/","title":{"rendered":"Se lanza hoy una serie de videos que detalla la reedici\u00f3n de &#8216;Apostrophe (&#8216;)&#8217; de Frank Zappa"},"content":{"rendered":"<p>Con la reedici\u00f3n s\u00faper lujosa del 50.\u00ba aniversario de <strong>Frank Zappa<\/strong>El \u00e1lbum de 1974 <strong><em>Ap\u00f3strofe (&#8216;)<\/em><\/strong>  A pocas semanas de que se estrene hoy el primer episodio de una nueva serie de YouTube dedicada al \u00e1lbum, al igual que en las series de videos anteriores dedicadas a <strong><em>Whisky a Go Go<\/em><\/strong>  y <strong><em>Sensaci\u00f3n nocturna<\/em><\/strong>El maestro de b\u00f3veda de Zappa, Joe Travers, regresa para guiar a los espectadores a trav\u00e9s de la historia del LP de mayor \u00e9xito comercial de Zappa.<\/p>\n<p>El episodio, que se puede ver en el canal de YouTube de Zappa, ofrece una mirada poco com\u00fan a \u201cThe Vault\u201d, el c\u00e9lebre archivo de Frank Zappa. Travers muestra la factura que Zappa escribi\u00f3 a m\u00e1quina para Tina Turner y las Ikettes por sus contribuciones vocales a <em>Sensaci\u00f3n nocturna<\/em> y <em>Ap\u00f3strofe (&#8216;)<\/em>Tambi\u00e9n ofrece un vistazo a las cintas maestras del \u00e1lbum, que produjo el primer \u00e9xito de Zappa en las listas, &#8220;Don&#8217;t Eat The Yellow Snow&#8221;, que alcanz\u00f3 el puesto n\u00famero 86.<\/p>\n<p><strong>Pide la edici\u00f3n de lujo de Frank Zappa <em>Ap\u00f3strofe (&#8216;)<\/em> ahora.<\/strong><\/p>\n<p>La reedici\u00f3n de 75 pistas y seis discos de <em>Ap\u00f3strofe (&#8216;)<\/em> El \u00e1lbum saldr\u00e1 a la venta el 13 de septiembre. El material adicional incluye grabaciones de conciertos en Colorado y Ohio, docenas de mezclas nuevas y una gran cantidad de informaci\u00f3n sobre la grabaci\u00f3n del \u00e1lbum. La edici\u00f3n s\u00faper de lujo incluye un folleto de 52 p\u00e1ginas que incluye fotograf\u00edas de archivo in\u00e9ditas del fot\u00f3grafo de la portada del \u00e1lbum, Sam Emerson, as\u00ed como notas y ensayos escritos por Travers y el veterano periodista musical brit\u00e1nico Simon Prentis.<\/p>\n<div class=\"uD-YT-container\"><img decoding=\"async\" src=\"https:\/\/web.consaguirre.com.ar\/noticias\/wp-content\/uploads\/2024\/08\/1724685538_392_Escucha-a-Frank-Zappa-tocar-Penguin-In-Bondage-en-vivo.jpg\" alt=\"V\u00eddeo de YouTube\"><\/p>\n<\/div>\n<p><em>Ap\u00f3strofe (&#8216;)<\/em> Fue el primer \u00e1lbum de Zappa certificado como disco de oro y alcanz\u00f3 el puesto n\u00famero 10 en la lista Billboard 200. Pero incluso en un \u00e1lbum en el que repet\u00eda la frase &#8220;estrictamente comercial&#8221;, estaba aplicando su perspectiva creativa incre\u00edblemente \u00fanica a la m\u00fasica. Tambi\u00e9n continu\u00f3 su tendencia a los giros inesperados; a pesar del enfoque l\u00edrico del \u00e1lbum en lo tonto y lo absurdo, &#8220;Uncle Remus&#8221; fue un tratado serio sobre el racismo.<\/p>\n<p>&#8220;Con <em>Ap\u00f3strofe (&#8216;)<\/em>\u201cZappa sigui\u00f3 creando su propio g\u00e9nero musical, mientras celebraba sus diez a\u00f1os en el negocio\u201d, comparti\u00f3 Travers en un comunicado. \u201cNadie sonaba como Frank Zappa. Este \u00e1lbum, y espec\u00edficamente &#8216;Don&#8217;t Eat The Yellow Snow&#8217;, trajo ese sonido \u00fanico y maravilloso a las masas de una manera que nadie, incluido Frank, esperar\u00eda\u201d.<\/p>\n<p><strong>Pide la edici\u00f3n de lujo de Frank Zappa <em>Ap\u00f3strofe (&#8216;)<\/em> ahora.<\/strong><\/p>\n","protected":false},"excerpt":{"rendered":"<p>Con la reedici\u00f3n s\u00faper lujosa del 50.\u00ba aniversario de Frank ZappaEl \u00e1lbum de 1974 Ap\u00f3strofe (&#8216;) A pocas semanas de que se estrene hoy el<\/p>\n","protected":false},"author":1,"featured_media":270,"comment_status":"closed","ping_status":"open","sticky":false,"template":"","format":"standard","meta":{"footnotes":""},"categories":[50],"tags":[223,222,72,219,218,117,220,191,221,73],"class_list":["post-269","post","type-post","status-publish","format-standard","has-post-thumbnail","hentry","category-el-ultimo","tag-apostrophe","tag-detalla","tag-frank","tag-hoy","tag-lanza","tag-reedicion","tag-serie","tag-una","tag-videos","tag-zappa","generate-columns","tablet-grid-50","mobile-grid-100","grid-parent","grid-50"],"yoast_head":"<!-- This site is optimized with the Yoast SEO plugin v23.3 - https:\/\/yoast.com\/wordpress\/plugins\/seo\/ -->\n<title>Se lanza hoy una serie de videos que detalla la reedici\u00f3n de &#039;Apostrophe (&#039;)&#039; de Frank Zappa<\/title>\n<meta name=\"robots\" content=\"index, follow, max-snippet:-1, max-image-preview:large, max-video-preview:-1\" \/>\n<link rel=\"canonical\" href=\"https:\/\/web.consaguirre.com.ar\/noticias\/se-lanza-hoy-una-serie-de-videos-que-detalla-la-reedicion-de-apostrophe-de-frank-zappa\/\" \/>\n<meta property=\"og:locale\" content=\"es_ES\" \/>\n<meta property=\"og:type\" content=\"article\" \/>\n<meta property=\"og:title\" content=\"Se lanza hoy una serie de videos que detalla la reedici\u00f3n de &#039;Apostrophe (&#039;)&#039; de Frank Zappa\" \/>\n<meta property=\"og:description\" content=\"Con la reedici\u00f3n s\u00faper lujosa del 50.\u00ba aniversario de Frank ZappaEl \u00e1lbum de 1974 Ap\u00f3strofe (&#8216;) A pocas semanas de que se estrene hoy el\" \/>\n<meta property=\"og:url\" content=\"https:\/\/web.consaguirre.com.ar\/noticias\/se-lanza-hoy-una-serie-de-videos-que-detalla-la-reedicion-de-apostrophe-de-frank-zappa\/\" \/>\n<meta property=\"og:site_name\" content=\"Conservatorio de M\u00fasica Juli\u00e1n Aguirre\" \/>\n<meta property=\"article:published_time\" content=\"2024-08-28T16:39:58+00:00\" \/>\n<meta property=\"article:modified_time\" content=\"2024-09-08T19:27:50+00:00\" \/>\n<meta property=\"og:image\" content=\"https:\/\/web.consaguirre.com.ar\/noticias\/wp-content\/uploads\/2024\/08\/Se-lanza-hoy-una-serie-de-videos-que-detalla-la.jpg\" \/>\n\t<meta property=\"og:image:width\" content=\"1280\" \/>\n\t<meta property=\"og:image:height\" content=\"1280\" \/>\n\t<meta property=\"og:image:type\" content=\"image\/jpeg\" \/>\n<meta name=\"author\" content=\"Javier Figueroa\" \/>\n<meta name=\"twitter:card\" content=\"summary_large_image\" \/>\n<meta name=\"twitter:label1\" content=\"Escrito por\" \/>\n\t<meta name=\"twitter:data1\" content=\"Javier Figueroa\" \/>\n\t<meta name=\"twitter:label2\" content=\"Tiempo de lectura\" \/>\n\t<meta name=\"twitter:data2\" content=\"2 minutos\" \/>\n<script type=\"application\/ld+json\" class=\"yoast-schema-graph\">{\"@context\":\"https:\/\/schema.org\",\"@graph\":[{\"@type\":\"Article\",\"@id\":\"https:\/\/web.consaguirre.com.ar\/noticias\/se-lanza-hoy-una-serie-de-videos-que-detalla-la-reedicion-de-apostrophe-de-frank-zappa\/#article\",\"isPartOf\":{\"@id\":\"https:\/\/web.consaguirre.com.ar\/noticias\/se-lanza-hoy-una-serie-de-videos-que-detalla-la-reedicion-de-apostrophe-de-frank-zappa\/\"},\"author\":{\"name\":\"Javier Figueroa\",\"@id\":\"https:\/\/web.consaguirre.com.ar\/noticias\/#\/schema\/person\/6558b0cfedee7ddc5425602b237d5722\"},\"headline\":\"Se lanza hoy una serie de videos que detalla la reedici\u00f3n de &#8216;Apostrophe (&#8216;)&#8217; de Frank Zappa\",\"datePublished\":\"2024-08-28T16:39:58+00:00\",\"dateModified\":\"2024-09-08T19:27:50+00:00\",\"mainEntityOfPage\":{\"@id\":\"https:\/\/web.consaguirre.com.ar\/noticias\/se-lanza-hoy-una-serie-de-videos-que-detalla-la-reedicion-de-apostrophe-de-frank-zappa\/\"},\"wordCount\":450,\"publisher\":{\"@id\":\"https:\/\/web.consaguirre.com.ar\/noticias\/#organization\"},\"image\":{\"@id\":\"https:\/\/web.consaguirre.com.ar\/noticias\/se-lanza-hoy-una-serie-de-videos-que-detalla-la-reedicion-de-apostrophe-de-frank-zappa\/#primaryimage\"},\"thumbnailUrl\":\"https:\/\/web.consaguirre.com.ar\/noticias\/wp-content\/uploads\/2024\/08\/Se-lanza-hoy-una-serie-de-videos-que-detalla-la.jpg\",\"keywords\":[\"Apostrophe\",\"detalla\",\"Frank\",\"hoy\",\"lanza\",\"reedici\u00f3n\",\"serie\",\"una\",\"videos\",\"Zappa\"],\"articleSection\":[\"El \u00faltimo\"],\"inLanguage\":\"es-AR\"},{\"@type\":\"WebPage\",\"@id\":\"https:\/\/web.consaguirre.com.ar\/noticias\/se-lanza-hoy-una-serie-de-videos-que-detalla-la-reedicion-de-apostrophe-de-frank-zappa\/\",\"url\":\"https:\/\/web.consaguirre.com.ar\/noticias\/se-lanza-hoy-una-serie-de-videos-que-detalla-la-reedicion-de-apostrophe-de-frank-zappa\/\",\"name\":\"Se lanza hoy una serie de videos que detalla la reedici\u00f3n de 'Apostrophe (')' de Frank Zappa\",\"isPartOf\":{\"@id\":\"https:\/\/web.consaguirre.com.ar\/noticias\/#website\"},\"primaryImageOfPage\":{\"@id\":\"https:\/\/web.consaguirre.com.ar\/noticias\/se-lanza-hoy-una-serie-de-videos-que-detalla-la-reedicion-de-apostrophe-de-frank-zappa\/#primaryimage\"},\"image\":{\"@id\":\"https:\/\/web.consaguirre.com.ar\/noticias\/se-lanza-hoy-una-serie-de-videos-que-detalla-la-reedicion-de-apostrophe-de-frank-zappa\/#primaryimage\"},\"thumbnailUrl\":\"https:\/\/web.consaguirre.com.ar\/noticias\/wp-content\/uploads\/2024\/08\/Se-lanza-hoy-una-serie-de-videos-que-detalla-la.jpg\",\"datePublished\":\"2024-08-28T16:39:58+00:00\",\"dateModified\":\"2024-09-08T19:27:50+00:00\",\"breadcrumb\":{\"@id\":\"https:\/\/web.consaguirre.com.ar\/noticias\/se-lanza-hoy-una-serie-de-videos-que-detalla-la-reedicion-de-apostrophe-de-frank-zappa\/#breadcrumb\"},\"inLanguage\":\"es-AR\",\"potentialAction\":[{\"@type\":\"ReadAction\",\"target\":[\"https:\/\/web.consaguirre.com.ar\/noticias\/se-lanza-hoy-una-serie-de-videos-que-detalla-la-reedicion-de-apostrophe-de-frank-zappa\/\"]}]},{\"@type\":\"ImageObject\",\"inLanguage\":\"es-AR\",\"@id\":\"https:\/\/web.consaguirre.com.ar\/noticias\/se-lanza-hoy-una-serie-de-videos-que-detalla-la-reedicion-de-apostrophe-de-frank-zappa\/#primaryimage\",\"url\":\"https:\/\/web.consaguirre.com.ar\/noticias\/wp-content\/uploads\/2024\/08\/Se-lanza-hoy-una-serie-de-videos-que-detalla-la.jpg\",\"contentUrl\":\"https:\/\/web.consaguirre.com.ar\/noticias\/wp-content\/uploads\/2024\/08\/Se-lanza-hoy-una-serie-de-videos-que-detalla-la.jpg\",\"width\":1280,\"height\":1280,\"caption\":\"Se lanza hoy una serie de videos que detalla la reedici\u00f3n de 'Apostrophe (')' de Frank Zappa\"},{\"@type\":\"BreadcrumbList\",\"@id\":\"https:\/\/web.consaguirre.com.ar\/noticias\/se-lanza-hoy-una-serie-de-videos-que-detalla-la-reedicion-de-apostrophe-de-frank-zappa\/#breadcrumb\",\"itemListElement\":[{\"@type\":\"ListItem\",\"position\":1,\"name\":\"Inicio\",\"item\":\"https:\/\/web.consaguirre.com.ar\/noticias\/\"},{\"@type\":\"ListItem\",\"position\":2,\"name\":\"Se lanza hoy una serie de videos que detalla la reedici\u00f3n de &#8216;Apostrophe (&#8216;)&#8217; de Frank Zappa\"}]},{\"@type\":\"WebSite\",\"@id\":\"https:\/\/web.consaguirre.com.ar\/noticias\/#website\",\"url\":\"https:\/\/web.consaguirre.com.ar\/noticias\/\",\"name\":\"Conservatorio de M\u00fasica Juli\u00e1n Aguirre\",\"description\":\"\",\"publisher\":{\"@id\":\"https:\/\/web.consaguirre.com.ar\/noticias\/#organization\"},\"potentialAction\":[{\"@type\":\"SearchAction\",\"target\":{\"@type\":\"EntryPoint\",\"urlTemplate\":\"https:\/\/web.consaguirre.com.ar\/noticias\/?s={search_term_string}\"},\"query-input\":\"required name=search_term_string\"}],\"inLanguage\":\"es-AR\"},{\"@type\":\"Organization\",\"@id\":\"https:\/\/web.consaguirre.com.ar\/noticias\/#organization\",\"name\":\"Conservatorio de M\u00fasica Juli\u00e1n Aguirre\",\"url\":\"https:\/\/web.consaguirre.com.ar\/noticias\/\",\"logo\":{\"@type\":\"ImageObject\",\"inLanguage\":\"es-AR\",\"@id\":\"https:\/\/web.consaguirre.com.ar\/noticias\/#\/schema\/logo\/image\/\",\"url\":\"https:\/\/web.consaguirre.com.ar\/noticias\/wp-content\/uploads\/2024\/08\/Banner-Aguirre-23.jpg\",\"contentUrl\":\"https:\/\/web.consaguirre.com.ar\/noticias\/wp-content\/uploads\/2024\/08\/Banner-Aguirre-23.jpg\",\"width\":1192,\"height\":600,\"caption\":\"Conservatorio de M\u00fasica Juli\u00e1n Aguirre\"},\"image\":{\"@id\":\"https:\/\/web.consaguirre.com.ar\/noticias\/#\/schema\/logo\/image\/\"}},{\"@type\":\"Person\",\"@id\":\"https:\/\/web.consaguirre.com.ar\/noticias\/#\/schema\/person\/6558b0cfedee7ddc5425602b237d5722\",\"name\":\"Javier Figueroa\",\"image\":{\"@type\":\"ImageObject\",\"inLanguage\":\"es-AR\",\"@id\":\"https:\/\/web.consaguirre.com.ar\/noticias\/#\/schema\/person\/image\/\",\"url\":\"https:\/\/web.consaguirre.com.ar\/noticias\/wp-content\/uploads\/2024\/08\/Consaguirre-scaled.jpg\",\"contentUrl\":\"https:\/\/web.consaguirre.com.ar\/noticias\/wp-content\/uploads\/2024\/08\/Consaguirre-scaled.jpg\",\"caption\":\"Javier Figueroa\"},\"description\":\"Me llamo Javier Figueroa y soy redactor para el sitio oficial del Conservatorio de M\u00fasica Juli\u00e1n Aguirre en Buenos Aires, consaguirre.com. Apasionado por la m\u00fasica y la escritura, me esfuerzo por destacar los talentos y eventos de nuestra prestigiosa instituci\u00f3n. Mi trayectoria se nutre de una profunda admiraci\u00f3n por los artistas, haciendo de cada art\u00edculo una celebraci\u00f3n de la creatividad y la cultura musical.\",\"sameAs\":[\"https:\/\/web.consaguirre.com.ar\/noticias\"]}]}<\/script>\n<!-- \/ Yoast SEO plugin. -->","yoast_head_json":{"title":"Se lanza hoy una serie de videos que detalla la reedici\u00f3n de 'Apostrophe (')' de Frank Zappa","robots":{"index":"index","follow":"follow","max-snippet":"max-snippet:-1","max-image-preview":"max-image-preview:large","max-video-preview":"max-video-preview:-1"},"canonical":"https:\/\/web.consaguirre.com.ar\/noticias\/se-lanza-hoy-una-serie-de-videos-que-detalla-la-reedicion-de-apostrophe-de-frank-zappa\/","og_locale":"es_ES","og_type":"article","og_title":"Se lanza hoy una serie de videos que detalla la reedici\u00f3n de 'Apostrophe (')' de Frank Zappa","og_description":"Con la reedici\u00f3n s\u00faper lujosa del 50.\u00ba aniversario de Frank ZappaEl \u00e1lbum de 1974 Ap\u00f3strofe (&#8216;) A pocas semanas de que se estrene hoy el","og_url":"https:\/\/web.consaguirre.com.ar\/noticias\/se-lanza-hoy-una-serie-de-videos-que-detalla-la-reedicion-de-apostrophe-de-frank-zappa\/","og_site_name":"Conservatorio de M\u00fasica Juli\u00e1n Aguirre","article_published_time":"2024-08-28T16:39:58+00:00","article_modified_time":"2024-09-08T19:27:50+00:00","og_image":[{"width":1280,"height":1280,"url":"https:\/\/web.consaguirre.com.ar\/noticias\/wp-content\/uploads\/2024\/08\/Se-lanza-hoy-una-serie-de-videos-que-detalla-la.jpg","type":"image\/jpeg"}],"author":"Javier Figueroa","twitter_card":"summary_large_image","twitter_misc":{"Escrito por":"Javier Figueroa","Tiempo de lectura":"2 minutos"},"schema":{"@context":"https:\/\/schema.org","@graph":[{"@type":"Article","@id":"https:\/\/web.consaguirre.com.ar\/noticias\/se-lanza-hoy-una-serie-de-videos-que-detalla-la-reedicion-de-apostrophe-de-frank-zappa\/#article","isPartOf":{"@id":"https:\/\/web.consaguirre.com.ar\/noticias\/se-lanza-hoy-una-serie-de-videos-que-detalla-la-reedicion-de-apostrophe-de-frank-zappa\/"},"author":{"name":"Javier Figueroa","@id":"https:\/\/web.consaguirre.com.ar\/noticias\/#\/schema\/person\/6558b0cfedee7ddc5425602b237d5722"},"headline":"Se lanza hoy una serie de videos que detalla la reedici\u00f3n de &#8216;Apostrophe (&#8216;)&#8217; de Frank Zappa","datePublished":"2024-08-28T16:39:58+00:00","dateModified":"2024-09-08T19:27:50+00:00","mainEntityOfPage":{"@id":"https:\/\/web.consaguirre.com.ar\/noticias\/se-lanza-hoy-una-serie-de-videos-que-detalla-la-reedicion-de-apostrophe-de-frank-zappa\/"},"wordCount":450,"publisher":{"@id":"https:\/\/web.consaguirre.com.ar\/noticias\/#organization"},"image":{"@id":"https:\/\/web.consaguirre.com.ar\/noticias\/se-lanza-hoy-una-serie-de-videos-que-detalla-la-reedicion-de-apostrophe-de-frank-zappa\/#primaryimage"},"thumbnailUrl":"https:\/\/web.consaguirre.com.ar\/noticias\/wp-content\/uploads\/2024\/08\/Se-lanza-hoy-una-serie-de-videos-que-detalla-la.jpg","keywords":["Apostrophe","detalla","Frank","hoy","lanza","reedici\u00f3n","serie","una","videos","Zappa"],"articleSection":["El \u00faltimo"],"inLanguage":"es-AR"},{"@type":"WebPage","@id":"https:\/\/web.consaguirre.com.ar\/noticias\/se-lanza-hoy-una-serie-de-videos-que-detalla-la-reedicion-de-apostrophe-de-frank-zappa\/","url":"https:\/\/web.consaguirre.com.ar\/noticias\/se-lanza-hoy-una-serie-de-videos-que-detalla-la-reedicion-de-apostrophe-de-frank-zappa\/","name":"Se lanza hoy una serie de videos que detalla la reedici\u00f3n de 'Apostrophe (')' de Frank Zappa","isPartOf":{"@id":"https:\/\/web.consaguirre.com.ar\/noticias\/#website"},"primaryImageOfPage":{"@id":"https:\/\/web.consaguirre.com.ar\/noticias\/se-lanza-hoy-una-serie-de-videos-que-detalla-la-reedicion-de-apostrophe-de-frank-zappa\/#primaryimage"},"image":{"@id":"https:\/\/web.consaguirre.com.ar\/noticias\/se-lanza-hoy-una-serie-de-videos-que-detalla-la-reedicion-de-apostrophe-de-frank-zappa\/#primaryimage"},"thumbnailUrl":"https:\/\/web.consaguirre.com.ar\/noticias\/wp-content\/uploads\/2024\/08\/Se-lanza-hoy-una-serie-de-videos-que-detalla-la.jpg","datePublished":"2024-08-28T16:39:58+00:00","dateModified":"2024-09-08T19:27:50+00:00","breadcrumb":{"@id":"https:\/\/web.consaguirre.com.ar\/noticias\/se-lanza-hoy-una-serie-de-videos-que-detalla-la-reedicion-de-apostrophe-de-frank-zappa\/#breadcrumb"},"inLanguage":"es-AR","potentialAction":[{"@type":"ReadAction","target":["https:\/\/web.consaguirre.com.ar\/noticias\/se-lanza-hoy-una-serie-de-videos-que-detalla-la-reedicion-de-apostrophe-de-frank-zappa\/"]}]},{"@type":"ImageObject","inLanguage":"es-AR","@id":"https:\/\/web.consaguirre.com.ar\/noticias\/se-lanza-hoy-una-serie-de-videos-que-detalla-la-reedicion-de-apostrophe-de-frank-zappa\/#primaryimage","url":"https:\/\/web.consaguirre.com.ar\/noticias\/wp-content\/uploads\/2024\/08\/Se-lanza-hoy-una-serie-de-videos-que-detalla-la.jpg","contentUrl":"https:\/\/web.consaguirre.com.ar\/noticias\/wp-content\/uploads\/2024\/08\/Se-lanza-hoy-una-serie-de-videos-que-detalla-la.jpg","width":1280,"height":1280,"caption":"Se lanza hoy una serie de videos que detalla la reedici\u00f3n de 'Apostrophe (')' de Frank Zappa"},{"@type":"BreadcrumbList","@id":"https:\/\/web.consaguirre.com.ar\/noticias\/se-lanza-hoy-una-serie-de-videos-que-detalla-la-reedicion-de-apostrophe-de-frank-zappa\/#breadcrumb","itemListElement":[{"@type":"ListItem","position":1,"name":"Inicio","item":"https:\/\/web.consaguirre.com.ar\/noticias\/"},{"@type":"ListItem","position":2,"name":"Se lanza hoy una serie de videos que detalla la reedici\u00f3n de &#8216;Apostrophe (&#8216;)&#8217; de Frank Zappa"}]},{"@type":"WebSite","@id":"https:\/\/web.consaguirre.com.ar\/noticias\/#website","url":"https:\/\/web.consaguirre.com.ar\/noticias\/","name":"Conservatorio de M\u00fasica Juli\u00e1n Aguirre","description":"","publisher":{"@id":"https:\/\/web.consaguirre.com.ar\/noticias\/#organization"},"potentialAction":[{"@type":"SearchAction","target":{"@type":"EntryPoint","urlTemplate":"https:\/\/web.consaguirre.com.ar\/noticias\/?s={search_term_string}"},"query-input":"required name=search_term_string"}],"inLanguage":"es-AR"},{"@type":"Organization","@id":"https:\/\/web.consaguirre.com.ar\/noticias\/#organization","name":"Conservatorio de M\u00fasica Juli\u00e1n Aguirre","url":"https:\/\/web.consaguirre.com.ar\/noticias\/","logo":{"@type":"ImageObject","inLanguage":"es-AR","@id":"https:\/\/web.consaguirre.com.ar\/noticias\/#\/schema\/logo\/image\/","url":"https:\/\/web.consaguirre.com.ar\/noticias\/wp-content\/uploads\/2024\/08\/Banner-Aguirre-23.jpg","contentUrl":"https:\/\/web.consaguirre.com.ar\/noticias\/wp-content\/uploads\/2024\/08\/Banner-Aguirre-23.jpg","width":1192,"height":600,"caption":"Conservatorio de M\u00fasica Juli\u00e1n Aguirre"},"image":{"@id":"https:\/\/web.consaguirre.com.ar\/noticias\/#\/schema\/logo\/image\/"}},{"@type":"Person","@id":"https:\/\/web.consaguirre.com.ar\/noticias\/#\/schema\/person\/6558b0cfedee7ddc5425602b237d5722","name":"Javier Figueroa","image":{"@type":"ImageObject","inLanguage":"es-AR","@id":"https:\/\/web.consaguirre.com.ar\/noticias\/#\/schema\/person\/image\/","url":"https:\/\/web.consaguirre.com.ar\/noticias\/wp-content\/uploads\/2024\/08\/Consaguirre-scaled.jpg","contentUrl":"https:\/\/web.consaguirre.com.ar\/noticias\/wp-content\/uploads\/2024\/08\/Consaguirre-scaled.jpg","caption":"Javier Figueroa"},"description":"Me llamo Javier Figueroa y soy redactor para el sitio oficial del Conservatorio de M\u00fasica Juli\u00e1n Aguirre en Buenos Aires, consaguirre.com. Apasionado por la m\u00fasica y la escritura, me esfuerzo por destacar los talentos y eventos de nuestra prestigiosa instituci\u00f3n. Mi trayectoria se nutre de una profunda admiraci\u00f3n por los artistas, haciendo de cada art\u00edculo una celebraci\u00f3n de la creatividad y la cultura musical.","sameAs":["https:\/\/web.consaguirre.com.ar\/noticias"]}]}},"_links":{"self":[{"href":"https:\/\/web.consaguirre.com.ar\/noticias\/wp-json\/wp\/v2\/posts\/269"}],"collection":[{"href":"https:\/\/web.consaguirre.com.ar\/noticias\/wp-json\/wp\/v2\/posts"}],"about":[{"href":"https:\/\/web.consaguirre.com.ar\/noticias\/wp-json\/wp\/v2\/types\/post"}],"author":[{"embeddable":true,"href":"https:\/\/web.consaguirre.com.ar\/noticias\/wp-json\/wp\/v2\/users\/1"}],"replies":[{"embeddable":true,"href":"https:\/\/web.consaguirre.com.ar\/noticias\/wp-json\/wp\/v2\/comments?post=269"}],"version-history":[{"count":1,"href":"https:\/\/web.consaguirre.com.ar\/noticias\/wp-json\/wp\/v2\/posts\/269\/revisions"}],"predecessor-version":[{"id":271,"href":"https:\/\/web.consaguirre.com.ar\/noticias\/wp-json\/wp\/v2\/posts\/269\/revisions\/271"}],"wp:featuredmedia":[{"embeddable":true,"href":"https:\/\/web.consaguirre.com.ar\/noticias\/wp-json\/wp\/v2\/media\/270"}],"wp:attachment":[{"href":"https:\/\/web.consaguirre.com.ar\/noticias\/wp-json\/wp\/v2\/media?parent=269"}],"wp:term":[{"taxonomy":"category","embeddable":true,"href":"https:\/\/web.consaguirre.com.ar\/noticias\/wp-json\/wp\/v2\/categories?post=269"},{"taxonomy":"post_tag","embeddable":true,"href":"https:\/\/web.consaguirre.com.ar\/noticias\/wp-json\/wp\/v2\/tags?post=269"}],"curies":[{"name":"wp","href":"https:\/\/api.w.org\/{rel}","templated":true}]}}