{"id":2682,"date":"2025-05-17T03:39:19","date_gmt":"2025-05-17T06:39:19","guid":{"rendered":"https:\/\/web.consaguirre.com.ar\/noticias\/la-banda-sonora-de-la-pelicula-original-desplegable-llega-al-vinilo\/"},"modified":"2025-05-17T03:39:20","modified_gmt":"2025-05-17T06:39:20","slug":"la-banda-sonora-de-la-pelicula-original-desplegable-llega-al-vinilo","status":"publish","type":"post","link":"https:\/\/web.consaguirre.com.ar\/noticias\/la-banda-sonora-de-la-pelicula-original-desplegable-llega-al-vinilo\/","title":{"rendered":"La banda sonora de la pel\u00edcula original &#8216;desplegable&#8217; llega al vinilo"},"content":{"rendered":"<p>La banda sonora de 1995 <em>Despistado<\/em> est\u00e1 listo para ser relanzado en vinilo. El anuncio es celebrar el 30 aniversario de la pel\u00edcula, protagonizada por Alicia Silverstone, Paul Rudd, Stacey Dash y Brittany Murphy.<\/p>\n<p>Las versiones de vinilo vendr\u00e1n en dos formas: una reedici\u00f3n de vinilo est\u00e1ndar y una reedici\u00f3n de vinilo de color rosa fuerte. La banda sonora de la pel\u00edcula original de la venta de platino es una mezcla de pop, rock alternativo, punk y hip-hop, lo que refleja el eclecticismo de la era de los a\u00f1os 90.<\/p>\n<div class=\"uD-YT-container\"><img decoding=\"async\" src=\"https:\/\/web.consaguirre.com.ar\/noticias\/wp-content\/uploads\/2025\/05\/1747463959_227_La-banda-sonora-de-la-pelicula-original-desplegable-llega-al.jpg\" alt=\"Video de YouTube\"><br \/>Haga clic para cargar video<\/div>\n<p>Cuenta con cl\u00e1sicos como &#8220;Fake Pl\u00e1sticos Fakehead&#8221; de Radiohead, &#8220;All The Young Dudes&#8221; de World Party, &#8220;Mullet Head&#8221; de Beastie Boys, &#8220;Rollin &#8216;With My Homies&#8221; de Coolio, &#8220;Supermodel&#8221; de Jill Sobule, y la canci\u00f3n de la pel\u00edcula de la pel\u00edcula: la versi\u00f3n pop-puunk de Kim Wilde de 1981 de 1981, &#8220;Kids in America&#8221;.<\/p>\n<p>Basado libremente en la novela de 1815 de Jane Austen <em>Emma<\/em>, <em>Despistado<\/em> Sigue al popular y rico estudiante de secundaria Cher Horowitz (interpretado por Silverstone) que se esfuerza por hacer una serie de &#8220;buenas obras&#8221;, que van desde darle a un nuevo estudiante un cambio de imagen hasta jugar un casamentero para sus maestros. La pel\u00edcula es conocida principalmente por sus trajes de dise\u00f1adores ic\u00f3nicos, que han inspirado todo, desde disfraces de Halloween hasta el video musical &#8220;Fancy&#8221; de Iggy Azalea junto con Charli XCX.<\/p>\n<p><em>Despistado<\/em> Tambi\u00e9n se ha adaptado varias veces desde su lanzamiento inicial de 1995, incluida una serie spin-off de 1996, una colecci\u00f3n de libros de bolsillo de 1995 a 1999, videojuegos en 1997 y 2009, y dos musicales de Broadway en 2018 y 2025.<\/p>\n<p><strong>Ordenar la banda sonora para <em>Despistado<\/em> en vinilo ahora.<\/strong><\/p>\n","protected":false},"excerpt":{"rendered":"<p>La banda sonora de 1995 Despistado est\u00e1 listo para ser relanzado en vinilo. El anuncio es celebrar el 30 aniversario de la pel\u00edcula, protagonizada por<\/p>\n","protected":false},"author":1,"featured_media":2683,"comment_status":"closed","ping_status":"","sticky":false,"template":"","format":"standard","meta":{"footnotes":""},"categories":[50],"tags":[471,2523,542,1646,321,112,87],"class_list":["post-2682","post","type-post","status-publish","format-standard","has-post-thumbnail","hentry","category-el-ultimo","tag-banda","tag-desplegable","tag-llega","tag-original","tag-pelicula","tag-sonora","tag-vinilo","generate-columns","tablet-grid-50","mobile-grid-100","grid-parent","grid-50"],"yoast_head":"<!-- This site is optimized with the Yoast SEO plugin v23.3 - https:\/\/yoast.com\/wordpress\/plugins\/seo\/ -->\n<title>La banda sonora de la pel\u00edcula original &#039;desplegable&#039; llega al vinilo<\/title>\n<meta name=\"robots\" content=\"index, follow, max-snippet:-1, max-image-preview:large, max-video-preview:-1\" \/>\n<link rel=\"canonical\" href=\"https:\/\/web.consaguirre.com.ar\/noticias\/la-banda-sonora-de-la-pelicula-original-desplegable-llega-al-vinilo\/\" \/>\n<meta property=\"og:locale\" content=\"es_ES\" \/>\n<meta property=\"og:type\" content=\"article\" \/>\n<meta property=\"og:title\" content=\"La banda sonora de la pel\u00edcula original &#039;desplegable&#039; llega al vinilo\" \/>\n<meta property=\"og:description\" content=\"La banda sonora de 1995 Despistado est\u00e1 listo para ser relanzado en vinilo. El anuncio es celebrar el 30 aniversario de la pel\u00edcula, protagonizada por\" \/>\n<meta property=\"og:url\" content=\"https:\/\/web.consaguirre.com.ar\/noticias\/la-banda-sonora-de-la-pelicula-original-desplegable-llega-al-vinilo\/\" \/>\n<meta property=\"og:site_name\" content=\"Conservatorio de M\u00fasica Juli\u00e1n Aguirre\" \/>\n<meta property=\"article:published_time\" content=\"2025-05-17T06:39:19+00:00\" \/>\n<meta property=\"article:modified_time\" content=\"2025-05-17T06:39:20+00:00\" \/>\n<meta property=\"og:image\" content=\"https:\/\/web.consaguirre.com.ar\/noticias\/wp-content\/uploads\/2025\/05\/La-banda-sonora-de-la-pelicula-original-desplegable-llega-al.jpg\" \/>\n\t<meta property=\"og:image:width\" content=\"1280\" \/>\n\t<meta property=\"og:image:height\" content=\"1280\" \/>\n\t<meta property=\"og:image:type\" content=\"image\/jpeg\" \/>\n<meta name=\"author\" content=\"Javier Figueroa\" \/>\n<meta name=\"twitter:card\" content=\"summary_large_image\" \/>\n<meta name=\"twitter:label1\" content=\"Escrito por\" \/>\n\t<meta name=\"twitter:data1\" content=\"Javier Figueroa\" \/>\n\t<meta name=\"twitter:label2\" content=\"Tiempo de lectura\" \/>\n\t<meta name=\"twitter:data2\" content=\"1 minuto\" \/>\n<script type=\"application\/ld+json\" class=\"yoast-schema-graph\">{\"@context\":\"https:\/\/schema.org\",\"@graph\":[{\"@type\":\"Article\",\"@id\":\"https:\/\/web.consaguirre.com.ar\/noticias\/la-banda-sonora-de-la-pelicula-original-desplegable-llega-al-vinilo\/#article\",\"isPartOf\":{\"@id\":\"https:\/\/web.consaguirre.com.ar\/noticias\/la-banda-sonora-de-la-pelicula-original-desplegable-llega-al-vinilo\/\"},\"author\":{\"name\":\"Javier Figueroa\",\"@id\":\"https:\/\/web.consaguirre.com.ar\/noticias\/#\/schema\/person\/6558b0cfedee7ddc5425602b237d5722\"},\"headline\":\"La banda sonora de la pel\u00edcula original &#8216;desplegable&#8217; llega al vinilo\",\"datePublished\":\"2025-05-17T06:39:19+00:00\",\"dateModified\":\"2025-05-17T06:39:20+00:00\",\"mainEntityOfPage\":{\"@id\":\"https:\/\/web.consaguirre.com.ar\/noticias\/la-banda-sonora-de-la-pelicula-original-desplegable-llega-al-vinilo\/\"},\"wordCount\":301,\"publisher\":{\"@id\":\"https:\/\/web.consaguirre.com.ar\/noticias\/#organization\"},\"image\":{\"@id\":\"https:\/\/web.consaguirre.com.ar\/noticias\/la-banda-sonora-de-la-pelicula-original-desplegable-llega-al-vinilo\/#primaryimage\"},\"thumbnailUrl\":\"https:\/\/web.consaguirre.com.ar\/noticias\/wp-content\/uploads\/2025\/05\/La-banda-sonora-de-la-pelicula-original-desplegable-llega-al.jpg\",\"keywords\":[\"banda\",\"desplegable\",\"llega\",\"Original\",\"pel\u00edcula\",\"Sonora\",\"vinilo\"],\"articleSection\":[\"El \u00faltimo\"],\"inLanguage\":\"es-AR\"},{\"@type\":\"WebPage\",\"@id\":\"https:\/\/web.consaguirre.com.ar\/noticias\/la-banda-sonora-de-la-pelicula-original-desplegable-llega-al-vinilo\/\",\"url\":\"https:\/\/web.consaguirre.com.ar\/noticias\/la-banda-sonora-de-la-pelicula-original-desplegable-llega-al-vinilo\/\",\"name\":\"La banda sonora de la pel\u00edcula original 'desplegable' llega al vinilo\",\"isPartOf\":{\"@id\":\"https:\/\/web.consaguirre.com.ar\/noticias\/#website\"},\"primaryImageOfPage\":{\"@id\":\"https:\/\/web.consaguirre.com.ar\/noticias\/la-banda-sonora-de-la-pelicula-original-desplegable-llega-al-vinilo\/#primaryimage\"},\"image\":{\"@id\":\"https:\/\/web.consaguirre.com.ar\/noticias\/la-banda-sonora-de-la-pelicula-original-desplegable-llega-al-vinilo\/#primaryimage\"},\"thumbnailUrl\":\"https:\/\/web.consaguirre.com.ar\/noticias\/wp-content\/uploads\/2025\/05\/La-banda-sonora-de-la-pelicula-original-desplegable-llega-al.jpg\",\"datePublished\":\"2025-05-17T06:39:19+00:00\",\"dateModified\":\"2025-05-17T06:39:20+00:00\",\"breadcrumb\":{\"@id\":\"https:\/\/web.consaguirre.com.ar\/noticias\/la-banda-sonora-de-la-pelicula-original-desplegable-llega-al-vinilo\/#breadcrumb\"},\"inLanguage\":\"es-AR\",\"potentialAction\":[{\"@type\":\"ReadAction\",\"target\":[\"https:\/\/web.consaguirre.com.ar\/noticias\/la-banda-sonora-de-la-pelicula-original-desplegable-llega-al-vinilo\/\"]}]},{\"@type\":\"ImageObject\",\"inLanguage\":\"es-AR\",\"@id\":\"https:\/\/web.consaguirre.com.ar\/noticias\/la-banda-sonora-de-la-pelicula-original-desplegable-llega-al-vinilo\/#primaryimage\",\"url\":\"https:\/\/web.consaguirre.com.ar\/noticias\/wp-content\/uploads\/2025\/05\/La-banda-sonora-de-la-pelicula-original-desplegable-llega-al.jpg\",\"contentUrl\":\"https:\/\/web.consaguirre.com.ar\/noticias\/wp-content\/uploads\/2025\/05\/La-banda-sonora-de-la-pelicula-original-desplegable-llega-al.jpg\",\"width\":1280,\"height\":1280,\"caption\":\"La banda sonora de la pel\u00edcula original 'desplegable' llega al vinilo\"},{\"@type\":\"BreadcrumbList\",\"@id\":\"https:\/\/web.consaguirre.com.ar\/noticias\/la-banda-sonora-de-la-pelicula-original-desplegable-llega-al-vinilo\/#breadcrumb\",\"itemListElement\":[{\"@type\":\"ListItem\",\"position\":1,\"name\":\"Inicio\",\"item\":\"https:\/\/web.consaguirre.com.ar\/noticias\/\"},{\"@type\":\"ListItem\",\"position\":2,\"name\":\"La banda sonora de la pel\u00edcula original &#8216;desplegable&#8217; llega al vinilo\"}]},{\"@type\":\"WebSite\",\"@id\":\"https:\/\/web.consaguirre.com.ar\/noticias\/#website\",\"url\":\"https:\/\/web.consaguirre.com.ar\/noticias\/\",\"name\":\"Conservatorio de M\u00fasica Juli\u00e1n Aguirre\",\"description\":\"\",\"publisher\":{\"@id\":\"https:\/\/web.consaguirre.com.ar\/noticias\/#organization\"},\"potentialAction\":[{\"@type\":\"SearchAction\",\"target\":{\"@type\":\"EntryPoint\",\"urlTemplate\":\"https:\/\/web.consaguirre.com.ar\/noticias\/?s={search_term_string}\"},\"query-input\":\"required name=search_term_string\"}],\"inLanguage\":\"es-AR\"},{\"@type\":\"Organization\",\"@id\":\"https:\/\/web.consaguirre.com.ar\/noticias\/#organization\",\"name\":\"Conservatorio de M\u00fasica Juli\u00e1n Aguirre\",\"url\":\"https:\/\/web.consaguirre.com.ar\/noticias\/\",\"logo\":{\"@type\":\"ImageObject\",\"inLanguage\":\"es-AR\",\"@id\":\"https:\/\/web.consaguirre.com.ar\/noticias\/#\/schema\/logo\/image\/\",\"url\":\"https:\/\/web.consaguirre.com.ar\/noticias\/wp-content\/uploads\/2024\/08\/Banner-Aguirre-23.jpg\",\"contentUrl\":\"https:\/\/web.consaguirre.com.ar\/noticias\/wp-content\/uploads\/2024\/08\/Banner-Aguirre-23.jpg\",\"width\":1192,\"height\":600,\"caption\":\"Conservatorio de M\u00fasica Juli\u00e1n Aguirre\"},\"image\":{\"@id\":\"https:\/\/web.consaguirre.com.ar\/noticias\/#\/schema\/logo\/image\/\"}},{\"@type\":\"Person\",\"@id\":\"https:\/\/web.consaguirre.com.ar\/noticias\/#\/schema\/person\/6558b0cfedee7ddc5425602b237d5722\",\"name\":\"Javier Figueroa\",\"image\":{\"@type\":\"ImageObject\",\"inLanguage\":\"es-AR\",\"@id\":\"https:\/\/web.consaguirre.com.ar\/noticias\/#\/schema\/person\/image\/\",\"url\":\"https:\/\/web.consaguirre.com.ar\/noticias\/wp-content\/uploads\/2024\/08\/Consaguirre-scaled.jpg\",\"contentUrl\":\"https:\/\/web.consaguirre.com.ar\/noticias\/wp-content\/uploads\/2024\/08\/Consaguirre-scaled.jpg\",\"caption\":\"Javier Figueroa\"},\"description\":\"Me llamo Javier Figueroa y soy redactor para el sitio oficial del Conservatorio de M\u00fasica Juli\u00e1n Aguirre en Buenos Aires, consaguirre.com. Apasionado por la m\u00fasica y la escritura, me esfuerzo por destacar los talentos y eventos de nuestra prestigiosa instituci\u00f3n. Mi trayectoria se nutre de una profunda admiraci\u00f3n por los artistas, haciendo de cada art\u00edculo una celebraci\u00f3n de la creatividad y la cultura musical.\",\"sameAs\":[\"https:\/\/web.consaguirre.com.ar\/noticias\"]}]}<\/script>\n<!-- \/ Yoast SEO plugin. -->","yoast_head_json":{"title":"La banda sonora de la pel\u00edcula original 'desplegable' llega al vinilo","robots":{"index":"index","follow":"follow","max-snippet":"max-snippet:-1","max-image-preview":"max-image-preview:large","max-video-preview":"max-video-preview:-1"},"canonical":"https:\/\/web.consaguirre.com.ar\/noticias\/la-banda-sonora-de-la-pelicula-original-desplegable-llega-al-vinilo\/","og_locale":"es_ES","og_type":"article","og_title":"La banda sonora de la pel\u00edcula original 'desplegable' llega al vinilo","og_description":"La banda sonora de 1995 Despistado est\u00e1 listo para ser relanzado en vinilo. El anuncio es celebrar el 30 aniversario de la pel\u00edcula, protagonizada por","og_url":"https:\/\/web.consaguirre.com.ar\/noticias\/la-banda-sonora-de-la-pelicula-original-desplegable-llega-al-vinilo\/","og_site_name":"Conservatorio de M\u00fasica Juli\u00e1n Aguirre","article_published_time":"2025-05-17T06:39:19+00:00","article_modified_time":"2025-05-17T06:39:20+00:00","og_image":[{"width":1280,"height":1280,"url":"https:\/\/web.consaguirre.com.ar\/noticias\/wp-content\/uploads\/2025\/05\/La-banda-sonora-de-la-pelicula-original-desplegable-llega-al.jpg","type":"image\/jpeg"}],"author":"Javier Figueroa","twitter_card":"summary_large_image","twitter_misc":{"Escrito por":"Javier Figueroa","Tiempo de lectura":"1 minuto"},"schema":{"@context":"https:\/\/schema.org","@graph":[{"@type":"Article","@id":"https:\/\/web.consaguirre.com.ar\/noticias\/la-banda-sonora-de-la-pelicula-original-desplegable-llega-al-vinilo\/#article","isPartOf":{"@id":"https:\/\/web.consaguirre.com.ar\/noticias\/la-banda-sonora-de-la-pelicula-original-desplegable-llega-al-vinilo\/"},"author":{"name":"Javier Figueroa","@id":"https:\/\/web.consaguirre.com.ar\/noticias\/#\/schema\/person\/6558b0cfedee7ddc5425602b237d5722"},"headline":"La banda sonora de la pel\u00edcula original &#8216;desplegable&#8217; llega al vinilo","datePublished":"2025-05-17T06:39:19+00:00","dateModified":"2025-05-17T06:39:20+00:00","mainEntityOfPage":{"@id":"https:\/\/web.consaguirre.com.ar\/noticias\/la-banda-sonora-de-la-pelicula-original-desplegable-llega-al-vinilo\/"},"wordCount":301,"publisher":{"@id":"https:\/\/web.consaguirre.com.ar\/noticias\/#organization"},"image":{"@id":"https:\/\/web.consaguirre.com.ar\/noticias\/la-banda-sonora-de-la-pelicula-original-desplegable-llega-al-vinilo\/#primaryimage"},"thumbnailUrl":"https:\/\/web.consaguirre.com.ar\/noticias\/wp-content\/uploads\/2025\/05\/La-banda-sonora-de-la-pelicula-original-desplegable-llega-al.jpg","keywords":["banda","desplegable","llega","Original","pel\u00edcula","Sonora","vinilo"],"articleSection":["El \u00faltimo"],"inLanguage":"es-AR"},{"@type":"WebPage","@id":"https:\/\/web.consaguirre.com.ar\/noticias\/la-banda-sonora-de-la-pelicula-original-desplegable-llega-al-vinilo\/","url":"https:\/\/web.consaguirre.com.ar\/noticias\/la-banda-sonora-de-la-pelicula-original-desplegable-llega-al-vinilo\/","name":"La banda sonora de la pel\u00edcula original 'desplegable' llega al vinilo","isPartOf":{"@id":"https:\/\/web.consaguirre.com.ar\/noticias\/#website"},"primaryImageOfPage":{"@id":"https:\/\/web.consaguirre.com.ar\/noticias\/la-banda-sonora-de-la-pelicula-original-desplegable-llega-al-vinilo\/#primaryimage"},"image":{"@id":"https:\/\/web.consaguirre.com.ar\/noticias\/la-banda-sonora-de-la-pelicula-original-desplegable-llega-al-vinilo\/#primaryimage"},"thumbnailUrl":"https:\/\/web.consaguirre.com.ar\/noticias\/wp-content\/uploads\/2025\/05\/La-banda-sonora-de-la-pelicula-original-desplegable-llega-al.jpg","datePublished":"2025-05-17T06:39:19+00:00","dateModified":"2025-05-17T06:39:20+00:00","breadcrumb":{"@id":"https:\/\/web.consaguirre.com.ar\/noticias\/la-banda-sonora-de-la-pelicula-original-desplegable-llega-al-vinilo\/#breadcrumb"},"inLanguage":"es-AR","potentialAction":[{"@type":"ReadAction","target":["https:\/\/web.consaguirre.com.ar\/noticias\/la-banda-sonora-de-la-pelicula-original-desplegable-llega-al-vinilo\/"]}]},{"@type":"ImageObject","inLanguage":"es-AR","@id":"https:\/\/web.consaguirre.com.ar\/noticias\/la-banda-sonora-de-la-pelicula-original-desplegable-llega-al-vinilo\/#primaryimage","url":"https:\/\/web.consaguirre.com.ar\/noticias\/wp-content\/uploads\/2025\/05\/La-banda-sonora-de-la-pelicula-original-desplegable-llega-al.jpg","contentUrl":"https:\/\/web.consaguirre.com.ar\/noticias\/wp-content\/uploads\/2025\/05\/La-banda-sonora-de-la-pelicula-original-desplegable-llega-al.jpg","width":1280,"height":1280,"caption":"La banda sonora de la pel\u00edcula original 'desplegable' llega al vinilo"},{"@type":"BreadcrumbList","@id":"https:\/\/web.consaguirre.com.ar\/noticias\/la-banda-sonora-de-la-pelicula-original-desplegable-llega-al-vinilo\/#breadcrumb","itemListElement":[{"@type":"ListItem","position":1,"name":"Inicio","item":"https:\/\/web.consaguirre.com.ar\/noticias\/"},{"@type":"ListItem","position":2,"name":"La banda sonora de la pel\u00edcula original &#8216;desplegable&#8217; llega al vinilo"}]},{"@type":"WebSite","@id":"https:\/\/web.consaguirre.com.ar\/noticias\/#website","url":"https:\/\/web.consaguirre.com.ar\/noticias\/","name":"Conservatorio de M\u00fasica Juli\u00e1n Aguirre","description":"","publisher":{"@id":"https:\/\/web.consaguirre.com.ar\/noticias\/#organization"},"potentialAction":[{"@type":"SearchAction","target":{"@type":"EntryPoint","urlTemplate":"https:\/\/web.consaguirre.com.ar\/noticias\/?s={search_term_string}"},"query-input":"required name=search_term_string"}],"inLanguage":"es-AR"},{"@type":"Organization","@id":"https:\/\/web.consaguirre.com.ar\/noticias\/#organization","name":"Conservatorio de M\u00fasica Juli\u00e1n Aguirre","url":"https:\/\/web.consaguirre.com.ar\/noticias\/","logo":{"@type":"ImageObject","inLanguage":"es-AR","@id":"https:\/\/web.consaguirre.com.ar\/noticias\/#\/schema\/logo\/image\/","url":"https:\/\/web.consaguirre.com.ar\/noticias\/wp-content\/uploads\/2024\/08\/Banner-Aguirre-23.jpg","contentUrl":"https:\/\/web.consaguirre.com.ar\/noticias\/wp-content\/uploads\/2024\/08\/Banner-Aguirre-23.jpg","width":1192,"height":600,"caption":"Conservatorio de M\u00fasica Juli\u00e1n Aguirre"},"image":{"@id":"https:\/\/web.consaguirre.com.ar\/noticias\/#\/schema\/logo\/image\/"}},{"@type":"Person","@id":"https:\/\/web.consaguirre.com.ar\/noticias\/#\/schema\/person\/6558b0cfedee7ddc5425602b237d5722","name":"Javier Figueroa","image":{"@type":"ImageObject","inLanguage":"es-AR","@id":"https:\/\/web.consaguirre.com.ar\/noticias\/#\/schema\/person\/image\/","url":"https:\/\/web.consaguirre.com.ar\/noticias\/wp-content\/uploads\/2024\/08\/Consaguirre-scaled.jpg","contentUrl":"https:\/\/web.consaguirre.com.ar\/noticias\/wp-content\/uploads\/2024\/08\/Consaguirre-scaled.jpg","caption":"Javier Figueroa"},"description":"Me llamo Javier Figueroa y soy redactor para el sitio oficial del Conservatorio de M\u00fasica Juli\u00e1n Aguirre en Buenos Aires, consaguirre.com. Apasionado por la m\u00fasica y la escritura, me esfuerzo por destacar los talentos y eventos de nuestra prestigiosa instituci\u00f3n. Mi trayectoria se nutre de una profunda admiraci\u00f3n por los artistas, haciendo de cada art\u00edculo una celebraci\u00f3n de la creatividad y la cultura musical.","sameAs":["https:\/\/web.consaguirre.com.ar\/noticias"]}]}},"_links":{"self":[{"href":"https:\/\/web.consaguirre.com.ar\/noticias\/wp-json\/wp\/v2\/posts\/2682"}],"collection":[{"href":"https:\/\/web.consaguirre.com.ar\/noticias\/wp-json\/wp\/v2\/posts"}],"about":[{"href":"https:\/\/web.consaguirre.com.ar\/noticias\/wp-json\/wp\/v2\/types\/post"}],"author":[{"embeddable":true,"href":"https:\/\/web.consaguirre.com.ar\/noticias\/wp-json\/wp\/v2\/users\/1"}],"replies":[{"embeddable":true,"href":"https:\/\/web.consaguirre.com.ar\/noticias\/wp-json\/wp\/v2\/comments?post=2682"}],"version-history":[{"count":1,"href":"https:\/\/web.consaguirre.com.ar\/noticias\/wp-json\/wp\/v2\/posts\/2682\/revisions"}],"predecessor-version":[{"id":2684,"href":"https:\/\/web.consaguirre.com.ar\/noticias\/wp-json\/wp\/v2\/posts\/2682\/revisions\/2684"}],"wp:featuredmedia":[{"embeddable":true,"href":"https:\/\/web.consaguirre.com.ar\/noticias\/wp-json\/wp\/v2\/media\/2683"}],"wp:attachment":[{"href":"https:\/\/web.consaguirre.com.ar\/noticias\/wp-json\/wp\/v2\/media?parent=2682"}],"wp:term":[{"taxonomy":"category","embeddable":true,"href":"https:\/\/web.consaguirre.com.ar\/noticias\/wp-json\/wp\/v2\/categories?post=2682"},{"taxonomy":"post_tag","embeddable":true,"href":"https:\/\/web.consaguirre.com.ar\/noticias\/wp-json\/wp\/v2\/tags?post=2682"}],"curies":[{"name":"wp","href":"https:\/\/api.w.org\/{rel}","templated":true}]}}