{"id":2679,"date":"2025-05-17T00:43:53","date_gmt":"2025-05-17T03:43:53","guid":{"rendered":"https:\/\/web.consaguirre.com.ar\/noticias\/el-static-silence-de-los-domingos-recibe-reedicion-de-vinilo\/"},"modified":"2025-05-17T00:43:54","modified_gmt":"2025-05-17T03:43:54","slug":"el-static-silence-de-los-domingos-recibe-reedicion-de-vinilo","status":"publish","type":"post","link":"https:\/\/web.consaguirre.com.ar\/noticias\/el-static-silence-de-los-domingos-recibe-reedicion-de-vinilo\/","title":{"rendered":"El &#8221; Static &#038; Silence &#8216;de los domingos recibe reedici\u00f3n de vinilo"},"content":{"rendered":"<p><strong>Los domingos<\/strong>&#8216;Celebrado 1997 Dream Pop Classic, <strong><em>Est\u00e1tica y silencio<\/em><\/strong>ya est\u00e1 fuera como una edici\u00f3n de vinilo negro de 140 gramos de 1LP, remasterizada por Justin Perkins en Mystery Room Mastering. Este relanzamiento de vinilo viene con una manga impresa con forrado de poli con letras originales del \u00e1lbum.<\/p>\n<p>Lanzado originalmente en los Estados Unidos el 23 de septiembre de 1997, <em>Est\u00e1tica y silencio<\/em> es el tercer \u00e1lbum de la querida banda de los 90. El \u00e1lbum presenta a los singles &#8220;Summertime&#8221; y &#8220;Cry&#8221;, as\u00ed como otros favoritos de los fan\u00e1ticos &#8220;Monocrome&#8221;, &#8220;When I&#8217;m pensando en ti&#8221; y muchos otros.<\/p>\n<p>El tercer \u00e1lbum de la Ley de Indie-Pop se celebr\u00f3 al lanzarse, gracias a singles agudos como el &#8220;Summertime&#8221; mencionado anteriormente, que en realidad se inspir\u00f3 en varios de los amigos de las bandas que se unieron a un servicio de citas. En una funci\u00f3n de cartel archivada, la banda se\u00f1al\u00f3 que: &#8220;La gente realmente puede oprimirse con esa m\u00edtica imagen del romance, por lo que solo quer\u00edamos abordar de una manera ir\u00f3nica que la asociaci\u00f3n perfecta f\u00e1cilmente ganada es realmente un mito&#8221;. Un \u00e9xito entre los Top 20 del Reino Unido en 1997, la canci\u00f3n tambi\u00e9n actu\u00f3 fuertemente en todo el mundo y sigue siendo una de las canciones m\u00e1s queridas del domingo.<\/p>\n<p>En otra parte, en el &#8220;Cry&#8221; dirigido por la guitarra, la vocalista principal, Harriet Weaver, cuenta la historia de una relaci\u00f3n disuelta con su combinaci\u00f3n de honestidad y descriptores v\u00edvidos: &#8220;Y estoy parado en una plataforma\/ Ahora estoy mirando desde un tren\/ y todos los \u00e1rboles vuelven a aparecer, pero soy tan ajeno\/ a la oscuridad, a la luz\/ es el mismo&#8221;. &#8220;. Los sintetizadores proporcionan mucha munici\u00f3n emocional como ella agrega durante el pre-coro: &#8220;Me diste mucho\/ y ahora es de la tierra&#8221;.<\/p>\n<p><strong>Ordenar los domingos &#8216; <em>Est\u00e1tica y silencio<\/em> en vinilo ahora.<\/strong><\/p>\n","protected":false},"excerpt":{"rendered":"<p>Los domingos&#8216;Celebrado 1997 Dream Pop Classic, Est\u00e1tica y silencioya est\u00e1 fuera como una edici\u00f3n de vinilo negro de 140 gramos de 1LP, remasterizada por Justin<\/p>\n","protected":false},"author":1,"featured_media":2680,"comment_status":"closed","ping_status":"","sticky":false,"template":"","format":"standard","meta":{"footnotes":""},"categories":[50],"tags":[402,180,177,117,413,2522,87],"class_list":["post-2679","post","type-post","status-publish","format-standard","has-post-thumbnail","hentry","category-el-ultimo","tag-domingos","tag-los","tag-recibe","tag-reedicion","tag-silence","tag-static","tag-vinilo","generate-columns","tablet-grid-50","mobile-grid-100","grid-parent","grid-50"],"yoast_head":"<!-- This site is optimized with the Yoast SEO plugin v23.3 - https:\/\/yoast.com\/wordpress\/plugins\/seo\/ -->\n<title>El &#039;&#039; Static &amp; Silence &#039;de los domingos recibe reedici\u00f3n de vinilo<\/title>\n<meta name=\"robots\" content=\"index, follow, max-snippet:-1, max-image-preview:large, max-video-preview:-1\" \/>\n<link rel=\"canonical\" href=\"https:\/\/web.consaguirre.com.ar\/noticias\/el-static-silence-de-los-domingos-recibe-reedicion-de-vinilo\/\" \/>\n<meta property=\"og:locale\" content=\"es_ES\" \/>\n<meta property=\"og:type\" content=\"article\" \/>\n<meta property=\"og:title\" content=\"El &#039;&#039; Static &amp; Silence &#039;de los domingos recibe reedici\u00f3n de vinilo\" \/>\n<meta property=\"og:description\" content=\"Los domingos&#8216;Celebrado 1997 Dream Pop Classic, Est\u00e1tica y silencioya est\u00e1 fuera como una edici\u00f3n de vinilo negro de 140 gramos de 1LP, remasterizada por Justin\" \/>\n<meta property=\"og:url\" content=\"https:\/\/web.consaguirre.com.ar\/noticias\/el-static-silence-de-los-domingos-recibe-reedicion-de-vinilo\/\" \/>\n<meta property=\"og:site_name\" content=\"Conservatorio de M\u00fasica Juli\u00e1n Aguirre\" \/>\n<meta property=\"article:published_time\" content=\"2025-05-17T03:43:53+00:00\" \/>\n<meta property=\"article:modified_time\" content=\"2025-05-17T03:43:54+00:00\" \/>\n<meta property=\"og:image\" content=\"https:\/\/web.consaguirre.com.ar\/noticias\/wp-content\/uploads\/2025\/05\/El-Static-Silence-de-los-domingos-recibe-reedicion-de.jpg\" \/>\n\t<meta property=\"og:image:width\" content=\"1280\" \/>\n\t<meta property=\"og:image:height\" content=\"1280\" \/>\n\t<meta property=\"og:image:type\" content=\"image\/jpeg\" \/>\n<meta name=\"author\" content=\"Javier Figueroa\" \/>\n<meta name=\"twitter:card\" content=\"summary_large_image\" \/>\n<meta name=\"twitter:label1\" content=\"Escrito por\" \/>\n\t<meta name=\"twitter:data1\" content=\"Javier Figueroa\" \/>\n\t<meta name=\"twitter:label2\" content=\"Tiempo de lectura\" \/>\n\t<meta name=\"twitter:data2\" content=\"2 minutos\" \/>\n<script type=\"application\/ld+json\" class=\"yoast-schema-graph\">{\"@context\":\"https:\/\/schema.org\",\"@graph\":[{\"@type\":\"Article\",\"@id\":\"https:\/\/web.consaguirre.com.ar\/noticias\/el-static-silence-de-los-domingos-recibe-reedicion-de-vinilo\/#article\",\"isPartOf\":{\"@id\":\"https:\/\/web.consaguirre.com.ar\/noticias\/el-static-silence-de-los-domingos-recibe-reedicion-de-vinilo\/\"},\"author\":{\"name\":\"Javier Figueroa\",\"@id\":\"https:\/\/web.consaguirre.com.ar\/noticias\/#\/schema\/person\/6558b0cfedee7ddc5425602b237d5722\"},\"headline\":\"El &#8221; Static &#038; Silence &#8216;de los domingos recibe reedici\u00f3n de vinilo\",\"datePublished\":\"2025-05-17T03:43:53+00:00\",\"dateModified\":\"2025-05-17T03:43:54+00:00\",\"mainEntityOfPage\":{\"@id\":\"https:\/\/web.consaguirre.com.ar\/noticias\/el-static-silence-de-los-domingos-recibe-reedicion-de-vinilo\/\"},\"wordCount\":331,\"publisher\":{\"@id\":\"https:\/\/web.consaguirre.com.ar\/noticias\/#organization\"},\"image\":{\"@id\":\"https:\/\/web.consaguirre.com.ar\/noticias\/el-static-silence-de-los-domingos-recibe-reedicion-de-vinilo\/#primaryimage\"},\"thumbnailUrl\":\"https:\/\/web.consaguirre.com.ar\/noticias\/wp-content\/uploads\/2025\/05\/El-Static-Silence-de-los-domingos-recibe-reedicion-de.jpg\",\"keywords\":[\"Domingos\",\"los\",\"recibe\",\"reedici\u00f3n\",\"Silence\",\"Static\",\"vinilo\"],\"articleSection\":[\"El \u00faltimo\"],\"inLanguage\":\"es-AR\"},{\"@type\":\"WebPage\",\"@id\":\"https:\/\/web.consaguirre.com.ar\/noticias\/el-static-silence-de-los-domingos-recibe-reedicion-de-vinilo\/\",\"url\":\"https:\/\/web.consaguirre.com.ar\/noticias\/el-static-silence-de-los-domingos-recibe-reedicion-de-vinilo\/\",\"name\":\"El '' Static & Silence 'de los domingos recibe reedici\u00f3n de vinilo\",\"isPartOf\":{\"@id\":\"https:\/\/web.consaguirre.com.ar\/noticias\/#website\"},\"primaryImageOfPage\":{\"@id\":\"https:\/\/web.consaguirre.com.ar\/noticias\/el-static-silence-de-los-domingos-recibe-reedicion-de-vinilo\/#primaryimage\"},\"image\":{\"@id\":\"https:\/\/web.consaguirre.com.ar\/noticias\/el-static-silence-de-los-domingos-recibe-reedicion-de-vinilo\/#primaryimage\"},\"thumbnailUrl\":\"https:\/\/web.consaguirre.com.ar\/noticias\/wp-content\/uploads\/2025\/05\/El-Static-Silence-de-los-domingos-recibe-reedicion-de.jpg\",\"datePublished\":\"2025-05-17T03:43:53+00:00\",\"dateModified\":\"2025-05-17T03:43:54+00:00\",\"breadcrumb\":{\"@id\":\"https:\/\/web.consaguirre.com.ar\/noticias\/el-static-silence-de-los-domingos-recibe-reedicion-de-vinilo\/#breadcrumb\"},\"inLanguage\":\"es-AR\",\"potentialAction\":[{\"@type\":\"ReadAction\",\"target\":[\"https:\/\/web.consaguirre.com.ar\/noticias\/el-static-silence-de-los-domingos-recibe-reedicion-de-vinilo\/\"]}]},{\"@type\":\"ImageObject\",\"inLanguage\":\"es-AR\",\"@id\":\"https:\/\/web.consaguirre.com.ar\/noticias\/el-static-silence-de-los-domingos-recibe-reedicion-de-vinilo\/#primaryimage\",\"url\":\"https:\/\/web.consaguirre.com.ar\/noticias\/wp-content\/uploads\/2025\/05\/El-Static-Silence-de-los-domingos-recibe-reedicion-de.jpg\",\"contentUrl\":\"https:\/\/web.consaguirre.com.ar\/noticias\/wp-content\/uploads\/2025\/05\/El-Static-Silence-de-los-domingos-recibe-reedicion-de.jpg\",\"width\":1280,\"height\":1280,\"caption\":\"El '' Static & Silence 'de los domingos recibe reedici\u00f3n de vinilo\"},{\"@type\":\"BreadcrumbList\",\"@id\":\"https:\/\/web.consaguirre.com.ar\/noticias\/el-static-silence-de-los-domingos-recibe-reedicion-de-vinilo\/#breadcrumb\",\"itemListElement\":[{\"@type\":\"ListItem\",\"position\":1,\"name\":\"Inicio\",\"item\":\"https:\/\/web.consaguirre.com.ar\/noticias\/\"},{\"@type\":\"ListItem\",\"position\":2,\"name\":\"El &#8221; Static &#038; Silence &#8216;de los domingos recibe reedici\u00f3n de vinilo\"}]},{\"@type\":\"WebSite\",\"@id\":\"https:\/\/web.consaguirre.com.ar\/noticias\/#website\",\"url\":\"https:\/\/web.consaguirre.com.ar\/noticias\/\",\"name\":\"Conservatorio de M\u00fasica Juli\u00e1n Aguirre\",\"description\":\"\",\"publisher\":{\"@id\":\"https:\/\/web.consaguirre.com.ar\/noticias\/#organization\"},\"potentialAction\":[{\"@type\":\"SearchAction\",\"target\":{\"@type\":\"EntryPoint\",\"urlTemplate\":\"https:\/\/web.consaguirre.com.ar\/noticias\/?s={search_term_string}\"},\"query-input\":\"required name=search_term_string\"}],\"inLanguage\":\"es-AR\"},{\"@type\":\"Organization\",\"@id\":\"https:\/\/web.consaguirre.com.ar\/noticias\/#organization\",\"name\":\"Conservatorio de M\u00fasica Juli\u00e1n Aguirre\",\"url\":\"https:\/\/web.consaguirre.com.ar\/noticias\/\",\"logo\":{\"@type\":\"ImageObject\",\"inLanguage\":\"es-AR\",\"@id\":\"https:\/\/web.consaguirre.com.ar\/noticias\/#\/schema\/logo\/image\/\",\"url\":\"https:\/\/web.consaguirre.com.ar\/noticias\/wp-content\/uploads\/2024\/08\/Banner-Aguirre-23.jpg\",\"contentUrl\":\"https:\/\/web.consaguirre.com.ar\/noticias\/wp-content\/uploads\/2024\/08\/Banner-Aguirre-23.jpg\",\"width\":1192,\"height\":600,\"caption\":\"Conservatorio de M\u00fasica Juli\u00e1n Aguirre\"},\"image\":{\"@id\":\"https:\/\/web.consaguirre.com.ar\/noticias\/#\/schema\/logo\/image\/\"}},{\"@type\":\"Person\",\"@id\":\"https:\/\/web.consaguirre.com.ar\/noticias\/#\/schema\/person\/6558b0cfedee7ddc5425602b237d5722\",\"name\":\"Javier Figueroa\",\"image\":{\"@type\":\"ImageObject\",\"inLanguage\":\"es-AR\",\"@id\":\"https:\/\/web.consaguirre.com.ar\/noticias\/#\/schema\/person\/image\/\",\"url\":\"https:\/\/web.consaguirre.com.ar\/noticias\/wp-content\/uploads\/2024\/08\/Consaguirre-scaled.jpg\",\"contentUrl\":\"https:\/\/web.consaguirre.com.ar\/noticias\/wp-content\/uploads\/2024\/08\/Consaguirre-scaled.jpg\",\"caption\":\"Javier Figueroa\"},\"description\":\"Me llamo Javier Figueroa y soy redactor para el sitio oficial del Conservatorio de M\u00fasica Juli\u00e1n Aguirre en Buenos Aires, consaguirre.com. Apasionado por la m\u00fasica y la escritura, me esfuerzo por destacar los talentos y eventos de nuestra prestigiosa instituci\u00f3n. Mi trayectoria se nutre de una profunda admiraci\u00f3n por los artistas, haciendo de cada art\u00edculo una celebraci\u00f3n de la creatividad y la cultura musical.\",\"sameAs\":[\"https:\/\/web.consaguirre.com.ar\/noticias\"]}]}<\/script>\n<!-- \/ Yoast SEO plugin. -->","yoast_head_json":{"title":"El '' Static & Silence 'de los domingos recibe reedici\u00f3n de vinilo","robots":{"index":"index","follow":"follow","max-snippet":"max-snippet:-1","max-image-preview":"max-image-preview:large","max-video-preview":"max-video-preview:-1"},"canonical":"https:\/\/web.consaguirre.com.ar\/noticias\/el-static-silence-de-los-domingos-recibe-reedicion-de-vinilo\/","og_locale":"es_ES","og_type":"article","og_title":"El '' Static & Silence 'de los domingos recibe reedici\u00f3n de vinilo","og_description":"Los domingos&#8216;Celebrado 1997 Dream Pop Classic, Est\u00e1tica y silencioya est\u00e1 fuera como una edici\u00f3n de vinilo negro de 140 gramos de 1LP, remasterizada por Justin","og_url":"https:\/\/web.consaguirre.com.ar\/noticias\/el-static-silence-de-los-domingos-recibe-reedicion-de-vinilo\/","og_site_name":"Conservatorio de M\u00fasica Juli\u00e1n Aguirre","article_published_time":"2025-05-17T03:43:53+00:00","article_modified_time":"2025-05-17T03:43:54+00:00","og_image":[{"width":1280,"height":1280,"url":"https:\/\/web.consaguirre.com.ar\/noticias\/wp-content\/uploads\/2025\/05\/El-Static-Silence-de-los-domingos-recibe-reedicion-de.jpg","type":"image\/jpeg"}],"author":"Javier Figueroa","twitter_card":"summary_large_image","twitter_misc":{"Escrito por":"Javier Figueroa","Tiempo de lectura":"2 minutos"},"schema":{"@context":"https:\/\/schema.org","@graph":[{"@type":"Article","@id":"https:\/\/web.consaguirre.com.ar\/noticias\/el-static-silence-de-los-domingos-recibe-reedicion-de-vinilo\/#article","isPartOf":{"@id":"https:\/\/web.consaguirre.com.ar\/noticias\/el-static-silence-de-los-domingos-recibe-reedicion-de-vinilo\/"},"author":{"name":"Javier Figueroa","@id":"https:\/\/web.consaguirre.com.ar\/noticias\/#\/schema\/person\/6558b0cfedee7ddc5425602b237d5722"},"headline":"El &#8221; Static &#038; Silence &#8216;de los domingos recibe reedici\u00f3n de vinilo","datePublished":"2025-05-17T03:43:53+00:00","dateModified":"2025-05-17T03:43:54+00:00","mainEntityOfPage":{"@id":"https:\/\/web.consaguirre.com.ar\/noticias\/el-static-silence-de-los-domingos-recibe-reedicion-de-vinilo\/"},"wordCount":331,"publisher":{"@id":"https:\/\/web.consaguirre.com.ar\/noticias\/#organization"},"image":{"@id":"https:\/\/web.consaguirre.com.ar\/noticias\/el-static-silence-de-los-domingos-recibe-reedicion-de-vinilo\/#primaryimage"},"thumbnailUrl":"https:\/\/web.consaguirre.com.ar\/noticias\/wp-content\/uploads\/2025\/05\/El-Static-Silence-de-los-domingos-recibe-reedicion-de.jpg","keywords":["Domingos","los","recibe","reedici\u00f3n","Silence","Static","vinilo"],"articleSection":["El \u00faltimo"],"inLanguage":"es-AR"},{"@type":"WebPage","@id":"https:\/\/web.consaguirre.com.ar\/noticias\/el-static-silence-de-los-domingos-recibe-reedicion-de-vinilo\/","url":"https:\/\/web.consaguirre.com.ar\/noticias\/el-static-silence-de-los-domingos-recibe-reedicion-de-vinilo\/","name":"El '' Static & Silence 'de los domingos recibe reedici\u00f3n de vinilo","isPartOf":{"@id":"https:\/\/web.consaguirre.com.ar\/noticias\/#website"},"primaryImageOfPage":{"@id":"https:\/\/web.consaguirre.com.ar\/noticias\/el-static-silence-de-los-domingos-recibe-reedicion-de-vinilo\/#primaryimage"},"image":{"@id":"https:\/\/web.consaguirre.com.ar\/noticias\/el-static-silence-de-los-domingos-recibe-reedicion-de-vinilo\/#primaryimage"},"thumbnailUrl":"https:\/\/web.consaguirre.com.ar\/noticias\/wp-content\/uploads\/2025\/05\/El-Static-Silence-de-los-domingos-recibe-reedicion-de.jpg","datePublished":"2025-05-17T03:43:53+00:00","dateModified":"2025-05-17T03:43:54+00:00","breadcrumb":{"@id":"https:\/\/web.consaguirre.com.ar\/noticias\/el-static-silence-de-los-domingos-recibe-reedicion-de-vinilo\/#breadcrumb"},"inLanguage":"es-AR","potentialAction":[{"@type":"ReadAction","target":["https:\/\/web.consaguirre.com.ar\/noticias\/el-static-silence-de-los-domingos-recibe-reedicion-de-vinilo\/"]}]},{"@type":"ImageObject","inLanguage":"es-AR","@id":"https:\/\/web.consaguirre.com.ar\/noticias\/el-static-silence-de-los-domingos-recibe-reedicion-de-vinilo\/#primaryimage","url":"https:\/\/web.consaguirre.com.ar\/noticias\/wp-content\/uploads\/2025\/05\/El-Static-Silence-de-los-domingos-recibe-reedicion-de.jpg","contentUrl":"https:\/\/web.consaguirre.com.ar\/noticias\/wp-content\/uploads\/2025\/05\/El-Static-Silence-de-los-domingos-recibe-reedicion-de.jpg","width":1280,"height":1280,"caption":"El '' Static & Silence 'de los domingos recibe reedici\u00f3n de vinilo"},{"@type":"BreadcrumbList","@id":"https:\/\/web.consaguirre.com.ar\/noticias\/el-static-silence-de-los-domingos-recibe-reedicion-de-vinilo\/#breadcrumb","itemListElement":[{"@type":"ListItem","position":1,"name":"Inicio","item":"https:\/\/web.consaguirre.com.ar\/noticias\/"},{"@type":"ListItem","position":2,"name":"El &#8221; Static &#038; Silence &#8216;de los domingos recibe reedici\u00f3n de vinilo"}]},{"@type":"WebSite","@id":"https:\/\/web.consaguirre.com.ar\/noticias\/#website","url":"https:\/\/web.consaguirre.com.ar\/noticias\/","name":"Conservatorio de M\u00fasica Juli\u00e1n Aguirre","description":"","publisher":{"@id":"https:\/\/web.consaguirre.com.ar\/noticias\/#organization"},"potentialAction":[{"@type":"SearchAction","target":{"@type":"EntryPoint","urlTemplate":"https:\/\/web.consaguirre.com.ar\/noticias\/?s={search_term_string}"},"query-input":"required name=search_term_string"}],"inLanguage":"es-AR"},{"@type":"Organization","@id":"https:\/\/web.consaguirre.com.ar\/noticias\/#organization","name":"Conservatorio de M\u00fasica Juli\u00e1n Aguirre","url":"https:\/\/web.consaguirre.com.ar\/noticias\/","logo":{"@type":"ImageObject","inLanguage":"es-AR","@id":"https:\/\/web.consaguirre.com.ar\/noticias\/#\/schema\/logo\/image\/","url":"https:\/\/web.consaguirre.com.ar\/noticias\/wp-content\/uploads\/2024\/08\/Banner-Aguirre-23.jpg","contentUrl":"https:\/\/web.consaguirre.com.ar\/noticias\/wp-content\/uploads\/2024\/08\/Banner-Aguirre-23.jpg","width":1192,"height":600,"caption":"Conservatorio de M\u00fasica Juli\u00e1n Aguirre"},"image":{"@id":"https:\/\/web.consaguirre.com.ar\/noticias\/#\/schema\/logo\/image\/"}},{"@type":"Person","@id":"https:\/\/web.consaguirre.com.ar\/noticias\/#\/schema\/person\/6558b0cfedee7ddc5425602b237d5722","name":"Javier Figueroa","image":{"@type":"ImageObject","inLanguage":"es-AR","@id":"https:\/\/web.consaguirre.com.ar\/noticias\/#\/schema\/person\/image\/","url":"https:\/\/web.consaguirre.com.ar\/noticias\/wp-content\/uploads\/2024\/08\/Consaguirre-scaled.jpg","contentUrl":"https:\/\/web.consaguirre.com.ar\/noticias\/wp-content\/uploads\/2024\/08\/Consaguirre-scaled.jpg","caption":"Javier Figueroa"},"description":"Me llamo Javier Figueroa y soy redactor para el sitio oficial del Conservatorio de M\u00fasica Juli\u00e1n Aguirre en Buenos Aires, consaguirre.com. Apasionado por la m\u00fasica y la escritura, me esfuerzo por destacar los talentos y eventos de nuestra prestigiosa instituci\u00f3n. Mi trayectoria se nutre de una profunda admiraci\u00f3n por los artistas, haciendo de cada art\u00edculo una celebraci\u00f3n de la creatividad y la cultura musical.","sameAs":["https:\/\/web.consaguirre.com.ar\/noticias"]}]}},"_links":{"self":[{"href":"https:\/\/web.consaguirre.com.ar\/noticias\/wp-json\/wp\/v2\/posts\/2679"}],"collection":[{"href":"https:\/\/web.consaguirre.com.ar\/noticias\/wp-json\/wp\/v2\/posts"}],"about":[{"href":"https:\/\/web.consaguirre.com.ar\/noticias\/wp-json\/wp\/v2\/types\/post"}],"author":[{"embeddable":true,"href":"https:\/\/web.consaguirre.com.ar\/noticias\/wp-json\/wp\/v2\/users\/1"}],"replies":[{"embeddable":true,"href":"https:\/\/web.consaguirre.com.ar\/noticias\/wp-json\/wp\/v2\/comments?post=2679"}],"version-history":[{"count":1,"href":"https:\/\/web.consaguirre.com.ar\/noticias\/wp-json\/wp\/v2\/posts\/2679\/revisions"}],"predecessor-version":[{"id":2681,"href":"https:\/\/web.consaguirre.com.ar\/noticias\/wp-json\/wp\/v2\/posts\/2679\/revisions\/2681"}],"wp:featuredmedia":[{"embeddable":true,"href":"https:\/\/web.consaguirre.com.ar\/noticias\/wp-json\/wp\/v2\/media\/2680"}],"wp:attachment":[{"href":"https:\/\/web.consaguirre.com.ar\/noticias\/wp-json\/wp\/v2\/media?parent=2679"}],"wp:term":[{"taxonomy":"category","embeddable":true,"href":"https:\/\/web.consaguirre.com.ar\/noticias\/wp-json\/wp\/v2\/categories?post=2679"},{"taxonomy":"post_tag","embeddable":true,"href":"https:\/\/web.consaguirre.com.ar\/noticias\/wp-json\/wp\/v2\/tags?post=2679"}],"curies":[{"name":"wp","href":"https:\/\/api.w.org\/{rel}","templated":true}]}}