{"id":2652,"date":"2025-05-14T18:38:43","date_gmt":"2025-05-14T21:38:43","guid":{"rendered":"https:\/\/web.consaguirre.com.ar\/noticias\/kali-uchis-anuncia-una-gira-de-arena-en-apoyo-del-nuevo-album-sincerely\/"},"modified":"2025-05-14T18:38:44","modified_gmt":"2025-05-14T21:38:44","slug":"kali-uchis-anuncia-una-gira-de-arena-en-apoyo-del-nuevo-album-sincerely","status":"publish","type":"post","link":"https:\/\/web.consaguirre.com.ar\/noticias\/kali-uchis-anuncia-una-gira-de-arena-en-apoyo-del-nuevo-album-sincerely\/","title":{"rendered":"Kali Uchis anuncia una gira de arena en apoyo del nuevo \u00e1lbum &#8216;Sincerely&#8217;,"},"content":{"rendered":"<p><strong>Kali Uchis<\/strong> ha anunciado que saldr\u00e1 a la carretera en apoyo de su quinto \u00e1lbum de estudio recientemente lanzado, <em>Atentamente,<\/em> que est\u00e1 disponible ahora a trav\u00e9s de Capitol Records. La gira Sincerely, una carrera en la arena de 24 ciudades de Am\u00e9rica del Norte, abarca el 14 de agosto en Portland, o, en Moda Center. Uchis visitar\u00e1 ciudades principales como Los \u00c1ngeles, Nueva York, Miami, Toronto y Chicago, entre otras, antes de concluir el 25 de septiembre en Ball Arena en Denver, co.<\/p>\n<p>Uni\u00e9ndose a Uchis en todas las fechas se encuentran las almas sagradas, la banda de 11 piezas de San Diego cuyo sonido vintage les ha valido una base de fan\u00e1ticos devotos. Los boletos estar\u00e1n disponibles a partir de varias preventas a partir del mi\u00e9rcoles 14 de mayo a las 10 am hora local. Las preventas adicionales se realizar\u00e1n durante toda la semana antes de la venta general a partir del viernes 16 de mayo a las 10 am hora local a trav\u00e9s de <strong>Sitio web oficial de Kali Uchis<\/strong>.<\/p>\n<p><em>Atentamente,<\/em> que se lanz\u00f3 el 9 de mayo, es un \u00e1lbum que Uchis considera su trabajo m\u00e1s \u00edntimo y vulnerable hasta la fecha. El disco de 14 pistas es un testimonio de las maravillas curativas del amor profundo, y una impresionante encapsulaci\u00f3n de la forma en que detalla su mundo en el formato de la canci\u00f3n.<\/p>\n<div class=\"uD-YT-container\"><img decoding=\"async\" src=\"https:\/\/web.consaguirre.com.ar\/noticias\/wp-content\/uploads\/2025\/05\/1747258723_171_Kali-Uchis-anuncia-una-gira-de-arena-en-apoyo-del.jpg\" alt=\"Video de YouTube\"><br \/>Haga clic para cargar video<\/div>\n<p>Escrito y ejecutivo producido por Uchis, <em>Atentamente,<\/em> Lleg\u00f3 junto a un video musical oficial para el single &#8220;Todo lo que puedo decir&#8221;. The Visual es una pieza de rendimiento cinematogr\u00e1fica dirigida por Bethany Vargas, inspirada por Classic Film Noir y la d\u00e9cada de 1950, preparando el escenario inteligentemente para que Uchis se transforme en una estrella de cine de la Edad de Oro.<\/p>\n<p>En <strong>Una entrevista reciente con el AP<\/strong>Uchis habl\u00f3 sobre los or\u00edgenes del proyecto, particularmente c\u00f3mo lleg\u00f3 a <em>Atentamente,<\/em> por el t\u00edtulo del \u00e1lbum. Ella explic\u00f3: &#8220;En un momento, pens\u00e9: &#8216;Me asegurar\u00e9 de que cada una de estas canciones sea como, esta es mi carta al mundo, esta es mi carta a esta persona, esta mi carta a eso, esta para m\u00ed&#8217;. Trat\u00e9 de conceptualizar realmente de una manera diferente que nunca lo he hecho al hacer ning\u00fan otro \u00e1lbum.<\/p>\n<p><strong>Ordene Kali Uchis &#8216; <em>Atentamente,<\/em> ahora.<\/strong><\/p>\n","protected":false},"excerpt":{"rendered":"<p>Kali Uchis ha anunciado que saldr\u00e1 a la carretera en apoyo de su quinto \u00e1lbum de estudio recientemente lanzado, Atentamente, que est\u00e1 disponible ahora a<\/p>\n","protected":false},"author":1,"featured_media":2653,"comment_status":"closed","ping_status":"","sticky":false,"template":"","format":"standard","meta":{"footnotes":""},"categories":[50],"tags":[147,56,2504,2503,10,492,2229,146,2505,2230,191],"class_list":["post-2652","post","type-post","status-publish","format-standard","has-post-thumbnail","hentry","category-el-ultimo","tag-album","tag-anuncia","tag-apoyo","tag-arena","tag-del","tag-gira","tag-kali","tag-nuevo","tag-sincerely","tag-uchis","tag-una","generate-columns","tablet-grid-50","mobile-grid-100","grid-parent","grid-50"],"yoast_head":"<!-- This site is optimized with the Yoast SEO plugin v23.3 - https:\/\/yoast.com\/wordpress\/plugins\/seo\/ -->\n<title>Kali Uchis anuncia una gira de arena en apoyo del nuevo \u00e1lbum &#039;Sincerely&#039;,<\/title>\n<meta name=\"robots\" content=\"index, follow, max-snippet:-1, max-image-preview:large, max-video-preview:-1\" \/>\n<link rel=\"canonical\" href=\"https:\/\/web.consaguirre.com.ar\/noticias\/kali-uchis-anuncia-una-gira-de-arena-en-apoyo-del-nuevo-album-sincerely\/\" \/>\n<meta property=\"og:locale\" content=\"es_ES\" \/>\n<meta property=\"og:type\" content=\"article\" \/>\n<meta property=\"og:title\" content=\"Kali Uchis anuncia una gira de arena en apoyo del nuevo \u00e1lbum &#039;Sincerely&#039;,\" \/>\n<meta property=\"og:description\" content=\"Kali Uchis ha anunciado que saldr\u00e1 a la carretera en apoyo de su quinto \u00e1lbum de estudio recientemente lanzado, Atentamente, que est\u00e1 disponible ahora a\" \/>\n<meta property=\"og:url\" content=\"https:\/\/web.consaguirre.com.ar\/noticias\/kali-uchis-anuncia-una-gira-de-arena-en-apoyo-del-nuevo-album-sincerely\/\" \/>\n<meta property=\"og:site_name\" content=\"Conservatorio de M\u00fasica Juli\u00e1n Aguirre\" \/>\n<meta property=\"article:published_time\" content=\"2025-05-14T21:38:43+00:00\" \/>\n<meta property=\"article:modified_time\" content=\"2025-05-14T21:38:44+00:00\" \/>\n<meta property=\"og:image\" content=\"https:\/\/web.consaguirre.com.ar\/noticias\/wp-content\/uploads\/2025\/05\/Kali-Uchis-anuncia-una-gira-de-arena-en-apoyo-del.jpg\" \/>\n\t<meta property=\"og:image:width\" content=\"1280\" \/>\n\t<meta property=\"og:image:height\" content=\"1280\" \/>\n\t<meta property=\"og:image:type\" content=\"image\/jpeg\" \/>\n<meta name=\"author\" content=\"Javier Figueroa\" \/>\n<meta name=\"twitter:card\" content=\"summary_large_image\" \/>\n<meta name=\"twitter:label1\" content=\"Escrito por\" \/>\n\t<meta name=\"twitter:data1\" content=\"Javier Figueroa\" \/>\n\t<meta name=\"twitter:label2\" content=\"Tiempo de lectura\" \/>\n\t<meta name=\"twitter:data2\" content=\"2 minutos\" \/>\n<script type=\"application\/ld+json\" class=\"yoast-schema-graph\">{\"@context\":\"https:\/\/schema.org\",\"@graph\":[{\"@type\":\"Article\",\"@id\":\"https:\/\/web.consaguirre.com.ar\/noticias\/kali-uchis-anuncia-una-gira-de-arena-en-apoyo-del-nuevo-album-sincerely\/#article\",\"isPartOf\":{\"@id\":\"https:\/\/web.consaguirre.com.ar\/noticias\/kali-uchis-anuncia-una-gira-de-arena-en-apoyo-del-nuevo-album-sincerely\/\"},\"author\":{\"name\":\"Javier Figueroa\",\"@id\":\"https:\/\/web.consaguirre.com.ar\/noticias\/#\/schema\/person\/6558b0cfedee7ddc5425602b237d5722\"},\"headline\":\"Kali Uchis anuncia una gira de arena en apoyo del nuevo \u00e1lbum &#8216;Sincerely&#8217;,\",\"datePublished\":\"2025-05-14T21:38:43+00:00\",\"dateModified\":\"2025-05-14T21:38:44+00:00\",\"mainEntityOfPage\":{\"@id\":\"https:\/\/web.consaguirre.com.ar\/noticias\/kali-uchis-anuncia-una-gira-de-arena-en-apoyo-del-nuevo-album-sincerely\/\"},\"wordCount\":399,\"publisher\":{\"@id\":\"https:\/\/web.consaguirre.com.ar\/noticias\/#organization\"},\"image\":{\"@id\":\"https:\/\/web.consaguirre.com.ar\/noticias\/kali-uchis-anuncia-una-gira-de-arena-en-apoyo-del-nuevo-album-sincerely\/#primaryimage\"},\"thumbnailUrl\":\"https:\/\/web.consaguirre.com.ar\/noticias\/wp-content\/uploads\/2025\/05\/Kali-Uchis-anuncia-una-gira-de-arena-en-apoyo-del.jpg\",\"keywords\":[\"\u00e1lbum\",\"anuncia\",\"apoyo\",\"arena\",\"del\",\"gira\",\"Kali\",\"nuevo\",\"Sincerely\",\"Uchis\",\"una\"],\"articleSection\":[\"El \u00faltimo\"],\"inLanguage\":\"es-AR\"},{\"@type\":\"WebPage\",\"@id\":\"https:\/\/web.consaguirre.com.ar\/noticias\/kali-uchis-anuncia-una-gira-de-arena-en-apoyo-del-nuevo-album-sincerely\/\",\"url\":\"https:\/\/web.consaguirre.com.ar\/noticias\/kali-uchis-anuncia-una-gira-de-arena-en-apoyo-del-nuevo-album-sincerely\/\",\"name\":\"Kali Uchis anuncia una gira de arena en apoyo del nuevo \u00e1lbum 'Sincerely',\",\"isPartOf\":{\"@id\":\"https:\/\/web.consaguirre.com.ar\/noticias\/#website\"},\"primaryImageOfPage\":{\"@id\":\"https:\/\/web.consaguirre.com.ar\/noticias\/kali-uchis-anuncia-una-gira-de-arena-en-apoyo-del-nuevo-album-sincerely\/#primaryimage\"},\"image\":{\"@id\":\"https:\/\/web.consaguirre.com.ar\/noticias\/kali-uchis-anuncia-una-gira-de-arena-en-apoyo-del-nuevo-album-sincerely\/#primaryimage\"},\"thumbnailUrl\":\"https:\/\/web.consaguirre.com.ar\/noticias\/wp-content\/uploads\/2025\/05\/Kali-Uchis-anuncia-una-gira-de-arena-en-apoyo-del.jpg\",\"datePublished\":\"2025-05-14T21:38:43+00:00\",\"dateModified\":\"2025-05-14T21:38:44+00:00\",\"breadcrumb\":{\"@id\":\"https:\/\/web.consaguirre.com.ar\/noticias\/kali-uchis-anuncia-una-gira-de-arena-en-apoyo-del-nuevo-album-sincerely\/#breadcrumb\"},\"inLanguage\":\"es-AR\",\"potentialAction\":[{\"@type\":\"ReadAction\",\"target\":[\"https:\/\/web.consaguirre.com.ar\/noticias\/kali-uchis-anuncia-una-gira-de-arena-en-apoyo-del-nuevo-album-sincerely\/\"]}]},{\"@type\":\"ImageObject\",\"inLanguage\":\"es-AR\",\"@id\":\"https:\/\/web.consaguirre.com.ar\/noticias\/kali-uchis-anuncia-una-gira-de-arena-en-apoyo-del-nuevo-album-sincerely\/#primaryimage\",\"url\":\"https:\/\/web.consaguirre.com.ar\/noticias\/wp-content\/uploads\/2025\/05\/Kali-Uchis-anuncia-una-gira-de-arena-en-apoyo-del.jpg\",\"contentUrl\":\"https:\/\/web.consaguirre.com.ar\/noticias\/wp-content\/uploads\/2025\/05\/Kali-Uchis-anuncia-una-gira-de-arena-en-apoyo-del.jpg\",\"width\":1280,\"height\":1280,\"caption\":\"Kali Uchis anuncia una gira de arena en apoyo del nuevo \u00e1lbum 'Sincerely',\"},{\"@type\":\"BreadcrumbList\",\"@id\":\"https:\/\/web.consaguirre.com.ar\/noticias\/kali-uchis-anuncia-una-gira-de-arena-en-apoyo-del-nuevo-album-sincerely\/#breadcrumb\",\"itemListElement\":[{\"@type\":\"ListItem\",\"position\":1,\"name\":\"Inicio\",\"item\":\"https:\/\/web.consaguirre.com.ar\/noticias\/\"},{\"@type\":\"ListItem\",\"position\":2,\"name\":\"Kali Uchis anuncia una gira de arena en apoyo del nuevo \u00e1lbum &#8216;Sincerely&#8217;,\"}]},{\"@type\":\"WebSite\",\"@id\":\"https:\/\/web.consaguirre.com.ar\/noticias\/#website\",\"url\":\"https:\/\/web.consaguirre.com.ar\/noticias\/\",\"name\":\"Conservatorio de M\u00fasica Juli\u00e1n Aguirre\",\"description\":\"\",\"publisher\":{\"@id\":\"https:\/\/web.consaguirre.com.ar\/noticias\/#organization\"},\"potentialAction\":[{\"@type\":\"SearchAction\",\"target\":{\"@type\":\"EntryPoint\",\"urlTemplate\":\"https:\/\/web.consaguirre.com.ar\/noticias\/?s={search_term_string}\"},\"query-input\":\"required name=search_term_string\"}],\"inLanguage\":\"es-AR\"},{\"@type\":\"Organization\",\"@id\":\"https:\/\/web.consaguirre.com.ar\/noticias\/#organization\",\"name\":\"Conservatorio de M\u00fasica Juli\u00e1n Aguirre\",\"url\":\"https:\/\/web.consaguirre.com.ar\/noticias\/\",\"logo\":{\"@type\":\"ImageObject\",\"inLanguage\":\"es-AR\",\"@id\":\"https:\/\/web.consaguirre.com.ar\/noticias\/#\/schema\/logo\/image\/\",\"url\":\"https:\/\/web.consaguirre.com.ar\/noticias\/wp-content\/uploads\/2024\/08\/Banner-Aguirre-23.jpg\",\"contentUrl\":\"https:\/\/web.consaguirre.com.ar\/noticias\/wp-content\/uploads\/2024\/08\/Banner-Aguirre-23.jpg\",\"width\":1192,\"height\":600,\"caption\":\"Conservatorio de M\u00fasica Juli\u00e1n Aguirre\"},\"image\":{\"@id\":\"https:\/\/web.consaguirre.com.ar\/noticias\/#\/schema\/logo\/image\/\"}},{\"@type\":\"Person\",\"@id\":\"https:\/\/web.consaguirre.com.ar\/noticias\/#\/schema\/person\/6558b0cfedee7ddc5425602b237d5722\",\"name\":\"Javier Figueroa\",\"image\":{\"@type\":\"ImageObject\",\"inLanguage\":\"es-AR\",\"@id\":\"https:\/\/web.consaguirre.com.ar\/noticias\/#\/schema\/person\/image\/\",\"url\":\"https:\/\/web.consaguirre.com.ar\/noticias\/wp-content\/uploads\/2024\/08\/Consaguirre-scaled.jpg\",\"contentUrl\":\"https:\/\/web.consaguirre.com.ar\/noticias\/wp-content\/uploads\/2024\/08\/Consaguirre-scaled.jpg\",\"caption\":\"Javier Figueroa\"},\"description\":\"Me llamo Javier Figueroa y soy redactor para el sitio oficial del Conservatorio de M\u00fasica Juli\u00e1n Aguirre en Buenos Aires, consaguirre.com. Apasionado por la m\u00fasica y la escritura, me esfuerzo por destacar los talentos y eventos de nuestra prestigiosa instituci\u00f3n. Mi trayectoria se nutre de una profunda admiraci\u00f3n por los artistas, haciendo de cada art\u00edculo una celebraci\u00f3n de la creatividad y la cultura musical.\",\"sameAs\":[\"https:\/\/web.consaguirre.com.ar\/noticias\"]}]}<\/script>\n<!-- \/ Yoast SEO plugin. -->","yoast_head_json":{"title":"Kali Uchis anuncia una gira de arena en apoyo del nuevo \u00e1lbum 'Sincerely',","robots":{"index":"index","follow":"follow","max-snippet":"max-snippet:-1","max-image-preview":"max-image-preview:large","max-video-preview":"max-video-preview:-1"},"canonical":"https:\/\/web.consaguirre.com.ar\/noticias\/kali-uchis-anuncia-una-gira-de-arena-en-apoyo-del-nuevo-album-sincerely\/","og_locale":"es_ES","og_type":"article","og_title":"Kali Uchis anuncia una gira de arena en apoyo del nuevo \u00e1lbum 'Sincerely',","og_description":"Kali Uchis ha anunciado que saldr\u00e1 a la carretera en apoyo de su quinto \u00e1lbum de estudio recientemente lanzado, Atentamente, que est\u00e1 disponible ahora a","og_url":"https:\/\/web.consaguirre.com.ar\/noticias\/kali-uchis-anuncia-una-gira-de-arena-en-apoyo-del-nuevo-album-sincerely\/","og_site_name":"Conservatorio de M\u00fasica Juli\u00e1n Aguirre","article_published_time":"2025-05-14T21:38:43+00:00","article_modified_time":"2025-05-14T21:38:44+00:00","og_image":[{"width":1280,"height":1280,"url":"https:\/\/web.consaguirre.com.ar\/noticias\/wp-content\/uploads\/2025\/05\/Kali-Uchis-anuncia-una-gira-de-arena-en-apoyo-del.jpg","type":"image\/jpeg"}],"author":"Javier Figueroa","twitter_card":"summary_large_image","twitter_misc":{"Escrito por":"Javier Figueroa","Tiempo de lectura":"2 minutos"},"schema":{"@context":"https:\/\/schema.org","@graph":[{"@type":"Article","@id":"https:\/\/web.consaguirre.com.ar\/noticias\/kali-uchis-anuncia-una-gira-de-arena-en-apoyo-del-nuevo-album-sincerely\/#article","isPartOf":{"@id":"https:\/\/web.consaguirre.com.ar\/noticias\/kali-uchis-anuncia-una-gira-de-arena-en-apoyo-del-nuevo-album-sincerely\/"},"author":{"name":"Javier Figueroa","@id":"https:\/\/web.consaguirre.com.ar\/noticias\/#\/schema\/person\/6558b0cfedee7ddc5425602b237d5722"},"headline":"Kali Uchis anuncia una gira de arena en apoyo del nuevo \u00e1lbum &#8216;Sincerely&#8217;,","datePublished":"2025-05-14T21:38:43+00:00","dateModified":"2025-05-14T21:38:44+00:00","mainEntityOfPage":{"@id":"https:\/\/web.consaguirre.com.ar\/noticias\/kali-uchis-anuncia-una-gira-de-arena-en-apoyo-del-nuevo-album-sincerely\/"},"wordCount":399,"publisher":{"@id":"https:\/\/web.consaguirre.com.ar\/noticias\/#organization"},"image":{"@id":"https:\/\/web.consaguirre.com.ar\/noticias\/kali-uchis-anuncia-una-gira-de-arena-en-apoyo-del-nuevo-album-sincerely\/#primaryimage"},"thumbnailUrl":"https:\/\/web.consaguirre.com.ar\/noticias\/wp-content\/uploads\/2025\/05\/Kali-Uchis-anuncia-una-gira-de-arena-en-apoyo-del.jpg","keywords":["\u00e1lbum","anuncia","apoyo","arena","del","gira","Kali","nuevo","Sincerely","Uchis","una"],"articleSection":["El \u00faltimo"],"inLanguage":"es-AR"},{"@type":"WebPage","@id":"https:\/\/web.consaguirre.com.ar\/noticias\/kali-uchis-anuncia-una-gira-de-arena-en-apoyo-del-nuevo-album-sincerely\/","url":"https:\/\/web.consaguirre.com.ar\/noticias\/kali-uchis-anuncia-una-gira-de-arena-en-apoyo-del-nuevo-album-sincerely\/","name":"Kali Uchis anuncia una gira de arena en apoyo del nuevo \u00e1lbum 'Sincerely',","isPartOf":{"@id":"https:\/\/web.consaguirre.com.ar\/noticias\/#website"},"primaryImageOfPage":{"@id":"https:\/\/web.consaguirre.com.ar\/noticias\/kali-uchis-anuncia-una-gira-de-arena-en-apoyo-del-nuevo-album-sincerely\/#primaryimage"},"image":{"@id":"https:\/\/web.consaguirre.com.ar\/noticias\/kali-uchis-anuncia-una-gira-de-arena-en-apoyo-del-nuevo-album-sincerely\/#primaryimage"},"thumbnailUrl":"https:\/\/web.consaguirre.com.ar\/noticias\/wp-content\/uploads\/2025\/05\/Kali-Uchis-anuncia-una-gira-de-arena-en-apoyo-del.jpg","datePublished":"2025-05-14T21:38:43+00:00","dateModified":"2025-05-14T21:38:44+00:00","breadcrumb":{"@id":"https:\/\/web.consaguirre.com.ar\/noticias\/kali-uchis-anuncia-una-gira-de-arena-en-apoyo-del-nuevo-album-sincerely\/#breadcrumb"},"inLanguage":"es-AR","potentialAction":[{"@type":"ReadAction","target":["https:\/\/web.consaguirre.com.ar\/noticias\/kali-uchis-anuncia-una-gira-de-arena-en-apoyo-del-nuevo-album-sincerely\/"]}]},{"@type":"ImageObject","inLanguage":"es-AR","@id":"https:\/\/web.consaguirre.com.ar\/noticias\/kali-uchis-anuncia-una-gira-de-arena-en-apoyo-del-nuevo-album-sincerely\/#primaryimage","url":"https:\/\/web.consaguirre.com.ar\/noticias\/wp-content\/uploads\/2025\/05\/Kali-Uchis-anuncia-una-gira-de-arena-en-apoyo-del.jpg","contentUrl":"https:\/\/web.consaguirre.com.ar\/noticias\/wp-content\/uploads\/2025\/05\/Kali-Uchis-anuncia-una-gira-de-arena-en-apoyo-del.jpg","width":1280,"height":1280,"caption":"Kali Uchis anuncia una gira de arena en apoyo del nuevo \u00e1lbum 'Sincerely',"},{"@type":"BreadcrumbList","@id":"https:\/\/web.consaguirre.com.ar\/noticias\/kali-uchis-anuncia-una-gira-de-arena-en-apoyo-del-nuevo-album-sincerely\/#breadcrumb","itemListElement":[{"@type":"ListItem","position":1,"name":"Inicio","item":"https:\/\/web.consaguirre.com.ar\/noticias\/"},{"@type":"ListItem","position":2,"name":"Kali Uchis anuncia una gira de arena en apoyo del nuevo \u00e1lbum &#8216;Sincerely&#8217;,"}]},{"@type":"WebSite","@id":"https:\/\/web.consaguirre.com.ar\/noticias\/#website","url":"https:\/\/web.consaguirre.com.ar\/noticias\/","name":"Conservatorio de M\u00fasica Juli\u00e1n Aguirre","description":"","publisher":{"@id":"https:\/\/web.consaguirre.com.ar\/noticias\/#organization"},"potentialAction":[{"@type":"SearchAction","target":{"@type":"EntryPoint","urlTemplate":"https:\/\/web.consaguirre.com.ar\/noticias\/?s={search_term_string}"},"query-input":"required name=search_term_string"}],"inLanguage":"es-AR"},{"@type":"Organization","@id":"https:\/\/web.consaguirre.com.ar\/noticias\/#organization","name":"Conservatorio de M\u00fasica Juli\u00e1n Aguirre","url":"https:\/\/web.consaguirre.com.ar\/noticias\/","logo":{"@type":"ImageObject","inLanguage":"es-AR","@id":"https:\/\/web.consaguirre.com.ar\/noticias\/#\/schema\/logo\/image\/","url":"https:\/\/web.consaguirre.com.ar\/noticias\/wp-content\/uploads\/2024\/08\/Banner-Aguirre-23.jpg","contentUrl":"https:\/\/web.consaguirre.com.ar\/noticias\/wp-content\/uploads\/2024\/08\/Banner-Aguirre-23.jpg","width":1192,"height":600,"caption":"Conservatorio de M\u00fasica Juli\u00e1n Aguirre"},"image":{"@id":"https:\/\/web.consaguirre.com.ar\/noticias\/#\/schema\/logo\/image\/"}},{"@type":"Person","@id":"https:\/\/web.consaguirre.com.ar\/noticias\/#\/schema\/person\/6558b0cfedee7ddc5425602b237d5722","name":"Javier Figueroa","image":{"@type":"ImageObject","inLanguage":"es-AR","@id":"https:\/\/web.consaguirre.com.ar\/noticias\/#\/schema\/person\/image\/","url":"https:\/\/web.consaguirre.com.ar\/noticias\/wp-content\/uploads\/2024\/08\/Consaguirre-scaled.jpg","contentUrl":"https:\/\/web.consaguirre.com.ar\/noticias\/wp-content\/uploads\/2024\/08\/Consaguirre-scaled.jpg","caption":"Javier Figueroa"},"description":"Me llamo Javier Figueroa y soy redactor para el sitio oficial del Conservatorio de M\u00fasica Juli\u00e1n Aguirre en Buenos Aires, consaguirre.com. Apasionado por la m\u00fasica y la escritura, me esfuerzo por destacar los talentos y eventos de nuestra prestigiosa instituci\u00f3n. Mi trayectoria se nutre de una profunda admiraci\u00f3n por los artistas, haciendo de cada art\u00edculo una celebraci\u00f3n de la creatividad y la cultura musical.","sameAs":["https:\/\/web.consaguirre.com.ar\/noticias"]}]}},"_links":{"self":[{"href":"https:\/\/web.consaguirre.com.ar\/noticias\/wp-json\/wp\/v2\/posts\/2652"}],"collection":[{"href":"https:\/\/web.consaguirre.com.ar\/noticias\/wp-json\/wp\/v2\/posts"}],"about":[{"href":"https:\/\/web.consaguirre.com.ar\/noticias\/wp-json\/wp\/v2\/types\/post"}],"author":[{"embeddable":true,"href":"https:\/\/web.consaguirre.com.ar\/noticias\/wp-json\/wp\/v2\/users\/1"}],"replies":[{"embeddable":true,"href":"https:\/\/web.consaguirre.com.ar\/noticias\/wp-json\/wp\/v2\/comments?post=2652"}],"version-history":[{"count":1,"href":"https:\/\/web.consaguirre.com.ar\/noticias\/wp-json\/wp\/v2\/posts\/2652\/revisions"}],"predecessor-version":[{"id":2654,"href":"https:\/\/web.consaguirre.com.ar\/noticias\/wp-json\/wp\/v2\/posts\/2652\/revisions\/2654"}],"wp:featuredmedia":[{"embeddable":true,"href":"https:\/\/web.consaguirre.com.ar\/noticias\/wp-json\/wp\/v2\/media\/2653"}],"wp:attachment":[{"href":"https:\/\/web.consaguirre.com.ar\/noticias\/wp-json\/wp\/v2\/media?parent=2652"}],"wp:term":[{"taxonomy":"category","embeddable":true,"href":"https:\/\/web.consaguirre.com.ar\/noticias\/wp-json\/wp\/v2\/categories?post=2652"},{"taxonomy":"post_tag","embeddable":true,"href":"https:\/\/web.consaguirre.com.ar\/noticias\/wp-json\/wp\/v2\/tags?post=2652"}],"curies":[{"name":"wp","href":"https:\/\/api.w.org\/{rel}","templated":true}]}}