{"id":2649,"date":"2025-05-14T15:40:18","date_gmt":"2025-05-14T18:40:18","guid":{"rendered":"https:\/\/web.consaguirre.com.ar\/noticias\/leon-thomas-anuncia-heel-deluxe-edition-del-album-de-segundo-ano-mutt\/"},"modified":"2025-05-14T15:40:19","modified_gmt":"2025-05-14T18:40:19","slug":"leon-thomas-anuncia-heel-deluxe-edition-del-album-de-segundo-ano-mutt","status":"publish","type":"post","link":"https:\/\/web.consaguirre.com.ar\/noticias\/leon-thomas-anuncia-heel-deluxe-edition-del-album-de-segundo-ano-mutt\/","title":{"rendered":"Leon Thomas anuncia &#8216;Heel,&#8217; Deluxe Edition del \u00e1lbum de segundo a\u00f1o &#8216;Mutt&#8217;"},"content":{"rendered":"<p><strong>Leon Thomas<\/strong> ha anunciado que seguir\u00e1 su famoso \u00e1lbum de segundo a\u00f1o 2024, <em>CHUCHO<\/em>con una edici\u00f3n de lujo expandida titulada <em>TAC\u00d3N<\/em>. La colecci\u00f3n actualizada llegar\u00e1 el 30 de mayo a trav\u00e9s de Ezmny\/Motown Records.<\/p>\n<p>Colaboradores en <em>TAC\u00d3N<\/em> incluir kehlani, <strong>Big Sean<\/strong>Halle, y m\u00e1s. &#8220;<em>CHUCHO<\/em> siempre ha sido sobre adoptar la complejidad en el sonido, en la identidad, en la experiencia &#8220;, Leon comparte&#8221;.<em>TAC\u00d3N<\/em> Me estoy inclinando a\u00fan m\u00e1s en ese caos y encontrando belleza en \u00e9l &#8220;.<\/p>\n<p>Leon comenz\u00f3 a burlarse de la edici\u00f3n ampliada el mes pasado cuando comparti\u00f3 &#8220;Bet Be Sone&#8221;, que presenta a la artista y actriz mencionada anteriormente Halle. Mientras que los hilos de R&#038;B est\u00e1n al frente y al centro, Thomas muestra la evoluci\u00f3n del <em>CHUCHO<\/em> y <em>TAC\u00d3N<\/em> Era fusionando este sonido con las influencias del alma y el rock. L\u00edricamente, el artista es tan vulnerable como siempre. Thomas y Halle cantan durante el coro: &#8220;Prefiero estar solo, m\u00e1s bien estar solo\/ que en una casa rota\/ prefiero estar solo\/ preferir estar solo\/ tratar de hacer esto por los dos solo&#8221;.<\/p>\n<div class=\"uD-YT-container\"><img decoding=\"async\" src=\"https:\/\/web.consaguirre.com.ar\/noticias\/wp-content\/uploads\/2025\/05\/1747248018_926_Leon-Thomas-anuncia-Heel-Deluxe-Edition-del-album-de-segundo.jpg\" alt=\"Video de YouTube\"><br \/>Haga clic para cargar video<\/div>\n<p>Con colaboraciones con Ty Dolla $ ign, Freddie Gibbs, Wale y m\u00e1s, <em>CHUCHO<\/em> Explora todas las dimensiones del amor, desde los emocionantes m\u00e1ximos iniciales de la solter\u00eda hasta las complejidades de la intimidad emocional. Thomas tambi\u00e9n examina ideas de vulnerabilidad, fama, desapego emocional y la b\u00fasqueda de una conexi\u00f3n genuina.<\/p>\n<p><strong>En una entrevista de marzo con <em>Cartelera<\/em><\/strong>Thomas comparti\u00f3 algunas ideas sobre <em>TAC\u00d3N<\/em>y su papel como introducci\u00f3n sobre nuevos sonidos y estilos dentro de su arsenal. \u00c9l dijo: &#8220;Hay) lados para m\u00ed que a\u00fan no he mostrado el mundo, as\u00ed que los estoy alimentando con cuchara. Necesitas esconder el medicamento en el dulce. Este lujo es que me profundice en mi prop\u00f3sito&#8221;.<\/p>\n<p>La llegada pendiente de <em>TAC\u00d3N<\/em> Contin\u00faa esta emocionante era del viaje musical de Thomas, que recientemente incluy\u00f3 una peque\u00f1a actuaci\u00f3n viral de escritorio para apostar los asentimientos y &#8220;Mutt&#8221; que aument\u00f3 la tabla Hot 100.<\/p>\n<p><strong>Ordenar leon thomas &#8216; <em>TAC\u00d3N<\/em> ahora.<\/strong><\/p>\n","protected":false},"excerpt":{"rendered":"<p>Leon Thomas ha anunciado que seguir\u00e1 su famoso \u00e1lbum de segundo a\u00f1o 2024, CHUCHOcon una edici\u00f3n de lujo expandida titulada TAC\u00d3N. La colecci\u00f3n actualizada llegar\u00e1<\/p>\n","protected":false},"author":1,"featured_media":2650,"comment_status":"closed","ping_status":"","sticky":false,"template":"","format":"standard","meta":{"footnotes":""},"categories":[50],"tags":[147,470,56,10,547,85,2501,1966,2502,981,1158],"class_list":["post-2649","post","type-post","status-publish","format-standard","has-post-thumbnail","hentry","category-el-ultimo","tag-album","tag-ano","tag-anuncia","tag-del","tag-deluxe","tag-edition","tag-heel","tag-leon","tag-mutt","tag-segundo","tag-thomas","generate-columns","tablet-grid-50","mobile-grid-100","grid-parent","grid-50"],"yoast_head":"<!-- This site is optimized with the Yoast SEO plugin v23.3 - https:\/\/yoast.com\/wordpress\/plugins\/seo\/ -->\n<title>Leon Thomas anuncia &#039;Heel,&#039; Deluxe Edition del \u00e1lbum de segundo a\u00f1o &#039;Mutt&#039;<\/title>\n<meta name=\"robots\" content=\"index, follow, max-snippet:-1, max-image-preview:large, max-video-preview:-1\" \/>\n<link rel=\"canonical\" href=\"https:\/\/web.consaguirre.com.ar\/noticias\/leon-thomas-anuncia-heel-deluxe-edition-del-album-de-segundo-ano-mutt\/\" \/>\n<meta property=\"og:locale\" content=\"es_ES\" \/>\n<meta property=\"og:type\" content=\"article\" \/>\n<meta property=\"og:title\" content=\"Leon Thomas anuncia &#039;Heel,&#039; Deluxe Edition del \u00e1lbum de segundo a\u00f1o &#039;Mutt&#039;\" \/>\n<meta property=\"og:description\" content=\"Leon Thomas ha anunciado que seguir\u00e1 su famoso \u00e1lbum de segundo a\u00f1o 2024, CHUCHOcon una edici\u00f3n de lujo expandida titulada TAC\u00d3N. La colecci\u00f3n actualizada llegar\u00e1\" \/>\n<meta property=\"og:url\" content=\"https:\/\/web.consaguirre.com.ar\/noticias\/leon-thomas-anuncia-heel-deluxe-edition-del-album-de-segundo-ano-mutt\/\" \/>\n<meta property=\"og:site_name\" content=\"Conservatorio de M\u00fasica Juli\u00e1n Aguirre\" \/>\n<meta property=\"article:published_time\" content=\"2025-05-14T18:40:18+00:00\" \/>\n<meta property=\"article:modified_time\" content=\"2025-05-14T18:40:19+00:00\" \/>\n<meta property=\"og:image\" content=\"https:\/\/web.consaguirre.com.ar\/noticias\/wp-content\/uploads\/2025\/05\/Leon-Thomas-anuncia-Heel-Deluxe-Edition-del-album-de-segundo.jpg\" \/>\n\t<meta property=\"og:image:width\" content=\"1280\" \/>\n\t<meta property=\"og:image:height\" content=\"1280\" \/>\n\t<meta property=\"og:image:type\" content=\"image\/jpeg\" \/>\n<meta name=\"author\" content=\"Javier Figueroa\" \/>\n<meta name=\"twitter:card\" content=\"summary_large_image\" \/>\n<meta name=\"twitter:label1\" content=\"Escrito por\" \/>\n\t<meta name=\"twitter:data1\" content=\"Javier Figueroa\" \/>\n\t<meta name=\"twitter:label2\" content=\"Tiempo de lectura\" \/>\n\t<meta name=\"twitter:data2\" content=\"2 minutos\" \/>\n<script type=\"application\/ld+json\" class=\"yoast-schema-graph\">{\"@context\":\"https:\/\/schema.org\",\"@graph\":[{\"@type\":\"Article\",\"@id\":\"https:\/\/web.consaguirre.com.ar\/noticias\/leon-thomas-anuncia-heel-deluxe-edition-del-album-de-segundo-ano-mutt\/#article\",\"isPartOf\":{\"@id\":\"https:\/\/web.consaguirre.com.ar\/noticias\/leon-thomas-anuncia-heel-deluxe-edition-del-album-de-segundo-ano-mutt\/\"},\"author\":{\"name\":\"Javier Figueroa\",\"@id\":\"https:\/\/web.consaguirre.com.ar\/noticias\/#\/schema\/person\/6558b0cfedee7ddc5425602b237d5722\"},\"headline\":\"Leon Thomas anuncia &#8216;Heel,&#8217; Deluxe Edition del \u00e1lbum de segundo a\u00f1o &#8216;Mutt&#8217;\",\"datePublished\":\"2025-05-14T18:40:18+00:00\",\"dateModified\":\"2025-05-14T18:40:19+00:00\",\"mainEntityOfPage\":{\"@id\":\"https:\/\/web.consaguirre.com.ar\/noticias\/leon-thomas-anuncia-heel-deluxe-edition-del-album-de-segundo-ano-mutt\/\"},\"wordCount\":374,\"publisher\":{\"@id\":\"https:\/\/web.consaguirre.com.ar\/noticias\/#organization\"},\"image\":{\"@id\":\"https:\/\/web.consaguirre.com.ar\/noticias\/leon-thomas-anuncia-heel-deluxe-edition-del-album-de-segundo-ano-mutt\/#primaryimage\"},\"thumbnailUrl\":\"https:\/\/web.consaguirre.com.ar\/noticias\/wp-content\/uploads\/2025\/05\/Leon-Thomas-anuncia-Heel-Deluxe-Edition-del-album-de-segundo.jpg\",\"keywords\":[\"\u00e1lbum\",\"a\u00f1o\",\"anuncia\",\"del\",\"Deluxe\",\"Edition\",\"Heel\",\"Le\u00f3n\",\"Mutt\",\"segundo\",\"Thomas\"],\"articleSection\":[\"El \u00faltimo\"],\"inLanguage\":\"es-AR\"},{\"@type\":\"WebPage\",\"@id\":\"https:\/\/web.consaguirre.com.ar\/noticias\/leon-thomas-anuncia-heel-deluxe-edition-del-album-de-segundo-ano-mutt\/\",\"url\":\"https:\/\/web.consaguirre.com.ar\/noticias\/leon-thomas-anuncia-heel-deluxe-edition-del-album-de-segundo-ano-mutt\/\",\"name\":\"Leon Thomas anuncia 'Heel,' Deluxe Edition del \u00e1lbum de segundo a\u00f1o 'Mutt'\",\"isPartOf\":{\"@id\":\"https:\/\/web.consaguirre.com.ar\/noticias\/#website\"},\"primaryImageOfPage\":{\"@id\":\"https:\/\/web.consaguirre.com.ar\/noticias\/leon-thomas-anuncia-heel-deluxe-edition-del-album-de-segundo-ano-mutt\/#primaryimage\"},\"image\":{\"@id\":\"https:\/\/web.consaguirre.com.ar\/noticias\/leon-thomas-anuncia-heel-deluxe-edition-del-album-de-segundo-ano-mutt\/#primaryimage\"},\"thumbnailUrl\":\"https:\/\/web.consaguirre.com.ar\/noticias\/wp-content\/uploads\/2025\/05\/Leon-Thomas-anuncia-Heel-Deluxe-Edition-del-album-de-segundo.jpg\",\"datePublished\":\"2025-05-14T18:40:18+00:00\",\"dateModified\":\"2025-05-14T18:40:19+00:00\",\"breadcrumb\":{\"@id\":\"https:\/\/web.consaguirre.com.ar\/noticias\/leon-thomas-anuncia-heel-deluxe-edition-del-album-de-segundo-ano-mutt\/#breadcrumb\"},\"inLanguage\":\"es-AR\",\"potentialAction\":[{\"@type\":\"ReadAction\",\"target\":[\"https:\/\/web.consaguirre.com.ar\/noticias\/leon-thomas-anuncia-heel-deluxe-edition-del-album-de-segundo-ano-mutt\/\"]}]},{\"@type\":\"ImageObject\",\"inLanguage\":\"es-AR\",\"@id\":\"https:\/\/web.consaguirre.com.ar\/noticias\/leon-thomas-anuncia-heel-deluxe-edition-del-album-de-segundo-ano-mutt\/#primaryimage\",\"url\":\"https:\/\/web.consaguirre.com.ar\/noticias\/wp-content\/uploads\/2025\/05\/Leon-Thomas-anuncia-Heel-Deluxe-Edition-del-album-de-segundo.jpg\",\"contentUrl\":\"https:\/\/web.consaguirre.com.ar\/noticias\/wp-content\/uploads\/2025\/05\/Leon-Thomas-anuncia-Heel-Deluxe-Edition-del-album-de-segundo.jpg\",\"width\":1280,\"height\":1280,\"caption\":\"Leon Thomas anuncia 'Heel,' Deluxe Edition del \u00e1lbum de segundo a\u00f1o 'Mutt'\"},{\"@type\":\"BreadcrumbList\",\"@id\":\"https:\/\/web.consaguirre.com.ar\/noticias\/leon-thomas-anuncia-heel-deluxe-edition-del-album-de-segundo-ano-mutt\/#breadcrumb\",\"itemListElement\":[{\"@type\":\"ListItem\",\"position\":1,\"name\":\"Inicio\",\"item\":\"https:\/\/web.consaguirre.com.ar\/noticias\/\"},{\"@type\":\"ListItem\",\"position\":2,\"name\":\"Leon Thomas anuncia &#8216;Heel,&#8217; Deluxe Edition del \u00e1lbum de segundo a\u00f1o &#8216;Mutt&#8217;\"}]},{\"@type\":\"WebSite\",\"@id\":\"https:\/\/web.consaguirre.com.ar\/noticias\/#website\",\"url\":\"https:\/\/web.consaguirre.com.ar\/noticias\/\",\"name\":\"Conservatorio de M\u00fasica Juli\u00e1n Aguirre\",\"description\":\"\",\"publisher\":{\"@id\":\"https:\/\/web.consaguirre.com.ar\/noticias\/#organization\"},\"potentialAction\":[{\"@type\":\"SearchAction\",\"target\":{\"@type\":\"EntryPoint\",\"urlTemplate\":\"https:\/\/web.consaguirre.com.ar\/noticias\/?s={search_term_string}\"},\"query-input\":\"required name=search_term_string\"}],\"inLanguage\":\"es-AR\"},{\"@type\":\"Organization\",\"@id\":\"https:\/\/web.consaguirre.com.ar\/noticias\/#organization\",\"name\":\"Conservatorio de M\u00fasica Juli\u00e1n Aguirre\",\"url\":\"https:\/\/web.consaguirre.com.ar\/noticias\/\",\"logo\":{\"@type\":\"ImageObject\",\"inLanguage\":\"es-AR\",\"@id\":\"https:\/\/web.consaguirre.com.ar\/noticias\/#\/schema\/logo\/image\/\",\"url\":\"https:\/\/web.consaguirre.com.ar\/noticias\/wp-content\/uploads\/2024\/08\/Banner-Aguirre-23.jpg\",\"contentUrl\":\"https:\/\/web.consaguirre.com.ar\/noticias\/wp-content\/uploads\/2024\/08\/Banner-Aguirre-23.jpg\",\"width\":1192,\"height\":600,\"caption\":\"Conservatorio de M\u00fasica Juli\u00e1n Aguirre\"},\"image\":{\"@id\":\"https:\/\/web.consaguirre.com.ar\/noticias\/#\/schema\/logo\/image\/\"}},{\"@type\":\"Person\",\"@id\":\"https:\/\/web.consaguirre.com.ar\/noticias\/#\/schema\/person\/6558b0cfedee7ddc5425602b237d5722\",\"name\":\"Javier Figueroa\",\"image\":{\"@type\":\"ImageObject\",\"inLanguage\":\"es-AR\",\"@id\":\"https:\/\/web.consaguirre.com.ar\/noticias\/#\/schema\/person\/image\/\",\"url\":\"https:\/\/web.consaguirre.com.ar\/noticias\/wp-content\/uploads\/2024\/08\/Consaguirre-scaled.jpg\",\"contentUrl\":\"https:\/\/web.consaguirre.com.ar\/noticias\/wp-content\/uploads\/2024\/08\/Consaguirre-scaled.jpg\",\"caption\":\"Javier Figueroa\"},\"description\":\"Me llamo Javier Figueroa y soy redactor para el sitio oficial del Conservatorio de M\u00fasica Juli\u00e1n Aguirre en Buenos Aires, consaguirre.com. Apasionado por la m\u00fasica y la escritura, me esfuerzo por destacar los talentos y eventos de nuestra prestigiosa instituci\u00f3n. Mi trayectoria se nutre de una profunda admiraci\u00f3n por los artistas, haciendo de cada art\u00edculo una celebraci\u00f3n de la creatividad y la cultura musical.\",\"sameAs\":[\"https:\/\/web.consaguirre.com.ar\/noticias\"]}]}<\/script>\n<!-- \/ Yoast SEO plugin. -->","yoast_head_json":{"title":"Leon Thomas anuncia 'Heel,' Deluxe Edition del \u00e1lbum de segundo a\u00f1o 'Mutt'","robots":{"index":"index","follow":"follow","max-snippet":"max-snippet:-1","max-image-preview":"max-image-preview:large","max-video-preview":"max-video-preview:-1"},"canonical":"https:\/\/web.consaguirre.com.ar\/noticias\/leon-thomas-anuncia-heel-deluxe-edition-del-album-de-segundo-ano-mutt\/","og_locale":"es_ES","og_type":"article","og_title":"Leon Thomas anuncia 'Heel,' Deluxe Edition del \u00e1lbum de segundo a\u00f1o 'Mutt'","og_description":"Leon Thomas ha anunciado que seguir\u00e1 su famoso \u00e1lbum de segundo a\u00f1o 2024, CHUCHOcon una edici\u00f3n de lujo expandida titulada TAC\u00d3N. La colecci\u00f3n actualizada llegar\u00e1","og_url":"https:\/\/web.consaguirre.com.ar\/noticias\/leon-thomas-anuncia-heel-deluxe-edition-del-album-de-segundo-ano-mutt\/","og_site_name":"Conservatorio de M\u00fasica Juli\u00e1n Aguirre","article_published_time":"2025-05-14T18:40:18+00:00","article_modified_time":"2025-05-14T18:40:19+00:00","og_image":[{"width":1280,"height":1280,"url":"https:\/\/web.consaguirre.com.ar\/noticias\/wp-content\/uploads\/2025\/05\/Leon-Thomas-anuncia-Heel-Deluxe-Edition-del-album-de-segundo.jpg","type":"image\/jpeg"}],"author":"Javier Figueroa","twitter_card":"summary_large_image","twitter_misc":{"Escrito por":"Javier Figueroa","Tiempo de lectura":"2 minutos"},"schema":{"@context":"https:\/\/schema.org","@graph":[{"@type":"Article","@id":"https:\/\/web.consaguirre.com.ar\/noticias\/leon-thomas-anuncia-heel-deluxe-edition-del-album-de-segundo-ano-mutt\/#article","isPartOf":{"@id":"https:\/\/web.consaguirre.com.ar\/noticias\/leon-thomas-anuncia-heel-deluxe-edition-del-album-de-segundo-ano-mutt\/"},"author":{"name":"Javier Figueroa","@id":"https:\/\/web.consaguirre.com.ar\/noticias\/#\/schema\/person\/6558b0cfedee7ddc5425602b237d5722"},"headline":"Leon Thomas anuncia &#8216;Heel,&#8217; Deluxe Edition del \u00e1lbum de segundo a\u00f1o &#8216;Mutt&#8217;","datePublished":"2025-05-14T18:40:18+00:00","dateModified":"2025-05-14T18:40:19+00:00","mainEntityOfPage":{"@id":"https:\/\/web.consaguirre.com.ar\/noticias\/leon-thomas-anuncia-heel-deluxe-edition-del-album-de-segundo-ano-mutt\/"},"wordCount":374,"publisher":{"@id":"https:\/\/web.consaguirre.com.ar\/noticias\/#organization"},"image":{"@id":"https:\/\/web.consaguirre.com.ar\/noticias\/leon-thomas-anuncia-heel-deluxe-edition-del-album-de-segundo-ano-mutt\/#primaryimage"},"thumbnailUrl":"https:\/\/web.consaguirre.com.ar\/noticias\/wp-content\/uploads\/2025\/05\/Leon-Thomas-anuncia-Heel-Deluxe-Edition-del-album-de-segundo.jpg","keywords":["\u00e1lbum","a\u00f1o","anuncia","del","Deluxe","Edition","Heel","Le\u00f3n","Mutt","segundo","Thomas"],"articleSection":["El \u00faltimo"],"inLanguage":"es-AR"},{"@type":"WebPage","@id":"https:\/\/web.consaguirre.com.ar\/noticias\/leon-thomas-anuncia-heel-deluxe-edition-del-album-de-segundo-ano-mutt\/","url":"https:\/\/web.consaguirre.com.ar\/noticias\/leon-thomas-anuncia-heel-deluxe-edition-del-album-de-segundo-ano-mutt\/","name":"Leon Thomas anuncia 'Heel,' Deluxe Edition del \u00e1lbum de segundo a\u00f1o 'Mutt'","isPartOf":{"@id":"https:\/\/web.consaguirre.com.ar\/noticias\/#website"},"primaryImageOfPage":{"@id":"https:\/\/web.consaguirre.com.ar\/noticias\/leon-thomas-anuncia-heel-deluxe-edition-del-album-de-segundo-ano-mutt\/#primaryimage"},"image":{"@id":"https:\/\/web.consaguirre.com.ar\/noticias\/leon-thomas-anuncia-heel-deluxe-edition-del-album-de-segundo-ano-mutt\/#primaryimage"},"thumbnailUrl":"https:\/\/web.consaguirre.com.ar\/noticias\/wp-content\/uploads\/2025\/05\/Leon-Thomas-anuncia-Heel-Deluxe-Edition-del-album-de-segundo.jpg","datePublished":"2025-05-14T18:40:18+00:00","dateModified":"2025-05-14T18:40:19+00:00","breadcrumb":{"@id":"https:\/\/web.consaguirre.com.ar\/noticias\/leon-thomas-anuncia-heel-deluxe-edition-del-album-de-segundo-ano-mutt\/#breadcrumb"},"inLanguage":"es-AR","potentialAction":[{"@type":"ReadAction","target":["https:\/\/web.consaguirre.com.ar\/noticias\/leon-thomas-anuncia-heel-deluxe-edition-del-album-de-segundo-ano-mutt\/"]}]},{"@type":"ImageObject","inLanguage":"es-AR","@id":"https:\/\/web.consaguirre.com.ar\/noticias\/leon-thomas-anuncia-heel-deluxe-edition-del-album-de-segundo-ano-mutt\/#primaryimage","url":"https:\/\/web.consaguirre.com.ar\/noticias\/wp-content\/uploads\/2025\/05\/Leon-Thomas-anuncia-Heel-Deluxe-Edition-del-album-de-segundo.jpg","contentUrl":"https:\/\/web.consaguirre.com.ar\/noticias\/wp-content\/uploads\/2025\/05\/Leon-Thomas-anuncia-Heel-Deluxe-Edition-del-album-de-segundo.jpg","width":1280,"height":1280,"caption":"Leon Thomas anuncia 'Heel,' Deluxe Edition del \u00e1lbum de segundo a\u00f1o 'Mutt'"},{"@type":"BreadcrumbList","@id":"https:\/\/web.consaguirre.com.ar\/noticias\/leon-thomas-anuncia-heel-deluxe-edition-del-album-de-segundo-ano-mutt\/#breadcrumb","itemListElement":[{"@type":"ListItem","position":1,"name":"Inicio","item":"https:\/\/web.consaguirre.com.ar\/noticias\/"},{"@type":"ListItem","position":2,"name":"Leon Thomas anuncia &#8216;Heel,&#8217; Deluxe Edition del \u00e1lbum de segundo a\u00f1o &#8216;Mutt&#8217;"}]},{"@type":"WebSite","@id":"https:\/\/web.consaguirre.com.ar\/noticias\/#website","url":"https:\/\/web.consaguirre.com.ar\/noticias\/","name":"Conservatorio de M\u00fasica Juli\u00e1n Aguirre","description":"","publisher":{"@id":"https:\/\/web.consaguirre.com.ar\/noticias\/#organization"},"potentialAction":[{"@type":"SearchAction","target":{"@type":"EntryPoint","urlTemplate":"https:\/\/web.consaguirre.com.ar\/noticias\/?s={search_term_string}"},"query-input":"required name=search_term_string"}],"inLanguage":"es-AR"},{"@type":"Organization","@id":"https:\/\/web.consaguirre.com.ar\/noticias\/#organization","name":"Conservatorio de M\u00fasica Juli\u00e1n Aguirre","url":"https:\/\/web.consaguirre.com.ar\/noticias\/","logo":{"@type":"ImageObject","inLanguage":"es-AR","@id":"https:\/\/web.consaguirre.com.ar\/noticias\/#\/schema\/logo\/image\/","url":"https:\/\/web.consaguirre.com.ar\/noticias\/wp-content\/uploads\/2024\/08\/Banner-Aguirre-23.jpg","contentUrl":"https:\/\/web.consaguirre.com.ar\/noticias\/wp-content\/uploads\/2024\/08\/Banner-Aguirre-23.jpg","width":1192,"height":600,"caption":"Conservatorio de M\u00fasica Juli\u00e1n Aguirre"},"image":{"@id":"https:\/\/web.consaguirre.com.ar\/noticias\/#\/schema\/logo\/image\/"}},{"@type":"Person","@id":"https:\/\/web.consaguirre.com.ar\/noticias\/#\/schema\/person\/6558b0cfedee7ddc5425602b237d5722","name":"Javier Figueroa","image":{"@type":"ImageObject","inLanguage":"es-AR","@id":"https:\/\/web.consaguirre.com.ar\/noticias\/#\/schema\/person\/image\/","url":"https:\/\/web.consaguirre.com.ar\/noticias\/wp-content\/uploads\/2024\/08\/Consaguirre-scaled.jpg","contentUrl":"https:\/\/web.consaguirre.com.ar\/noticias\/wp-content\/uploads\/2024\/08\/Consaguirre-scaled.jpg","caption":"Javier Figueroa"},"description":"Me llamo Javier Figueroa y soy redactor para el sitio oficial del Conservatorio de M\u00fasica Juli\u00e1n Aguirre en Buenos Aires, consaguirre.com. Apasionado por la m\u00fasica y la escritura, me esfuerzo por destacar los talentos y eventos de nuestra prestigiosa instituci\u00f3n. Mi trayectoria se nutre de una profunda admiraci\u00f3n por los artistas, haciendo de cada art\u00edculo una celebraci\u00f3n de la creatividad y la cultura musical.","sameAs":["https:\/\/web.consaguirre.com.ar\/noticias"]}]}},"_links":{"self":[{"href":"https:\/\/web.consaguirre.com.ar\/noticias\/wp-json\/wp\/v2\/posts\/2649"}],"collection":[{"href":"https:\/\/web.consaguirre.com.ar\/noticias\/wp-json\/wp\/v2\/posts"}],"about":[{"href":"https:\/\/web.consaguirre.com.ar\/noticias\/wp-json\/wp\/v2\/types\/post"}],"author":[{"embeddable":true,"href":"https:\/\/web.consaguirre.com.ar\/noticias\/wp-json\/wp\/v2\/users\/1"}],"replies":[{"embeddable":true,"href":"https:\/\/web.consaguirre.com.ar\/noticias\/wp-json\/wp\/v2\/comments?post=2649"}],"version-history":[{"count":1,"href":"https:\/\/web.consaguirre.com.ar\/noticias\/wp-json\/wp\/v2\/posts\/2649\/revisions"}],"predecessor-version":[{"id":2651,"href":"https:\/\/web.consaguirre.com.ar\/noticias\/wp-json\/wp\/v2\/posts\/2649\/revisions\/2651"}],"wp:featuredmedia":[{"embeddable":true,"href":"https:\/\/web.consaguirre.com.ar\/noticias\/wp-json\/wp\/v2\/media\/2650"}],"wp:attachment":[{"href":"https:\/\/web.consaguirre.com.ar\/noticias\/wp-json\/wp\/v2\/media?parent=2649"}],"wp:term":[{"taxonomy":"category","embeddable":true,"href":"https:\/\/web.consaguirre.com.ar\/noticias\/wp-json\/wp\/v2\/categories?post=2649"},{"taxonomy":"post_tag","embeddable":true,"href":"https:\/\/web.consaguirre.com.ar\/noticias\/wp-json\/wp\/v2\/tags?post=2649"}],"curies":[{"name":"wp","href":"https:\/\/api.w.org\/{rel}","templated":true}]}}