{"id":2645,"date":"2025-05-13T18:38:11","date_gmt":"2025-05-13T21:38:11","guid":{"rendered":"https:\/\/web.consaguirre.com.ar\/noticias\/yusuf-cat-stevens-anuncia-memorias\/"},"modified":"2025-05-13T18:38:12","modified_gmt":"2025-05-13T21:38:12","slug":"yusuf-cat-stevens-anuncia-memorias","status":"publish","type":"post","link":"https:\/\/web.consaguirre.com.ar\/noticias\/yusuf-cat-stevens-anuncia-memorias\/","title":{"rendered":"Yusuf\/Cat Stevens anuncia memorias"},"content":{"rendered":"<p><strong>Yusuf\/Cat Stevens<\/strong> est\u00e1 listo para contar su historia. La tan esperada memoria del cantante y compositora, <em>Gato en el camino hacia el hallazgo<\/em>saldr\u00e1 este oto\u00f1o. El libro llega el 18 de septiembre en el Reino Unido a trav\u00e9s del agente y el 7 de octubre en Am\u00e9rica del Norte a trav\u00e9s de Publicaciones de Genesis.<\/p>\n<p>En <em>Gato en el camino hacia el hallazgo<\/em>El nativo de Londres, el nacido Steven Demetre Georgiou y ahora conocido como Yusuf Islam, trazar\u00e1 su camino musical y espiritual, llevando a los lectores detr\u00e1s de escena de los momentos m\u00e1s fundamentales de su vida. En los a\u00f1os 60 y 70, el folk-rocker se estableci\u00f3 como una de las voces principales en la m\u00fasica moderna a trav\u00e9s de canciones como &#8220;Matthew and Son&#8221;, &#8220;The First Cut es el m\u00e1s profundo&#8221;, &#8220;Wild World&#8221;, &#8220;Peace Train&#8221;, &#8220;Morning ha roto&#8221;, &#8220;Oh muy joven&#8221;, &#8220;Moonshadow&#8221;, &#8220;Otro s\u00e1bado por la noche&#8221;, y m\u00e1s. Su conversi\u00f3n de 1977 al Islam lo puso en una trayectoria completamente nueva, pero no lo retras\u00f3 creativamente ni atenu\u00f3 el entusiasmo de los millones que veneraron su m\u00fasica.<\/p>\n<div class=\"uD-YT-container\"><img decoding=\"async\" src=\"https:\/\/web.consaguirre.com.ar\/noticias\/wp-content\/uploads\/2025\/05\/1747172291_973_YusufCat-Stevens-anuncia-memorias.jpg\" alt=\"Video de YouTube\"><br \/>Haga clic para cargar video<\/div>\n<p>\u201cI&#8217;ve been on an amazing journey,\u201d Yusuf\/Cat Stevens says, \u201cwhich began in the narrow streets of London, and led me through the most iconic cities, to perform upon the great stage of Western culture, ascending the dizzying heights of wealth, recognition and artistic pinnacles; freely exploring vast ranges of religions and philosophies, wandering through churches, temples, all the way to the Holy abode in Jerusalem \u2014 Ignorando los mitos y las advertencias, y cruzar el coraz\u00f3n premiado y del desierto, para llegar a la casa de un Dios en Arabia Abrah\u00e1mica.<\/p>\n<p><em>Gato en el camino hacia el hallazgo<\/em> se publicar\u00e1 en varios formatos, incluidos Hardback, Ebook y un audiolibro narrado por el propio Yusuf\/Cat Stevens. Se dirigir\u00e1 en una gira de libros para promover la autobiograf\u00eda a finales de este a\u00f1o; El itinerario de la gira se anunciar\u00e1 en una fecha posterior.<\/p>\n<p><strong>Reg\u00edstrese en la preventa de artista ahora.<\/strong><\/p>\n","protected":false},"excerpt":{"rendered":"<p>Yusuf\/Cat Stevens est\u00e1 listo para contar su historia. La tan esperada memoria del cantante y compositora, Gato en el camino hacia el hallazgosaldr\u00e1 este oto\u00f1o.<\/p>\n","protected":false},"author":1,"featured_media":2646,"comment_status":"closed","ping_status":"","sticky":false,"template":"","format":"standard","meta":{"footnotes":""},"categories":[50],"tags":[56,712,1179,2500],"class_list":["post-2645","post","type-post","status-publish","format-standard","has-post-thumbnail","hentry","category-el-ultimo","tag-anuncia","tag-memorias","tag-stevens","tag-yusufcat","generate-columns","tablet-grid-50","mobile-grid-100","grid-parent","grid-50"],"yoast_head":"<!-- This site is optimized with the Yoast SEO plugin v23.3 - https:\/\/yoast.com\/wordpress\/plugins\/seo\/ -->\n<title>Yusuf\/Cat Stevens anuncia memorias<\/title>\n<meta name=\"robots\" content=\"index, follow, max-snippet:-1, max-image-preview:large, max-video-preview:-1\" \/>\n<link rel=\"canonical\" href=\"https:\/\/web.consaguirre.com.ar\/noticias\/yusuf-cat-stevens-anuncia-memorias\/\" \/>\n<meta property=\"og:locale\" content=\"es_ES\" \/>\n<meta property=\"og:type\" content=\"article\" \/>\n<meta property=\"og:title\" content=\"Yusuf\/Cat Stevens anuncia memorias\" \/>\n<meta property=\"og:description\" content=\"Yusuf\/Cat Stevens est\u00e1 listo para contar su historia. La tan esperada memoria del cantante y compositora, Gato en el camino hacia el hallazgosaldr\u00e1 este oto\u00f1o.\" \/>\n<meta property=\"og:url\" content=\"https:\/\/web.consaguirre.com.ar\/noticias\/yusuf-cat-stevens-anuncia-memorias\/\" \/>\n<meta property=\"og:site_name\" content=\"Conservatorio de M\u00fasica Juli\u00e1n Aguirre\" \/>\n<meta property=\"article:published_time\" content=\"2025-05-13T21:38:11+00:00\" \/>\n<meta property=\"article:modified_time\" content=\"2025-05-13T21:38:12+00:00\" \/>\n<meta property=\"og:image\" content=\"https:\/\/web.consaguirre.com.ar\/noticias\/wp-content\/uploads\/2025\/05\/YusufCat-Stevens-anuncia-memorias.jpg\" \/>\n\t<meta property=\"og:image:width\" content=\"1440\" \/>\n\t<meta property=\"og:image:height\" content=\"864\" \/>\n\t<meta property=\"og:image:type\" content=\"image\/jpeg\" \/>\n<meta name=\"author\" content=\"Javier Figueroa\" \/>\n<meta name=\"twitter:card\" content=\"summary_large_image\" \/>\n<meta name=\"twitter:label1\" content=\"Escrito por\" \/>\n\t<meta name=\"twitter:data1\" content=\"Javier Figueroa\" \/>\n\t<meta name=\"twitter:label2\" content=\"Tiempo de lectura\" \/>\n\t<meta name=\"twitter:data2\" content=\"2 minutos\" \/>\n<script type=\"application\/ld+json\" class=\"yoast-schema-graph\">{\"@context\":\"https:\/\/schema.org\",\"@graph\":[{\"@type\":\"Article\",\"@id\":\"https:\/\/web.consaguirre.com.ar\/noticias\/yusuf-cat-stevens-anuncia-memorias\/#article\",\"isPartOf\":{\"@id\":\"https:\/\/web.consaguirre.com.ar\/noticias\/yusuf-cat-stevens-anuncia-memorias\/\"},\"author\":{\"name\":\"Javier Figueroa\",\"@id\":\"https:\/\/web.consaguirre.com.ar\/noticias\/#\/schema\/person\/6558b0cfedee7ddc5425602b237d5722\"},\"headline\":\"Yusuf\/Cat Stevens anuncia memorias\",\"datePublished\":\"2025-05-13T21:38:11+00:00\",\"dateModified\":\"2025-05-13T21:38:12+00:00\",\"mainEntityOfPage\":{\"@id\":\"https:\/\/web.consaguirre.com.ar\/noticias\/yusuf-cat-stevens-anuncia-memorias\/\"},\"wordCount\":356,\"publisher\":{\"@id\":\"https:\/\/web.consaguirre.com.ar\/noticias\/#organization\"},\"image\":{\"@id\":\"https:\/\/web.consaguirre.com.ar\/noticias\/yusuf-cat-stevens-anuncia-memorias\/#primaryimage\"},\"thumbnailUrl\":\"https:\/\/web.consaguirre.com.ar\/noticias\/wp-content\/uploads\/2025\/05\/YusufCat-Stevens-anuncia-memorias.jpg\",\"keywords\":[\"anuncia\",\"memorias\",\"Stevens\",\"YusufCat\"],\"articleSection\":[\"El \u00faltimo\"],\"inLanguage\":\"es-AR\"},{\"@type\":\"WebPage\",\"@id\":\"https:\/\/web.consaguirre.com.ar\/noticias\/yusuf-cat-stevens-anuncia-memorias\/\",\"url\":\"https:\/\/web.consaguirre.com.ar\/noticias\/yusuf-cat-stevens-anuncia-memorias\/\",\"name\":\"Yusuf\/Cat Stevens anuncia memorias\",\"isPartOf\":{\"@id\":\"https:\/\/web.consaguirre.com.ar\/noticias\/#website\"},\"primaryImageOfPage\":{\"@id\":\"https:\/\/web.consaguirre.com.ar\/noticias\/yusuf-cat-stevens-anuncia-memorias\/#primaryimage\"},\"image\":{\"@id\":\"https:\/\/web.consaguirre.com.ar\/noticias\/yusuf-cat-stevens-anuncia-memorias\/#primaryimage\"},\"thumbnailUrl\":\"https:\/\/web.consaguirre.com.ar\/noticias\/wp-content\/uploads\/2025\/05\/YusufCat-Stevens-anuncia-memorias.jpg\",\"datePublished\":\"2025-05-13T21:38:11+00:00\",\"dateModified\":\"2025-05-13T21:38:12+00:00\",\"breadcrumb\":{\"@id\":\"https:\/\/web.consaguirre.com.ar\/noticias\/yusuf-cat-stevens-anuncia-memorias\/#breadcrumb\"},\"inLanguage\":\"es-AR\",\"potentialAction\":[{\"@type\":\"ReadAction\",\"target\":[\"https:\/\/web.consaguirre.com.ar\/noticias\/yusuf-cat-stevens-anuncia-memorias\/\"]}]},{\"@type\":\"ImageObject\",\"inLanguage\":\"es-AR\",\"@id\":\"https:\/\/web.consaguirre.com.ar\/noticias\/yusuf-cat-stevens-anuncia-memorias\/#primaryimage\",\"url\":\"https:\/\/web.consaguirre.com.ar\/noticias\/wp-content\/uploads\/2025\/05\/YusufCat-Stevens-anuncia-memorias.jpg\",\"contentUrl\":\"https:\/\/web.consaguirre.com.ar\/noticias\/wp-content\/uploads\/2025\/05\/YusufCat-Stevens-anuncia-memorias.jpg\",\"width\":1440,\"height\":864,\"caption\":\"Yusuf\/Cat Stevens anuncia memorias\"},{\"@type\":\"BreadcrumbList\",\"@id\":\"https:\/\/web.consaguirre.com.ar\/noticias\/yusuf-cat-stevens-anuncia-memorias\/#breadcrumb\",\"itemListElement\":[{\"@type\":\"ListItem\",\"position\":1,\"name\":\"Inicio\",\"item\":\"https:\/\/web.consaguirre.com.ar\/noticias\/\"},{\"@type\":\"ListItem\",\"position\":2,\"name\":\"Yusuf\/Cat Stevens anuncia memorias\"}]},{\"@type\":\"WebSite\",\"@id\":\"https:\/\/web.consaguirre.com.ar\/noticias\/#website\",\"url\":\"https:\/\/web.consaguirre.com.ar\/noticias\/\",\"name\":\"Conservatorio de M\u00fasica Juli\u00e1n Aguirre\",\"description\":\"\",\"publisher\":{\"@id\":\"https:\/\/web.consaguirre.com.ar\/noticias\/#organization\"},\"potentialAction\":[{\"@type\":\"SearchAction\",\"target\":{\"@type\":\"EntryPoint\",\"urlTemplate\":\"https:\/\/web.consaguirre.com.ar\/noticias\/?s={search_term_string}\"},\"query-input\":\"required name=search_term_string\"}],\"inLanguage\":\"es-AR\"},{\"@type\":\"Organization\",\"@id\":\"https:\/\/web.consaguirre.com.ar\/noticias\/#organization\",\"name\":\"Conservatorio de M\u00fasica Juli\u00e1n Aguirre\",\"url\":\"https:\/\/web.consaguirre.com.ar\/noticias\/\",\"logo\":{\"@type\":\"ImageObject\",\"inLanguage\":\"es-AR\",\"@id\":\"https:\/\/web.consaguirre.com.ar\/noticias\/#\/schema\/logo\/image\/\",\"url\":\"https:\/\/web.consaguirre.com.ar\/noticias\/wp-content\/uploads\/2024\/08\/Banner-Aguirre-23.jpg\",\"contentUrl\":\"https:\/\/web.consaguirre.com.ar\/noticias\/wp-content\/uploads\/2024\/08\/Banner-Aguirre-23.jpg\",\"width\":1192,\"height\":600,\"caption\":\"Conservatorio de M\u00fasica Juli\u00e1n Aguirre\"},\"image\":{\"@id\":\"https:\/\/web.consaguirre.com.ar\/noticias\/#\/schema\/logo\/image\/\"}},{\"@type\":\"Person\",\"@id\":\"https:\/\/web.consaguirre.com.ar\/noticias\/#\/schema\/person\/6558b0cfedee7ddc5425602b237d5722\",\"name\":\"Javier Figueroa\",\"image\":{\"@type\":\"ImageObject\",\"inLanguage\":\"es-AR\",\"@id\":\"https:\/\/web.consaguirre.com.ar\/noticias\/#\/schema\/person\/image\/\",\"url\":\"https:\/\/web.consaguirre.com.ar\/noticias\/wp-content\/uploads\/2024\/08\/Consaguirre-scaled.jpg\",\"contentUrl\":\"https:\/\/web.consaguirre.com.ar\/noticias\/wp-content\/uploads\/2024\/08\/Consaguirre-scaled.jpg\",\"caption\":\"Javier Figueroa\"},\"description\":\"Me llamo Javier Figueroa y soy redactor para el sitio oficial del Conservatorio de M\u00fasica Juli\u00e1n Aguirre en Buenos Aires, consaguirre.com. Apasionado por la m\u00fasica y la escritura, me esfuerzo por destacar los talentos y eventos de nuestra prestigiosa instituci\u00f3n. Mi trayectoria se nutre de una profunda admiraci\u00f3n por los artistas, haciendo de cada art\u00edculo una celebraci\u00f3n de la creatividad y la cultura musical.\",\"sameAs\":[\"https:\/\/web.consaguirre.com.ar\/noticias\"]}]}<\/script>\n<!-- \/ Yoast SEO plugin. -->","yoast_head_json":{"title":"Yusuf\/Cat Stevens anuncia memorias","robots":{"index":"index","follow":"follow","max-snippet":"max-snippet:-1","max-image-preview":"max-image-preview:large","max-video-preview":"max-video-preview:-1"},"canonical":"https:\/\/web.consaguirre.com.ar\/noticias\/yusuf-cat-stevens-anuncia-memorias\/","og_locale":"es_ES","og_type":"article","og_title":"Yusuf\/Cat Stevens anuncia memorias","og_description":"Yusuf\/Cat Stevens est\u00e1 listo para contar su historia. La tan esperada memoria del cantante y compositora, Gato en el camino hacia el hallazgosaldr\u00e1 este oto\u00f1o.","og_url":"https:\/\/web.consaguirre.com.ar\/noticias\/yusuf-cat-stevens-anuncia-memorias\/","og_site_name":"Conservatorio de M\u00fasica Juli\u00e1n Aguirre","article_published_time":"2025-05-13T21:38:11+00:00","article_modified_time":"2025-05-13T21:38:12+00:00","og_image":[{"width":1440,"height":864,"url":"https:\/\/web.consaguirre.com.ar\/noticias\/wp-content\/uploads\/2025\/05\/YusufCat-Stevens-anuncia-memorias.jpg","type":"image\/jpeg"}],"author":"Javier Figueroa","twitter_card":"summary_large_image","twitter_misc":{"Escrito por":"Javier Figueroa","Tiempo de lectura":"2 minutos"},"schema":{"@context":"https:\/\/schema.org","@graph":[{"@type":"Article","@id":"https:\/\/web.consaguirre.com.ar\/noticias\/yusuf-cat-stevens-anuncia-memorias\/#article","isPartOf":{"@id":"https:\/\/web.consaguirre.com.ar\/noticias\/yusuf-cat-stevens-anuncia-memorias\/"},"author":{"name":"Javier Figueroa","@id":"https:\/\/web.consaguirre.com.ar\/noticias\/#\/schema\/person\/6558b0cfedee7ddc5425602b237d5722"},"headline":"Yusuf\/Cat Stevens anuncia memorias","datePublished":"2025-05-13T21:38:11+00:00","dateModified":"2025-05-13T21:38:12+00:00","mainEntityOfPage":{"@id":"https:\/\/web.consaguirre.com.ar\/noticias\/yusuf-cat-stevens-anuncia-memorias\/"},"wordCount":356,"publisher":{"@id":"https:\/\/web.consaguirre.com.ar\/noticias\/#organization"},"image":{"@id":"https:\/\/web.consaguirre.com.ar\/noticias\/yusuf-cat-stevens-anuncia-memorias\/#primaryimage"},"thumbnailUrl":"https:\/\/web.consaguirre.com.ar\/noticias\/wp-content\/uploads\/2025\/05\/YusufCat-Stevens-anuncia-memorias.jpg","keywords":["anuncia","memorias","Stevens","YusufCat"],"articleSection":["El \u00faltimo"],"inLanguage":"es-AR"},{"@type":"WebPage","@id":"https:\/\/web.consaguirre.com.ar\/noticias\/yusuf-cat-stevens-anuncia-memorias\/","url":"https:\/\/web.consaguirre.com.ar\/noticias\/yusuf-cat-stevens-anuncia-memorias\/","name":"Yusuf\/Cat Stevens anuncia memorias","isPartOf":{"@id":"https:\/\/web.consaguirre.com.ar\/noticias\/#website"},"primaryImageOfPage":{"@id":"https:\/\/web.consaguirre.com.ar\/noticias\/yusuf-cat-stevens-anuncia-memorias\/#primaryimage"},"image":{"@id":"https:\/\/web.consaguirre.com.ar\/noticias\/yusuf-cat-stevens-anuncia-memorias\/#primaryimage"},"thumbnailUrl":"https:\/\/web.consaguirre.com.ar\/noticias\/wp-content\/uploads\/2025\/05\/YusufCat-Stevens-anuncia-memorias.jpg","datePublished":"2025-05-13T21:38:11+00:00","dateModified":"2025-05-13T21:38:12+00:00","breadcrumb":{"@id":"https:\/\/web.consaguirre.com.ar\/noticias\/yusuf-cat-stevens-anuncia-memorias\/#breadcrumb"},"inLanguage":"es-AR","potentialAction":[{"@type":"ReadAction","target":["https:\/\/web.consaguirre.com.ar\/noticias\/yusuf-cat-stevens-anuncia-memorias\/"]}]},{"@type":"ImageObject","inLanguage":"es-AR","@id":"https:\/\/web.consaguirre.com.ar\/noticias\/yusuf-cat-stevens-anuncia-memorias\/#primaryimage","url":"https:\/\/web.consaguirre.com.ar\/noticias\/wp-content\/uploads\/2025\/05\/YusufCat-Stevens-anuncia-memorias.jpg","contentUrl":"https:\/\/web.consaguirre.com.ar\/noticias\/wp-content\/uploads\/2025\/05\/YusufCat-Stevens-anuncia-memorias.jpg","width":1440,"height":864,"caption":"Yusuf\/Cat Stevens anuncia memorias"},{"@type":"BreadcrumbList","@id":"https:\/\/web.consaguirre.com.ar\/noticias\/yusuf-cat-stevens-anuncia-memorias\/#breadcrumb","itemListElement":[{"@type":"ListItem","position":1,"name":"Inicio","item":"https:\/\/web.consaguirre.com.ar\/noticias\/"},{"@type":"ListItem","position":2,"name":"Yusuf\/Cat Stevens anuncia memorias"}]},{"@type":"WebSite","@id":"https:\/\/web.consaguirre.com.ar\/noticias\/#website","url":"https:\/\/web.consaguirre.com.ar\/noticias\/","name":"Conservatorio de M\u00fasica Juli\u00e1n Aguirre","description":"","publisher":{"@id":"https:\/\/web.consaguirre.com.ar\/noticias\/#organization"},"potentialAction":[{"@type":"SearchAction","target":{"@type":"EntryPoint","urlTemplate":"https:\/\/web.consaguirre.com.ar\/noticias\/?s={search_term_string}"},"query-input":"required name=search_term_string"}],"inLanguage":"es-AR"},{"@type":"Organization","@id":"https:\/\/web.consaguirre.com.ar\/noticias\/#organization","name":"Conservatorio de M\u00fasica Juli\u00e1n Aguirre","url":"https:\/\/web.consaguirre.com.ar\/noticias\/","logo":{"@type":"ImageObject","inLanguage":"es-AR","@id":"https:\/\/web.consaguirre.com.ar\/noticias\/#\/schema\/logo\/image\/","url":"https:\/\/web.consaguirre.com.ar\/noticias\/wp-content\/uploads\/2024\/08\/Banner-Aguirre-23.jpg","contentUrl":"https:\/\/web.consaguirre.com.ar\/noticias\/wp-content\/uploads\/2024\/08\/Banner-Aguirre-23.jpg","width":1192,"height":600,"caption":"Conservatorio de M\u00fasica Juli\u00e1n Aguirre"},"image":{"@id":"https:\/\/web.consaguirre.com.ar\/noticias\/#\/schema\/logo\/image\/"}},{"@type":"Person","@id":"https:\/\/web.consaguirre.com.ar\/noticias\/#\/schema\/person\/6558b0cfedee7ddc5425602b237d5722","name":"Javier Figueroa","image":{"@type":"ImageObject","inLanguage":"es-AR","@id":"https:\/\/web.consaguirre.com.ar\/noticias\/#\/schema\/person\/image\/","url":"https:\/\/web.consaguirre.com.ar\/noticias\/wp-content\/uploads\/2024\/08\/Consaguirre-scaled.jpg","contentUrl":"https:\/\/web.consaguirre.com.ar\/noticias\/wp-content\/uploads\/2024\/08\/Consaguirre-scaled.jpg","caption":"Javier Figueroa"},"description":"Me llamo Javier Figueroa y soy redactor para el sitio oficial del Conservatorio de M\u00fasica Juli\u00e1n Aguirre en Buenos Aires, consaguirre.com. Apasionado por la m\u00fasica y la escritura, me esfuerzo por destacar los talentos y eventos de nuestra prestigiosa instituci\u00f3n. Mi trayectoria se nutre de una profunda admiraci\u00f3n por los artistas, haciendo de cada art\u00edculo una celebraci\u00f3n de la creatividad y la cultura musical.","sameAs":["https:\/\/web.consaguirre.com.ar\/noticias"]}]}},"_links":{"self":[{"href":"https:\/\/web.consaguirre.com.ar\/noticias\/wp-json\/wp\/v2\/posts\/2645"}],"collection":[{"href":"https:\/\/web.consaguirre.com.ar\/noticias\/wp-json\/wp\/v2\/posts"}],"about":[{"href":"https:\/\/web.consaguirre.com.ar\/noticias\/wp-json\/wp\/v2\/types\/post"}],"author":[{"embeddable":true,"href":"https:\/\/web.consaguirre.com.ar\/noticias\/wp-json\/wp\/v2\/users\/1"}],"replies":[{"embeddable":true,"href":"https:\/\/web.consaguirre.com.ar\/noticias\/wp-json\/wp\/v2\/comments?post=2645"}],"version-history":[{"count":1,"href":"https:\/\/web.consaguirre.com.ar\/noticias\/wp-json\/wp\/v2\/posts\/2645\/revisions"}],"predecessor-version":[{"id":2647,"href":"https:\/\/web.consaguirre.com.ar\/noticias\/wp-json\/wp\/v2\/posts\/2645\/revisions\/2647"}],"wp:featuredmedia":[{"embeddable":true,"href":"https:\/\/web.consaguirre.com.ar\/noticias\/wp-json\/wp\/v2\/media\/2646"}],"wp:attachment":[{"href":"https:\/\/web.consaguirre.com.ar\/noticias\/wp-json\/wp\/v2\/media?parent=2645"}],"wp:term":[{"taxonomy":"category","embeddable":true,"href":"https:\/\/web.consaguirre.com.ar\/noticias\/wp-json\/wp\/v2\/categories?post=2645"},{"taxonomy":"post_tag","embeddable":true,"href":"https:\/\/web.consaguirre.com.ar\/noticias\/wp-json\/wp\/v2\/tags?post=2645"}],"curies":[{"name":"wp","href":"https:\/\/api.w.org\/{rel}","templated":true}]}}