{"id":2642,"date":"2025-05-13T15:41:25","date_gmt":"2025-05-13T18:41:25","guid":{"rendered":"https:\/\/web.consaguirre.com.ar\/noticias\/janet-jackson-recibira-el-premio-icon-en-2025-american-music-awards\/"},"modified":"2025-05-13T15:41:26","modified_gmt":"2025-05-13T18:41:26","slug":"janet-jackson-recibira-el-premio-icon-en-2025-american-music-awards","status":"publish","type":"post","link":"https:\/\/web.consaguirre.com.ar\/noticias\/janet-jackson-recibira-el-premio-icon-en-2025-american-music-awards\/","title":{"rendered":"Janet Jackson recibir\u00e1 el Premio Icon en 2025 American Music Awards"},"content":{"rendered":"<p><strong>Janet Jackson<\/strong>El estado ic\u00f3nico pronto ser\u00e1 reconocido una vez m\u00e1s. La leyenda de la m\u00fasica recibir\u00e1 el premio Icon y actuar\u00e1 en los American Music Awards de este a\u00f1o, que tendr\u00e1 lugar el 26 de mayo en el Bleaulive Theatre Las Vegas. Esto marca su primera actuaci\u00f3n en TV en siete a\u00f1os. El programa se transmitir\u00e1 en CBS y se transmitir\u00e1 en vivo en Paramount+ a partir de las 8 pm ET. Jennifer L\u00f3pez ser\u00e1 el anfitri\u00f3n del espect\u00e1culo.<\/p>\n<p>El premio \u00edcono se ha otorgado previamente <strong>Rihanna<\/strong> y <strong>Lionel Richie<\/strong>. Seg\u00fan el productor Larry Klein, el premio &#8220;fue creado para honrar a un artista cuyo cuerpo de trabajo ha tenido una profunda influencia sobre la m\u00fasica pop a nivel global&#8221;.<\/p>\n<p>La descripci\u00f3n ciertamente se aplica a Jackson, cuyos innumerables elogios profesionales incluyen 11 victorias de los American Music Awards. Tambi\u00e9n gan\u00f3 cinco Grammys, dos Emmys, un Globo de Oro, y fue incluido en el Sal\u00f3n de la Fama del Rock &#038; Roll en 2019. Junto con Barbra Streisand, Bruce Springsteen y U2, es una de las cuatro artistas que aterrizaron un \u00e1lbum No. 1 en cuatro d\u00e9cadas consecutivas. M\u00e1s all\u00e1 de las meras estad\u00edsticas, es imposible medir el impacto de los \u00e1lbumes hist\u00f3ricos como <em>Control<\/em>, <em>Rhythm Nation 1814<\/em>, <em>Janet<\/em>, <em>La cuerda de terciopelo<\/em>y <em>Todo para ti<\/em>.<\/p>\n<div class=\"uD-YT-container\"><img decoding=\"async\" src=\"https:\/\/web.consaguirre.com.ar\/noticias\/wp-content\/uploads\/2025\/05\/1747161685_336_Janet-Jackson-recibira-el-Premio-Icon-en-2025-American-Music.jpg\" alt=\"Video de YouTube\"><br \/>Haga clic para cargar video<\/div>\n<p>Jackson ha tenido a\u00fan m\u00e1s \u00e9xito como artista individual. En la lista de singles de Billboard Hot 100, ha contado 10 \u00e9xitos No. 1 (incluidos &#8220;Miss You mucho&#8221;, &#8220;Escapade&#8221;, &#8220;As\u00ed es el Love Goes&#8221;, &#8220;Juntos Again&#8221;, &#8220;All For You&#8221;, y m\u00e1s, y m\u00e1s, y Dotens m\u00e1s aterrizados m\u00e1s en el Top 10.<\/p>\n<p>Jackson viene de su enormemente exitosa gira de nuevo y se acerca al final de su residencia Janet Jackson: Las Vegas. El compromiso se extiende hasta el 31 de mayo en Resorts World Theatre. JANET JACKSON: Las Vegas sigue su metamorfosis de residencia de Vegas 2019 r\u00e9cord. Seg\u00fan lo afirmado por Billboard Boxscore, es una de las mejores artistas de Las Vegas de la \u00faltima d\u00e9cada.<\/p>\n<p><strong>Compre la m\u00fasica de Janet Jackson en vinilo ahora.<\/strong><\/p>\n","protected":false},"excerpt":{"rendered":"<p>Janet JacksonEl estado ic\u00f3nico pronto ser\u00e1 reconocido una vez m\u00e1s. La leyenda de la m\u00fasica recibir\u00e1 el premio Icon y actuar\u00e1 en los American Music<\/p>\n","protected":false},"author":1,"featured_media":2643,"comment_status":"closed","ping_status":"","sticky":false,"template":"","format":"standard","meta":{"footnotes":""},"categories":[50],"tags":[850,851,2499,176,1253,439,178,306],"class_list":["post-2642","post","type-post","status-publish","format-standard","has-post-thumbnail","hentry","category-el-ultimo","tag-american","tag-awards","tag-icon","tag-jackson","tag-janet","tag-music","tag-premio","tag-recibira","generate-columns","tablet-grid-50","mobile-grid-100","grid-parent","grid-50"],"yoast_head":"<!-- This site is optimized with the Yoast SEO plugin v23.3 - https:\/\/yoast.com\/wordpress\/plugins\/seo\/ -->\n<title>Janet Jackson recibir\u00e1 el Premio Icon en 2025 American Music Awards<\/title>\n<meta name=\"robots\" content=\"index, follow, max-snippet:-1, max-image-preview:large, max-video-preview:-1\" \/>\n<link rel=\"canonical\" href=\"https:\/\/web.consaguirre.com.ar\/noticias\/janet-jackson-recibira-el-premio-icon-en-2025-american-music-awards\/\" \/>\n<meta property=\"og:locale\" content=\"es_ES\" \/>\n<meta property=\"og:type\" content=\"article\" \/>\n<meta property=\"og:title\" content=\"Janet Jackson recibir\u00e1 el Premio Icon en 2025 American Music Awards\" \/>\n<meta property=\"og:description\" content=\"Janet JacksonEl estado ic\u00f3nico pronto ser\u00e1 reconocido una vez m\u00e1s. La leyenda de la m\u00fasica recibir\u00e1 el premio Icon y actuar\u00e1 en los American Music\" \/>\n<meta property=\"og:url\" content=\"https:\/\/web.consaguirre.com.ar\/noticias\/janet-jackson-recibira-el-premio-icon-en-2025-american-music-awards\/\" \/>\n<meta property=\"og:site_name\" content=\"Conservatorio de M\u00fasica Juli\u00e1n Aguirre\" \/>\n<meta property=\"article:published_time\" content=\"2025-05-13T18:41:25+00:00\" \/>\n<meta property=\"article:modified_time\" content=\"2025-05-13T18:41:26+00:00\" \/>\n<meta property=\"og:image\" content=\"https:\/\/web.consaguirre.com.ar\/noticias\/wp-content\/uploads\/2025\/05\/Janet-Jackson-recibira-el-Premio-Icon-en-2025-American-Music.jpg\" \/>\n\t<meta property=\"og:image:width\" content=\"1280\" \/>\n\t<meta property=\"og:image:height\" content=\"1280\" \/>\n\t<meta property=\"og:image:type\" content=\"image\/jpeg\" \/>\n<meta name=\"author\" content=\"Javier Figueroa\" \/>\n<meta name=\"twitter:card\" content=\"summary_large_image\" \/>\n<meta name=\"twitter:label1\" content=\"Escrito por\" \/>\n\t<meta name=\"twitter:data1\" content=\"Javier Figueroa\" \/>\n\t<meta name=\"twitter:label2\" content=\"Tiempo de lectura\" \/>\n\t<meta name=\"twitter:data2\" content=\"2 minutos\" \/>\n<script type=\"application\/ld+json\" class=\"yoast-schema-graph\">{\"@context\":\"https:\/\/schema.org\",\"@graph\":[{\"@type\":\"Article\",\"@id\":\"https:\/\/web.consaguirre.com.ar\/noticias\/janet-jackson-recibira-el-premio-icon-en-2025-american-music-awards\/#article\",\"isPartOf\":{\"@id\":\"https:\/\/web.consaguirre.com.ar\/noticias\/janet-jackson-recibira-el-premio-icon-en-2025-american-music-awards\/\"},\"author\":{\"name\":\"Javier Figueroa\",\"@id\":\"https:\/\/web.consaguirre.com.ar\/noticias\/#\/schema\/person\/6558b0cfedee7ddc5425602b237d5722\"},\"headline\":\"Janet Jackson recibir\u00e1 el Premio Icon en 2025 American Music Awards\",\"datePublished\":\"2025-05-13T18:41:25+00:00\",\"dateModified\":\"2025-05-13T18:41:26+00:00\",\"mainEntityOfPage\":{\"@id\":\"https:\/\/web.consaguirre.com.ar\/noticias\/janet-jackson-recibira-el-premio-icon-en-2025-american-music-awards\/\"},\"wordCount\":373,\"publisher\":{\"@id\":\"https:\/\/web.consaguirre.com.ar\/noticias\/#organization\"},\"image\":{\"@id\":\"https:\/\/web.consaguirre.com.ar\/noticias\/janet-jackson-recibira-el-premio-icon-en-2025-american-music-awards\/#primaryimage\"},\"thumbnailUrl\":\"https:\/\/web.consaguirre.com.ar\/noticias\/wp-content\/uploads\/2025\/05\/Janet-Jackson-recibira-el-Premio-Icon-en-2025-American-Music.jpg\",\"keywords\":[\"American\",\"Awards\",\"Icon\",\"Jackson\",\"Janet\",\"Music\",\"premio\",\"recibir\u00e1\"],\"articleSection\":[\"El \u00faltimo\"],\"inLanguage\":\"es-AR\"},{\"@type\":\"WebPage\",\"@id\":\"https:\/\/web.consaguirre.com.ar\/noticias\/janet-jackson-recibira-el-premio-icon-en-2025-american-music-awards\/\",\"url\":\"https:\/\/web.consaguirre.com.ar\/noticias\/janet-jackson-recibira-el-premio-icon-en-2025-american-music-awards\/\",\"name\":\"Janet Jackson recibir\u00e1 el Premio Icon en 2025 American Music Awards\",\"isPartOf\":{\"@id\":\"https:\/\/web.consaguirre.com.ar\/noticias\/#website\"},\"primaryImageOfPage\":{\"@id\":\"https:\/\/web.consaguirre.com.ar\/noticias\/janet-jackson-recibira-el-premio-icon-en-2025-american-music-awards\/#primaryimage\"},\"image\":{\"@id\":\"https:\/\/web.consaguirre.com.ar\/noticias\/janet-jackson-recibira-el-premio-icon-en-2025-american-music-awards\/#primaryimage\"},\"thumbnailUrl\":\"https:\/\/web.consaguirre.com.ar\/noticias\/wp-content\/uploads\/2025\/05\/Janet-Jackson-recibira-el-Premio-Icon-en-2025-American-Music.jpg\",\"datePublished\":\"2025-05-13T18:41:25+00:00\",\"dateModified\":\"2025-05-13T18:41:26+00:00\",\"breadcrumb\":{\"@id\":\"https:\/\/web.consaguirre.com.ar\/noticias\/janet-jackson-recibira-el-premio-icon-en-2025-american-music-awards\/#breadcrumb\"},\"inLanguage\":\"es-AR\",\"potentialAction\":[{\"@type\":\"ReadAction\",\"target\":[\"https:\/\/web.consaguirre.com.ar\/noticias\/janet-jackson-recibira-el-premio-icon-en-2025-american-music-awards\/\"]}]},{\"@type\":\"ImageObject\",\"inLanguage\":\"es-AR\",\"@id\":\"https:\/\/web.consaguirre.com.ar\/noticias\/janet-jackson-recibira-el-premio-icon-en-2025-american-music-awards\/#primaryimage\",\"url\":\"https:\/\/web.consaguirre.com.ar\/noticias\/wp-content\/uploads\/2025\/05\/Janet-Jackson-recibira-el-Premio-Icon-en-2025-American-Music.jpg\",\"contentUrl\":\"https:\/\/web.consaguirre.com.ar\/noticias\/wp-content\/uploads\/2025\/05\/Janet-Jackson-recibira-el-Premio-Icon-en-2025-American-Music.jpg\",\"width\":1280,\"height\":1280,\"caption\":\"Janet Jackson recibir\u00e1 el Premio Icon en 2025 American Music Awards\"},{\"@type\":\"BreadcrumbList\",\"@id\":\"https:\/\/web.consaguirre.com.ar\/noticias\/janet-jackson-recibira-el-premio-icon-en-2025-american-music-awards\/#breadcrumb\",\"itemListElement\":[{\"@type\":\"ListItem\",\"position\":1,\"name\":\"Inicio\",\"item\":\"https:\/\/web.consaguirre.com.ar\/noticias\/\"},{\"@type\":\"ListItem\",\"position\":2,\"name\":\"Janet Jackson recibir\u00e1 el Premio Icon en 2025 American Music Awards\"}]},{\"@type\":\"WebSite\",\"@id\":\"https:\/\/web.consaguirre.com.ar\/noticias\/#website\",\"url\":\"https:\/\/web.consaguirre.com.ar\/noticias\/\",\"name\":\"Conservatorio de M\u00fasica Juli\u00e1n Aguirre\",\"description\":\"\",\"publisher\":{\"@id\":\"https:\/\/web.consaguirre.com.ar\/noticias\/#organization\"},\"potentialAction\":[{\"@type\":\"SearchAction\",\"target\":{\"@type\":\"EntryPoint\",\"urlTemplate\":\"https:\/\/web.consaguirre.com.ar\/noticias\/?s={search_term_string}\"},\"query-input\":\"required name=search_term_string\"}],\"inLanguage\":\"es-AR\"},{\"@type\":\"Organization\",\"@id\":\"https:\/\/web.consaguirre.com.ar\/noticias\/#organization\",\"name\":\"Conservatorio de M\u00fasica Juli\u00e1n Aguirre\",\"url\":\"https:\/\/web.consaguirre.com.ar\/noticias\/\",\"logo\":{\"@type\":\"ImageObject\",\"inLanguage\":\"es-AR\",\"@id\":\"https:\/\/web.consaguirre.com.ar\/noticias\/#\/schema\/logo\/image\/\",\"url\":\"https:\/\/web.consaguirre.com.ar\/noticias\/wp-content\/uploads\/2024\/08\/Banner-Aguirre-23.jpg\",\"contentUrl\":\"https:\/\/web.consaguirre.com.ar\/noticias\/wp-content\/uploads\/2024\/08\/Banner-Aguirre-23.jpg\",\"width\":1192,\"height\":600,\"caption\":\"Conservatorio de M\u00fasica Juli\u00e1n Aguirre\"},\"image\":{\"@id\":\"https:\/\/web.consaguirre.com.ar\/noticias\/#\/schema\/logo\/image\/\"}},{\"@type\":\"Person\",\"@id\":\"https:\/\/web.consaguirre.com.ar\/noticias\/#\/schema\/person\/6558b0cfedee7ddc5425602b237d5722\",\"name\":\"Javier Figueroa\",\"image\":{\"@type\":\"ImageObject\",\"inLanguage\":\"es-AR\",\"@id\":\"https:\/\/web.consaguirre.com.ar\/noticias\/#\/schema\/person\/image\/\",\"url\":\"https:\/\/web.consaguirre.com.ar\/noticias\/wp-content\/uploads\/2024\/08\/Consaguirre-scaled.jpg\",\"contentUrl\":\"https:\/\/web.consaguirre.com.ar\/noticias\/wp-content\/uploads\/2024\/08\/Consaguirre-scaled.jpg\",\"caption\":\"Javier Figueroa\"},\"description\":\"Me llamo Javier Figueroa y soy redactor para el sitio oficial del Conservatorio de M\u00fasica Juli\u00e1n Aguirre en Buenos Aires, consaguirre.com. Apasionado por la m\u00fasica y la escritura, me esfuerzo por destacar los talentos y eventos de nuestra prestigiosa instituci\u00f3n. Mi trayectoria se nutre de una profunda admiraci\u00f3n por los artistas, haciendo de cada art\u00edculo una celebraci\u00f3n de la creatividad y la cultura musical.\",\"sameAs\":[\"https:\/\/web.consaguirre.com.ar\/noticias\"]}]}<\/script>\n<!-- \/ Yoast SEO plugin. -->","yoast_head_json":{"title":"Janet Jackson recibir\u00e1 el Premio Icon en 2025 American Music Awards","robots":{"index":"index","follow":"follow","max-snippet":"max-snippet:-1","max-image-preview":"max-image-preview:large","max-video-preview":"max-video-preview:-1"},"canonical":"https:\/\/web.consaguirre.com.ar\/noticias\/janet-jackson-recibira-el-premio-icon-en-2025-american-music-awards\/","og_locale":"es_ES","og_type":"article","og_title":"Janet Jackson recibir\u00e1 el Premio Icon en 2025 American Music Awards","og_description":"Janet JacksonEl estado ic\u00f3nico pronto ser\u00e1 reconocido una vez m\u00e1s. La leyenda de la m\u00fasica recibir\u00e1 el premio Icon y actuar\u00e1 en los American Music","og_url":"https:\/\/web.consaguirre.com.ar\/noticias\/janet-jackson-recibira-el-premio-icon-en-2025-american-music-awards\/","og_site_name":"Conservatorio de M\u00fasica Juli\u00e1n Aguirre","article_published_time":"2025-05-13T18:41:25+00:00","article_modified_time":"2025-05-13T18:41:26+00:00","og_image":[{"width":1280,"height":1280,"url":"https:\/\/web.consaguirre.com.ar\/noticias\/wp-content\/uploads\/2025\/05\/Janet-Jackson-recibira-el-Premio-Icon-en-2025-American-Music.jpg","type":"image\/jpeg"}],"author":"Javier Figueroa","twitter_card":"summary_large_image","twitter_misc":{"Escrito por":"Javier Figueroa","Tiempo de lectura":"2 minutos"},"schema":{"@context":"https:\/\/schema.org","@graph":[{"@type":"Article","@id":"https:\/\/web.consaguirre.com.ar\/noticias\/janet-jackson-recibira-el-premio-icon-en-2025-american-music-awards\/#article","isPartOf":{"@id":"https:\/\/web.consaguirre.com.ar\/noticias\/janet-jackson-recibira-el-premio-icon-en-2025-american-music-awards\/"},"author":{"name":"Javier Figueroa","@id":"https:\/\/web.consaguirre.com.ar\/noticias\/#\/schema\/person\/6558b0cfedee7ddc5425602b237d5722"},"headline":"Janet Jackson recibir\u00e1 el Premio Icon en 2025 American Music Awards","datePublished":"2025-05-13T18:41:25+00:00","dateModified":"2025-05-13T18:41:26+00:00","mainEntityOfPage":{"@id":"https:\/\/web.consaguirre.com.ar\/noticias\/janet-jackson-recibira-el-premio-icon-en-2025-american-music-awards\/"},"wordCount":373,"publisher":{"@id":"https:\/\/web.consaguirre.com.ar\/noticias\/#organization"},"image":{"@id":"https:\/\/web.consaguirre.com.ar\/noticias\/janet-jackson-recibira-el-premio-icon-en-2025-american-music-awards\/#primaryimage"},"thumbnailUrl":"https:\/\/web.consaguirre.com.ar\/noticias\/wp-content\/uploads\/2025\/05\/Janet-Jackson-recibira-el-Premio-Icon-en-2025-American-Music.jpg","keywords":["American","Awards","Icon","Jackson","Janet","Music","premio","recibir\u00e1"],"articleSection":["El \u00faltimo"],"inLanguage":"es-AR"},{"@type":"WebPage","@id":"https:\/\/web.consaguirre.com.ar\/noticias\/janet-jackson-recibira-el-premio-icon-en-2025-american-music-awards\/","url":"https:\/\/web.consaguirre.com.ar\/noticias\/janet-jackson-recibira-el-premio-icon-en-2025-american-music-awards\/","name":"Janet Jackson recibir\u00e1 el Premio Icon en 2025 American Music Awards","isPartOf":{"@id":"https:\/\/web.consaguirre.com.ar\/noticias\/#website"},"primaryImageOfPage":{"@id":"https:\/\/web.consaguirre.com.ar\/noticias\/janet-jackson-recibira-el-premio-icon-en-2025-american-music-awards\/#primaryimage"},"image":{"@id":"https:\/\/web.consaguirre.com.ar\/noticias\/janet-jackson-recibira-el-premio-icon-en-2025-american-music-awards\/#primaryimage"},"thumbnailUrl":"https:\/\/web.consaguirre.com.ar\/noticias\/wp-content\/uploads\/2025\/05\/Janet-Jackson-recibira-el-Premio-Icon-en-2025-American-Music.jpg","datePublished":"2025-05-13T18:41:25+00:00","dateModified":"2025-05-13T18:41:26+00:00","breadcrumb":{"@id":"https:\/\/web.consaguirre.com.ar\/noticias\/janet-jackson-recibira-el-premio-icon-en-2025-american-music-awards\/#breadcrumb"},"inLanguage":"es-AR","potentialAction":[{"@type":"ReadAction","target":["https:\/\/web.consaguirre.com.ar\/noticias\/janet-jackson-recibira-el-premio-icon-en-2025-american-music-awards\/"]}]},{"@type":"ImageObject","inLanguage":"es-AR","@id":"https:\/\/web.consaguirre.com.ar\/noticias\/janet-jackson-recibira-el-premio-icon-en-2025-american-music-awards\/#primaryimage","url":"https:\/\/web.consaguirre.com.ar\/noticias\/wp-content\/uploads\/2025\/05\/Janet-Jackson-recibira-el-Premio-Icon-en-2025-American-Music.jpg","contentUrl":"https:\/\/web.consaguirre.com.ar\/noticias\/wp-content\/uploads\/2025\/05\/Janet-Jackson-recibira-el-Premio-Icon-en-2025-American-Music.jpg","width":1280,"height":1280,"caption":"Janet Jackson recibir\u00e1 el Premio Icon en 2025 American Music Awards"},{"@type":"BreadcrumbList","@id":"https:\/\/web.consaguirre.com.ar\/noticias\/janet-jackson-recibira-el-premio-icon-en-2025-american-music-awards\/#breadcrumb","itemListElement":[{"@type":"ListItem","position":1,"name":"Inicio","item":"https:\/\/web.consaguirre.com.ar\/noticias\/"},{"@type":"ListItem","position":2,"name":"Janet Jackson recibir\u00e1 el Premio Icon en 2025 American Music Awards"}]},{"@type":"WebSite","@id":"https:\/\/web.consaguirre.com.ar\/noticias\/#website","url":"https:\/\/web.consaguirre.com.ar\/noticias\/","name":"Conservatorio de M\u00fasica Juli\u00e1n Aguirre","description":"","publisher":{"@id":"https:\/\/web.consaguirre.com.ar\/noticias\/#organization"},"potentialAction":[{"@type":"SearchAction","target":{"@type":"EntryPoint","urlTemplate":"https:\/\/web.consaguirre.com.ar\/noticias\/?s={search_term_string}"},"query-input":"required name=search_term_string"}],"inLanguage":"es-AR"},{"@type":"Organization","@id":"https:\/\/web.consaguirre.com.ar\/noticias\/#organization","name":"Conservatorio de M\u00fasica Juli\u00e1n Aguirre","url":"https:\/\/web.consaguirre.com.ar\/noticias\/","logo":{"@type":"ImageObject","inLanguage":"es-AR","@id":"https:\/\/web.consaguirre.com.ar\/noticias\/#\/schema\/logo\/image\/","url":"https:\/\/web.consaguirre.com.ar\/noticias\/wp-content\/uploads\/2024\/08\/Banner-Aguirre-23.jpg","contentUrl":"https:\/\/web.consaguirre.com.ar\/noticias\/wp-content\/uploads\/2024\/08\/Banner-Aguirre-23.jpg","width":1192,"height":600,"caption":"Conservatorio de M\u00fasica Juli\u00e1n Aguirre"},"image":{"@id":"https:\/\/web.consaguirre.com.ar\/noticias\/#\/schema\/logo\/image\/"}},{"@type":"Person","@id":"https:\/\/web.consaguirre.com.ar\/noticias\/#\/schema\/person\/6558b0cfedee7ddc5425602b237d5722","name":"Javier Figueroa","image":{"@type":"ImageObject","inLanguage":"es-AR","@id":"https:\/\/web.consaguirre.com.ar\/noticias\/#\/schema\/person\/image\/","url":"https:\/\/web.consaguirre.com.ar\/noticias\/wp-content\/uploads\/2024\/08\/Consaguirre-scaled.jpg","contentUrl":"https:\/\/web.consaguirre.com.ar\/noticias\/wp-content\/uploads\/2024\/08\/Consaguirre-scaled.jpg","caption":"Javier Figueroa"},"description":"Me llamo Javier Figueroa y soy redactor para el sitio oficial del Conservatorio de M\u00fasica Juli\u00e1n Aguirre en Buenos Aires, consaguirre.com. Apasionado por la m\u00fasica y la escritura, me esfuerzo por destacar los talentos y eventos de nuestra prestigiosa instituci\u00f3n. Mi trayectoria se nutre de una profunda admiraci\u00f3n por los artistas, haciendo de cada art\u00edculo una celebraci\u00f3n de la creatividad y la cultura musical.","sameAs":["https:\/\/web.consaguirre.com.ar\/noticias"]}]}},"_links":{"self":[{"href":"https:\/\/web.consaguirre.com.ar\/noticias\/wp-json\/wp\/v2\/posts\/2642"}],"collection":[{"href":"https:\/\/web.consaguirre.com.ar\/noticias\/wp-json\/wp\/v2\/posts"}],"about":[{"href":"https:\/\/web.consaguirre.com.ar\/noticias\/wp-json\/wp\/v2\/types\/post"}],"author":[{"embeddable":true,"href":"https:\/\/web.consaguirre.com.ar\/noticias\/wp-json\/wp\/v2\/users\/1"}],"replies":[{"embeddable":true,"href":"https:\/\/web.consaguirre.com.ar\/noticias\/wp-json\/wp\/v2\/comments?post=2642"}],"version-history":[{"count":1,"href":"https:\/\/web.consaguirre.com.ar\/noticias\/wp-json\/wp\/v2\/posts\/2642\/revisions"}],"predecessor-version":[{"id":2644,"href":"https:\/\/web.consaguirre.com.ar\/noticias\/wp-json\/wp\/v2\/posts\/2642\/revisions\/2644"}],"wp:featuredmedia":[{"embeddable":true,"href":"https:\/\/web.consaguirre.com.ar\/noticias\/wp-json\/wp\/v2\/media\/2643"}],"wp:attachment":[{"href":"https:\/\/web.consaguirre.com.ar\/noticias\/wp-json\/wp\/v2\/media?parent=2642"}],"wp:term":[{"taxonomy":"category","embeddable":true,"href":"https:\/\/web.consaguirre.com.ar\/noticias\/wp-json\/wp\/v2\/categories?post=2642"},{"taxonomy":"post_tag","embeddable":true,"href":"https:\/\/web.consaguirre.com.ar\/noticias\/wp-json\/wp\/v2\/tags?post=2642"}],"curies":[{"name":"wp","href":"https:\/\/api.w.org\/{rel}","templated":true}]}}