{"id":2621,"date":"2025-05-12T00:39:33","date_gmt":"2025-05-12T03:39:33","guid":{"rendered":"https:\/\/web.consaguirre.com.ar\/noticias\/los-future-days-de-pearl-jam-regresan-por-la-devastadora-escena-the-last-of-us\/"},"modified":"2025-05-12T00:39:34","modified_gmt":"2025-05-12T03:39:34","slug":"los-future-days-de-pearl-jam-regresan-por-la-devastadora-escena-the-last-of-us","status":"publish","type":"post","link":"https:\/\/web.consaguirre.com.ar\/noticias\/los-future-days-de-pearl-jam-regresan-por-la-devastadora-escena-the-last-of-us\/","title":{"rendered":"Los &#8216;Future Days&#8217; de Pearl Jam regresan por la devastadora escena &#8216;The Last of Us&#8217;"},"content":{"rendered":"<p>En esta temporada de <em>El \u00faltimo de nosotros<\/em>Ellie todav\u00eda se est\u00e1 recuperando de la p\u00e9rdida de Joel hace unas semanas, y la audiencia est\u00e1 all\u00ed con ella. Incluso antes <em>El \u00faltimo de nosotros<\/em> fue un espect\u00e1culo en HBO, <strong>Mermelada de perlas<\/strong> Tuve una parte importante en la historia del videojuego, con la m\u00fasica de la banda conduciendo a casa algunos de los ritmos m\u00e1s emocionales de la historia. Su canci\u00f3n &#8220;Future Days&#8221; ha sido una canci\u00f3n recurrente tanto en el videojuego como en la adaptaci\u00f3n televisiva, y la base ambientada en episodios anteriores subraya la desesperaci\u00f3n que golpea a Ellie en el episodio de este domingo.<\/p>\n<p>Anteriormente en la narraci\u00f3n, Joel de Pedro Pascal hab\u00eda estado tratando de ense\u00f1arle a Ellie de Bella Ramsey a tocar &#8220;Future Days&#8221; en la guitarra durante parte de su tiempo de inactividad. Despu\u00e9s de la muerte de Joel a manos de Abby (Kaitlyn Dever), Ellie finalmente tiene la oportunidad de recoger la guitarra nuevamente e intenta tocar lo que Joel le hab\u00eda ense\u00f1ado. Pero el esfuerzo es demasiado doloroso, y Ellie finalmente se rinde, incapaz de escuchar la canci\u00f3n sin pensar en su compatriota perdido.<\/p>\n<div class=\"uD-YT-container\"><img decoding=\"async\" src=\"https:\/\/web.consaguirre.com.ar\/noticias\/wp-content\/uploads\/2025\/05\/1747021173_150_Los-Future-Days-de-Pearl-Jam-regresan-por-la-devastadora.jpg\" alt=\"Video de YouTube\"><br \/>Haga clic para cargar video<\/div>\n<p>Los fan\u00e1ticos del juego probablemente sab\u00edan que esta escena devastadora vendr\u00eda; Fue en 2020 <em>El \u00faltimo de nosotros II<\/em>. Eddie Vedder incluso interpret\u00f3 la canci\u00f3n en los 2020 Game Awards, donde recibi\u00f3 una sincera presentaci\u00f3n de Troy Baker, el actor de voz que retrata a Joel en el videojuego. Baker explic\u00f3 que si no hubiera sido actor, probablemente habr\u00eda sido un cantante, por lo que el creador del juego Neil Druckmann incorpor\u00f3 esa pasi\u00f3n al personaje de Joel. &#8220;Uno de esos momentos, ahora indeleble en nuestros recuerdos, tambi\u00e9n incorpor\u00f3 la historia de Neil, no como escritor sino como padre. Incluy\u00f3 una canci\u00f3n que tocaba y le cantaba a su hija todas las noches&#8221;, explic\u00f3 Baker. La grabaci\u00f3n de la canci\u00f3n de Pearl Jam tambi\u00e9n apareci\u00f3 en el trailer para la segunda temporada, por lo que los observadores cercanos podr\u00edan haber tenido una pista de que se acercaba esta escena conmovedora.<\/p>\n<p><strong>Compre los &#8220;Future Days&#8221; de Pearl Jam en Vinyl ahora.<\/strong><\/p>\n","protected":false},"excerpt":{"rendered":"<p>En esta temporada de El \u00faltimo de nosotrosEllie todav\u00eda se est\u00e1 recuperando de la p\u00e9rdida de Joel hace unas semanas, y la audiencia est\u00e1 all\u00ed<\/p>\n","protected":false},"author":1,"featured_media":2622,"comment_status":"closed","ping_status":"","sticky":false,"template":"","format":"standard","meta":{"footnotes":""},"categories":[50],"tags":[785,2488,2489,784,787,180,786,96,1542],"class_list":["post-2621","post","type-post","status-publish","format-standard","has-post-thumbnail","hentry","category-el-ultimo","tag-days","tag-devastadora","tag-escena","tag-future","tag-jam","tag-los","tag-pearl","tag-por","tag-regresan","generate-columns","tablet-grid-50","mobile-grid-100","grid-parent","grid-50"],"yoast_head":"<!-- This site is optimized with the Yoast SEO plugin v23.3 - https:\/\/yoast.com\/wordpress\/plugins\/seo\/ -->\n<title>Los &#039;Future Days&#039; de Pearl Jam regresan por la devastadora escena &#039;The Last of Us&#039;<\/title>\n<meta name=\"robots\" content=\"index, follow, max-snippet:-1, max-image-preview:large, max-video-preview:-1\" \/>\n<link rel=\"canonical\" href=\"https:\/\/web.consaguirre.com.ar\/noticias\/los-future-days-de-pearl-jam-regresan-por-la-devastadora-escena-the-last-of-us\/\" \/>\n<meta property=\"og:locale\" content=\"es_ES\" \/>\n<meta property=\"og:type\" content=\"article\" \/>\n<meta property=\"og:title\" content=\"Los &#039;Future Days&#039; de Pearl Jam regresan por la devastadora escena &#039;The Last of Us&#039;\" \/>\n<meta property=\"og:description\" content=\"En esta temporada de El \u00faltimo de nosotrosEllie todav\u00eda se est\u00e1 recuperando de la p\u00e9rdida de Joel hace unas semanas, y la audiencia est\u00e1 all\u00ed\" \/>\n<meta property=\"og:url\" content=\"https:\/\/web.consaguirre.com.ar\/noticias\/los-future-days-de-pearl-jam-regresan-por-la-devastadora-escena-the-last-of-us\/\" \/>\n<meta property=\"og:site_name\" content=\"Conservatorio de M\u00fasica Juli\u00e1n Aguirre\" \/>\n<meta property=\"article:published_time\" content=\"2025-05-12T03:39:33+00:00\" \/>\n<meta property=\"article:modified_time\" content=\"2025-05-12T03:39:34+00:00\" \/>\n<meta property=\"og:image\" content=\"https:\/\/web.consaguirre.com.ar\/noticias\/wp-content\/uploads\/2025\/05\/Los-Future-Days-de-Pearl-Jam-regresan-por-la-devastadora.jpg\" \/>\n\t<meta property=\"og:image:width\" content=\"1280\" \/>\n\t<meta property=\"og:image:height\" content=\"1280\" \/>\n\t<meta property=\"og:image:type\" content=\"image\/jpeg\" \/>\n<meta name=\"author\" content=\"Javier Figueroa\" \/>\n<meta name=\"twitter:card\" content=\"summary_large_image\" \/>\n<meta name=\"twitter:label1\" content=\"Escrito por\" \/>\n\t<meta name=\"twitter:data1\" content=\"Javier Figueroa\" \/>\n\t<meta name=\"twitter:label2\" content=\"Tiempo de lectura\" \/>\n\t<meta name=\"twitter:data2\" content=\"2 minutos\" \/>\n<script type=\"application\/ld+json\" class=\"yoast-schema-graph\">{\"@context\":\"https:\/\/schema.org\",\"@graph\":[{\"@type\":\"Article\",\"@id\":\"https:\/\/web.consaguirre.com.ar\/noticias\/los-future-days-de-pearl-jam-regresan-por-la-devastadora-escena-the-last-of-us\/#article\",\"isPartOf\":{\"@id\":\"https:\/\/web.consaguirre.com.ar\/noticias\/los-future-days-de-pearl-jam-regresan-por-la-devastadora-escena-the-last-of-us\/\"},\"author\":{\"name\":\"Javier Figueroa\",\"@id\":\"https:\/\/web.consaguirre.com.ar\/noticias\/#\/schema\/person\/6558b0cfedee7ddc5425602b237d5722\"},\"headline\":\"Los &#8216;Future Days&#8217; de Pearl Jam regresan por la devastadora escena &#8216;The Last of Us&#8217;\",\"datePublished\":\"2025-05-12T03:39:33+00:00\",\"dateModified\":\"2025-05-12T03:39:34+00:00\",\"mainEntityOfPage\":{\"@id\":\"https:\/\/web.consaguirre.com.ar\/noticias\/los-future-days-de-pearl-jam-regresan-por-la-devastadora-escena-the-last-of-us\/\"},\"wordCount\":398,\"publisher\":{\"@id\":\"https:\/\/web.consaguirre.com.ar\/noticias\/#organization\"},\"image\":{\"@id\":\"https:\/\/web.consaguirre.com.ar\/noticias\/los-future-days-de-pearl-jam-regresan-por-la-devastadora-escena-the-last-of-us\/#primaryimage\"},\"thumbnailUrl\":\"https:\/\/web.consaguirre.com.ar\/noticias\/wp-content\/uploads\/2025\/05\/Los-Future-Days-de-Pearl-Jam-regresan-por-la-devastadora.jpg\",\"keywords\":[\"Days\",\"devastadora\",\"escena\",\"Future\",\"Jam\",\"los\",\"Pearl\",\"por\",\"regresan\"],\"articleSection\":[\"El \u00faltimo\"],\"inLanguage\":\"es-AR\"},{\"@type\":\"WebPage\",\"@id\":\"https:\/\/web.consaguirre.com.ar\/noticias\/los-future-days-de-pearl-jam-regresan-por-la-devastadora-escena-the-last-of-us\/\",\"url\":\"https:\/\/web.consaguirre.com.ar\/noticias\/los-future-days-de-pearl-jam-regresan-por-la-devastadora-escena-the-last-of-us\/\",\"name\":\"Los 'Future Days' de Pearl Jam regresan por la devastadora escena 'The Last of Us'\",\"isPartOf\":{\"@id\":\"https:\/\/web.consaguirre.com.ar\/noticias\/#website\"},\"primaryImageOfPage\":{\"@id\":\"https:\/\/web.consaguirre.com.ar\/noticias\/los-future-days-de-pearl-jam-regresan-por-la-devastadora-escena-the-last-of-us\/#primaryimage\"},\"image\":{\"@id\":\"https:\/\/web.consaguirre.com.ar\/noticias\/los-future-days-de-pearl-jam-regresan-por-la-devastadora-escena-the-last-of-us\/#primaryimage\"},\"thumbnailUrl\":\"https:\/\/web.consaguirre.com.ar\/noticias\/wp-content\/uploads\/2025\/05\/Los-Future-Days-de-Pearl-Jam-regresan-por-la-devastadora.jpg\",\"datePublished\":\"2025-05-12T03:39:33+00:00\",\"dateModified\":\"2025-05-12T03:39:34+00:00\",\"breadcrumb\":{\"@id\":\"https:\/\/web.consaguirre.com.ar\/noticias\/los-future-days-de-pearl-jam-regresan-por-la-devastadora-escena-the-last-of-us\/#breadcrumb\"},\"inLanguage\":\"es-AR\",\"potentialAction\":[{\"@type\":\"ReadAction\",\"target\":[\"https:\/\/web.consaguirre.com.ar\/noticias\/los-future-days-de-pearl-jam-regresan-por-la-devastadora-escena-the-last-of-us\/\"]}]},{\"@type\":\"ImageObject\",\"inLanguage\":\"es-AR\",\"@id\":\"https:\/\/web.consaguirre.com.ar\/noticias\/los-future-days-de-pearl-jam-regresan-por-la-devastadora-escena-the-last-of-us\/#primaryimage\",\"url\":\"https:\/\/web.consaguirre.com.ar\/noticias\/wp-content\/uploads\/2025\/05\/Los-Future-Days-de-Pearl-Jam-regresan-por-la-devastadora.jpg\",\"contentUrl\":\"https:\/\/web.consaguirre.com.ar\/noticias\/wp-content\/uploads\/2025\/05\/Los-Future-Days-de-Pearl-Jam-regresan-por-la-devastadora.jpg\",\"width\":1280,\"height\":1280,\"caption\":\"Los 'Future Days' de Pearl Jam regresan por la devastadora escena 'The Last of Us'\"},{\"@type\":\"BreadcrumbList\",\"@id\":\"https:\/\/web.consaguirre.com.ar\/noticias\/los-future-days-de-pearl-jam-regresan-por-la-devastadora-escena-the-last-of-us\/#breadcrumb\",\"itemListElement\":[{\"@type\":\"ListItem\",\"position\":1,\"name\":\"Inicio\",\"item\":\"https:\/\/web.consaguirre.com.ar\/noticias\/\"},{\"@type\":\"ListItem\",\"position\":2,\"name\":\"Los &#8216;Future Days&#8217; de Pearl Jam regresan por la devastadora escena &#8216;The Last of Us&#8217;\"}]},{\"@type\":\"WebSite\",\"@id\":\"https:\/\/web.consaguirre.com.ar\/noticias\/#website\",\"url\":\"https:\/\/web.consaguirre.com.ar\/noticias\/\",\"name\":\"Conservatorio de M\u00fasica Juli\u00e1n Aguirre\",\"description\":\"\",\"publisher\":{\"@id\":\"https:\/\/web.consaguirre.com.ar\/noticias\/#organization\"},\"potentialAction\":[{\"@type\":\"SearchAction\",\"target\":{\"@type\":\"EntryPoint\",\"urlTemplate\":\"https:\/\/web.consaguirre.com.ar\/noticias\/?s={search_term_string}\"},\"query-input\":\"required name=search_term_string\"}],\"inLanguage\":\"es-AR\"},{\"@type\":\"Organization\",\"@id\":\"https:\/\/web.consaguirre.com.ar\/noticias\/#organization\",\"name\":\"Conservatorio de M\u00fasica Juli\u00e1n Aguirre\",\"url\":\"https:\/\/web.consaguirre.com.ar\/noticias\/\",\"logo\":{\"@type\":\"ImageObject\",\"inLanguage\":\"es-AR\",\"@id\":\"https:\/\/web.consaguirre.com.ar\/noticias\/#\/schema\/logo\/image\/\",\"url\":\"https:\/\/web.consaguirre.com.ar\/noticias\/wp-content\/uploads\/2024\/08\/Banner-Aguirre-23.jpg\",\"contentUrl\":\"https:\/\/web.consaguirre.com.ar\/noticias\/wp-content\/uploads\/2024\/08\/Banner-Aguirre-23.jpg\",\"width\":1192,\"height\":600,\"caption\":\"Conservatorio de M\u00fasica Juli\u00e1n Aguirre\"},\"image\":{\"@id\":\"https:\/\/web.consaguirre.com.ar\/noticias\/#\/schema\/logo\/image\/\"}},{\"@type\":\"Person\",\"@id\":\"https:\/\/web.consaguirre.com.ar\/noticias\/#\/schema\/person\/6558b0cfedee7ddc5425602b237d5722\",\"name\":\"Javier Figueroa\",\"image\":{\"@type\":\"ImageObject\",\"inLanguage\":\"es-AR\",\"@id\":\"https:\/\/web.consaguirre.com.ar\/noticias\/#\/schema\/person\/image\/\",\"url\":\"https:\/\/web.consaguirre.com.ar\/noticias\/wp-content\/uploads\/2024\/08\/Consaguirre-scaled.jpg\",\"contentUrl\":\"https:\/\/web.consaguirre.com.ar\/noticias\/wp-content\/uploads\/2024\/08\/Consaguirre-scaled.jpg\",\"caption\":\"Javier Figueroa\"},\"description\":\"Me llamo Javier Figueroa y soy redactor para el sitio oficial del Conservatorio de M\u00fasica Juli\u00e1n Aguirre en Buenos Aires, consaguirre.com. Apasionado por la m\u00fasica y la escritura, me esfuerzo por destacar los talentos y eventos de nuestra prestigiosa instituci\u00f3n. Mi trayectoria se nutre de una profunda admiraci\u00f3n por los artistas, haciendo de cada art\u00edculo una celebraci\u00f3n de la creatividad y la cultura musical.\",\"sameAs\":[\"https:\/\/web.consaguirre.com.ar\/noticias\"]}]}<\/script>\n<!-- \/ Yoast SEO plugin. -->","yoast_head_json":{"title":"Los 'Future Days' de Pearl Jam regresan por la devastadora escena 'The Last of Us'","robots":{"index":"index","follow":"follow","max-snippet":"max-snippet:-1","max-image-preview":"max-image-preview:large","max-video-preview":"max-video-preview:-1"},"canonical":"https:\/\/web.consaguirre.com.ar\/noticias\/los-future-days-de-pearl-jam-regresan-por-la-devastadora-escena-the-last-of-us\/","og_locale":"es_ES","og_type":"article","og_title":"Los 'Future Days' de Pearl Jam regresan por la devastadora escena 'The Last of Us'","og_description":"En esta temporada de El \u00faltimo de nosotrosEllie todav\u00eda se est\u00e1 recuperando de la p\u00e9rdida de Joel hace unas semanas, y la audiencia est\u00e1 all\u00ed","og_url":"https:\/\/web.consaguirre.com.ar\/noticias\/los-future-days-de-pearl-jam-regresan-por-la-devastadora-escena-the-last-of-us\/","og_site_name":"Conservatorio de M\u00fasica Juli\u00e1n Aguirre","article_published_time":"2025-05-12T03:39:33+00:00","article_modified_time":"2025-05-12T03:39:34+00:00","og_image":[{"width":1280,"height":1280,"url":"https:\/\/web.consaguirre.com.ar\/noticias\/wp-content\/uploads\/2025\/05\/Los-Future-Days-de-Pearl-Jam-regresan-por-la-devastadora.jpg","type":"image\/jpeg"}],"author":"Javier Figueroa","twitter_card":"summary_large_image","twitter_misc":{"Escrito por":"Javier Figueroa","Tiempo de lectura":"2 minutos"},"schema":{"@context":"https:\/\/schema.org","@graph":[{"@type":"Article","@id":"https:\/\/web.consaguirre.com.ar\/noticias\/los-future-days-de-pearl-jam-regresan-por-la-devastadora-escena-the-last-of-us\/#article","isPartOf":{"@id":"https:\/\/web.consaguirre.com.ar\/noticias\/los-future-days-de-pearl-jam-regresan-por-la-devastadora-escena-the-last-of-us\/"},"author":{"name":"Javier Figueroa","@id":"https:\/\/web.consaguirre.com.ar\/noticias\/#\/schema\/person\/6558b0cfedee7ddc5425602b237d5722"},"headline":"Los &#8216;Future Days&#8217; de Pearl Jam regresan por la devastadora escena &#8216;The Last of Us&#8217;","datePublished":"2025-05-12T03:39:33+00:00","dateModified":"2025-05-12T03:39:34+00:00","mainEntityOfPage":{"@id":"https:\/\/web.consaguirre.com.ar\/noticias\/los-future-days-de-pearl-jam-regresan-por-la-devastadora-escena-the-last-of-us\/"},"wordCount":398,"publisher":{"@id":"https:\/\/web.consaguirre.com.ar\/noticias\/#organization"},"image":{"@id":"https:\/\/web.consaguirre.com.ar\/noticias\/los-future-days-de-pearl-jam-regresan-por-la-devastadora-escena-the-last-of-us\/#primaryimage"},"thumbnailUrl":"https:\/\/web.consaguirre.com.ar\/noticias\/wp-content\/uploads\/2025\/05\/Los-Future-Days-de-Pearl-Jam-regresan-por-la-devastadora.jpg","keywords":["Days","devastadora","escena","Future","Jam","los","Pearl","por","regresan"],"articleSection":["El \u00faltimo"],"inLanguage":"es-AR"},{"@type":"WebPage","@id":"https:\/\/web.consaguirre.com.ar\/noticias\/los-future-days-de-pearl-jam-regresan-por-la-devastadora-escena-the-last-of-us\/","url":"https:\/\/web.consaguirre.com.ar\/noticias\/los-future-days-de-pearl-jam-regresan-por-la-devastadora-escena-the-last-of-us\/","name":"Los 'Future Days' de Pearl Jam regresan por la devastadora escena 'The Last of Us'","isPartOf":{"@id":"https:\/\/web.consaguirre.com.ar\/noticias\/#website"},"primaryImageOfPage":{"@id":"https:\/\/web.consaguirre.com.ar\/noticias\/los-future-days-de-pearl-jam-regresan-por-la-devastadora-escena-the-last-of-us\/#primaryimage"},"image":{"@id":"https:\/\/web.consaguirre.com.ar\/noticias\/los-future-days-de-pearl-jam-regresan-por-la-devastadora-escena-the-last-of-us\/#primaryimage"},"thumbnailUrl":"https:\/\/web.consaguirre.com.ar\/noticias\/wp-content\/uploads\/2025\/05\/Los-Future-Days-de-Pearl-Jam-regresan-por-la-devastadora.jpg","datePublished":"2025-05-12T03:39:33+00:00","dateModified":"2025-05-12T03:39:34+00:00","breadcrumb":{"@id":"https:\/\/web.consaguirre.com.ar\/noticias\/los-future-days-de-pearl-jam-regresan-por-la-devastadora-escena-the-last-of-us\/#breadcrumb"},"inLanguage":"es-AR","potentialAction":[{"@type":"ReadAction","target":["https:\/\/web.consaguirre.com.ar\/noticias\/los-future-days-de-pearl-jam-regresan-por-la-devastadora-escena-the-last-of-us\/"]}]},{"@type":"ImageObject","inLanguage":"es-AR","@id":"https:\/\/web.consaguirre.com.ar\/noticias\/los-future-days-de-pearl-jam-regresan-por-la-devastadora-escena-the-last-of-us\/#primaryimage","url":"https:\/\/web.consaguirre.com.ar\/noticias\/wp-content\/uploads\/2025\/05\/Los-Future-Days-de-Pearl-Jam-regresan-por-la-devastadora.jpg","contentUrl":"https:\/\/web.consaguirre.com.ar\/noticias\/wp-content\/uploads\/2025\/05\/Los-Future-Days-de-Pearl-Jam-regresan-por-la-devastadora.jpg","width":1280,"height":1280,"caption":"Los 'Future Days' de Pearl Jam regresan por la devastadora escena 'The Last of Us'"},{"@type":"BreadcrumbList","@id":"https:\/\/web.consaguirre.com.ar\/noticias\/los-future-days-de-pearl-jam-regresan-por-la-devastadora-escena-the-last-of-us\/#breadcrumb","itemListElement":[{"@type":"ListItem","position":1,"name":"Inicio","item":"https:\/\/web.consaguirre.com.ar\/noticias\/"},{"@type":"ListItem","position":2,"name":"Los &#8216;Future Days&#8217; de Pearl Jam regresan por la devastadora escena &#8216;The Last of Us&#8217;"}]},{"@type":"WebSite","@id":"https:\/\/web.consaguirre.com.ar\/noticias\/#website","url":"https:\/\/web.consaguirre.com.ar\/noticias\/","name":"Conservatorio de M\u00fasica Juli\u00e1n Aguirre","description":"","publisher":{"@id":"https:\/\/web.consaguirre.com.ar\/noticias\/#organization"},"potentialAction":[{"@type":"SearchAction","target":{"@type":"EntryPoint","urlTemplate":"https:\/\/web.consaguirre.com.ar\/noticias\/?s={search_term_string}"},"query-input":"required name=search_term_string"}],"inLanguage":"es-AR"},{"@type":"Organization","@id":"https:\/\/web.consaguirre.com.ar\/noticias\/#organization","name":"Conservatorio de M\u00fasica Juli\u00e1n Aguirre","url":"https:\/\/web.consaguirre.com.ar\/noticias\/","logo":{"@type":"ImageObject","inLanguage":"es-AR","@id":"https:\/\/web.consaguirre.com.ar\/noticias\/#\/schema\/logo\/image\/","url":"https:\/\/web.consaguirre.com.ar\/noticias\/wp-content\/uploads\/2024\/08\/Banner-Aguirre-23.jpg","contentUrl":"https:\/\/web.consaguirre.com.ar\/noticias\/wp-content\/uploads\/2024\/08\/Banner-Aguirre-23.jpg","width":1192,"height":600,"caption":"Conservatorio de M\u00fasica Juli\u00e1n Aguirre"},"image":{"@id":"https:\/\/web.consaguirre.com.ar\/noticias\/#\/schema\/logo\/image\/"}},{"@type":"Person","@id":"https:\/\/web.consaguirre.com.ar\/noticias\/#\/schema\/person\/6558b0cfedee7ddc5425602b237d5722","name":"Javier Figueroa","image":{"@type":"ImageObject","inLanguage":"es-AR","@id":"https:\/\/web.consaguirre.com.ar\/noticias\/#\/schema\/person\/image\/","url":"https:\/\/web.consaguirre.com.ar\/noticias\/wp-content\/uploads\/2024\/08\/Consaguirre-scaled.jpg","contentUrl":"https:\/\/web.consaguirre.com.ar\/noticias\/wp-content\/uploads\/2024\/08\/Consaguirre-scaled.jpg","caption":"Javier Figueroa"},"description":"Me llamo Javier Figueroa y soy redactor para el sitio oficial del Conservatorio de M\u00fasica Juli\u00e1n Aguirre en Buenos Aires, consaguirre.com. Apasionado por la m\u00fasica y la escritura, me esfuerzo por destacar los talentos y eventos de nuestra prestigiosa instituci\u00f3n. Mi trayectoria se nutre de una profunda admiraci\u00f3n por los artistas, haciendo de cada art\u00edculo una celebraci\u00f3n de la creatividad y la cultura musical.","sameAs":["https:\/\/web.consaguirre.com.ar\/noticias"]}]}},"_links":{"self":[{"href":"https:\/\/web.consaguirre.com.ar\/noticias\/wp-json\/wp\/v2\/posts\/2621"}],"collection":[{"href":"https:\/\/web.consaguirre.com.ar\/noticias\/wp-json\/wp\/v2\/posts"}],"about":[{"href":"https:\/\/web.consaguirre.com.ar\/noticias\/wp-json\/wp\/v2\/types\/post"}],"author":[{"embeddable":true,"href":"https:\/\/web.consaguirre.com.ar\/noticias\/wp-json\/wp\/v2\/users\/1"}],"replies":[{"embeddable":true,"href":"https:\/\/web.consaguirre.com.ar\/noticias\/wp-json\/wp\/v2\/comments?post=2621"}],"version-history":[{"count":1,"href":"https:\/\/web.consaguirre.com.ar\/noticias\/wp-json\/wp\/v2\/posts\/2621\/revisions"}],"predecessor-version":[{"id":2623,"href":"https:\/\/web.consaguirre.com.ar\/noticias\/wp-json\/wp\/v2\/posts\/2621\/revisions\/2623"}],"wp:featuredmedia":[{"embeddable":true,"href":"https:\/\/web.consaguirre.com.ar\/noticias\/wp-json\/wp\/v2\/media\/2622"}],"wp:attachment":[{"href":"https:\/\/web.consaguirre.com.ar\/noticias\/wp-json\/wp\/v2\/media?parent=2621"}],"wp:term":[{"taxonomy":"category","embeddable":true,"href":"https:\/\/web.consaguirre.com.ar\/noticias\/wp-json\/wp\/v2\/categories?post=2621"},{"taxonomy":"post_tag","embeddable":true,"href":"https:\/\/web.consaguirre.com.ar\/noticias\/wp-json\/wp\/v2\/tags?post=2621"}],"curies":[{"name":"wp","href":"https:\/\/api.w.org\/{rel}","templated":true}]}}