{"id":2612,"date":"2025-05-09T15:39:05","date_gmt":"2025-05-09T18:39:05","guid":{"rendered":"https:\/\/web.consaguirre.com.ar\/noticias\/lorde-anuncia-ultrasonido-world-tour\/"},"modified":"2025-05-09T15:39:06","modified_gmt":"2025-05-09T18:39:06","slug":"lorde-anuncia-ultrasonido-world-tour","status":"publish","type":"post","link":"https:\/\/web.consaguirre.com.ar\/noticias\/lorde-anuncia-ultrasonido-world-tour\/","title":{"rendered":"Lorde anuncia ultrasonido World Tour"},"content":{"rendered":"<p><strong>Lorde<\/strong> Finalmente est\u00e1 de regreso, y ella est\u00e1 llevando su show en el camino. Despu\u00e9s <strong>Anunciando su cuarto \u00e1lbum de estudio, <em>Virgen<\/em>la semana pasada<\/strong>La estrella del pop de Nueva Zelanda ha anunciado la Tour Mundial de la Ultrasonida, trayendo sus \u00e9xitos nuevos y viejos a lugares en Norteam\u00e9rica y Europa. <strong>Entradas para el recorrido<\/strong> Sube oficialmente el viernes 16 de mayo, con una preventa que comienza el 14 de mayo. La gira comienza en septiembre en Austin, Texas.<\/p>\n<p>&#8220;Cada programa que toco es una colaboraci\u00f3n entre t\u00fa y yo&#8221;, escribi\u00f3 Lorde en un mensaje de correo electr\u00f3nico a los fan\u00e1ticos. &#8220;Nos reunimos en una habitaci\u00f3n y hacemos m\u00fasica juntos, nuestros cuerpos y las m\u00e1quinas en busca de algo m\u00e1s grande juntos. 12 a\u00f1os de reunirnos y hacer un sonido que es solo para nosotros. Desde la \u00faltima vez que he estado eliminando capas innecesarias, encontr\u00e1ndonos m\u00e1s espacio para moverse. Creo que eso <em>Ultrasonido<\/em> podr\u00eda ser nuestra obra maestra &#8220;.<\/p>\n<div class=\"uD-YT-container\"><img decoding=\"async\" src=\"https:\/\/web.consaguirre.com.ar\/noticias\/wp-content\/uploads\/2025\/05\/1746124883_252_Lorde-anuncia-un-nuevo-album-Virgin.jpg\" alt=\"Video de YouTube\"><br \/>Haga clic para cargar video<\/div>\n<p>Lorde tambi\u00e9n traer\u00e1 algunos amigos y colaboradores especiales de gira con ella. Se confirma que los actos de apoyo Jim-E Stack y Blood Orange (tambi\u00e9n conocido como Dev Hynes) han trabajado en <em>Virgen<\/em>. La casa japonesa, el nil\u00fcfer Yanya, las cuentas de Chanel, la emperatriz de y Oklou tambi\u00e9n se unir\u00e1n a Lorde en varias fechas durante toda la temporada. Esta es la primera gira de Lorde desde que su gira de energ\u00eda solar concluy\u00f3 en 2023; Ese espect\u00e1culo la llev\u00f3 a trav\u00e9s de Am\u00e9rica Latina y Ocean\u00eda, adem\u00e1s de Norteam\u00e9rica y Europa.<\/p>\n<p><em>Virgen<\/em> saldr\u00e1 el 27 de junio, casi cuatro a\u00f1os despu\u00e9s del \u00e1lbum anterior de Lorde <em>Energ\u00eda solar<\/em> debut. &#8220;Estaba tratando de hacer un documento que reflejara mi feminidad: cruda, primaria, inocente, elegante, sincera, espiritual, mascota&#8221;, dijo el artista sobre el pr\u00f3ximo \u00e1lbum en un mensaje diferente a los fan\u00e1ticos. &#8220;Estoy orgulloso y asustado de este \u00e1lbum. No hay ning\u00fan lugar para esconderse. Creo que poner las partes m\u00e1s profundas de nosotros mismos a la m\u00fasica es lo que nos libera&#8221;. Adem\u00e1s de Hynes y Stack, tambi\u00e9n se confirma que el frecuente colaborador de Olivia Rodrigo y Chappell Roan Dan Nigro trabaj\u00f3 en el \u00e1lbum, produciendo el sencillo principal &#8220;What Was That&#8221;, que debut\u00f3 en abril.<\/p>\n<p><strong>Orden el \u00e1lbum de Lorde <em>Virgen<\/em> ahora.<\/strong><\/p>\n","protected":false},"excerpt":{"rendered":"<p>Lorde Finalmente est\u00e1 de regreso, y ella est\u00e1 llevando su show en el camino. Despu\u00e9s Anunciando su cuarto \u00e1lbum de estudio, Virgenla semana pasadaLa estrella<\/p>\n","protected":false},"author":1,"featured_media":2613,"comment_status":"closed","ping_status":"","sticky":false,"template":"","format":"standard","meta":{"footnotes":""},"categories":[50],"tags":[56,2421,1760,2483,84],"class_list":["post-2612","post","type-post","status-publish","format-standard","has-post-thumbnail","hentry","category-el-ultimo","tag-anuncia","tag-lorde","tag-tour","tag-ultrasonido","tag-world","generate-columns","tablet-grid-50","mobile-grid-100","grid-parent","grid-50"],"yoast_head":"<!-- This site is optimized with the Yoast SEO plugin v23.3 - https:\/\/yoast.com\/wordpress\/plugins\/seo\/ -->\n<title>Lorde anuncia ultrasonido World Tour<\/title>\n<meta name=\"robots\" content=\"index, follow, max-snippet:-1, max-image-preview:large, max-video-preview:-1\" \/>\n<link rel=\"canonical\" href=\"https:\/\/web.consaguirre.com.ar\/noticias\/lorde-anuncia-ultrasonido-world-tour\/\" \/>\n<meta property=\"og:locale\" content=\"es_ES\" \/>\n<meta property=\"og:type\" content=\"article\" \/>\n<meta property=\"og:title\" content=\"Lorde anuncia ultrasonido World Tour\" \/>\n<meta property=\"og:description\" content=\"Lorde Finalmente est\u00e1 de regreso, y ella est\u00e1 llevando su show en el camino. Despu\u00e9s Anunciando su cuarto \u00e1lbum de estudio, Virgenla semana pasadaLa estrella\" \/>\n<meta property=\"og:url\" content=\"https:\/\/web.consaguirre.com.ar\/noticias\/lorde-anuncia-ultrasonido-world-tour\/\" \/>\n<meta property=\"og:site_name\" content=\"Conservatorio de M\u00fasica Juli\u00e1n Aguirre\" \/>\n<meta property=\"article:published_time\" content=\"2025-05-09T18:39:05+00:00\" \/>\n<meta property=\"article:modified_time\" content=\"2025-05-09T18:39:06+00:00\" \/>\n<meta property=\"og:image\" content=\"https:\/\/web.consaguirre.com.ar\/noticias\/wp-content\/uploads\/2025\/05\/Lorde-anuncia-ultrasonido-World-Tour.jpg\" \/>\n\t<meta property=\"og:image:width\" content=\"1280\" \/>\n\t<meta property=\"og:image:height\" content=\"1280\" \/>\n\t<meta property=\"og:image:type\" content=\"image\/jpeg\" \/>\n<meta name=\"author\" content=\"Javier Figueroa\" \/>\n<meta name=\"twitter:card\" content=\"summary_large_image\" \/>\n<meta name=\"twitter:label1\" content=\"Escrito por\" \/>\n\t<meta name=\"twitter:data1\" content=\"Javier Figueroa\" \/>\n\t<meta name=\"twitter:label2\" content=\"Tiempo de lectura\" \/>\n\t<meta name=\"twitter:data2\" content=\"2 minutos\" \/>\n<script type=\"application\/ld+json\" class=\"yoast-schema-graph\">{\"@context\":\"https:\/\/schema.org\",\"@graph\":[{\"@type\":\"Article\",\"@id\":\"https:\/\/web.consaguirre.com.ar\/noticias\/lorde-anuncia-ultrasonido-world-tour\/#article\",\"isPartOf\":{\"@id\":\"https:\/\/web.consaguirre.com.ar\/noticias\/lorde-anuncia-ultrasonido-world-tour\/\"},\"author\":{\"name\":\"Javier Figueroa\",\"@id\":\"https:\/\/web.consaguirre.com.ar\/noticias\/#\/schema\/person\/6558b0cfedee7ddc5425602b237d5722\"},\"headline\":\"Lorde anuncia ultrasonido World Tour\",\"datePublished\":\"2025-05-09T18:39:05+00:00\",\"dateModified\":\"2025-05-09T18:39:06+00:00\",\"mainEntityOfPage\":{\"@id\":\"https:\/\/web.consaguirre.com.ar\/noticias\/lorde-anuncia-ultrasonido-world-tour\/\"},\"wordCount\":413,\"publisher\":{\"@id\":\"https:\/\/web.consaguirre.com.ar\/noticias\/#organization\"},\"image\":{\"@id\":\"https:\/\/web.consaguirre.com.ar\/noticias\/lorde-anuncia-ultrasonido-world-tour\/#primaryimage\"},\"thumbnailUrl\":\"https:\/\/web.consaguirre.com.ar\/noticias\/wp-content\/uploads\/2025\/05\/Lorde-anuncia-ultrasonido-World-Tour.jpg\",\"keywords\":[\"anuncia\",\"Lorde\",\"Tour\",\"ultrasonido\",\"World\"],\"articleSection\":[\"El \u00faltimo\"],\"inLanguage\":\"es-AR\"},{\"@type\":\"WebPage\",\"@id\":\"https:\/\/web.consaguirre.com.ar\/noticias\/lorde-anuncia-ultrasonido-world-tour\/\",\"url\":\"https:\/\/web.consaguirre.com.ar\/noticias\/lorde-anuncia-ultrasonido-world-tour\/\",\"name\":\"Lorde anuncia ultrasonido World Tour\",\"isPartOf\":{\"@id\":\"https:\/\/web.consaguirre.com.ar\/noticias\/#website\"},\"primaryImageOfPage\":{\"@id\":\"https:\/\/web.consaguirre.com.ar\/noticias\/lorde-anuncia-ultrasonido-world-tour\/#primaryimage\"},\"image\":{\"@id\":\"https:\/\/web.consaguirre.com.ar\/noticias\/lorde-anuncia-ultrasonido-world-tour\/#primaryimage\"},\"thumbnailUrl\":\"https:\/\/web.consaguirre.com.ar\/noticias\/wp-content\/uploads\/2025\/05\/Lorde-anuncia-ultrasonido-World-Tour.jpg\",\"datePublished\":\"2025-05-09T18:39:05+00:00\",\"dateModified\":\"2025-05-09T18:39:06+00:00\",\"breadcrumb\":{\"@id\":\"https:\/\/web.consaguirre.com.ar\/noticias\/lorde-anuncia-ultrasonido-world-tour\/#breadcrumb\"},\"inLanguage\":\"es-AR\",\"potentialAction\":[{\"@type\":\"ReadAction\",\"target\":[\"https:\/\/web.consaguirre.com.ar\/noticias\/lorde-anuncia-ultrasonido-world-tour\/\"]}]},{\"@type\":\"ImageObject\",\"inLanguage\":\"es-AR\",\"@id\":\"https:\/\/web.consaguirre.com.ar\/noticias\/lorde-anuncia-ultrasonido-world-tour\/#primaryimage\",\"url\":\"https:\/\/web.consaguirre.com.ar\/noticias\/wp-content\/uploads\/2025\/05\/Lorde-anuncia-ultrasonido-World-Tour.jpg\",\"contentUrl\":\"https:\/\/web.consaguirre.com.ar\/noticias\/wp-content\/uploads\/2025\/05\/Lorde-anuncia-ultrasonido-World-Tour.jpg\",\"width\":1280,\"height\":1280,\"caption\":\"Lorde anuncia ultrasonido World Tour\"},{\"@type\":\"BreadcrumbList\",\"@id\":\"https:\/\/web.consaguirre.com.ar\/noticias\/lorde-anuncia-ultrasonido-world-tour\/#breadcrumb\",\"itemListElement\":[{\"@type\":\"ListItem\",\"position\":1,\"name\":\"Inicio\",\"item\":\"https:\/\/web.consaguirre.com.ar\/noticias\/\"},{\"@type\":\"ListItem\",\"position\":2,\"name\":\"Lorde anuncia ultrasonido World Tour\"}]},{\"@type\":\"WebSite\",\"@id\":\"https:\/\/web.consaguirre.com.ar\/noticias\/#website\",\"url\":\"https:\/\/web.consaguirre.com.ar\/noticias\/\",\"name\":\"Conservatorio de M\u00fasica Juli\u00e1n Aguirre\",\"description\":\"\",\"publisher\":{\"@id\":\"https:\/\/web.consaguirre.com.ar\/noticias\/#organization\"},\"potentialAction\":[{\"@type\":\"SearchAction\",\"target\":{\"@type\":\"EntryPoint\",\"urlTemplate\":\"https:\/\/web.consaguirre.com.ar\/noticias\/?s={search_term_string}\"},\"query-input\":\"required name=search_term_string\"}],\"inLanguage\":\"es-AR\"},{\"@type\":\"Organization\",\"@id\":\"https:\/\/web.consaguirre.com.ar\/noticias\/#organization\",\"name\":\"Conservatorio de M\u00fasica Juli\u00e1n Aguirre\",\"url\":\"https:\/\/web.consaguirre.com.ar\/noticias\/\",\"logo\":{\"@type\":\"ImageObject\",\"inLanguage\":\"es-AR\",\"@id\":\"https:\/\/web.consaguirre.com.ar\/noticias\/#\/schema\/logo\/image\/\",\"url\":\"https:\/\/web.consaguirre.com.ar\/noticias\/wp-content\/uploads\/2024\/08\/Banner-Aguirre-23.jpg\",\"contentUrl\":\"https:\/\/web.consaguirre.com.ar\/noticias\/wp-content\/uploads\/2024\/08\/Banner-Aguirre-23.jpg\",\"width\":1192,\"height\":600,\"caption\":\"Conservatorio de M\u00fasica Juli\u00e1n Aguirre\"},\"image\":{\"@id\":\"https:\/\/web.consaguirre.com.ar\/noticias\/#\/schema\/logo\/image\/\"}},{\"@type\":\"Person\",\"@id\":\"https:\/\/web.consaguirre.com.ar\/noticias\/#\/schema\/person\/6558b0cfedee7ddc5425602b237d5722\",\"name\":\"Javier Figueroa\",\"image\":{\"@type\":\"ImageObject\",\"inLanguage\":\"es-AR\",\"@id\":\"https:\/\/web.consaguirre.com.ar\/noticias\/#\/schema\/person\/image\/\",\"url\":\"https:\/\/web.consaguirre.com.ar\/noticias\/wp-content\/uploads\/2024\/08\/Consaguirre-scaled.jpg\",\"contentUrl\":\"https:\/\/web.consaguirre.com.ar\/noticias\/wp-content\/uploads\/2024\/08\/Consaguirre-scaled.jpg\",\"caption\":\"Javier Figueroa\"},\"description\":\"Me llamo Javier Figueroa y soy redactor para el sitio oficial del Conservatorio de M\u00fasica Juli\u00e1n Aguirre en Buenos Aires, consaguirre.com. Apasionado por la m\u00fasica y la escritura, me esfuerzo por destacar los talentos y eventos de nuestra prestigiosa instituci\u00f3n. Mi trayectoria se nutre de una profunda admiraci\u00f3n por los artistas, haciendo de cada art\u00edculo una celebraci\u00f3n de la creatividad y la cultura musical.\",\"sameAs\":[\"https:\/\/web.consaguirre.com.ar\/noticias\"]}]}<\/script>\n<!-- \/ Yoast SEO plugin. -->","yoast_head_json":{"title":"Lorde anuncia ultrasonido World Tour","robots":{"index":"index","follow":"follow","max-snippet":"max-snippet:-1","max-image-preview":"max-image-preview:large","max-video-preview":"max-video-preview:-1"},"canonical":"https:\/\/web.consaguirre.com.ar\/noticias\/lorde-anuncia-ultrasonido-world-tour\/","og_locale":"es_ES","og_type":"article","og_title":"Lorde anuncia ultrasonido World Tour","og_description":"Lorde Finalmente est\u00e1 de regreso, y ella est\u00e1 llevando su show en el camino. Despu\u00e9s Anunciando su cuarto \u00e1lbum de estudio, Virgenla semana pasadaLa estrella","og_url":"https:\/\/web.consaguirre.com.ar\/noticias\/lorde-anuncia-ultrasonido-world-tour\/","og_site_name":"Conservatorio de M\u00fasica Juli\u00e1n Aguirre","article_published_time":"2025-05-09T18:39:05+00:00","article_modified_time":"2025-05-09T18:39:06+00:00","og_image":[{"width":1280,"height":1280,"url":"https:\/\/web.consaguirre.com.ar\/noticias\/wp-content\/uploads\/2025\/05\/Lorde-anuncia-ultrasonido-World-Tour.jpg","type":"image\/jpeg"}],"author":"Javier Figueroa","twitter_card":"summary_large_image","twitter_misc":{"Escrito por":"Javier Figueroa","Tiempo de lectura":"2 minutos"},"schema":{"@context":"https:\/\/schema.org","@graph":[{"@type":"Article","@id":"https:\/\/web.consaguirre.com.ar\/noticias\/lorde-anuncia-ultrasonido-world-tour\/#article","isPartOf":{"@id":"https:\/\/web.consaguirre.com.ar\/noticias\/lorde-anuncia-ultrasonido-world-tour\/"},"author":{"name":"Javier Figueroa","@id":"https:\/\/web.consaguirre.com.ar\/noticias\/#\/schema\/person\/6558b0cfedee7ddc5425602b237d5722"},"headline":"Lorde anuncia ultrasonido World Tour","datePublished":"2025-05-09T18:39:05+00:00","dateModified":"2025-05-09T18:39:06+00:00","mainEntityOfPage":{"@id":"https:\/\/web.consaguirre.com.ar\/noticias\/lorde-anuncia-ultrasonido-world-tour\/"},"wordCount":413,"publisher":{"@id":"https:\/\/web.consaguirre.com.ar\/noticias\/#organization"},"image":{"@id":"https:\/\/web.consaguirre.com.ar\/noticias\/lorde-anuncia-ultrasonido-world-tour\/#primaryimage"},"thumbnailUrl":"https:\/\/web.consaguirre.com.ar\/noticias\/wp-content\/uploads\/2025\/05\/Lorde-anuncia-ultrasonido-World-Tour.jpg","keywords":["anuncia","Lorde","Tour","ultrasonido","World"],"articleSection":["El \u00faltimo"],"inLanguage":"es-AR"},{"@type":"WebPage","@id":"https:\/\/web.consaguirre.com.ar\/noticias\/lorde-anuncia-ultrasonido-world-tour\/","url":"https:\/\/web.consaguirre.com.ar\/noticias\/lorde-anuncia-ultrasonido-world-tour\/","name":"Lorde anuncia ultrasonido World Tour","isPartOf":{"@id":"https:\/\/web.consaguirre.com.ar\/noticias\/#website"},"primaryImageOfPage":{"@id":"https:\/\/web.consaguirre.com.ar\/noticias\/lorde-anuncia-ultrasonido-world-tour\/#primaryimage"},"image":{"@id":"https:\/\/web.consaguirre.com.ar\/noticias\/lorde-anuncia-ultrasonido-world-tour\/#primaryimage"},"thumbnailUrl":"https:\/\/web.consaguirre.com.ar\/noticias\/wp-content\/uploads\/2025\/05\/Lorde-anuncia-ultrasonido-World-Tour.jpg","datePublished":"2025-05-09T18:39:05+00:00","dateModified":"2025-05-09T18:39:06+00:00","breadcrumb":{"@id":"https:\/\/web.consaguirre.com.ar\/noticias\/lorde-anuncia-ultrasonido-world-tour\/#breadcrumb"},"inLanguage":"es-AR","potentialAction":[{"@type":"ReadAction","target":["https:\/\/web.consaguirre.com.ar\/noticias\/lorde-anuncia-ultrasonido-world-tour\/"]}]},{"@type":"ImageObject","inLanguage":"es-AR","@id":"https:\/\/web.consaguirre.com.ar\/noticias\/lorde-anuncia-ultrasonido-world-tour\/#primaryimage","url":"https:\/\/web.consaguirre.com.ar\/noticias\/wp-content\/uploads\/2025\/05\/Lorde-anuncia-ultrasonido-World-Tour.jpg","contentUrl":"https:\/\/web.consaguirre.com.ar\/noticias\/wp-content\/uploads\/2025\/05\/Lorde-anuncia-ultrasonido-World-Tour.jpg","width":1280,"height":1280,"caption":"Lorde anuncia ultrasonido World Tour"},{"@type":"BreadcrumbList","@id":"https:\/\/web.consaguirre.com.ar\/noticias\/lorde-anuncia-ultrasonido-world-tour\/#breadcrumb","itemListElement":[{"@type":"ListItem","position":1,"name":"Inicio","item":"https:\/\/web.consaguirre.com.ar\/noticias\/"},{"@type":"ListItem","position":2,"name":"Lorde anuncia ultrasonido World Tour"}]},{"@type":"WebSite","@id":"https:\/\/web.consaguirre.com.ar\/noticias\/#website","url":"https:\/\/web.consaguirre.com.ar\/noticias\/","name":"Conservatorio de M\u00fasica Juli\u00e1n Aguirre","description":"","publisher":{"@id":"https:\/\/web.consaguirre.com.ar\/noticias\/#organization"},"potentialAction":[{"@type":"SearchAction","target":{"@type":"EntryPoint","urlTemplate":"https:\/\/web.consaguirre.com.ar\/noticias\/?s={search_term_string}"},"query-input":"required name=search_term_string"}],"inLanguage":"es-AR"},{"@type":"Organization","@id":"https:\/\/web.consaguirre.com.ar\/noticias\/#organization","name":"Conservatorio de M\u00fasica Juli\u00e1n Aguirre","url":"https:\/\/web.consaguirre.com.ar\/noticias\/","logo":{"@type":"ImageObject","inLanguage":"es-AR","@id":"https:\/\/web.consaguirre.com.ar\/noticias\/#\/schema\/logo\/image\/","url":"https:\/\/web.consaguirre.com.ar\/noticias\/wp-content\/uploads\/2024\/08\/Banner-Aguirre-23.jpg","contentUrl":"https:\/\/web.consaguirre.com.ar\/noticias\/wp-content\/uploads\/2024\/08\/Banner-Aguirre-23.jpg","width":1192,"height":600,"caption":"Conservatorio de M\u00fasica Juli\u00e1n Aguirre"},"image":{"@id":"https:\/\/web.consaguirre.com.ar\/noticias\/#\/schema\/logo\/image\/"}},{"@type":"Person","@id":"https:\/\/web.consaguirre.com.ar\/noticias\/#\/schema\/person\/6558b0cfedee7ddc5425602b237d5722","name":"Javier Figueroa","image":{"@type":"ImageObject","inLanguage":"es-AR","@id":"https:\/\/web.consaguirre.com.ar\/noticias\/#\/schema\/person\/image\/","url":"https:\/\/web.consaguirre.com.ar\/noticias\/wp-content\/uploads\/2024\/08\/Consaguirre-scaled.jpg","contentUrl":"https:\/\/web.consaguirre.com.ar\/noticias\/wp-content\/uploads\/2024\/08\/Consaguirre-scaled.jpg","caption":"Javier Figueroa"},"description":"Me llamo Javier Figueroa y soy redactor para el sitio oficial del Conservatorio de M\u00fasica Juli\u00e1n Aguirre en Buenos Aires, consaguirre.com. Apasionado por la m\u00fasica y la escritura, me esfuerzo por destacar los talentos y eventos de nuestra prestigiosa instituci\u00f3n. Mi trayectoria se nutre de una profunda admiraci\u00f3n por los artistas, haciendo de cada art\u00edculo una celebraci\u00f3n de la creatividad y la cultura musical.","sameAs":["https:\/\/web.consaguirre.com.ar\/noticias"]}]}},"_links":{"self":[{"href":"https:\/\/web.consaguirre.com.ar\/noticias\/wp-json\/wp\/v2\/posts\/2612"}],"collection":[{"href":"https:\/\/web.consaguirre.com.ar\/noticias\/wp-json\/wp\/v2\/posts"}],"about":[{"href":"https:\/\/web.consaguirre.com.ar\/noticias\/wp-json\/wp\/v2\/types\/post"}],"author":[{"embeddable":true,"href":"https:\/\/web.consaguirre.com.ar\/noticias\/wp-json\/wp\/v2\/users\/1"}],"replies":[{"embeddable":true,"href":"https:\/\/web.consaguirre.com.ar\/noticias\/wp-json\/wp\/v2\/comments?post=2612"}],"version-history":[{"count":1,"href":"https:\/\/web.consaguirre.com.ar\/noticias\/wp-json\/wp\/v2\/posts\/2612\/revisions"}],"predecessor-version":[{"id":2614,"href":"https:\/\/web.consaguirre.com.ar\/noticias\/wp-json\/wp\/v2\/posts\/2612\/revisions\/2614"}],"wp:featuredmedia":[{"embeddable":true,"href":"https:\/\/web.consaguirre.com.ar\/noticias\/wp-json\/wp\/v2\/media\/2613"}],"wp:attachment":[{"href":"https:\/\/web.consaguirre.com.ar\/noticias\/wp-json\/wp\/v2\/media?parent=2612"}],"wp:term":[{"taxonomy":"category","embeddable":true,"href":"https:\/\/web.consaguirre.com.ar\/noticias\/wp-json\/wp\/v2\/categories?post=2612"},{"taxonomy":"post_tag","embeddable":true,"href":"https:\/\/web.consaguirre.com.ar\/noticias\/wp-json\/wp\/v2\/tags?post=2612"}],"curies":[{"name":"wp","href":"https:\/\/api.w.org\/{rel}","templated":true}]}}