{"id":2600,"date":"2025-05-08T03:38:08","date_gmt":"2025-05-08T06:38:08","guid":{"rendered":"https:\/\/web.consaguirre.com.ar\/noticias\/aint-que-una-patada-en-la-cabeza-de-dean-martin-obtiene-un-nuevo-video-lirico\/"},"modified":"2025-05-08T03:38:08","modified_gmt":"2025-05-08T06:38:08","slug":"aint-que-una-patada-en-la-cabeza-de-dean-martin-obtiene-un-nuevo-video-lirico","status":"publish","type":"post","link":"https:\/\/web.consaguirre.com.ar\/noticias\/aint-que-una-patada-en-la-cabeza-de-dean-martin-obtiene-un-nuevo-video-lirico\/","title":{"rendered":"&#8216;Ain&#8217;t que una patada en la cabeza&#8217; de Dean Martin obtiene un nuevo video l\u00edrico"},"content":{"rendered":"<p>El pasado y el presente colisen en un nuevo video l\u00edrico para <strong>Dean Martin<\/strong>&#8220;Es atemporal&#8221; No es una patada en la cabeza &#8220;. Inspirado en la versi\u00f3n original de 1960 rat paquete de <em>Ocean&#8217;s 11<\/em>en el que Martin cant\u00f3 por primera vez el cl\u00e1sico de pop-jazz, las im\u00e1genes se basan en la secuencia del t\u00edtulo de Saul Bass para la pel\u00edcula, revitalizando un favorito del bar\u00edtono del rat Pack &#8220;King of Cool&#8221;. El video l\u00edrico llega justo antes del aniversario de la sesi\u00f3n de grabaci\u00f3n que arroj\u00f3 &#8220;Ain&#8217;t that A Kick in the Head&#8221;.<\/p>\n<p>Sammy Cahn y Jimmy Van Heusen, colaboradores habituales con <em>Ocean&#8217;s 11<\/em> El l\u00edder de Frank Sinatra, escribi\u00f3 &#8220;Ain&#8217;t That A Kick in the Head&#8221; espec\u00edficamente para la pel\u00edcula. El personaje de Martin, un cantante de Las Vegas Lounge llamado Sam Harmon que queda atrapado en el atraco de alto riesgo de Danny Ocean, interpreta la canci\u00f3n en el escenario durante la pel\u00edcula en un arreglo m\u00ednimo alternativo con el vibrafonista Red Norvo.<\/p>\n<div class=\"uD-YT-container\"><img decoding=\"async\" src=\"https:\/\/web.consaguirre.com.ar\/noticias\/wp-content\/uploads\/2025\/05\/1746686288_88_Aint-que-una-patada-en-la-cabeza-de-Dean-Martin.jpg\" alt=\"Video de YouTube\"><br \/>Haga clic para cargar video<\/div>\n<p>En la primavera de 1960, despu\u00e9s de rodar en la pel\u00edcula, Martin grab\u00f3 &#8220;Ain&#8217;t That A Kick in the Head&#8221; en Capitol Studios en Hollywood con un nuevo arreglo de Nelson Riddle, que tambi\u00e9n hab\u00eda compuesto el <em>Ocean&#8217;s 11<\/em> puntaje. La versi\u00f3n de estudio de la canci\u00f3n sali\u00f3 antes del lanzamiento de la pel\u00edcula en agosto de 1960, preparando el escenario para la pel\u00edcula pero no se rompe en las listas en ese momento.<\/p>\n<p>&#8220;No es que una patada en la cabeza&#8221; sigui\u00f3 siendo una oscuridad relativa para Martin hasta 1989, cuando el productor Ron Furmanek decidi\u00f3 incluirla en una compilaci\u00f3n de Greatest Hits llamada <em>Serie de coleccionistas de Capitolio<\/em>. Desde entonces, la canci\u00f3n ha ganado constantemente una reputaci\u00f3n como lo m\u00e1s destacado del cat\u00e1logo de Martin, que aparece en varias colecciones de \u00e9xitos, en producciones de Hollywood como <em>Los sopranos<\/em>e incluso en los videojuegos <em>Fallout: Las Vegas<\/em> y <em>Misi\u00f3n: Imposible &#8211; Protocolo Ghost<\/em>. La banda de chicos irlandeses Westlife tambi\u00e9n lo cubri\u00f3 en su \u00e1lbum de tributo a Rat Pack <em>\u2026 Perm\u00edtanos ser sinceros<\/em>. Ahora es una de las pistas m\u00e1s reconocibles y queridas de Dino.<\/p>\n<p><strong>Mira el nuevo video l\u00edrico de &#8220;Ain&#8217;t That A Kick in the Head&#8221; de Dean Martin ahora.<\/strong><\/p>\n","protected":false},"excerpt":{"rendered":"<p>El pasado y el presente colisen en un nuevo video l\u00edrico para Dean Martin&#8220;Es atemporal&#8221; No es una patada en la cabeza &#8220;. Inspirado en<\/p>\n","protected":false},"author":1,"featured_media":2601,"comment_status":"closed","ping_status":"","sticky":false,"template":"","format":"standard","meta":{"footnotes":""},"categories":[50],"tags":[2242,2474,551,2475,552,146,800,2473,191,202],"class_list":["post-2600","post","type-post","status-publish","format-standard","has-post-thumbnail","hentry","category-el-ultimo","tag-aint","tag-cabeza","tag-dean","tag-lirico","tag-martin","tag-nuevo","tag-obtiene","tag-patada","tag-una","tag-video","generate-columns","tablet-grid-50","mobile-grid-100","grid-parent","grid-50"],"yoast_head":"<!-- This site is optimized with the Yoast SEO plugin v23.3 - https:\/\/yoast.com\/wordpress\/plugins\/seo\/ -->\n<title>&#039;Ain&#039;t que una patada en la cabeza&#039; de Dean Martin obtiene un nuevo video l\u00edrico<\/title>\n<meta name=\"robots\" content=\"index, follow, max-snippet:-1, max-image-preview:large, max-video-preview:-1\" \/>\n<link rel=\"canonical\" href=\"https:\/\/web.consaguirre.com.ar\/noticias\/aint-que-una-patada-en-la-cabeza-de-dean-martin-obtiene-un-nuevo-video-lirico\/\" \/>\n<meta property=\"og:locale\" content=\"es_ES\" \/>\n<meta property=\"og:type\" content=\"article\" \/>\n<meta property=\"og:title\" content=\"&#039;Ain&#039;t que una patada en la cabeza&#039; de Dean Martin obtiene un nuevo video l\u00edrico\" \/>\n<meta property=\"og:description\" content=\"El pasado y el presente colisen en un nuevo video l\u00edrico para Dean Martin&#8220;Es atemporal&#8221; No es una patada en la cabeza &#8220;. Inspirado en\" \/>\n<meta property=\"og:url\" content=\"https:\/\/web.consaguirre.com.ar\/noticias\/aint-que-una-patada-en-la-cabeza-de-dean-martin-obtiene-un-nuevo-video-lirico\/\" \/>\n<meta property=\"og:site_name\" content=\"Conservatorio de M\u00fasica Juli\u00e1n Aguirre\" \/>\n<meta property=\"article:published_time\" content=\"2025-05-08T06:38:08+00:00\" \/>\n<meta property=\"og:image\" content=\"https:\/\/web.consaguirre.com.ar\/noticias\/wp-content\/uploads\/2025\/05\/Aint-que-una-patada-en-la-cabeza-de-Dean-Martin.jpg\" \/>\n\t<meta property=\"og:image:width\" content=\"1440\" \/>\n\t<meta property=\"og:image:height\" content=\"864\" \/>\n\t<meta property=\"og:image:type\" content=\"image\/jpeg\" \/>\n<meta name=\"author\" content=\"Javier Figueroa\" \/>\n<meta name=\"twitter:card\" content=\"summary_large_image\" \/>\n<meta name=\"twitter:label1\" content=\"Escrito por\" \/>\n\t<meta name=\"twitter:data1\" content=\"Javier Figueroa\" \/>\n\t<meta name=\"twitter:label2\" content=\"Tiempo de lectura\" \/>\n\t<meta name=\"twitter:data2\" content=\"2 minutos\" \/>\n<script type=\"application\/ld+json\" class=\"yoast-schema-graph\">{\"@context\":\"https:\/\/schema.org\",\"@graph\":[{\"@type\":\"Article\",\"@id\":\"https:\/\/web.consaguirre.com.ar\/noticias\/aint-que-una-patada-en-la-cabeza-de-dean-martin-obtiene-un-nuevo-video-lirico\/#article\",\"isPartOf\":{\"@id\":\"https:\/\/web.consaguirre.com.ar\/noticias\/aint-que-una-patada-en-la-cabeza-de-dean-martin-obtiene-un-nuevo-video-lirico\/\"},\"author\":{\"name\":\"Javier Figueroa\",\"@id\":\"https:\/\/web.consaguirre.com.ar\/noticias\/#\/schema\/person\/6558b0cfedee7ddc5425602b237d5722\"},\"headline\":\"&#8216;Ain&#8217;t que una patada en la cabeza&#8217; de Dean Martin obtiene un nuevo video l\u00edrico\",\"datePublished\":\"2025-05-08T06:38:08+00:00\",\"dateModified\":\"2025-05-08T06:38:08+00:00\",\"mainEntityOfPage\":{\"@id\":\"https:\/\/web.consaguirre.com.ar\/noticias\/aint-que-una-patada-en-la-cabeza-de-dean-martin-obtiene-un-nuevo-video-lirico\/\"},\"wordCount\":426,\"publisher\":{\"@id\":\"https:\/\/web.consaguirre.com.ar\/noticias\/#organization\"},\"image\":{\"@id\":\"https:\/\/web.consaguirre.com.ar\/noticias\/aint-que-una-patada-en-la-cabeza-de-dean-martin-obtiene-un-nuevo-video-lirico\/#primaryimage\"},\"thumbnailUrl\":\"https:\/\/web.consaguirre.com.ar\/noticias\/wp-content\/uploads\/2025\/05\/Aint-que-una-patada-en-la-cabeza-de-Dean-Martin.jpg\",\"keywords\":[\"Aint\",\"cabeza\",\"Dean\",\"l\u00edrico\",\"Martin\",\"nuevo\",\"obtiene\",\"patada\",\"una\",\"v\u00eddeo\"],\"articleSection\":[\"El \u00faltimo\"],\"inLanguage\":\"es-AR\"},{\"@type\":\"WebPage\",\"@id\":\"https:\/\/web.consaguirre.com.ar\/noticias\/aint-que-una-patada-en-la-cabeza-de-dean-martin-obtiene-un-nuevo-video-lirico\/\",\"url\":\"https:\/\/web.consaguirre.com.ar\/noticias\/aint-que-una-patada-en-la-cabeza-de-dean-martin-obtiene-un-nuevo-video-lirico\/\",\"name\":\"'Ain't que una patada en la cabeza' de Dean Martin obtiene un nuevo video l\u00edrico\",\"isPartOf\":{\"@id\":\"https:\/\/web.consaguirre.com.ar\/noticias\/#website\"},\"primaryImageOfPage\":{\"@id\":\"https:\/\/web.consaguirre.com.ar\/noticias\/aint-que-una-patada-en-la-cabeza-de-dean-martin-obtiene-un-nuevo-video-lirico\/#primaryimage\"},\"image\":{\"@id\":\"https:\/\/web.consaguirre.com.ar\/noticias\/aint-que-una-patada-en-la-cabeza-de-dean-martin-obtiene-un-nuevo-video-lirico\/#primaryimage\"},\"thumbnailUrl\":\"https:\/\/web.consaguirre.com.ar\/noticias\/wp-content\/uploads\/2025\/05\/Aint-que-una-patada-en-la-cabeza-de-Dean-Martin.jpg\",\"datePublished\":\"2025-05-08T06:38:08+00:00\",\"dateModified\":\"2025-05-08T06:38:08+00:00\",\"breadcrumb\":{\"@id\":\"https:\/\/web.consaguirre.com.ar\/noticias\/aint-que-una-patada-en-la-cabeza-de-dean-martin-obtiene-un-nuevo-video-lirico\/#breadcrumb\"},\"inLanguage\":\"es-AR\",\"potentialAction\":[{\"@type\":\"ReadAction\",\"target\":[\"https:\/\/web.consaguirre.com.ar\/noticias\/aint-que-una-patada-en-la-cabeza-de-dean-martin-obtiene-un-nuevo-video-lirico\/\"]}]},{\"@type\":\"ImageObject\",\"inLanguage\":\"es-AR\",\"@id\":\"https:\/\/web.consaguirre.com.ar\/noticias\/aint-que-una-patada-en-la-cabeza-de-dean-martin-obtiene-un-nuevo-video-lirico\/#primaryimage\",\"url\":\"https:\/\/web.consaguirre.com.ar\/noticias\/wp-content\/uploads\/2025\/05\/Aint-que-una-patada-en-la-cabeza-de-Dean-Martin.jpg\",\"contentUrl\":\"https:\/\/web.consaguirre.com.ar\/noticias\/wp-content\/uploads\/2025\/05\/Aint-que-una-patada-en-la-cabeza-de-Dean-Martin.jpg\",\"width\":1440,\"height\":864,\"caption\":\"'Ain't que una patada en la cabeza' de Dean Martin obtiene un nuevo video l\u00edrico\"},{\"@type\":\"BreadcrumbList\",\"@id\":\"https:\/\/web.consaguirre.com.ar\/noticias\/aint-que-una-patada-en-la-cabeza-de-dean-martin-obtiene-un-nuevo-video-lirico\/#breadcrumb\",\"itemListElement\":[{\"@type\":\"ListItem\",\"position\":1,\"name\":\"Inicio\",\"item\":\"https:\/\/web.consaguirre.com.ar\/noticias\/\"},{\"@type\":\"ListItem\",\"position\":2,\"name\":\"&#8216;Ain&#8217;t que una patada en la cabeza&#8217; de Dean Martin obtiene un nuevo video l\u00edrico\"}]},{\"@type\":\"WebSite\",\"@id\":\"https:\/\/web.consaguirre.com.ar\/noticias\/#website\",\"url\":\"https:\/\/web.consaguirre.com.ar\/noticias\/\",\"name\":\"Conservatorio de M\u00fasica Juli\u00e1n Aguirre\",\"description\":\"\",\"publisher\":{\"@id\":\"https:\/\/web.consaguirre.com.ar\/noticias\/#organization\"},\"potentialAction\":[{\"@type\":\"SearchAction\",\"target\":{\"@type\":\"EntryPoint\",\"urlTemplate\":\"https:\/\/web.consaguirre.com.ar\/noticias\/?s={search_term_string}\"},\"query-input\":\"required name=search_term_string\"}],\"inLanguage\":\"es-AR\"},{\"@type\":\"Organization\",\"@id\":\"https:\/\/web.consaguirre.com.ar\/noticias\/#organization\",\"name\":\"Conservatorio de M\u00fasica Juli\u00e1n Aguirre\",\"url\":\"https:\/\/web.consaguirre.com.ar\/noticias\/\",\"logo\":{\"@type\":\"ImageObject\",\"inLanguage\":\"es-AR\",\"@id\":\"https:\/\/web.consaguirre.com.ar\/noticias\/#\/schema\/logo\/image\/\",\"url\":\"https:\/\/web.consaguirre.com.ar\/noticias\/wp-content\/uploads\/2024\/08\/Banner-Aguirre-23.jpg\",\"contentUrl\":\"https:\/\/web.consaguirre.com.ar\/noticias\/wp-content\/uploads\/2024\/08\/Banner-Aguirre-23.jpg\",\"width\":1192,\"height\":600,\"caption\":\"Conservatorio de M\u00fasica Juli\u00e1n Aguirre\"},\"image\":{\"@id\":\"https:\/\/web.consaguirre.com.ar\/noticias\/#\/schema\/logo\/image\/\"}},{\"@type\":\"Person\",\"@id\":\"https:\/\/web.consaguirre.com.ar\/noticias\/#\/schema\/person\/6558b0cfedee7ddc5425602b237d5722\",\"name\":\"Javier Figueroa\",\"image\":{\"@type\":\"ImageObject\",\"inLanguage\":\"es-AR\",\"@id\":\"https:\/\/web.consaguirre.com.ar\/noticias\/#\/schema\/person\/image\/\",\"url\":\"https:\/\/web.consaguirre.com.ar\/noticias\/wp-content\/uploads\/2024\/08\/Consaguirre-scaled.jpg\",\"contentUrl\":\"https:\/\/web.consaguirre.com.ar\/noticias\/wp-content\/uploads\/2024\/08\/Consaguirre-scaled.jpg\",\"caption\":\"Javier Figueroa\"},\"description\":\"Me llamo Javier Figueroa y soy redactor para el sitio oficial del Conservatorio de M\u00fasica Juli\u00e1n Aguirre en Buenos Aires, consaguirre.com. Apasionado por la m\u00fasica y la escritura, me esfuerzo por destacar los talentos y eventos de nuestra prestigiosa instituci\u00f3n. Mi trayectoria se nutre de una profunda admiraci\u00f3n por los artistas, haciendo de cada art\u00edculo una celebraci\u00f3n de la creatividad y la cultura musical.\",\"sameAs\":[\"https:\/\/web.consaguirre.com.ar\/noticias\"]}]}<\/script>\n<!-- \/ Yoast SEO plugin. -->","yoast_head_json":{"title":"'Ain't que una patada en la cabeza' de Dean Martin obtiene un nuevo video l\u00edrico","robots":{"index":"index","follow":"follow","max-snippet":"max-snippet:-1","max-image-preview":"max-image-preview:large","max-video-preview":"max-video-preview:-1"},"canonical":"https:\/\/web.consaguirre.com.ar\/noticias\/aint-que-una-patada-en-la-cabeza-de-dean-martin-obtiene-un-nuevo-video-lirico\/","og_locale":"es_ES","og_type":"article","og_title":"'Ain't que una patada en la cabeza' de Dean Martin obtiene un nuevo video l\u00edrico","og_description":"El pasado y el presente colisen en un nuevo video l\u00edrico para Dean Martin&#8220;Es atemporal&#8221; No es una patada en la cabeza &#8220;. Inspirado en","og_url":"https:\/\/web.consaguirre.com.ar\/noticias\/aint-que-una-patada-en-la-cabeza-de-dean-martin-obtiene-un-nuevo-video-lirico\/","og_site_name":"Conservatorio de M\u00fasica Juli\u00e1n Aguirre","article_published_time":"2025-05-08T06:38:08+00:00","og_image":[{"width":1440,"height":864,"url":"https:\/\/web.consaguirre.com.ar\/noticias\/wp-content\/uploads\/2025\/05\/Aint-que-una-patada-en-la-cabeza-de-Dean-Martin.jpg","type":"image\/jpeg"}],"author":"Javier Figueroa","twitter_card":"summary_large_image","twitter_misc":{"Escrito por":"Javier Figueroa","Tiempo de lectura":"2 minutos"},"schema":{"@context":"https:\/\/schema.org","@graph":[{"@type":"Article","@id":"https:\/\/web.consaguirre.com.ar\/noticias\/aint-que-una-patada-en-la-cabeza-de-dean-martin-obtiene-un-nuevo-video-lirico\/#article","isPartOf":{"@id":"https:\/\/web.consaguirre.com.ar\/noticias\/aint-que-una-patada-en-la-cabeza-de-dean-martin-obtiene-un-nuevo-video-lirico\/"},"author":{"name":"Javier Figueroa","@id":"https:\/\/web.consaguirre.com.ar\/noticias\/#\/schema\/person\/6558b0cfedee7ddc5425602b237d5722"},"headline":"&#8216;Ain&#8217;t que una patada en la cabeza&#8217; de Dean Martin obtiene un nuevo video l\u00edrico","datePublished":"2025-05-08T06:38:08+00:00","dateModified":"2025-05-08T06:38:08+00:00","mainEntityOfPage":{"@id":"https:\/\/web.consaguirre.com.ar\/noticias\/aint-que-una-patada-en-la-cabeza-de-dean-martin-obtiene-un-nuevo-video-lirico\/"},"wordCount":426,"publisher":{"@id":"https:\/\/web.consaguirre.com.ar\/noticias\/#organization"},"image":{"@id":"https:\/\/web.consaguirre.com.ar\/noticias\/aint-que-una-patada-en-la-cabeza-de-dean-martin-obtiene-un-nuevo-video-lirico\/#primaryimage"},"thumbnailUrl":"https:\/\/web.consaguirre.com.ar\/noticias\/wp-content\/uploads\/2025\/05\/Aint-que-una-patada-en-la-cabeza-de-Dean-Martin.jpg","keywords":["Aint","cabeza","Dean","l\u00edrico","Martin","nuevo","obtiene","patada","una","v\u00eddeo"],"articleSection":["El \u00faltimo"],"inLanguage":"es-AR"},{"@type":"WebPage","@id":"https:\/\/web.consaguirre.com.ar\/noticias\/aint-que-una-patada-en-la-cabeza-de-dean-martin-obtiene-un-nuevo-video-lirico\/","url":"https:\/\/web.consaguirre.com.ar\/noticias\/aint-que-una-patada-en-la-cabeza-de-dean-martin-obtiene-un-nuevo-video-lirico\/","name":"'Ain't que una patada en la cabeza' de Dean Martin obtiene un nuevo video l\u00edrico","isPartOf":{"@id":"https:\/\/web.consaguirre.com.ar\/noticias\/#website"},"primaryImageOfPage":{"@id":"https:\/\/web.consaguirre.com.ar\/noticias\/aint-que-una-patada-en-la-cabeza-de-dean-martin-obtiene-un-nuevo-video-lirico\/#primaryimage"},"image":{"@id":"https:\/\/web.consaguirre.com.ar\/noticias\/aint-que-una-patada-en-la-cabeza-de-dean-martin-obtiene-un-nuevo-video-lirico\/#primaryimage"},"thumbnailUrl":"https:\/\/web.consaguirre.com.ar\/noticias\/wp-content\/uploads\/2025\/05\/Aint-que-una-patada-en-la-cabeza-de-Dean-Martin.jpg","datePublished":"2025-05-08T06:38:08+00:00","dateModified":"2025-05-08T06:38:08+00:00","breadcrumb":{"@id":"https:\/\/web.consaguirre.com.ar\/noticias\/aint-que-una-patada-en-la-cabeza-de-dean-martin-obtiene-un-nuevo-video-lirico\/#breadcrumb"},"inLanguage":"es-AR","potentialAction":[{"@type":"ReadAction","target":["https:\/\/web.consaguirre.com.ar\/noticias\/aint-que-una-patada-en-la-cabeza-de-dean-martin-obtiene-un-nuevo-video-lirico\/"]}]},{"@type":"ImageObject","inLanguage":"es-AR","@id":"https:\/\/web.consaguirre.com.ar\/noticias\/aint-que-una-patada-en-la-cabeza-de-dean-martin-obtiene-un-nuevo-video-lirico\/#primaryimage","url":"https:\/\/web.consaguirre.com.ar\/noticias\/wp-content\/uploads\/2025\/05\/Aint-que-una-patada-en-la-cabeza-de-Dean-Martin.jpg","contentUrl":"https:\/\/web.consaguirre.com.ar\/noticias\/wp-content\/uploads\/2025\/05\/Aint-que-una-patada-en-la-cabeza-de-Dean-Martin.jpg","width":1440,"height":864,"caption":"'Ain't que una patada en la cabeza' de Dean Martin obtiene un nuevo video l\u00edrico"},{"@type":"BreadcrumbList","@id":"https:\/\/web.consaguirre.com.ar\/noticias\/aint-que-una-patada-en-la-cabeza-de-dean-martin-obtiene-un-nuevo-video-lirico\/#breadcrumb","itemListElement":[{"@type":"ListItem","position":1,"name":"Inicio","item":"https:\/\/web.consaguirre.com.ar\/noticias\/"},{"@type":"ListItem","position":2,"name":"&#8216;Ain&#8217;t que una patada en la cabeza&#8217; de Dean Martin obtiene un nuevo video l\u00edrico"}]},{"@type":"WebSite","@id":"https:\/\/web.consaguirre.com.ar\/noticias\/#website","url":"https:\/\/web.consaguirre.com.ar\/noticias\/","name":"Conservatorio de M\u00fasica Juli\u00e1n Aguirre","description":"","publisher":{"@id":"https:\/\/web.consaguirre.com.ar\/noticias\/#organization"},"potentialAction":[{"@type":"SearchAction","target":{"@type":"EntryPoint","urlTemplate":"https:\/\/web.consaguirre.com.ar\/noticias\/?s={search_term_string}"},"query-input":"required name=search_term_string"}],"inLanguage":"es-AR"},{"@type":"Organization","@id":"https:\/\/web.consaguirre.com.ar\/noticias\/#organization","name":"Conservatorio de M\u00fasica Juli\u00e1n Aguirre","url":"https:\/\/web.consaguirre.com.ar\/noticias\/","logo":{"@type":"ImageObject","inLanguage":"es-AR","@id":"https:\/\/web.consaguirre.com.ar\/noticias\/#\/schema\/logo\/image\/","url":"https:\/\/web.consaguirre.com.ar\/noticias\/wp-content\/uploads\/2024\/08\/Banner-Aguirre-23.jpg","contentUrl":"https:\/\/web.consaguirre.com.ar\/noticias\/wp-content\/uploads\/2024\/08\/Banner-Aguirre-23.jpg","width":1192,"height":600,"caption":"Conservatorio de M\u00fasica Juli\u00e1n Aguirre"},"image":{"@id":"https:\/\/web.consaguirre.com.ar\/noticias\/#\/schema\/logo\/image\/"}},{"@type":"Person","@id":"https:\/\/web.consaguirre.com.ar\/noticias\/#\/schema\/person\/6558b0cfedee7ddc5425602b237d5722","name":"Javier Figueroa","image":{"@type":"ImageObject","inLanguage":"es-AR","@id":"https:\/\/web.consaguirre.com.ar\/noticias\/#\/schema\/person\/image\/","url":"https:\/\/web.consaguirre.com.ar\/noticias\/wp-content\/uploads\/2024\/08\/Consaguirre-scaled.jpg","contentUrl":"https:\/\/web.consaguirre.com.ar\/noticias\/wp-content\/uploads\/2024\/08\/Consaguirre-scaled.jpg","caption":"Javier Figueroa"},"description":"Me llamo Javier Figueroa y soy redactor para el sitio oficial del Conservatorio de M\u00fasica Juli\u00e1n Aguirre en Buenos Aires, consaguirre.com. Apasionado por la m\u00fasica y la escritura, me esfuerzo por destacar los talentos y eventos de nuestra prestigiosa instituci\u00f3n. Mi trayectoria se nutre de una profunda admiraci\u00f3n por los artistas, haciendo de cada art\u00edculo una celebraci\u00f3n de la creatividad y la cultura musical.","sameAs":["https:\/\/web.consaguirre.com.ar\/noticias"]}]}},"_links":{"self":[{"href":"https:\/\/web.consaguirre.com.ar\/noticias\/wp-json\/wp\/v2\/posts\/2600"}],"collection":[{"href":"https:\/\/web.consaguirre.com.ar\/noticias\/wp-json\/wp\/v2\/posts"}],"about":[{"href":"https:\/\/web.consaguirre.com.ar\/noticias\/wp-json\/wp\/v2\/types\/post"}],"author":[{"embeddable":true,"href":"https:\/\/web.consaguirre.com.ar\/noticias\/wp-json\/wp\/v2\/users\/1"}],"replies":[{"embeddable":true,"href":"https:\/\/web.consaguirre.com.ar\/noticias\/wp-json\/wp\/v2\/comments?post=2600"}],"version-history":[{"count":1,"href":"https:\/\/web.consaguirre.com.ar\/noticias\/wp-json\/wp\/v2\/posts\/2600\/revisions"}],"predecessor-version":[{"id":2602,"href":"https:\/\/web.consaguirre.com.ar\/noticias\/wp-json\/wp\/v2\/posts\/2600\/revisions\/2602"}],"wp:featuredmedia":[{"embeddable":true,"href":"https:\/\/web.consaguirre.com.ar\/noticias\/wp-json\/wp\/v2\/media\/2601"}],"wp:attachment":[{"href":"https:\/\/web.consaguirre.com.ar\/noticias\/wp-json\/wp\/v2\/media?parent=2600"}],"wp:term":[{"taxonomy":"category","embeddable":true,"href":"https:\/\/web.consaguirre.com.ar\/noticias\/wp-json\/wp\/v2\/categories?post=2600"},{"taxonomy":"post_tag","embeddable":true,"href":"https:\/\/web.consaguirre.com.ar\/noticias\/wp-json\/wp\/v2\/tags?post=2600"}],"curies":[{"name":"wp","href":"https:\/\/api.w.org\/{rel}","templated":true}]}}