{"id":2594,"date":"2025-05-07T21:38:55","date_gmt":"2025-05-08T00:38:55","guid":{"rendered":"https:\/\/web.consaguirre.com.ar\/noticias\/kid-cudi-anuncia-el-nuevo-album-now-confirma-la-fecha-de-lanzamiento-para-el-primer-sencillo\/"},"modified":"2025-05-07T21:38:56","modified_gmt":"2025-05-08T00:38:56","slug":"kid-cudi-anuncia-el-nuevo-album-now-confirma-la-fecha-de-lanzamiento-para-el-primer-sencillo","status":"publish","type":"post","link":"https:\/\/web.consaguirre.com.ar\/noticias\/kid-cudi-anuncia-el-nuevo-album-now-confirma-la-fecha-de-lanzamiento-para-el-primer-sencillo\/","title":{"rendered":"Kid Cudi anuncia el nuevo \u00e1lbum &#8216;Now!&#8217;, Confirma la fecha de lanzamiento para el primer sencillo"},"content":{"rendered":"<p><strong>Ni\u00f1o cudi<\/strong> ha aludido misteriosamente a un pr\u00f3ximo proyecto titulado <em>\u00a1AHORA!<\/em>junto con un sencillo principal llamado &#8220;Neverland&#8221;.<\/p>\n<p>Cudder recurri\u00f3 a las redes sociales la semana pasada para compartir las noticias, ofreciendo un video clip que presentaba tomas surrealistas de los viajes de Carnival junto con la leyenda: \u201cPre save save Neverland, mi primer sencillo de mi nuevo \u00e1lbum, <em>\u00a1AHORA!<\/em> En <strong>http:\/\/kidcudi.com<\/strong>. &#8221; El sitio web presenta una cuenta regresiva que caducar\u00e1 el viernes 9 de mayo a la medianoche.<\/p>\n<p>El nuevo sencillo es producido y escrito por Kid Cudi, Justin Tranter, Dan Crean, Shawn Wasabi, Ramii, Matty Spats, Jean-Baptistem y Cleo Tighte.<\/p>\n<p>Adem\u00e1s, el 7 de junio, el cortometraje de Neverland (dirigido por TI West y producido por Monkeypaw Productions) se estrenar\u00e1 en el Tribeca Film Festival.<\/p>\n<p>No se sabe mucho sobre el nuevo proyecto, aparte del hecho de que Kid Cudi colabor\u00f3 \u200b\u200bcon el c\u00e9lebre compositor Justin Tranter en el \u00e1lbum.<\/p>\n<p>El lanzamiento anterior de Kid Cudi lleg\u00f3 el a\u00f1o pasado. <em>Insano<\/em> cay\u00f3 el 12 de enero de 2024 y una edici\u00f3n de lujo, titulada <em>Insano (Mega Nitro)<\/em>lleg\u00f3 el 23 de febrero. El MC nacido en Cleveland sac\u00f3 todas las paradas para la colecci\u00f3n, incluso revelando cuatro variaciones de portada para el proyecto, con obras de arte del reconocido artista y dise\u00f1ador, Kaws.<\/p>\n<p>La \u00faltima canci\u00f3n de Cudder fue un acompa\u00f1amiento para su c\u00f3mic titulado <em>Hombre de luna<\/em>. La canci\u00f3n, titulada &#8220;The Moon Man Survive&#8221;, se lanz\u00f3 el 23 de octubre de 2024.<\/p>\n<p><strong>Compre la m\u00fasica de Kid Cudi en vinilo ahora.<\/strong><\/p>\n","protected":false},"excerpt":{"rendered":"<p>Ni\u00f1o cudi ha aludido misteriosamente a un pr\u00f3ximo proyecto titulado \u00a1AHORA!junto con un sencillo principal llamado &#8220;Neverland&#8221;. Cudder recurri\u00f3 a las redes sociales la semana<\/p>\n","protected":false},"author":1,"featured_media":2595,"comment_status":"closed","ping_status":"","sticky":false,"template":"","format":"standard","meta":{"footnotes":""},"categories":[50],"tags":[147,56,2469,2468,288,2160,237,146,154,730,204],"class_list":["post-2594","post","type-post","status-publish","format-standard","has-post-thumbnail","hentry","category-el-ultimo","tag-album","tag-anuncia","tag-confirma","tag-cudi","tag-fecha","tag-kid","tag-lanzamiento","tag-nuevo","tag-para","tag-primer","tag-sencillo","generate-columns","tablet-grid-50","mobile-grid-100","grid-parent","grid-50"],"yoast_head":"<!-- This site is optimized with the Yoast SEO plugin v23.3 - https:\/\/yoast.com\/wordpress\/plugins\/seo\/ -->\n<title>Kid Cudi anuncia el nuevo \u00e1lbum &#039;Now!&#039;, Confirma la fecha de lanzamiento para el primer sencillo<\/title>\n<meta name=\"robots\" content=\"index, follow, max-snippet:-1, max-image-preview:large, max-video-preview:-1\" \/>\n<link rel=\"canonical\" href=\"https:\/\/web.consaguirre.com.ar\/noticias\/kid-cudi-anuncia-el-nuevo-album-now-confirma-la-fecha-de-lanzamiento-para-el-primer-sencillo\/\" \/>\n<meta property=\"og:locale\" content=\"es_ES\" \/>\n<meta property=\"og:type\" content=\"article\" \/>\n<meta property=\"og:title\" content=\"Kid Cudi anuncia el nuevo \u00e1lbum &#039;Now!&#039;, Confirma la fecha de lanzamiento para el primer sencillo\" \/>\n<meta property=\"og:description\" content=\"Ni\u00f1o cudi ha aludido misteriosamente a un pr\u00f3ximo proyecto titulado \u00a1AHORA!junto con un sencillo principal llamado &#8220;Neverland&#8221;. Cudder recurri\u00f3 a las redes sociales la semana\" \/>\n<meta property=\"og:url\" content=\"https:\/\/web.consaguirre.com.ar\/noticias\/kid-cudi-anuncia-el-nuevo-album-now-confirma-la-fecha-de-lanzamiento-para-el-primer-sencillo\/\" \/>\n<meta property=\"og:site_name\" content=\"Conservatorio de M\u00fasica Juli\u00e1n Aguirre\" \/>\n<meta property=\"article:published_time\" content=\"2025-05-08T00:38:55+00:00\" \/>\n<meta property=\"article:modified_time\" content=\"2025-05-08T00:38:56+00:00\" \/>\n<meta property=\"og:image\" content=\"https:\/\/web.consaguirre.com.ar\/noticias\/wp-content\/uploads\/2025\/05\/Kid-Cudi-anuncia-el-nuevo-album-Now-Confirma-la-fecha.jpg\" \/>\n\t<meta property=\"og:image:width\" content=\"1440\" \/>\n\t<meta property=\"og:image:height\" content=\"864\" \/>\n\t<meta property=\"og:image:type\" content=\"image\/jpeg\" \/>\n<meta name=\"author\" content=\"Javier Figueroa\" \/>\n<meta name=\"twitter:card\" content=\"summary_large_image\" \/>\n<meta name=\"twitter:label1\" content=\"Escrito por\" \/>\n\t<meta name=\"twitter:data1\" content=\"Javier Figueroa\" \/>\n\t<meta name=\"twitter:label2\" content=\"Tiempo de lectura\" \/>\n\t<meta name=\"twitter:data2\" content=\"1 minuto\" \/>\n<script type=\"application\/ld+json\" class=\"yoast-schema-graph\">{\"@context\":\"https:\/\/schema.org\",\"@graph\":[{\"@type\":\"Article\",\"@id\":\"https:\/\/web.consaguirre.com.ar\/noticias\/kid-cudi-anuncia-el-nuevo-album-now-confirma-la-fecha-de-lanzamiento-para-el-primer-sencillo\/#article\",\"isPartOf\":{\"@id\":\"https:\/\/web.consaguirre.com.ar\/noticias\/kid-cudi-anuncia-el-nuevo-album-now-confirma-la-fecha-de-lanzamiento-para-el-primer-sencillo\/\"},\"author\":{\"name\":\"Javier Figueroa\",\"@id\":\"https:\/\/web.consaguirre.com.ar\/noticias\/#\/schema\/person\/6558b0cfedee7ddc5425602b237d5722\"},\"headline\":\"Kid Cudi anuncia el nuevo \u00e1lbum &#8216;Now!&#8217;, Confirma la fecha de lanzamiento para el primer sencillo\",\"datePublished\":\"2025-05-08T00:38:55+00:00\",\"dateModified\":\"2025-05-08T00:38:56+00:00\",\"mainEntityOfPage\":{\"@id\":\"https:\/\/web.consaguirre.com.ar\/noticias\/kid-cudi-anuncia-el-nuevo-album-now-confirma-la-fecha-de-lanzamiento-para-el-primer-sencillo\/\"},\"wordCount\":278,\"publisher\":{\"@id\":\"https:\/\/web.consaguirre.com.ar\/noticias\/#organization\"},\"image\":{\"@id\":\"https:\/\/web.consaguirre.com.ar\/noticias\/kid-cudi-anuncia-el-nuevo-album-now-confirma-la-fecha-de-lanzamiento-para-el-primer-sencillo\/#primaryimage\"},\"thumbnailUrl\":\"https:\/\/web.consaguirre.com.ar\/noticias\/wp-content\/uploads\/2025\/05\/Kid-Cudi-anuncia-el-nuevo-album-Now-Confirma-la-fecha.jpg\",\"keywords\":[\"\u00e1lbum\",\"anuncia\",\"Confirma\",\"Cudi\",\"fecha\",\"Kid\",\"lanzamiento\",\"nuevo\",\"para\",\"primer\",\"sencillo\"],\"articleSection\":[\"El \u00faltimo\"],\"inLanguage\":\"es-AR\"},{\"@type\":\"WebPage\",\"@id\":\"https:\/\/web.consaguirre.com.ar\/noticias\/kid-cudi-anuncia-el-nuevo-album-now-confirma-la-fecha-de-lanzamiento-para-el-primer-sencillo\/\",\"url\":\"https:\/\/web.consaguirre.com.ar\/noticias\/kid-cudi-anuncia-el-nuevo-album-now-confirma-la-fecha-de-lanzamiento-para-el-primer-sencillo\/\",\"name\":\"Kid Cudi anuncia el nuevo \u00e1lbum 'Now!', Confirma la fecha de lanzamiento para el primer sencillo\",\"isPartOf\":{\"@id\":\"https:\/\/web.consaguirre.com.ar\/noticias\/#website\"},\"primaryImageOfPage\":{\"@id\":\"https:\/\/web.consaguirre.com.ar\/noticias\/kid-cudi-anuncia-el-nuevo-album-now-confirma-la-fecha-de-lanzamiento-para-el-primer-sencillo\/#primaryimage\"},\"image\":{\"@id\":\"https:\/\/web.consaguirre.com.ar\/noticias\/kid-cudi-anuncia-el-nuevo-album-now-confirma-la-fecha-de-lanzamiento-para-el-primer-sencillo\/#primaryimage\"},\"thumbnailUrl\":\"https:\/\/web.consaguirre.com.ar\/noticias\/wp-content\/uploads\/2025\/05\/Kid-Cudi-anuncia-el-nuevo-album-Now-Confirma-la-fecha.jpg\",\"datePublished\":\"2025-05-08T00:38:55+00:00\",\"dateModified\":\"2025-05-08T00:38:56+00:00\",\"breadcrumb\":{\"@id\":\"https:\/\/web.consaguirre.com.ar\/noticias\/kid-cudi-anuncia-el-nuevo-album-now-confirma-la-fecha-de-lanzamiento-para-el-primer-sencillo\/#breadcrumb\"},\"inLanguage\":\"es-AR\",\"potentialAction\":[{\"@type\":\"ReadAction\",\"target\":[\"https:\/\/web.consaguirre.com.ar\/noticias\/kid-cudi-anuncia-el-nuevo-album-now-confirma-la-fecha-de-lanzamiento-para-el-primer-sencillo\/\"]}]},{\"@type\":\"ImageObject\",\"inLanguage\":\"es-AR\",\"@id\":\"https:\/\/web.consaguirre.com.ar\/noticias\/kid-cudi-anuncia-el-nuevo-album-now-confirma-la-fecha-de-lanzamiento-para-el-primer-sencillo\/#primaryimage\",\"url\":\"https:\/\/web.consaguirre.com.ar\/noticias\/wp-content\/uploads\/2025\/05\/Kid-Cudi-anuncia-el-nuevo-album-Now-Confirma-la-fecha.jpg\",\"contentUrl\":\"https:\/\/web.consaguirre.com.ar\/noticias\/wp-content\/uploads\/2025\/05\/Kid-Cudi-anuncia-el-nuevo-album-Now-Confirma-la-fecha.jpg\",\"width\":1440,\"height\":864,\"caption\":\"Kid Cudi anuncia el nuevo \u00e1lbum 'Now!', Confirma la fecha de lanzamiento para el primer sencillo\"},{\"@type\":\"BreadcrumbList\",\"@id\":\"https:\/\/web.consaguirre.com.ar\/noticias\/kid-cudi-anuncia-el-nuevo-album-now-confirma-la-fecha-de-lanzamiento-para-el-primer-sencillo\/#breadcrumb\",\"itemListElement\":[{\"@type\":\"ListItem\",\"position\":1,\"name\":\"Inicio\",\"item\":\"https:\/\/web.consaguirre.com.ar\/noticias\/\"},{\"@type\":\"ListItem\",\"position\":2,\"name\":\"Kid Cudi anuncia el nuevo \u00e1lbum &#8216;Now!&#8217;, Confirma la fecha de lanzamiento para el primer sencillo\"}]},{\"@type\":\"WebSite\",\"@id\":\"https:\/\/web.consaguirre.com.ar\/noticias\/#website\",\"url\":\"https:\/\/web.consaguirre.com.ar\/noticias\/\",\"name\":\"Conservatorio de M\u00fasica Juli\u00e1n Aguirre\",\"description\":\"\",\"publisher\":{\"@id\":\"https:\/\/web.consaguirre.com.ar\/noticias\/#organization\"},\"potentialAction\":[{\"@type\":\"SearchAction\",\"target\":{\"@type\":\"EntryPoint\",\"urlTemplate\":\"https:\/\/web.consaguirre.com.ar\/noticias\/?s={search_term_string}\"},\"query-input\":\"required name=search_term_string\"}],\"inLanguage\":\"es-AR\"},{\"@type\":\"Organization\",\"@id\":\"https:\/\/web.consaguirre.com.ar\/noticias\/#organization\",\"name\":\"Conservatorio de M\u00fasica Juli\u00e1n Aguirre\",\"url\":\"https:\/\/web.consaguirre.com.ar\/noticias\/\",\"logo\":{\"@type\":\"ImageObject\",\"inLanguage\":\"es-AR\",\"@id\":\"https:\/\/web.consaguirre.com.ar\/noticias\/#\/schema\/logo\/image\/\",\"url\":\"https:\/\/web.consaguirre.com.ar\/noticias\/wp-content\/uploads\/2024\/08\/Banner-Aguirre-23.jpg\",\"contentUrl\":\"https:\/\/web.consaguirre.com.ar\/noticias\/wp-content\/uploads\/2024\/08\/Banner-Aguirre-23.jpg\",\"width\":1192,\"height\":600,\"caption\":\"Conservatorio de M\u00fasica Juli\u00e1n Aguirre\"},\"image\":{\"@id\":\"https:\/\/web.consaguirre.com.ar\/noticias\/#\/schema\/logo\/image\/\"}},{\"@type\":\"Person\",\"@id\":\"https:\/\/web.consaguirre.com.ar\/noticias\/#\/schema\/person\/6558b0cfedee7ddc5425602b237d5722\",\"name\":\"Javier Figueroa\",\"image\":{\"@type\":\"ImageObject\",\"inLanguage\":\"es-AR\",\"@id\":\"https:\/\/web.consaguirre.com.ar\/noticias\/#\/schema\/person\/image\/\",\"url\":\"https:\/\/web.consaguirre.com.ar\/noticias\/wp-content\/uploads\/2024\/08\/Consaguirre-scaled.jpg\",\"contentUrl\":\"https:\/\/web.consaguirre.com.ar\/noticias\/wp-content\/uploads\/2024\/08\/Consaguirre-scaled.jpg\",\"caption\":\"Javier Figueroa\"},\"description\":\"Me llamo Javier Figueroa y soy redactor para el sitio oficial del Conservatorio de M\u00fasica Juli\u00e1n Aguirre en Buenos Aires, consaguirre.com. Apasionado por la m\u00fasica y la escritura, me esfuerzo por destacar los talentos y eventos de nuestra prestigiosa instituci\u00f3n. Mi trayectoria se nutre de una profunda admiraci\u00f3n por los artistas, haciendo de cada art\u00edculo una celebraci\u00f3n de la creatividad y la cultura musical.\",\"sameAs\":[\"https:\/\/web.consaguirre.com.ar\/noticias\"]}]}<\/script>\n<!-- \/ Yoast SEO plugin. -->","yoast_head_json":{"title":"Kid Cudi anuncia el nuevo \u00e1lbum 'Now!', Confirma la fecha de lanzamiento para el primer sencillo","robots":{"index":"index","follow":"follow","max-snippet":"max-snippet:-1","max-image-preview":"max-image-preview:large","max-video-preview":"max-video-preview:-1"},"canonical":"https:\/\/web.consaguirre.com.ar\/noticias\/kid-cudi-anuncia-el-nuevo-album-now-confirma-la-fecha-de-lanzamiento-para-el-primer-sencillo\/","og_locale":"es_ES","og_type":"article","og_title":"Kid Cudi anuncia el nuevo \u00e1lbum 'Now!', Confirma la fecha de lanzamiento para el primer sencillo","og_description":"Ni\u00f1o cudi ha aludido misteriosamente a un pr\u00f3ximo proyecto titulado \u00a1AHORA!junto con un sencillo principal llamado &#8220;Neverland&#8221;. Cudder recurri\u00f3 a las redes sociales la semana","og_url":"https:\/\/web.consaguirre.com.ar\/noticias\/kid-cudi-anuncia-el-nuevo-album-now-confirma-la-fecha-de-lanzamiento-para-el-primer-sencillo\/","og_site_name":"Conservatorio de M\u00fasica Juli\u00e1n Aguirre","article_published_time":"2025-05-08T00:38:55+00:00","article_modified_time":"2025-05-08T00:38:56+00:00","og_image":[{"width":1440,"height":864,"url":"https:\/\/web.consaguirre.com.ar\/noticias\/wp-content\/uploads\/2025\/05\/Kid-Cudi-anuncia-el-nuevo-album-Now-Confirma-la-fecha.jpg","type":"image\/jpeg"}],"author":"Javier Figueroa","twitter_card":"summary_large_image","twitter_misc":{"Escrito por":"Javier Figueroa","Tiempo de lectura":"1 minuto"},"schema":{"@context":"https:\/\/schema.org","@graph":[{"@type":"Article","@id":"https:\/\/web.consaguirre.com.ar\/noticias\/kid-cudi-anuncia-el-nuevo-album-now-confirma-la-fecha-de-lanzamiento-para-el-primer-sencillo\/#article","isPartOf":{"@id":"https:\/\/web.consaguirre.com.ar\/noticias\/kid-cudi-anuncia-el-nuevo-album-now-confirma-la-fecha-de-lanzamiento-para-el-primer-sencillo\/"},"author":{"name":"Javier Figueroa","@id":"https:\/\/web.consaguirre.com.ar\/noticias\/#\/schema\/person\/6558b0cfedee7ddc5425602b237d5722"},"headline":"Kid Cudi anuncia el nuevo \u00e1lbum &#8216;Now!&#8217;, Confirma la fecha de lanzamiento para el primer sencillo","datePublished":"2025-05-08T00:38:55+00:00","dateModified":"2025-05-08T00:38:56+00:00","mainEntityOfPage":{"@id":"https:\/\/web.consaguirre.com.ar\/noticias\/kid-cudi-anuncia-el-nuevo-album-now-confirma-la-fecha-de-lanzamiento-para-el-primer-sencillo\/"},"wordCount":278,"publisher":{"@id":"https:\/\/web.consaguirre.com.ar\/noticias\/#organization"},"image":{"@id":"https:\/\/web.consaguirre.com.ar\/noticias\/kid-cudi-anuncia-el-nuevo-album-now-confirma-la-fecha-de-lanzamiento-para-el-primer-sencillo\/#primaryimage"},"thumbnailUrl":"https:\/\/web.consaguirre.com.ar\/noticias\/wp-content\/uploads\/2025\/05\/Kid-Cudi-anuncia-el-nuevo-album-Now-Confirma-la-fecha.jpg","keywords":["\u00e1lbum","anuncia","Confirma","Cudi","fecha","Kid","lanzamiento","nuevo","para","primer","sencillo"],"articleSection":["El \u00faltimo"],"inLanguage":"es-AR"},{"@type":"WebPage","@id":"https:\/\/web.consaguirre.com.ar\/noticias\/kid-cudi-anuncia-el-nuevo-album-now-confirma-la-fecha-de-lanzamiento-para-el-primer-sencillo\/","url":"https:\/\/web.consaguirre.com.ar\/noticias\/kid-cudi-anuncia-el-nuevo-album-now-confirma-la-fecha-de-lanzamiento-para-el-primer-sencillo\/","name":"Kid Cudi anuncia el nuevo \u00e1lbum 'Now!', Confirma la fecha de lanzamiento para el primer sencillo","isPartOf":{"@id":"https:\/\/web.consaguirre.com.ar\/noticias\/#website"},"primaryImageOfPage":{"@id":"https:\/\/web.consaguirre.com.ar\/noticias\/kid-cudi-anuncia-el-nuevo-album-now-confirma-la-fecha-de-lanzamiento-para-el-primer-sencillo\/#primaryimage"},"image":{"@id":"https:\/\/web.consaguirre.com.ar\/noticias\/kid-cudi-anuncia-el-nuevo-album-now-confirma-la-fecha-de-lanzamiento-para-el-primer-sencillo\/#primaryimage"},"thumbnailUrl":"https:\/\/web.consaguirre.com.ar\/noticias\/wp-content\/uploads\/2025\/05\/Kid-Cudi-anuncia-el-nuevo-album-Now-Confirma-la-fecha.jpg","datePublished":"2025-05-08T00:38:55+00:00","dateModified":"2025-05-08T00:38:56+00:00","breadcrumb":{"@id":"https:\/\/web.consaguirre.com.ar\/noticias\/kid-cudi-anuncia-el-nuevo-album-now-confirma-la-fecha-de-lanzamiento-para-el-primer-sencillo\/#breadcrumb"},"inLanguage":"es-AR","potentialAction":[{"@type":"ReadAction","target":["https:\/\/web.consaguirre.com.ar\/noticias\/kid-cudi-anuncia-el-nuevo-album-now-confirma-la-fecha-de-lanzamiento-para-el-primer-sencillo\/"]}]},{"@type":"ImageObject","inLanguage":"es-AR","@id":"https:\/\/web.consaguirre.com.ar\/noticias\/kid-cudi-anuncia-el-nuevo-album-now-confirma-la-fecha-de-lanzamiento-para-el-primer-sencillo\/#primaryimage","url":"https:\/\/web.consaguirre.com.ar\/noticias\/wp-content\/uploads\/2025\/05\/Kid-Cudi-anuncia-el-nuevo-album-Now-Confirma-la-fecha.jpg","contentUrl":"https:\/\/web.consaguirre.com.ar\/noticias\/wp-content\/uploads\/2025\/05\/Kid-Cudi-anuncia-el-nuevo-album-Now-Confirma-la-fecha.jpg","width":1440,"height":864,"caption":"Kid Cudi anuncia el nuevo \u00e1lbum 'Now!', Confirma la fecha de lanzamiento para el primer sencillo"},{"@type":"BreadcrumbList","@id":"https:\/\/web.consaguirre.com.ar\/noticias\/kid-cudi-anuncia-el-nuevo-album-now-confirma-la-fecha-de-lanzamiento-para-el-primer-sencillo\/#breadcrumb","itemListElement":[{"@type":"ListItem","position":1,"name":"Inicio","item":"https:\/\/web.consaguirre.com.ar\/noticias\/"},{"@type":"ListItem","position":2,"name":"Kid Cudi anuncia el nuevo \u00e1lbum &#8216;Now!&#8217;, Confirma la fecha de lanzamiento para el primer sencillo"}]},{"@type":"WebSite","@id":"https:\/\/web.consaguirre.com.ar\/noticias\/#website","url":"https:\/\/web.consaguirre.com.ar\/noticias\/","name":"Conservatorio de M\u00fasica Juli\u00e1n Aguirre","description":"","publisher":{"@id":"https:\/\/web.consaguirre.com.ar\/noticias\/#organization"},"potentialAction":[{"@type":"SearchAction","target":{"@type":"EntryPoint","urlTemplate":"https:\/\/web.consaguirre.com.ar\/noticias\/?s={search_term_string}"},"query-input":"required name=search_term_string"}],"inLanguage":"es-AR"},{"@type":"Organization","@id":"https:\/\/web.consaguirre.com.ar\/noticias\/#organization","name":"Conservatorio de M\u00fasica Juli\u00e1n Aguirre","url":"https:\/\/web.consaguirre.com.ar\/noticias\/","logo":{"@type":"ImageObject","inLanguage":"es-AR","@id":"https:\/\/web.consaguirre.com.ar\/noticias\/#\/schema\/logo\/image\/","url":"https:\/\/web.consaguirre.com.ar\/noticias\/wp-content\/uploads\/2024\/08\/Banner-Aguirre-23.jpg","contentUrl":"https:\/\/web.consaguirre.com.ar\/noticias\/wp-content\/uploads\/2024\/08\/Banner-Aguirre-23.jpg","width":1192,"height":600,"caption":"Conservatorio de M\u00fasica Juli\u00e1n Aguirre"},"image":{"@id":"https:\/\/web.consaguirre.com.ar\/noticias\/#\/schema\/logo\/image\/"}},{"@type":"Person","@id":"https:\/\/web.consaguirre.com.ar\/noticias\/#\/schema\/person\/6558b0cfedee7ddc5425602b237d5722","name":"Javier Figueroa","image":{"@type":"ImageObject","inLanguage":"es-AR","@id":"https:\/\/web.consaguirre.com.ar\/noticias\/#\/schema\/person\/image\/","url":"https:\/\/web.consaguirre.com.ar\/noticias\/wp-content\/uploads\/2024\/08\/Consaguirre-scaled.jpg","contentUrl":"https:\/\/web.consaguirre.com.ar\/noticias\/wp-content\/uploads\/2024\/08\/Consaguirre-scaled.jpg","caption":"Javier Figueroa"},"description":"Me llamo Javier Figueroa y soy redactor para el sitio oficial del Conservatorio de M\u00fasica Juli\u00e1n Aguirre en Buenos Aires, consaguirre.com. Apasionado por la m\u00fasica y la escritura, me esfuerzo por destacar los talentos y eventos de nuestra prestigiosa instituci\u00f3n. Mi trayectoria se nutre de una profunda admiraci\u00f3n por los artistas, haciendo de cada art\u00edculo una celebraci\u00f3n de la creatividad y la cultura musical.","sameAs":["https:\/\/web.consaguirre.com.ar\/noticias"]}]}},"_links":{"self":[{"href":"https:\/\/web.consaguirre.com.ar\/noticias\/wp-json\/wp\/v2\/posts\/2594"}],"collection":[{"href":"https:\/\/web.consaguirre.com.ar\/noticias\/wp-json\/wp\/v2\/posts"}],"about":[{"href":"https:\/\/web.consaguirre.com.ar\/noticias\/wp-json\/wp\/v2\/types\/post"}],"author":[{"embeddable":true,"href":"https:\/\/web.consaguirre.com.ar\/noticias\/wp-json\/wp\/v2\/users\/1"}],"replies":[{"embeddable":true,"href":"https:\/\/web.consaguirre.com.ar\/noticias\/wp-json\/wp\/v2\/comments?post=2594"}],"version-history":[{"count":1,"href":"https:\/\/web.consaguirre.com.ar\/noticias\/wp-json\/wp\/v2\/posts\/2594\/revisions"}],"predecessor-version":[{"id":2596,"href":"https:\/\/web.consaguirre.com.ar\/noticias\/wp-json\/wp\/v2\/posts\/2594\/revisions\/2596"}],"wp:featuredmedia":[{"embeddable":true,"href":"https:\/\/web.consaguirre.com.ar\/noticias\/wp-json\/wp\/v2\/media\/2595"}],"wp:attachment":[{"href":"https:\/\/web.consaguirre.com.ar\/noticias\/wp-json\/wp\/v2\/media?parent=2594"}],"wp:term":[{"taxonomy":"category","embeddable":true,"href":"https:\/\/web.consaguirre.com.ar\/noticias\/wp-json\/wp\/v2\/categories?post=2594"},{"taxonomy":"post_tag","embeddable":true,"href":"https:\/\/web.consaguirre.com.ar\/noticias\/wp-json\/wp\/v2\/tags?post=2594"}],"curies":[{"name":"wp","href":"https:\/\/api.w.org\/{rel}","templated":true}]}}