{"id":257,"date":"2024-08-28T01:39:08","date_gmt":"2024-08-28T04:39:08","guid":{"rendered":"https:\/\/web.consaguirre.com.ar\/noticias\/los-beastie-boys-comparten-la-interpretacion-de-so-whatcha-want-de-1992-con-cypress-hill\/"},"modified":"2024-09-08T16:27:50","modified_gmt":"2024-09-08T19:27:50","slug":"los-beastie-boys-comparten-la-interpretacion-de-so-whatcha-want-de-1992-con-cypress-hill","status":"publish","type":"post","link":"https:\/\/web.consaguirre.com.ar\/noticias\/los-beastie-boys-comparten-la-interpretacion-de-so-whatcha-want-de-1992-con-cypress-hill\/","title":{"rendered":"Los Beastie Boys comparten la interpretaci\u00f3n de &#8216;So What&#8217;Cha Want&#8217; de 1992 con Cypress Hill"},"content":{"rendered":"<p><strong>Chicos beastie<\/strong> han presentado un v\u00eddeo de una actuaci\u00f3n en directo de un concierto de 1992 en el que interpretaron &#8220;So What&#8217;Cha Want&#8221; con <strong>Colina de los cipreses<\/strong>El video remasterizado fue filmado originalmente en vivo en el Auditorio C\u00edvico Bill Graham por Ari Marcopoulos.<\/p>\n<p><strong>Pide la nueva edici\u00f3n de Beastie Boys <em>Mala comunicaci\u00f3n<\/em> ahora.<\/strong><\/p>\n<p>El nuevo clip lleg\u00f3 poco despu\u00e9s <strong>Anuncio rock<\/strong> y <strong>Mike D<\/strong> del grupo que pas\u00f3 por el podcast de Conan O&#8217;Brien, <em>Conan O&#8217;Brien necesita un amigo<\/em>. <strong>El d\u00fao habl\u00f3 sobre la historia del grupo, el fallecido Adam Yauch y mucho m\u00e1s.<\/strong><\/p>\n<p>Hablaron de la visi\u00f3n de Adam Yauch y de su esp\u00edritu incansable hacia los Beastie Boys. \u201c\u00c9l fue el tipo que tuvo la idea m\u00e1s loca que cualquiera podr\u00eda tener en la sala, y luego apareci\u00f3 al d\u00eda siguiente con el equipo que lo har\u00eda posible\u201d, dijo Mike. \u201cY luego lo est\u00e1s haciendo\u201d.<\/p>\n<p>Ad-Rock agreg\u00f3: \u201cSin embargo, no hicimos todo lo que \u00e9l dec\u00eda\u201d, a lo que Mike respondi\u00f3 en tono de broma: \u201cAfortunadamente, s\u00ed\u201d.<\/p>\n<p>\u201cQuer\u00eda hacer un recorrido submarino\u2026 Realmente lo pens\u00f3 mucho, ten\u00eda dibujos y todo\u201d, continu\u00f3 Ad-Rock.<\/p>\n<p>Mike D intervino para decir: \u201cHubo una fascinaci\u00f3n por la ciudad perdida de Atl\u00e1ntida que perdur\u00f3 por un tiempo\u201d.<\/p>\n<p>En otra parte de la entrevista, Ad-Rock habl\u00f3 sobre c\u00f3mo era ser amigo de Conan. Conan dijo que Ad-Rock hizo que pareciera que estaba tratando de venderle un Kia.<\/p>\n<p>Ad-Rock intervino: \u201c\u00a1Tengo un Kia!\u201d. Luego, Mike le explic\u00f3 la situaci\u00f3n de su viejo auto.<\/p>\n<p>Ad-Rock comenz\u00f3 diciendo: \u201cEs asqueroso\u201d, antes de que Mike D preguntara: \u201c\u00bfPuedo intervenir?\u201d. Despu\u00e9s de que le dieran permiso, continu\u00f3: \u201cEs repugnante. Cereales viejos y apelmazados. Es asqueroso\u201d.<\/p>\n<p>El rapero nacido como Adam Horovitz se defendi\u00f3 diciendo: &#8220;No como cereales en mi coche. No soy un animal&#8221;.<\/p>\n<p>A fines del mes pasado, Grand Royal, Capitol Records y UMe compartieron una edici\u00f3n del 30.\u00b0 aniversario del cl\u00e1sico \u00e1lbum de Beastie Boys. <strong><em>Mala comunicaci\u00f3n<\/em><\/strong>que se estren\u00f3 el 26 de julio.<\/p>\n<p>Las ediciones incluyen una Edici\u00f3n Deluxe de 3 LP que resucita una versi\u00f3n rara del \u00e1lbum originalmente lanzado como una edici\u00f3n limitada en 2009.<\/p>\n<p>Agotado desde hace mucho tiempo y buscado por fan\u00e1ticos y coleccionistas, el <em>Mala comunicaci\u00f3n<\/em> La edici\u00f3n de vinilo del 30.\u00b0 aniversario presenta una portada lenticular e incluye un tercer LP con 12 pistas adicionales (que incluyen rarezas, incluida una versi\u00f3n en vivo de &#8220;The Maestro&#8221; de 1992). <em>Revisa tu cabeza<\/em>\u201cMullet Head\u201d y diez remixes m\u00e1s, caras B y rarezas variadas), todo alojado en un estuche r\u00edgido y prensado en vinilo de 180 g.<\/p>\n<p>Tambi\u00e9n est\u00e1 disponible una edici\u00f3n limitada en casete del \u00e1lbum original, lo que marca la primera vez en d\u00e9cadas. <em>Mala comunicaci\u00f3n<\/em> est\u00e1 disponible en el formato.<\/p>\n<p><strong>Pide la nueva edici\u00f3n de Beastie Boys <em>Mala comunicaci\u00f3n<\/em> ahora.<\/strong><\/p>\n","protected":false},"excerpt":{"rendered":"<p>Chicos beastie han presentado un v\u00eddeo de una actuaci\u00f3n en directo de un concierto de 1992 en el que interpretaron &#8220;So What&#8217;Cha Want&#8221; con Colina<\/p>\n","protected":false},"author":1,"featured_media":258,"comment_status":"closed","ping_status":"open","sticky":false,"template":"","format":"standard","meta":{"footnotes":""},"categories":[50],"tags":[192,193,194,32,197,198,195,180,196],"class_list":["post-257","post","type-post","status-publish","format-standard","has-post-thumbnail","hentry","category-el-ultimo","tag-beastie","tag-boys","tag-comparten","tag-con","tag-cypress","tag-hill","tag-interpretacion","tag-los","tag-whatcha","generate-columns","tablet-grid-50","mobile-grid-100","grid-parent","grid-50"],"yoast_head":"<!-- This site is optimized with the Yoast SEO plugin v23.3 - https:\/\/yoast.com\/wordpress\/plugins\/seo\/ -->\n<title>Los Beastie Boys comparten la interpretaci\u00f3n de &#039;So What&#039;Cha Want&#039; de 1992 con Cypress Hill<\/title>\n<meta name=\"robots\" content=\"index, follow, max-snippet:-1, max-image-preview:large, max-video-preview:-1\" \/>\n<link rel=\"canonical\" href=\"https:\/\/web.consaguirre.com.ar\/noticias\/los-beastie-boys-comparten-la-interpretacion-de-so-whatcha-want-de-1992-con-cypress-hill\/\" \/>\n<meta property=\"og:locale\" content=\"es_ES\" \/>\n<meta property=\"og:type\" content=\"article\" \/>\n<meta property=\"og:title\" content=\"Los Beastie Boys comparten la interpretaci\u00f3n de &#039;So What&#039;Cha Want&#039; de 1992 con Cypress Hill\" \/>\n<meta property=\"og:description\" content=\"Chicos beastie han presentado un v\u00eddeo de una actuaci\u00f3n en directo de un concierto de 1992 en el que interpretaron &#8220;So What&#8217;Cha Want&#8221; con Colina\" \/>\n<meta property=\"og:url\" content=\"https:\/\/web.consaguirre.com.ar\/noticias\/los-beastie-boys-comparten-la-interpretacion-de-so-whatcha-want-de-1992-con-cypress-hill\/\" \/>\n<meta property=\"og:site_name\" content=\"Conservatorio de M\u00fasica Juli\u00e1n Aguirre\" \/>\n<meta property=\"article:published_time\" content=\"2024-08-28T04:39:08+00:00\" \/>\n<meta property=\"article:modified_time\" content=\"2024-09-08T19:27:50+00:00\" \/>\n<meta property=\"og:image\" content=\"https:\/\/web.consaguirre.com.ar\/noticias\/wp-content\/uploads\/2024\/08\/Los-Beastie-Boys-comparten-la-interpretacion-de-So-WhatCha-Want.jpg\" \/>\n\t<meta property=\"og:image:width\" content=\"1440\" \/>\n\t<meta property=\"og:image:height\" content=\"864\" \/>\n\t<meta property=\"og:image:type\" content=\"image\/jpeg\" \/>\n<meta name=\"author\" content=\"Javier Figueroa\" \/>\n<meta name=\"twitter:card\" content=\"summary_large_image\" \/>\n<meta name=\"twitter:label1\" content=\"Escrito por\" \/>\n\t<meta name=\"twitter:data1\" content=\"Javier Figueroa\" \/>\n\t<meta name=\"twitter:label2\" content=\"Tiempo de lectura\" \/>\n\t<meta name=\"twitter:data2\" content=\"2 minutos\" \/>\n<script type=\"application\/ld+json\" class=\"yoast-schema-graph\">{\"@context\":\"https:\/\/schema.org\",\"@graph\":[{\"@type\":\"Article\",\"@id\":\"https:\/\/web.consaguirre.com.ar\/noticias\/los-beastie-boys-comparten-la-interpretacion-de-so-whatcha-want-de-1992-con-cypress-hill\/#article\",\"isPartOf\":{\"@id\":\"https:\/\/web.consaguirre.com.ar\/noticias\/los-beastie-boys-comparten-la-interpretacion-de-so-whatcha-want-de-1992-con-cypress-hill\/\"},\"author\":{\"name\":\"Javier Figueroa\",\"@id\":\"https:\/\/web.consaguirre.com.ar\/noticias\/#\/schema\/person\/6558b0cfedee7ddc5425602b237d5722\"},\"headline\":\"Los Beastie Boys comparten la interpretaci\u00f3n de &#8216;So What&#8217;Cha Want&#8217; de 1992 con Cypress Hill\",\"datePublished\":\"2024-08-28T04:39:08+00:00\",\"dateModified\":\"2024-09-08T19:27:50+00:00\",\"mainEntityOfPage\":{\"@id\":\"https:\/\/web.consaguirre.com.ar\/noticias\/los-beastie-boys-comparten-la-interpretacion-de-so-whatcha-want-de-1992-con-cypress-hill\/\"},\"wordCount\":512,\"publisher\":{\"@id\":\"https:\/\/web.consaguirre.com.ar\/noticias\/#organization\"},\"image\":{\"@id\":\"https:\/\/web.consaguirre.com.ar\/noticias\/los-beastie-boys-comparten-la-interpretacion-de-so-whatcha-want-de-1992-con-cypress-hill\/#primaryimage\"},\"thumbnailUrl\":\"https:\/\/web.consaguirre.com.ar\/noticias\/wp-content\/uploads\/2024\/08\/Los-Beastie-Boys-comparten-la-interpretacion-de-So-WhatCha-Want.jpg\",\"keywords\":[\"Beastie\",\"Boys\",\"comparten\",\"con\",\"Cypress\",\"Hill\",\"interpretaci\u00f3n\",\"los\",\"WhatCha\"],\"articleSection\":[\"El \u00faltimo\"],\"inLanguage\":\"es-AR\"},{\"@type\":\"WebPage\",\"@id\":\"https:\/\/web.consaguirre.com.ar\/noticias\/los-beastie-boys-comparten-la-interpretacion-de-so-whatcha-want-de-1992-con-cypress-hill\/\",\"url\":\"https:\/\/web.consaguirre.com.ar\/noticias\/los-beastie-boys-comparten-la-interpretacion-de-so-whatcha-want-de-1992-con-cypress-hill\/\",\"name\":\"Los Beastie Boys comparten la interpretaci\u00f3n de 'So What'Cha Want' de 1992 con Cypress Hill\",\"isPartOf\":{\"@id\":\"https:\/\/web.consaguirre.com.ar\/noticias\/#website\"},\"primaryImageOfPage\":{\"@id\":\"https:\/\/web.consaguirre.com.ar\/noticias\/los-beastie-boys-comparten-la-interpretacion-de-so-whatcha-want-de-1992-con-cypress-hill\/#primaryimage\"},\"image\":{\"@id\":\"https:\/\/web.consaguirre.com.ar\/noticias\/los-beastie-boys-comparten-la-interpretacion-de-so-whatcha-want-de-1992-con-cypress-hill\/#primaryimage\"},\"thumbnailUrl\":\"https:\/\/web.consaguirre.com.ar\/noticias\/wp-content\/uploads\/2024\/08\/Los-Beastie-Boys-comparten-la-interpretacion-de-So-WhatCha-Want.jpg\",\"datePublished\":\"2024-08-28T04:39:08+00:00\",\"dateModified\":\"2024-09-08T19:27:50+00:00\",\"breadcrumb\":{\"@id\":\"https:\/\/web.consaguirre.com.ar\/noticias\/los-beastie-boys-comparten-la-interpretacion-de-so-whatcha-want-de-1992-con-cypress-hill\/#breadcrumb\"},\"inLanguage\":\"es-AR\",\"potentialAction\":[{\"@type\":\"ReadAction\",\"target\":[\"https:\/\/web.consaguirre.com.ar\/noticias\/los-beastie-boys-comparten-la-interpretacion-de-so-whatcha-want-de-1992-con-cypress-hill\/\"]}]},{\"@type\":\"ImageObject\",\"inLanguage\":\"es-AR\",\"@id\":\"https:\/\/web.consaguirre.com.ar\/noticias\/los-beastie-boys-comparten-la-interpretacion-de-so-whatcha-want-de-1992-con-cypress-hill\/#primaryimage\",\"url\":\"https:\/\/web.consaguirre.com.ar\/noticias\/wp-content\/uploads\/2024\/08\/Los-Beastie-Boys-comparten-la-interpretacion-de-So-WhatCha-Want.jpg\",\"contentUrl\":\"https:\/\/web.consaguirre.com.ar\/noticias\/wp-content\/uploads\/2024\/08\/Los-Beastie-Boys-comparten-la-interpretacion-de-So-WhatCha-Want.jpg\",\"width\":1440,\"height\":864,\"caption\":\"Beastie Boys circa 1992 - Photo: Al Pereira\/Getty Images\/Michael Ochs Archives\"},{\"@type\":\"BreadcrumbList\",\"@id\":\"https:\/\/web.consaguirre.com.ar\/noticias\/los-beastie-boys-comparten-la-interpretacion-de-so-whatcha-want-de-1992-con-cypress-hill\/#breadcrumb\",\"itemListElement\":[{\"@type\":\"ListItem\",\"position\":1,\"name\":\"Inicio\",\"item\":\"https:\/\/web.consaguirre.com.ar\/noticias\/\"},{\"@type\":\"ListItem\",\"position\":2,\"name\":\"Los Beastie Boys comparten la interpretaci\u00f3n de &#8216;So What&#8217;Cha Want&#8217; de 1992 con Cypress Hill\"}]},{\"@type\":\"WebSite\",\"@id\":\"https:\/\/web.consaguirre.com.ar\/noticias\/#website\",\"url\":\"https:\/\/web.consaguirre.com.ar\/noticias\/\",\"name\":\"Conservatorio de M\u00fasica Juli\u00e1n Aguirre\",\"description\":\"\",\"publisher\":{\"@id\":\"https:\/\/web.consaguirre.com.ar\/noticias\/#organization\"},\"potentialAction\":[{\"@type\":\"SearchAction\",\"target\":{\"@type\":\"EntryPoint\",\"urlTemplate\":\"https:\/\/web.consaguirre.com.ar\/noticias\/?s={search_term_string}\"},\"query-input\":\"required name=search_term_string\"}],\"inLanguage\":\"es-AR\"},{\"@type\":\"Organization\",\"@id\":\"https:\/\/web.consaguirre.com.ar\/noticias\/#organization\",\"name\":\"Conservatorio de M\u00fasica Juli\u00e1n Aguirre\",\"url\":\"https:\/\/web.consaguirre.com.ar\/noticias\/\",\"logo\":{\"@type\":\"ImageObject\",\"inLanguage\":\"es-AR\",\"@id\":\"https:\/\/web.consaguirre.com.ar\/noticias\/#\/schema\/logo\/image\/\",\"url\":\"https:\/\/web.consaguirre.com.ar\/noticias\/wp-content\/uploads\/2024\/08\/Banner-Aguirre-23.jpg\",\"contentUrl\":\"https:\/\/web.consaguirre.com.ar\/noticias\/wp-content\/uploads\/2024\/08\/Banner-Aguirre-23.jpg\",\"width\":1192,\"height\":600,\"caption\":\"Conservatorio de M\u00fasica Juli\u00e1n Aguirre\"},\"image\":{\"@id\":\"https:\/\/web.consaguirre.com.ar\/noticias\/#\/schema\/logo\/image\/\"}},{\"@type\":\"Person\",\"@id\":\"https:\/\/web.consaguirre.com.ar\/noticias\/#\/schema\/person\/6558b0cfedee7ddc5425602b237d5722\",\"name\":\"Javier Figueroa\",\"image\":{\"@type\":\"ImageObject\",\"inLanguage\":\"es-AR\",\"@id\":\"https:\/\/web.consaguirre.com.ar\/noticias\/#\/schema\/person\/image\/\",\"url\":\"https:\/\/web.consaguirre.com.ar\/noticias\/wp-content\/uploads\/2024\/08\/Consaguirre-scaled.jpg\",\"contentUrl\":\"https:\/\/web.consaguirre.com.ar\/noticias\/wp-content\/uploads\/2024\/08\/Consaguirre-scaled.jpg\",\"caption\":\"Javier Figueroa\"},\"description\":\"Me llamo Javier Figueroa y soy redactor para el sitio oficial del Conservatorio de M\u00fasica Juli\u00e1n Aguirre en Buenos Aires, consaguirre.com. Apasionado por la m\u00fasica y la escritura, me esfuerzo por destacar los talentos y eventos de nuestra prestigiosa instituci\u00f3n. Mi trayectoria se nutre de una profunda admiraci\u00f3n por los artistas, haciendo de cada art\u00edculo una celebraci\u00f3n de la creatividad y la cultura musical.\",\"sameAs\":[\"https:\/\/web.consaguirre.com.ar\/noticias\"]}]}<\/script>\n<!-- \/ Yoast SEO plugin. -->","yoast_head_json":{"title":"Los Beastie Boys comparten la interpretaci\u00f3n de 'So What'Cha Want' de 1992 con Cypress Hill","robots":{"index":"index","follow":"follow","max-snippet":"max-snippet:-1","max-image-preview":"max-image-preview:large","max-video-preview":"max-video-preview:-1"},"canonical":"https:\/\/web.consaguirre.com.ar\/noticias\/los-beastie-boys-comparten-la-interpretacion-de-so-whatcha-want-de-1992-con-cypress-hill\/","og_locale":"es_ES","og_type":"article","og_title":"Los Beastie Boys comparten la interpretaci\u00f3n de 'So What'Cha Want' de 1992 con Cypress Hill","og_description":"Chicos beastie han presentado un v\u00eddeo de una actuaci\u00f3n en directo de un concierto de 1992 en el que interpretaron &#8220;So What&#8217;Cha Want&#8221; con Colina","og_url":"https:\/\/web.consaguirre.com.ar\/noticias\/los-beastie-boys-comparten-la-interpretacion-de-so-whatcha-want-de-1992-con-cypress-hill\/","og_site_name":"Conservatorio de M\u00fasica Juli\u00e1n Aguirre","article_published_time":"2024-08-28T04:39:08+00:00","article_modified_time":"2024-09-08T19:27:50+00:00","og_image":[{"width":1440,"height":864,"url":"https:\/\/web.consaguirre.com.ar\/noticias\/wp-content\/uploads\/2024\/08\/Los-Beastie-Boys-comparten-la-interpretacion-de-So-WhatCha-Want.jpg","type":"image\/jpeg"}],"author":"Javier Figueroa","twitter_card":"summary_large_image","twitter_misc":{"Escrito por":"Javier Figueroa","Tiempo de lectura":"2 minutos"},"schema":{"@context":"https:\/\/schema.org","@graph":[{"@type":"Article","@id":"https:\/\/web.consaguirre.com.ar\/noticias\/los-beastie-boys-comparten-la-interpretacion-de-so-whatcha-want-de-1992-con-cypress-hill\/#article","isPartOf":{"@id":"https:\/\/web.consaguirre.com.ar\/noticias\/los-beastie-boys-comparten-la-interpretacion-de-so-whatcha-want-de-1992-con-cypress-hill\/"},"author":{"name":"Javier Figueroa","@id":"https:\/\/web.consaguirre.com.ar\/noticias\/#\/schema\/person\/6558b0cfedee7ddc5425602b237d5722"},"headline":"Los Beastie Boys comparten la interpretaci\u00f3n de &#8216;So What&#8217;Cha Want&#8217; de 1992 con Cypress Hill","datePublished":"2024-08-28T04:39:08+00:00","dateModified":"2024-09-08T19:27:50+00:00","mainEntityOfPage":{"@id":"https:\/\/web.consaguirre.com.ar\/noticias\/los-beastie-boys-comparten-la-interpretacion-de-so-whatcha-want-de-1992-con-cypress-hill\/"},"wordCount":512,"publisher":{"@id":"https:\/\/web.consaguirre.com.ar\/noticias\/#organization"},"image":{"@id":"https:\/\/web.consaguirre.com.ar\/noticias\/los-beastie-boys-comparten-la-interpretacion-de-so-whatcha-want-de-1992-con-cypress-hill\/#primaryimage"},"thumbnailUrl":"https:\/\/web.consaguirre.com.ar\/noticias\/wp-content\/uploads\/2024\/08\/Los-Beastie-Boys-comparten-la-interpretacion-de-So-WhatCha-Want.jpg","keywords":["Beastie","Boys","comparten","con","Cypress","Hill","interpretaci\u00f3n","los","WhatCha"],"articleSection":["El \u00faltimo"],"inLanguage":"es-AR"},{"@type":"WebPage","@id":"https:\/\/web.consaguirre.com.ar\/noticias\/los-beastie-boys-comparten-la-interpretacion-de-so-whatcha-want-de-1992-con-cypress-hill\/","url":"https:\/\/web.consaguirre.com.ar\/noticias\/los-beastie-boys-comparten-la-interpretacion-de-so-whatcha-want-de-1992-con-cypress-hill\/","name":"Los Beastie Boys comparten la interpretaci\u00f3n de 'So What'Cha Want' de 1992 con Cypress Hill","isPartOf":{"@id":"https:\/\/web.consaguirre.com.ar\/noticias\/#website"},"primaryImageOfPage":{"@id":"https:\/\/web.consaguirre.com.ar\/noticias\/los-beastie-boys-comparten-la-interpretacion-de-so-whatcha-want-de-1992-con-cypress-hill\/#primaryimage"},"image":{"@id":"https:\/\/web.consaguirre.com.ar\/noticias\/los-beastie-boys-comparten-la-interpretacion-de-so-whatcha-want-de-1992-con-cypress-hill\/#primaryimage"},"thumbnailUrl":"https:\/\/web.consaguirre.com.ar\/noticias\/wp-content\/uploads\/2024\/08\/Los-Beastie-Boys-comparten-la-interpretacion-de-So-WhatCha-Want.jpg","datePublished":"2024-08-28T04:39:08+00:00","dateModified":"2024-09-08T19:27:50+00:00","breadcrumb":{"@id":"https:\/\/web.consaguirre.com.ar\/noticias\/los-beastie-boys-comparten-la-interpretacion-de-so-whatcha-want-de-1992-con-cypress-hill\/#breadcrumb"},"inLanguage":"es-AR","potentialAction":[{"@type":"ReadAction","target":["https:\/\/web.consaguirre.com.ar\/noticias\/los-beastie-boys-comparten-la-interpretacion-de-so-whatcha-want-de-1992-con-cypress-hill\/"]}]},{"@type":"ImageObject","inLanguage":"es-AR","@id":"https:\/\/web.consaguirre.com.ar\/noticias\/los-beastie-boys-comparten-la-interpretacion-de-so-whatcha-want-de-1992-con-cypress-hill\/#primaryimage","url":"https:\/\/web.consaguirre.com.ar\/noticias\/wp-content\/uploads\/2024\/08\/Los-Beastie-Boys-comparten-la-interpretacion-de-So-WhatCha-Want.jpg","contentUrl":"https:\/\/web.consaguirre.com.ar\/noticias\/wp-content\/uploads\/2024\/08\/Los-Beastie-Boys-comparten-la-interpretacion-de-So-WhatCha-Want.jpg","width":1440,"height":864,"caption":"Beastie Boys circa 1992 - Photo: Al Pereira\/Getty Images\/Michael Ochs Archives"},{"@type":"BreadcrumbList","@id":"https:\/\/web.consaguirre.com.ar\/noticias\/los-beastie-boys-comparten-la-interpretacion-de-so-whatcha-want-de-1992-con-cypress-hill\/#breadcrumb","itemListElement":[{"@type":"ListItem","position":1,"name":"Inicio","item":"https:\/\/web.consaguirre.com.ar\/noticias\/"},{"@type":"ListItem","position":2,"name":"Los Beastie Boys comparten la interpretaci\u00f3n de &#8216;So What&#8217;Cha Want&#8217; de 1992 con Cypress Hill"}]},{"@type":"WebSite","@id":"https:\/\/web.consaguirre.com.ar\/noticias\/#website","url":"https:\/\/web.consaguirre.com.ar\/noticias\/","name":"Conservatorio de M\u00fasica Juli\u00e1n Aguirre","description":"","publisher":{"@id":"https:\/\/web.consaguirre.com.ar\/noticias\/#organization"},"potentialAction":[{"@type":"SearchAction","target":{"@type":"EntryPoint","urlTemplate":"https:\/\/web.consaguirre.com.ar\/noticias\/?s={search_term_string}"},"query-input":"required name=search_term_string"}],"inLanguage":"es-AR"},{"@type":"Organization","@id":"https:\/\/web.consaguirre.com.ar\/noticias\/#organization","name":"Conservatorio de M\u00fasica Juli\u00e1n Aguirre","url":"https:\/\/web.consaguirre.com.ar\/noticias\/","logo":{"@type":"ImageObject","inLanguage":"es-AR","@id":"https:\/\/web.consaguirre.com.ar\/noticias\/#\/schema\/logo\/image\/","url":"https:\/\/web.consaguirre.com.ar\/noticias\/wp-content\/uploads\/2024\/08\/Banner-Aguirre-23.jpg","contentUrl":"https:\/\/web.consaguirre.com.ar\/noticias\/wp-content\/uploads\/2024\/08\/Banner-Aguirre-23.jpg","width":1192,"height":600,"caption":"Conservatorio de M\u00fasica Juli\u00e1n Aguirre"},"image":{"@id":"https:\/\/web.consaguirre.com.ar\/noticias\/#\/schema\/logo\/image\/"}},{"@type":"Person","@id":"https:\/\/web.consaguirre.com.ar\/noticias\/#\/schema\/person\/6558b0cfedee7ddc5425602b237d5722","name":"Javier Figueroa","image":{"@type":"ImageObject","inLanguage":"es-AR","@id":"https:\/\/web.consaguirre.com.ar\/noticias\/#\/schema\/person\/image\/","url":"https:\/\/web.consaguirre.com.ar\/noticias\/wp-content\/uploads\/2024\/08\/Consaguirre-scaled.jpg","contentUrl":"https:\/\/web.consaguirre.com.ar\/noticias\/wp-content\/uploads\/2024\/08\/Consaguirre-scaled.jpg","caption":"Javier Figueroa"},"description":"Me llamo Javier Figueroa y soy redactor para el sitio oficial del Conservatorio de M\u00fasica Juli\u00e1n Aguirre en Buenos Aires, consaguirre.com. Apasionado por la m\u00fasica y la escritura, me esfuerzo por destacar los talentos y eventos de nuestra prestigiosa instituci\u00f3n. Mi trayectoria se nutre de una profunda admiraci\u00f3n por los artistas, haciendo de cada art\u00edculo una celebraci\u00f3n de la creatividad y la cultura musical.","sameAs":["https:\/\/web.consaguirre.com.ar\/noticias"]}]}},"_links":{"self":[{"href":"https:\/\/web.consaguirre.com.ar\/noticias\/wp-json\/wp\/v2\/posts\/257"}],"collection":[{"href":"https:\/\/web.consaguirre.com.ar\/noticias\/wp-json\/wp\/v2\/posts"}],"about":[{"href":"https:\/\/web.consaguirre.com.ar\/noticias\/wp-json\/wp\/v2\/types\/post"}],"author":[{"embeddable":true,"href":"https:\/\/web.consaguirre.com.ar\/noticias\/wp-json\/wp\/v2\/users\/1"}],"replies":[{"embeddable":true,"href":"https:\/\/web.consaguirre.com.ar\/noticias\/wp-json\/wp\/v2\/comments?post=257"}],"version-history":[{"count":1,"href":"https:\/\/web.consaguirre.com.ar\/noticias\/wp-json\/wp\/v2\/posts\/257\/revisions"}],"predecessor-version":[{"id":259,"href":"https:\/\/web.consaguirre.com.ar\/noticias\/wp-json\/wp\/v2\/posts\/257\/revisions\/259"}],"wp:featuredmedia":[{"embeddable":true,"href":"https:\/\/web.consaguirre.com.ar\/noticias\/wp-json\/wp\/v2\/media\/258"}],"wp:attachment":[{"href":"https:\/\/web.consaguirre.com.ar\/noticias\/wp-json\/wp\/v2\/media?parent=257"}],"wp:term":[{"taxonomy":"category","embeddable":true,"href":"https:\/\/web.consaguirre.com.ar\/noticias\/wp-json\/wp\/v2\/categories?post=257"},{"taxonomy":"post_tag","embeddable":true,"href":"https:\/\/web.consaguirre.com.ar\/noticias\/wp-json\/wp\/v2\/tags?post=257"}],"curies":[{"name":"wp","href":"https:\/\/api.w.org\/{rel}","templated":true}]}}