{"id":2526,"date":"2025-04-30T12:38:09","date_gmt":"2025-04-30T15:38:09","guid":{"rendered":"https:\/\/web.consaguirre.com.ar\/noticias\/john-mellencamp-y-conan-gray-realizaran-homenaje-a-republic-records-en-la-gala-del-salon-de-la-fama-del-grammy\/"},"modified":"2025-04-30T12:38:09","modified_gmt":"2025-04-30T15:38:09","slug":"john-mellencamp-y-conan-gray-realizaran-homenaje-a-republic-records-en-la-gala-del-salon-de-la-fama-del-grammy","status":"publish","type":"post","link":"https:\/\/web.consaguirre.com.ar\/noticias\/john-mellencamp-y-conan-gray-realizaran-homenaje-a-republic-records-en-la-gala-del-salon-de-la-fama-del-grammy\/","title":{"rendered":"John Mellencamp y Conan Gray realizar\u00e1n homenaje a Republic Records en la Gala del Sal\u00f3n de la Fama del Grammy"},"content":{"rendered":"<p><strong>John Mellencamp<\/strong> y <strong>Conan Gray<\/strong> actuar\u00e1 en la Academia de Grabaci\u00f3n y el 2025 del Museo del Grammy <strong>Gala del Sal\u00f3n de la Fama del Grammy<\/strong> Como parte de un homenaje al sello de este a\u00f1o, Republic Records. La gala tendr\u00e1 lugar el viernes 16 de mayo en Beverly Hilton en Los \u00c1ngeles.<\/p>\n<p>Republic, la etiqueta m\u00e1s exitosa de la industria musical de la \u00faltima d\u00e9cada, ha ganado el sello Hot 100 de Billboard del a\u00f1o 10 de los \u00faltimos 11 a\u00f1os entre los innumerables otros elogios.<\/p>\n<p><strong>Ordene la m\u00fasica de John Mellencamp en Vinyl Now.<\/strong><\/p>\n<p>Monte Lipman, presidente y CEO de Republic Records, dijo: &#8220;Estamos siempre agradecidos por los incre\u00edbles artistas, compositores y narradores de narradores que hemos tenido el privilegio de apoyar a lo largo de los a\u00f1os. Cada vez que sus compa\u00f1eros lo reconocen, siempre es un momento humilde, y en este caso, la importancia de este premio es verdaderamente excepcional&#8221;.<\/p>\n<p>Los artistas anunciados anteriormente incluyen el c\u00e9lebre percusionista y esposa de Carlos Santana, Cindy Blackman; leyenda del alma Eddie Floyd; 13 veces ganador del Grammy y premio al Lifetime Achievement Award Emmylou Harris, unido por el productor ganador del premio Multi-Gammy Daniel Lanois y el aclamado baterista de jazz de Jazz, ganador del premio, Brian Blade para una colaboraci\u00f3n rara; baterista de la ic\u00f3nica banda de potencia-pop Big Star, Jody Stephens; compositor y l\u00edder de la banda de premios multi-grammy <strong>Jon Batiste<\/strong>; Vocalista de poderoso y ganador del Grammy Ledisi; El actor y cantante ganador del Grammy Leslie Odom Jr.; y virtuoso de la guitarra Orianthi.<\/p>\n<p>A principios de este mes, se anunci\u00f3 que <strong>Batiste recibir\u00e1 el premio inaugural Ray Charles &#8220;Architect of Sound&#8221;<\/strong> en la pr\u00f3xima Gala del Sal\u00f3n de la Fama del Grammy. El premio es una asociaci\u00f3n con la Fundaci\u00f3n Ray Charles.<\/p>\n<p>Seg\u00fan una declaraci\u00f3n de los Grammys, el Premio Ray Charles est\u00e1 destinado a honrar a un m\u00fasico &#8220;cuya influencia se hace eco en las generaciones. Este premio celebra a aquellos que, como Charles, transcenden el g\u00e9nero, redefinen la creatividad y dejan una marca indeleble sobre la m\u00fasica y la cultura. Ya sea a trav\u00e9s de la innovaci\u00f3n en el sonido, el arte de la base de la tierra&#8221; o un compromiso inquebrantable con el excelencia musical, la excepci\u00f3n de los bueyes de los bueyes de los bueyes de la p\u00f3ni\u00f3n de los bueyes.<\/p>\n<p>En su propia declaraci\u00f3n, Batiste comparti\u00f3: &#8220;Ray Charles es un faro para m\u00ed, un plan. Es un ejemplo singular de genio musical, libertad art\u00edstica y artesan\u00eda del m\u00e1s alto nivel que continuar\u00e1 inspirando a la humanidad para generaciones y soportar la prueba de tiempo. Estoy honrado de recibir este premio. Es una importancia vital para m\u00ed para continuar con nuestro cultivo de la verdadera gesti\u00f3n art\u00edstica y l\u00edder en el camino por las generaciones de las generaciones a la generaci\u00f3n,&#8221;.<\/p>\n<p>El premio se presentar\u00e1 durante la Gala en Beverly Hilton en Los \u00c1ngeles el 16 de mayo. Anthony Mason de CBS News regresa para ser anfitri\u00f3n del programa este a\u00f1o. La ceremonia anual celebra las grabaciones inducidas por el Sal\u00f3n de la Fama del Grammy 2025: este a\u00f1o, incluyen pistas de Jay-Z, Santana, <strong>Cat Stevens \/ Yusuf<\/strong>Big Star, Clara Ward, Eddie Floyd, Emmylou Harris, Fela Kuti y Afrika 70, Geeshie Wiley, Gloria Estefan y Miami Sound Machine, JD Crowe y el Nuevo Sur, Linda Martell y Luther Vandross.<\/p>\n<p><strong>Ordene la m\u00fasica de John Mellencamp en Vinyl Now.<\/strong><\/p>\n","protected":false},"excerpt":{"rendered":"<p>John Mellencamp y Conan Gray actuar\u00e1 en la Academia de Grabaci\u00f3n y el 2025 del Museo del Grammy Gala del Sal\u00f3n de la Fama del<\/p>\n","protected":false},"author":1,"featured_media":2527,"comment_status":"closed","ping_status":"","sticky":false,"template":"","format":"standard","meta":{"footnotes":""},"categories":[50],"tags":[358,10,870,2103,1202,2159,163,91,1707,2414,256,390,1019],"class_list":["post-2526","post","type-post","status-publish","format-standard","has-post-thumbnail","hentry","category-el-ultimo","tag-conan","tag-del","tag-fama","tag-gala","tag-grammy","tag-gray","tag-homenaje","tag-john","tag-mellencamp","tag-realizaran","tag-records","tag-republic","tag-salon","generate-columns","tablet-grid-50","mobile-grid-100","grid-parent","grid-50"],"yoast_head":"<!-- This site is optimized with the Yoast SEO plugin v23.3 - https:\/\/yoast.com\/wordpress\/plugins\/seo\/ -->\n<title>John Mellencamp y Conan Gray realizar\u00e1n homenaje a Republic Records en la Gala del Sal\u00f3n de la Fama del Grammy<\/title>\n<meta name=\"robots\" content=\"index, follow, max-snippet:-1, max-image-preview:large, max-video-preview:-1\" \/>\n<link rel=\"canonical\" href=\"https:\/\/web.consaguirre.com.ar\/noticias\/john-mellencamp-y-conan-gray-realizaran-homenaje-a-republic-records-en-la-gala-del-salon-de-la-fama-del-grammy\/\" \/>\n<meta property=\"og:locale\" content=\"es_ES\" \/>\n<meta property=\"og:type\" content=\"article\" \/>\n<meta property=\"og:title\" content=\"John Mellencamp y Conan Gray realizar\u00e1n homenaje a Republic Records en la Gala del Sal\u00f3n de la Fama del Grammy\" \/>\n<meta property=\"og:description\" content=\"John Mellencamp y Conan Gray actuar\u00e1 en la Academia de Grabaci\u00f3n y el 2025 del Museo del Grammy Gala del Sal\u00f3n de la Fama del\" \/>\n<meta property=\"og:url\" content=\"https:\/\/web.consaguirre.com.ar\/noticias\/john-mellencamp-y-conan-gray-realizaran-homenaje-a-republic-records-en-la-gala-del-salon-de-la-fama-del-grammy\/\" \/>\n<meta property=\"og:site_name\" content=\"Conservatorio de M\u00fasica Juli\u00e1n Aguirre\" \/>\n<meta property=\"article:published_time\" content=\"2025-04-30T15:38:09+00:00\" \/>\n<meta property=\"og:image\" content=\"https:\/\/web.consaguirre.com.ar\/noticias\/wp-content\/uploads\/2025\/04\/John-Mellencamp-y-Conan-Gray-realizaran-homenaje-a-Republic-Records.jpeg\" \/>\n\t<meta property=\"og:image:width\" content=\"1440\" \/>\n\t<meta property=\"og:image:height\" content=\"864\" \/>\n\t<meta property=\"og:image:type\" content=\"image\/jpeg\" \/>\n<meta name=\"author\" content=\"Javier Figueroa\" \/>\n<meta name=\"twitter:card\" content=\"summary_large_image\" \/>\n<meta name=\"twitter:label1\" content=\"Escrito por\" \/>\n\t<meta name=\"twitter:data1\" content=\"Javier Figueroa\" \/>\n\t<meta name=\"twitter:label2\" content=\"Tiempo de lectura\" \/>\n\t<meta name=\"twitter:data2\" content=\"3 minutos\" \/>\n<script type=\"application\/ld+json\" class=\"yoast-schema-graph\">{\"@context\":\"https:\/\/schema.org\",\"@graph\":[{\"@type\":\"Article\",\"@id\":\"https:\/\/web.consaguirre.com.ar\/noticias\/john-mellencamp-y-conan-gray-realizaran-homenaje-a-republic-records-en-la-gala-del-salon-de-la-fama-del-grammy\/#article\",\"isPartOf\":{\"@id\":\"https:\/\/web.consaguirre.com.ar\/noticias\/john-mellencamp-y-conan-gray-realizaran-homenaje-a-republic-records-en-la-gala-del-salon-de-la-fama-del-grammy\/\"},\"author\":{\"name\":\"Javier Figueroa\",\"@id\":\"https:\/\/web.consaguirre.com.ar\/noticias\/#\/schema\/person\/6558b0cfedee7ddc5425602b237d5722\"},\"headline\":\"John Mellencamp y Conan Gray realizar\u00e1n homenaje a Republic Records en la Gala del Sal\u00f3n de la Fama del Grammy\",\"datePublished\":\"2025-04-30T15:38:09+00:00\",\"dateModified\":\"2025-04-30T15:38:09+00:00\",\"mainEntityOfPage\":{\"@id\":\"https:\/\/web.consaguirre.com.ar\/noticias\/john-mellencamp-y-conan-gray-realizaran-homenaje-a-republic-records-en-la-gala-del-salon-de-la-fama-del-grammy\/\"},\"wordCount\":623,\"publisher\":{\"@id\":\"https:\/\/web.consaguirre.com.ar\/noticias\/#organization\"},\"image\":{\"@id\":\"https:\/\/web.consaguirre.com.ar\/noticias\/john-mellencamp-y-conan-gray-realizaran-homenaje-a-republic-records-en-la-gala-del-salon-de-la-fama-del-grammy\/#primaryimage\"},\"thumbnailUrl\":\"https:\/\/web.consaguirre.com.ar\/noticias\/wp-content\/uploads\/2025\/04\/John-Mellencamp-y-Conan-Gray-realizaran-homenaje-a-Republic-Records.jpeg\",\"keywords\":[\"Conan\",\"del\",\"Fama\",\"Gala\",\"Grammy\",\"Gray\",\"homenaje\",\"John\",\"Mellencamp\",\"realizar\u00e1n\",\"Records\",\"Republic\",\"Sal\u00f3n\"],\"articleSection\":[\"El \u00faltimo\"],\"inLanguage\":\"es-AR\"},{\"@type\":\"WebPage\",\"@id\":\"https:\/\/web.consaguirre.com.ar\/noticias\/john-mellencamp-y-conan-gray-realizaran-homenaje-a-republic-records-en-la-gala-del-salon-de-la-fama-del-grammy\/\",\"url\":\"https:\/\/web.consaguirre.com.ar\/noticias\/john-mellencamp-y-conan-gray-realizaran-homenaje-a-republic-records-en-la-gala-del-salon-de-la-fama-del-grammy\/\",\"name\":\"John Mellencamp y Conan Gray realizar\u00e1n homenaje a Republic Records en la Gala del Sal\u00f3n de la Fama del Grammy\",\"isPartOf\":{\"@id\":\"https:\/\/web.consaguirre.com.ar\/noticias\/#website\"},\"primaryImageOfPage\":{\"@id\":\"https:\/\/web.consaguirre.com.ar\/noticias\/john-mellencamp-y-conan-gray-realizaran-homenaje-a-republic-records-en-la-gala-del-salon-de-la-fama-del-grammy\/#primaryimage\"},\"image\":{\"@id\":\"https:\/\/web.consaguirre.com.ar\/noticias\/john-mellencamp-y-conan-gray-realizaran-homenaje-a-republic-records-en-la-gala-del-salon-de-la-fama-del-grammy\/#primaryimage\"},\"thumbnailUrl\":\"https:\/\/web.consaguirre.com.ar\/noticias\/wp-content\/uploads\/2025\/04\/John-Mellencamp-y-Conan-Gray-realizaran-homenaje-a-Republic-Records.jpeg\",\"datePublished\":\"2025-04-30T15:38:09+00:00\",\"dateModified\":\"2025-04-30T15:38:09+00:00\",\"breadcrumb\":{\"@id\":\"https:\/\/web.consaguirre.com.ar\/noticias\/john-mellencamp-y-conan-gray-realizaran-homenaje-a-republic-records-en-la-gala-del-salon-de-la-fama-del-grammy\/#breadcrumb\"},\"inLanguage\":\"es-AR\",\"potentialAction\":[{\"@type\":\"ReadAction\",\"target\":[\"https:\/\/web.consaguirre.com.ar\/noticias\/john-mellencamp-y-conan-gray-realizaran-homenaje-a-republic-records-en-la-gala-del-salon-de-la-fama-del-grammy\/\"]}]},{\"@type\":\"ImageObject\",\"inLanguage\":\"es-AR\",\"@id\":\"https:\/\/web.consaguirre.com.ar\/noticias\/john-mellencamp-y-conan-gray-realizaran-homenaje-a-republic-records-en-la-gala-del-salon-de-la-fama-del-grammy\/#primaryimage\",\"url\":\"https:\/\/web.consaguirre.com.ar\/noticias\/wp-content\/uploads\/2025\/04\/John-Mellencamp-y-Conan-Gray-realizaran-homenaje-a-Republic-Records.jpeg\",\"contentUrl\":\"https:\/\/web.consaguirre.com.ar\/noticias\/wp-content\/uploads\/2025\/04\/John-Mellencamp-y-Conan-Gray-realizaran-homenaje-a-Republic-Records.jpeg\",\"width\":1440,\"height\":864,\"caption\":\"John Mellencamp \u2014 Photo: Gary Miller\/Getty Images\"},{\"@type\":\"BreadcrumbList\",\"@id\":\"https:\/\/web.consaguirre.com.ar\/noticias\/john-mellencamp-y-conan-gray-realizaran-homenaje-a-republic-records-en-la-gala-del-salon-de-la-fama-del-grammy\/#breadcrumb\",\"itemListElement\":[{\"@type\":\"ListItem\",\"position\":1,\"name\":\"Inicio\",\"item\":\"https:\/\/web.consaguirre.com.ar\/noticias\/\"},{\"@type\":\"ListItem\",\"position\":2,\"name\":\"John Mellencamp y Conan Gray realizar\u00e1n homenaje a Republic Records en la Gala del Sal\u00f3n de la Fama del Grammy\"}]},{\"@type\":\"WebSite\",\"@id\":\"https:\/\/web.consaguirre.com.ar\/noticias\/#website\",\"url\":\"https:\/\/web.consaguirre.com.ar\/noticias\/\",\"name\":\"Conservatorio de M\u00fasica Juli\u00e1n Aguirre\",\"description\":\"\",\"publisher\":{\"@id\":\"https:\/\/web.consaguirre.com.ar\/noticias\/#organization\"},\"potentialAction\":[{\"@type\":\"SearchAction\",\"target\":{\"@type\":\"EntryPoint\",\"urlTemplate\":\"https:\/\/web.consaguirre.com.ar\/noticias\/?s={search_term_string}\"},\"query-input\":\"required name=search_term_string\"}],\"inLanguage\":\"es-AR\"},{\"@type\":\"Organization\",\"@id\":\"https:\/\/web.consaguirre.com.ar\/noticias\/#organization\",\"name\":\"Conservatorio de M\u00fasica Juli\u00e1n Aguirre\",\"url\":\"https:\/\/web.consaguirre.com.ar\/noticias\/\",\"logo\":{\"@type\":\"ImageObject\",\"inLanguage\":\"es-AR\",\"@id\":\"https:\/\/web.consaguirre.com.ar\/noticias\/#\/schema\/logo\/image\/\",\"url\":\"https:\/\/web.consaguirre.com.ar\/noticias\/wp-content\/uploads\/2024\/08\/Banner-Aguirre-23.jpg\",\"contentUrl\":\"https:\/\/web.consaguirre.com.ar\/noticias\/wp-content\/uploads\/2024\/08\/Banner-Aguirre-23.jpg\",\"width\":1192,\"height\":600,\"caption\":\"Conservatorio de M\u00fasica Juli\u00e1n Aguirre\"},\"image\":{\"@id\":\"https:\/\/web.consaguirre.com.ar\/noticias\/#\/schema\/logo\/image\/\"}},{\"@type\":\"Person\",\"@id\":\"https:\/\/web.consaguirre.com.ar\/noticias\/#\/schema\/person\/6558b0cfedee7ddc5425602b237d5722\",\"name\":\"Javier Figueroa\",\"image\":{\"@type\":\"ImageObject\",\"inLanguage\":\"es-AR\",\"@id\":\"https:\/\/web.consaguirre.com.ar\/noticias\/#\/schema\/person\/image\/\",\"url\":\"https:\/\/web.consaguirre.com.ar\/noticias\/wp-content\/uploads\/2024\/08\/Consaguirre-scaled.jpg\",\"contentUrl\":\"https:\/\/web.consaguirre.com.ar\/noticias\/wp-content\/uploads\/2024\/08\/Consaguirre-scaled.jpg\",\"caption\":\"Javier Figueroa\"},\"description\":\"Me llamo Javier Figueroa y soy redactor para el sitio oficial del Conservatorio de M\u00fasica Juli\u00e1n Aguirre en Buenos Aires, consaguirre.com. Apasionado por la m\u00fasica y la escritura, me esfuerzo por destacar los talentos y eventos de nuestra prestigiosa instituci\u00f3n. Mi trayectoria se nutre de una profunda admiraci\u00f3n por los artistas, haciendo de cada art\u00edculo una celebraci\u00f3n de la creatividad y la cultura musical.\",\"sameAs\":[\"https:\/\/web.consaguirre.com.ar\/noticias\"]}]}<\/script>\n<!-- \/ Yoast SEO plugin. -->","yoast_head_json":{"title":"John Mellencamp y Conan Gray realizar\u00e1n homenaje a Republic Records en la Gala del Sal\u00f3n de la Fama del Grammy","robots":{"index":"index","follow":"follow","max-snippet":"max-snippet:-1","max-image-preview":"max-image-preview:large","max-video-preview":"max-video-preview:-1"},"canonical":"https:\/\/web.consaguirre.com.ar\/noticias\/john-mellencamp-y-conan-gray-realizaran-homenaje-a-republic-records-en-la-gala-del-salon-de-la-fama-del-grammy\/","og_locale":"es_ES","og_type":"article","og_title":"John Mellencamp y Conan Gray realizar\u00e1n homenaje a Republic Records en la Gala del Sal\u00f3n de la Fama del Grammy","og_description":"John Mellencamp y Conan Gray actuar\u00e1 en la Academia de Grabaci\u00f3n y el 2025 del Museo del Grammy Gala del Sal\u00f3n de la Fama del","og_url":"https:\/\/web.consaguirre.com.ar\/noticias\/john-mellencamp-y-conan-gray-realizaran-homenaje-a-republic-records-en-la-gala-del-salon-de-la-fama-del-grammy\/","og_site_name":"Conservatorio de M\u00fasica Juli\u00e1n Aguirre","article_published_time":"2025-04-30T15:38:09+00:00","og_image":[{"width":1440,"height":864,"url":"https:\/\/web.consaguirre.com.ar\/noticias\/wp-content\/uploads\/2025\/04\/John-Mellencamp-y-Conan-Gray-realizaran-homenaje-a-Republic-Records.jpeg","type":"image\/jpeg"}],"author":"Javier Figueroa","twitter_card":"summary_large_image","twitter_misc":{"Escrito por":"Javier Figueroa","Tiempo de lectura":"3 minutos"},"schema":{"@context":"https:\/\/schema.org","@graph":[{"@type":"Article","@id":"https:\/\/web.consaguirre.com.ar\/noticias\/john-mellencamp-y-conan-gray-realizaran-homenaje-a-republic-records-en-la-gala-del-salon-de-la-fama-del-grammy\/#article","isPartOf":{"@id":"https:\/\/web.consaguirre.com.ar\/noticias\/john-mellencamp-y-conan-gray-realizaran-homenaje-a-republic-records-en-la-gala-del-salon-de-la-fama-del-grammy\/"},"author":{"name":"Javier Figueroa","@id":"https:\/\/web.consaguirre.com.ar\/noticias\/#\/schema\/person\/6558b0cfedee7ddc5425602b237d5722"},"headline":"John Mellencamp y Conan Gray realizar\u00e1n homenaje a Republic Records en la Gala del Sal\u00f3n de la Fama del Grammy","datePublished":"2025-04-30T15:38:09+00:00","dateModified":"2025-04-30T15:38:09+00:00","mainEntityOfPage":{"@id":"https:\/\/web.consaguirre.com.ar\/noticias\/john-mellencamp-y-conan-gray-realizaran-homenaje-a-republic-records-en-la-gala-del-salon-de-la-fama-del-grammy\/"},"wordCount":623,"publisher":{"@id":"https:\/\/web.consaguirre.com.ar\/noticias\/#organization"},"image":{"@id":"https:\/\/web.consaguirre.com.ar\/noticias\/john-mellencamp-y-conan-gray-realizaran-homenaje-a-republic-records-en-la-gala-del-salon-de-la-fama-del-grammy\/#primaryimage"},"thumbnailUrl":"https:\/\/web.consaguirre.com.ar\/noticias\/wp-content\/uploads\/2025\/04\/John-Mellencamp-y-Conan-Gray-realizaran-homenaje-a-Republic-Records.jpeg","keywords":["Conan","del","Fama","Gala","Grammy","Gray","homenaje","John","Mellencamp","realizar\u00e1n","Records","Republic","Sal\u00f3n"],"articleSection":["El \u00faltimo"],"inLanguage":"es-AR"},{"@type":"WebPage","@id":"https:\/\/web.consaguirre.com.ar\/noticias\/john-mellencamp-y-conan-gray-realizaran-homenaje-a-republic-records-en-la-gala-del-salon-de-la-fama-del-grammy\/","url":"https:\/\/web.consaguirre.com.ar\/noticias\/john-mellencamp-y-conan-gray-realizaran-homenaje-a-republic-records-en-la-gala-del-salon-de-la-fama-del-grammy\/","name":"John Mellencamp y Conan Gray realizar\u00e1n homenaje a Republic Records en la Gala del Sal\u00f3n de la Fama del Grammy","isPartOf":{"@id":"https:\/\/web.consaguirre.com.ar\/noticias\/#website"},"primaryImageOfPage":{"@id":"https:\/\/web.consaguirre.com.ar\/noticias\/john-mellencamp-y-conan-gray-realizaran-homenaje-a-republic-records-en-la-gala-del-salon-de-la-fama-del-grammy\/#primaryimage"},"image":{"@id":"https:\/\/web.consaguirre.com.ar\/noticias\/john-mellencamp-y-conan-gray-realizaran-homenaje-a-republic-records-en-la-gala-del-salon-de-la-fama-del-grammy\/#primaryimage"},"thumbnailUrl":"https:\/\/web.consaguirre.com.ar\/noticias\/wp-content\/uploads\/2025\/04\/John-Mellencamp-y-Conan-Gray-realizaran-homenaje-a-Republic-Records.jpeg","datePublished":"2025-04-30T15:38:09+00:00","dateModified":"2025-04-30T15:38:09+00:00","breadcrumb":{"@id":"https:\/\/web.consaguirre.com.ar\/noticias\/john-mellencamp-y-conan-gray-realizaran-homenaje-a-republic-records-en-la-gala-del-salon-de-la-fama-del-grammy\/#breadcrumb"},"inLanguage":"es-AR","potentialAction":[{"@type":"ReadAction","target":["https:\/\/web.consaguirre.com.ar\/noticias\/john-mellencamp-y-conan-gray-realizaran-homenaje-a-republic-records-en-la-gala-del-salon-de-la-fama-del-grammy\/"]}]},{"@type":"ImageObject","inLanguage":"es-AR","@id":"https:\/\/web.consaguirre.com.ar\/noticias\/john-mellencamp-y-conan-gray-realizaran-homenaje-a-republic-records-en-la-gala-del-salon-de-la-fama-del-grammy\/#primaryimage","url":"https:\/\/web.consaguirre.com.ar\/noticias\/wp-content\/uploads\/2025\/04\/John-Mellencamp-y-Conan-Gray-realizaran-homenaje-a-Republic-Records.jpeg","contentUrl":"https:\/\/web.consaguirre.com.ar\/noticias\/wp-content\/uploads\/2025\/04\/John-Mellencamp-y-Conan-Gray-realizaran-homenaje-a-Republic-Records.jpeg","width":1440,"height":864,"caption":"John Mellencamp \u2014 Photo: Gary Miller\/Getty Images"},{"@type":"BreadcrumbList","@id":"https:\/\/web.consaguirre.com.ar\/noticias\/john-mellencamp-y-conan-gray-realizaran-homenaje-a-republic-records-en-la-gala-del-salon-de-la-fama-del-grammy\/#breadcrumb","itemListElement":[{"@type":"ListItem","position":1,"name":"Inicio","item":"https:\/\/web.consaguirre.com.ar\/noticias\/"},{"@type":"ListItem","position":2,"name":"John Mellencamp y Conan Gray realizar\u00e1n homenaje a Republic Records en la Gala del Sal\u00f3n de la Fama del Grammy"}]},{"@type":"WebSite","@id":"https:\/\/web.consaguirre.com.ar\/noticias\/#website","url":"https:\/\/web.consaguirre.com.ar\/noticias\/","name":"Conservatorio de M\u00fasica Juli\u00e1n Aguirre","description":"","publisher":{"@id":"https:\/\/web.consaguirre.com.ar\/noticias\/#organization"},"potentialAction":[{"@type":"SearchAction","target":{"@type":"EntryPoint","urlTemplate":"https:\/\/web.consaguirre.com.ar\/noticias\/?s={search_term_string}"},"query-input":"required name=search_term_string"}],"inLanguage":"es-AR"},{"@type":"Organization","@id":"https:\/\/web.consaguirre.com.ar\/noticias\/#organization","name":"Conservatorio de M\u00fasica Juli\u00e1n Aguirre","url":"https:\/\/web.consaguirre.com.ar\/noticias\/","logo":{"@type":"ImageObject","inLanguage":"es-AR","@id":"https:\/\/web.consaguirre.com.ar\/noticias\/#\/schema\/logo\/image\/","url":"https:\/\/web.consaguirre.com.ar\/noticias\/wp-content\/uploads\/2024\/08\/Banner-Aguirre-23.jpg","contentUrl":"https:\/\/web.consaguirre.com.ar\/noticias\/wp-content\/uploads\/2024\/08\/Banner-Aguirre-23.jpg","width":1192,"height":600,"caption":"Conservatorio de M\u00fasica Juli\u00e1n Aguirre"},"image":{"@id":"https:\/\/web.consaguirre.com.ar\/noticias\/#\/schema\/logo\/image\/"}},{"@type":"Person","@id":"https:\/\/web.consaguirre.com.ar\/noticias\/#\/schema\/person\/6558b0cfedee7ddc5425602b237d5722","name":"Javier Figueroa","image":{"@type":"ImageObject","inLanguage":"es-AR","@id":"https:\/\/web.consaguirre.com.ar\/noticias\/#\/schema\/person\/image\/","url":"https:\/\/web.consaguirre.com.ar\/noticias\/wp-content\/uploads\/2024\/08\/Consaguirre-scaled.jpg","contentUrl":"https:\/\/web.consaguirre.com.ar\/noticias\/wp-content\/uploads\/2024\/08\/Consaguirre-scaled.jpg","caption":"Javier Figueroa"},"description":"Me llamo Javier Figueroa y soy redactor para el sitio oficial del Conservatorio de M\u00fasica Juli\u00e1n Aguirre en Buenos Aires, consaguirre.com. Apasionado por la m\u00fasica y la escritura, me esfuerzo por destacar los talentos y eventos de nuestra prestigiosa instituci\u00f3n. Mi trayectoria se nutre de una profunda admiraci\u00f3n por los artistas, haciendo de cada art\u00edculo una celebraci\u00f3n de la creatividad y la cultura musical.","sameAs":["https:\/\/web.consaguirre.com.ar\/noticias"]}]}},"_links":{"self":[{"href":"https:\/\/web.consaguirre.com.ar\/noticias\/wp-json\/wp\/v2\/posts\/2526"}],"collection":[{"href":"https:\/\/web.consaguirre.com.ar\/noticias\/wp-json\/wp\/v2\/posts"}],"about":[{"href":"https:\/\/web.consaguirre.com.ar\/noticias\/wp-json\/wp\/v2\/types\/post"}],"author":[{"embeddable":true,"href":"https:\/\/web.consaguirre.com.ar\/noticias\/wp-json\/wp\/v2\/users\/1"}],"replies":[{"embeddable":true,"href":"https:\/\/web.consaguirre.com.ar\/noticias\/wp-json\/wp\/v2\/comments?post=2526"}],"version-history":[{"count":1,"href":"https:\/\/web.consaguirre.com.ar\/noticias\/wp-json\/wp\/v2\/posts\/2526\/revisions"}],"predecessor-version":[{"id":2528,"href":"https:\/\/web.consaguirre.com.ar\/noticias\/wp-json\/wp\/v2\/posts\/2526\/revisions\/2528"}],"wp:featuredmedia":[{"embeddable":true,"href":"https:\/\/web.consaguirre.com.ar\/noticias\/wp-json\/wp\/v2\/media\/2527"}],"wp:attachment":[{"href":"https:\/\/web.consaguirre.com.ar\/noticias\/wp-json\/wp\/v2\/media?parent=2526"}],"wp:term":[{"taxonomy":"category","embeddable":true,"href":"https:\/\/web.consaguirre.com.ar\/noticias\/wp-json\/wp\/v2\/categories?post=2526"},{"taxonomy":"post_tag","embeddable":true,"href":"https:\/\/web.consaguirre.com.ar\/noticias\/wp-json\/wp\/v2\/tags?post=2526"}],"curies":[{"name":"wp","href":"https:\/\/api.w.org\/{rel}","templated":true}]}}