{"id":2523,"date":"2025-04-29T21:40:25","date_gmt":"2025-04-30T00:40:25","guid":{"rendered":"https:\/\/web.consaguirre.com.ar\/noticias\/abba-celebra-50-anos-con-la-reedicion-del-aniversario\/"},"modified":"2025-04-29T21:40:25","modified_gmt":"2025-04-30T00:40:25","slug":"abba-celebra-50-anos-con-la-reedicion-del-aniversario","status":"publish","type":"post","link":"https:\/\/web.consaguirre.com.ar\/noticias\/abba-celebra-50-anos-con-la-reedicion-del-aniversario\/","title":{"rendered":"&#8216;ABBA&#8217; celebra 50 a\u00f1os con la reedici\u00f3n del aniversario"},"content":{"rendered":"<p>El grupo pop sueco <strong>Abba<\/strong> est\u00e1n celebrando el 50 aniversario de su r\u00e9cord hom\u00f3nimo de 1975. El \u00e1lbum incluye \u00e9xitos como &#8220;Mamma Mia&#8221;, &#8220;Sos&#8221; y &#8220;I Do, I Do, I Do, I Do, I Do&#8221;. La edici\u00f3n de aniversario de <em>Abba<\/em> sale el 13 de junio.<\/p>\n<p>El <em>Abba<\/em> El aniversario tiene algunos componentes diferentes. El \u00e1lbum en s\u00ed se volver\u00e1 a emitir como un vinilo de 2lp de 45 rpm de media velocidad. El paquete incluye nuevas notas de revestimiento, junto con un conjunto de caja de edici\u00f3n limitada de los cuatro singles de vinilo, lanzados originalmente por Polar en 1975; Los singles tambi\u00e9n est\u00e1n disponibles como discos de imagen separados en bolsas de pl\u00e1stico transparentes. Una nueva l\u00ednea de ropa de inspiraci\u00f3n vintage acompa\u00f1ar\u00e1 el lanzamiento. Adem\u00e1s, los videos musicales para &#8220;Bang-a-augerang&#8221; y &#8220;Lo hago, lo hago, lo hago, lo hago, lo hago&#8221; recibir\u00e1n actualizaciones 4K.<\/p>\n<p>ABBA fue el primer \u00e1lbum del grupo despu\u00e9s de su presentaci\u00f3n de &#8220;Waterloo&#8221; gan\u00f3 el concurso de canciones de Eurovisi\u00f3n de 1974, presentando a Agnetha F\u00e4ltskog, Bj\u00f6rn Ulvaeus, Benny Andersson y Frida Lyngstad a una audiencia global. La canci\u00f3n de apertura del \u00e1lbum, &#8220;Mamma Mia&#8221; fue el primer n\u00famero 1 de ABBA en el Reino Unido desde &#8220;Waterloo&#8221;, mientras que &#8220;I Do, I Do, I Do, I Do, I Do&#8221; encabez\u00f3 las listas en Australia.<\/p>\n<p>&#8220;SOS&#8221; se convirti\u00f3 en un gran \u00e9xito en el Reino Unido, llegando al No. 6. Abba realiz\u00f3 la pista en <em>Parada de banda americana<\/em> y <em>Saturday Night Live<\/em> durante su primer viaje a los Estados Unidos. La canci\u00f3n tambi\u00e9n fue lanzada en sueco, apareciendo en el \u00e1lbum solista de F\u00e4ltskog 1975 <em>Elva kvinnor i eet hus<\/em> (<em>Once mujeres en una casa<\/em>), que se lanz\u00f3 justo despu\u00e9s de que la versi\u00f3n ABBA se hab\u00eda convertido en un \u00e9xito.<br \/>\nEl a\u00f1o pasado, un set de caja con el cat\u00e1logo completo de ABBA de los lados A celebr\u00f3 el 50 aniversario de la innovadora victoria &#8220;Waterloo&#8221;. <em>Los singles &#8211; los primeros cincuenta a\u00f1os<\/em> Actualizaci\u00f3n de la compilaci\u00f3n de ABBA 1982 <em>Los singles &#8211; los primeros diez a\u00f1os<\/em>Agregar los singles lanzados junto con el \u00e1lbum de reuni\u00f3n 2021 del grupo <em>Viaje<\/em>.<\/p>\n<p><strong>Ordene la edici\u00f3n del 50 aniversario de <em <abba ahora.<\/strong><\/p>\n","protected":false},"excerpt":{"rendered":"<p>El grupo pop sueco Abba est\u00e1n celebrando el 50 aniversario de su r\u00e9cord hom\u00f3nimo de 1975. El \u00e1lbum incluye \u00e9xitos como &#8220;Mamma Mia&#8221;, &#8220;Sos&#8221; y<\/p>\n","protected":false},"author":1,"featured_media":2524,"comment_status":"closed","ping_status":"","sticky":false,"template":"","format":"standard","meta":{"footnotes":""},"categories":[50],"tags":[503,98,115,114,32,10,117],"class_list":["post-2523","post","type-post","status-publish","format-standard","has-post-thumbnail","hentry","category-el-ultimo","tag-abba","tag-aniversario","tag-anos","tag-celebra","tag-con","tag-del","tag-reedicion","generate-columns","tablet-grid-50","mobile-grid-100","grid-parent","grid-50"],"yoast_head":"<!-- This site is optimized with the Yoast SEO plugin v23.3 - https:\/\/yoast.com\/wordpress\/plugins\/seo\/ -->\n<title>&#039;ABBA&#039; celebra 50 a\u00f1os con la reedici\u00f3n del aniversario<\/title>\n<meta name=\"robots\" content=\"index, follow, max-snippet:-1, max-image-preview:large, max-video-preview:-1\" \/>\n<link rel=\"canonical\" href=\"https:\/\/web.consaguirre.com.ar\/noticias\/abba-celebra-50-anos-con-la-reedicion-del-aniversario\/\" \/>\n<meta property=\"og:locale\" content=\"es_ES\" \/>\n<meta property=\"og:type\" content=\"article\" \/>\n<meta property=\"og:title\" content=\"&#039;ABBA&#039; celebra 50 a\u00f1os con la reedici\u00f3n del aniversario\" \/>\n<meta property=\"og:description\" content=\"El grupo pop sueco Abba est\u00e1n celebrando el 50 aniversario de su r\u00e9cord hom\u00f3nimo de 1975. El \u00e1lbum incluye \u00e9xitos como &#8220;Mamma Mia&#8221;, &#8220;Sos&#8221; y\" \/>\n<meta property=\"og:url\" content=\"https:\/\/web.consaguirre.com.ar\/noticias\/abba-celebra-50-anos-con-la-reedicion-del-aniversario\/\" \/>\n<meta property=\"og:site_name\" content=\"Conservatorio de M\u00fasica Juli\u00e1n Aguirre\" \/>\n<meta property=\"article:published_time\" content=\"2025-04-30T00:40:25+00:00\" \/>\n<meta property=\"og:image\" content=\"https:\/\/web.consaguirre.com.ar\/noticias\/wp-content\/uploads\/2025\/04\/ABBA-celebra-50-anos-con-la-reedicion-del-aniversario.jpg\" \/>\n\t<meta property=\"og:image:width\" content=\"1440\" \/>\n\t<meta property=\"og:image:height\" content=\"864\" \/>\n\t<meta property=\"og:image:type\" content=\"image\/jpeg\" \/>\n<meta name=\"author\" content=\"Javier Figueroa\" \/>\n<meta name=\"twitter:card\" content=\"summary_large_image\" \/>\n<meta name=\"twitter:label1\" content=\"Escrito por\" \/>\n\t<meta name=\"twitter:data1\" content=\"Javier Figueroa\" \/>\n\t<meta name=\"twitter:label2\" content=\"Tiempo de lectura\" \/>\n\t<meta name=\"twitter:data2\" content=\"2 minutos\" \/>\n<script type=\"application\/ld+json\" class=\"yoast-schema-graph\">{\"@context\":\"https:\/\/schema.org\",\"@graph\":[{\"@type\":\"Article\",\"@id\":\"https:\/\/web.consaguirre.com.ar\/noticias\/abba-celebra-50-anos-con-la-reedicion-del-aniversario\/#article\",\"isPartOf\":{\"@id\":\"https:\/\/web.consaguirre.com.ar\/noticias\/abba-celebra-50-anos-con-la-reedicion-del-aniversario\/\"},\"author\":{\"name\":\"Javier Figueroa\",\"@id\":\"https:\/\/web.consaguirre.com.ar\/noticias\/#\/schema\/person\/6558b0cfedee7ddc5425602b237d5722\"},\"headline\":\"&#8216;ABBA&#8217; celebra 50 a\u00f1os con la reedici\u00f3n del aniversario\",\"datePublished\":\"2025-04-30T00:40:25+00:00\",\"dateModified\":\"2025-04-30T00:40:25+00:00\",\"mainEntityOfPage\":{\"@id\":\"https:\/\/web.consaguirre.com.ar\/noticias\/abba-celebra-50-anos-con-la-reedicion-del-aniversario\/\"},\"wordCount\":397,\"publisher\":{\"@id\":\"https:\/\/web.consaguirre.com.ar\/noticias\/#organization\"},\"image\":{\"@id\":\"https:\/\/web.consaguirre.com.ar\/noticias\/abba-celebra-50-anos-con-la-reedicion-del-aniversario\/#primaryimage\"},\"thumbnailUrl\":\"https:\/\/web.consaguirre.com.ar\/noticias\/wp-content\/uploads\/2025\/04\/ABBA-celebra-50-anos-con-la-reedicion-del-aniversario.jpg\",\"keywords\":[\"ABBA\",\"aniversario\",\"a\u00f1os\",\"celebra\",\"con\",\"del\",\"reedici\u00f3n\"],\"articleSection\":[\"El \u00faltimo\"],\"inLanguage\":\"es-AR\"},{\"@type\":\"WebPage\",\"@id\":\"https:\/\/web.consaguirre.com.ar\/noticias\/abba-celebra-50-anos-con-la-reedicion-del-aniversario\/\",\"url\":\"https:\/\/web.consaguirre.com.ar\/noticias\/abba-celebra-50-anos-con-la-reedicion-del-aniversario\/\",\"name\":\"'ABBA' celebra 50 a\u00f1os con la reedici\u00f3n del aniversario\",\"isPartOf\":{\"@id\":\"https:\/\/web.consaguirre.com.ar\/noticias\/#website\"},\"primaryImageOfPage\":{\"@id\":\"https:\/\/web.consaguirre.com.ar\/noticias\/abba-celebra-50-anos-con-la-reedicion-del-aniversario\/#primaryimage\"},\"image\":{\"@id\":\"https:\/\/web.consaguirre.com.ar\/noticias\/abba-celebra-50-anos-con-la-reedicion-del-aniversario\/#primaryimage\"},\"thumbnailUrl\":\"https:\/\/web.consaguirre.com.ar\/noticias\/wp-content\/uploads\/2025\/04\/ABBA-celebra-50-anos-con-la-reedicion-del-aniversario.jpg\",\"datePublished\":\"2025-04-30T00:40:25+00:00\",\"dateModified\":\"2025-04-30T00:40:25+00:00\",\"breadcrumb\":{\"@id\":\"https:\/\/web.consaguirre.com.ar\/noticias\/abba-celebra-50-anos-con-la-reedicion-del-aniversario\/#breadcrumb\"},\"inLanguage\":\"es-AR\",\"potentialAction\":[{\"@type\":\"ReadAction\",\"target\":[\"https:\/\/web.consaguirre.com.ar\/noticias\/abba-celebra-50-anos-con-la-reedicion-del-aniversario\/\"]}]},{\"@type\":\"ImageObject\",\"inLanguage\":\"es-AR\",\"@id\":\"https:\/\/web.consaguirre.com.ar\/noticias\/abba-celebra-50-anos-con-la-reedicion-del-aniversario\/#primaryimage\",\"url\":\"https:\/\/web.consaguirre.com.ar\/noticias\/wp-content\/uploads\/2025\/04\/ABBA-celebra-50-anos-con-la-reedicion-del-aniversario.jpg\",\"contentUrl\":\"https:\/\/web.consaguirre.com.ar\/noticias\/wp-content\/uploads\/2025\/04\/ABBA-celebra-50-anos-con-la-reedicion-del-aniversario.jpg\",\"width\":1440,\"height\":864,\"caption\":\"'ABBA' celebra 50 a\u00f1os con la reedici\u00f3n del aniversario\"},{\"@type\":\"BreadcrumbList\",\"@id\":\"https:\/\/web.consaguirre.com.ar\/noticias\/abba-celebra-50-anos-con-la-reedicion-del-aniversario\/#breadcrumb\",\"itemListElement\":[{\"@type\":\"ListItem\",\"position\":1,\"name\":\"Inicio\",\"item\":\"https:\/\/web.consaguirre.com.ar\/noticias\/\"},{\"@type\":\"ListItem\",\"position\":2,\"name\":\"&#8216;ABBA&#8217; celebra 50 a\u00f1os con la reedici\u00f3n del aniversario\"}]},{\"@type\":\"WebSite\",\"@id\":\"https:\/\/web.consaguirre.com.ar\/noticias\/#website\",\"url\":\"https:\/\/web.consaguirre.com.ar\/noticias\/\",\"name\":\"Conservatorio de M\u00fasica Juli\u00e1n Aguirre\",\"description\":\"\",\"publisher\":{\"@id\":\"https:\/\/web.consaguirre.com.ar\/noticias\/#organization\"},\"potentialAction\":[{\"@type\":\"SearchAction\",\"target\":{\"@type\":\"EntryPoint\",\"urlTemplate\":\"https:\/\/web.consaguirre.com.ar\/noticias\/?s={search_term_string}\"},\"query-input\":\"required name=search_term_string\"}],\"inLanguage\":\"es-AR\"},{\"@type\":\"Organization\",\"@id\":\"https:\/\/web.consaguirre.com.ar\/noticias\/#organization\",\"name\":\"Conservatorio de M\u00fasica Juli\u00e1n Aguirre\",\"url\":\"https:\/\/web.consaguirre.com.ar\/noticias\/\",\"logo\":{\"@type\":\"ImageObject\",\"inLanguage\":\"es-AR\",\"@id\":\"https:\/\/web.consaguirre.com.ar\/noticias\/#\/schema\/logo\/image\/\",\"url\":\"https:\/\/web.consaguirre.com.ar\/noticias\/wp-content\/uploads\/2024\/08\/Banner-Aguirre-23.jpg\",\"contentUrl\":\"https:\/\/web.consaguirre.com.ar\/noticias\/wp-content\/uploads\/2024\/08\/Banner-Aguirre-23.jpg\",\"width\":1192,\"height\":600,\"caption\":\"Conservatorio de M\u00fasica Juli\u00e1n Aguirre\"},\"image\":{\"@id\":\"https:\/\/web.consaguirre.com.ar\/noticias\/#\/schema\/logo\/image\/\"}},{\"@type\":\"Person\",\"@id\":\"https:\/\/web.consaguirre.com.ar\/noticias\/#\/schema\/person\/6558b0cfedee7ddc5425602b237d5722\",\"name\":\"Javier Figueroa\",\"image\":{\"@type\":\"ImageObject\",\"inLanguage\":\"es-AR\",\"@id\":\"https:\/\/web.consaguirre.com.ar\/noticias\/#\/schema\/person\/image\/\",\"url\":\"https:\/\/web.consaguirre.com.ar\/noticias\/wp-content\/uploads\/2024\/08\/Consaguirre-scaled.jpg\",\"contentUrl\":\"https:\/\/web.consaguirre.com.ar\/noticias\/wp-content\/uploads\/2024\/08\/Consaguirre-scaled.jpg\",\"caption\":\"Javier Figueroa\"},\"description\":\"Me llamo Javier Figueroa y soy redactor para el sitio oficial del Conservatorio de M\u00fasica Juli\u00e1n Aguirre en Buenos Aires, consaguirre.com. Apasionado por la m\u00fasica y la escritura, me esfuerzo por destacar los talentos y eventos de nuestra prestigiosa instituci\u00f3n. Mi trayectoria se nutre de una profunda admiraci\u00f3n por los artistas, haciendo de cada art\u00edculo una celebraci\u00f3n de la creatividad y la cultura musical.\",\"sameAs\":[\"https:\/\/web.consaguirre.com.ar\/noticias\"]}]}<\/script>\n<!-- \/ Yoast SEO plugin. -->","yoast_head_json":{"title":"'ABBA' celebra 50 a\u00f1os con la reedici\u00f3n del aniversario","robots":{"index":"index","follow":"follow","max-snippet":"max-snippet:-1","max-image-preview":"max-image-preview:large","max-video-preview":"max-video-preview:-1"},"canonical":"https:\/\/web.consaguirre.com.ar\/noticias\/abba-celebra-50-anos-con-la-reedicion-del-aniversario\/","og_locale":"es_ES","og_type":"article","og_title":"'ABBA' celebra 50 a\u00f1os con la reedici\u00f3n del aniversario","og_description":"El grupo pop sueco Abba est\u00e1n celebrando el 50 aniversario de su r\u00e9cord hom\u00f3nimo de 1975. El \u00e1lbum incluye \u00e9xitos como &#8220;Mamma Mia&#8221;, &#8220;Sos&#8221; y","og_url":"https:\/\/web.consaguirre.com.ar\/noticias\/abba-celebra-50-anos-con-la-reedicion-del-aniversario\/","og_site_name":"Conservatorio de M\u00fasica Juli\u00e1n Aguirre","article_published_time":"2025-04-30T00:40:25+00:00","og_image":[{"width":1440,"height":864,"url":"https:\/\/web.consaguirre.com.ar\/noticias\/wp-content\/uploads\/2025\/04\/ABBA-celebra-50-anos-con-la-reedicion-del-aniversario.jpg","type":"image\/jpeg"}],"author":"Javier Figueroa","twitter_card":"summary_large_image","twitter_misc":{"Escrito por":"Javier Figueroa","Tiempo de lectura":"2 minutos"},"schema":{"@context":"https:\/\/schema.org","@graph":[{"@type":"Article","@id":"https:\/\/web.consaguirre.com.ar\/noticias\/abba-celebra-50-anos-con-la-reedicion-del-aniversario\/#article","isPartOf":{"@id":"https:\/\/web.consaguirre.com.ar\/noticias\/abba-celebra-50-anos-con-la-reedicion-del-aniversario\/"},"author":{"name":"Javier Figueroa","@id":"https:\/\/web.consaguirre.com.ar\/noticias\/#\/schema\/person\/6558b0cfedee7ddc5425602b237d5722"},"headline":"&#8216;ABBA&#8217; celebra 50 a\u00f1os con la reedici\u00f3n del aniversario","datePublished":"2025-04-30T00:40:25+00:00","dateModified":"2025-04-30T00:40:25+00:00","mainEntityOfPage":{"@id":"https:\/\/web.consaguirre.com.ar\/noticias\/abba-celebra-50-anos-con-la-reedicion-del-aniversario\/"},"wordCount":397,"publisher":{"@id":"https:\/\/web.consaguirre.com.ar\/noticias\/#organization"},"image":{"@id":"https:\/\/web.consaguirre.com.ar\/noticias\/abba-celebra-50-anos-con-la-reedicion-del-aniversario\/#primaryimage"},"thumbnailUrl":"https:\/\/web.consaguirre.com.ar\/noticias\/wp-content\/uploads\/2025\/04\/ABBA-celebra-50-anos-con-la-reedicion-del-aniversario.jpg","keywords":["ABBA","aniversario","a\u00f1os","celebra","con","del","reedici\u00f3n"],"articleSection":["El \u00faltimo"],"inLanguage":"es-AR"},{"@type":"WebPage","@id":"https:\/\/web.consaguirre.com.ar\/noticias\/abba-celebra-50-anos-con-la-reedicion-del-aniversario\/","url":"https:\/\/web.consaguirre.com.ar\/noticias\/abba-celebra-50-anos-con-la-reedicion-del-aniversario\/","name":"'ABBA' celebra 50 a\u00f1os con la reedici\u00f3n del aniversario","isPartOf":{"@id":"https:\/\/web.consaguirre.com.ar\/noticias\/#website"},"primaryImageOfPage":{"@id":"https:\/\/web.consaguirre.com.ar\/noticias\/abba-celebra-50-anos-con-la-reedicion-del-aniversario\/#primaryimage"},"image":{"@id":"https:\/\/web.consaguirre.com.ar\/noticias\/abba-celebra-50-anos-con-la-reedicion-del-aniversario\/#primaryimage"},"thumbnailUrl":"https:\/\/web.consaguirre.com.ar\/noticias\/wp-content\/uploads\/2025\/04\/ABBA-celebra-50-anos-con-la-reedicion-del-aniversario.jpg","datePublished":"2025-04-30T00:40:25+00:00","dateModified":"2025-04-30T00:40:25+00:00","breadcrumb":{"@id":"https:\/\/web.consaguirre.com.ar\/noticias\/abba-celebra-50-anos-con-la-reedicion-del-aniversario\/#breadcrumb"},"inLanguage":"es-AR","potentialAction":[{"@type":"ReadAction","target":["https:\/\/web.consaguirre.com.ar\/noticias\/abba-celebra-50-anos-con-la-reedicion-del-aniversario\/"]}]},{"@type":"ImageObject","inLanguage":"es-AR","@id":"https:\/\/web.consaguirre.com.ar\/noticias\/abba-celebra-50-anos-con-la-reedicion-del-aniversario\/#primaryimage","url":"https:\/\/web.consaguirre.com.ar\/noticias\/wp-content\/uploads\/2025\/04\/ABBA-celebra-50-anos-con-la-reedicion-del-aniversario.jpg","contentUrl":"https:\/\/web.consaguirre.com.ar\/noticias\/wp-content\/uploads\/2025\/04\/ABBA-celebra-50-anos-con-la-reedicion-del-aniversario.jpg","width":1440,"height":864,"caption":"'ABBA' celebra 50 a\u00f1os con la reedici\u00f3n del aniversario"},{"@type":"BreadcrumbList","@id":"https:\/\/web.consaguirre.com.ar\/noticias\/abba-celebra-50-anos-con-la-reedicion-del-aniversario\/#breadcrumb","itemListElement":[{"@type":"ListItem","position":1,"name":"Inicio","item":"https:\/\/web.consaguirre.com.ar\/noticias\/"},{"@type":"ListItem","position":2,"name":"&#8216;ABBA&#8217; celebra 50 a\u00f1os con la reedici\u00f3n del aniversario"}]},{"@type":"WebSite","@id":"https:\/\/web.consaguirre.com.ar\/noticias\/#website","url":"https:\/\/web.consaguirre.com.ar\/noticias\/","name":"Conservatorio de M\u00fasica Juli\u00e1n Aguirre","description":"","publisher":{"@id":"https:\/\/web.consaguirre.com.ar\/noticias\/#organization"},"potentialAction":[{"@type":"SearchAction","target":{"@type":"EntryPoint","urlTemplate":"https:\/\/web.consaguirre.com.ar\/noticias\/?s={search_term_string}"},"query-input":"required name=search_term_string"}],"inLanguage":"es-AR"},{"@type":"Organization","@id":"https:\/\/web.consaguirre.com.ar\/noticias\/#organization","name":"Conservatorio de M\u00fasica Juli\u00e1n Aguirre","url":"https:\/\/web.consaguirre.com.ar\/noticias\/","logo":{"@type":"ImageObject","inLanguage":"es-AR","@id":"https:\/\/web.consaguirre.com.ar\/noticias\/#\/schema\/logo\/image\/","url":"https:\/\/web.consaguirre.com.ar\/noticias\/wp-content\/uploads\/2024\/08\/Banner-Aguirre-23.jpg","contentUrl":"https:\/\/web.consaguirre.com.ar\/noticias\/wp-content\/uploads\/2024\/08\/Banner-Aguirre-23.jpg","width":1192,"height":600,"caption":"Conservatorio de M\u00fasica Juli\u00e1n Aguirre"},"image":{"@id":"https:\/\/web.consaguirre.com.ar\/noticias\/#\/schema\/logo\/image\/"}},{"@type":"Person","@id":"https:\/\/web.consaguirre.com.ar\/noticias\/#\/schema\/person\/6558b0cfedee7ddc5425602b237d5722","name":"Javier Figueroa","image":{"@type":"ImageObject","inLanguage":"es-AR","@id":"https:\/\/web.consaguirre.com.ar\/noticias\/#\/schema\/person\/image\/","url":"https:\/\/web.consaguirre.com.ar\/noticias\/wp-content\/uploads\/2024\/08\/Consaguirre-scaled.jpg","contentUrl":"https:\/\/web.consaguirre.com.ar\/noticias\/wp-content\/uploads\/2024\/08\/Consaguirre-scaled.jpg","caption":"Javier Figueroa"},"description":"Me llamo Javier Figueroa y soy redactor para el sitio oficial del Conservatorio de M\u00fasica Juli\u00e1n Aguirre en Buenos Aires, consaguirre.com. Apasionado por la m\u00fasica y la escritura, me esfuerzo por destacar los talentos y eventos de nuestra prestigiosa instituci\u00f3n. Mi trayectoria se nutre de una profunda admiraci\u00f3n por los artistas, haciendo de cada art\u00edculo una celebraci\u00f3n de la creatividad y la cultura musical.","sameAs":["https:\/\/web.consaguirre.com.ar\/noticias"]}]}},"_links":{"self":[{"href":"https:\/\/web.consaguirre.com.ar\/noticias\/wp-json\/wp\/v2\/posts\/2523"}],"collection":[{"href":"https:\/\/web.consaguirre.com.ar\/noticias\/wp-json\/wp\/v2\/posts"}],"about":[{"href":"https:\/\/web.consaguirre.com.ar\/noticias\/wp-json\/wp\/v2\/types\/post"}],"author":[{"embeddable":true,"href":"https:\/\/web.consaguirre.com.ar\/noticias\/wp-json\/wp\/v2\/users\/1"}],"replies":[{"embeddable":true,"href":"https:\/\/web.consaguirre.com.ar\/noticias\/wp-json\/wp\/v2\/comments?post=2523"}],"version-history":[{"count":1,"href":"https:\/\/web.consaguirre.com.ar\/noticias\/wp-json\/wp\/v2\/posts\/2523\/revisions"}],"predecessor-version":[{"id":2525,"href":"https:\/\/web.consaguirre.com.ar\/noticias\/wp-json\/wp\/v2\/posts\/2523\/revisions\/2525"}],"wp:featuredmedia":[{"embeddable":true,"href":"https:\/\/web.consaguirre.com.ar\/noticias\/wp-json\/wp\/v2\/media\/2524"}],"wp:attachment":[{"href":"https:\/\/web.consaguirre.com.ar\/noticias\/wp-json\/wp\/v2\/media?parent=2523"}],"wp:term":[{"taxonomy":"category","embeddable":true,"href":"https:\/\/web.consaguirre.com.ar\/noticias\/wp-json\/wp\/v2\/categories?post=2523"},{"taxonomy":"post_tag","embeddable":true,"href":"https:\/\/web.consaguirre.com.ar\/noticias\/wp-json\/wp\/v2\/tags?post=2523"}],"curies":[{"name":"wp","href":"https:\/\/api.w.org\/{rel}","templated":true}]}}