{"id":2517,"date":"2025-04-29T15:38:53","date_gmt":"2025-04-29T18:38:53","guid":{"rendered":"https:\/\/web.consaguirre.com.ar\/noticias\/maroon-5-y-lisa-anuncian-un-nuevo-sencillo-priceless\/"},"modified":"2025-04-29T15:38:54","modified_gmt":"2025-04-29T18:38:54","slug":"maroon-5-y-lisa-anuncian-un-nuevo-sencillo-priceless","status":"publish","type":"post","link":"https:\/\/web.consaguirre.com.ar\/noticias\/maroon-5-y-lisa-anuncian-un-nuevo-sencillo-priceless\/","title":{"rendered":"Maroon 5 y Lisa anuncian un nuevo sencillo, &#8216;Priceless&#8217;"},"content":{"rendered":"<p><strong>Maroon 5<\/strong> Fans, la espera est\u00e1 a punto de terminar. La veterana banda de pop-rock ha anunciado el lanzamiento pendiente del nuevo sencillo &#8220;Precaleless&#8221; este viernes 2 de mayo. La canci\u00f3n, la primera de Maroon 5 desde la canci\u00f3n independiente de 2023 &#8220;Middlement&#8221;, combina la banda con Lisa de Blackpink.<\/p>\n<p>En los clips de vista previa para &#8220;invaluables&#8221; compartidos en las cuentas sociales de Maroon 5, se puede escuchar al l\u00edder Adam Levine cantando el gancho &#8220;Beb\u00e9, no tiene precio\/ Nunca tuve algo como esto\/ me estoy perdiendo la cabeza en los muslos, es\/ todo lo que quiero hacer, s\u00ed&#8221; sobre un funky medio de s\u00edntesis de s\u00edntesis de tempo con un ritmo de playa. Lisa Raps, &#8220;S\u00ed, hablar es barato, vaya, det\u00e9ngalo\/ tengo mi amor, eso es una gran ganancia\/ diamantes, ropa de cama, impecable, s\u00ed\/ No puedes encontrar esto en ning\u00fan lado&#8221;.<\/p>\n<p>En una visita del 7 de abril a <em>The Tonight Show<\/em>Levine revel\u00f3 planes para un nuevo \u00e1lbum Maroon 5 este a\u00f1o, el primero de la banda desde 2021 <em>Jordi<\/em>. &#8220;Los rumores son correctos&#8221;, le dijo a Jimmy Fallon, luego procedi\u00f3 a ofrecer una vaga l\u00ednea de tiempo del calendario de promoci\u00f3n 2025 de la banda: &#8220;Hay detalles. No puedo divulgar todos los detalles. Pero los detalles b\u00e1sicamente, m\u00e1s o menos, hay un solo al final del mes. en el oto\u00f1o &#8220;.<\/p>\n<p>Despu\u00e9s de a\u00f1os de gira y grabaci\u00f3n con el Grupo K-Pop masivamente exitoso <strong>Blackpink<\/strong>Lisa ha estado disfrutando de una ruptura en solitario en los \u00faltimos tiempos. En 2025, ha marcado su sencillo en solitario de mejor marca hasta la fecha con la colaboraci\u00f3n de Doja Cat y Raye &#8220;Born Again&#8221; (un \u00e9xito n\u00famero 1 en su Tailandia natal), actu\u00f3 en los Premios de la Academia e hizo su debut como actor en la amplia tercera temporada de HBO&#8217;s <em>El loto blanco<\/em>.<\/p>\n<p><strong>Pre-Save de Maroon 5 de Maroon 5 ahora.<\/strong><\/p>\n","protected":false},"excerpt":{"rendered":"<p>Maroon 5 Fans, la espera est\u00e1 a punto de terminar. La veterana banda de pop-rock ha anunciado el lanzamiento pendiente del nuevo sencillo &#8220;Precaleless&#8221; este<\/p>\n","protected":false},"author":1,"featured_media":2518,"comment_status":"closed","ping_status":"","sticky":false,"template":"","format":"standard","meta":{"footnotes":""},"categories":[50],"tags":[725,2410,236,146,2411,204],"class_list":["post-2517","post","type-post","status-publish","format-standard","has-post-thumbnail","hentry","category-el-ultimo","tag-anuncian","tag-lisa","tag-maroon","tag-nuevo","tag-priceless","tag-sencillo","generate-columns","tablet-grid-50","mobile-grid-100","grid-parent","grid-50"],"yoast_head":"<!-- This site is optimized with the Yoast SEO plugin v23.3 - https:\/\/yoast.com\/wordpress\/plugins\/seo\/ -->\n<title>Maroon 5 y Lisa anuncian un nuevo sencillo, &#039;Priceless&#039;<\/title>\n<meta name=\"robots\" content=\"index, follow, max-snippet:-1, max-image-preview:large, max-video-preview:-1\" \/>\n<link rel=\"canonical\" href=\"https:\/\/web.consaguirre.com.ar\/noticias\/maroon-5-y-lisa-anuncian-un-nuevo-sencillo-priceless\/\" \/>\n<meta property=\"og:locale\" content=\"es_ES\" \/>\n<meta property=\"og:type\" content=\"article\" \/>\n<meta property=\"og:title\" content=\"Maroon 5 y Lisa anuncian un nuevo sencillo, &#039;Priceless&#039;\" \/>\n<meta property=\"og:description\" content=\"Maroon 5 Fans, la espera est\u00e1 a punto de terminar. La veterana banda de pop-rock ha anunciado el lanzamiento pendiente del nuevo sencillo &#8220;Precaleless&#8221; este\" \/>\n<meta property=\"og:url\" content=\"https:\/\/web.consaguirre.com.ar\/noticias\/maroon-5-y-lisa-anuncian-un-nuevo-sencillo-priceless\/\" \/>\n<meta property=\"og:site_name\" content=\"Conservatorio de M\u00fasica Juli\u00e1n Aguirre\" \/>\n<meta property=\"article:published_time\" content=\"2025-04-29T18:38:53+00:00\" \/>\n<meta property=\"article:modified_time\" content=\"2025-04-29T18:38:54+00:00\" \/>\n<meta property=\"og:image\" content=\"https:\/\/web.consaguirre.com.ar\/noticias\/wp-content\/uploads\/2025\/04\/Maroon-5-y-Lisa-anuncian-un-nuevo-sencillo-Priceless.jpg\" \/>\n\t<meta property=\"og:image:width\" content=\"1440\" \/>\n\t<meta property=\"og:image:height\" content=\"864\" \/>\n\t<meta property=\"og:image:type\" content=\"image\/jpeg\" \/>\n<meta name=\"author\" content=\"Javier Figueroa\" \/>\n<meta name=\"twitter:card\" content=\"summary_large_image\" \/>\n<meta name=\"twitter:label1\" content=\"Escrito por\" \/>\n\t<meta name=\"twitter:data1\" content=\"Javier Figueroa\" \/>\n\t<meta name=\"twitter:label2\" content=\"Tiempo de lectura\" \/>\n\t<meta name=\"twitter:data2\" content=\"2 minutos\" \/>\n<script type=\"application\/ld+json\" class=\"yoast-schema-graph\">{\"@context\":\"https:\/\/schema.org\",\"@graph\":[{\"@type\":\"Article\",\"@id\":\"https:\/\/web.consaguirre.com.ar\/noticias\/maroon-5-y-lisa-anuncian-un-nuevo-sencillo-priceless\/#article\",\"isPartOf\":{\"@id\":\"https:\/\/web.consaguirre.com.ar\/noticias\/maroon-5-y-lisa-anuncian-un-nuevo-sencillo-priceless\/\"},\"author\":{\"name\":\"Javier Figueroa\",\"@id\":\"https:\/\/web.consaguirre.com.ar\/noticias\/#\/schema\/person\/6558b0cfedee7ddc5425602b237d5722\"},\"headline\":\"Maroon 5 y Lisa anuncian un nuevo sencillo, &#8216;Priceless&#8217;\",\"datePublished\":\"2025-04-29T18:38:53+00:00\",\"dateModified\":\"2025-04-29T18:38:54+00:00\",\"mainEntityOfPage\":{\"@id\":\"https:\/\/web.consaguirre.com.ar\/noticias\/maroon-5-y-lisa-anuncian-un-nuevo-sencillo-priceless\/\"},\"wordCount\":327,\"publisher\":{\"@id\":\"https:\/\/web.consaguirre.com.ar\/noticias\/#organization\"},\"image\":{\"@id\":\"https:\/\/web.consaguirre.com.ar\/noticias\/maroon-5-y-lisa-anuncian-un-nuevo-sencillo-priceless\/#primaryimage\"},\"thumbnailUrl\":\"https:\/\/web.consaguirre.com.ar\/noticias\/wp-content\/uploads\/2025\/04\/Maroon-5-y-Lisa-anuncian-un-nuevo-sencillo-Priceless.jpg\",\"keywords\":[\"anuncian\",\"Lisa\",\"Maroon\",\"nuevo\",\"Priceless\",\"sencillo\"],\"articleSection\":[\"El \u00faltimo\"],\"inLanguage\":\"es-AR\"},{\"@type\":\"WebPage\",\"@id\":\"https:\/\/web.consaguirre.com.ar\/noticias\/maroon-5-y-lisa-anuncian-un-nuevo-sencillo-priceless\/\",\"url\":\"https:\/\/web.consaguirre.com.ar\/noticias\/maroon-5-y-lisa-anuncian-un-nuevo-sencillo-priceless\/\",\"name\":\"Maroon 5 y Lisa anuncian un nuevo sencillo, 'Priceless'\",\"isPartOf\":{\"@id\":\"https:\/\/web.consaguirre.com.ar\/noticias\/#website\"},\"primaryImageOfPage\":{\"@id\":\"https:\/\/web.consaguirre.com.ar\/noticias\/maroon-5-y-lisa-anuncian-un-nuevo-sencillo-priceless\/#primaryimage\"},\"image\":{\"@id\":\"https:\/\/web.consaguirre.com.ar\/noticias\/maroon-5-y-lisa-anuncian-un-nuevo-sencillo-priceless\/#primaryimage\"},\"thumbnailUrl\":\"https:\/\/web.consaguirre.com.ar\/noticias\/wp-content\/uploads\/2025\/04\/Maroon-5-y-Lisa-anuncian-un-nuevo-sencillo-Priceless.jpg\",\"datePublished\":\"2025-04-29T18:38:53+00:00\",\"dateModified\":\"2025-04-29T18:38:54+00:00\",\"breadcrumb\":{\"@id\":\"https:\/\/web.consaguirre.com.ar\/noticias\/maroon-5-y-lisa-anuncian-un-nuevo-sencillo-priceless\/#breadcrumb\"},\"inLanguage\":\"es-AR\",\"potentialAction\":[{\"@type\":\"ReadAction\",\"target\":[\"https:\/\/web.consaguirre.com.ar\/noticias\/maroon-5-y-lisa-anuncian-un-nuevo-sencillo-priceless\/\"]}]},{\"@type\":\"ImageObject\",\"inLanguage\":\"es-AR\",\"@id\":\"https:\/\/web.consaguirre.com.ar\/noticias\/maroon-5-y-lisa-anuncian-un-nuevo-sencillo-priceless\/#primaryimage\",\"url\":\"https:\/\/web.consaguirre.com.ar\/noticias\/wp-content\/uploads\/2025\/04\/Maroon-5-y-Lisa-anuncian-un-nuevo-sencillo-Priceless.jpg\",\"contentUrl\":\"https:\/\/web.consaguirre.com.ar\/noticias\/wp-content\/uploads\/2025\/04\/Maroon-5-y-Lisa-anuncian-un-nuevo-sencillo-Priceless.jpg\",\"width\":1440,\"height\":864,\"caption\":\"Maroon 5 y Lisa anuncian un nuevo sencillo, 'Priceless'\"},{\"@type\":\"BreadcrumbList\",\"@id\":\"https:\/\/web.consaguirre.com.ar\/noticias\/maroon-5-y-lisa-anuncian-un-nuevo-sencillo-priceless\/#breadcrumb\",\"itemListElement\":[{\"@type\":\"ListItem\",\"position\":1,\"name\":\"Inicio\",\"item\":\"https:\/\/web.consaguirre.com.ar\/noticias\/\"},{\"@type\":\"ListItem\",\"position\":2,\"name\":\"Maroon 5 y Lisa anuncian un nuevo sencillo, &#8216;Priceless&#8217;\"}]},{\"@type\":\"WebSite\",\"@id\":\"https:\/\/web.consaguirre.com.ar\/noticias\/#website\",\"url\":\"https:\/\/web.consaguirre.com.ar\/noticias\/\",\"name\":\"Conservatorio de M\u00fasica Juli\u00e1n Aguirre\",\"description\":\"\",\"publisher\":{\"@id\":\"https:\/\/web.consaguirre.com.ar\/noticias\/#organization\"},\"potentialAction\":[{\"@type\":\"SearchAction\",\"target\":{\"@type\":\"EntryPoint\",\"urlTemplate\":\"https:\/\/web.consaguirre.com.ar\/noticias\/?s={search_term_string}\"},\"query-input\":\"required name=search_term_string\"}],\"inLanguage\":\"es-AR\"},{\"@type\":\"Organization\",\"@id\":\"https:\/\/web.consaguirre.com.ar\/noticias\/#organization\",\"name\":\"Conservatorio de M\u00fasica Juli\u00e1n Aguirre\",\"url\":\"https:\/\/web.consaguirre.com.ar\/noticias\/\",\"logo\":{\"@type\":\"ImageObject\",\"inLanguage\":\"es-AR\",\"@id\":\"https:\/\/web.consaguirre.com.ar\/noticias\/#\/schema\/logo\/image\/\",\"url\":\"https:\/\/web.consaguirre.com.ar\/noticias\/wp-content\/uploads\/2024\/08\/Banner-Aguirre-23.jpg\",\"contentUrl\":\"https:\/\/web.consaguirre.com.ar\/noticias\/wp-content\/uploads\/2024\/08\/Banner-Aguirre-23.jpg\",\"width\":1192,\"height\":600,\"caption\":\"Conservatorio de M\u00fasica Juli\u00e1n Aguirre\"},\"image\":{\"@id\":\"https:\/\/web.consaguirre.com.ar\/noticias\/#\/schema\/logo\/image\/\"}},{\"@type\":\"Person\",\"@id\":\"https:\/\/web.consaguirre.com.ar\/noticias\/#\/schema\/person\/6558b0cfedee7ddc5425602b237d5722\",\"name\":\"Javier Figueroa\",\"image\":{\"@type\":\"ImageObject\",\"inLanguage\":\"es-AR\",\"@id\":\"https:\/\/web.consaguirre.com.ar\/noticias\/#\/schema\/person\/image\/\",\"url\":\"https:\/\/web.consaguirre.com.ar\/noticias\/wp-content\/uploads\/2024\/08\/Consaguirre-scaled.jpg\",\"contentUrl\":\"https:\/\/web.consaguirre.com.ar\/noticias\/wp-content\/uploads\/2024\/08\/Consaguirre-scaled.jpg\",\"caption\":\"Javier Figueroa\"},\"description\":\"Me llamo Javier Figueroa y soy redactor para el sitio oficial del Conservatorio de M\u00fasica Juli\u00e1n Aguirre en Buenos Aires, consaguirre.com. Apasionado por la m\u00fasica y la escritura, me esfuerzo por destacar los talentos y eventos de nuestra prestigiosa instituci\u00f3n. Mi trayectoria se nutre de una profunda admiraci\u00f3n por los artistas, haciendo de cada art\u00edculo una celebraci\u00f3n de la creatividad y la cultura musical.\",\"sameAs\":[\"https:\/\/web.consaguirre.com.ar\/noticias\"]}]}<\/script>\n<!-- \/ Yoast SEO plugin. -->","yoast_head_json":{"title":"Maroon 5 y Lisa anuncian un nuevo sencillo, 'Priceless'","robots":{"index":"index","follow":"follow","max-snippet":"max-snippet:-1","max-image-preview":"max-image-preview:large","max-video-preview":"max-video-preview:-1"},"canonical":"https:\/\/web.consaguirre.com.ar\/noticias\/maroon-5-y-lisa-anuncian-un-nuevo-sencillo-priceless\/","og_locale":"es_ES","og_type":"article","og_title":"Maroon 5 y Lisa anuncian un nuevo sencillo, 'Priceless'","og_description":"Maroon 5 Fans, la espera est\u00e1 a punto de terminar. La veterana banda de pop-rock ha anunciado el lanzamiento pendiente del nuevo sencillo &#8220;Precaleless&#8221; este","og_url":"https:\/\/web.consaguirre.com.ar\/noticias\/maroon-5-y-lisa-anuncian-un-nuevo-sencillo-priceless\/","og_site_name":"Conservatorio de M\u00fasica Juli\u00e1n Aguirre","article_published_time":"2025-04-29T18:38:53+00:00","article_modified_time":"2025-04-29T18:38:54+00:00","og_image":[{"width":1440,"height":864,"url":"https:\/\/web.consaguirre.com.ar\/noticias\/wp-content\/uploads\/2025\/04\/Maroon-5-y-Lisa-anuncian-un-nuevo-sencillo-Priceless.jpg","type":"image\/jpeg"}],"author":"Javier Figueroa","twitter_card":"summary_large_image","twitter_misc":{"Escrito por":"Javier Figueroa","Tiempo de lectura":"2 minutos"},"schema":{"@context":"https:\/\/schema.org","@graph":[{"@type":"Article","@id":"https:\/\/web.consaguirre.com.ar\/noticias\/maroon-5-y-lisa-anuncian-un-nuevo-sencillo-priceless\/#article","isPartOf":{"@id":"https:\/\/web.consaguirre.com.ar\/noticias\/maroon-5-y-lisa-anuncian-un-nuevo-sencillo-priceless\/"},"author":{"name":"Javier Figueroa","@id":"https:\/\/web.consaguirre.com.ar\/noticias\/#\/schema\/person\/6558b0cfedee7ddc5425602b237d5722"},"headline":"Maroon 5 y Lisa anuncian un nuevo sencillo, &#8216;Priceless&#8217;","datePublished":"2025-04-29T18:38:53+00:00","dateModified":"2025-04-29T18:38:54+00:00","mainEntityOfPage":{"@id":"https:\/\/web.consaguirre.com.ar\/noticias\/maroon-5-y-lisa-anuncian-un-nuevo-sencillo-priceless\/"},"wordCount":327,"publisher":{"@id":"https:\/\/web.consaguirre.com.ar\/noticias\/#organization"},"image":{"@id":"https:\/\/web.consaguirre.com.ar\/noticias\/maroon-5-y-lisa-anuncian-un-nuevo-sencillo-priceless\/#primaryimage"},"thumbnailUrl":"https:\/\/web.consaguirre.com.ar\/noticias\/wp-content\/uploads\/2025\/04\/Maroon-5-y-Lisa-anuncian-un-nuevo-sencillo-Priceless.jpg","keywords":["anuncian","Lisa","Maroon","nuevo","Priceless","sencillo"],"articleSection":["El \u00faltimo"],"inLanguage":"es-AR"},{"@type":"WebPage","@id":"https:\/\/web.consaguirre.com.ar\/noticias\/maroon-5-y-lisa-anuncian-un-nuevo-sencillo-priceless\/","url":"https:\/\/web.consaguirre.com.ar\/noticias\/maroon-5-y-lisa-anuncian-un-nuevo-sencillo-priceless\/","name":"Maroon 5 y Lisa anuncian un nuevo sencillo, 'Priceless'","isPartOf":{"@id":"https:\/\/web.consaguirre.com.ar\/noticias\/#website"},"primaryImageOfPage":{"@id":"https:\/\/web.consaguirre.com.ar\/noticias\/maroon-5-y-lisa-anuncian-un-nuevo-sencillo-priceless\/#primaryimage"},"image":{"@id":"https:\/\/web.consaguirre.com.ar\/noticias\/maroon-5-y-lisa-anuncian-un-nuevo-sencillo-priceless\/#primaryimage"},"thumbnailUrl":"https:\/\/web.consaguirre.com.ar\/noticias\/wp-content\/uploads\/2025\/04\/Maroon-5-y-Lisa-anuncian-un-nuevo-sencillo-Priceless.jpg","datePublished":"2025-04-29T18:38:53+00:00","dateModified":"2025-04-29T18:38:54+00:00","breadcrumb":{"@id":"https:\/\/web.consaguirre.com.ar\/noticias\/maroon-5-y-lisa-anuncian-un-nuevo-sencillo-priceless\/#breadcrumb"},"inLanguage":"es-AR","potentialAction":[{"@type":"ReadAction","target":["https:\/\/web.consaguirre.com.ar\/noticias\/maroon-5-y-lisa-anuncian-un-nuevo-sencillo-priceless\/"]}]},{"@type":"ImageObject","inLanguage":"es-AR","@id":"https:\/\/web.consaguirre.com.ar\/noticias\/maroon-5-y-lisa-anuncian-un-nuevo-sencillo-priceless\/#primaryimage","url":"https:\/\/web.consaguirre.com.ar\/noticias\/wp-content\/uploads\/2025\/04\/Maroon-5-y-Lisa-anuncian-un-nuevo-sencillo-Priceless.jpg","contentUrl":"https:\/\/web.consaguirre.com.ar\/noticias\/wp-content\/uploads\/2025\/04\/Maroon-5-y-Lisa-anuncian-un-nuevo-sencillo-Priceless.jpg","width":1440,"height":864,"caption":"Maroon 5 y Lisa anuncian un nuevo sencillo, 'Priceless'"},{"@type":"BreadcrumbList","@id":"https:\/\/web.consaguirre.com.ar\/noticias\/maroon-5-y-lisa-anuncian-un-nuevo-sencillo-priceless\/#breadcrumb","itemListElement":[{"@type":"ListItem","position":1,"name":"Inicio","item":"https:\/\/web.consaguirre.com.ar\/noticias\/"},{"@type":"ListItem","position":2,"name":"Maroon 5 y Lisa anuncian un nuevo sencillo, &#8216;Priceless&#8217;"}]},{"@type":"WebSite","@id":"https:\/\/web.consaguirre.com.ar\/noticias\/#website","url":"https:\/\/web.consaguirre.com.ar\/noticias\/","name":"Conservatorio de M\u00fasica Juli\u00e1n Aguirre","description":"","publisher":{"@id":"https:\/\/web.consaguirre.com.ar\/noticias\/#organization"},"potentialAction":[{"@type":"SearchAction","target":{"@type":"EntryPoint","urlTemplate":"https:\/\/web.consaguirre.com.ar\/noticias\/?s={search_term_string}"},"query-input":"required name=search_term_string"}],"inLanguage":"es-AR"},{"@type":"Organization","@id":"https:\/\/web.consaguirre.com.ar\/noticias\/#organization","name":"Conservatorio de M\u00fasica Juli\u00e1n Aguirre","url":"https:\/\/web.consaguirre.com.ar\/noticias\/","logo":{"@type":"ImageObject","inLanguage":"es-AR","@id":"https:\/\/web.consaguirre.com.ar\/noticias\/#\/schema\/logo\/image\/","url":"https:\/\/web.consaguirre.com.ar\/noticias\/wp-content\/uploads\/2024\/08\/Banner-Aguirre-23.jpg","contentUrl":"https:\/\/web.consaguirre.com.ar\/noticias\/wp-content\/uploads\/2024\/08\/Banner-Aguirre-23.jpg","width":1192,"height":600,"caption":"Conservatorio de M\u00fasica Juli\u00e1n Aguirre"},"image":{"@id":"https:\/\/web.consaguirre.com.ar\/noticias\/#\/schema\/logo\/image\/"}},{"@type":"Person","@id":"https:\/\/web.consaguirre.com.ar\/noticias\/#\/schema\/person\/6558b0cfedee7ddc5425602b237d5722","name":"Javier Figueroa","image":{"@type":"ImageObject","inLanguage":"es-AR","@id":"https:\/\/web.consaguirre.com.ar\/noticias\/#\/schema\/person\/image\/","url":"https:\/\/web.consaguirre.com.ar\/noticias\/wp-content\/uploads\/2024\/08\/Consaguirre-scaled.jpg","contentUrl":"https:\/\/web.consaguirre.com.ar\/noticias\/wp-content\/uploads\/2024\/08\/Consaguirre-scaled.jpg","caption":"Javier Figueroa"},"description":"Me llamo Javier Figueroa y soy redactor para el sitio oficial del Conservatorio de M\u00fasica Juli\u00e1n Aguirre en Buenos Aires, consaguirre.com. Apasionado por la m\u00fasica y la escritura, me esfuerzo por destacar los talentos y eventos de nuestra prestigiosa instituci\u00f3n. Mi trayectoria se nutre de una profunda admiraci\u00f3n por los artistas, haciendo de cada art\u00edculo una celebraci\u00f3n de la creatividad y la cultura musical.","sameAs":["https:\/\/web.consaguirre.com.ar\/noticias"]}]}},"_links":{"self":[{"href":"https:\/\/web.consaguirre.com.ar\/noticias\/wp-json\/wp\/v2\/posts\/2517"}],"collection":[{"href":"https:\/\/web.consaguirre.com.ar\/noticias\/wp-json\/wp\/v2\/posts"}],"about":[{"href":"https:\/\/web.consaguirre.com.ar\/noticias\/wp-json\/wp\/v2\/types\/post"}],"author":[{"embeddable":true,"href":"https:\/\/web.consaguirre.com.ar\/noticias\/wp-json\/wp\/v2\/users\/1"}],"replies":[{"embeddable":true,"href":"https:\/\/web.consaguirre.com.ar\/noticias\/wp-json\/wp\/v2\/comments?post=2517"}],"version-history":[{"count":1,"href":"https:\/\/web.consaguirre.com.ar\/noticias\/wp-json\/wp\/v2\/posts\/2517\/revisions"}],"predecessor-version":[{"id":2519,"href":"https:\/\/web.consaguirre.com.ar\/noticias\/wp-json\/wp\/v2\/posts\/2517\/revisions\/2519"}],"wp:featuredmedia":[{"embeddable":true,"href":"https:\/\/web.consaguirre.com.ar\/noticias\/wp-json\/wp\/v2\/media\/2518"}],"wp:attachment":[{"href":"https:\/\/web.consaguirre.com.ar\/noticias\/wp-json\/wp\/v2\/media?parent=2517"}],"wp:term":[{"taxonomy":"category","embeddable":true,"href":"https:\/\/web.consaguirre.com.ar\/noticias\/wp-json\/wp\/v2\/categories?post=2517"},{"taxonomy":"post_tag","embeddable":true,"href":"https:\/\/web.consaguirre.com.ar\/noticias\/wp-json\/wp\/v2\/tags?post=2517"}],"curies":[{"name":"wp","href":"https:\/\/api.w.org\/{rel}","templated":true}]}}