{"id":2514,"date":"2025-04-29T12:41:11","date_gmt":"2025-04-29T15:41:11","guid":{"rendered":"https:\/\/web.consaguirre.com.ar\/noticias\/steve-earle-invito-a-unirse-al-grand-ole-opry\/"},"modified":"2025-04-29T12:41:12","modified_gmt":"2025-04-29T15:41:12","slug":"steve-earle-invito-a-unirse-al-grand-ole-opry","status":"publish","type":"post","link":"https:\/\/web.consaguirre.com.ar\/noticias\/steve-earle-invito-a-unirse-al-grand-ole-opry\/","title":{"rendered":"Steve Earle invit\u00f3 a unirse al Grand Ole Opry"},"content":{"rendered":"<p><strong>Steve Earle<\/strong> est\u00e1 a punto de unirse a la instituci\u00f3n m\u00e1s venerable de la m\u00fasica country. El legendario cantante y compositor recibi\u00f3 una invitaci\u00f3n para unirse al Grand Ole Opry durante su actuaci\u00f3n el s\u00e1bado por la noche en el escenario Opry. Es la primera persona en recibir una nueva invitaci\u00f3n de membres\u00eda desde que Opry lanz\u00f3 su celebraci\u00f3n del Centenario Opry100 este a\u00f1o.<\/p>\n<p>Despu\u00e9s de la actuaci\u00f3n de Earle de &#8220;Copperhead Road&#8221;, su amigo <strong>Vince Gill<\/strong> Surgi\u00f3 presentarle una correa de guitarra con marca Opry. Despu\u00e9s de los aplausos, Gill surgi\u00f3 otra sorpresa en Earle: &#8220;Tienes que ser un miembro de Opry para tener uno de estos. Queremos invitarte a convertirte en miembro del Grand Ole Opry&#8221;. Un Earle conmovido visiblemente respondi\u00f3: &#8220;Esto es lo m\u00e1s importante que me ha pasado en mi vida&#8221;. Ser\u00e1 inducido oficialmente a finales de este a\u00f1o.<\/p>\n<div class=\"uD-YT-container\"><img decoding=\"async\" src=\"https:\/\/web.consaguirre.com.ar\/noticias\/wp-content\/uploads\/2025\/04\/1745941271_613_Steve-Earle-invito-a-unirse-al-Grand-Ole-Opry.jpg\" alt=\"Video de YouTube\"><br \/>Haga clic para cargar video<\/div>\n<p>La membres\u00eda de Opry puede ser su mayor honor hasta la fecha, pero Earle, de 70 a\u00f1os, ha acumulado los elogios a lo largo de su carrera. El Americana Titan ha ganado tres Grammys, cada uno al mejor \u00e1lbum folk de contempor\u00e1neo, y fue incluido en el Sal\u00f3n de la Fama de los compositores de Nashville en 2020. Su \u00e9xito m\u00e1s alto, &#8220;Copperhead Road&#8221; de 1988, se convirti\u00f3 en una canci\u00f3n oficial de Tennessee en 2023.<\/p>\n<p>Earle se aunde en el mundo de Alt-Country y Americana. El artista criado en Texas fue asesorado por \u00edconos como Townes Van Zandt y Guy Clark, y sus canciones han sido interpretadas por otros leyendas como Gill, Johnny Cash, Emmylou Harris, Willie Nelson, Percy Sledge, Bob Seger y Patty Loveless. Tambi\u00e9n ha producido \u00e1lbumes cl\u00e1sicos como Lucinda Williams &#8216; <strong><em>Ruedas de autom\u00f3viles en una carretera de grava<\/em><\/strong>escrito una novela (2011&#8217;s <em>Nunca saldr\u00e9 de este mundo vivo<\/em>) y colecci\u00f3n de cuentos (2003 <em>Rosas de la casa de perros<\/em>), se desempe\u00f1\u00f3 como director musical de la obra de 2020 <em>Pa\u00eds de carb\u00f3n<\/em>y actu\u00f3 en aclamadas series de televisi\u00f3n <em>El alambre<\/em> y <em>Treme<\/em>.<\/p>\n<p><strong>Compre la mejor m\u00fasica country en vinilo ahora.<\/strong><\/p><\/p>\n","protected":false},"excerpt":{"rendered":"<p>Steve Earle est\u00e1 a punto de unirse a la instituci\u00f3n m\u00e1s venerable de la m\u00fasica country. El legendario cantante y compositor recibi\u00f3 una invitaci\u00f3n para<\/p>\n","protected":false},"author":1,"featured_media":2515,"comment_status":"closed","ping_status":"","sticky":false,"template":"","format":"standard","meta":{"footnotes":""},"categories":[50],"tags":[2407,1414,2408,1588,1589,2406,2409],"class_list":["post-2514","post","type-post","status-publish","format-standard","has-post-thumbnail","hentry","category-el-ultimo","tag-earle","tag-grand","tag-invito","tag-ole","tag-opry","tag-steve","tag-unirse","generate-columns","tablet-grid-50","mobile-grid-100","grid-parent","grid-50"],"yoast_head":"<!-- This site is optimized with the Yoast SEO plugin v23.3 - https:\/\/yoast.com\/wordpress\/plugins\/seo\/ -->\n<title>Steve Earle invit\u00f3 a unirse al Grand Ole Opry<\/title>\n<meta name=\"robots\" content=\"index, follow, max-snippet:-1, max-image-preview:large, max-video-preview:-1\" \/>\n<link rel=\"canonical\" href=\"https:\/\/web.consaguirre.com.ar\/noticias\/steve-earle-invito-a-unirse-al-grand-ole-opry\/\" \/>\n<meta property=\"og:locale\" content=\"es_ES\" \/>\n<meta property=\"og:type\" content=\"article\" \/>\n<meta property=\"og:title\" content=\"Steve Earle invit\u00f3 a unirse al Grand Ole Opry\" \/>\n<meta property=\"og:description\" content=\"Steve Earle est\u00e1 a punto de unirse a la instituci\u00f3n m\u00e1s venerable de la m\u00fasica country. El legendario cantante y compositor recibi\u00f3 una invitaci\u00f3n para\" \/>\n<meta property=\"og:url\" content=\"https:\/\/web.consaguirre.com.ar\/noticias\/steve-earle-invito-a-unirse-al-grand-ole-opry\/\" \/>\n<meta property=\"og:site_name\" content=\"Conservatorio de M\u00fasica Juli\u00e1n Aguirre\" \/>\n<meta property=\"article:published_time\" content=\"2025-04-29T15:41:11+00:00\" \/>\n<meta property=\"article:modified_time\" content=\"2025-04-29T15:41:12+00:00\" \/>\n<meta property=\"og:image\" content=\"https:\/\/web.consaguirre.com.ar\/noticias\/wp-content\/uploads\/2025\/04\/Steve-Earle-invito-a-unirse-al-Grand-Ole-Opry.jpg\" \/>\n\t<meta property=\"og:image:width\" content=\"1440\" \/>\n\t<meta property=\"og:image:height\" content=\"864\" \/>\n\t<meta property=\"og:image:type\" content=\"image\/jpeg\" \/>\n<meta name=\"author\" content=\"Javier Figueroa\" \/>\n<meta name=\"twitter:card\" content=\"summary_large_image\" \/>\n<meta name=\"twitter:label1\" content=\"Escrito por\" \/>\n\t<meta name=\"twitter:data1\" content=\"Javier Figueroa\" \/>\n\t<meta name=\"twitter:label2\" content=\"Tiempo de lectura\" \/>\n\t<meta name=\"twitter:data2\" content=\"2 minutos\" \/>\n<script type=\"application\/ld+json\" class=\"yoast-schema-graph\">{\"@context\":\"https:\/\/schema.org\",\"@graph\":[{\"@type\":\"Article\",\"@id\":\"https:\/\/web.consaguirre.com.ar\/noticias\/steve-earle-invito-a-unirse-al-grand-ole-opry\/#article\",\"isPartOf\":{\"@id\":\"https:\/\/web.consaguirre.com.ar\/noticias\/steve-earle-invito-a-unirse-al-grand-ole-opry\/\"},\"author\":{\"name\":\"Javier Figueroa\",\"@id\":\"https:\/\/web.consaguirre.com.ar\/noticias\/#\/schema\/person\/6558b0cfedee7ddc5425602b237d5722\"},\"headline\":\"Steve Earle invit\u00f3 a unirse al Grand Ole Opry\",\"datePublished\":\"2025-04-29T15:41:11+00:00\",\"dateModified\":\"2025-04-29T15:41:12+00:00\",\"mainEntityOfPage\":{\"@id\":\"https:\/\/web.consaguirre.com.ar\/noticias\/steve-earle-invito-a-unirse-al-grand-ole-opry\/\"},\"wordCount\":374,\"publisher\":{\"@id\":\"https:\/\/web.consaguirre.com.ar\/noticias\/#organization\"},\"image\":{\"@id\":\"https:\/\/web.consaguirre.com.ar\/noticias\/steve-earle-invito-a-unirse-al-grand-ole-opry\/#primaryimage\"},\"thumbnailUrl\":\"https:\/\/web.consaguirre.com.ar\/noticias\/wp-content\/uploads\/2025\/04\/Steve-Earle-invito-a-unirse-al-Grand-Ole-Opry.jpg\",\"keywords\":[\"Earle\",\"Grand\",\"invit\u00f3\",\"Ole\",\"Opry\",\"Steve\",\"unirse\"],\"articleSection\":[\"El \u00faltimo\"],\"inLanguage\":\"es-AR\"},{\"@type\":\"WebPage\",\"@id\":\"https:\/\/web.consaguirre.com.ar\/noticias\/steve-earle-invito-a-unirse-al-grand-ole-opry\/\",\"url\":\"https:\/\/web.consaguirre.com.ar\/noticias\/steve-earle-invito-a-unirse-al-grand-ole-opry\/\",\"name\":\"Steve Earle invit\u00f3 a unirse al Grand Ole Opry\",\"isPartOf\":{\"@id\":\"https:\/\/web.consaguirre.com.ar\/noticias\/#website\"},\"primaryImageOfPage\":{\"@id\":\"https:\/\/web.consaguirre.com.ar\/noticias\/steve-earle-invito-a-unirse-al-grand-ole-opry\/#primaryimage\"},\"image\":{\"@id\":\"https:\/\/web.consaguirre.com.ar\/noticias\/steve-earle-invito-a-unirse-al-grand-ole-opry\/#primaryimage\"},\"thumbnailUrl\":\"https:\/\/web.consaguirre.com.ar\/noticias\/wp-content\/uploads\/2025\/04\/Steve-Earle-invito-a-unirse-al-Grand-Ole-Opry.jpg\",\"datePublished\":\"2025-04-29T15:41:11+00:00\",\"dateModified\":\"2025-04-29T15:41:12+00:00\",\"breadcrumb\":{\"@id\":\"https:\/\/web.consaguirre.com.ar\/noticias\/steve-earle-invito-a-unirse-al-grand-ole-opry\/#breadcrumb\"},\"inLanguage\":\"es-AR\",\"potentialAction\":[{\"@type\":\"ReadAction\",\"target\":[\"https:\/\/web.consaguirre.com.ar\/noticias\/steve-earle-invito-a-unirse-al-grand-ole-opry\/\"]}]},{\"@type\":\"ImageObject\",\"inLanguage\":\"es-AR\",\"@id\":\"https:\/\/web.consaguirre.com.ar\/noticias\/steve-earle-invito-a-unirse-al-grand-ole-opry\/#primaryimage\",\"url\":\"https:\/\/web.consaguirre.com.ar\/noticias\/wp-content\/uploads\/2025\/04\/Steve-Earle-invito-a-unirse-al-Grand-Ole-Opry.jpg\",\"contentUrl\":\"https:\/\/web.consaguirre.com.ar\/noticias\/wp-content\/uploads\/2025\/04\/Steve-Earle-invito-a-unirse-al-Grand-Ole-Opry.jpg\",\"width\":1440,\"height\":864,\"caption\":\"Steve Earle invit\u00f3 a unirse al Grand Ole Opry\"},{\"@type\":\"BreadcrumbList\",\"@id\":\"https:\/\/web.consaguirre.com.ar\/noticias\/steve-earle-invito-a-unirse-al-grand-ole-opry\/#breadcrumb\",\"itemListElement\":[{\"@type\":\"ListItem\",\"position\":1,\"name\":\"Inicio\",\"item\":\"https:\/\/web.consaguirre.com.ar\/noticias\/\"},{\"@type\":\"ListItem\",\"position\":2,\"name\":\"Steve Earle invit\u00f3 a unirse al Grand Ole Opry\"}]},{\"@type\":\"WebSite\",\"@id\":\"https:\/\/web.consaguirre.com.ar\/noticias\/#website\",\"url\":\"https:\/\/web.consaguirre.com.ar\/noticias\/\",\"name\":\"Conservatorio de M\u00fasica Juli\u00e1n Aguirre\",\"description\":\"\",\"publisher\":{\"@id\":\"https:\/\/web.consaguirre.com.ar\/noticias\/#organization\"},\"potentialAction\":[{\"@type\":\"SearchAction\",\"target\":{\"@type\":\"EntryPoint\",\"urlTemplate\":\"https:\/\/web.consaguirre.com.ar\/noticias\/?s={search_term_string}\"},\"query-input\":\"required name=search_term_string\"}],\"inLanguage\":\"es-AR\"},{\"@type\":\"Organization\",\"@id\":\"https:\/\/web.consaguirre.com.ar\/noticias\/#organization\",\"name\":\"Conservatorio de M\u00fasica Juli\u00e1n Aguirre\",\"url\":\"https:\/\/web.consaguirre.com.ar\/noticias\/\",\"logo\":{\"@type\":\"ImageObject\",\"inLanguage\":\"es-AR\",\"@id\":\"https:\/\/web.consaguirre.com.ar\/noticias\/#\/schema\/logo\/image\/\",\"url\":\"https:\/\/web.consaguirre.com.ar\/noticias\/wp-content\/uploads\/2024\/08\/Banner-Aguirre-23.jpg\",\"contentUrl\":\"https:\/\/web.consaguirre.com.ar\/noticias\/wp-content\/uploads\/2024\/08\/Banner-Aguirre-23.jpg\",\"width\":1192,\"height\":600,\"caption\":\"Conservatorio de M\u00fasica Juli\u00e1n Aguirre\"},\"image\":{\"@id\":\"https:\/\/web.consaguirre.com.ar\/noticias\/#\/schema\/logo\/image\/\"}},{\"@type\":\"Person\",\"@id\":\"https:\/\/web.consaguirre.com.ar\/noticias\/#\/schema\/person\/6558b0cfedee7ddc5425602b237d5722\",\"name\":\"Javier Figueroa\",\"image\":{\"@type\":\"ImageObject\",\"inLanguage\":\"es-AR\",\"@id\":\"https:\/\/web.consaguirre.com.ar\/noticias\/#\/schema\/person\/image\/\",\"url\":\"https:\/\/web.consaguirre.com.ar\/noticias\/wp-content\/uploads\/2024\/08\/Consaguirre-scaled.jpg\",\"contentUrl\":\"https:\/\/web.consaguirre.com.ar\/noticias\/wp-content\/uploads\/2024\/08\/Consaguirre-scaled.jpg\",\"caption\":\"Javier Figueroa\"},\"description\":\"Me llamo Javier Figueroa y soy redactor para el sitio oficial del Conservatorio de M\u00fasica Juli\u00e1n Aguirre en Buenos Aires, consaguirre.com. Apasionado por la m\u00fasica y la escritura, me esfuerzo por destacar los talentos y eventos de nuestra prestigiosa instituci\u00f3n. Mi trayectoria se nutre de una profunda admiraci\u00f3n por los artistas, haciendo de cada art\u00edculo una celebraci\u00f3n de la creatividad y la cultura musical.\",\"sameAs\":[\"https:\/\/web.consaguirre.com.ar\/noticias\"]}]}<\/script>\n<!-- \/ Yoast SEO plugin. -->","yoast_head_json":{"title":"Steve Earle invit\u00f3 a unirse al Grand Ole Opry","robots":{"index":"index","follow":"follow","max-snippet":"max-snippet:-1","max-image-preview":"max-image-preview:large","max-video-preview":"max-video-preview:-1"},"canonical":"https:\/\/web.consaguirre.com.ar\/noticias\/steve-earle-invito-a-unirse-al-grand-ole-opry\/","og_locale":"es_ES","og_type":"article","og_title":"Steve Earle invit\u00f3 a unirse al Grand Ole Opry","og_description":"Steve Earle est\u00e1 a punto de unirse a la instituci\u00f3n m\u00e1s venerable de la m\u00fasica country. El legendario cantante y compositor recibi\u00f3 una invitaci\u00f3n para","og_url":"https:\/\/web.consaguirre.com.ar\/noticias\/steve-earle-invito-a-unirse-al-grand-ole-opry\/","og_site_name":"Conservatorio de M\u00fasica Juli\u00e1n Aguirre","article_published_time":"2025-04-29T15:41:11+00:00","article_modified_time":"2025-04-29T15:41:12+00:00","og_image":[{"width":1440,"height":864,"url":"https:\/\/web.consaguirre.com.ar\/noticias\/wp-content\/uploads\/2025\/04\/Steve-Earle-invito-a-unirse-al-Grand-Ole-Opry.jpg","type":"image\/jpeg"}],"author":"Javier Figueroa","twitter_card":"summary_large_image","twitter_misc":{"Escrito por":"Javier Figueroa","Tiempo de lectura":"2 minutos"},"schema":{"@context":"https:\/\/schema.org","@graph":[{"@type":"Article","@id":"https:\/\/web.consaguirre.com.ar\/noticias\/steve-earle-invito-a-unirse-al-grand-ole-opry\/#article","isPartOf":{"@id":"https:\/\/web.consaguirre.com.ar\/noticias\/steve-earle-invito-a-unirse-al-grand-ole-opry\/"},"author":{"name":"Javier Figueroa","@id":"https:\/\/web.consaguirre.com.ar\/noticias\/#\/schema\/person\/6558b0cfedee7ddc5425602b237d5722"},"headline":"Steve Earle invit\u00f3 a unirse al Grand Ole Opry","datePublished":"2025-04-29T15:41:11+00:00","dateModified":"2025-04-29T15:41:12+00:00","mainEntityOfPage":{"@id":"https:\/\/web.consaguirre.com.ar\/noticias\/steve-earle-invito-a-unirse-al-grand-ole-opry\/"},"wordCount":374,"publisher":{"@id":"https:\/\/web.consaguirre.com.ar\/noticias\/#organization"},"image":{"@id":"https:\/\/web.consaguirre.com.ar\/noticias\/steve-earle-invito-a-unirse-al-grand-ole-opry\/#primaryimage"},"thumbnailUrl":"https:\/\/web.consaguirre.com.ar\/noticias\/wp-content\/uploads\/2025\/04\/Steve-Earle-invito-a-unirse-al-Grand-Ole-Opry.jpg","keywords":["Earle","Grand","invit\u00f3","Ole","Opry","Steve","unirse"],"articleSection":["El \u00faltimo"],"inLanguage":"es-AR"},{"@type":"WebPage","@id":"https:\/\/web.consaguirre.com.ar\/noticias\/steve-earle-invito-a-unirse-al-grand-ole-opry\/","url":"https:\/\/web.consaguirre.com.ar\/noticias\/steve-earle-invito-a-unirse-al-grand-ole-opry\/","name":"Steve Earle invit\u00f3 a unirse al Grand Ole Opry","isPartOf":{"@id":"https:\/\/web.consaguirre.com.ar\/noticias\/#website"},"primaryImageOfPage":{"@id":"https:\/\/web.consaguirre.com.ar\/noticias\/steve-earle-invito-a-unirse-al-grand-ole-opry\/#primaryimage"},"image":{"@id":"https:\/\/web.consaguirre.com.ar\/noticias\/steve-earle-invito-a-unirse-al-grand-ole-opry\/#primaryimage"},"thumbnailUrl":"https:\/\/web.consaguirre.com.ar\/noticias\/wp-content\/uploads\/2025\/04\/Steve-Earle-invito-a-unirse-al-Grand-Ole-Opry.jpg","datePublished":"2025-04-29T15:41:11+00:00","dateModified":"2025-04-29T15:41:12+00:00","breadcrumb":{"@id":"https:\/\/web.consaguirre.com.ar\/noticias\/steve-earle-invito-a-unirse-al-grand-ole-opry\/#breadcrumb"},"inLanguage":"es-AR","potentialAction":[{"@type":"ReadAction","target":["https:\/\/web.consaguirre.com.ar\/noticias\/steve-earle-invito-a-unirse-al-grand-ole-opry\/"]}]},{"@type":"ImageObject","inLanguage":"es-AR","@id":"https:\/\/web.consaguirre.com.ar\/noticias\/steve-earle-invito-a-unirse-al-grand-ole-opry\/#primaryimage","url":"https:\/\/web.consaguirre.com.ar\/noticias\/wp-content\/uploads\/2025\/04\/Steve-Earle-invito-a-unirse-al-Grand-Ole-Opry.jpg","contentUrl":"https:\/\/web.consaguirre.com.ar\/noticias\/wp-content\/uploads\/2025\/04\/Steve-Earle-invito-a-unirse-al-Grand-Ole-Opry.jpg","width":1440,"height":864,"caption":"Steve Earle invit\u00f3 a unirse al Grand Ole Opry"},{"@type":"BreadcrumbList","@id":"https:\/\/web.consaguirre.com.ar\/noticias\/steve-earle-invito-a-unirse-al-grand-ole-opry\/#breadcrumb","itemListElement":[{"@type":"ListItem","position":1,"name":"Inicio","item":"https:\/\/web.consaguirre.com.ar\/noticias\/"},{"@type":"ListItem","position":2,"name":"Steve Earle invit\u00f3 a unirse al Grand Ole Opry"}]},{"@type":"WebSite","@id":"https:\/\/web.consaguirre.com.ar\/noticias\/#website","url":"https:\/\/web.consaguirre.com.ar\/noticias\/","name":"Conservatorio de M\u00fasica Juli\u00e1n Aguirre","description":"","publisher":{"@id":"https:\/\/web.consaguirre.com.ar\/noticias\/#organization"},"potentialAction":[{"@type":"SearchAction","target":{"@type":"EntryPoint","urlTemplate":"https:\/\/web.consaguirre.com.ar\/noticias\/?s={search_term_string}"},"query-input":"required name=search_term_string"}],"inLanguage":"es-AR"},{"@type":"Organization","@id":"https:\/\/web.consaguirre.com.ar\/noticias\/#organization","name":"Conservatorio de M\u00fasica Juli\u00e1n Aguirre","url":"https:\/\/web.consaguirre.com.ar\/noticias\/","logo":{"@type":"ImageObject","inLanguage":"es-AR","@id":"https:\/\/web.consaguirre.com.ar\/noticias\/#\/schema\/logo\/image\/","url":"https:\/\/web.consaguirre.com.ar\/noticias\/wp-content\/uploads\/2024\/08\/Banner-Aguirre-23.jpg","contentUrl":"https:\/\/web.consaguirre.com.ar\/noticias\/wp-content\/uploads\/2024\/08\/Banner-Aguirre-23.jpg","width":1192,"height":600,"caption":"Conservatorio de M\u00fasica Juli\u00e1n Aguirre"},"image":{"@id":"https:\/\/web.consaguirre.com.ar\/noticias\/#\/schema\/logo\/image\/"}},{"@type":"Person","@id":"https:\/\/web.consaguirre.com.ar\/noticias\/#\/schema\/person\/6558b0cfedee7ddc5425602b237d5722","name":"Javier Figueroa","image":{"@type":"ImageObject","inLanguage":"es-AR","@id":"https:\/\/web.consaguirre.com.ar\/noticias\/#\/schema\/person\/image\/","url":"https:\/\/web.consaguirre.com.ar\/noticias\/wp-content\/uploads\/2024\/08\/Consaguirre-scaled.jpg","contentUrl":"https:\/\/web.consaguirre.com.ar\/noticias\/wp-content\/uploads\/2024\/08\/Consaguirre-scaled.jpg","caption":"Javier Figueroa"},"description":"Me llamo Javier Figueroa y soy redactor para el sitio oficial del Conservatorio de M\u00fasica Juli\u00e1n Aguirre en Buenos Aires, consaguirre.com. Apasionado por la m\u00fasica y la escritura, me esfuerzo por destacar los talentos y eventos de nuestra prestigiosa instituci\u00f3n. Mi trayectoria se nutre de una profunda admiraci\u00f3n por los artistas, haciendo de cada art\u00edculo una celebraci\u00f3n de la creatividad y la cultura musical.","sameAs":["https:\/\/web.consaguirre.com.ar\/noticias"]}]}},"_links":{"self":[{"href":"https:\/\/web.consaguirre.com.ar\/noticias\/wp-json\/wp\/v2\/posts\/2514"}],"collection":[{"href":"https:\/\/web.consaguirre.com.ar\/noticias\/wp-json\/wp\/v2\/posts"}],"about":[{"href":"https:\/\/web.consaguirre.com.ar\/noticias\/wp-json\/wp\/v2\/types\/post"}],"author":[{"embeddable":true,"href":"https:\/\/web.consaguirre.com.ar\/noticias\/wp-json\/wp\/v2\/users\/1"}],"replies":[{"embeddable":true,"href":"https:\/\/web.consaguirre.com.ar\/noticias\/wp-json\/wp\/v2\/comments?post=2514"}],"version-history":[{"count":1,"href":"https:\/\/web.consaguirre.com.ar\/noticias\/wp-json\/wp\/v2\/posts\/2514\/revisions"}],"predecessor-version":[{"id":2516,"href":"https:\/\/web.consaguirre.com.ar\/noticias\/wp-json\/wp\/v2\/posts\/2514\/revisions\/2516"}],"wp:featuredmedia":[{"embeddable":true,"href":"https:\/\/web.consaguirre.com.ar\/noticias\/wp-json\/wp\/v2\/media\/2515"}],"wp:attachment":[{"href":"https:\/\/web.consaguirre.com.ar\/noticias\/wp-json\/wp\/v2\/media?parent=2514"}],"wp:term":[{"taxonomy":"category","embeddable":true,"href":"https:\/\/web.consaguirre.com.ar\/noticias\/wp-json\/wp\/v2\/categories?post=2514"},{"taxonomy":"post_tag","embeddable":true,"href":"https:\/\/web.consaguirre.com.ar\/noticias\/wp-json\/wp\/v2\/tags?post=2514"}],"curies":[{"name":"wp","href":"https:\/\/api.w.org\/{rel}","templated":true}]}}