{"id":2511,"date":"2025-04-28T21:39:40","date_gmt":"2025-04-29T00:39:40","guid":{"rendered":"https:\/\/web.consaguirre.com.ar\/noticias\/2025-anuncios-del-salon-de-la-fama-del-rock-and-roll-anunciados\/"},"modified":"2025-04-28T21:39:40","modified_gmt":"2025-04-29T00:39:40","slug":"2025-anuncios-del-salon-de-la-fama-del-rock-and-roll-anunciados","status":"publish","type":"post","link":"https:\/\/web.consaguirre.com.ar\/noticias\/2025-anuncios-del-salon-de-la-fama-del-rock-and-roll-anunciados\/","title":{"rendered":"2025 anuncios del Sal\u00f3n de la Fama del Rock and Roll anunciados"},"content":{"rendered":"<p>Se ha revelado los miembros del Sal\u00f3n de la Fama del Rock and Roll de 2025. Cyndi Lauper, Outkast, <strong>Soundgarden<\/strong>y las rayas blancas se unir\u00e1n a la estimada liga de m\u00fasicos. Otros ingresos incluyen <strong>Joe Cocker<\/strong>Mala compa\u00f1\u00eda y Chubby Checker. El anuncio se realiz\u00f3 durante el episodio de &#8220;Rock &#038; Roll Hall of Fame Night&#8221; del domingo de <em>\u00cddolo americano<\/em>con el anfitri\u00f3n Ryan Seacrest anunciando a los ingresos durante un episodio tem\u00e1tico.<\/p>\n<p><strong>Salt-N-Pepa<\/strong> Y Warren Zevon fue nombrado como los destinatarios del Premio a la Influencia Musical de este a\u00f1o, que celebra a los artistas cuyo trabajo ha tenido un impacto directo en la evoluci\u00f3n del rock and roll o inspir\u00f3 a los artistas l\u00edderes del g\u00e9nero. El Premio de Excelencia Musical se destinar\u00e1 al legendario productor de Soul Philly Thom Bell, conocido por su trabajo con Delfonics, The Stylistics y The Spinners; M\u00fasico de sesi\u00f3n Carole Kaye, miembro de la <strong>Tripulaci\u00f3n de demolici\u00f3n<\/strong> quien jug\u00f3 en las &#8220;buenas vibraciones&#8221; de los Beach Boys y &#8220;Estas botas est\u00e1n hechas para caminar&#8221; de Nancy Sinatra; y tecladista de estudio <strong>Nicky Hopkins<\/strong>conocido por su trabajo con los Rolling Stones, la OMS, y otros actos de invasi\u00f3n brit\u00e1nica. El cofundador de DreamWorks Records, Lenny Waronker, recibir\u00e1 el premio Ahmet Ertegun.<\/p>\n<p>La ceremonia de inducci\u00f3n del Sal\u00f3n de la Fama del Rock &#038; Roll 2025 se transmitir\u00e1 en vivo desde el Peacock Theatre de Los \u00c1ngeles el 8 de noviembre a trav\u00e9s de Disney+. Estar\u00e1 disponible para transmitir en Hulu al d\u00eda siguiente y volver\u00e1 a aire en ABC en una fecha posterior.<\/p>\n<p>La boleta completa de los nominados de 2025 present\u00f3 a Cyndi Lauper, Oasis, Outkast, Phish, The White Stripes, Soundgarden, Joe Cocker, Chubby Checker, Mariah Carey, The Black Crowes, Billy Idol, Bad Company, Joy Division\/New Order, y Mana.<\/p>\n<p>Los inducidos del a\u00f1o pasado fueron Mary J. Blige, Peter Frampton, una tribu llamada Quest, Foreigner, Kool &#038; the Gang, Ozzy Osbourne, Dave Matthews Band, con reconocimiento p\u00f3stumo para Jimmy Buffett, MC5, Alexis Korner, John Mayall, Normando Whitfield y Big Mama Thornton.<\/p>\n<p><strong>Para obtener m\u00e1s informaci\u00f3n sobre los ingresos del Sal\u00f3n de la Fama del Rock and Roll 2025, haga clic aqu\u00ed.<\/strong><\/p>\n","protected":false},"excerpt":{"rendered":"<p>Se ha revelado los miembros del Sal\u00f3n de la Fama del Rock and Roll de 2025. Cyndi Lauper, Outkast, Soundgardeny las rayas blancas se unir\u00e1n<\/p>\n","protected":false},"author":1,"featured_media":2512,"comment_status":"closed","ping_status":"","sticky":false,"template":"","format":"standard","meta":{"footnotes":""},"categories":[50],"tags":[1884,2405,10,870,516,145,1019],"class_list":["post-2511","post","type-post","status-publish","format-standard","has-post-thumbnail","hentry","category-el-ultimo","tag-anunciados","tag-anuncios","tag-del","tag-fama","tag-rock","tag-roll","tag-salon","generate-columns","tablet-grid-50","mobile-grid-100","grid-parent","grid-50"],"yoast_head":"<!-- This site is optimized with the Yoast SEO plugin v23.3 - https:\/\/yoast.com\/wordpress\/plugins\/seo\/ -->\n<title>2025 anuncios del Sal\u00f3n de la Fama del Rock and Roll anunciados<\/title>\n<meta name=\"robots\" content=\"index, follow, max-snippet:-1, max-image-preview:large, max-video-preview:-1\" \/>\n<link rel=\"canonical\" href=\"https:\/\/web.consaguirre.com.ar\/noticias\/2025-anuncios-del-salon-de-la-fama-del-rock-and-roll-anunciados\/\" \/>\n<meta property=\"og:locale\" content=\"es_ES\" \/>\n<meta property=\"og:type\" content=\"article\" \/>\n<meta property=\"og:title\" content=\"2025 anuncios del Sal\u00f3n de la Fama del Rock and Roll anunciados\" \/>\n<meta property=\"og:description\" content=\"Se ha revelado los miembros del Sal\u00f3n de la Fama del Rock and Roll de 2025. Cyndi Lauper, Outkast, Soundgardeny las rayas blancas se unir\u00e1n\" \/>\n<meta property=\"og:url\" content=\"https:\/\/web.consaguirre.com.ar\/noticias\/2025-anuncios-del-salon-de-la-fama-del-rock-and-roll-anunciados\/\" \/>\n<meta property=\"og:site_name\" content=\"Conservatorio de M\u00fasica Juli\u00e1n Aguirre\" \/>\n<meta property=\"article:published_time\" content=\"2025-04-29T00:39:40+00:00\" \/>\n<meta property=\"og:image\" content=\"https:\/\/web.consaguirre.com.ar\/noticias\/wp-content\/uploads\/2025\/04\/2025-anuncios-del-Salon-de-la-Fama-del-Rock-and.jpg\" \/>\n\t<meta property=\"og:image:width\" content=\"1440\" \/>\n\t<meta property=\"og:image:height\" content=\"864\" \/>\n\t<meta property=\"og:image:type\" content=\"image\/jpeg\" \/>\n<meta name=\"author\" content=\"Javier Figueroa\" \/>\n<meta name=\"twitter:card\" content=\"summary_large_image\" \/>\n<meta name=\"twitter:label1\" content=\"Escrito por\" \/>\n\t<meta name=\"twitter:data1\" content=\"Javier Figueroa\" \/>\n\t<meta name=\"twitter:label2\" content=\"Tiempo de lectura\" \/>\n\t<meta name=\"twitter:data2\" content=\"2 minutos\" \/>\n<script type=\"application\/ld+json\" class=\"yoast-schema-graph\">{\"@context\":\"https:\/\/schema.org\",\"@graph\":[{\"@type\":\"Article\",\"@id\":\"https:\/\/web.consaguirre.com.ar\/noticias\/2025-anuncios-del-salon-de-la-fama-del-rock-and-roll-anunciados\/#article\",\"isPartOf\":{\"@id\":\"https:\/\/web.consaguirre.com.ar\/noticias\/2025-anuncios-del-salon-de-la-fama-del-rock-and-roll-anunciados\/\"},\"author\":{\"name\":\"Javier Figueroa\",\"@id\":\"https:\/\/web.consaguirre.com.ar\/noticias\/#\/schema\/person\/6558b0cfedee7ddc5425602b237d5722\"},\"headline\":\"2025 anuncios del Sal\u00f3n de la Fama del Rock and Roll anunciados\",\"datePublished\":\"2025-04-29T00:39:40+00:00\",\"dateModified\":\"2025-04-29T00:39:40+00:00\",\"mainEntityOfPage\":{\"@id\":\"https:\/\/web.consaguirre.com.ar\/noticias\/2025-anuncios-del-salon-de-la-fama-del-rock-and-roll-anunciados\/\"},\"wordCount\":389,\"publisher\":{\"@id\":\"https:\/\/web.consaguirre.com.ar\/noticias\/#organization\"},\"image\":{\"@id\":\"https:\/\/web.consaguirre.com.ar\/noticias\/2025-anuncios-del-salon-de-la-fama-del-rock-and-roll-anunciados\/#primaryimage\"},\"thumbnailUrl\":\"https:\/\/web.consaguirre.com.ar\/noticias\/wp-content\/uploads\/2025\/04\/2025-anuncios-del-Salon-de-la-Fama-del-Rock-and.jpg\",\"keywords\":[\"anunciados\",\"anuncios\",\"del\",\"Fama\",\"Rock\",\"Roll\",\"Sal\u00f3n\"],\"articleSection\":[\"El \u00faltimo\"],\"inLanguage\":\"es-AR\"},{\"@type\":\"WebPage\",\"@id\":\"https:\/\/web.consaguirre.com.ar\/noticias\/2025-anuncios-del-salon-de-la-fama-del-rock-and-roll-anunciados\/\",\"url\":\"https:\/\/web.consaguirre.com.ar\/noticias\/2025-anuncios-del-salon-de-la-fama-del-rock-and-roll-anunciados\/\",\"name\":\"2025 anuncios del Sal\u00f3n de la Fama del Rock and Roll anunciados\",\"isPartOf\":{\"@id\":\"https:\/\/web.consaguirre.com.ar\/noticias\/#website\"},\"primaryImageOfPage\":{\"@id\":\"https:\/\/web.consaguirre.com.ar\/noticias\/2025-anuncios-del-salon-de-la-fama-del-rock-and-roll-anunciados\/#primaryimage\"},\"image\":{\"@id\":\"https:\/\/web.consaguirre.com.ar\/noticias\/2025-anuncios-del-salon-de-la-fama-del-rock-and-roll-anunciados\/#primaryimage\"},\"thumbnailUrl\":\"https:\/\/web.consaguirre.com.ar\/noticias\/wp-content\/uploads\/2025\/04\/2025-anuncios-del-Salon-de-la-Fama-del-Rock-and.jpg\",\"datePublished\":\"2025-04-29T00:39:40+00:00\",\"dateModified\":\"2025-04-29T00:39:40+00:00\",\"breadcrumb\":{\"@id\":\"https:\/\/web.consaguirre.com.ar\/noticias\/2025-anuncios-del-salon-de-la-fama-del-rock-and-roll-anunciados\/#breadcrumb\"},\"inLanguage\":\"es-AR\",\"potentialAction\":[{\"@type\":\"ReadAction\",\"target\":[\"https:\/\/web.consaguirre.com.ar\/noticias\/2025-anuncios-del-salon-de-la-fama-del-rock-and-roll-anunciados\/\"]}]},{\"@type\":\"ImageObject\",\"inLanguage\":\"es-AR\",\"@id\":\"https:\/\/web.consaguirre.com.ar\/noticias\/2025-anuncios-del-salon-de-la-fama-del-rock-and-roll-anunciados\/#primaryimage\",\"url\":\"https:\/\/web.consaguirre.com.ar\/noticias\/wp-content\/uploads\/2025\/04\/2025-anuncios-del-Salon-de-la-Fama-del-Rock-and.jpg\",\"contentUrl\":\"https:\/\/web.consaguirre.com.ar\/noticias\/wp-content\/uploads\/2025\/04\/2025-anuncios-del-Salon-de-la-Fama-del-Rock-and.jpg\",\"width\":1440,\"height\":864,\"caption\":\"2025 anuncios del Sal\u00f3n de la Fama del Rock and Roll anunciados\"},{\"@type\":\"BreadcrumbList\",\"@id\":\"https:\/\/web.consaguirre.com.ar\/noticias\/2025-anuncios-del-salon-de-la-fama-del-rock-and-roll-anunciados\/#breadcrumb\",\"itemListElement\":[{\"@type\":\"ListItem\",\"position\":1,\"name\":\"Inicio\",\"item\":\"https:\/\/web.consaguirre.com.ar\/noticias\/\"},{\"@type\":\"ListItem\",\"position\":2,\"name\":\"2025 anuncios del Sal\u00f3n de la Fama del Rock and Roll anunciados\"}]},{\"@type\":\"WebSite\",\"@id\":\"https:\/\/web.consaguirre.com.ar\/noticias\/#website\",\"url\":\"https:\/\/web.consaguirre.com.ar\/noticias\/\",\"name\":\"Conservatorio de M\u00fasica Juli\u00e1n Aguirre\",\"description\":\"\",\"publisher\":{\"@id\":\"https:\/\/web.consaguirre.com.ar\/noticias\/#organization\"},\"potentialAction\":[{\"@type\":\"SearchAction\",\"target\":{\"@type\":\"EntryPoint\",\"urlTemplate\":\"https:\/\/web.consaguirre.com.ar\/noticias\/?s={search_term_string}\"},\"query-input\":\"required name=search_term_string\"}],\"inLanguage\":\"es-AR\"},{\"@type\":\"Organization\",\"@id\":\"https:\/\/web.consaguirre.com.ar\/noticias\/#organization\",\"name\":\"Conservatorio de M\u00fasica Juli\u00e1n Aguirre\",\"url\":\"https:\/\/web.consaguirre.com.ar\/noticias\/\",\"logo\":{\"@type\":\"ImageObject\",\"inLanguage\":\"es-AR\",\"@id\":\"https:\/\/web.consaguirre.com.ar\/noticias\/#\/schema\/logo\/image\/\",\"url\":\"https:\/\/web.consaguirre.com.ar\/noticias\/wp-content\/uploads\/2024\/08\/Banner-Aguirre-23.jpg\",\"contentUrl\":\"https:\/\/web.consaguirre.com.ar\/noticias\/wp-content\/uploads\/2024\/08\/Banner-Aguirre-23.jpg\",\"width\":1192,\"height\":600,\"caption\":\"Conservatorio de M\u00fasica Juli\u00e1n Aguirre\"},\"image\":{\"@id\":\"https:\/\/web.consaguirre.com.ar\/noticias\/#\/schema\/logo\/image\/\"}},{\"@type\":\"Person\",\"@id\":\"https:\/\/web.consaguirre.com.ar\/noticias\/#\/schema\/person\/6558b0cfedee7ddc5425602b237d5722\",\"name\":\"Javier Figueroa\",\"image\":{\"@type\":\"ImageObject\",\"inLanguage\":\"es-AR\",\"@id\":\"https:\/\/web.consaguirre.com.ar\/noticias\/#\/schema\/person\/image\/\",\"url\":\"https:\/\/web.consaguirre.com.ar\/noticias\/wp-content\/uploads\/2024\/08\/Consaguirre-scaled.jpg\",\"contentUrl\":\"https:\/\/web.consaguirre.com.ar\/noticias\/wp-content\/uploads\/2024\/08\/Consaguirre-scaled.jpg\",\"caption\":\"Javier Figueroa\"},\"description\":\"Me llamo Javier Figueroa y soy redactor para el sitio oficial del Conservatorio de M\u00fasica Juli\u00e1n Aguirre en Buenos Aires, consaguirre.com. Apasionado por la m\u00fasica y la escritura, me esfuerzo por destacar los talentos y eventos de nuestra prestigiosa instituci\u00f3n. Mi trayectoria se nutre de una profunda admiraci\u00f3n por los artistas, haciendo de cada art\u00edculo una celebraci\u00f3n de la creatividad y la cultura musical.\",\"sameAs\":[\"https:\/\/web.consaguirre.com.ar\/noticias\"]}]}<\/script>\n<!-- \/ Yoast SEO plugin. -->","yoast_head_json":{"title":"2025 anuncios del Sal\u00f3n de la Fama del Rock and Roll anunciados","robots":{"index":"index","follow":"follow","max-snippet":"max-snippet:-1","max-image-preview":"max-image-preview:large","max-video-preview":"max-video-preview:-1"},"canonical":"https:\/\/web.consaguirre.com.ar\/noticias\/2025-anuncios-del-salon-de-la-fama-del-rock-and-roll-anunciados\/","og_locale":"es_ES","og_type":"article","og_title":"2025 anuncios del Sal\u00f3n de la Fama del Rock and Roll anunciados","og_description":"Se ha revelado los miembros del Sal\u00f3n de la Fama del Rock and Roll de 2025. Cyndi Lauper, Outkast, Soundgardeny las rayas blancas se unir\u00e1n","og_url":"https:\/\/web.consaguirre.com.ar\/noticias\/2025-anuncios-del-salon-de-la-fama-del-rock-and-roll-anunciados\/","og_site_name":"Conservatorio de M\u00fasica Juli\u00e1n Aguirre","article_published_time":"2025-04-29T00:39:40+00:00","og_image":[{"width":1440,"height":864,"url":"https:\/\/web.consaguirre.com.ar\/noticias\/wp-content\/uploads\/2025\/04\/2025-anuncios-del-Salon-de-la-Fama-del-Rock-and.jpg","type":"image\/jpeg"}],"author":"Javier Figueroa","twitter_card":"summary_large_image","twitter_misc":{"Escrito por":"Javier Figueroa","Tiempo de lectura":"2 minutos"},"schema":{"@context":"https:\/\/schema.org","@graph":[{"@type":"Article","@id":"https:\/\/web.consaguirre.com.ar\/noticias\/2025-anuncios-del-salon-de-la-fama-del-rock-and-roll-anunciados\/#article","isPartOf":{"@id":"https:\/\/web.consaguirre.com.ar\/noticias\/2025-anuncios-del-salon-de-la-fama-del-rock-and-roll-anunciados\/"},"author":{"name":"Javier Figueroa","@id":"https:\/\/web.consaguirre.com.ar\/noticias\/#\/schema\/person\/6558b0cfedee7ddc5425602b237d5722"},"headline":"2025 anuncios del Sal\u00f3n de la Fama del Rock and Roll anunciados","datePublished":"2025-04-29T00:39:40+00:00","dateModified":"2025-04-29T00:39:40+00:00","mainEntityOfPage":{"@id":"https:\/\/web.consaguirre.com.ar\/noticias\/2025-anuncios-del-salon-de-la-fama-del-rock-and-roll-anunciados\/"},"wordCount":389,"publisher":{"@id":"https:\/\/web.consaguirre.com.ar\/noticias\/#organization"},"image":{"@id":"https:\/\/web.consaguirre.com.ar\/noticias\/2025-anuncios-del-salon-de-la-fama-del-rock-and-roll-anunciados\/#primaryimage"},"thumbnailUrl":"https:\/\/web.consaguirre.com.ar\/noticias\/wp-content\/uploads\/2025\/04\/2025-anuncios-del-Salon-de-la-Fama-del-Rock-and.jpg","keywords":["anunciados","anuncios","del","Fama","Rock","Roll","Sal\u00f3n"],"articleSection":["El \u00faltimo"],"inLanguage":"es-AR"},{"@type":"WebPage","@id":"https:\/\/web.consaguirre.com.ar\/noticias\/2025-anuncios-del-salon-de-la-fama-del-rock-and-roll-anunciados\/","url":"https:\/\/web.consaguirre.com.ar\/noticias\/2025-anuncios-del-salon-de-la-fama-del-rock-and-roll-anunciados\/","name":"2025 anuncios del Sal\u00f3n de la Fama del Rock and Roll anunciados","isPartOf":{"@id":"https:\/\/web.consaguirre.com.ar\/noticias\/#website"},"primaryImageOfPage":{"@id":"https:\/\/web.consaguirre.com.ar\/noticias\/2025-anuncios-del-salon-de-la-fama-del-rock-and-roll-anunciados\/#primaryimage"},"image":{"@id":"https:\/\/web.consaguirre.com.ar\/noticias\/2025-anuncios-del-salon-de-la-fama-del-rock-and-roll-anunciados\/#primaryimage"},"thumbnailUrl":"https:\/\/web.consaguirre.com.ar\/noticias\/wp-content\/uploads\/2025\/04\/2025-anuncios-del-Salon-de-la-Fama-del-Rock-and.jpg","datePublished":"2025-04-29T00:39:40+00:00","dateModified":"2025-04-29T00:39:40+00:00","breadcrumb":{"@id":"https:\/\/web.consaguirre.com.ar\/noticias\/2025-anuncios-del-salon-de-la-fama-del-rock-and-roll-anunciados\/#breadcrumb"},"inLanguage":"es-AR","potentialAction":[{"@type":"ReadAction","target":["https:\/\/web.consaguirre.com.ar\/noticias\/2025-anuncios-del-salon-de-la-fama-del-rock-and-roll-anunciados\/"]}]},{"@type":"ImageObject","inLanguage":"es-AR","@id":"https:\/\/web.consaguirre.com.ar\/noticias\/2025-anuncios-del-salon-de-la-fama-del-rock-and-roll-anunciados\/#primaryimage","url":"https:\/\/web.consaguirre.com.ar\/noticias\/wp-content\/uploads\/2025\/04\/2025-anuncios-del-Salon-de-la-Fama-del-Rock-and.jpg","contentUrl":"https:\/\/web.consaguirre.com.ar\/noticias\/wp-content\/uploads\/2025\/04\/2025-anuncios-del-Salon-de-la-Fama-del-Rock-and.jpg","width":1440,"height":864,"caption":"2025 anuncios del Sal\u00f3n de la Fama del Rock and Roll anunciados"},{"@type":"BreadcrumbList","@id":"https:\/\/web.consaguirre.com.ar\/noticias\/2025-anuncios-del-salon-de-la-fama-del-rock-and-roll-anunciados\/#breadcrumb","itemListElement":[{"@type":"ListItem","position":1,"name":"Inicio","item":"https:\/\/web.consaguirre.com.ar\/noticias\/"},{"@type":"ListItem","position":2,"name":"2025 anuncios del Sal\u00f3n de la Fama del Rock and Roll anunciados"}]},{"@type":"WebSite","@id":"https:\/\/web.consaguirre.com.ar\/noticias\/#website","url":"https:\/\/web.consaguirre.com.ar\/noticias\/","name":"Conservatorio de M\u00fasica Juli\u00e1n Aguirre","description":"","publisher":{"@id":"https:\/\/web.consaguirre.com.ar\/noticias\/#organization"},"potentialAction":[{"@type":"SearchAction","target":{"@type":"EntryPoint","urlTemplate":"https:\/\/web.consaguirre.com.ar\/noticias\/?s={search_term_string}"},"query-input":"required name=search_term_string"}],"inLanguage":"es-AR"},{"@type":"Organization","@id":"https:\/\/web.consaguirre.com.ar\/noticias\/#organization","name":"Conservatorio de M\u00fasica Juli\u00e1n Aguirre","url":"https:\/\/web.consaguirre.com.ar\/noticias\/","logo":{"@type":"ImageObject","inLanguage":"es-AR","@id":"https:\/\/web.consaguirre.com.ar\/noticias\/#\/schema\/logo\/image\/","url":"https:\/\/web.consaguirre.com.ar\/noticias\/wp-content\/uploads\/2024\/08\/Banner-Aguirre-23.jpg","contentUrl":"https:\/\/web.consaguirre.com.ar\/noticias\/wp-content\/uploads\/2024\/08\/Banner-Aguirre-23.jpg","width":1192,"height":600,"caption":"Conservatorio de M\u00fasica Juli\u00e1n Aguirre"},"image":{"@id":"https:\/\/web.consaguirre.com.ar\/noticias\/#\/schema\/logo\/image\/"}},{"@type":"Person","@id":"https:\/\/web.consaguirre.com.ar\/noticias\/#\/schema\/person\/6558b0cfedee7ddc5425602b237d5722","name":"Javier Figueroa","image":{"@type":"ImageObject","inLanguage":"es-AR","@id":"https:\/\/web.consaguirre.com.ar\/noticias\/#\/schema\/person\/image\/","url":"https:\/\/web.consaguirre.com.ar\/noticias\/wp-content\/uploads\/2024\/08\/Consaguirre-scaled.jpg","contentUrl":"https:\/\/web.consaguirre.com.ar\/noticias\/wp-content\/uploads\/2024\/08\/Consaguirre-scaled.jpg","caption":"Javier Figueroa"},"description":"Me llamo Javier Figueroa y soy redactor para el sitio oficial del Conservatorio de M\u00fasica Juli\u00e1n Aguirre en Buenos Aires, consaguirre.com. Apasionado por la m\u00fasica y la escritura, me esfuerzo por destacar los talentos y eventos de nuestra prestigiosa instituci\u00f3n. Mi trayectoria se nutre de una profunda admiraci\u00f3n por los artistas, haciendo de cada art\u00edculo una celebraci\u00f3n de la creatividad y la cultura musical.","sameAs":["https:\/\/web.consaguirre.com.ar\/noticias"]}]}},"_links":{"self":[{"href":"https:\/\/web.consaguirre.com.ar\/noticias\/wp-json\/wp\/v2\/posts\/2511"}],"collection":[{"href":"https:\/\/web.consaguirre.com.ar\/noticias\/wp-json\/wp\/v2\/posts"}],"about":[{"href":"https:\/\/web.consaguirre.com.ar\/noticias\/wp-json\/wp\/v2\/types\/post"}],"author":[{"embeddable":true,"href":"https:\/\/web.consaguirre.com.ar\/noticias\/wp-json\/wp\/v2\/users\/1"}],"replies":[{"embeddable":true,"href":"https:\/\/web.consaguirre.com.ar\/noticias\/wp-json\/wp\/v2\/comments?post=2511"}],"version-history":[{"count":1,"href":"https:\/\/web.consaguirre.com.ar\/noticias\/wp-json\/wp\/v2\/posts\/2511\/revisions"}],"predecessor-version":[{"id":2513,"href":"https:\/\/web.consaguirre.com.ar\/noticias\/wp-json\/wp\/v2\/posts\/2511\/revisions\/2513"}],"wp:featuredmedia":[{"embeddable":true,"href":"https:\/\/web.consaguirre.com.ar\/noticias\/wp-json\/wp\/v2\/media\/2512"}],"wp:attachment":[{"href":"https:\/\/web.consaguirre.com.ar\/noticias\/wp-json\/wp\/v2\/media?parent=2511"}],"wp:term":[{"taxonomy":"category","embeddable":true,"href":"https:\/\/web.consaguirre.com.ar\/noticias\/wp-json\/wp\/v2\/categories?post=2511"},{"taxonomy":"post_tag","embeddable":true,"href":"https:\/\/web.consaguirre.com.ar\/noticias\/wp-json\/wp\/v2\/tags?post=2511"}],"curies":[{"name":"wp","href":"https:\/\/api.w.org\/{rel}","templated":true}]}}