{"id":2508,"date":"2025-04-28T18:41:15","date_gmt":"2025-04-28T21:41:15","guid":{"rendered":"https:\/\/web.consaguirre.com.ar\/noticias\/brandee-younger-anuncia-temporada-de-gadabout\/"},"modified":"2025-04-28T18:41:16","modified_gmt":"2025-04-28T21:41:16","slug":"brandee-younger-anuncia-temporada-de-gadabout","status":"publish","type":"post","link":"https:\/\/web.consaguirre.com.ar\/noticias\/brandee-younger-anuncia-temporada-de-gadabout\/","title":{"rendered":"Brandee Younger anuncia &#8216;temporada de gadabout&#8217;"},"content":{"rendered":"<p>Arpista nominado al Grammy <strong>Brandee m\u00e1s joven<\/strong> ha anunciado un nuevo \u00e1lbum, <em>Temporada de gadabout<\/em>. Producido por el bajista Rashaan Carter, el disco de 10 pistas presenta a los invitados especiales Shabaka, Courtney Bryan, Niia y Josh Johnson. La canci\u00f3n principal, que presenta al vibrafonista Joel Ross, Makaya McCraven en percusi\u00f3n y Shabaka en Clarinet, ya est\u00e1 disponible. <em>Temporada de gadabout<\/em> \u00a1Es el tercer \u00e1lbum de Younger para el legendario impulso! etiqueta y sale en junio.<\/p>\n<p>Gababout es una palabra para un preocupante buscador de placer siempre en movimiento, persiguiendo un resplandor en medio de la lucha. &#8220;Cuando lleg\u00f3 el momento de escribir una pieza para representar la felicidad, la &#8216;temporada de gadabout&#8217; se sinti\u00f3 como el t\u00edtulo perfecto&#8221;, dice Younger.<\/p>\n<div class=\"uD-YT-container\"><img decoding=\"async\" src=\"https:\/\/web.consaguirre.com.ar\/noticias\/wp-content\/uploads\/2025\/04\/1745876475_688_Brandee-Younger-anuncia-temporada-de-gadabout.jpg\" alt=\"Video de YouTube\"><br \/>Haga clic para cargar video<\/div>\n<p>&#8220;El \u00e1lbum refleja el viaje: la b\u00fasqueda del significado y la belleza en medio de los momentos m\u00e1s complejos de la vida, en \u00faltima instancia, emergiendo con un sentido m\u00e1s profundo de s\u00ed mismo&#8221;, dice Younger, quien escribi\u00f3 o coescribi\u00f3 casi todas las composici\u00f3n. &#8220;Musicalmente <em>Temporada de gadabout<\/em> es m\u00e1s creativo y un poco m\u00e1s cerebral que mis otros trabajos &#8220;.<\/p>\n<p>Aqu\u00ed, el autodidacta la m\u00e1s joven pasa a su propia voz compositiva, creando m\u00fasica que combina el jazz, cl\u00e1sico, R&#038;B, hip-hop y texturas electr\u00f3nicas. &#8220;Este proceso de escritura me oblig\u00f3 a ser completamente honesto&#8221;, dice ella. &#8220;No me estoy escondiendo detr\u00e1s del trabajo de otra persona&#8221;.<\/p>\n<p>La mayor parte del \u00e1lbum fue escrito en la caba\u00f1a pac\u00edfica del primo de Younger en el norte del estado de Nueva York. M\u00e1s tarde tall\u00f3 las canciones con Carter y el baterista Allan Mednard. <em>Temporada de gadabout<\/em> Fue rastreado durante varios meses en la segunda mitad de 2024 con Carter produciendo e ingenier\u00eda el \u00e1lbum del apartamento Harlem de Younger. &#8220;Estoy acostumbrado a hacer uno y hacer en el estudio&#8221;, dice Younger. &#8220;Este proceso de grabaci\u00f3n fue lento e intencional, lo que permiti\u00f3 que el sonido del \u00e1lbum se revelara con el tiempo y refleje un viaje de descubrimiento&#8221;. Al final de cada sesi\u00f3n, el tr\u00edo dedic\u00f3 tiempo para esbozar ideas e improvisar, lo que llev\u00f3 a las pistas &#8220;Reckoning&#8221;, &#8220;Discernment&#8221; y &#8220;End Media&#8221;.<\/p>\n<p>El rendimiento del joven en <em>Temporada de gadabout<\/em> se informa por un instrumento &#8220;que cambia la vida&#8221; que entr\u00f3 en su vida, un arpa perteneciente al difunto <strong>Alice Coltrane<\/strong>. Se convirti\u00f3 en su custodia a fines de 2024 despu\u00e9s de que el arpa fue restaurada en honor de &#8220;The Year of Alice&#8221;, una serie de lanzamientos, eventos y exhibiciones de alto perfil copatrocinado por Impulse! &#8220;Ten\u00eda que convertirse en mi propio&#8221;, dice sobre sentirse c\u00f3modo con el majestuoso instrumento. &#8220;Esta no era la primera vez que tocaba el arpa, pero como esta nueva m\u00fasica era \u00fanica para m\u00ed, tuve que convertirme en uno con \u00e9l en casa&#8221;.<\/p>\n<p>El compositor pianista, el compa\u00f1ero de MacArthur y el colaborador m\u00e1s joven frecuente Courtney Bryan aparecen en &#8220;rendici\u00f3n&#8221;. Inspirado por Britten&#8217;s <em>Una ceremonia de villancicos<\/em>&#8220;Rendirse&#8221; convoca ese momento de &#8220;ir al altar y dar todo&#8221;, dice Younger. &#8220;Para m\u00ed, esta es la pieza m\u00e1s reveladora del \u00e1lbum. Se trata de buscar consuelo en la rendici\u00f3n tranquila&#8221;. Younger describe otra canci\u00f3n, &#8220;BBL&#8221;, como una &#8220;confrontaci\u00f3n musical&#8221;. &#8220;Si tuviera letras, tendr\u00eda una advertencia de asesoramiento&#8221;, dice ella. &#8220;No dej\u00e9 espacio para una conversaci\u00f3n civil&#8221;.<\/p>\n<p>\u00a1El primer LP de Younger para impulso! era 2021&#8217;s <strong><em>En alg\u00fan lugar diferente<\/em><\/strong>. Una canci\u00f3n de ese \u00e1lbum, &#8220;Beautiful Is Black&#8221;, le vali\u00f3 a Younger una nominaci\u00f3n al Grammy en la categor\u00eda de Mejor Composici\u00f3n Instrumental, convirti\u00e9ndola en la primera artista solista negra en lograr esto. 2023 <strong><em>Nueva vida<\/em><\/strong>  rinde homenaje al arpista femenino negro <strong>Dorothy Ashby<\/strong> y gan\u00f3 el Premio de Imagen NAACP 2024 por el \u00e1lbum Jazz excepcional. Este a\u00f1o, Younger se embarcar\u00e1 en una serie de actuaciones a finales de este a\u00f1o, incluidas las paradas en el Festival de Jazz de Gante, el Festival de Jazz Montreux y en el Carnegie Hall de Nueva York junto a Ravi Coltrane.<\/p>\n<p><strong>Ordenar Brandee Younger <em>Temporada de gadabout<\/em> ahora.<\/strong><\/p>\n","protected":false},"excerpt":{"rendered":"<p>Arpista nominado al Grammy Brandee m\u00e1s joven ha anunciado un nuevo \u00e1lbum, Temporada de gadabout. Producido por el bajista Rashaan Carter, el disco de 10<\/p>\n","protected":false},"author":1,"featured_media":2509,"comment_status":"closed","ping_status":"","sticky":false,"template":"","format":"standard","meta":{"footnotes":""},"categories":[50],"tags":[56,745,2404,57,746],"class_list":["post-2508","post","type-post","status-publish","format-standard","has-post-thumbnail","hentry","category-el-ultimo","tag-anuncia","tag-brandee","tag-gadabout","tag-temporada","tag-younger","generate-columns","tablet-grid-50","mobile-grid-100","grid-parent","grid-50"],"yoast_head":"<!-- This site is optimized with the Yoast SEO plugin v23.3 - https:\/\/yoast.com\/wordpress\/plugins\/seo\/ -->\n<title>Brandee Younger anuncia &#039;temporada de gadabout&#039;<\/title>\n<meta name=\"robots\" content=\"index, follow, max-snippet:-1, max-image-preview:large, max-video-preview:-1\" \/>\n<link rel=\"canonical\" href=\"https:\/\/web.consaguirre.com.ar\/noticias\/brandee-younger-anuncia-temporada-de-gadabout\/\" \/>\n<meta property=\"og:locale\" content=\"es_ES\" \/>\n<meta property=\"og:type\" content=\"article\" \/>\n<meta property=\"og:title\" content=\"Brandee Younger anuncia &#039;temporada de gadabout&#039;\" \/>\n<meta property=\"og:description\" content=\"Arpista nominado al Grammy Brandee m\u00e1s joven ha anunciado un nuevo \u00e1lbum, Temporada de gadabout. Producido por el bajista Rashaan Carter, el disco de 10\" \/>\n<meta property=\"og:url\" content=\"https:\/\/web.consaguirre.com.ar\/noticias\/brandee-younger-anuncia-temporada-de-gadabout\/\" \/>\n<meta property=\"og:site_name\" content=\"Conservatorio de M\u00fasica Juli\u00e1n Aguirre\" \/>\n<meta property=\"article:published_time\" content=\"2025-04-28T21:41:15+00:00\" \/>\n<meta property=\"article:modified_time\" content=\"2025-04-28T21:41:16+00:00\" \/>\n<meta property=\"og:image\" content=\"https:\/\/web.consaguirre.com.ar\/noticias\/wp-content\/uploads\/2025\/04\/Brandee-Younger-anuncia-temporada-de-gadabout.jpg\" \/>\n\t<meta property=\"og:image:width\" content=\"1280\" \/>\n\t<meta property=\"og:image:height\" content=\"1280\" \/>\n\t<meta property=\"og:image:type\" content=\"image\/jpeg\" \/>\n<meta name=\"author\" content=\"Javier Figueroa\" \/>\n<meta name=\"twitter:card\" content=\"summary_large_image\" \/>\n<meta name=\"twitter:label1\" content=\"Escrito por\" \/>\n\t<meta name=\"twitter:data1\" content=\"Javier Figueroa\" \/>\n\t<meta name=\"twitter:label2\" content=\"Tiempo de lectura\" \/>\n\t<meta name=\"twitter:data2\" content=\"4 minutos\" \/>\n<script type=\"application\/ld+json\" class=\"yoast-schema-graph\">{\"@context\":\"https:\/\/schema.org\",\"@graph\":[{\"@type\":\"Article\",\"@id\":\"https:\/\/web.consaguirre.com.ar\/noticias\/brandee-younger-anuncia-temporada-de-gadabout\/#article\",\"isPartOf\":{\"@id\":\"https:\/\/web.consaguirre.com.ar\/noticias\/brandee-younger-anuncia-temporada-de-gadabout\/\"},\"author\":{\"name\":\"Javier Figueroa\",\"@id\":\"https:\/\/web.consaguirre.com.ar\/noticias\/#\/schema\/person\/6558b0cfedee7ddc5425602b237d5722\"},\"headline\":\"Brandee Younger anuncia &#8216;temporada de gadabout&#8217;\",\"datePublished\":\"2025-04-28T21:41:15+00:00\",\"dateModified\":\"2025-04-28T21:41:16+00:00\",\"mainEntityOfPage\":{\"@id\":\"https:\/\/web.consaguirre.com.ar\/noticias\/brandee-younger-anuncia-temporada-de-gadabout\/\"},\"wordCount\":712,\"publisher\":{\"@id\":\"https:\/\/web.consaguirre.com.ar\/noticias\/#organization\"},\"image\":{\"@id\":\"https:\/\/web.consaguirre.com.ar\/noticias\/brandee-younger-anuncia-temporada-de-gadabout\/#primaryimage\"},\"thumbnailUrl\":\"https:\/\/web.consaguirre.com.ar\/noticias\/wp-content\/uploads\/2025\/04\/Brandee-Younger-anuncia-temporada-de-gadabout.jpg\",\"keywords\":[\"anuncia\",\"Brandee\",\"gadabout\",\"temporada\",\"Younger\"],\"articleSection\":[\"El \u00faltimo\"],\"inLanguage\":\"es-AR\"},{\"@type\":\"WebPage\",\"@id\":\"https:\/\/web.consaguirre.com.ar\/noticias\/brandee-younger-anuncia-temporada-de-gadabout\/\",\"url\":\"https:\/\/web.consaguirre.com.ar\/noticias\/brandee-younger-anuncia-temporada-de-gadabout\/\",\"name\":\"Brandee Younger anuncia 'temporada de gadabout'\",\"isPartOf\":{\"@id\":\"https:\/\/web.consaguirre.com.ar\/noticias\/#website\"},\"primaryImageOfPage\":{\"@id\":\"https:\/\/web.consaguirre.com.ar\/noticias\/brandee-younger-anuncia-temporada-de-gadabout\/#primaryimage\"},\"image\":{\"@id\":\"https:\/\/web.consaguirre.com.ar\/noticias\/brandee-younger-anuncia-temporada-de-gadabout\/#primaryimage\"},\"thumbnailUrl\":\"https:\/\/web.consaguirre.com.ar\/noticias\/wp-content\/uploads\/2025\/04\/Brandee-Younger-anuncia-temporada-de-gadabout.jpg\",\"datePublished\":\"2025-04-28T21:41:15+00:00\",\"dateModified\":\"2025-04-28T21:41:16+00:00\",\"breadcrumb\":{\"@id\":\"https:\/\/web.consaguirre.com.ar\/noticias\/brandee-younger-anuncia-temporada-de-gadabout\/#breadcrumb\"},\"inLanguage\":\"es-AR\",\"potentialAction\":[{\"@type\":\"ReadAction\",\"target\":[\"https:\/\/web.consaguirre.com.ar\/noticias\/brandee-younger-anuncia-temporada-de-gadabout\/\"]}]},{\"@type\":\"ImageObject\",\"inLanguage\":\"es-AR\",\"@id\":\"https:\/\/web.consaguirre.com.ar\/noticias\/brandee-younger-anuncia-temporada-de-gadabout\/#primaryimage\",\"url\":\"https:\/\/web.consaguirre.com.ar\/noticias\/wp-content\/uploads\/2025\/04\/Brandee-Younger-anuncia-temporada-de-gadabout.jpg\",\"contentUrl\":\"https:\/\/web.consaguirre.com.ar\/noticias\/wp-content\/uploads\/2025\/04\/Brandee-Younger-anuncia-temporada-de-gadabout.jpg\",\"width\":1280,\"height\":1280,\"caption\":\"Brandee Younger anuncia 'temporada de gadabout'\"},{\"@type\":\"BreadcrumbList\",\"@id\":\"https:\/\/web.consaguirre.com.ar\/noticias\/brandee-younger-anuncia-temporada-de-gadabout\/#breadcrumb\",\"itemListElement\":[{\"@type\":\"ListItem\",\"position\":1,\"name\":\"Inicio\",\"item\":\"https:\/\/web.consaguirre.com.ar\/noticias\/\"},{\"@type\":\"ListItem\",\"position\":2,\"name\":\"Brandee Younger anuncia &#8216;temporada de gadabout&#8217;\"}]},{\"@type\":\"WebSite\",\"@id\":\"https:\/\/web.consaguirre.com.ar\/noticias\/#website\",\"url\":\"https:\/\/web.consaguirre.com.ar\/noticias\/\",\"name\":\"Conservatorio de M\u00fasica Juli\u00e1n Aguirre\",\"description\":\"\",\"publisher\":{\"@id\":\"https:\/\/web.consaguirre.com.ar\/noticias\/#organization\"},\"potentialAction\":[{\"@type\":\"SearchAction\",\"target\":{\"@type\":\"EntryPoint\",\"urlTemplate\":\"https:\/\/web.consaguirre.com.ar\/noticias\/?s={search_term_string}\"},\"query-input\":\"required name=search_term_string\"}],\"inLanguage\":\"es-AR\"},{\"@type\":\"Organization\",\"@id\":\"https:\/\/web.consaguirre.com.ar\/noticias\/#organization\",\"name\":\"Conservatorio de M\u00fasica Juli\u00e1n Aguirre\",\"url\":\"https:\/\/web.consaguirre.com.ar\/noticias\/\",\"logo\":{\"@type\":\"ImageObject\",\"inLanguage\":\"es-AR\",\"@id\":\"https:\/\/web.consaguirre.com.ar\/noticias\/#\/schema\/logo\/image\/\",\"url\":\"https:\/\/web.consaguirre.com.ar\/noticias\/wp-content\/uploads\/2024\/08\/Banner-Aguirre-23.jpg\",\"contentUrl\":\"https:\/\/web.consaguirre.com.ar\/noticias\/wp-content\/uploads\/2024\/08\/Banner-Aguirre-23.jpg\",\"width\":1192,\"height\":600,\"caption\":\"Conservatorio de M\u00fasica Juli\u00e1n Aguirre\"},\"image\":{\"@id\":\"https:\/\/web.consaguirre.com.ar\/noticias\/#\/schema\/logo\/image\/\"}},{\"@type\":\"Person\",\"@id\":\"https:\/\/web.consaguirre.com.ar\/noticias\/#\/schema\/person\/6558b0cfedee7ddc5425602b237d5722\",\"name\":\"Javier Figueroa\",\"image\":{\"@type\":\"ImageObject\",\"inLanguage\":\"es-AR\",\"@id\":\"https:\/\/web.consaguirre.com.ar\/noticias\/#\/schema\/person\/image\/\",\"url\":\"https:\/\/web.consaguirre.com.ar\/noticias\/wp-content\/uploads\/2024\/08\/Consaguirre-scaled.jpg\",\"contentUrl\":\"https:\/\/web.consaguirre.com.ar\/noticias\/wp-content\/uploads\/2024\/08\/Consaguirre-scaled.jpg\",\"caption\":\"Javier Figueroa\"},\"description\":\"Me llamo Javier Figueroa y soy redactor para el sitio oficial del Conservatorio de M\u00fasica Juli\u00e1n Aguirre en Buenos Aires, consaguirre.com. Apasionado por la m\u00fasica y la escritura, me esfuerzo por destacar los talentos y eventos de nuestra prestigiosa instituci\u00f3n. Mi trayectoria se nutre de una profunda admiraci\u00f3n por los artistas, haciendo de cada art\u00edculo una celebraci\u00f3n de la creatividad y la cultura musical.\",\"sameAs\":[\"https:\/\/web.consaguirre.com.ar\/noticias\"]}]}<\/script>\n<!-- \/ Yoast SEO plugin. -->","yoast_head_json":{"title":"Brandee Younger anuncia 'temporada de gadabout'","robots":{"index":"index","follow":"follow","max-snippet":"max-snippet:-1","max-image-preview":"max-image-preview:large","max-video-preview":"max-video-preview:-1"},"canonical":"https:\/\/web.consaguirre.com.ar\/noticias\/brandee-younger-anuncia-temporada-de-gadabout\/","og_locale":"es_ES","og_type":"article","og_title":"Brandee Younger anuncia 'temporada de gadabout'","og_description":"Arpista nominado al Grammy Brandee m\u00e1s joven ha anunciado un nuevo \u00e1lbum, Temporada de gadabout. Producido por el bajista Rashaan Carter, el disco de 10","og_url":"https:\/\/web.consaguirre.com.ar\/noticias\/brandee-younger-anuncia-temporada-de-gadabout\/","og_site_name":"Conservatorio de M\u00fasica Juli\u00e1n Aguirre","article_published_time":"2025-04-28T21:41:15+00:00","article_modified_time":"2025-04-28T21:41:16+00:00","og_image":[{"width":1280,"height":1280,"url":"https:\/\/web.consaguirre.com.ar\/noticias\/wp-content\/uploads\/2025\/04\/Brandee-Younger-anuncia-temporada-de-gadabout.jpg","type":"image\/jpeg"}],"author":"Javier Figueroa","twitter_card":"summary_large_image","twitter_misc":{"Escrito por":"Javier Figueroa","Tiempo de lectura":"4 minutos"},"schema":{"@context":"https:\/\/schema.org","@graph":[{"@type":"Article","@id":"https:\/\/web.consaguirre.com.ar\/noticias\/brandee-younger-anuncia-temporada-de-gadabout\/#article","isPartOf":{"@id":"https:\/\/web.consaguirre.com.ar\/noticias\/brandee-younger-anuncia-temporada-de-gadabout\/"},"author":{"name":"Javier Figueroa","@id":"https:\/\/web.consaguirre.com.ar\/noticias\/#\/schema\/person\/6558b0cfedee7ddc5425602b237d5722"},"headline":"Brandee Younger anuncia &#8216;temporada de gadabout&#8217;","datePublished":"2025-04-28T21:41:15+00:00","dateModified":"2025-04-28T21:41:16+00:00","mainEntityOfPage":{"@id":"https:\/\/web.consaguirre.com.ar\/noticias\/brandee-younger-anuncia-temporada-de-gadabout\/"},"wordCount":712,"publisher":{"@id":"https:\/\/web.consaguirre.com.ar\/noticias\/#organization"},"image":{"@id":"https:\/\/web.consaguirre.com.ar\/noticias\/brandee-younger-anuncia-temporada-de-gadabout\/#primaryimage"},"thumbnailUrl":"https:\/\/web.consaguirre.com.ar\/noticias\/wp-content\/uploads\/2025\/04\/Brandee-Younger-anuncia-temporada-de-gadabout.jpg","keywords":["anuncia","Brandee","gadabout","temporada","Younger"],"articleSection":["El \u00faltimo"],"inLanguage":"es-AR"},{"@type":"WebPage","@id":"https:\/\/web.consaguirre.com.ar\/noticias\/brandee-younger-anuncia-temporada-de-gadabout\/","url":"https:\/\/web.consaguirre.com.ar\/noticias\/brandee-younger-anuncia-temporada-de-gadabout\/","name":"Brandee Younger anuncia 'temporada de gadabout'","isPartOf":{"@id":"https:\/\/web.consaguirre.com.ar\/noticias\/#website"},"primaryImageOfPage":{"@id":"https:\/\/web.consaguirre.com.ar\/noticias\/brandee-younger-anuncia-temporada-de-gadabout\/#primaryimage"},"image":{"@id":"https:\/\/web.consaguirre.com.ar\/noticias\/brandee-younger-anuncia-temporada-de-gadabout\/#primaryimage"},"thumbnailUrl":"https:\/\/web.consaguirre.com.ar\/noticias\/wp-content\/uploads\/2025\/04\/Brandee-Younger-anuncia-temporada-de-gadabout.jpg","datePublished":"2025-04-28T21:41:15+00:00","dateModified":"2025-04-28T21:41:16+00:00","breadcrumb":{"@id":"https:\/\/web.consaguirre.com.ar\/noticias\/brandee-younger-anuncia-temporada-de-gadabout\/#breadcrumb"},"inLanguage":"es-AR","potentialAction":[{"@type":"ReadAction","target":["https:\/\/web.consaguirre.com.ar\/noticias\/brandee-younger-anuncia-temporada-de-gadabout\/"]}]},{"@type":"ImageObject","inLanguage":"es-AR","@id":"https:\/\/web.consaguirre.com.ar\/noticias\/brandee-younger-anuncia-temporada-de-gadabout\/#primaryimage","url":"https:\/\/web.consaguirre.com.ar\/noticias\/wp-content\/uploads\/2025\/04\/Brandee-Younger-anuncia-temporada-de-gadabout.jpg","contentUrl":"https:\/\/web.consaguirre.com.ar\/noticias\/wp-content\/uploads\/2025\/04\/Brandee-Younger-anuncia-temporada-de-gadabout.jpg","width":1280,"height":1280,"caption":"Brandee Younger anuncia 'temporada de gadabout'"},{"@type":"BreadcrumbList","@id":"https:\/\/web.consaguirre.com.ar\/noticias\/brandee-younger-anuncia-temporada-de-gadabout\/#breadcrumb","itemListElement":[{"@type":"ListItem","position":1,"name":"Inicio","item":"https:\/\/web.consaguirre.com.ar\/noticias\/"},{"@type":"ListItem","position":2,"name":"Brandee Younger anuncia &#8216;temporada de gadabout&#8217;"}]},{"@type":"WebSite","@id":"https:\/\/web.consaguirre.com.ar\/noticias\/#website","url":"https:\/\/web.consaguirre.com.ar\/noticias\/","name":"Conservatorio de M\u00fasica Juli\u00e1n Aguirre","description":"","publisher":{"@id":"https:\/\/web.consaguirre.com.ar\/noticias\/#organization"},"potentialAction":[{"@type":"SearchAction","target":{"@type":"EntryPoint","urlTemplate":"https:\/\/web.consaguirre.com.ar\/noticias\/?s={search_term_string}"},"query-input":"required name=search_term_string"}],"inLanguage":"es-AR"},{"@type":"Organization","@id":"https:\/\/web.consaguirre.com.ar\/noticias\/#organization","name":"Conservatorio de M\u00fasica Juli\u00e1n Aguirre","url":"https:\/\/web.consaguirre.com.ar\/noticias\/","logo":{"@type":"ImageObject","inLanguage":"es-AR","@id":"https:\/\/web.consaguirre.com.ar\/noticias\/#\/schema\/logo\/image\/","url":"https:\/\/web.consaguirre.com.ar\/noticias\/wp-content\/uploads\/2024\/08\/Banner-Aguirre-23.jpg","contentUrl":"https:\/\/web.consaguirre.com.ar\/noticias\/wp-content\/uploads\/2024\/08\/Banner-Aguirre-23.jpg","width":1192,"height":600,"caption":"Conservatorio de M\u00fasica Juli\u00e1n Aguirre"},"image":{"@id":"https:\/\/web.consaguirre.com.ar\/noticias\/#\/schema\/logo\/image\/"}},{"@type":"Person","@id":"https:\/\/web.consaguirre.com.ar\/noticias\/#\/schema\/person\/6558b0cfedee7ddc5425602b237d5722","name":"Javier Figueroa","image":{"@type":"ImageObject","inLanguage":"es-AR","@id":"https:\/\/web.consaguirre.com.ar\/noticias\/#\/schema\/person\/image\/","url":"https:\/\/web.consaguirre.com.ar\/noticias\/wp-content\/uploads\/2024\/08\/Consaguirre-scaled.jpg","contentUrl":"https:\/\/web.consaguirre.com.ar\/noticias\/wp-content\/uploads\/2024\/08\/Consaguirre-scaled.jpg","caption":"Javier Figueroa"},"description":"Me llamo Javier Figueroa y soy redactor para el sitio oficial del Conservatorio de M\u00fasica Juli\u00e1n Aguirre en Buenos Aires, consaguirre.com. Apasionado por la m\u00fasica y la escritura, me esfuerzo por destacar los talentos y eventos de nuestra prestigiosa instituci\u00f3n. Mi trayectoria se nutre de una profunda admiraci\u00f3n por los artistas, haciendo de cada art\u00edculo una celebraci\u00f3n de la creatividad y la cultura musical.","sameAs":["https:\/\/web.consaguirre.com.ar\/noticias"]}]}},"_links":{"self":[{"href":"https:\/\/web.consaguirre.com.ar\/noticias\/wp-json\/wp\/v2\/posts\/2508"}],"collection":[{"href":"https:\/\/web.consaguirre.com.ar\/noticias\/wp-json\/wp\/v2\/posts"}],"about":[{"href":"https:\/\/web.consaguirre.com.ar\/noticias\/wp-json\/wp\/v2\/types\/post"}],"author":[{"embeddable":true,"href":"https:\/\/web.consaguirre.com.ar\/noticias\/wp-json\/wp\/v2\/users\/1"}],"replies":[{"embeddable":true,"href":"https:\/\/web.consaguirre.com.ar\/noticias\/wp-json\/wp\/v2\/comments?post=2508"}],"version-history":[{"count":1,"href":"https:\/\/web.consaguirre.com.ar\/noticias\/wp-json\/wp\/v2\/posts\/2508\/revisions"}],"predecessor-version":[{"id":2510,"href":"https:\/\/web.consaguirre.com.ar\/noticias\/wp-json\/wp\/v2\/posts\/2508\/revisions\/2510"}],"wp:featuredmedia":[{"embeddable":true,"href":"https:\/\/web.consaguirre.com.ar\/noticias\/wp-json\/wp\/v2\/media\/2509"}],"wp:attachment":[{"href":"https:\/\/web.consaguirre.com.ar\/noticias\/wp-json\/wp\/v2\/media?parent=2508"}],"wp:term":[{"taxonomy":"category","embeddable":true,"href":"https:\/\/web.consaguirre.com.ar\/noticias\/wp-json\/wp\/v2\/categories?post=2508"},{"taxonomy":"post_tag","embeddable":true,"href":"https:\/\/web.consaguirre.com.ar\/noticias\/wp-json\/wp\/v2\/tags?post=2508"}],"curies":[{"name":"wp","href":"https:\/\/api.w.org\/{rel}","templated":true}]}}