{"id":2493,"date":"2025-04-25T12:44:30","date_gmt":"2025-04-25T15:44:30","guid":{"rendered":"https:\/\/web.consaguirre.com.ar\/noticias\/el-especial-de-television-sin-aire-de-frank-zappa-disponible-despues-de-mas-de-50-anos\/"},"modified":"2025-04-25T12:44:31","modified_gmt":"2025-04-25T15:44:31","slug":"el-especial-de-television-sin-aire-de-frank-zappa-disponible-despues-de-mas-de-50-anos","status":"publish","type":"post","link":"https:\/\/web.consaguirre.com.ar\/noticias\/el-especial-de-television-sin-aire-de-frank-zappa-disponible-despues-de-mas-de-50-anos\/","title":{"rendered":"El especial de televisi\u00f3n sin aire de Frank Zappa disponible despu\u00e9s de m\u00e1s de 50 a\u00f1os"},"content":{"rendered":"<p>Despu\u00e9s de m\u00e1s de 50 a\u00f1os encerrado en la b\u00f3veda, <strong>Frank Zappa y las madres de invenci\u00f3n<\/strong>El especial de televisi\u00f3n de 1974 de 1974 finalmente puede ser visto por los fan\u00e1ticos en la comodidad de sus propios hogares. En junio de 1974, Zappa y su banda invitaron a una peque\u00f1a audiencia a un sal\u00f3n de ensayo en Los \u00c1ngeles para filmar lo que se convertir\u00eda <strong><em>M\u00e1s barato que el cheep<\/em><\/strong>una actuaci\u00f3n de concierto \u00edntimo de dos horas.<\/p>\n<p><strong>Comprar Frank Zappa&#8217;s <em>M\u00e1s barato que el cheep<\/em> ahora.<\/strong><\/p>\n<p>En la d\u00e9cada de 1970, los m\u00fasicos en Am\u00e9rica del Norte y Europa con frecuencia actuaron en programas de variedades de televisi\u00f3n, exponiendo su trabajo a una audiencia nueva y amplia. Zappa, siempre un maestro de lo convencional, nunca encaja realmente en la programaci\u00f3n de TV convencional de la \u00e9poca. Zappa se propuso crear su propio especial, pero cuando vio la cinta de regreso, descubri\u00f3 que el video y el audio no estaban sincronizados. Dos meses despu\u00e9s, Zappa grabar\u00eda <em>La sala de dub especial<\/em>cumpliendo su deseo de un especial de televisi\u00f3n, pero enviando <em>M\u00e1s barato que el cheep<\/em> en la b\u00f3veda hasta hace poco.<\/p>\n<div class=\"uD-YT-container\"><img decoding=\"async\" src=\"https:\/\/web.consaguirre.com.ar\/noticias\/wp-content\/uploads\/2025\/04\/1745595870_676_El-especial-de-television-sin-aire-de-Frank-Zappa-disponible.jpg\" alt=\"Video de YouTube\"><br \/>Haga clic para cargar video<\/div>\n<p>Ahora, <em>M\u00e1s barato que el cheep<\/em> se lanzar\u00e1 en Blu-ray, CD y vinilo. El conjunto de cajas Super Deluxe presenta los tres, junto con un folleto de 12 p\u00e1ginas con im\u00e1genes invisibles y notas de revestimiento de VaultMeister Joe Travers. El Blu-ray tambi\u00e9n incluir\u00e1 dos actuaciones, un carrete Blooper y un extracto de la pel\u00edcula de Claymation, &#8220;The Amazing Mr. Bickford&#8221; como caracter\u00edsticas de bonificaci\u00f3n.<\/p>\n<p>Un esp\u00edritu de bricolaje lleva a cabo el proyecto, que Zappa se autofinanci\u00f3 y produjo y que ayud\u00f3 a darle al especial su t\u00edtulo. La iluminaci\u00f3n casera hizo que el set fuera extremadamente caliente, que la baterista Ruth Underwood recuerda en un ensayo para el folleto. &#8220;Tuvimos un largo ensayo y una prueba de sonido detallada esa ma\u00f1ana. Con las luces establecidas, y los fot\u00f3grafos y la audiencia se api\u00f1aron en nuestro modesto espacio, el calor en la habitaci\u00f3n se volvi\u00f3 extremadamente problem\u00e1tico&#8221;, escribe. Incluso si la filmaci\u00f3n a veces era desagradable, <em>M\u00e1s barato que el cheep<\/em> Le dar\u00e1 a los fan\u00e1ticos de Zappa una nueva mirada a algunas de las queridas pistas del artista, incluidas &#8220;Village of the Sun&#8221;, &#8220;Rdnzl&#8221; y &#8220;Let&#8217;s Haz que el agua se vuelva negra&#8221;.<\/p>\n<p><strong>Comprar Frank Zappa&#8217;s <em>M\u00e1s barato que el cheep<\/em> ahora.<\/strong><\/p><\/p>\n","protected":false},"excerpt":{"rendered":"<p>Despu\u00e9s de m\u00e1s de 50 a\u00f1os encerrado en la b\u00f3veda, Frank Zappa y las madres de invenci\u00f3nEl especial de televisi\u00f3n de 1974 de 1974 finalmente<\/p>\n","protected":false},"author":1,"featured_media":2494,"comment_status":"closed","ping_status":"","sticky":false,"template":"","format":"standard","meta":{"footnotes":""},"categories":[50],"tags":[2392,115,539,408,162,72,707,2217,1421,73],"class_list":["post-2493","post","type-post","status-publish","format-standard","has-post-thumbnail","hentry","category-el-ultimo","tag-aire","tag-anos","tag-despues","tag-disponible","tag-especial","tag-frank","tag-mas","tag-sin","tag-television","tag-zappa","generate-columns","tablet-grid-50","mobile-grid-100","grid-parent","grid-50"],"yoast_head":"<!-- This site is optimized with the Yoast SEO plugin v23.3 - https:\/\/yoast.com\/wordpress\/plugins\/seo\/ -->\n<title>El especial de televisi\u00f3n sin aire de Frank Zappa disponible despu\u00e9s de m\u00e1s de 50 a\u00f1os<\/title>\n<meta name=\"robots\" content=\"index, follow, max-snippet:-1, max-image-preview:large, max-video-preview:-1\" \/>\n<link rel=\"canonical\" href=\"https:\/\/web.consaguirre.com.ar\/noticias\/el-especial-de-television-sin-aire-de-frank-zappa-disponible-despues-de-mas-de-50-anos\/\" \/>\n<meta property=\"og:locale\" content=\"es_ES\" \/>\n<meta property=\"og:type\" content=\"article\" \/>\n<meta property=\"og:title\" content=\"El especial de televisi\u00f3n sin aire de Frank Zappa disponible despu\u00e9s de m\u00e1s de 50 a\u00f1os\" \/>\n<meta property=\"og:description\" content=\"Despu\u00e9s de m\u00e1s de 50 a\u00f1os encerrado en la b\u00f3veda, Frank Zappa y las madres de invenci\u00f3nEl especial de televisi\u00f3n de 1974 de 1974 finalmente\" \/>\n<meta property=\"og:url\" content=\"https:\/\/web.consaguirre.com.ar\/noticias\/el-especial-de-television-sin-aire-de-frank-zappa-disponible-despues-de-mas-de-50-anos\/\" \/>\n<meta property=\"og:site_name\" content=\"Conservatorio de M\u00fasica Juli\u00e1n Aguirre\" \/>\n<meta property=\"article:published_time\" content=\"2025-04-25T15:44:30+00:00\" \/>\n<meta property=\"article:modified_time\" content=\"2025-04-25T15:44:31+00:00\" \/>\n<meta property=\"og:image\" content=\"https:\/\/web.consaguirre.com.ar\/noticias\/wp-content\/uploads\/2025\/04\/El-especial-de-television-sin-aire-de-Frank-Zappa-disponible.jpg\" \/>\n\t<meta property=\"og:image:width\" content=\"1280\" \/>\n\t<meta property=\"og:image:height\" content=\"1280\" \/>\n\t<meta property=\"og:image:type\" content=\"image\/jpeg\" \/>\n<meta name=\"author\" content=\"Javier Figueroa\" \/>\n<meta name=\"twitter:card\" content=\"summary_large_image\" \/>\n<meta name=\"twitter:label1\" content=\"Escrito por\" \/>\n\t<meta name=\"twitter:data1\" content=\"Javier Figueroa\" \/>\n\t<meta name=\"twitter:label2\" content=\"Tiempo de lectura\" \/>\n\t<meta name=\"twitter:data2\" content=\"2 minutos\" \/>\n<script type=\"application\/ld+json\" class=\"yoast-schema-graph\">{\"@context\":\"https:\/\/schema.org\",\"@graph\":[{\"@type\":\"Article\",\"@id\":\"https:\/\/web.consaguirre.com.ar\/noticias\/el-especial-de-television-sin-aire-de-frank-zappa-disponible-despues-de-mas-de-50-anos\/#article\",\"isPartOf\":{\"@id\":\"https:\/\/web.consaguirre.com.ar\/noticias\/el-especial-de-television-sin-aire-de-frank-zappa-disponible-despues-de-mas-de-50-anos\/\"},\"author\":{\"name\":\"Javier Figueroa\",\"@id\":\"https:\/\/web.consaguirre.com.ar\/noticias\/#\/schema\/person\/6558b0cfedee7ddc5425602b237d5722\"},\"headline\":\"El especial de televisi\u00f3n sin aire de Frank Zappa disponible despu\u00e9s de m\u00e1s de 50 a\u00f1os\",\"datePublished\":\"2025-04-25T15:44:30+00:00\",\"dateModified\":\"2025-04-25T15:44:31+00:00\",\"mainEntityOfPage\":{\"@id\":\"https:\/\/web.consaguirre.com.ar\/noticias\/el-especial-de-television-sin-aire-de-frank-zappa-disponible-despues-de-mas-de-50-anos\/\"},\"wordCount\":458,\"publisher\":{\"@id\":\"https:\/\/web.consaguirre.com.ar\/noticias\/#organization\"},\"image\":{\"@id\":\"https:\/\/web.consaguirre.com.ar\/noticias\/el-especial-de-television-sin-aire-de-frank-zappa-disponible-despues-de-mas-de-50-anos\/#primaryimage\"},\"thumbnailUrl\":\"https:\/\/web.consaguirre.com.ar\/noticias\/wp-content\/uploads\/2025\/04\/El-especial-de-television-sin-aire-de-Frank-Zappa-disponible.jpg\",\"keywords\":[\"aire\",\"a\u00f1os\",\"despu\u00e9s\",\"disponible\",\"Especial\",\"Frank\",\"m\u00e1s\",\"Sin\",\"televisi\u00f3n\",\"Zappa\"],\"articleSection\":[\"El \u00faltimo\"],\"inLanguage\":\"es-AR\"},{\"@type\":\"WebPage\",\"@id\":\"https:\/\/web.consaguirre.com.ar\/noticias\/el-especial-de-television-sin-aire-de-frank-zappa-disponible-despues-de-mas-de-50-anos\/\",\"url\":\"https:\/\/web.consaguirre.com.ar\/noticias\/el-especial-de-television-sin-aire-de-frank-zappa-disponible-despues-de-mas-de-50-anos\/\",\"name\":\"El especial de televisi\u00f3n sin aire de Frank Zappa disponible despu\u00e9s de m\u00e1s de 50 a\u00f1os\",\"isPartOf\":{\"@id\":\"https:\/\/web.consaguirre.com.ar\/noticias\/#website\"},\"primaryImageOfPage\":{\"@id\":\"https:\/\/web.consaguirre.com.ar\/noticias\/el-especial-de-television-sin-aire-de-frank-zappa-disponible-despues-de-mas-de-50-anos\/#primaryimage\"},\"image\":{\"@id\":\"https:\/\/web.consaguirre.com.ar\/noticias\/el-especial-de-television-sin-aire-de-frank-zappa-disponible-despues-de-mas-de-50-anos\/#primaryimage\"},\"thumbnailUrl\":\"https:\/\/web.consaguirre.com.ar\/noticias\/wp-content\/uploads\/2025\/04\/El-especial-de-television-sin-aire-de-Frank-Zappa-disponible.jpg\",\"datePublished\":\"2025-04-25T15:44:30+00:00\",\"dateModified\":\"2025-04-25T15:44:31+00:00\",\"breadcrumb\":{\"@id\":\"https:\/\/web.consaguirre.com.ar\/noticias\/el-especial-de-television-sin-aire-de-frank-zappa-disponible-despues-de-mas-de-50-anos\/#breadcrumb\"},\"inLanguage\":\"es-AR\",\"potentialAction\":[{\"@type\":\"ReadAction\",\"target\":[\"https:\/\/web.consaguirre.com.ar\/noticias\/el-especial-de-television-sin-aire-de-frank-zappa-disponible-despues-de-mas-de-50-anos\/\"]}]},{\"@type\":\"ImageObject\",\"inLanguage\":\"es-AR\",\"@id\":\"https:\/\/web.consaguirre.com.ar\/noticias\/el-especial-de-television-sin-aire-de-frank-zappa-disponible-despues-de-mas-de-50-anos\/#primaryimage\",\"url\":\"https:\/\/web.consaguirre.com.ar\/noticias\/wp-content\/uploads\/2025\/04\/El-especial-de-television-sin-aire-de-Frank-Zappa-disponible.jpg\",\"contentUrl\":\"https:\/\/web.consaguirre.com.ar\/noticias\/wp-content\/uploads\/2025\/04\/El-especial-de-television-sin-aire-de-Frank-Zappa-disponible.jpg\",\"width\":1280,\"height\":1280,\"caption\":\"El especial de televisi\u00f3n sin aire de Frank Zappa disponible despu\u00e9s de m\u00e1s de 50 a\u00f1os\"},{\"@type\":\"BreadcrumbList\",\"@id\":\"https:\/\/web.consaguirre.com.ar\/noticias\/el-especial-de-television-sin-aire-de-frank-zappa-disponible-despues-de-mas-de-50-anos\/#breadcrumb\",\"itemListElement\":[{\"@type\":\"ListItem\",\"position\":1,\"name\":\"Inicio\",\"item\":\"https:\/\/web.consaguirre.com.ar\/noticias\/\"},{\"@type\":\"ListItem\",\"position\":2,\"name\":\"El especial de televisi\u00f3n sin aire de Frank Zappa disponible despu\u00e9s de m\u00e1s de 50 a\u00f1os\"}]},{\"@type\":\"WebSite\",\"@id\":\"https:\/\/web.consaguirre.com.ar\/noticias\/#website\",\"url\":\"https:\/\/web.consaguirre.com.ar\/noticias\/\",\"name\":\"Conservatorio de M\u00fasica Juli\u00e1n Aguirre\",\"description\":\"\",\"publisher\":{\"@id\":\"https:\/\/web.consaguirre.com.ar\/noticias\/#organization\"},\"potentialAction\":[{\"@type\":\"SearchAction\",\"target\":{\"@type\":\"EntryPoint\",\"urlTemplate\":\"https:\/\/web.consaguirre.com.ar\/noticias\/?s={search_term_string}\"},\"query-input\":\"required name=search_term_string\"}],\"inLanguage\":\"es-AR\"},{\"@type\":\"Organization\",\"@id\":\"https:\/\/web.consaguirre.com.ar\/noticias\/#organization\",\"name\":\"Conservatorio de M\u00fasica Juli\u00e1n Aguirre\",\"url\":\"https:\/\/web.consaguirre.com.ar\/noticias\/\",\"logo\":{\"@type\":\"ImageObject\",\"inLanguage\":\"es-AR\",\"@id\":\"https:\/\/web.consaguirre.com.ar\/noticias\/#\/schema\/logo\/image\/\",\"url\":\"https:\/\/web.consaguirre.com.ar\/noticias\/wp-content\/uploads\/2024\/08\/Banner-Aguirre-23.jpg\",\"contentUrl\":\"https:\/\/web.consaguirre.com.ar\/noticias\/wp-content\/uploads\/2024\/08\/Banner-Aguirre-23.jpg\",\"width\":1192,\"height\":600,\"caption\":\"Conservatorio de M\u00fasica Juli\u00e1n Aguirre\"},\"image\":{\"@id\":\"https:\/\/web.consaguirre.com.ar\/noticias\/#\/schema\/logo\/image\/\"}},{\"@type\":\"Person\",\"@id\":\"https:\/\/web.consaguirre.com.ar\/noticias\/#\/schema\/person\/6558b0cfedee7ddc5425602b237d5722\",\"name\":\"Javier Figueroa\",\"image\":{\"@type\":\"ImageObject\",\"inLanguage\":\"es-AR\",\"@id\":\"https:\/\/web.consaguirre.com.ar\/noticias\/#\/schema\/person\/image\/\",\"url\":\"https:\/\/web.consaguirre.com.ar\/noticias\/wp-content\/uploads\/2024\/08\/Consaguirre-scaled.jpg\",\"contentUrl\":\"https:\/\/web.consaguirre.com.ar\/noticias\/wp-content\/uploads\/2024\/08\/Consaguirre-scaled.jpg\",\"caption\":\"Javier Figueroa\"},\"description\":\"Me llamo Javier Figueroa y soy redactor para el sitio oficial del Conservatorio de M\u00fasica Juli\u00e1n Aguirre en Buenos Aires, consaguirre.com. Apasionado por la m\u00fasica y la escritura, me esfuerzo por destacar los talentos y eventos de nuestra prestigiosa instituci\u00f3n. Mi trayectoria se nutre de una profunda admiraci\u00f3n por los artistas, haciendo de cada art\u00edculo una celebraci\u00f3n de la creatividad y la cultura musical.\",\"sameAs\":[\"https:\/\/web.consaguirre.com.ar\/noticias\"]}]}<\/script>\n<!-- \/ Yoast SEO plugin. -->","yoast_head_json":{"title":"El especial de televisi\u00f3n sin aire de Frank Zappa disponible despu\u00e9s de m\u00e1s de 50 a\u00f1os","robots":{"index":"index","follow":"follow","max-snippet":"max-snippet:-1","max-image-preview":"max-image-preview:large","max-video-preview":"max-video-preview:-1"},"canonical":"https:\/\/web.consaguirre.com.ar\/noticias\/el-especial-de-television-sin-aire-de-frank-zappa-disponible-despues-de-mas-de-50-anos\/","og_locale":"es_ES","og_type":"article","og_title":"El especial de televisi\u00f3n sin aire de Frank Zappa disponible despu\u00e9s de m\u00e1s de 50 a\u00f1os","og_description":"Despu\u00e9s de m\u00e1s de 50 a\u00f1os encerrado en la b\u00f3veda, Frank Zappa y las madres de invenci\u00f3nEl especial de televisi\u00f3n de 1974 de 1974 finalmente","og_url":"https:\/\/web.consaguirre.com.ar\/noticias\/el-especial-de-television-sin-aire-de-frank-zappa-disponible-despues-de-mas-de-50-anos\/","og_site_name":"Conservatorio de M\u00fasica Juli\u00e1n Aguirre","article_published_time":"2025-04-25T15:44:30+00:00","article_modified_time":"2025-04-25T15:44:31+00:00","og_image":[{"width":1280,"height":1280,"url":"https:\/\/web.consaguirre.com.ar\/noticias\/wp-content\/uploads\/2025\/04\/El-especial-de-television-sin-aire-de-Frank-Zappa-disponible.jpg","type":"image\/jpeg"}],"author":"Javier Figueroa","twitter_card":"summary_large_image","twitter_misc":{"Escrito por":"Javier Figueroa","Tiempo de lectura":"2 minutos"},"schema":{"@context":"https:\/\/schema.org","@graph":[{"@type":"Article","@id":"https:\/\/web.consaguirre.com.ar\/noticias\/el-especial-de-television-sin-aire-de-frank-zappa-disponible-despues-de-mas-de-50-anos\/#article","isPartOf":{"@id":"https:\/\/web.consaguirre.com.ar\/noticias\/el-especial-de-television-sin-aire-de-frank-zappa-disponible-despues-de-mas-de-50-anos\/"},"author":{"name":"Javier Figueroa","@id":"https:\/\/web.consaguirre.com.ar\/noticias\/#\/schema\/person\/6558b0cfedee7ddc5425602b237d5722"},"headline":"El especial de televisi\u00f3n sin aire de Frank Zappa disponible despu\u00e9s de m\u00e1s de 50 a\u00f1os","datePublished":"2025-04-25T15:44:30+00:00","dateModified":"2025-04-25T15:44:31+00:00","mainEntityOfPage":{"@id":"https:\/\/web.consaguirre.com.ar\/noticias\/el-especial-de-television-sin-aire-de-frank-zappa-disponible-despues-de-mas-de-50-anos\/"},"wordCount":458,"publisher":{"@id":"https:\/\/web.consaguirre.com.ar\/noticias\/#organization"},"image":{"@id":"https:\/\/web.consaguirre.com.ar\/noticias\/el-especial-de-television-sin-aire-de-frank-zappa-disponible-despues-de-mas-de-50-anos\/#primaryimage"},"thumbnailUrl":"https:\/\/web.consaguirre.com.ar\/noticias\/wp-content\/uploads\/2025\/04\/El-especial-de-television-sin-aire-de-Frank-Zappa-disponible.jpg","keywords":["aire","a\u00f1os","despu\u00e9s","disponible","Especial","Frank","m\u00e1s","Sin","televisi\u00f3n","Zappa"],"articleSection":["El \u00faltimo"],"inLanguage":"es-AR"},{"@type":"WebPage","@id":"https:\/\/web.consaguirre.com.ar\/noticias\/el-especial-de-television-sin-aire-de-frank-zappa-disponible-despues-de-mas-de-50-anos\/","url":"https:\/\/web.consaguirre.com.ar\/noticias\/el-especial-de-television-sin-aire-de-frank-zappa-disponible-despues-de-mas-de-50-anos\/","name":"El especial de televisi\u00f3n sin aire de Frank Zappa disponible despu\u00e9s de m\u00e1s de 50 a\u00f1os","isPartOf":{"@id":"https:\/\/web.consaguirre.com.ar\/noticias\/#website"},"primaryImageOfPage":{"@id":"https:\/\/web.consaguirre.com.ar\/noticias\/el-especial-de-television-sin-aire-de-frank-zappa-disponible-despues-de-mas-de-50-anos\/#primaryimage"},"image":{"@id":"https:\/\/web.consaguirre.com.ar\/noticias\/el-especial-de-television-sin-aire-de-frank-zappa-disponible-despues-de-mas-de-50-anos\/#primaryimage"},"thumbnailUrl":"https:\/\/web.consaguirre.com.ar\/noticias\/wp-content\/uploads\/2025\/04\/El-especial-de-television-sin-aire-de-Frank-Zappa-disponible.jpg","datePublished":"2025-04-25T15:44:30+00:00","dateModified":"2025-04-25T15:44:31+00:00","breadcrumb":{"@id":"https:\/\/web.consaguirre.com.ar\/noticias\/el-especial-de-television-sin-aire-de-frank-zappa-disponible-despues-de-mas-de-50-anos\/#breadcrumb"},"inLanguage":"es-AR","potentialAction":[{"@type":"ReadAction","target":["https:\/\/web.consaguirre.com.ar\/noticias\/el-especial-de-television-sin-aire-de-frank-zappa-disponible-despues-de-mas-de-50-anos\/"]}]},{"@type":"ImageObject","inLanguage":"es-AR","@id":"https:\/\/web.consaguirre.com.ar\/noticias\/el-especial-de-television-sin-aire-de-frank-zappa-disponible-despues-de-mas-de-50-anos\/#primaryimage","url":"https:\/\/web.consaguirre.com.ar\/noticias\/wp-content\/uploads\/2025\/04\/El-especial-de-television-sin-aire-de-Frank-Zappa-disponible.jpg","contentUrl":"https:\/\/web.consaguirre.com.ar\/noticias\/wp-content\/uploads\/2025\/04\/El-especial-de-television-sin-aire-de-Frank-Zappa-disponible.jpg","width":1280,"height":1280,"caption":"El especial de televisi\u00f3n sin aire de Frank Zappa disponible despu\u00e9s de m\u00e1s de 50 a\u00f1os"},{"@type":"BreadcrumbList","@id":"https:\/\/web.consaguirre.com.ar\/noticias\/el-especial-de-television-sin-aire-de-frank-zappa-disponible-despues-de-mas-de-50-anos\/#breadcrumb","itemListElement":[{"@type":"ListItem","position":1,"name":"Inicio","item":"https:\/\/web.consaguirre.com.ar\/noticias\/"},{"@type":"ListItem","position":2,"name":"El especial de televisi\u00f3n sin aire de Frank Zappa disponible despu\u00e9s de m\u00e1s de 50 a\u00f1os"}]},{"@type":"WebSite","@id":"https:\/\/web.consaguirre.com.ar\/noticias\/#website","url":"https:\/\/web.consaguirre.com.ar\/noticias\/","name":"Conservatorio de M\u00fasica Juli\u00e1n Aguirre","description":"","publisher":{"@id":"https:\/\/web.consaguirre.com.ar\/noticias\/#organization"},"potentialAction":[{"@type":"SearchAction","target":{"@type":"EntryPoint","urlTemplate":"https:\/\/web.consaguirre.com.ar\/noticias\/?s={search_term_string}"},"query-input":"required name=search_term_string"}],"inLanguage":"es-AR"},{"@type":"Organization","@id":"https:\/\/web.consaguirre.com.ar\/noticias\/#organization","name":"Conservatorio de M\u00fasica Juli\u00e1n Aguirre","url":"https:\/\/web.consaguirre.com.ar\/noticias\/","logo":{"@type":"ImageObject","inLanguage":"es-AR","@id":"https:\/\/web.consaguirre.com.ar\/noticias\/#\/schema\/logo\/image\/","url":"https:\/\/web.consaguirre.com.ar\/noticias\/wp-content\/uploads\/2024\/08\/Banner-Aguirre-23.jpg","contentUrl":"https:\/\/web.consaguirre.com.ar\/noticias\/wp-content\/uploads\/2024\/08\/Banner-Aguirre-23.jpg","width":1192,"height":600,"caption":"Conservatorio de M\u00fasica Juli\u00e1n Aguirre"},"image":{"@id":"https:\/\/web.consaguirre.com.ar\/noticias\/#\/schema\/logo\/image\/"}},{"@type":"Person","@id":"https:\/\/web.consaguirre.com.ar\/noticias\/#\/schema\/person\/6558b0cfedee7ddc5425602b237d5722","name":"Javier Figueroa","image":{"@type":"ImageObject","inLanguage":"es-AR","@id":"https:\/\/web.consaguirre.com.ar\/noticias\/#\/schema\/person\/image\/","url":"https:\/\/web.consaguirre.com.ar\/noticias\/wp-content\/uploads\/2024\/08\/Consaguirre-scaled.jpg","contentUrl":"https:\/\/web.consaguirre.com.ar\/noticias\/wp-content\/uploads\/2024\/08\/Consaguirre-scaled.jpg","caption":"Javier Figueroa"},"description":"Me llamo Javier Figueroa y soy redactor para el sitio oficial del Conservatorio de M\u00fasica Juli\u00e1n Aguirre en Buenos Aires, consaguirre.com. Apasionado por la m\u00fasica y la escritura, me esfuerzo por destacar los talentos y eventos de nuestra prestigiosa instituci\u00f3n. Mi trayectoria se nutre de una profunda admiraci\u00f3n por los artistas, haciendo de cada art\u00edculo una celebraci\u00f3n de la creatividad y la cultura musical.","sameAs":["https:\/\/web.consaguirre.com.ar\/noticias"]}]}},"_links":{"self":[{"href":"https:\/\/web.consaguirre.com.ar\/noticias\/wp-json\/wp\/v2\/posts\/2493"}],"collection":[{"href":"https:\/\/web.consaguirre.com.ar\/noticias\/wp-json\/wp\/v2\/posts"}],"about":[{"href":"https:\/\/web.consaguirre.com.ar\/noticias\/wp-json\/wp\/v2\/types\/post"}],"author":[{"embeddable":true,"href":"https:\/\/web.consaguirre.com.ar\/noticias\/wp-json\/wp\/v2\/users\/1"}],"replies":[{"embeddable":true,"href":"https:\/\/web.consaguirre.com.ar\/noticias\/wp-json\/wp\/v2\/comments?post=2493"}],"version-history":[{"count":1,"href":"https:\/\/web.consaguirre.com.ar\/noticias\/wp-json\/wp\/v2\/posts\/2493\/revisions"}],"predecessor-version":[{"id":2495,"href":"https:\/\/web.consaguirre.com.ar\/noticias\/wp-json\/wp\/v2\/posts\/2493\/revisions\/2495"}],"wp:featuredmedia":[{"embeddable":true,"href":"https:\/\/web.consaguirre.com.ar\/noticias\/wp-json\/wp\/v2\/media\/2494"}],"wp:attachment":[{"href":"https:\/\/web.consaguirre.com.ar\/noticias\/wp-json\/wp\/v2\/media?parent=2493"}],"wp:term":[{"taxonomy":"category","embeddable":true,"href":"https:\/\/web.consaguirre.com.ar\/noticias\/wp-json\/wp\/v2\/categories?post=2493"},{"taxonomy":"post_tag","embeddable":true,"href":"https:\/\/web.consaguirre.com.ar\/noticias\/wp-json\/wp\/v2\/tags?post=2493"}],"curies":[{"name":"wp","href":"https:\/\/api.w.org\/{rel}","templated":true}]}}