{"id":2487,"date":"2025-04-24T15:38:31","date_gmt":"2025-04-24T18:38:31","guid":{"rendered":"https:\/\/web.consaguirre.com.ar\/noticias\/lola-young-lidera-las-nominaciones-de-ivors-2025\/"},"modified":"2025-04-24T15:38:31","modified_gmt":"2025-04-24T18:38:31","slug":"lola-young-lidera-las-nominaciones-de-ivors-2025","status":"publish","type":"post","link":"https:\/\/web.consaguirre.com.ar\/noticias\/lola-young-lidera-las-nominaciones-de-ivors-2025\/","title":{"rendered":"Lola Young lidera las nominaciones de Ivors 2025"},"content":{"rendered":"<p>Las nominaciones para el Ivors 2025, y <strong>Lola Young<\/strong> lidera el paquete. Los premios, que honran a los m\u00fasicos por la composici\u00f3n de canciones y la composici\u00f3n de la pantalla, le dieron a los j\u00f3venes tres asentimientos. La canci\u00f3n del m\u00fasico &#8220;Messy&#8221; fue nominada a la mejor canci\u00f3n musicalmente y l\u00edricamente, su \u00e1lbum <em>Esto no fue para ti de todos modos<\/em> fue nominado al mejor \u00e1lbum, y Young misma fue nominada para el Rising Star Award. La ceremonia de los ganadores se llevar\u00e1 a cabo en Londres el jueves 22 de mayo.<\/p>\n<p>&#8220;Muchas gracias por las tres nominaciones&#8221;, escribi\u00f3 Young en su historia de Instagram, etiquetando la cuenta de Ivors. &#8220;La escritura de canciones es lo m\u00e1s importante en el mundo para m\u00ed y vivo y respiro m\u00fasica, as\u00ed que gracias&#8221;. Para &#8220;Desorden&#8221;, Young fue nominado junto a su cowriter Conor Dickinson. Para el \u00e1lbum <em>Esto no fue para ti de todos modos<\/em>Dickinson y los cowriters William Brown y Jared Salomon tambi\u00e9n fueron nominados.<\/p>\n<div class=\"uD-YT-container\"><img decoding=\"async\" src=\"https:\/\/web.consaguirre.com.ar\/noticias\/wp-content\/uploads\/2025\/04\/1745519911_655_Lola-Young-lidera-las-nominaciones-de-Ivors-2025.jpg\" alt=\"Video de YouTube\"><br \/>Haga clic para cargar video<\/div>\n<p>Young ha estado teniendo un a\u00f1o de estandarte en los Estados Unidos despu\u00e9s de un aumento constante en su Reino Unido natal. A finales de 2024, Young apareci\u00f3 en Tyler, el \u00e1lbum del creador <em>Cromakopia<\/em> Para la canci\u00f3n &#8220;Like Him&#8221;. Despu\u00e9s de que su canci\u00f3n &#8220;Messy&#8221; gener\u00f3 una tendencia de Tiktok, el cantante hizo una aparici\u00f3n memorable en <em>The Tonight Show protagonizado por Jimmy Fallon<\/em> y impuls\u00f3 el sencillo hasta el n\u00famero 14 en Billboard Hot 100. &#8220;&#8216;Messy&#8217; es una canci\u00f3n que parece resonar porque la gente puede relacionarse. No es todos los d\u00edas, est\u00e9tica de ni\u00f1a limpia&#8221;, dijo Young durante una entrevista en el programa de entrevistas. &#8220;Algunos d\u00edas, no te has lavado los calcetines, \u00bfsabes a qu\u00e9 me refiero?&#8221;<\/p>\n<p>Young tambi\u00e9n tiene un horario repleto antes de ella esta primavera y verano, actuando en el Lovin &#8216;Life Music Fest This May en Carolina del Norte y todas las cosas van en Maryland este agosto. El artista tambi\u00e9n tiene fechas planificadas en B\u00e9lgica, Alemania, Dinamarca, Finlandia, Portugal y el Reino Unido en los pr\u00f3ximos meses. A principios de este a\u00f1o, Young tambi\u00e9n fue nominado al Mejor Acto Pop en los Brit Awards.<\/p>\n<p><strong>Compre la m\u00fasica de Lola Young en vinilo ahora.<\/strong><\/p>\n","protected":false},"excerpt":{"rendered":"<p>Las nominaciones para el Ivors 2025, y Lola Young lidera el paquete. Los premios, que honran a los m\u00fasicos por la composici\u00f3n de canciones y<\/p>\n","protected":false},"author":1,"featured_media":2488,"comment_status":"closed","ping_status":"","sticky":false,"template":"","format":"standard","meta":{"footnotes":""},"categories":[50],"tags":[2391,18,480,2390,481,968],"class_list":["post-2487","post","type-post","status-publish","format-standard","has-post-thumbnail","hentry","category-el-ultimo","tag-ivors","tag-las","tag-lidera","tag-lola","tag-nominaciones","tag-young","generate-columns","tablet-grid-50","mobile-grid-100","grid-parent","grid-50"],"yoast_head":"<!-- This site is optimized with the Yoast SEO plugin v23.3 - https:\/\/yoast.com\/wordpress\/plugins\/seo\/ -->\n<title>Lola Young lidera las nominaciones de Ivors 2025<\/title>\n<meta name=\"robots\" content=\"index, follow, max-snippet:-1, max-image-preview:large, max-video-preview:-1\" \/>\n<link rel=\"canonical\" href=\"https:\/\/web.consaguirre.com.ar\/noticias\/lola-young-lidera-las-nominaciones-de-ivors-2025\/\" \/>\n<meta property=\"og:locale\" content=\"es_ES\" \/>\n<meta property=\"og:type\" content=\"article\" \/>\n<meta property=\"og:title\" content=\"Lola Young lidera las nominaciones de Ivors 2025\" \/>\n<meta property=\"og:description\" content=\"Las nominaciones para el Ivors 2025, y Lola Young lidera el paquete. Los premios, que honran a los m\u00fasicos por la composici\u00f3n de canciones y\" \/>\n<meta property=\"og:url\" content=\"https:\/\/web.consaguirre.com.ar\/noticias\/lola-young-lidera-las-nominaciones-de-ivors-2025\/\" \/>\n<meta property=\"og:site_name\" content=\"Conservatorio de M\u00fasica Juli\u00e1n Aguirre\" \/>\n<meta property=\"article:published_time\" content=\"2025-04-24T18:38:31+00:00\" \/>\n<meta property=\"og:image\" content=\"https:\/\/web.consaguirre.com.ar\/noticias\/wp-content\/uploads\/2025\/04\/Lola-Young-lidera-las-nominaciones-de-Ivors-2025.jpg\" \/>\n\t<meta property=\"og:image:width\" content=\"1440\" \/>\n\t<meta property=\"og:image:height\" content=\"864\" \/>\n\t<meta property=\"og:image:type\" content=\"image\/jpeg\" \/>\n<meta name=\"author\" content=\"Javier Figueroa\" \/>\n<meta name=\"twitter:card\" content=\"summary_large_image\" \/>\n<meta name=\"twitter:label1\" content=\"Escrito por\" \/>\n\t<meta name=\"twitter:data1\" content=\"Javier Figueroa\" \/>\n\t<meta name=\"twitter:label2\" content=\"Tiempo de lectura\" \/>\n\t<meta name=\"twitter:data2\" content=\"2 minutos\" \/>\n<script type=\"application\/ld+json\" class=\"yoast-schema-graph\">{\"@context\":\"https:\/\/schema.org\",\"@graph\":[{\"@type\":\"Article\",\"@id\":\"https:\/\/web.consaguirre.com.ar\/noticias\/lola-young-lidera-las-nominaciones-de-ivors-2025\/#article\",\"isPartOf\":{\"@id\":\"https:\/\/web.consaguirre.com.ar\/noticias\/lola-young-lidera-las-nominaciones-de-ivors-2025\/\"},\"author\":{\"name\":\"Javier Figueroa\",\"@id\":\"https:\/\/web.consaguirre.com.ar\/noticias\/#\/schema\/person\/6558b0cfedee7ddc5425602b237d5722\"},\"headline\":\"Lola Young lidera las nominaciones de Ivors 2025\",\"datePublished\":\"2025-04-24T18:38:31+00:00\",\"dateModified\":\"2025-04-24T18:38:31+00:00\",\"mainEntityOfPage\":{\"@id\":\"https:\/\/web.consaguirre.com.ar\/noticias\/lola-young-lidera-las-nominaciones-de-ivors-2025\/\"},\"wordCount\":403,\"publisher\":{\"@id\":\"https:\/\/web.consaguirre.com.ar\/noticias\/#organization\"},\"image\":{\"@id\":\"https:\/\/web.consaguirre.com.ar\/noticias\/lola-young-lidera-las-nominaciones-de-ivors-2025\/#primaryimage\"},\"thumbnailUrl\":\"https:\/\/web.consaguirre.com.ar\/noticias\/wp-content\/uploads\/2025\/04\/Lola-Young-lidera-las-nominaciones-de-Ivors-2025.jpg\",\"keywords\":[\"Ivors\",\"las\",\"lidera\",\"Lola\",\"nominaciones\",\"Young\"],\"articleSection\":[\"El \u00faltimo\"],\"inLanguage\":\"es-AR\"},{\"@type\":\"WebPage\",\"@id\":\"https:\/\/web.consaguirre.com.ar\/noticias\/lola-young-lidera-las-nominaciones-de-ivors-2025\/\",\"url\":\"https:\/\/web.consaguirre.com.ar\/noticias\/lola-young-lidera-las-nominaciones-de-ivors-2025\/\",\"name\":\"Lola Young lidera las nominaciones de Ivors 2025\",\"isPartOf\":{\"@id\":\"https:\/\/web.consaguirre.com.ar\/noticias\/#website\"},\"primaryImageOfPage\":{\"@id\":\"https:\/\/web.consaguirre.com.ar\/noticias\/lola-young-lidera-las-nominaciones-de-ivors-2025\/#primaryimage\"},\"image\":{\"@id\":\"https:\/\/web.consaguirre.com.ar\/noticias\/lola-young-lidera-las-nominaciones-de-ivors-2025\/#primaryimage\"},\"thumbnailUrl\":\"https:\/\/web.consaguirre.com.ar\/noticias\/wp-content\/uploads\/2025\/04\/Lola-Young-lidera-las-nominaciones-de-Ivors-2025.jpg\",\"datePublished\":\"2025-04-24T18:38:31+00:00\",\"dateModified\":\"2025-04-24T18:38:31+00:00\",\"breadcrumb\":{\"@id\":\"https:\/\/web.consaguirre.com.ar\/noticias\/lola-young-lidera-las-nominaciones-de-ivors-2025\/#breadcrumb\"},\"inLanguage\":\"es-AR\",\"potentialAction\":[{\"@type\":\"ReadAction\",\"target\":[\"https:\/\/web.consaguirre.com.ar\/noticias\/lola-young-lidera-las-nominaciones-de-ivors-2025\/\"]}]},{\"@type\":\"ImageObject\",\"inLanguage\":\"es-AR\",\"@id\":\"https:\/\/web.consaguirre.com.ar\/noticias\/lola-young-lidera-las-nominaciones-de-ivors-2025\/#primaryimage\",\"url\":\"https:\/\/web.consaguirre.com.ar\/noticias\/wp-content\/uploads\/2025\/04\/Lola-Young-lidera-las-nominaciones-de-Ivors-2025.jpg\",\"contentUrl\":\"https:\/\/web.consaguirre.com.ar\/noticias\/wp-content\/uploads\/2025\/04\/Lola-Young-lidera-las-nominaciones-de-Ivors-2025.jpg\",\"width\":1440,\"height\":864,\"caption\":\"Lola Young lidera las nominaciones de Ivors 2025\"},{\"@type\":\"BreadcrumbList\",\"@id\":\"https:\/\/web.consaguirre.com.ar\/noticias\/lola-young-lidera-las-nominaciones-de-ivors-2025\/#breadcrumb\",\"itemListElement\":[{\"@type\":\"ListItem\",\"position\":1,\"name\":\"Inicio\",\"item\":\"https:\/\/web.consaguirre.com.ar\/noticias\/\"},{\"@type\":\"ListItem\",\"position\":2,\"name\":\"Lola Young lidera las nominaciones de Ivors 2025\"}]},{\"@type\":\"WebSite\",\"@id\":\"https:\/\/web.consaguirre.com.ar\/noticias\/#website\",\"url\":\"https:\/\/web.consaguirre.com.ar\/noticias\/\",\"name\":\"Conservatorio de M\u00fasica Juli\u00e1n Aguirre\",\"description\":\"\",\"publisher\":{\"@id\":\"https:\/\/web.consaguirre.com.ar\/noticias\/#organization\"},\"potentialAction\":[{\"@type\":\"SearchAction\",\"target\":{\"@type\":\"EntryPoint\",\"urlTemplate\":\"https:\/\/web.consaguirre.com.ar\/noticias\/?s={search_term_string}\"},\"query-input\":\"required name=search_term_string\"}],\"inLanguage\":\"es-AR\"},{\"@type\":\"Organization\",\"@id\":\"https:\/\/web.consaguirre.com.ar\/noticias\/#organization\",\"name\":\"Conservatorio de M\u00fasica Juli\u00e1n Aguirre\",\"url\":\"https:\/\/web.consaguirre.com.ar\/noticias\/\",\"logo\":{\"@type\":\"ImageObject\",\"inLanguage\":\"es-AR\",\"@id\":\"https:\/\/web.consaguirre.com.ar\/noticias\/#\/schema\/logo\/image\/\",\"url\":\"https:\/\/web.consaguirre.com.ar\/noticias\/wp-content\/uploads\/2024\/08\/Banner-Aguirre-23.jpg\",\"contentUrl\":\"https:\/\/web.consaguirre.com.ar\/noticias\/wp-content\/uploads\/2024\/08\/Banner-Aguirre-23.jpg\",\"width\":1192,\"height\":600,\"caption\":\"Conservatorio de M\u00fasica Juli\u00e1n Aguirre\"},\"image\":{\"@id\":\"https:\/\/web.consaguirre.com.ar\/noticias\/#\/schema\/logo\/image\/\"}},{\"@type\":\"Person\",\"@id\":\"https:\/\/web.consaguirre.com.ar\/noticias\/#\/schema\/person\/6558b0cfedee7ddc5425602b237d5722\",\"name\":\"Javier Figueroa\",\"image\":{\"@type\":\"ImageObject\",\"inLanguage\":\"es-AR\",\"@id\":\"https:\/\/web.consaguirre.com.ar\/noticias\/#\/schema\/person\/image\/\",\"url\":\"https:\/\/web.consaguirre.com.ar\/noticias\/wp-content\/uploads\/2024\/08\/Consaguirre-scaled.jpg\",\"contentUrl\":\"https:\/\/web.consaguirre.com.ar\/noticias\/wp-content\/uploads\/2024\/08\/Consaguirre-scaled.jpg\",\"caption\":\"Javier Figueroa\"},\"description\":\"Me llamo Javier Figueroa y soy redactor para el sitio oficial del Conservatorio de M\u00fasica Juli\u00e1n Aguirre en Buenos Aires, consaguirre.com. Apasionado por la m\u00fasica y la escritura, me esfuerzo por destacar los talentos y eventos de nuestra prestigiosa instituci\u00f3n. Mi trayectoria se nutre de una profunda admiraci\u00f3n por los artistas, haciendo de cada art\u00edculo una celebraci\u00f3n de la creatividad y la cultura musical.\",\"sameAs\":[\"https:\/\/web.consaguirre.com.ar\/noticias\"]}]}<\/script>\n<!-- \/ Yoast SEO plugin. -->","yoast_head_json":{"title":"Lola Young lidera las nominaciones de Ivors 2025","robots":{"index":"index","follow":"follow","max-snippet":"max-snippet:-1","max-image-preview":"max-image-preview:large","max-video-preview":"max-video-preview:-1"},"canonical":"https:\/\/web.consaguirre.com.ar\/noticias\/lola-young-lidera-las-nominaciones-de-ivors-2025\/","og_locale":"es_ES","og_type":"article","og_title":"Lola Young lidera las nominaciones de Ivors 2025","og_description":"Las nominaciones para el Ivors 2025, y Lola Young lidera el paquete. Los premios, que honran a los m\u00fasicos por la composici\u00f3n de canciones y","og_url":"https:\/\/web.consaguirre.com.ar\/noticias\/lola-young-lidera-las-nominaciones-de-ivors-2025\/","og_site_name":"Conservatorio de M\u00fasica Juli\u00e1n Aguirre","article_published_time":"2025-04-24T18:38:31+00:00","og_image":[{"width":1440,"height":864,"url":"https:\/\/web.consaguirre.com.ar\/noticias\/wp-content\/uploads\/2025\/04\/Lola-Young-lidera-las-nominaciones-de-Ivors-2025.jpg","type":"image\/jpeg"}],"author":"Javier Figueroa","twitter_card":"summary_large_image","twitter_misc":{"Escrito por":"Javier Figueroa","Tiempo de lectura":"2 minutos"},"schema":{"@context":"https:\/\/schema.org","@graph":[{"@type":"Article","@id":"https:\/\/web.consaguirre.com.ar\/noticias\/lola-young-lidera-las-nominaciones-de-ivors-2025\/#article","isPartOf":{"@id":"https:\/\/web.consaguirre.com.ar\/noticias\/lola-young-lidera-las-nominaciones-de-ivors-2025\/"},"author":{"name":"Javier Figueroa","@id":"https:\/\/web.consaguirre.com.ar\/noticias\/#\/schema\/person\/6558b0cfedee7ddc5425602b237d5722"},"headline":"Lola Young lidera las nominaciones de Ivors 2025","datePublished":"2025-04-24T18:38:31+00:00","dateModified":"2025-04-24T18:38:31+00:00","mainEntityOfPage":{"@id":"https:\/\/web.consaguirre.com.ar\/noticias\/lola-young-lidera-las-nominaciones-de-ivors-2025\/"},"wordCount":403,"publisher":{"@id":"https:\/\/web.consaguirre.com.ar\/noticias\/#organization"},"image":{"@id":"https:\/\/web.consaguirre.com.ar\/noticias\/lola-young-lidera-las-nominaciones-de-ivors-2025\/#primaryimage"},"thumbnailUrl":"https:\/\/web.consaguirre.com.ar\/noticias\/wp-content\/uploads\/2025\/04\/Lola-Young-lidera-las-nominaciones-de-Ivors-2025.jpg","keywords":["Ivors","las","lidera","Lola","nominaciones","Young"],"articleSection":["El \u00faltimo"],"inLanguage":"es-AR"},{"@type":"WebPage","@id":"https:\/\/web.consaguirre.com.ar\/noticias\/lola-young-lidera-las-nominaciones-de-ivors-2025\/","url":"https:\/\/web.consaguirre.com.ar\/noticias\/lola-young-lidera-las-nominaciones-de-ivors-2025\/","name":"Lola Young lidera las nominaciones de Ivors 2025","isPartOf":{"@id":"https:\/\/web.consaguirre.com.ar\/noticias\/#website"},"primaryImageOfPage":{"@id":"https:\/\/web.consaguirre.com.ar\/noticias\/lola-young-lidera-las-nominaciones-de-ivors-2025\/#primaryimage"},"image":{"@id":"https:\/\/web.consaguirre.com.ar\/noticias\/lola-young-lidera-las-nominaciones-de-ivors-2025\/#primaryimage"},"thumbnailUrl":"https:\/\/web.consaguirre.com.ar\/noticias\/wp-content\/uploads\/2025\/04\/Lola-Young-lidera-las-nominaciones-de-Ivors-2025.jpg","datePublished":"2025-04-24T18:38:31+00:00","dateModified":"2025-04-24T18:38:31+00:00","breadcrumb":{"@id":"https:\/\/web.consaguirre.com.ar\/noticias\/lola-young-lidera-las-nominaciones-de-ivors-2025\/#breadcrumb"},"inLanguage":"es-AR","potentialAction":[{"@type":"ReadAction","target":["https:\/\/web.consaguirre.com.ar\/noticias\/lola-young-lidera-las-nominaciones-de-ivors-2025\/"]}]},{"@type":"ImageObject","inLanguage":"es-AR","@id":"https:\/\/web.consaguirre.com.ar\/noticias\/lola-young-lidera-las-nominaciones-de-ivors-2025\/#primaryimage","url":"https:\/\/web.consaguirre.com.ar\/noticias\/wp-content\/uploads\/2025\/04\/Lola-Young-lidera-las-nominaciones-de-Ivors-2025.jpg","contentUrl":"https:\/\/web.consaguirre.com.ar\/noticias\/wp-content\/uploads\/2025\/04\/Lola-Young-lidera-las-nominaciones-de-Ivors-2025.jpg","width":1440,"height":864,"caption":"Lola Young lidera las nominaciones de Ivors 2025"},{"@type":"BreadcrumbList","@id":"https:\/\/web.consaguirre.com.ar\/noticias\/lola-young-lidera-las-nominaciones-de-ivors-2025\/#breadcrumb","itemListElement":[{"@type":"ListItem","position":1,"name":"Inicio","item":"https:\/\/web.consaguirre.com.ar\/noticias\/"},{"@type":"ListItem","position":2,"name":"Lola Young lidera las nominaciones de Ivors 2025"}]},{"@type":"WebSite","@id":"https:\/\/web.consaguirre.com.ar\/noticias\/#website","url":"https:\/\/web.consaguirre.com.ar\/noticias\/","name":"Conservatorio de M\u00fasica Juli\u00e1n Aguirre","description":"","publisher":{"@id":"https:\/\/web.consaguirre.com.ar\/noticias\/#organization"},"potentialAction":[{"@type":"SearchAction","target":{"@type":"EntryPoint","urlTemplate":"https:\/\/web.consaguirre.com.ar\/noticias\/?s={search_term_string}"},"query-input":"required name=search_term_string"}],"inLanguage":"es-AR"},{"@type":"Organization","@id":"https:\/\/web.consaguirre.com.ar\/noticias\/#organization","name":"Conservatorio de M\u00fasica Juli\u00e1n Aguirre","url":"https:\/\/web.consaguirre.com.ar\/noticias\/","logo":{"@type":"ImageObject","inLanguage":"es-AR","@id":"https:\/\/web.consaguirre.com.ar\/noticias\/#\/schema\/logo\/image\/","url":"https:\/\/web.consaguirre.com.ar\/noticias\/wp-content\/uploads\/2024\/08\/Banner-Aguirre-23.jpg","contentUrl":"https:\/\/web.consaguirre.com.ar\/noticias\/wp-content\/uploads\/2024\/08\/Banner-Aguirre-23.jpg","width":1192,"height":600,"caption":"Conservatorio de M\u00fasica Juli\u00e1n Aguirre"},"image":{"@id":"https:\/\/web.consaguirre.com.ar\/noticias\/#\/schema\/logo\/image\/"}},{"@type":"Person","@id":"https:\/\/web.consaguirre.com.ar\/noticias\/#\/schema\/person\/6558b0cfedee7ddc5425602b237d5722","name":"Javier Figueroa","image":{"@type":"ImageObject","inLanguage":"es-AR","@id":"https:\/\/web.consaguirre.com.ar\/noticias\/#\/schema\/person\/image\/","url":"https:\/\/web.consaguirre.com.ar\/noticias\/wp-content\/uploads\/2024\/08\/Consaguirre-scaled.jpg","contentUrl":"https:\/\/web.consaguirre.com.ar\/noticias\/wp-content\/uploads\/2024\/08\/Consaguirre-scaled.jpg","caption":"Javier Figueroa"},"description":"Me llamo Javier Figueroa y soy redactor para el sitio oficial del Conservatorio de M\u00fasica Juli\u00e1n Aguirre en Buenos Aires, consaguirre.com. Apasionado por la m\u00fasica y la escritura, me esfuerzo por destacar los talentos y eventos de nuestra prestigiosa instituci\u00f3n. Mi trayectoria se nutre de una profunda admiraci\u00f3n por los artistas, haciendo de cada art\u00edculo una celebraci\u00f3n de la creatividad y la cultura musical.","sameAs":["https:\/\/web.consaguirre.com.ar\/noticias"]}]}},"_links":{"self":[{"href":"https:\/\/web.consaguirre.com.ar\/noticias\/wp-json\/wp\/v2\/posts\/2487"}],"collection":[{"href":"https:\/\/web.consaguirre.com.ar\/noticias\/wp-json\/wp\/v2\/posts"}],"about":[{"href":"https:\/\/web.consaguirre.com.ar\/noticias\/wp-json\/wp\/v2\/types\/post"}],"author":[{"embeddable":true,"href":"https:\/\/web.consaguirre.com.ar\/noticias\/wp-json\/wp\/v2\/users\/1"}],"replies":[{"embeddable":true,"href":"https:\/\/web.consaguirre.com.ar\/noticias\/wp-json\/wp\/v2\/comments?post=2487"}],"version-history":[{"count":1,"href":"https:\/\/web.consaguirre.com.ar\/noticias\/wp-json\/wp\/v2\/posts\/2487\/revisions"}],"predecessor-version":[{"id":2489,"href":"https:\/\/web.consaguirre.com.ar\/noticias\/wp-json\/wp\/v2\/posts\/2487\/revisions\/2489"}],"wp:featuredmedia":[{"embeddable":true,"href":"https:\/\/web.consaguirre.com.ar\/noticias\/wp-json\/wp\/v2\/media\/2488"}],"wp:attachment":[{"href":"https:\/\/web.consaguirre.com.ar\/noticias\/wp-json\/wp\/v2\/media?parent=2487"}],"wp:term":[{"taxonomy":"category","embeddable":true,"href":"https:\/\/web.consaguirre.com.ar\/noticias\/wp-json\/wp\/v2\/categories?post=2487"},{"taxonomy":"post_tag","embeddable":true,"href":"https:\/\/web.consaguirre.com.ar\/noticias\/wp-json\/wp\/v2\/tags?post=2487"}],"curies":[{"name":"wp","href":"https:\/\/api.w.org\/{rel}","templated":true}]}}