{"id":2475,"date":"2025-04-23T12:40:24","date_gmt":"2025-04-23T15:40:24","guid":{"rendered":"https:\/\/web.consaguirre.com.ar\/noticias\/roy-thomas-baker-celebre-productor-para-queen-y-otros-muere-a-los-78-anos\/"},"modified":"2025-04-23T12:40:24","modified_gmt":"2025-04-23T15:40:24","slug":"roy-thomas-baker-celebre-productor-para-queen-y-otros-muere-a-los-78-anos","status":"publish","type":"post","link":"https:\/\/web.consaguirre.com.ar\/noticias\/roy-thomas-baker-celebre-productor-para-queen-y-otros-muere-a-los-78-anos\/","title":{"rendered":"Roy Thomas Baker, c\u00e9lebre productor para Queen y otros, muere a los 78 a\u00f1os"},"content":{"rendered":"<p><strong>Roy Thomas Baker<\/strong>quien fue un famoso productor de los a\u00f1os setenta y ochenta y conocido por ayudar a producir <strong>Reina<\/strong>&#8216;s &#8220;<strong>Bohemian Rhapsody<\/strong>&#8220;, Muri\u00f3 el 12 de abril en su casa en Lake Havasu City, Arizona. Ten\u00eda 78 a\u00f1os. Una declaraci\u00f3n oficial dijo que la causa no estaba clara.<\/p>\n<p>Adem\u00e1s de su trabajo con Queen, Baker tambi\u00e9n colabor\u00f3 \u200b\u200bcon bandas como los autos, Journey, <strong>M\u00f6tley Cr\u00fce<\/strong>y extranjero. Tambi\u00e9n fue productor e ingeniero de sonido en varios estudios de grabaci\u00f3n diferentes en el transcurso de su hist\u00f3rica carrera.<\/p>\n<p>Baker naci\u00f3 el 10 de noviembre de 1946 en Hampstead, Inglaterra. Comenz\u00f3 en la industria de la m\u00fasica en los Decca Studios en Londres de Londres en Londres en 1963. Lo m\u00e1s notable, fue ingeniero principal en singles exitosos como &#8220;All ahora ahora&#8221; de Free y &#8220;Bang A Gong (Get It On)&#8221; por <strong>T. rex<\/strong>.<\/p>\n<p>Conoci\u00f3 a Queen por primera vez en la d\u00e9cada de 1970 mientras miraba un complejo de estudio en Londres. La banda, que estaba comenzando, estaba grabando demostraciones gratuitas como un oficio para ayudar al estudio a probar sus sonics. Baker revel\u00f3 esto en un <strong>Entrevista ahora arquitada de 1979<\/strong>.<\/p>\n<p>El primer \u00e1lbum de la banda, <em>Reina<\/em>Baker grab\u00f3 mientras ten\u00eda algo de tiempo libre, ya que, seg\u00fan los informes, not\u00f3 que quer\u00eda familiarizarse m\u00e1s con el trabajo de producci\u00f3n. A partir de ah\u00ed, \u00e9l grab\u00f3 <em>Reina II<\/em>, <em>Ataques card\u00edacos<\/em>y <em>Una noche en la \u00f3pera<\/em>.<\/p>\n<p>En una entrevista de 2005 con <strong><em>The New York Times<\/em><\/strong>habl\u00f3 sobre el legado de la canci\u00f3n. \u00c9l dijo: &#8220;Pens\u00e9 que iba a ser un \u00e9xito. No sab\u00edamos que iba a ser tan grande. No me di cuenta de que todav\u00eda iba a hablar de unos 30 a\u00f1os despu\u00e9s&#8221;.<\/p>\n<p>M\u00e1s adelante en la conversaci\u00f3n, agreg\u00f3: &#8220;Lo que lo hace m\u00e1s eterno es el hecho de que no se limit\u00f3 a ning\u00fan g\u00e9nero de m\u00fasica. No compite con nada. Est\u00e1 en un mundo propio&#8221;.<\/p>\n<p>Reiter\u00f3 en otras entrevistas que, aunque no se dio cuenta de cu\u00e1n grande ser\u00eda la canci\u00f3n, reconoci\u00f3 algo esencial al respecto.<\/p>\n<p>Despu\u00e9s de que se complet\u00f3 la versi\u00f3n final, despu\u00e9s de algunos refinamientos en Roundhouse, Sarm East Studios, Scorpio Sound y Wessex Sound Studios, hab\u00eda la sensaci\u00f3n de que Queen hab\u00eda creado algo especial. &#8220;Nadie sab\u00eda realmente c\u00f3mo iba a sonar como una canci\u00f3n completa de seis minutos hasta que se reuni\u00f3&#8221;, dijo Baker a <em>Interpretando compositor<\/em> revista. &#8220;Estaba parado en la parte trasera de la sala de control, y t\u00fa sab\u00edas que estabas escuchando por primera vez a una gran p\u00e1gina en la historia. Algo dentro de m\u00ed me dijo que este era un d\u00eda de letras rojas, y que realmente era&#8221;.<\/p>\n","protected":false},"excerpt":{"rendered":"<p>Roy Thomas Bakerquien fue un famoso productor de los a\u00f1os setenta y ochenta y conocido por ayudar a producir Reina&#8216;s &#8220;Bohemian Rhapsody&#8220;, Muri\u00f3 el 12<\/p>\n","protected":false},"author":1,"featured_media":2476,"comment_status":"closed","ping_status":"","sticky":false,"template":"","format":"standard","meta":{"footnotes":""},"categories":[50],"tags":[115,136,1150,180,564,2379,154,1151,597,524,1158],"class_list":["post-2475","post","type-post","status-publish","format-standard","has-post-thumbnail","hentry","category-el-ultimo","tag-anos","tag-baker","tag-celebre","tag-los","tag-muere","tag-otros","tag-para","tag-productor","tag-queen","tag-roy","tag-thomas","generate-columns","tablet-grid-50","mobile-grid-100","grid-parent","grid-50"],"yoast_head":"<!-- This site is optimized with the Yoast SEO plugin v23.3 - https:\/\/yoast.com\/wordpress\/plugins\/seo\/ -->\n<title>Roy Thomas Baker, c\u00e9lebre productor para Queen y otros, muere a los 78 a\u00f1os<\/title>\n<meta name=\"robots\" content=\"index, follow, max-snippet:-1, max-image-preview:large, max-video-preview:-1\" \/>\n<link rel=\"canonical\" href=\"https:\/\/web.consaguirre.com.ar\/noticias\/roy-thomas-baker-celebre-productor-para-queen-y-otros-muere-a-los-78-anos\/\" \/>\n<meta property=\"og:locale\" content=\"es_ES\" \/>\n<meta property=\"og:type\" content=\"article\" \/>\n<meta property=\"og:title\" content=\"Roy Thomas Baker, c\u00e9lebre productor para Queen y otros, muere a los 78 a\u00f1os\" \/>\n<meta property=\"og:description\" content=\"Roy Thomas Bakerquien fue un famoso productor de los a\u00f1os setenta y ochenta y conocido por ayudar a producir Reina&#8216;s &#8220;Bohemian Rhapsody&#8220;, Muri\u00f3 el 12\" \/>\n<meta property=\"og:url\" content=\"https:\/\/web.consaguirre.com.ar\/noticias\/roy-thomas-baker-celebre-productor-para-queen-y-otros-muere-a-los-78-anos\/\" \/>\n<meta property=\"og:site_name\" content=\"Conservatorio de M\u00fasica Juli\u00e1n Aguirre\" \/>\n<meta property=\"article:published_time\" content=\"2025-04-23T15:40:24+00:00\" \/>\n<meta property=\"og:image\" content=\"https:\/\/web.consaguirre.com.ar\/noticias\/wp-content\/uploads\/2025\/04\/Roy-Thomas-Baker-celebre-productor-para-Queen-y-otros-muere.jpeg\" \/>\n\t<meta property=\"og:image:width\" content=\"1440\" \/>\n\t<meta property=\"og:image:height\" content=\"864\" \/>\n\t<meta property=\"og:image:type\" content=\"image\/jpeg\" \/>\n<meta name=\"author\" content=\"Javier Figueroa\" \/>\n<meta name=\"twitter:card\" content=\"summary_large_image\" \/>\n<meta name=\"twitter:label1\" content=\"Escrito por\" \/>\n\t<meta name=\"twitter:data1\" content=\"Javier Figueroa\" \/>\n\t<meta name=\"twitter:label2\" content=\"Tiempo de lectura\" \/>\n\t<meta name=\"twitter:data2\" content=\"2 minutos\" \/>\n<script type=\"application\/ld+json\" class=\"yoast-schema-graph\">{\"@context\":\"https:\/\/schema.org\",\"@graph\":[{\"@type\":\"Article\",\"@id\":\"https:\/\/web.consaguirre.com.ar\/noticias\/roy-thomas-baker-celebre-productor-para-queen-y-otros-muere-a-los-78-anos\/#article\",\"isPartOf\":{\"@id\":\"https:\/\/web.consaguirre.com.ar\/noticias\/roy-thomas-baker-celebre-productor-para-queen-y-otros-muere-a-los-78-anos\/\"},\"author\":{\"name\":\"Javier Figueroa\",\"@id\":\"https:\/\/web.consaguirre.com.ar\/noticias\/#\/schema\/person\/6558b0cfedee7ddc5425602b237d5722\"},\"headline\":\"Roy Thomas Baker, c\u00e9lebre productor para Queen y otros, muere a los 78 a\u00f1os\",\"datePublished\":\"2025-04-23T15:40:24+00:00\",\"dateModified\":\"2025-04-23T15:40:24+00:00\",\"mainEntityOfPage\":{\"@id\":\"https:\/\/web.consaguirre.com.ar\/noticias\/roy-thomas-baker-celebre-productor-para-queen-y-otros-muere-a-los-78-anos\/\"},\"wordCount\":493,\"publisher\":{\"@id\":\"https:\/\/web.consaguirre.com.ar\/noticias\/#organization\"},\"image\":{\"@id\":\"https:\/\/web.consaguirre.com.ar\/noticias\/roy-thomas-baker-celebre-productor-para-queen-y-otros-muere-a-los-78-anos\/#primaryimage\"},\"thumbnailUrl\":\"https:\/\/web.consaguirre.com.ar\/noticias\/wp-content\/uploads\/2025\/04\/Roy-Thomas-Baker-celebre-productor-para-Queen-y-otros-muere.jpeg\",\"keywords\":[\"a\u00f1os\",\"Baker\",\"c\u00e9lebre\",\"los\",\"muere\",\"otros\",\"para\",\"productor\",\"Queen\",\"Roy\",\"Thomas\"],\"articleSection\":[\"El \u00faltimo\"],\"inLanguage\":\"es-AR\"},{\"@type\":\"WebPage\",\"@id\":\"https:\/\/web.consaguirre.com.ar\/noticias\/roy-thomas-baker-celebre-productor-para-queen-y-otros-muere-a-los-78-anos\/\",\"url\":\"https:\/\/web.consaguirre.com.ar\/noticias\/roy-thomas-baker-celebre-productor-para-queen-y-otros-muere-a-los-78-anos\/\",\"name\":\"Roy Thomas Baker, c\u00e9lebre productor para Queen y otros, muere a los 78 a\u00f1os\",\"isPartOf\":{\"@id\":\"https:\/\/web.consaguirre.com.ar\/noticias\/#website\"},\"primaryImageOfPage\":{\"@id\":\"https:\/\/web.consaguirre.com.ar\/noticias\/roy-thomas-baker-celebre-productor-para-queen-y-otros-muere-a-los-78-anos\/#primaryimage\"},\"image\":{\"@id\":\"https:\/\/web.consaguirre.com.ar\/noticias\/roy-thomas-baker-celebre-productor-para-queen-y-otros-muere-a-los-78-anos\/#primaryimage\"},\"thumbnailUrl\":\"https:\/\/web.consaguirre.com.ar\/noticias\/wp-content\/uploads\/2025\/04\/Roy-Thomas-Baker-celebre-productor-para-Queen-y-otros-muere.jpeg\",\"datePublished\":\"2025-04-23T15:40:24+00:00\",\"dateModified\":\"2025-04-23T15:40:24+00:00\",\"breadcrumb\":{\"@id\":\"https:\/\/web.consaguirre.com.ar\/noticias\/roy-thomas-baker-celebre-productor-para-queen-y-otros-muere-a-los-78-anos\/#breadcrumb\"},\"inLanguage\":\"es-AR\",\"potentialAction\":[{\"@type\":\"ReadAction\",\"target\":[\"https:\/\/web.consaguirre.com.ar\/noticias\/roy-thomas-baker-celebre-productor-para-queen-y-otros-muere-a-los-78-anos\/\"]}]},{\"@type\":\"ImageObject\",\"inLanguage\":\"es-AR\",\"@id\":\"https:\/\/web.consaguirre.com.ar\/noticias\/roy-thomas-baker-celebre-productor-para-queen-y-otros-muere-a-los-78-anos\/#primaryimage\",\"url\":\"https:\/\/web.consaguirre.com.ar\/noticias\/wp-content\/uploads\/2025\/04\/Roy-Thomas-Baker-celebre-productor-para-Queen-y-otros-muere.jpeg\",\"contentUrl\":\"https:\/\/web.consaguirre.com.ar\/noticias\/wp-content\/uploads\/2025\/04\/Roy-Thomas-Baker-celebre-productor-para-Queen-y-otros-muere.jpeg\",\"width\":1440,\"height\":864,\"caption\":\"Roy Thomas Baker - Photo: Jim Steinfeldt\/Michael Ochs Archives\/Getty Image\"},{\"@type\":\"BreadcrumbList\",\"@id\":\"https:\/\/web.consaguirre.com.ar\/noticias\/roy-thomas-baker-celebre-productor-para-queen-y-otros-muere-a-los-78-anos\/#breadcrumb\",\"itemListElement\":[{\"@type\":\"ListItem\",\"position\":1,\"name\":\"Inicio\",\"item\":\"https:\/\/web.consaguirre.com.ar\/noticias\/\"},{\"@type\":\"ListItem\",\"position\":2,\"name\":\"Roy Thomas Baker, c\u00e9lebre productor para Queen y otros, muere a los 78 a\u00f1os\"}]},{\"@type\":\"WebSite\",\"@id\":\"https:\/\/web.consaguirre.com.ar\/noticias\/#website\",\"url\":\"https:\/\/web.consaguirre.com.ar\/noticias\/\",\"name\":\"Conservatorio de M\u00fasica Juli\u00e1n Aguirre\",\"description\":\"\",\"publisher\":{\"@id\":\"https:\/\/web.consaguirre.com.ar\/noticias\/#organization\"},\"potentialAction\":[{\"@type\":\"SearchAction\",\"target\":{\"@type\":\"EntryPoint\",\"urlTemplate\":\"https:\/\/web.consaguirre.com.ar\/noticias\/?s={search_term_string}\"},\"query-input\":\"required name=search_term_string\"}],\"inLanguage\":\"es-AR\"},{\"@type\":\"Organization\",\"@id\":\"https:\/\/web.consaguirre.com.ar\/noticias\/#organization\",\"name\":\"Conservatorio de M\u00fasica Juli\u00e1n Aguirre\",\"url\":\"https:\/\/web.consaguirre.com.ar\/noticias\/\",\"logo\":{\"@type\":\"ImageObject\",\"inLanguage\":\"es-AR\",\"@id\":\"https:\/\/web.consaguirre.com.ar\/noticias\/#\/schema\/logo\/image\/\",\"url\":\"https:\/\/web.consaguirre.com.ar\/noticias\/wp-content\/uploads\/2024\/08\/Banner-Aguirre-23.jpg\",\"contentUrl\":\"https:\/\/web.consaguirre.com.ar\/noticias\/wp-content\/uploads\/2024\/08\/Banner-Aguirre-23.jpg\",\"width\":1192,\"height\":600,\"caption\":\"Conservatorio de M\u00fasica Juli\u00e1n Aguirre\"},\"image\":{\"@id\":\"https:\/\/web.consaguirre.com.ar\/noticias\/#\/schema\/logo\/image\/\"}},{\"@type\":\"Person\",\"@id\":\"https:\/\/web.consaguirre.com.ar\/noticias\/#\/schema\/person\/6558b0cfedee7ddc5425602b237d5722\",\"name\":\"Javier Figueroa\",\"image\":{\"@type\":\"ImageObject\",\"inLanguage\":\"es-AR\",\"@id\":\"https:\/\/web.consaguirre.com.ar\/noticias\/#\/schema\/person\/image\/\",\"url\":\"https:\/\/web.consaguirre.com.ar\/noticias\/wp-content\/uploads\/2024\/08\/Consaguirre-scaled.jpg\",\"contentUrl\":\"https:\/\/web.consaguirre.com.ar\/noticias\/wp-content\/uploads\/2024\/08\/Consaguirre-scaled.jpg\",\"caption\":\"Javier Figueroa\"},\"description\":\"Me llamo Javier Figueroa y soy redactor para el sitio oficial del Conservatorio de M\u00fasica Juli\u00e1n Aguirre en Buenos Aires, consaguirre.com. Apasionado por la m\u00fasica y la escritura, me esfuerzo por destacar los talentos y eventos de nuestra prestigiosa instituci\u00f3n. Mi trayectoria se nutre de una profunda admiraci\u00f3n por los artistas, haciendo de cada art\u00edculo una celebraci\u00f3n de la creatividad y la cultura musical.\",\"sameAs\":[\"https:\/\/web.consaguirre.com.ar\/noticias\"]}]}<\/script>\n<!-- \/ Yoast SEO plugin. -->","yoast_head_json":{"title":"Roy Thomas Baker, c\u00e9lebre productor para Queen y otros, muere a los 78 a\u00f1os","robots":{"index":"index","follow":"follow","max-snippet":"max-snippet:-1","max-image-preview":"max-image-preview:large","max-video-preview":"max-video-preview:-1"},"canonical":"https:\/\/web.consaguirre.com.ar\/noticias\/roy-thomas-baker-celebre-productor-para-queen-y-otros-muere-a-los-78-anos\/","og_locale":"es_ES","og_type":"article","og_title":"Roy Thomas Baker, c\u00e9lebre productor para Queen y otros, muere a los 78 a\u00f1os","og_description":"Roy Thomas Bakerquien fue un famoso productor de los a\u00f1os setenta y ochenta y conocido por ayudar a producir Reina&#8216;s &#8220;Bohemian Rhapsody&#8220;, Muri\u00f3 el 12","og_url":"https:\/\/web.consaguirre.com.ar\/noticias\/roy-thomas-baker-celebre-productor-para-queen-y-otros-muere-a-los-78-anos\/","og_site_name":"Conservatorio de M\u00fasica Juli\u00e1n Aguirre","article_published_time":"2025-04-23T15:40:24+00:00","og_image":[{"width":1440,"height":864,"url":"https:\/\/web.consaguirre.com.ar\/noticias\/wp-content\/uploads\/2025\/04\/Roy-Thomas-Baker-celebre-productor-para-Queen-y-otros-muere.jpeg","type":"image\/jpeg"}],"author":"Javier Figueroa","twitter_card":"summary_large_image","twitter_misc":{"Escrito por":"Javier Figueroa","Tiempo de lectura":"2 minutos"},"schema":{"@context":"https:\/\/schema.org","@graph":[{"@type":"Article","@id":"https:\/\/web.consaguirre.com.ar\/noticias\/roy-thomas-baker-celebre-productor-para-queen-y-otros-muere-a-los-78-anos\/#article","isPartOf":{"@id":"https:\/\/web.consaguirre.com.ar\/noticias\/roy-thomas-baker-celebre-productor-para-queen-y-otros-muere-a-los-78-anos\/"},"author":{"name":"Javier Figueroa","@id":"https:\/\/web.consaguirre.com.ar\/noticias\/#\/schema\/person\/6558b0cfedee7ddc5425602b237d5722"},"headline":"Roy Thomas Baker, c\u00e9lebre productor para Queen y otros, muere a los 78 a\u00f1os","datePublished":"2025-04-23T15:40:24+00:00","dateModified":"2025-04-23T15:40:24+00:00","mainEntityOfPage":{"@id":"https:\/\/web.consaguirre.com.ar\/noticias\/roy-thomas-baker-celebre-productor-para-queen-y-otros-muere-a-los-78-anos\/"},"wordCount":493,"publisher":{"@id":"https:\/\/web.consaguirre.com.ar\/noticias\/#organization"},"image":{"@id":"https:\/\/web.consaguirre.com.ar\/noticias\/roy-thomas-baker-celebre-productor-para-queen-y-otros-muere-a-los-78-anos\/#primaryimage"},"thumbnailUrl":"https:\/\/web.consaguirre.com.ar\/noticias\/wp-content\/uploads\/2025\/04\/Roy-Thomas-Baker-celebre-productor-para-Queen-y-otros-muere.jpeg","keywords":["a\u00f1os","Baker","c\u00e9lebre","los","muere","otros","para","productor","Queen","Roy","Thomas"],"articleSection":["El \u00faltimo"],"inLanguage":"es-AR"},{"@type":"WebPage","@id":"https:\/\/web.consaguirre.com.ar\/noticias\/roy-thomas-baker-celebre-productor-para-queen-y-otros-muere-a-los-78-anos\/","url":"https:\/\/web.consaguirre.com.ar\/noticias\/roy-thomas-baker-celebre-productor-para-queen-y-otros-muere-a-los-78-anos\/","name":"Roy Thomas Baker, c\u00e9lebre productor para Queen y otros, muere a los 78 a\u00f1os","isPartOf":{"@id":"https:\/\/web.consaguirre.com.ar\/noticias\/#website"},"primaryImageOfPage":{"@id":"https:\/\/web.consaguirre.com.ar\/noticias\/roy-thomas-baker-celebre-productor-para-queen-y-otros-muere-a-los-78-anos\/#primaryimage"},"image":{"@id":"https:\/\/web.consaguirre.com.ar\/noticias\/roy-thomas-baker-celebre-productor-para-queen-y-otros-muere-a-los-78-anos\/#primaryimage"},"thumbnailUrl":"https:\/\/web.consaguirre.com.ar\/noticias\/wp-content\/uploads\/2025\/04\/Roy-Thomas-Baker-celebre-productor-para-Queen-y-otros-muere.jpeg","datePublished":"2025-04-23T15:40:24+00:00","dateModified":"2025-04-23T15:40:24+00:00","breadcrumb":{"@id":"https:\/\/web.consaguirre.com.ar\/noticias\/roy-thomas-baker-celebre-productor-para-queen-y-otros-muere-a-los-78-anos\/#breadcrumb"},"inLanguage":"es-AR","potentialAction":[{"@type":"ReadAction","target":["https:\/\/web.consaguirre.com.ar\/noticias\/roy-thomas-baker-celebre-productor-para-queen-y-otros-muere-a-los-78-anos\/"]}]},{"@type":"ImageObject","inLanguage":"es-AR","@id":"https:\/\/web.consaguirre.com.ar\/noticias\/roy-thomas-baker-celebre-productor-para-queen-y-otros-muere-a-los-78-anos\/#primaryimage","url":"https:\/\/web.consaguirre.com.ar\/noticias\/wp-content\/uploads\/2025\/04\/Roy-Thomas-Baker-celebre-productor-para-Queen-y-otros-muere.jpeg","contentUrl":"https:\/\/web.consaguirre.com.ar\/noticias\/wp-content\/uploads\/2025\/04\/Roy-Thomas-Baker-celebre-productor-para-Queen-y-otros-muere.jpeg","width":1440,"height":864,"caption":"Roy Thomas Baker - Photo: Jim Steinfeldt\/Michael Ochs Archives\/Getty Image"},{"@type":"BreadcrumbList","@id":"https:\/\/web.consaguirre.com.ar\/noticias\/roy-thomas-baker-celebre-productor-para-queen-y-otros-muere-a-los-78-anos\/#breadcrumb","itemListElement":[{"@type":"ListItem","position":1,"name":"Inicio","item":"https:\/\/web.consaguirre.com.ar\/noticias\/"},{"@type":"ListItem","position":2,"name":"Roy Thomas Baker, c\u00e9lebre productor para Queen y otros, muere a los 78 a\u00f1os"}]},{"@type":"WebSite","@id":"https:\/\/web.consaguirre.com.ar\/noticias\/#website","url":"https:\/\/web.consaguirre.com.ar\/noticias\/","name":"Conservatorio de M\u00fasica Juli\u00e1n Aguirre","description":"","publisher":{"@id":"https:\/\/web.consaguirre.com.ar\/noticias\/#organization"},"potentialAction":[{"@type":"SearchAction","target":{"@type":"EntryPoint","urlTemplate":"https:\/\/web.consaguirre.com.ar\/noticias\/?s={search_term_string}"},"query-input":"required name=search_term_string"}],"inLanguage":"es-AR"},{"@type":"Organization","@id":"https:\/\/web.consaguirre.com.ar\/noticias\/#organization","name":"Conservatorio de M\u00fasica Juli\u00e1n Aguirre","url":"https:\/\/web.consaguirre.com.ar\/noticias\/","logo":{"@type":"ImageObject","inLanguage":"es-AR","@id":"https:\/\/web.consaguirre.com.ar\/noticias\/#\/schema\/logo\/image\/","url":"https:\/\/web.consaguirre.com.ar\/noticias\/wp-content\/uploads\/2024\/08\/Banner-Aguirre-23.jpg","contentUrl":"https:\/\/web.consaguirre.com.ar\/noticias\/wp-content\/uploads\/2024\/08\/Banner-Aguirre-23.jpg","width":1192,"height":600,"caption":"Conservatorio de M\u00fasica Juli\u00e1n Aguirre"},"image":{"@id":"https:\/\/web.consaguirre.com.ar\/noticias\/#\/schema\/logo\/image\/"}},{"@type":"Person","@id":"https:\/\/web.consaguirre.com.ar\/noticias\/#\/schema\/person\/6558b0cfedee7ddc5425602b237d5722","name":"Javier Figueroa","image":{"@type":"ImageObject","inLanguage":"es-AR","@id":"https:\/\/web.consaguirre.com.ar\/noticias\/#\/schema\/person\/image\/","url":"https:\/\/web.consaguirre.com.ar\/noticias\/wp-content\/uploads\/2024\/08\/Consaguirre-scaled.jpg","contentUrl":"https:\/\/web.consaguirre.com.ar\/noticias\/wp-content\/uploads\/2024\/08\/Consaguirre-scaled.jpg","caption":"Javier Figueroa"},"description":"Me llamo Javier Figueroa y soy redactor para el sitio oficial del Conservatorio de M\u00fasica Juli\u00e1n Aguirre en Buenos Aires, consaguirre.com. Apasionado por la m\u00fasica y la escritura, me esfuerzo por destacar los talentos y eventos de nuestra prestigiosa instituci\u00f3n. Mi trayectoria se nutre de una profunda admiraci\u00f3n por los artistas, haciendo de cada art\u00edculo una celebraci\u00f3n de la creatividad y la cultura musical.","sameAs":["https:\/\/web.consaguirre.com.ar\/noticias"]}]}},"_links":{"self":[{"href":"https:\/\/web.consaguirre.com.ar\/noticias\/wp-json\/wp\/v2\/posts\/2475"}],"collection":[{"href":"https:\/\/web.consaguirre.com.ar\/noticias\/wp-json\/wp\/v2\/posts"}],"about":[{"href":"https:\/\/web.consaguirre.com.ar\/noticias\/wp-json\/wp\/v2\/types\/post"}],"author":[{"embeddable":true,"href":"https:\/\/web.consaguirre.com.ar\/noticias\/wp-json\/wp\/v2\/users\/1"}],"replies":[{"embeddable":true,"href":"https:\/\/web.consaguirre.com.ar\/noticias\/wp-json\/wp\/v2\/comments?post=2475"}],"version-history":[{"count":1,"href":"https:\/\/web.consaguirre.com.ar\/noticias\/wp-json\/wp\/v2\/posts\/2475\/revisions"}],"predecessor-version":[{"id":2477,"href":"https:\/\/web.consaguirre.com.ar\/noticias\/wp-json\/wp\/v2\/posts\/2475\/revisions\/2477"}],"wp:featuredmedia":[{"embeddable":true,"href":"https:\/\/web.consaguirre.com.ar\/noticias\/wp-json\/wp\/v2\/media\/2476"}],"wp:attachment":[{"href":"https:\/\/web.consaguirre.com.ar\/noticias\/wp-json\/wp\/v2\/media?parent=2475"}],"wp:term":[{"taxonomy":"category","embeddable":true,"href":"https:\/\/web.consaguirre.com.ar\/noticias\/wp-json\/wp\/v2\/categories?post=2475"},{"taxonomy":"post_tag","embeddable":true,"href":"https:\/\/web.consaguirre.com.ar\/noticias\/wp-json\/wp\/v2\/tags?post=2475"}],"curies":[{"name":"wp","href":"https:\/\/api.w.org\/{rel}","templated":true}]}}