{"id":2460,"date":"2025-04-21T21:38:50","date_gmt":"2025-04-22T00:38:50","guid":{"rendered":"https:\/\/web.consaguirre.com.ar\/noticias\/doechii-comparte-un-nuevo-video-de-ansiedad\/"},"modified":"2025-04-21T21:38:50","modified_gmt":"2025-04-22T00:38:50","slug":"doechii-comparte-un-nuevo-video-de-ansiedad","status":"publish","type":"post","link":"https:\/\/web.consaguirre.com.ar\/noticias\/doechii-comparte-un-nuevo-video-de-ansiedad\/","title":{"rendered":"Doechii comparte un nuevo video de &#8216;ansiedad&#8217;"},"content":{"rendered":"<p><strong>Doechii<\/strong> ha compartido un video musical para su \u00faltimo sencillo, &#8220;Ansiety&#8221;. Dirigida por James Mackel, el Visual sigue a Doechii a trav\u00e9s de una serie de circunstancias que intensifican su ansiosa energ\u00eda, desde un fuego de cocina hasta intrusos en el hogar y una mafia flash. &#8220;Ansiedad&#8221; muestras la colaboraci\u00f3n de 2011 de Gotye con Kimbra, &#8220;alguien que sol\u00eda saber&#8221;, y el video incluye un divertido gui\u00f1o a la canci\u00f3n.<\/p>\n<p>&#8220;Ansiety&#8221; es el primer sencillo de Doechii en ingresar al top 10 de Billboard&#8217;s Hot 100. Primero grabado en su habitaci\u00f3n en 2019, &#8220;Ansiedad&#8221; apareci\u00f3 en el mixtape de Doechii en 2020. <em>Sesiones de m\u00fasica de aquelecci\u00f3n<\/em>. El rapero Sleepy Hallow muestre\u00f3 &#8220;Ansiedad&#8221; en su camino del mismo nombre en 2023. La versi\u00f3n original de Doechii apareci\u00f3 en DSP a principios de este a\u00f1o despu\u00e9s de ganar tracci\u00f3n en Tiktok.<\/p>\n<div class=\"uD-YT-container\"><img decoding=\"async\" src=\"https:\/\/web.consaguirre.com.ar\/noticias\/wp-content\/uploads\/2025\/04\/1745282330_184_Doechii-comparte-un-nuevo-video-de-ansiedad.jpg\" alt=\"Video de YouTube\"><br \/>Haga clic para cargar video<\/div>\n<p>En febrero, Doechii gan\u00f3 un premio Grammy al mejor \u00e1lbum de rap para <em>Las bocados de cocodrilo nunca sanan<\/em>convirti\u00e9ndola en la tercera mujer de la historia despu\u00e9s de Lauryn Hill y Cardi B para recibir el honor. El tercer mixtape del rapero presenta el \u00e9xito &#8220;Denial Is A River&#8221;, que Doechii realiz\u00f3 como parte de un popurr\u00ed durante la ceremonia de Grammys. Mackel codirigi\u00f3 un video musical para la canci\u00f3n, que asiente a las comedias de situaci\u00f3n negras cl\u00e1sicas como <em>Family Matters<\/em>.<\/p>\n<p>Inmediatamente despu\u00e9s de los Grammys, <strong>Doechii lanz\u00f3 un nuevo sencillo titulado &#8220;Hemolandas Nose&#8221;.<\/strong> La canci\u00f3n fue escrita especialmente para la ocasi\u00f3n: &#8220;Todos quer\u00edan saber qu\u00e9 har\u00eda Doechii si no ganara&#8221;, dice en la pista. &#8220;Supongo que nunca &#8230;&#8221;.<\/p>\n<p>El 2025 de Doechii ha tenido un comienzo fuerte. <em>Cartelera<\/em> Llamado el rapero de Florida su <strong>2025 Mujer del a\u00f1o<\/strong>. Ahora se une a Lady Gaga y Ariana como la tercera mujer en hacer un seguimiento del Premio Rising Star de la publicaci\u00f3n con una victoria de la Mujer del A\u00f1o. En febrero, Doechii fue nombrado un nuevo artista sobresaliente en los Premios de Imagen NAACP 2025.<\/p>\n<p>.<\/p>\n","protected":false},"excerpt":{"rendered":"<p>Doechii ha compartido un video musical para su \u00faltimo sencillo, &#8220;Ansiety&#8221;. Dirigida por James Mackel, el Visual sigue a Doechii a trav\u00e9s de una serie<\/p>\n","protected":false},"author":1,"featured_media":2461,"comment_status":"closed","ping_status":"","sticky":false,"template":"","format":"standard","meta":{"footnotes":""},"categories":[50],"tags":[2071,201,404,146,202],"class_list":["post-2460","post","type-post","status-publish","format-standard","has-post-thumbnail","hentry","category-el-ultimo","tag-ansiedad","tag-comparte","tag-doechii","tag-nuevo","tag-video","generate-columns","tablet-grid-50","mobile-grid-100","grid-parent","grid-50"],"yoast_head":"<!-- This site is optimized with the Yoast SEO plugin v23.3 - https:\/\/yoast.com\/wordpress\/plugins\/seo\/ -->\n<title>Doechii comparte un nuevo video de &#039;ansiedad&#039;<\/title>\n<meta name=\"robots\" content=\"index, follow, max-snippet:-1, max-image-preview:large, max-video-preview:-1\" \/>\n<link rel=\"canonical\" href=\"https:\/\/web.consaguirre.com.ar\/noticias\/doechii-comparte-un-nuevo-video-de-ansiedad\/\" \/>\n<meta property=\"og:locale\" content=\"es_ES\" \/>\n<meta property=\"og:type\" content=\"article\" \/>\n<meta property=\"og:title\" content=\"Doechii comparte un nuevo video de &#039;ansiedad&#039;\" \/>\n<meta property=\"og:description\" content=\"Doechii ha compartido un video musical para su \u00faltimo sencillo, &#8220;Ansiety&#8221;. Dirigida por James Mackel, el Visual sigue a Doechii a trav\u00e9s de una serie\" \/>\n<meta property=\"og:url\" content=\"https:\/\/web.consaguirre.com.ar\/noticias\/doechii-comparte-un-nuevo-video-de-ansiedad\/\" \/>\n<meta property=\"og:site_name\" content=\"Conservatorio de M\u00fasica Juli\u00e1n Aguirre\" \/>\n<meta property=\"article:published_time\" content=\"2025-04-22T00:38:50+00:00\" \/>\n<meta property=\"og:image\" content=\"https:\/\/web.consaguirre.com.ar\/noticias\/wp-content\/uploads\/2025\/04\/Doechii-comparte-un-nuevo-video-de-ansiedad.jpg\" \/>\n\t<meta property=\"og:image:width\" content=\"1440\" \/>\n\t<meta property=\"og:image:height\" content=\"864\" \/>\n\t<meta property=\"og:image:type\" content=\"image\/jpeg\" \/>\n<meta name=\"author\" content=\"Javier Figueroa\" \/>\n<meta name=\"twitter:card\" content=\"summary_large_image\" \/>\n<meta name=\"twitter:label1\" content=\"Escrito por\" \/>\n\t<meta name=\"twitter:data1\" content=\"Javier Figueroa\" \/>\n\t<meta name=\"twitter:label2\" content=\"Tiempo de lectura\" \/>\n\t<meta name=\"twitter:data2\" content=\"2 minutos\" \/>\n<script type=\"application\/ld+json\" class=\"yoast-schema-graph\">{\"@context\":\"https:\/\/schema.org\",\"@graph\":[{\"@type\":\"Article\",\"@id\":\"https:\/\/web.consaguirre.com.ar\/noticias\/doechii-comparte-un-nuevo-video-de-ansiedad\/#article\",\"isPartOf\":{\"@id\":\"https:\/\/web.consaguirre.com.ar\/noticias\/doechii-comparte-un-nuevo-video-de-ansiedad\/\"},\"author\":{\"name\":\"Javier Figueroa\",\"@id\":\"https:\/\/web.consaguirre.com.ar\/noticias\/#\/schema\/person\/6558b0cfedee7ddc5425602b237d5722\"},\"headline\":\"Doechii comparte un nuevo video de &#8216;ansiedad&#8217;\",\"datePublished\":\"2025-04-22T00:38:50+00:00\",\"dateModified\":\"2025-04-22T00:38:50+00:00\",\"mainEntityOfPage\":{\"@id\":\"https:\/\/web.consaguirre.com.ar\/noticias\/doechii-comparte-un-nuevo-video-de-ansiedad\/\"},\"wordCount\":356,\"publisher\":{\"@id\":\"https:\/\/web.consaguirre.com.ar\/noticias\/#organization\"},\"image\":{\"@id\":\"https:\/\/web.consaguirre.com.ar\/noticias\/doechii-comparte-un-nuevo-video-de-ansiedad\/#primaryimage\"},\"thumbnailUrl\":\"https:\/\/web.consaguirre.com.ar\/noticias\/wp-content\/uploads\/2025\/04\/Doechii-comparte-un-nuevo-video-de-ansiedad.jpg\",\"keywords\":[\"Ansiedad\",\"comparte\",\"Doechii\",\"nuevo\",\"v\u00eddeo\"],\"articleSection\":[\"El \u00faltimo\"],\"inLanguage\":\"es-AR\"},{\"@type\":\"WebPage\",\"@id\":\"https:\/\/web.consaguirre.com.ar\/noticias\/doechii-comparte-un-nuevo-video-de-ansiedad\/\",\"url\":\"https:\/\/web.consaguirre.com.ar\/noticias\/doechii-comparte-un-nuevo-video-de-ansiedad\/\",\"name\":\"Doechii comparte un nuevo video de 'ansiedad'\",\"isPartOf\":{\"@id\":\"https:\/\/web.consaguirre.com.ar\/noticias\/#website\"},\"primaryImageOfPage\":{\"@id\":\"https:\/\/web.consaguirre.com.ar\/noticias\/doechii-comparte-un-nuevo-video-de-ansiedad\/#primaryimage\"},\"image\":{\"@id\":\"https:\/\/web.consaguirre.com.ar\/noticias\/doechii-comparte-un-nuevo-video-de-ansiedad\/#primaryimage\"},\"thumbnailUrl\":\"https:\/\/web.consaguirre.com.ar\/noticias\/wp-content\/uploads\/2025\/04\/Doechii-comparte-un-nuevo-video-de-ansiedad.jpg\",\"datePublished\":\"2025-04-22T00:38:50+00:00\",\"dateModified\":\"2025-04-22T00:38:50+00:00\",\"breadcrumb\":{\"@id\":\"https:\/\/web.consaguirre.com.ar\/noticias\/doechii-comparte-un-nuevo-video-de-ansiedad\/#breadcrumb\"},\"inLanguage\":\"es-AR\",\"potentialAction\":[{\"@type\":\"ReadAction\",\"target\":[\"https:\/\/web.consaguirre.com.ar\/noticias\/doechii-comparte-un-nuevo-video-de-ansiedad\/\"]}]},{\"@type\":\"ImageObject\",\"inLanguage\":\"es-AR\",\"@id\":\"https:\/\/web.consaguirre.com.ar\/noticias\/doechii-comparte-un-nuevo-video-de-ansiedad\/#primaryimage\",\"url\":\"https:\/\/web.consaguirre.com.ar\/noticias\/wp-content\/uploads\/2025\/04\/Doechii-comparte-un-nuevo-video-de-ansiedad.jpg\",\"contentUrl\":\"https:\/\/web.consaguirre.com.ar\/noticias\/wp-content\/uploads\/2025\/04\/Doechii-comparte-un-nuevo-video-de-ansiedad.jpg\",\"width\":1440,\"height\":864,\"caption\":\"Doechii comparte un nuevo video de 'ansiedad'\"},{\"@type\":\"BreadcrumbList\",\"@id\":\"https:\/\/web.consaguirre.com.ar\/noticias\/doechii-comparte-un-nuevo-video-de-ansiedad\/#breadcrumb\",\"itemListElement\":[{\"@type\":\"ListItem\",\"position\":1,\"name\":\"Inicio\",\"item\":\"https:\/\/web.consaguirre.com.ar\/noticias\/\"},{\"@type\":\"ListItem\",\"position\":2,\"name\":\"Doechii comparte un nuevo video de &#8216;ansiedad&#8217;\"}]},{\"@type\":\"WebSite\",\"@id\":\"https:\/\/web.consaguirre.com.ar\/noticias\/#website\",\"url\":\"https:\/\/web.consaguirre.com.ar\/noticias\/\",\"name\":\"Conservatorio de M\u00fasica Juli\u00e1n Aguirre\",\"description\":\"\",\"publisher\":{\"@id\":\"https:\/\/web.consaguirre.com.ar\/noticias\/#organization\"},\"potentialAction\":[{\"@type\":\"SearchAction\",\"target\":{\"@type\":\"EntryPoint\",\"urlTemplate\":\"https:\/\/web.consaguirre.com.ar\/noticias\/?s={search_term_string}\"},\"query-input\":\"required name=search_term_string\"}],\"inLanguage\":\"es-AR\"},{\"@type\":\"Organization\",\"@id\":\"https:\/\/web.consaguirre.com.ar\/noticias\/#organization\",\"name\":\"Conservatorio de M\u00fasica Juli\u00e1n Aguirre\",\"url\":\"https:\/\/web.consaguirre.com.ar\/noticias\/\",\"logo\":{\"@type\":\"ImageObject\",\"inLanguage\":\"es-AR\",\"@id\":\"https:\/\/web.consaguirre.com.ar\/noticias\/#\/schema\/logo\/image\/\",\"url\":\"https:\/\/web.consaguirre.com.ar\/noticias\/wp-content\/uploads\/2024\/08\/Banner-Aguirre-23.jpg\",\"contentUrl\":\"https:\/\/web.consaguirre.com.ar\/noticias\/wp-content\/uploads\/2024\/08\/Banner-Aguirre-23.jpg\",\"width\":1192,\"height\":600,\"caption\":\"Conservatorio de M\u00fasica Juli\u00e1n Aguirre\"},\"image\":{\"@id\":\"https:\/\/web.consaguirre.com.ar\/noticias\/#\/schema\/logo\/image\/\"}},{\"@type\":\"Person\",\"@id\":\"https:\/\/web.consaguirre.com.ar\/noticias\/#\/schema\/person\/6558b0cfedee7ddc5425602b237d5722\",\"name\":\"Javier Figueroa\",\"image\":{\"@type\":\"ImageObject\",\"inLanguage\":\"es-AR\",\"@id\":\"https:\/\/web.consaguirre.com.ar\/noticias\/#\/schema\/person\/image\/\",\"url\":\"https:\/\/web.consaguirre.com.ar\/noticias\/wp-content\/uploads\/2024\/08\/Consaguirre-scaled.jpg\",\"contentUrl\":\"https:\/\/web.consaguirre.com.ar\/noticias\/wp-content\/uploads\/2024\/08\/Consaguirre-scaled.jpg\",\"caption\":\"Javier Figueroa\"},\"description\":\"Me llamo Javier Figueroa y soy redactor para el sitio oficial del Conservatorio de M\u00fasica Juli\u00e1n Aguirre en Buenos Aires, consaguirre.com. Apasionado por la m\u00fasica y la escritura, me esfuerzo por destacar los talentos y eventos de nuestra prestigiosa instituci\u00f3n. Mi trayectoria se nutre de una profunda admiraci\u00f3n por los artistas, haciendo de cada art\u00edculo una celebraci\u00f3n de la creatividad y la cultura musical.\",\"sameAs\":[\"https:\/\/web.consaguirre.com.ar\/noticias\"]}]}<\/script>\n<!-- \/ Yoast SEO plugin. -->","yoast_head_json":{"title":"Doechii comparte un nuevo video de 'ansiedad'","robots":{"index":"index","follow":"follow","max-snippet":"max-snippet:-1","max-image-preview":"max-image-preview:large","max-video-preview":"max-video-preview:-1"},"canonical":"https:\/\/web.consaguirre.com.ar\/noticias\/doechii-comparte-un-nuevo-video-de-ansiedad\/","og_locale":"es_ES","og_type":"article","og_title":"Doechii comparte un nuevo video de 'ansiedad'","og_description":"Doechii ha compartido un video musical para su \u00faltimo sencillo, &#8220;Ansiety&#8221;. Dirigida por James Mackel, el Visual sigue a Doechii a trav\u00e9s de una serie","og_url":"https:\/\/web.consaguirre.com.ar\/noticias\/doechii-comparte-un-nuevo-video-de-ansiedad\/","og_site_name":"Conservatorio de M\u00fasica Juli\u00e1n Aguirre","article_published_time":"2025-04-22T00:38:50+00:00","og_image":[{"width":1440,"height":864,"url":"https:\/\/web.consaguirre.com.ar\/noticias\/wp-content\/uploads\/2025\/04\/Doechii-comparte-un-nuevo-video-de-ansiedad.jpg","type":"image\/jpeg"}],"author":"Javier Figueroa","twitter_card":"summary_large_image","twitter_misc":{"Escrito por":"Javier Figueroa","Tiempo de lectura":"2 minutos"},"schema":{"@context":"https:\/\/schema.org","@graph":[{"@type":"Article","@id":"https:\/\/web.consaguirre.com.ar\/noticias\/doechii-comparte-un-nuevo-video-de-ansiedad\/#article","isPartOf":{"@id":"https:\/\/web.consaguirre.com.ar\/noticias\/doechii-comparte-un-nuevo-video-de-ansiedad\/"},"author":{"name":"Javier Figueroa","@id":"https:\/\/web.consaguirre.com.ar\/noticias\/#\/schema\/person\/6558b0cfedee7ddc5425602b237d5722"},"headline":"Doechii comparte un nuevo video de &#8216;ansiedad&#8217;","datePublished":"2025-04-22T00:38:50+00:00","dateModified":"2025-04-22T00:38:50+00:00","mainEntityOfPage":{"@id":"https:\/\/web.consaguirre.com.ar\/noticias\/doechii-comparte-un-nuevo-video-de-ansiedad\/"},"wordCount":356,"publisher":{"@id":"https:\/\/web.consaguirre.com.ar\/noticias\/#organization"},"image":{"@id":"https:\/\/web.consaguirre.com.ar\/noticias\/doechii-comparte-un-nuevo-video-de-ansiedad\/#primaryimage"},"thumbnailUrl":"https:\/\/web.consaguirre.com.ar\/noticias\/wp-content\/uploads\/2025\/04\/Doechii-comparte-un-nuevo-video-de-ansiedad.jpg","keywords":["Ansiedad","comparte","Doechii","nuevo","v\u00eddeo"],"articleSection":["El \u00faltimo"],"inLanguage":"es-AR"},{"@type":"WebPage","@id":"https:\/\/web.consaguirre.com.ar\/noticias\/doechii-comparte-un-nuevo-video-de-ansiedad\/","url":"https:\/\/web.consaguirre.com.ar\/noticias\/doechii-comparte-un-nuevo-video-de-ansiedad\/","name":"Doechii comparte un nuevo video de 'ansiedad'","isPartOf":{"@id":"https:\/\/web.consaguirre.com.ar\/noticias\/#website"},"primaryImageOfPage":{"@id":"https:\/\/web.consaguirre.com.ar\/noticias\/doechii-comparte-un-nuevo-video-de-ansiedad\/#primaryimage"},"image":{"@id":"https:\/\/web.consaguirre.com.ar\/noticias\/doechii-comparte-un-nuevo-video-de-ansiedad\/#primaryimage"},"thumbnailUrl":"https:\/\/web.consaguirre.com.ar\/noticias\/wp-content\/uploads\/2025\/04\/Doechii-comparte-un-nuevo-video-de-ansiedad.jpg","datePublished":"2025-04-22T00:38:50+00:00","dateModified":"2025-04-22T00:38:50+00:00","breadcrumb":{"@id":"https:\/\/web.consaguirre.com.ar\/noticias\/doechii-comparte-un-nuevo-video-de-ansiedad\/#breadcrumb"},"inLanguage":"es-AR","potentialAction":[{"@type":"ReadAction","target":["https:\/\/web.consaguirre.com.ar\/noticias\/doechii-comparte-un-nuevo-video-de-ansiedad\/"]}]},{"@type":"ImageObject","inLanguage":"es-AR","@id":"https:\/\/web.consaguirre.com.ar\/noticias\/doechii-comparte-un-nuevo-video-de-ansiedad\/#primaryimage","url":"https:\/\/web.consaguirre.com.ar\/noticias\/wp-content\/uploads\/2025\/04\/Doechii-comparte-un-nuevo-video-de-ansiedad.jpg","contentUrl":"https:\/\/web.consaguirre.com.ar\/noticias\/wp-content\/uploads\/2025\/04\/Doechii-comparte-un-nuevo-video-de-ansiedad.jpg","width":1440,"height":864,"caption":"Doechii comparte un nuevo video de 'ansiedad'"},{"@type":"BreadcrumbList","@id":"https:\/\/web.consaguirre.com.ar\/noticias\/doechii-comparte-un-nuevo-video-de-ansiedad\/#breadcrumb","itemListElement":[{"@type":"ListItem","position":1,"name":"Inicio","item":"https:\/\/web.consaguirre.com.ar\/noticias\/"},{"@type":"ListItem","position":2,"name":"Doechii comparte un nuevo video de &#8216;ansiedad&#8217;"}]},{"@type":"WebSite","@id":"https:\/\/web.consaguirre.com.ar\/noticias\/#website","url":"https:\/\/web.consaguirre.com.ar\/noticias\/","name":"Conservatorio de M\u00fasica Juli\u00e1n Aguirre","description":"","publisher":{"@id":"https:\/\/web.consaguirre.com.ar\/noticias\/#organization"},"potentialAction":[{"@type":"SearchAction","target":{"@type":"EntryPoint","urlTemplate":"https:\/\/web.consaguirre.com.ar\/noticias\/?s={search_term_string}"},"query-input":"required name=search_term_string"}],"inLanguage":"es-AR"},{"@type":"Organization","@id":"https:\/\/web.consaguirre.com.ar\/noticias\/#organization","name":"Conservatorio de M\u00fasica Juli\u00e1n Aguirre","url":"https:\/\/web.consaguirre.com.ar\/noticias\/","logo":{"@type":"ImageObject","inLanguage":"es-AR","@id":"https:\/\/web.consaguirre.com.ar\/noticias\/#\/schema\/logo\/image\/","url":"https:\/\/web.consaguirre.com.ar\/noticias\/wp-content\/uploads\/2024\/08\/Banner-Aguirre-23.jpg","contentUrl":"https:\/\/web.consaguirre.com.ar\/noticias\/wp-content\/uploads\/2024\/08\/Banner-Aguirre-23.jpg","width":1192,"height":600,"caption":"Conservatorio de M\u00fasica Juli\u00e1n Aguirre"},"image":{"@id":"https:\/\/web.consaguirre.com.ar\/noticias\/#\/schema\/logo\/image\/"}},{"@type":"Person","@id":"https:\/\/web.consaguirre.com.ar\/noticias\/#\/schema\/person\/6558b0cfedee7ddc5425602b237d5722","name":"Javier Figueroa","image":{"@type":"ImageObject","inLanguage":"es-AR","@id":"https:\/\/web.consaguirre.com.ar\/noticias\/#\/schema\/person\/image\/","url":"https:\/\/web.consaguirre.com.ar\/noticias\/wp-content\/uploads\/2024\/08\/Consaguirre-scaled.jpg","contentUrl":"https:\/\/web.consaguirre.com.ar\/noticias\/wp-content\/uploads\/2024\/08\/Consaguirre-scaled.jpg","caption":"Javier Figueroa"},"description":"Me llamo Javier Figueroa y soy redactor para el sitio oficial del Conservatorio de M\u00fasica Juli\u00e1n Aguirre en Buenos Aires, consaguirre.com. Apasionado por la m\u00fasica y la escritura, me esfuerzo por destacar los talentos y eventos de nuestra prestigiosa instituci\u00f3n. Mi trayectoria se nutre de una profunda admiraci\u00f3n por los artistas, haciendo de cada art\u00edculo una celebraci\u00f3n de la creatividad y la cultura musical.","sameAs":["https:\/\/web.consaguirre.com.ar\/noticias"]}]}},"_links":{"self":[{"href":"https:\/\/web.consaguirre.com.ar\/noticias\/wp-json\/wp\/v2\/posts\/2460"}],"collection":[{"href":"https:\/\/web.consaguirre.com.ar\/noticias\/wp-json\/wp\/v2\/posts"}],"about":[{"href":"https:\/\/web.consaguirre.com.ar\/noticias\/wp-json\/wp\/v2\/types\/post"}],"author":[{"embeddable":true,"href":"https:\/\/web.consaguirre.com.ar\/noticias\/wp-json\/wp\/v2\/users\/1"}],"replies":[{"embeddable":true,"href":"https:\/\/web.consaguirre.com.ar\/noticias\/wp-json\/wp\/v2\/comments?post=2460"}],"version-history":[{"count":1,"href":"https:\/\/web.consaguirre.com.ar\/noticias\/wp-json\/wp\/v2\/posts\/2460\/revisions"}],"predecessor-version":[{"id":2462,"href":"https:\/\/web.consaguirre.com.ar\/noticias\/wp-json\/wp\/v2\/posts\/2460\/revisions\/2462"}],"wp:featuredmedia":[{"embeddable":true,"href":"https:\/\/web.consaguirre.com.ar\/noticias\/wp-json\/wp\/v2\/media\/2461"}],"wp:attachment":[{"href":"https:\/\/web.consaguirre.com.ar\/noticias\/wp-json\/wp\/v2\/media?parent=2460"}],"wp:term":[{"taxonomy":"category","embeddable":true,"href":"https:\/\/web.consaguirre.com.ar\/noticias\/wp-json\/wp\/v2\/categories?post=2460"},{"taxonomy":"post_tag","embeddable":true,"href":"https:\/\/web.consaguirre.com.ar\/noticias\/wp-json\/wp\/v2\/tags?post=2460"}],"curies":[{"name":"wp","href":"https:\/\/api.w.org\/{rel}","templated":true}]}}