{"id":2457,"date":"2025-04-21T18:44:19","date_gmt":"2025-04-21T21:44:19","guid":{"rendered":"https:\/\/web.consaguirre.com.ar\/noticias\/figura-8-deluxe-edition-de-elliott-smith-recibe-el-lanzamiento-de-vinilo\/"},"modified":"2025-04-21T18:44:20","modified_gmt":"2025-04-21T21:44:20","slug":"figura-8-deluxe-edition-de-elliott-smith-recibe-el-lanzamiento-de-vinilo","status":"publish","type":"post","link":"https:\/\/web.consaguirre.com.ar\/noticias\/figura-8-deluxe-edition-de-elliott-smith-recibe-el-lanzamiento-de-vinilo\/","title":{"rendered":"&#8216;Figura 8 (Deluxe Edition)&#8217; de Elliott Smith recibe el lanzamiento de vinilo"},"content":{"rendered":"<p>Una edici\u00f3n de lujo de <strong>Elliott Smith<\/strong>&#8216;s <em>Figura 8<\/em> Llegar\u00e1 a Vinyl por primera vez antes de su 25 aniversario. Esta edici\u00f3n del quinto y \u00faltimo \u00e1lbum de Smith se ha ampliado para incluir todos los lados B, ac\u00fasticas en solitario y pistas de versi\u00f3n alternativas que se lanzaron en varios singles, promociones y ediciones internacionales. <em>Figura 8 (edici\u00f3n de lujo)<\/em> fue lanzado por primera vez como exclusiva digital en 2019 para conmemorar lo que habr\u00eda sido el cumplea\u00f1os n\u00famero 50 de Smith.<\/p>\n<p>La primera edici\u00f3n de vinilo presenta el \u00e1lbum presentado en el &#8220;vinilo mural de la Figura 8 de la Figura 8&#8221; de 45 rpm de 45 rpm de color blanco y rojo como un gui\u00f1o al famoso mural de Los \u00c1ngeles que Smith plantea frente a la portada del \u00e1lbum. La lista de canciones original se extiende a trav\u00e9s de dos LP, mientras que un tercer LP incluye siete pistas de bonificaci\u00f3n, seis de las cuales est\u00e1n haciendo su debut en vinilo. Justin Perkins ha dominado el audio para el vinilo en Mystery Room Mastering con lacas cortadas por Ryan Smith en Sterling Sound. Esta edici\u00f3n especial del 25 aniversario del 25 aniversario se alojar\u00e1 en una manga triple y este exclusivo colorway de vinilo est\u00e1 limitado a 3.000 copias a nivel mundial. Est\u00e1 disponible exclusivamente a trav\u00e9s de interscope.com y se env\u00eda alrededor del 6 de junio.<\/p>\n<div class=\"uD-YT-container\"><img decoding=\"async\" src=\"https:\/\/web.consaguirre.com.ar\/noticias\/wp-content\/uploads\/2025\/04\/1745271859_80_Figura-8-Deluxe-Edition-de-Elliott-Smith-recibe-el-lanzamiento.jpg\" alt=\"Video de YouTube\"><br \/>Haga clic para cargar video<\/div>\n<p>Las pistas de bonificaci\u00f3n incluyen la portada titular de la <em>Roca de la casa de la escuela<\/em> Classic, escrito por Bob Dorough y lanzado como un lado B en el sencillo del Reino Unido &#8220;Son of Sam&#8221; junto con la gema rollicking &#8220;A Living Will&#8221;. Tres canciones de la rara promoci\u00f3n francesa <em>3 t\u00edtulos inedits<\/em> est\u00e1n incluidos: &#8220;No puedo responderte m\u00e1s&#8221;, &#8220;Pretty Mary K (versi\u00f3n alternativa)&#8221; y &#8220;Felicidad (ac\u00fastica)&#8221;. Se presenta una versi\u00f3n ac\u00fastica de &#8220;Son of Sam&#8221;, al igual que la portada de Smith de los &#8220;porque&#8221; de los Beatles, que apareci\u00f3 en la pel\u00edcula <em>Belleza americana<\/em> y en su banda sonora, e incluida en la edici\u00f3n japonesa de <em>Figura 8<\/em>.<\/p>\n<p>Elliott Smith hizo lo ambicioso y ornamentado <em>Figura 8<\/em> A ra\u00edz del \u00e9xito de su debut en el sello principal, 1998 <em>Xo<\/em>. Smith se asoci\u00f3 nuevamente con los productores Rob Schnapf y Tom Rothrock y grab\u00f3 en varios estudios, incluidos Sunset Sound y Capitol Studios en Los \u00c1ngeles. Smith tambi\u00e9n trabaj\u00f3 en Abbey Road Studios de Londres, donde us\u00f3 el piano que los Beatles sol\u00edan grabar &#8220;Fool on the Hill&#8221;. <em>Figura 8<\/em> fue lanzado el 18 de abril de 2000 en DreamWorks.<\/p>\n<p><b>Comprar elliott smith&#8217;s <em>Figura 8 (edici\u00f3n de lujo)<\/em> en vinilo ahora.<\/b><\/p>\n","protected":false},"excerpt":{"rendered":"<p>Una edici\u00f3n de lujo de Elliott Smith&#8216;s Figura 8 Llegar\u00e1 a Vinyl por primera vez antes de su 25 aniversario. Esta edici\u00f3n del quinto y<\/p>\n","protected":false},"author":1,"featured_media":2458,"comment_status":"closed","ping_status":"","sticky":false,"template":"","format":"standard","meta":{"footnotes":""},"categories":[50],"tags":[547,85,548,2372,237,177,520,87],"class_list":["post-2457","post","type-post","status-publish","format-standard","has-post-thumbnail","hentry","category-el-ultimo","tag-deluxe","tag-edition","tag-elliott","tag-figura","tag-lanzamiento","tag-recibe","tag-smith","tag-vinilo","generate-columns","tablet-grid-50","mobile-grid-100","grid-parent","grid-50"],"yoast_head":"<!-- This site is optimized with the Yoast SEO plugin v23.3 - https:\/\/yoast.com\/wordpress\/plugins\/seo\/ -->\n<title>&#039;Figura 8 (Deluxe Edition)&#039; de Elliott Smith recibe el lanzamiento de vinilo<\/title>\n<meta name=\"robots\" content=\"index, follow, max-snippet:-1, max-image-preview:large, max-video-preview:-1\" \/>\n<link rel=\"canonical\" href=\"https:\/\/web.consaguirre.com.ar\/noticias\/figura-8-deluxe-edition-de-elliott-smith-recibe-el-lanzamiento-de-vinilo\/\" \/>\n<meta property=\"og:locale\" content=\"es_ES\" \/>\n<meta property=\"og:type\" content=\"article\" \/>\n<meta property=\"og:title\" content=\"&#039;Figura 8 (Deluxe Edition)&#039; de Elliott Smith recibe el lanzamiento de vinilo\" \/>\n<meta property=\"og:description\" content=\"Una edici\u00f3n de lujo de Elliott Smith&#8216;s Figura 8 Llegar\u00e1 a Vinyl por primera vez antes de su 25 aniversario. Esta edici\u00f3n del quinto y\" \/>\n<meta property=\"og:url\" content=\"https:\/\/web.consaguirre.com.ar\/noticias\/figura-8-deluxe-edition-de-elliott-smith-recibe-el-lanzamiento-de-vinilo\/\" \/>\n<meta property=\"og:site_name\" content=\"Conservatorio de M\u00fasica Juli\u00e1n Aguirre\" \/>\n<meta property=\"article:published_time\" content=\"2025-04-21T21:44:19+00:00\" \/>\n<meta property=\"article:modified_time\" content=\"2025-04-21T21:44:20+00:00\" \/>\n<meta property=\"og:image\" content=\"https:\/\/web.consaguirre.com.ar\/noticias\/wp-content\/uploads\/2025\/04\/Figura-8-Deluxe-Edition-de-Elliott-Smith-recibe-el-lanzamiento.jpg\" \/>\n\t<meta property=\"og:image:width\" content=\"1280\" \/>\n\t<meta property=\"og:image:height\" content=\"1280\" \/>\n\t<meta property=\"og:image:type\" content=\"image\/jpeg\" \/>\n<meta name=\"author\" content=\"Javier Figueroa\" \/>\n<meta name=\"twitter:card\" content=\"summary_large_image\" \/>\n<meta name=\"twitter:label1\" content=\"Escrito por\" \/>\n\t<meta name=\"twitter:data1\" content=\"Javier Figueroa\" \/>\n\t<meta name=\"twitter:label2\" content=\"Tiempo de lectura\" \/>\n\t<meta name=\"twitter:data2\" content=\"2 minutos\" \/>\n<script type=\"application\/ld+json\" class=\"yoast-schema-graph\">{\"@context\":\"https:\/\/schema.org\",\"@graph\":[{\"@type\":\"Article\",\"@id\":\"https:\/\/web.consaguirre.com.ar\/noticias\/figura-8-deluxe-edition-de-elliott-smith-recibe-el-lanzamiento-de-vinilo\/#article\",\"isPartOf\":{\"@id\":\"https:\/\/web.consaguirre.com.ar\/noticias\/figura-8-deluxe-edition-de-elliott-smith-recibe-el-lanzamiento-de-vinilo\/\"},\"author\":{\"name\":\"Javier Figueroa\",\"@id\":\"https:\/\/web.consaguirre.com.ar\/noticias\/#\/schema\/person\/6558b0cfedee7ddc5425602b237d5722\"},\"headline\":\"&#8216;Figura 8 (Deluxe Edition)&#8217; de Elliott Smith recibe el lanzamiento de vinilo\",\"datePublished\":\"2025-04-21T21:44:19+00:00\",\"dateModified\":\"2025-04-21T21:44:20+00:00\",\"mainEntityOfPage\":{\"@id\":\"https:\/\/web.consaguirre.com.ar\/noticias\/figura-8-deluxe-edition-de-elliott-smith-recibe-el-lanzamiento-de-vinilo\/\"},\"wordCount\":465,\"publisher\":{\"@id\":\"https:\/\/web.consaguirre.com.ar\/noticias\/#organization\"},\"image\":{\"@id\":\"https:\/\/web.consaguirre.com.ar\/noticias\/figura-8-deluxe-edition-de-elliott-smith-recibe-el-lanzamiento-de-vinilo\/#primaryimage\"},\"thumbnailUrl\":\"https:\/\/web.consaguirre.com.ar\/noticias\/wp-content\/uploads\/2025\/04\/Figura-8-Deluxe-Edition-de-Elliott-Smith-recibe-el-lanzamiento.jpg\",\"keywords\":[\"Deluxe\",\"Edition\",\"Elliott\",\"Figura\",\"lanzamiento\",\"recibe\",\"Smith\",\"vinilo\"],\"articleSection\":[\"El \u00faltimo\"],\"inLanguage\":\"es-AR\"},{\"@type\":\"WebPage\",\"@id\":\"https:\/\/web.consaguirre.com.ar\/noticias\/figura-8-deluxe-edition-de-elliott-smith-recibe-el-lanzamiento-de-vinilo\/\",\"url\":\"https:\/\/web.consaguirre.com.ar\/noticias\/figura-8-deluxe-edition-de-elliott-smith-recibe-el-lanzamiento-de-vinilo\/\",\"name\":\"'Figura 8 (Deluxe Edition)' de Elliott Smith recibe el lanzamiento de vinilo\",\"isPartOf\":{\"@id\":\"https:\/\/web.consaguirre.com.ar\/noticias\/#website\"},\"primaryImageOfPage\":{\"@id\":\"https:\/\/web.consaguirre.com.ar\/noticias\/figura-8-deluxe-edition-de-elliott-smith-recibe-el-lanzamiento-de-vinilo\/#primaryimage\"},\"image\":{\"@id\":\"https:\/\/web.consaguirre.com.ar\/noticias\/figura-8-deluxe-edition-de-elliott-smith-recibe-el-lanzamiento-de-vinilo\/#primaryimage\"},\"thumbnailUrl\":\"https:\/\/web.consaguirre.com.ar\/noticias\/wp-content\/uploads\/2025\/04\/Figura-8-Deluxe-Edition-de-Elliott-Smith-recibe-el-lanzamiento.jpg\",\"datePublished\":\"2025-04-21T21:44:19+00:00\",\"dateModified\":\"2025-04-21T21:44:20+00:00\",\"breadcrumb\":{\"@id\":\"https:\/\/web.consaguirre.com.ar\/noticias\/figura-8-deluxe-edition-de-elliott-smith-recibe-el-lanzamiento-de-vinilo\/#breadcrumb\"},\"inLanguage\":\"es-AR\",\"potentialAction\":[{\"@type\":\"ReadAction\",\"target\":[\"https:\/\/web.consaguirre.com.ar\/noticias\/figura-8-deluxe-edition-de-elliott-smith-recibe-el-lanzamiento-de-vinilo\/\"]}]},{\"@type\":\"ImageObject\",\"inLanguage\":\"es-AR\",\"@id\":\"https:\/\/web.consaguirre.com.ar\/noticias\/figura-8-deluxe-edition-de-elliott-smith-recibe-el-lanzamiento-de-vinilo\/#primaryimage\",\"url\":\"https:\/\/web.consaguirre.com.ar\/noticias\/wp-content\/uploads\/2025\/04\/Figura-8-Deluxe-Edition-de-Elliott-Smith-recibe-el-lanzamiento.jpg\",\"contentUrl\":\"https:\/\/web.consaguirre.com.ar\/noticias\/wp-content\/uploads\/2025\/04\/Figura-8-Deluxe-Edition-de-Elliott-Smith-recibe-el-lanzamiento.jpg\",\"width\":1280,\"height\":1280,\"caption\":\"'Figura 8 (Deluxe Edition)' de Elliott Smith recibe el lanzamiento de vinilo\"},{\"@type\":\"BreadcrumbList\",\"@id\":\"https:\/\/web.consaguirre.com.ar\/noticias\/figura-8-deluxe-edition-de-elliott-smith-recibe-el-lanzamiento-de-vinilo\/#breadcrumb\",\"itemListElement\":[{\"@type\":\"ListItem\",\"position\":1,\"name\":\"Inicio\",\"item\":\"https:\/\/web.consaguirre.com.ar\/noticias\/\"},{\"@type\":\"ListItem\",\"position\":2,\"name\":\"&#8216;Figura 8 (Deluxe Edition)&#8217; de Elliott Smith recibe el lanzamiento de vinilo\"}]},{\"@type\":\"WebSite\",\"@id\":\"https:\/\/web.consaguirre.com.ar\/noticias\/#website\",\"url\":\"https:\/\/web.consaguirre.com.ar\/noticias\/\",\"name\":\"Conservatorio de M\u00fasica Juli\u00e1n Aguirre\",\"description\":\"\",\"publisher\":{\"@id\":\"https:\/\/web.consaguirre.com.ar\/noticias\/#organization\"},\"potentialAction\":[{\"@type\":\"SearchAction\",\"target\":{\"@type\":\"EntryPoint\",\"urlTemplate\":\"https:\/\/web.consaguirre.com.ar\/noticias\/?s={search_term_string}\"},\"query-input\":\"required name=search_term_string\"}],\"inLanguage\":\"es-AR\"},{\"@type\":\"Organization\",\"@id\":\"https:\/\/web.consaguirre.com.ar\/noticias\/#organization\",\"name\":\"Conservatorio de M\u00fasica Juli\u00e1n Aguirre\",\"url\":\"https:\/\/web.consaguirre.com.ar\/noticias\/\",\"logo\":{\"@type\":\"ImageObject\",\"inLanguage\":\"es-AR\",\"@id\":\"https:\/\/web.consaguirre.com.ar\/noticias\/#\/schema\/logo\/image\/\",\"url\":\"https:\/\/web.consaguirre.com.ar\/noticias\/wp-content\/uploads\/2024\/08\/Banner-Aguirre-23.jpg\",\"contentUrl\":\"https:\/\/web.consaguirre.com.ar\/noticias\/wp-content\/uploads\/2024\/08\/Banner-Aguirre-23.jpg\",\"width\":1192,\"height\":600,\"caption\":\"Conservatorio de M\u00fasica Juli\u00e1n Aguirre\"},\"image\":{\"@id\":\"https:\/\/web.consaguirre.com.ar\/noticias\/#\/schema\/logo\/image\/\"}},{\"@type\":\"Person\",\"@id\":\"https:\/\/web.consaguirre.com.ar\/noticias\/#\/schema\/person\/6558b0cfedee7ddc5425602b237d5722\",\"name\":\"Javier Figueroa\",\"image\":{\"@type\":\"ImageObject\",\"inLanguage\":\"es-AR\",\"@id\":\"https:\/\/web.consaguirre.com.ar\/noticias\/#\/schema\/person\/image\/\",\"url\":\"https:\/\/web.consaguirre.com.ar\/noticias\/wp-content\/uploads\/2024\/08\/Consaguirre-scaled.jpg\",\"contentUrl\":\"https:\/\/web.consaguirre.com.ar\/noticias\/wp-content\/uploads\/2024\/08\/Consaguirre-scaled.jpg\",\"caption\":\"Javier Figueroa\"},\"description\":\"Me llamo Javier Figueroa y soy redactor para el sitio oficial del Conservatorio de M\u00fasica Juli\u00e1n Aguirre en Buenos Aires, consaguirre.com. Apasionado por la m\u00fasica y la escritura, me esfuerzo por destacar los talentos y eventos de nuestra prestigiosa instituci\u00f3n. Mi trayectoria se nutre de una profunda admiraci\u00f3n por los artistas, haciendo de cada art\u00edculo una celebraci\u00f3n de la creatividad y la cultura musical.\",\"sameAs\":[\"https:\/\/web.consaguirre.com.ar\/noticias\"]}]}<\/script>\n<!-- \/ Yoast SEO plugin. -->","yoast_head_json":{"title":"'Figura 8 (Deluxe Edition)' de Elliott Smith recibe el lanzamiento de vinilo","robots":{"index":"index","follow":"follow","max-snippet":"max-snippet:-1","max-image-preview":"max-image-preview:large","max-video-preview":"max-video-preview:-1"},"canonical":"https:\/\/web.consaguirre.com.ar\/noticias\/figura-8-deluxe-edition-de-elliott-smith-recibe-el-lanzamiento-de-vinilo\/","og_locale":"es_ES","og_type":"article","og_title":"'Figura 8 (Deluxe Edition)' de Elliott Smith recibe el lanzamiento de vinilo","og_description":"Una edici\u00f3n de lujo de Elliott Smith&#8216;s Figura 8 Llegar\u00e1 a Vinyl por primera vez antes de su 25 aniversario. Esta edici\u00f3n del quinto y","og_url":"https:\/\/web.consaguirre.com.ar\/noticias\/figura-8-deluxe-edition-de-elliott-smith-recibe-el-lanzamiento-de-vinilo\/","og_site_name":"Conservatorio de M\u00fasica Juli\u00e1n Aguirre","article_published_time":"2025-04-21T21:44:19+00:00","article_modified_time":"2025-04-21T21:44:20+00:00","og_image":[{"width":1280,"height":1280,"url":"https:\/\/web.consaguirre.com.ar\/noticias\/wp-content\/uploads\/2025\/04\/Figura-8-Deluxe-Edition-de-Elliott-Smith-recibe-el-lanzamiento.jpg","type":"image\/jpeg"}],"author":"Javier Figueroa","twitter_card":"summary_large_image","twitter_misc":{"Escrito por":"Javier Figueroa","Tiempo de lectura":"2 minutos"},"schema":{"@context":"https:\/\/schema.org","@graph":[{"@type":"Article","@id":"https:\/\/web.consaguirre.com.ar\/noticias\/figura-8-deluxe-edition-de-elliott-smith-recibe-el-lanzamiento-de-vinilo\/#article","isPartOf":{"@id":"https:\/\/web.consaguirre.com.ar\/noticias\/figura-8-deluxe-edition-de-elliott-smith-recibe-el-lanzamiento-de-vinilo\/"},"author":{"name":"Javier Figueroa","@id":"https:\/\/web.consaguirre.com.ar\/noticias\/#\/schema\/person\/6558b0cfedee7ddc5425602b237d5722"},"headline":"&#8216;Figura 8 (Deluxe Edition)&#8217; de Elliott Smith recibe el lanzamiento de vinilo","datePublished":"2025-04-21T21:44:19+00:00","dateModified":"2025-04-21T21:44:20+00:00","mainEntityOfPage":{"@id":"https:\/\/web.consaguirre.com.ar\/noticias\/figura-8-deluxe-edition-de-elliott-smith-recibe-el-lanzamiento-de-vinilo\/"},"wordCount":465,"publisher":{"@id":"https:\/\/web.consaguirre.com.ar\/noticias\/#organization"},"image":{"@id":"https:\/\/web.consaguirre.com.ar\/noticias\/figura-8-deluxe-edition-de-elliott-smith-recibe-el-lanzamiento-de-vinilo\/#primaryimage"},"thumbnailUrl":"https:\/\/web.consaguirre.com.ar\/noticias\/wp-content\/uploads\/2025\/04\/Figura-8-Deluxe-Edition-de-Elliott-Smith-recibe-el-lanzamiento.jpg","keywords":["Deluxe","Edition","Elliott","Figura","lanzamiento","recibe","Smith","vinilo"],"articleSection":["El \u00faltimo"],"inLanguage":"es-AR"},{"@type":"WebPage","@id":"https:\/\/web.consaguirre.com.ar\/noticias\/figura-8-deluxe-edition-de-elliott-smith-recibe-el-lanzamiento-de-vinilo\/","url":"https:\/\/web.consaguirre.com.ar\/noticias\/figura-8-deluxe-edition-de-elliott-smith-recibe-el-lanzamiento-de-vinilo\/","name":"'Figura 8 (Deluxe Edition)' de Elliott Smith recibe el lanzamiento de vinilo","isPartOf":{"@id":"https:\/\/web.consaguirre.com.ar\/noticias\/#website"},"primaryImageOfPage":{"@id":"https:\/\/web.consaguirre.com.ar\/noticias\/figura-8-deluxe-edition-de-elliott-smith-recibe-el-lanzamiento-de-vinilo\/#primaryimage"},"image":{"@id":"https:\/\/web.consaguirre.com.ar\/noticias\/figura-8-deluxe-edition-de-elliott-smith-recibe-el-lanzamiento-de-vinilo\/#primaryimage"},"thumbnailUrl":"https:\/\/web.consaguirre.com.ar\/noticias\/wp-content\/uploads\/2025\/04\/Figura-8-Deluxe-Edition-de-Elliott-Smith-recibe-el-lanzamiento.jpg","datePublished":"2025-04-21T21:44:19+00:00","dateModified":"2025-04-21T21:44:20+00:00","breadcrumb":{"@id":"https:\/\/web.consaguirre.com.ar\/noticias\/figura-8-deluxe-edition-de-elliott-smith-recibe-el-lanzamiento-de-vinilo\/#breadcrumb"},"inLanguage":"es-AR","potentialAction":[{"@type":"ReadAction","target":["https:\/\/web.consaguirre.com.ar\/noticias\/figura-8-deluxe-edition-de-elliott-smith-recibe-el-lanzamiento-de-vinilo\/"]}]},{"@type":"ImageObject","inLanguage":"es-AR","@id":"https:\/\/web.consaguirre.com.ar\/noticias\/figura-8-deluxe-edition-de-elliott-smith-recibe-el-lanzamiento-de-vinilo\/#primaryimage","url":"https:\/\/web.consaguirre.com.ar\/noticias\/wp-content\/uploads\/2025\/04\/Figura-8-Deluxe-Edition-de-Elliott-Smith-recibe-el-lanzamiento.jpg","contentUrl":"https:\/\/web.consaguirre.com.ar\/noticias\/wp-content\/uploads\/2025\/04\/Figura-8-Deluxe-Edition-de-Elliott-Smith-recibe-el-lanzamiento.jpg","width":1280,"height":1280,"caption":"'Figura 8 (Deluxe Edition)' de Elliott Smith recibe el lanzamiento de vinilo"},{"@type":"BreadcrumbList","@id":"https:\/\/web.consaguirre.com.ar\/noticias\/figura-8-deluxe-edition-de-elliott-smith-recibe-el-lanzamiento-de-vinilo\/#breadcrumb","itemListElement":[{"@type":"ListItem","position":1,"name":"Inicio","item":"https:\/\/web.consaguirre.com.ar\/noticias\/"},{"@type":"ListItem","position":2,"name":"&#8216;Figura 8 (Deluxe Edition)&#8217; de Elliott Smith recibe el lanzamiento de vinilo"}]},{"@type":"WebSite","@id":"https:\/\/web.consaguirre.com.ar\/noticias\/#website","url":"https:\/\/web.consaguirre.com.ar\/noticias\/","name":"Conservatorio de M\u00fasica Juli\u00e1n Aguirre","description":"","publisher":{"@id":"https:\/\/web.consaguirre.com.ar\/noticias\/#organization"},"potentialAction":[{"@type":"SearchAction","target":{"@type":"EntryPoint","urlTemplate":"https:\/\/web.consaguirre.com.ar\/noticias\/?s={search_term_string}"},"query-input":"required name=search_term_string"}],"inLanguage":"es-AR"},{"@type":"Organization","@id":"https:\/\/web.consaguirre.com.ar\/noticias\/#organization","name":"Conservatorio de M\u00fasica Juli\u00e1n Aguirre","url":"https:\/\/web.consaguirre.com.ar\/noticias\/","logo":{"@type":"ImageObject","inLanguage":"es-AR","@id":"https:\/\/web.consaguirre.com.ar\/noticias\/#\/schema\/logo\/image\/","url":"https:\/\/web.consaguirre.com.ar\/noticias\/wp-content\/uploads\/2024\/08\/Banner-Aguirre-23.jpg","contentUrl":"https:\/\/web.consaguirre.com.ar\/noticias\/wp-content\/uploads\/2024\/08\/Banner-Aguirre-23.jpg","width":1192,"height":600,"caption":"Conservatorio de M\u00fasica Juli\u00e1n Aguirre"},"image":{"@id":"https:\/\/web.consaguirre.com.ar\/noticias\/#\/schema\/logo\/image\/"}},{"@type":"Person","@id":"https:\/\/web.consaguirre.com.ar\/noticias\/#\/schema\/person\/6558b0cfedee7ddc5425602b237d5722","name":"Javier Figueroa","image":{"@type":"ImageObject","inLanguage":"es-AR","@id":"https:\/\/web.consaguirre.com.ar\/noticias\/#\/schema\/person\/image\/","url":"https:\/\/web.consaguirre.com.ar\/noticias\/wp-content\/uploads\/2024\/08\/Consaguirre-scaled.jpg","contentUrl":"https:\/\/web.consaguirre.com.ar\/noticias\/wp-content\/uploads\/2024\/08\/Consaguirre-scaled.jpg","caption":"Javier Figueroa"},"description":"Me llamo Javier Figueroa y soy redactor para el sitio oficial del Conservatorio de M\u00fasica Juli\u00e1n Aguirre en Buenos Aires, consaguirre.com. Apasionado por la m\u00fasica y la escritura, me esfuerzo por destacar los talentos y eventos de nuestra prestigiosa instituci\u00f3n. Mi trayectoria se nutre de una profunda admiraci\u00f3n por los artistas, haciendo de cada art\u00edculo una celebraci\u00f3n de la creatividad y la cultura musical.","sameAs":["https:\/\/web.consaguirre.com.ar\/noticias"]}]}},"_links":{"self":[{"href":"https:\/\/web.consaguirre.com.ar\/noticias\/wp-json\/wp\/v2\/posts\/2457"}],"collection":[{"href":"https:\/\/web.consaguirre.com.ar\/noticias\/wp-json\/wp\/v2\/posts"}],"about":[{"href":"https:\/\/web.consaguirre.com.ar\/noticias\/wp-json\/wp\/v2\/types\/post"}],"author":[{"embeddable":true,"href":"https:\/\/web.consaguirre.com.ar\/noticias\/wp-json\/wp\/v2\/users\/1"}],"replies":[{"embeddable":true,"href":"https:\/\/web.consaguirre.com.ar\/noticias\/wp-json\/wp\/v2\/comments?post=2457"}],"version-history":[{"count":1,"href":"https:\/\/web.consaguirre.com.ar\/noticias\/wp-json\/wp\/v2\/posts\/2457\/revisions"}],"predecessor-version":[{"id":2459,"href":"https:\/\/web.consaguirre.com.ar\/noticias\/wp-json\/wp\/v2\/posts\/2457\/revisions\/2459"}],"wp:featuredmedia":[{"embeddable":true,"href":"https:\/\/web.consaguirre.com.ar\/noticias\/wp-json\/wp\/v2\/media\/2458"}],"wp:attachment":[{"href":"https:\/\/web.consaguirre.com.ar\/noticias\/wp-json\/wp\/v2\/media?parent=2457"}],"wp:term":[{"taxonomy":"category","embeddable":true,"href":"https:\/\/web.consaguirre.com.ar\/noticias\/wp-json\/wp\/v2\/categories?post=2457"},{"taxonomy":"post_tag","embeddable":true,"href":"https:\/\/web.consaguirre.com.ar\/noticias\/wp-json\/wp\/v2\/tags?post=2457"}],"curies":[{"name":"wp","href":"https:\/\/api.w.org\/{rel}","templated":true}]}}