{"id":2448,"date":"2025-04-19T03:40:40","date_gmt":"2025-04-19T06:40:40","guid":{"rendered":"https:\/\/web.consaguirre.com.ar\/noticias\/we-free-kings-de-roland-kirk-establecido-para-reedicion\/"},"modified":"2025-04-19T03:40:41","modified_gmt":"2025-04-19T06:40:41","slug":"we-free-kings-de-roland-kirk-establecido-para-reedicion","status":"publish","type":"post","link":"https:\/\/web.consaguirre.com.ar\/noticias\/we-free-kings-de-roland-kirk-establecido-para-reedicion\/","title":{"rendered":"&#8216;We Free Kings&#8217; de Roland Kirk establecido para reedici\u00f3n"},"content":{"rendered":"<p><strong>Roland Kirk<\/strong>&#8216;s <em>Liberamos reyes<\/em> Es el \u00faltimo \u00e1lbum cl\u00e1sico de jazz en recibir una reedici\u00f3n de vinilo a trav\u00e9s de la serie Acoustic Sounds de Verve. Originalmente lanzado en 1962, el disco logr\u00f3 un equilibrio entre Pop y Soul, al tiempo que destac\u00f3 el enfoque polif\u00f3nico exclusivo de Kirk para la m\u00fasica.<\/p>\n<p>La pista del t\u00edtulo de <em>Liberamos reyes<\/em> es una composici\u00f3n de Kirk, donde el multi-instrumentista (incluido el saxof\u00f3n tenor, la manzello, la flauta y el saxof\u00f3n de Stritch) le dieron un giro a la cl\u00e1sica villancica de Navidad &#8220;We Three Kings&#8221;. El \u00e1lbum es una mezcla de originales que muestran las agudas habilidades de organizaci\u00f3n y escritura de Kirk, as\u00ed como portadas adicionales de est\u00e1ndares de jazz como &#8220;Moon Song (Blues for Alice&#8221; de 1932 (compuesto por Charlie Parker) de 1932 y escrito por Sam Coslow) y &#8220;Blues for Alice&#8221; de 1951 (compuesto por Charlie Parker).<\/p>\n<div class=\"uD-YT-container\"><img decoding=\"async\" src=\"https:\/\/web.consaguirre.com.ar\/noticias\/wp-content\/uploads\/2025\/04\/1745044840_42_We-Free-Kings-de-Roland-Kirk-establecido-para-reedicion.jpg\" alt=\"Video de YouTube\"><br \/>Haga clic para cargar video<\/div>\n<p>Otros m\u00fasicos de jazz que aparecieron en el \u00e1lbum fueron los pianistas Richard Wyands y Hank Jones, el bajista doble Art Davis, el baterista Charlie Persip y el bajista Wendell Marshall. <em>Liberamos reyes<\/em> es el \u00faltimo de los \u00e1lbumes de Kirk para unirse a la serie Acoustic Sounds, despu\u00e9s del \u00e1lbum de 1967 <strong><em>Ahora, por favor, no llores, hermosa Edith<\/em><\/strong>en enero.<\/p>\n<p>La serie, que se lanz\u00f3 por primera vez en 2020, presenta transferencias de cintas anal\u00f3gicas y vinilo remasterizado de 180 gramos que est\u00e1 empaquetado en chaquetas de alta calidad de alta calidad, replicando el empaque original. Los \u00e1lbumes ser\u00e1n dominados y cortados a lacas por Matthew Lutthans en el laboratorio de mastering a prensas de discos de calidad. Todos los lanzamientos son supervisados \u200b\u200bpor Chad Kassem, CEO de Acoustic Sounds, la fuente m\u00e1s grande del mundo para grabaciones de audi\u00f3filos, utilizando la artesan\u00eda de producci\u00f3n de prensas de registros de calidad.<\/p>\n<p>La serie incluye docenas de \u00e1lbumes de jazz ic\u00f3nicos de leyendas como Ben Webster, Nina Simone, Ella Fitzgerald, Louis Armstrong, Peggy Lee, Sonny Rollins, Mel Torme, Stan Getz, Oscar Peterson, John Lee Hooker, Lightnin &#8216;Hopkins y m\u00e1s.<\/p>\n<p><strong>Comprar Roland Kirk&#8217;s <em>Liberamos reyes<\/em> en vinilo ahora.<\/strong><\/p>\n","protected":false},"excerpt":{"rendered":"<p>Roland Kirk&#8216;s Liberamos reyes Es el \u00faltimo \u00e1lbum cl\u00e1sico de jazz en recibir una reedici\u00f3n de vinilo a trav\u00e9s de la serie Acoustic Sounds de<\/p>\n","protected":false},"author":1,"featured_media":2449,"comment_status":"closed","ping_status":"","sticky":false,"template":"","format":"standard","meta":{"footnotes":""},"categories":[50],"tags":[2134,2369,2142,1772,154,117,1771],"class_list":["post-2448","post","type-post","status-publish","format-standard","has-post-thumbnail","hentry","category-el-ultimo","tag-establecido","tag-free","tag-kings","tag-kirk","tag-para","tag-reedicion","tag-roland","generate-columns","tablet-grid-50","mobile-grid-100","grid-parent","grid-50"],"yoast_head":"<!-- This site is optimized with the Yoast SEO plugin v23.3 - https:\/\/yoast.com\/wordpress\/plugins\/seo\/ -->\n<title>&#039;We Free Kings&#039; de Roland Kirk establecido para reedici\u00f3n<\/title>\n<meta name=\"robots\" content=\"index, follow, max-snippet:-1, max-image-preview:large, max-video-preview:-1\" \/>\n<link rel=\"canonical\" href=\"https:\/\/web.consaguirre.com.ar\/noticias\/we-free-kings-de-roland-kirk-establecido-para-reedicion\/\" \/>\n<meta property=\"og:locale\" content=\"es_ES\" \/>\n<meta property=\"og:type\" content=\"article\" \/>\n<meta property=\"og:title\" content=\"&#039;We Free Kings&#039; de Roland Kirk establecido para reedici\u00f3n\" \/>\n<meta property=\"og:description\" content=\"Roland Kirk&#8216;s Liberamos reyes Es el \u00faltimo \u00e1lbum cl\u00e1sico de jazz en recibir una reedici\u00f3n de vinilo a trav\u00e9s de la serie Acoustic Sounds de\" \/>\n<meta property=\"og:url\" content=\"https:\/\/web.consaguirre.com.ar\/noticias\/we-free-kings-de-roland-kirk-establecido-para-reedicion\/\" \/>\n<meta property=\"og:site_name\" content=\"Conservatorio de M\u00fasica Juli\u00e1n Aguirre\" \/>\n<meta property=\"article:published_time\" content=\"2025-04-19T06:40:40+00:00\" \/>\n<meta property=\"article:modified_time\" content=\"2025-04-19T06:40:41+00:00\" \/>\n<meta property=\"og:image\" content=\"https:\/\/web.consaguirre.com.ar\/noticias\/wp-content\/uploads\/2025\/04\/We-Free-Kings-de-Roland-Kirk-establecido-para-reedicion.jpg\" \/>\n\t<meta property=\"og:image:width\" content=\"1280\" \/>\n\t<meta property=\"og:image:height\" content=\"1280\" \/>\n\t<meta property=\"og:image:type\" content=\"image\/jpeg\" \/>\n<meta name=\"author\" content=\"Javier Figueroa\" \/>\n<meta name=\"twitter:card\" content=\"summary_large_image\" \/>\n<meta name=\"twitter:label1\" content=\"Escrito por\" \/>\n\t<meta name=\"twitter:data1\" content=\"Javier Figueroa\" \/>\n\t<meta name=\"twitter:label2\" content=\"Tiempo de lectura\" \/>\n\t<meta name=\"twitter:data2\" content=\"2 minutos\" \/>\n<script type=\"application\/ld+json\" class=\"yoast-schema-graph\">{\"@context\":\"https:\/\/schema.org\",\"@graph\":[{\"@type\":\"Article\",\"@id\":\"https:\/\/web.consaguirre.com.ar\/noticias\/we-free-kings-de-roland-kirk-establecido-para-reedicion\/#article\",\"isPartOf\":{\"@id\":\"https:\/\/web.consaguirre.com.ar\/noticias\/we-free-kings-de-roland-kirk-establecido-para-reedicion\/\"},\"author\":{\"name\":\"Javier Figueroa\",\"@id\":\"https:\/\/web.consaguirre.com.ar\/noticias\/#\/schema\/person\/6558b0cfedee7ddc5425602b237d5722\"},\"headline\":\"&#8216;We Free Kings&#8217; de Roland Kirk establecido para reedici\u00f3n\",\"datePublished\":\"2025-04-19T06:40:40+00:00\",\"dateModified\":\"2025-04-19T06:40:41+00:00\",\"mainEntityOfPage\":{\"@id\":\"https:\/\/web.consaguirre.com.ar\/noticias\/we-free-kings-de-roland-kirk-establecido-para-reedicion\/\"},\"wordCount\":378,\"publisher\":{\"@id\":\"https:\/\/web.consaguirre.com.ar\/noticias\/#organization\"},\"image\":{\"@id\":\"https:\/\/web.consaguirre.com.ar\/noticias\/we-free-kings-de-roland-kirk-establecido-para-reedicion\/#primaryimage\"},\"thumbnailUrl\":\"https:\/\/web.consaguirre.com.ar\/noticias\/wp-content\/uploads\/2025\/04\/We-Free-Kings-de-Roland-Kirk-establecido-para-reedicion.jpg\",\"keywords\":[\"establecido\",\"Free\",\"Kings\",\"Kirk\",\"para\",\"reedici\u00f3n\",\"Roland\"],\"articleSection\":[\"El \u00faltimo\"],\"inLanguage\":\"es-AR\"},{\"@type\":\"WebPage\",\"@id\":\"https:\/\/web.consaguirre.com.ar\/noticias\/we-free-kings-de-roland-kirk-establecido-para-reedicion\/\",\"url\":\"https:\/\/web.consaguirre.com.ar\/noticias\/we-free-kings-de-roland-kirk-establecido-para-reedicion\/\",\"name\":\"'We Free Kings' de Roland Kirk establecido para reedici\u00f3n\",\"isPartOf\":{\"@id\":\"https:\/\/web.consaguirre.com.ar\/noticias\/#website\"},\"primaryImageOfPage\":{\"@id\":\"https:\/\/web.consaguirre.com.ar\/noticias\/we-free-kings-de-roland-kirk-establecido-para-reedicion\/#primaryimage\"},\"image\":{\"@id\":\"https:\/\/web.consaguirre.com.ar\/noticias\/we-free-kings-de-roland-kirk-establecido-para-reedicion\/#primaryimage\"},\"thumbnailUrl\":\"https:\/\/web.consaguirre.com.ar\/noticias\/wp-content\/uploads\/2025\/04\/We-Free-Kings-de-Roland-Kirk-establecido-para-reedicion.jpg\",\"datePublished\":\"2025-04-19T06:40:40+00:00\",\"dateModified\":\"2025-04-19T06:40:41+00:00\",\"breadcrumb\":{\"@id\":\"https:\/\/web.consaguirre.com.ar\/noticias\/we-free-kings-de-roland-kirk-establecido-para-reedicion\/#breadcrumb\"},\"inLanguage\":\"es-AR\",\"potentialAction\":[{\"@type\":\"ReadAction\",\"target\":[\"https:\/\/web.consaguirre.com.ar\/noticias\/we-free-kings-de-roland-kirk-establecido-para-reedicion\/\"]}]},{\"@type\":\"ImageObject\",\"inLanguage\":\"es-AR\",\"@id\":\"https:\/\/web.consaguirre.com.ar\/noticias\/we-free-kings-de-roland-kirk-establecido-para-reedicion\/#primaryimage\",\"url\":\"https:\/\/web.consaguirre.com.ar\/noticias\/wp-content\/uploads\/2025\/04\/We-Free-Kings-de-Roland-Kirk-establecido-para-reedicion.jpg\",\"contentUrl\":\"https:\/\/web.consaguirre.com.ar\/noticias\/wp-content\/uploads\/2025\/04\/We-Free-Kings-de-Roland-Kirk-establecido-para-reedicion.jpg\",\"width\":1280,\"height\":1280,\"caption\":\"'We Free Kings' de Roland Kirk establecido para reedici\u00f3n\"},{\"@type\":\"BreadcrumbList\",\"@id\":\"https:\/\/web.consaguirre.com.ar\/noticias\/we-free-kings-de-roland-kirk-establecido-para-reedicion\/#breadcrumb\",\"itemListElement\":[{\"@type\":\"ListItem\",\"position\":1,\"name\":\"Inicio\",\"item\":\"https:\/\/web.consaguirre.com.ar\/noticias\/\"},{\"@type\":\"ListItem\",\"position\":2,\"name\":\"&#8216;We Free Kings&#8217; de Roland Kirk establecido para reedici\u00f3n\"}]},{\"@type\":\"WebSite\",\"@id\":\"https:\/\/web.consaguirre.com.ar\/noticias\/#website\",\"url\":\"https:\/\/web.consaguirre.com.ar\/noticias\/\",\"name\":\"Conservatorio de M\u00fasica Juli\u00e1n Aguirre\",\"description\":\"\",\"publisher\":{\"@id\":\"https:\/\/web.consaguirre.com.ar\/noticias\/#organization\"},\"potentialAction\":[{\"@type\":\"SearchAction\",\"target\":{\"@type\":\"EntryPoint\",\"urlTemplate\":\"https:\/\/web.consaguirre.com.ar\/noticias\/?s={search_term_string}\"},\"query-input\":\"required name=search_term_string\"}],\"inLanguage\":\"es-AR\"},{\"@type\":\"Organization\",\"@id\":\"https:\/\/web.consaguirre.com.ar\/noticias\/#organization\",\"name\":\"Conservatorio de M\u00fasica Juli\u00e1n Aguirre\",\"url\":\"https:\/\/web.consaguirre.com.ar\/noticias\/\",\"logo\":{\"@type\":\"ImageObject\",\"inLanguage\":\"es-AR\",\"@id\":\"https:\/\/web.consaguirre.com.ar\/noticias\/#\/schema\/logo\/image\/\",\"url\":\"https:\/\/web.consaguirre.com.ar\/noticias\/wp-content\/uploads\/2024\/08\/Banner-Aguirre-23.jpg\",\"contentUrl\":\"https:\/\/web.consaguirre.com.ar\/noticias\/wp-content\/uploads\/2024\/08\/Banner-Aguirre-23.jpg\",\"width\":1192,\"height\":600,\"caption\":\"Conservatorio de M\u00fasica Juli\u00e1n Aguirre\"},\"image\":{\"@id\":\"https:\/\/web.consaguirre.com.ar\/noticias\/#\/schema\/logo\/image\/\"}},{\"@type\":\"Person\",\"@id\":\"https:\/\/web.consaguirre.com.ar\/noticias\/#\/schema\/person\/6558b0cfedee7ddc5425602b237d5722\",\"name\":\"Javier Figueroa\",\"image\":{\"@type\":\"ImageObject\",\"inLanguage\":\"es-AR\",\"@id\":\"https:\/\/web.consaguirre.com.ar\/noticias\/#\/schema\/person\/image\/\",\"url\":\"https:\/\/web.consaguirre.com.ar\/noticias\/wp-content\/uploads\/2024\/08\/Consaguirre-scaled.jpg\",\"contentUrl\":\"https:\/\/web.consaguirre.com.ar\/noticias\/wp-content\/uploads\/2024\/08\/Consaguirre-scaled.jpg\",\"caption\":\"Javier Figueroa\"},\"description\":\"Me llamo Javier Figueroa y soy redactor para el sitio oficial del Conservatorio de M\u00fasica Juli\u00e1n Aguirre en Buenos Aires, consaguirre.com. Apasionado por la m\u00fasica y la escritura, me esfuerzo por destacar los talentos y eventos de nuestra prestigiosa instituci\u00f3n. Mi trayectoria se nutre de una profunda admiraci\u00f3n por los artistas, haciendo de cada art\u00edculo una celebraci\u00f3n de la creatividad y la cultura musical.\",\"sameAs\":[\"https:\/\/web.consaguirre.com.ar\/noticias\"]}]}<\/script>\n<!-- \/ Yoast SEO plugin. -->","yoast_head_json":{"title":"'We Free Kings' de Roland Kirk establecido para reedici\u00f3n","robots":{"index":"index","follow":"follow","max-snippet":"max-snippet:-1","max-image-preview":"max-image-preview:large","max-video-preview":"max-video-preview:-1"},"canonical":"https:\/\/web.consaguirre.com.ar\/noticias\/we-free-kings-de-roland-kirk-establecido-para-reedicion\/","og_locale":"es_ES","og_type":"article","og_title":"'We Free Kings' de Roland Kirk establecido para reedici\u00f3n","og_description":"Roland Kirk&#8216;s Liberamos reyes Es el \u00faltimo \u00e1lbum cl\u00e1sico de jazz en recibir una reedici\u00f3n de vinilo a trav\u00e9s de la serie Acoustic Sounds de","og_url":"https:\/\/web.consaguirre.com.ar\/noticias\/we-free-kings-de-roland-kirk-establecido-para-reedicion\/","og_site_name":"Conservatorio de M\u00fasica Juli\u00e1n Aguirre","article_published_time":"2025-04-19T06:40:40+00:00","article_modified_time":"2025-04-19T06:40:41+00:00","og_image":[{"width":1280,"height":1280,"url":"https:\/\/web.consaguirre.com.ar\/noticias\/wp-content\/uploads\/2025\/04\/We-Free-Kings-de-Roland-Kirk-establecido-para-reedicion.jpg","type":"image\/jpeg"}],"author":"Javier Figueroa","twitter_card":"summary_large_image","twitter_misc":{"Escrito por":"Javier Figueroa","Tiempo de lectura":"2 minutos"},"schema":{"@context":"https:\/\/schema.org","@graph":[{"@type":"Article","@id":"https:\/\/web.consaguirre.com.ar\/noticias\/we-free-kings-de-roland-kirk-establecido-para-reedicion\/#article","isPartOf":{"@id":"https:\/\/web.consaguirre.com.ar\/noticias\/we-free-kings-de-roland-kirk-establecido-para-reedicion\/"},"author":{"name":"Javier Figueroa","@id":"https:\/\/web.consaguirre.com.ar\/noticias\/#\/schema\/person\/6558b0cfedee7ddc5425602b237d5722"},"headline":"&#8216;We Free Kings&#8217; de Roland Kirk establecido para reedici\u00f3n","datePublished":"2025-04-19T06:40:40+00:00","dateModified":"2025-04-19T06:40:41+00:00","mainEntityOfPage":{"@id":"https:\/\/web.consaguirre.com.ar\/noticias\/we-free-kings-de-roland-kirk-establecido-para-reedicion\/"},"wordCount":378,"publisher":{"@id":"https:\/\/web.consaguirre.com.ar\/noticias\/#organization"},"image":{"@id":"https:\/\/web.consaguirre.com.ar\/noticias\/we-free-kings-de-roland-kirk-establecido-para-reedicion\/#primaryimage"},"thumbnailUrl":"https:\/\/web.consaguirre.com.ar\/noticias\/wp-content\/uploads\/2025\/04\/We-Free-Kings-de-Roland-Kirk-establecido-para-reedicion.jpg","keywords":["establecido","Free","Kings","Kirk","para","reedici\u00f3n","Roland"],"articleSection":["El \u00faltimo"],"inLanguage":"es-AR"},{"@type":"WebPage","@id":"https:\/\/web.consaguirre.com.ar\/noticias\/we-free-kings-de-roland-kirk-establecido-para-reedicion\/","url":"https:\/\/web.consaguirre.com.ar\/noticias\/we-free-kings-de-roland-kirk-establecido-para-reedicion\/","name":"'We Free Kings' de Roland Kirk establecido para reedici\u00f3n","isPartOf":{"@id":"https:\/\/web.consaguirre.com.ar\/noticias\/#website"},"primaryImageOfPage":{"@id":"https:\/\/web.consaguirre.com.ar\/noticias\/we-free-kings-de-roland-kirk-establecido-para-reedicion\/#primaryimage"},"image":{"@id":"https:\/\/web.consaguirre.com.ar\/noticias\/we-free-kings-de-roland-kirk-establecido-para-reedicion\/#primaryimage"},"thumbnailUrl":"https:\/\/web.consaguirre.com.ar\/noticias\/wp-content\/uploads\/2025\/04\/We-Free-Kings-de-Roland-Kirk-establecido-para-reedicion.jpg","datePublished":"2025-04-19T06:40:40+00:00","dateModified":"2025-04-19T06:40:41+00:00","breadcrumb":{"@id":"https:\/\/web.consaguirre.com.ar\/noticias\/we-free-kings-de-roland-kirk-establecido-para-reedicion\/#breadcrumb"},"inLanguage":"es-AR","potentialAction":[{"@type":"ReadAction","target":["https:\/\/web.consaguirre.com.ar\/noticias\/we-free-kings-de-roland-kirk-establecido-para-reedicion\/"]}]},{"@type":"ImageObject","inLanguage":"es-AR","@id":"https:\/\/web.consaguirre.com.ar\/noticias\/we-free-kings-de-roland-kirk-establecido-para-reedicion\/#primaryimage","url":"https:\/\/web.consaguirre.com.ar\/noticias\/wp-content\/uploads\/2025\/04\/We-Free-Kings-de-Roland-Kirk-establecido-para-reedicion.jpg","contentUrl":"https:\/\/web.consaguirre.com.ar\/noticias\/wp-content\/uploads\/2025\/04\/We-Free-Kings-de-Roland-Kirk-establecido-para-reedicion.jpg","width":1280,"height":1280,"caption":"'We Free Kings' de Roland Kirk establecido para reedici\u00f3n"},{"@type":"BreadcrumbList","@id":"https:\/\/web.consaguirre.com.ar\/noticias\/we-free-kings-de-roland-kirk-establecido-para-reedicion\/#breadcrumb","itemListElement":[{"@type":"ListItem","position":1,"name":"Inicio","item":"https:\/\/web.consaguirre.com.ar\/noticias\/"},{"@type":"ListItem","position":2,"name":"&#8216;We Free Kings&#8217; de Roland Kirk establecido para reedici\u00f3n"}]},{"@type":"WebSite","@id":"https:\/\/web.consaguirre.com.ar\/noticias\/#website","url":"https:\/\/web.consaguirre.com.ar\/noticias\/","name":"Conservatorio de M\u00fasica Juli\u00e1n Aguirre","description":"","publisher":{"@id":"https:\/\/web.consaguirre.com.ar\/noticias\/#organization"},"potentialAction":[{"@type":"SearchAction","target":{"@type":"EntryPoint","urlTemplate":"https:\/\/web.consaguirre.com.ar\/noticias\/?s={search_term_string}"},"query-input":"required name=search_term_string"}],"inLanguage":"es-AR"},{"@type":"Organization","@id":"https:\/\/web.consaguirre.com.ar\/noticias\/#organization","name":"Conservatorio de M\u00fasica Juli\u00e1n Aguirre","url":"https:\/\/web.consaguirre.com.ar\/noticias\/","logo":{"@type":"ImageObject","inLanguage":"es-AR","@id":"https:\/\/web.consaguirre.com.ar\/noticias\/#\/schema\/logo\/image\/","url":"https:\/\/web.consaguirre.com.ar\/noticias\/wp-content\/uploads\/2024\/08\/Banner-Aguirre-23.jpg","contentUrl":"https:\/\/web.consaguirre.com.ar\/noticias\/wp-content\/uploads\/2024\/08\/Banner-Aguirre-23.jpg","width":1192,"height":600,"caption":"Conservatorio de M\u00fasica Juli\u00e1n Aguirre"},"image":{"@id":"https:\/\/web.consaguirre.com.ar\/noticias\/#\/schema\/logo\/image\/"}},{"@type":"Person","@id":"https:\/\/web.consaguirre.com.ar\/noticias\/#\/schema\/person\/6558b0cfedee7ddc5425602b237d5722","name":"Javier Figueroa","image":{"@type":"ImageObject","inLanguage":"es-AR","@id":"https:\/\/web.consaguirre.com.ar\/noticias\/#\/schema\/person\/image\/","url":"https:\/\/web.consaguirre.com.ar\/noticias\/wp-content\/uploads\/2024\/08\/Consaguirre-scaled.jpg","contentUrl":"https:\/\/web.consaguirre.com.ar\/noticias\/wp-content\/uploads\/2024\/08\/Consaguirre-scaled.jpg","caption":"Javier Figueroa"},"description":"Me llamo Javier Figueroa y soy redactor para el sitio oficial del Conservatorio de M\u00fasica Juli\u00e1n Aguirre en Buenos Aires, consaguirre.com. Apasionado por la m\u00fasica y la escritura, me esfuerzo por destacar los talentos y eventos de nuestra prestigiosa instituci\u00f3n. Mi trayectoria se nutre de una profunda admiraci\u00f3n por los artistas, haciendo de cada art\u00edculo una celebraci\u00f3n de la creatividad y la cultura musical.","sameAs":["https:\/\/web.consaguirre.com.ar\/noticias"]}]}},"_links":{"self":[{"href":"https:\/\/web.consaguirre.com.ar\/noticias\/wp-json\/wp\/v2\/posts\/2448"}],"collection":[{"href":"https:\/\/web.consaguirre.com.ar\/noticias\/wp-json\/wp\/v2\/posts"}],"about":[{"href":"https:\/\/web.consaguirre.com.ar\/noticias\/wp-json\/wp\/v2\/types\/post"}],"author":[{"embeddable":true,"href":"https:\/\/web.consaguirre.com.ar\/noticias\/wp-json\/wp\/v2\/users\/1"}],"replies":[{"embeddable":true,"href":"https:\/\/web.consaguirre.com.ar\/noticias\/wp-json\/wp\/v2\/comments?post=2448"}],"version-history":[{"count":1,"href":"https:\/\/web.consaguirre.com.ar\/noticias\/wp-json\/wp\/v2\/posts\/2448\/revisions"}],"predecessor-version":[{"id":2450,"href":"https:\/\/web.consaguirre.com.ar\/noticias\/wp-json\/wp\/v2\/posts\/2448\/revisions\/2450"}],"wp:featuredmedia":[{"embeddable":true,"href":"https:\/\/web.consaguirre.com.ar\/noticias\/wp-json\/wp\/v2\/media\/2449"}],"wp:attachment":[{"href":"https:\/\/web.consaguirre.com.ar\/noticias\/wp-json\/wp\/v2\/media?parent=2448"}],"wp:term":[{"taxonomy":"category","embeddable":true,"href":"https:\/\/web.consaguirre.com.ar\/noticias\/wp-json\/wp\/v2\/categories?post=2448"},{"taxonomy":"post_tag","embeddable":true,"href":"https:\/\/web.consaguirre.com.ar\/noticias\/wp-json\/wp\/v2\/tags?post=2448"}],"curies":[{"name":"wp","href":"https:\/\/api.w.org\/{rel}","templated":true}]}}