{"id":2442,"date":"2025-04-18T21:39:04","date_gmt":"2025-04-19T00:39:04","guid":{"rendered":"https:\/\/web.consaguirre.com.ar\/noticias\/doechii-comparte-el-video-de-las-notas-al-pie-de-la-veva-para-la-negacion-es-un-rio\/"},"modified":"2025-04-18T21:39:05","modified_gmt":"2025-04-19T00:39:05","slug":"doechii-comparte-el-video-de-las-notas-al-pie-de-la-veva-para-la-negacion-es-un-rio","status":"publish","type":"post","link":"https:\/\/web.consaguirre.com.ar\/noticias\/doechii-comparte-el-video-de-las-notas-al-pie-de-la-veva-para-la-negacion-es-un-rio\/","title":{"rendered":"Doechii comparte el video de las notas al pie de la v\u00e9va para &#8216;la negaci\u00f3n es un r\u00edo&#8217;"},"content":{"rendered":"<p><strong>Doechii<\/strong> Se uni\u00f3 a Vevo para su serie de notas al pie, llevando a los espectadores detr\u00e1s de escena del video para su enorme sencillo &#8220;Denial Is A River&#8221;, de su proyecto ganador del premio Grammy, <em>Las bocados de cocodrilo nunca sanan<\/em>.<\/p>\n<p>Los codirectores Carlos Acosta y James Mackel proporcionan ideas interesantes sobre el video inspirado en la comedia, que refleja intencionalmente el viaje personal y profesional de Doechii.<\/p>\n<div class=\"uD-YT-container\"><img decoding=\"async\" src=\"https:\/\/web.consaguirre.com.ar\/noticias\/wp-content\/uploads\/2025\/04\/1745023144_932_Doechii-comparte-el-video-de-las-notas-al-pie-de.jpg\" alt=\"Video de YouTube\"><br \/>Haga clic para cargar video<\/div>\n<p>Hacia el final del clip, los directores revelan que el final del video casi fue en una direcci\u00f3n diferente. &#8220;Tuvimos un final alternativo donde Doechii se desmaya y los emts se apresuran al escenario para revivirla, pero durante la \u00faltima hora de disparo, todo el poder en el escenario se cerr\u00f3&#8221;, explican. &#8220;Todav\u00eda lo filmamos, pero en realidad fuimos con el final m\u00e1s limpio en el video&#8221;.<\/p>\n<p>&#8220;Denial Is A River&#8221; es una de las muchas pistas de \u00e9xito de <em>Las bocados de cocodrilo nunca sanan<\/em>que tambi\u00e9n presenta &#8220;bagre&#8221; y &#8220;Nissan Altima&#8221;. Lanzado en 2024, fue honrado como el mejor \u00e1lbum de rap en los Premios Grammy de este a\u00f1o. La victoria la coron\u00f3 como la segunda mujer en solitario (despu\u00e9s de Cardi B) y la tercera mujer en general (factorizaci\u00f3n en la victoria de Lauryn Hill como miembro de los fugos) para recibir el premio. El rapero de Florida conmemor\u00f3 el hito de fijaci\u00f3n de su carrera al lanzar los &#8220;hemorragias nasales&#8221; de celebraci\u00f3n poco despu\u00e9s del final de la ceremonia.<\/p>\n<p>El a\u00f1o de hitos de Doechii continu\u00f3 con Billboard nombr\u00e1ndola con su <strong>2025 Mujer del a\u00f1o<\/strong> En marzo, despu\u00e9s de su anterior honor de estrella en ascenso en el evento 2023 Women in Music. Recientemente, el rapero lanz\u00f3 una versi\u00f3n oficial de &#8220;Ansiedad&#8221;. Originalmente, una canci\u00f3n de carrera temprana favorita de los fan\u00e1ticos lanzada hace cinco a\u00f1os, la canci\u00f3n (donde rapea sobre un instrumental de la canci\u00f3n exitosa de Gotye en 2011 con Kimbra, &#8220;Somebody que sol\u00eda saber&#8221;) r\u00e1pidamente gan\u00f3 tracci\u00f3n en Tiktok. El rapero mantuvo el impulso con <strong>El video oficial de la canci\u00f3n<\/strong>que cay\u00f3 el 18 de abril.<\/p>\n<p>.<\/p>\n","protected":false},"excerpt":{"rendered":"<p>Doechii Se uni\u00f3 a Vevo para su serie de notas al pie, llevando a los espectadores detr\u00e1s de escena del video para su enorme sencillo<\/p>\n","protected":false},"author":1,"featured_media":2443,"comment_status":"closed","ping_status":"","sticky":false,"template":"","format":"standard","meta":{"footnotes":""},"categories":[50],"tags":[201,404,18,2364,2355,154,2356,2365,2363,202],"class_list":["post-2442","post","type-post","status-publish","format-standard","has-post-thumbnail","hentry","category-el-ultimo","tag-comparte","tag-doechii","tag-las","tag-negacion","tag-notas","tag-para","tag-pie","tag-rio","tag-veva","tag-video","generate-columns","tablet-grid-50","mobile-grid-100","grid-parent","grid-50"],"yoast_head":"<!-- This site is optimized with the Yoast SEO plugin v23.3 - https:\/\/yoast.com\/wordpress\/plugins\/seo\/ -->\n<title>Doechii comparte el video de las notas al pie de la v\u00e9va para &#039;la negaci\u00f3n es un r\u00edo&#039;<\/title>\n<meta name=\"robots\" content=\"index, follow, max-snippet:-1, max-image-preview:large, max-video-preview:-1\" \/>\n<link rel=\"canonical\" href=\"https:\/\/web.consaguirre.com.ar\/noticias\/doechii-comparte-el-video-de-las-notas-al-pie-de-la-veva-para-la-negacion-es-un-rio\/\" \/>\n<meta property=\"og:locale\" content=\"es_ES\" \/>\n<meta property=\"og:type\" content=\"article\" \/>\n<meta property=\"og:title\" content=\"Doechii comparte el video de las notas al pie de la v\u00e9va para &#039;la negaci\u00f3n es un r\u00edo&#039;\" \/>\n<meta property=\"og:description\" content=\"Doechii Se uni\u00f3 a Vevo para su serie de notas al pie, llevando a los espectadores detr\u00e1s de escena del video para su enorme sencillo\" \/>\n<meta property=\"og:url\" content=\"https:\/\/web.consaguirre.com.ar\/noticias\/doechii-comparte-el-video-de-las-notas-al-pie-de-la-veva-para-la-negacion-es-un-rio\/\" \/>\n<meta property=\"og:site_name\" content=\"Conservatorio de M\u00fasica Juli\u00e1n Aguirre\" \/>\n<meta property=\"article:published_time\" content=\"2025-04-19T00:39:04+00:00\" \/>\n<meta property=\"article:modified_time\" content=\"2025-04-19T00:39:05+00:00\" \/>\n<meta property=\"og:image\" content=\"https:\/\/web.consaguirre.com.ar\/noticias\/wp-content\/uploads\/2025\/04\/Doechii-comparte-el-video-de-las-notas-al-pie-de.jpg\" \/>\n\t<meta property=\"og:image:width\" content=\"1280\" \/>\n\t<meta property=\"og:image:height\" content=\"1280\" \/>\n\t<meta property=\"og:image:type\" content=\"image\/jpeg\" \/>\n<meta name=\"author\" content=\"Javier Figueroa\" \/>\n<meta name=\"twitter:card\" content=\"summary_large_image\" \/>\n<meta name=\"twitter:label1\" content=\"Escrito por\" \/>\n\t<meta name=\"twitter:data1\" content=\"Javier Figueroa\" \/>\n\t<meta name=\"twitter:label2\" content=\"Tiempo de lectura\" \/>\n\t<meta name=\"twitter:data2\" content=\"2 minutos\" \/>\n<script type=\"application\/ld+json\" class=\"yoast-schema-graph\">{\"@context\":\"https:\/\/schema.org\",\"@graph\":[{\"@type\":\"Article\",\"@id\":\"https:\/\/web.consaguirre.com.ar\/noticias\/doechii-comparte-el-video-de-las-notas-al-pie-de-la-veva-para-la-negacion-es-un-rio\/#article\",\"isPartOf\":{\"@id\":\"https:\/\/web.consaguirre.com.ar\/noticias\/doechii-comparte-el-video-de-las-notas-al-pie-de-la-veva-para-la-negacion-es-un-rio\/\"},\"author\":{\"name\":\"Javier Figueroa\",\"@id\":\"https:\/\/web.consaguirre.com.ar\/noticias\/#\/schema\/person\/6558b0cfedee7ddc5425602b237d5722\"},\"headline\":\"Doechii comparte el video de las notas al pie de la v\u00e9va para &#8216;la negaci\u00f3n es un r\u00edo&#8217;\",\"datePublished\":\"2025-04-19T00:39:04+00:00\",\"dateModified\":\"2025-04-19T00:39:05+00:00\",\"mainEntityOfPage\":{\"@id\":\"https:\/\/web.consaguirre.com.ar\/noticias\/doechii-comparte-el-video-de-las-notas-al-pie-de-la-veva-para-la-negacion-es-un-rio\/\"},\"wordCount\":387,\"publisher\":{\"@id\":\"https:\/\/web.consaguirre.com.ar\/noticias\/#organization\"},\"image\":{\"@id\":\"https:\/\/web.consaguirre.com.ar\/noticias\/doechii-comparte-el-video-de-las-notas-al-pie-de-la-veva-para-la-negacion-es-un-rio\/#primaryimage\"},\"thumbnailUrl\":\"https:\/\/web.consaguirre.com.ar\/noticias\/wp-content\/uploads\/2025\/04\/Doechii-comparte-el-video-de-las-notas-al-pie-de.jpg\",\"keywords\":[\"comparte\",\"Doechii\",\"las\",\"negaci\u00f3n\",\"notas\",\"para\",\"pie\",\"r\u00edo\",\"v\u00e9va\",\"v\u00eddeo\"],\"articleSection\":[\"El \u00faltimo\"],\"inLanguage\":\"es-AR\"},{\"@type\":\"WebPage\",\"@id\":\"https:\/\/web.consaguirre.com.ar\/noticias\/doechii-comparte-el-video-de-las-notas-al-pie-de-la-veva-para-la-negacion-es-un-rio\/\",\"url\":\"https:\/\/web.consaguirre.com.ar\/noticias\/doechii-comparte-el-video-de-las-notas-al-pie-de-la-veva-para-la-negacion-es-un-rio\/\",\"name\":\"Doechii comparte el video de las notas al pie de la v\u00e9va para 'la negaci\u00f3n es un r\u00edo'\",\"isPartOf\":{\"@id\":\"https:\/\/web.consaguirre.com.ar\/noticias\/#website\"},\"primaryImageOfPage\":{\"@id\":\"https:\/\/web.consaguirre.com.ar\/noticias\/doechii-comparte-el-video-de-las-notas-al-pie-de-la-veva-para-la-negacion-es-un-rio\/#primaryimage\"},\"image\":{\"@id\":\"https:\/\/web.consaguirre.com.ar\/noticias\/doechii-comparte-el-video-de-las-notas-al-pie-de-la-veva-para-la-negacion-es-un-rio\/#primaryimage\"},\"thumbnailUrl\":\"https:\/\/web.consaguirre.com.ar\/noticias\/wp-content\/uploads\/2025\/04\/Doechii-comparte-el-video-de-las-notas-al-pie-de.jpg\",\"datePublished\":\"2025-04-19T00:39:04+00:00\",\"dateModified\":\"2025-04-19T00:39:05+00:00\",\"breadcrumb\":{\"@id\":\"https:\/\/web.consaguirre.com.ar\/noticias\/doechii-comparte-el-video-de-las-notas-al-pie-de-la-veva-para-la-negacion-es-un-rio\/#breadcrumb\"},\"inLanguage\":\"es-AR\",\"potentialAction\":[{\"@type\":\"ReadAction\",\"target\":[\"https:\/\/web.consaguirre.com.ar\/noticias\/doechii-comparte-el-video-de-las-notas-al-pie-de-la-veva-para-la-negacion-es-un-rio\/\"]}]},{\"@type\":\"ImageObject\",\"inLanguage\":\"es-AR\",\"@id\":\"https:\/\/web.consaguirre.com.ar\/noticias\/doechii-comparte-el-video-de-las-notas-al-pie-de-la-veva-para-la-negacion-es-un-rio\/#primaryimage\",\"url\":\"https:\/\/web.consaguirre.com.ar\/noticias\/wp-content\/uploads\/2025\/04\/Doechii-comparte-el-video-de-las-notas-al-pie-de.jpg\",\"contentUrl\":\"https:\/\/web.consaguirre.com.ar\/noticias\/wp-content\/uploads\/2025\/04\/Doechii-comparte-el-video-de-las-notas-al-pie-de.jpg\",\"width\":1280,\"height\":1280,\"caption\":\"Doechii comparte el video de las notas al pie de la v\u00e9va para 'la negaci\u00f3n es un r\u00edo'\"},{\"@type\":\"BreadcrumbList\",\"@id\":\"https:\/\/web.consaguirre.com.ar\/noticias\/doechii-comparte-el-video-de-las-notas-al-pie-de-la-veva-para-la-negacion-es-un-rio\/#breadcrumb\",\"itemListElement\":[{\"@type\":\"ListItem\",\"position\":1,\"name\":\"Inicio\",\"item\":\"https:\/\/web.consaguirre.com.ar\/noticias\/\"},{\"@type\":\"ListItem\",\"position\":2,\"name\":\"Doechii comparte el video de las notas al pie de la v\u00e9va para &#8216;la negaci\u00f3n es un r\u00edo&#8217;\"}]},{\"@type\":\"WebSite\",\"@id\":\"https:\/\/web.consaguirre.com.ar\/noticias\/#website\",\"url\":\"https:\/\/web.consaguirre.com.ar\/noticias\/\",\"name\":\"Conservatorio de M\u00fasica Juli\u00e1n Aguirre\",\"description\":\"\",\"publisher\":{\"@id\":\"https:\/\/web.consaguirre.com.ar\/noticias\/#organization\"},\"potentialAction\":[{\"@type\":\"SearchAction\",\"target\":{\"@type\":\"EntryPoint\",\"urlTemplate\":\"https:\/\/web.consaguirre.com.ar\/noticias\/?s={search_term_string}\"},\"query-input\":\"required name=search_term_string\"}],\"inLanguage\":\"es-AR\"},{\"@type\":\"Organization\",\"@id\":\"https:\/\/web.consaguirre.com.ar\/noticias\/#organization\",\"name\":\"Conservatorio de M\u00fasica Juli\u00e1n Aguirre\",\"url\":\"https:\/\/web.consaguirre.com.ar\/noticias\/\",\"logo\":{\"@type\":\"ImageObject\",\"inLanguage\":\"es-AR\",\"@id\":\"https:\/\/web.consaguirre.com.ar\/noticias\/#\/schema\/logo\/image\/\",\"url\":\"https:\/\/web.consaguirre.com.ar\/noticias\/wp-content\/uploads\/2024\/08\/Banner-Aguirre-23.jpg\",\"contentUrl\":\"https:\/\/web.consaguirre.com.ar\/noticias\/wp-content\/uploads\/2024\/08\/Banner-Aguirre-23.jpg\",\"width\":1192,\"height\":600,\"caption\":\"Conservatorio de M\u00fasica Juli\u00e1n Aguirre\"},\"image\":{\"@id\":\"https:\/\/web.consaguirre.com.ar\/noticias\/#\/schema\/logo\/image\/\"}},{\"@type\":\"Person\",\"@id\":\"https:\/\/web.consaguirre.com.ar\/noticias\/#\/schema\/person\/6558b0cfedee7ddc5425602b237d5722\",\"name\":\"Javier Figueroa\",\"image\":{\"@type\":\"ImageObject\",\"inLanguage\":\"es-AR\",\"@id\":\"https:\/\/web.consaguirre.com.ar\/noticias\/#\/schema\/person\/image\/\",\"url\":\"https:\/\/web.consaguirre.com.ar\/noticias\/wp-content\/uploads\/2024\/08\/Consaguirre-scaled.jpg\",\"contentUrl\":\"https:\/\/web.consaguirre.com.ar\/noticias\/wp-content\/uploads\/2024\/08\/Consaguirre-scaled.jpg\",\"caption\":\"Javier Figueroa\"},\"description\":\"Me llamo Javier Figueroa y soy redactor para el sitio oficial del Conservatorio de M\u00fasica Juli\u00e1n Aguirre en Buenos Aires, consaguirre.com. Apasionado por la m\u00fasica y la escritura, me esfuerzo por destacar los talentos y eventos de nuestra prestigiosa instituci\u00f3n. Mi trayectoria se nutre de una profunda admiraci\u00f3n por los artistas, haciendo de cada art\u00edculo una celebraci\u00f3n de la creatividad y la cultura musical.\",\"sameAs\":[\"https:\/\/web.consaguirre.com.ar\/noticias\"]}]}<\/script>\n<!-- \/ Yoast SEO plugin. -->","yoast_head_json":{"title":"Doechii comparte el video de las notas al pie de la v\u00e9va para 'la negaci\u00f3n es un r\u00edo'","robots":{"index":"index","follow":"follow","max-snippet":"max-snippet:-1","max-image-preview":"max-image-preview:large","max-video-preview":"max-video-preview:-1"},"canonical":"https:\/\/web.consaguirre.com.ar\/noticias\/doechii-comparte-el-video-de-las-notas-al-pie-de-la-veva-para-la-negacion-es-un-rio\/","og_locale":"es_ES","og_type":"article","og_title":"Doechii comparte el video de las notas al pie de la v\u00e9va para 'la negaci\u00f3n es un r\u00edo'","og_description":"Doechii Se uni\u00f3 a Vevo para su serie de notas al pie, llevando a los espectadores detr\u00e1s de escena del video para su enorme sencillo","og_url":"https:\/\/web.consaguirre.com.ar\/noticias\/doechii-comparte-el-video-de-las-notas-al-pie-de-la-veva-para-la-negacion-es-un-rio\/","og_site_name":"Conservatorio de M\u00fasica Juli\u00e1n Aguirre","article_published_time":"2025-04-19T00:39:04+00:00","article_modified_time":"2025-04-19T00:39:05+00:00","og_image":[{"width":1280,"height":1280,"url":"https:\/\/web.consaguirre.com.ar\/noticias\/wp-content\/uploads\/2025\/04\/Doechii-comparte-el-video-de-las-notas-al-pie-de.jpg","type":"image\/jpeg"}],"author":"Javier Figueroa","twitter_card":"summary_large_image","twitter_misc":{"Escrito por":"Javier Figueroa","Tiempo de lectura":"2 minutos"},"schema":{"@context":"https:\/\/schema.org","@graph":[{"@type":"Article","@id":"https:\/\/web.consaguirre.com.ar\/noticias\/doechii-comparte-el-video-de-las-notas-al-pie-de-la-veva-para-la-negacion-es-un-rio\/#article","isPartOf":{"@id":"https:\/\/web.consaguirre.com.ar\/noticias\/doechii-comparte-el-video-de-las-notas-al-pie-de-la-veva-para-la-negacion-es-un-rio\/"},"author":{"name":"Javier Figueroa","@id":"https:\/\/web.consaguirre.com.ar\/noticias\/#\/schema\/person\/6558b0cfedee7ddc5425602b237d5722"},"headline":"Doechii comparte el video de las notas al pie de la v\u00e9va para &#8216;la negaci\u00f3n es un r\u00edo&#8217;","datePublished":"2025-04-19T00:39:04+00:00","dateModified":"2025-04-19T00:39:05+00:00","mainEntityOfPage":{"@id":"https:\/\/web.consaguirre.com.ar\/noticias\/doechii-comparte-el-video-de-las-notas-al-pie-de-la-veva-para-la-negacion-es-un-rio\/"},"wordCount":387,"publisher":{"@id":"https:\/\/web.consaguirre.com.ar\/noticias\/#organization"},"image":{"@id":"https:\/\/web.consaguirre.com.ar\/noticias\/doechii-comparte-el-video-de-las-notas-al-pie-de-la-veva-para-la-negacion-es-un-rio\/#primaryimage"},"thumbnailUrl":"https:\/\/web.consaguirre.com.ar\/noticias\/wp-content\/uploads\/2025\/04\/Doechii-comparte-el-video-de-las-notas-al-pie-de.jpg","keywords":["comparte","Doechii","las","negaci\u00f3n","notas","para","pie","r\u00edo","v\u00e9va","v\u00eddeo"],"articleSection":["El \u00faltimo"],"inLanguage":"es-AR"},{"@type":"WebPage","@id":"https:\/\/web.consaguirre.com.ar\/noticias\/doechii-comparte-el-video-de-las-notas-al-pie-de-la-veva-para-la-negacion-es-un-rio\/","url":"https:\/\/web.consaguirre.com.ar\/noticias\/doechii-comparte-el-video-de-las-notas-al-pie-de-la-veva-para-la-negacion-es-un-rio\/","name":"Doechii comparte el video de las notas al pie de la v\u00e9va para 'la negaci\u00f3n es un r\u00edo'","isPartOf":{"@id":"https:\/\/web.consaguirre.com.ar\/noticias\/#website"},"primaryImageOfPage":{"@id":"https:\/\/web.consaguirre.com.ar\/noticias\/doechii-comparte-el-video-de-las-notas-al-pie-de-la-veva-para-la-negacion-es-un-rio\/#primaryimage"},"image":{"@id":"https:\/\/web.consaguirre.com.ar\/noticias\/doechii-comparte-el-video-de-las-notas-al-pie-de-la-veva-para-la-negacion-es-un-rio\/#primaryimage"},"thumbnailUrl":"https:\/\/web.consaguirre.com.ar\/noticias\/wp-content\/uploads\/2025\/04\/Doechii-comparte-el-video-de-las-notas-al-pie-de.jpg","datePublished":"2025-04-19T00:39:04+00:00","dateModified":"2025-04-19T00:39:05+00:00","breadcrumb":{"@id":"https:\/\/web.consaguirre.com.ar\/noticias\/doechii-comparte-el-video-de-las-notas-al-pie-de-la-veva-para-la-negacion-es-un-rio\/#breadcrumb"},"inLanguage":"es-AR","potentialAction":[{"@type":"ReadAction","target":["https:\/\/web.consaguirre.com.ar\/noticias\/doechii-comparte-el-video-de-las-notas-al-pie-de-la-veva-para-la-negacion-es-un-rio\/"]}]},{"@type":"ImageObject","inLanguage":"es-AR","@id":"https:\/\/web.consaguirre.com.ar\/noticias\/doechii-comparte-el-video-de-las-notas-al-pie-de-la-veva-para-la-negacion-es-un-rio\/#primaryimage","url":"https:\/\/web.consaguirre.com.ar\/noticias\/wp-content\/uploads\/2025\/04\/Doechii-comparte-el-video-de-las-notas-al-pie-de.jpg","contentUrl":"https:\/\/web.consaguirre.com.ar\/noticias\/wp-content\/uploads\/2025\/04\/Doechii-comparte-el-video-de-las-notas-al-pie-de.jpg","width":1280,"height":1280,"caption":"Doechii comparte el video de las notas al pie de la v\u00e9va para 'la negaci\u00f3n es un r\u00edo'"},{"@type":"BreadcrumbList","@id":"https:\/\/web.consaguirre.com.ar\/noticias\/doechii-comparte-el-video-de-las-notas-al-pie-de-la-veva-para-la-negacion-es-un-rio\/#breadcrumb","itemListElement":[{"@type":"ListItem","position":1,"name":"Inicio","item":"https:\/\/web.consaguirre.com.ar\/noticias\/"},{"@type":"ListItem","position":2,"name":"Doechii comparte el video de las notas al pie de la v\u00e9va para &#8216;la negaci\u00f3n es un r\u00edo&#8217;"}]},{"@type":"WebSite","@id":"https:\/\/web.consaguirre.com.ar\/noticias\/#website","url":"https:\/\/web.consaguirre.com.ar\/noticias\/","name":"Conservatorio de M\u00fasica Juli\u00e1n Aguirre","description":"","publisher":{"@id":"https:\/\/web.consaguirre.com.ar\/noticias\/#organization"},"potentialAction":[{"@type":"SearchAction","target":{"@type":"EntryPoint","urlTemplate":"https:\/\/web.consaguirre.com.ar\/noticias\/?s={search_term_string}"},"query-input":"required name=search_term_string"}],"inLanguage":"es-AR"},{"@type":"Organization","@id":"https:\/\/web.consaguirre.com.ar\/noticias\/#organization","name":"Conservatorio de M\u00fasica Juli\u00e1n Aguirre","url":"https:\/\/web.consaguirre.com.ar\/noticias\/","logo":{"@type":"ImageObject","inLanguage":"es-AR","@id":"https:\/\/web.consaguirre.com.ar\/noticias\/#\/schema\/logo\/image\/","url":"https:\/\/web.consaguirre.com.ar\/noticias\/wp-content\/uploads\/2024\/08\/Banner-Aguirre-23.jpg","contentUrl":"https:\/\/web.consaguirre.com.ar\/noticias\/wp-content\/uploads\/2024\/08\/Banner-Aguirre-23.jpg","width":1192,"height":600,"caption":"Conservatorio de M\u00fasica Juli\u00e1n Aguirre"},"image":{"@id":"https:\/\/web.consaguirre.com.ar\/noticias\/#\/schema\/logo\/image\/"}},{"@type":"Person","@id":"https:\/\/web.consaguirre.com.ar\/noticias\/#\/schema\/person\/6558b0cfedee7ddc5425602b237d5722","name":"Javier Figueroa","image":{"@type":"ImageObject","inLanguage":"es-AR","@id":"https:\/\/web.consaguirre.com.ar\/noticias\/#\/schema\/person\/image\/","url":"https:\/\/web.consaguirre.com.ar\/noticias\/wp-content\/uploads\/2024\/08\/Consaguirre-scaled.jpg","contentUrl":"https:\/\/web.consaguirre.com.ar\/noticias\/wp-content\/uploads\/2024\/08\/Consaguirre-scaled.jpg","caption":"Javier Figueroa"},"description":"Me llamo Javier Figueroa y soy redactor para el sitio oficial del Conservatorio de M\u00fasica Juli\u00e1n Aguirre en Buenos Aires, consaguirre.com. Apasionado por la m\u00fasica y la escritura, me esfuerzo por destacar los talentos y eventos de nuestra prestigiosa instituci\u00f3n. Mi trayectoria se nutre de una profunda admiraci\u00f3n por los artistas, haciendo de cada art\u00edculo una celebraci\u00f3n de la creatividad y la cultura musical.","sameAs":["https:\/\/web.consaguirre.com.ar\/noticias"]}]}},"_links":{"self":[{"href":"https:\/\/web.consaguirre.com.ar\/noticias\/wp-json\/wp\/v2\/posts\/2442"}],"collection":[{"href":"https:\/\/web.consaguirre.com.ar\/noticias\/wp-json\/wp\/v2\/posts"}],"about":[{"href":"https:\/\/web.consaguirre.com.ar\/noticias\/wp-json\/wp\/v2\/types\/post"}],"author":[{"embeddable":true,"href":"https:\/\/web.consaguirre.com.ar\/noticias\/wp-json\/wp\/v2\/users\/1"}],"replies":[{"embeddable":true,"href":"https:\/\/web.consaguirre.com.ar\/noticias\/wp-json\/wp\/v2\/comments?post=2442"}],"version-history":[{"count":1,"href":"https:\/\/web.consaguirre.com.ar\/noticias\/wp-json\/wp\/v2\/posts\/2442\/revisions"}],"predecessor-version":[{"id":2444,"href":"https:\/\/web.consaguirre.com.ar\/noticias\/wp-json\/wp\/v2\/posts\/2442\/revisions\/2444"}],"wp:featuredmedia":[{"embeddable":true,"href":"https:\/\/web.consaguirre.com.ar\/noticias\/wp-json\/wp\/v2\/media\/2443"}],"wp:attachment":[{"href":"https:\/\/web.consaguirre.com.ar\/noticias\/wp-json\/wp\/v2\/media?parent=2442"}],"wp:term":[{"taxonomy":"category","embeddable":true,"href":"https:\/\/web.consaguirre.com.ar\/noticias\/wp-json\/wp\/v2\/categories?post=2442"},{"taxonomy":"post_tag","embeddable":true,"href":"https:\/\/web.consaguirre.com.ar\/noticias\/wp-json\/wp\/v2\/tags?post=2442"}],"curies":[{"name":"wp","href":"https:\/\/api.w.org\/{rel}","templated":true}]}}