{"id":2436,"date":"2025-04-18T15:41:39","date_gmt":"2025-04-18T18:41:39","guid":{"rendered":"https:\/\/web.consaguirre.com.ar\/noticias\/las-notas-al-pie-de-mariah-carey-y-vevo-celebran-pertenecemos-juntos\/"},"modified":"2025-04-18T15:41:40","modified_gmt":"2025-04-18T18:41:40","slug":"las-notas-al-pie-de-mariah-carey-y-vevo-celebran-pertenecemos-juntos","status":"publish","type":"post","link":"https:\/\/web.consaguirre.com.ar\/noticias\/las-notas-al-pie-de-mariah-carey-y-vevo-celebran-pertenecemos-juntos\/","title":{"rendered":"Las notas al pie de Mariah Carey y Vevo celebran &#8216;pertenecemos juntos&#8217;"},"content":{"rendered":"<p><strong>Mariah Carey<\/strong> Y Vevo est\u00e1 celebrando un hito importante de uno de sus mayores \u00e9xitos. En abril de 2005, Carey lanz\u00f3 &#8220;We Belet Together&#8221; una canci\u00f3n que se convirti\u00f3 en una de sus canciones m\u00e1s queridas. Para conmemorar el vig\u00e9simo aniversario, el cantante y Vevo brindan a los fan\u00e1ticos la oportunidad de aprender m\u00e1s sobre la creaci\u00f3n del video musical de la canci\u00f3n como parte de la serie de notas al pie.<\/p>\n<p>El famoso clip tiene lugar en una boda, y en realidad contin\u00faa una narraci\u00f3n que comenz\u00f3 en el sencillo anterior de <strong><em>La emancipaci\u00f3n de Mimi<\/em><\/strong>&#8220;Es as\u00ed&#8221;. Los dos videos ven a Carey en un tri\u00e1ngulo amoroso con Wentworth Miller y Eric Roberts. &#8220;Estaba emocionado de poder contar una historia que abarcaba dos videos musicales&#8221;, recuerda Carey en el clip de notas al pie. &#8220;Era la primera vez que hice eso y sab\u00eda que podr\u00edamos unirlas a pesar de que las canciones son sonoramente diferentes&#8221;.<\/p>\n<div class=\"uD-YT-container\"><img decoding=\"async\" src=\"https:\/\/web.consaguirre.com.ar\/noticias\/wp-content\/uploads\/2025\/04\/1745001699_388_Las-notas-al-pie-de-Mariah-Carey-y-Vevo-celebran.jpg\" alt=\"Video de YouTube\"><br \/>Haga clic para cargar video<\/div>\n<p>Por supuesto, no ser\u00eda un video de Mariah Carey sin algunos momentos de moda ic\u00f3nicos, y el clip de &#8220;We Belong Together&#8221; no se queda atr\u00e1s. El vestido de novia de Vera Wang en el video musical es el vestido de novia real de Carey, desde su matrimonio hasta Tommy Mottola que ten\u00eda en su armario. &#8220;Como iba a hacer una escena con un vestido de novia, en lugar de gastar toneladas de dinero en un vestido nuevo, \u00a1solo usamos la que ten\u00eda por ah\u00ed!&#8221; El cantante comparte en el clip.<\/p>\n<p>Boyado por el \u00e9xito de &#8220;Pertenecemos juntos&#8221; <em>La emancipaci\u00f3n de Mimi<\/em> Pas\u00f3 no solo convertirse en el \u00e1lbum m\u00e1s vendido de 2005, sino una joya duradera en la variada discograf\u00eda de Carey. El \u00e1lbum mezcl\u00f3 R&#038;B contempor\u00e1neo y baladas tradicionales, una combinaci\u00f3n que result\u00f3 muy popular. &#8220;Estoy muy feliz de que el sello creyera en m\u00ed y me permita tener este gran video dram\u00e1tico&#8221;, dice Carey, &#8220;y estoy m\u00e1s feliz de que resonara con muchas personas que todav\u00eda disfrutan de esta canci\u00f3n hoy&#8221;.<\/p>\n<p><strong>Orden<\/strong> <b><i>La emancipaci\u00f3n de Mimi (20<\/i><\/b><b><i>th<\/i><\/b> <b><i>Edici\u00f3n de aniversario) <\/i>ahora.<\/b><\/p>\n","protected":false},"excerpt":{"rendered":"<p>Mariah Carey Y Vevo est\u00e1 celebrando un hito importante de uno de sus mayores \u00e9xitos. En abril de 2005, Carey lanz\u00f3 &#8220;We Belet Together&#8221; una<\/p>\n","protected":false},"author":1,"featured_media":2437,"comment_status":"closed","ping_status":"","sticky":false,"template":"","format":"standard","meta":{"footnotes":""},"categories":[50],"tags":[2312,714,2358,18,2311,2355,2357,2356,152],"class_list":["post-2436","post","type-post","status-publish","format-standard","has-post-thumbnail","hentry","category-el-ultimo","tag-carey","tag-celebran","tag-juntos","tag-las","tag-mariah","tag-notas","tag-pertenecemos","tag-pie","tag-vevo","generate-columns","tablet-grid-50","mobile-grid-100","grid-parent","grid-50"],"yoast_head":"<!-- This site is optimized with the Yoast SEO plugin v23.3 - https:\/\/yoast.com\/wordpress\/plugins\/seo\/ -->\n<title>Las notas al pie de Mariah Carey y Vevo celebran &#039;pertenecemos juntos&#039;<\/title>\n<meta name=\"robots\" content=\"index, follow, max-snippet:-1, max-image-preview:large, max-video-preview:-1\" \/>\n<link rel=\"canonical\" href=\"https:\/\/web.consaguirre.com.ar\/noticias\/las-notas-al-pie-de-mariah-carey-y-vevo-celebran-pertenecemos-juntos\/\" \/>\n<meta property=\"og:locale\" content=\"es_ES\" \/>\n<meta property=\"og:type\" content=\"article\" \/>\n<meta property=\"og:title\" content=\"Las notas al pie de Mariah Carey y Vevo celebran &#039;pertenecemos juntos&#039;\" \/>\n<meta property=\"og:description\" content=\"Mariah Carey Y Vevo est\u00e1 celebrando un hito importante de uno de sus mayores \u00e9xitos. En abril de 2005, Carey lanz\u00f3 &#8220;We Belet Together&#8221; una\" \/>\n<meta property=\"og:url\" content=\"https:\/\/web.consaguirre.com.ar\/noticias\/las-notas-al-pie-de-mariah-carey-y-vevo-celebran-pertenecemos-juntos\/\" \/>\n<meta property=\"og:site_name\" content=\"Conservatorio de M\u00fasica Juli\u00e1n Aguirre\" \/>\n<meta property=\"article:published_time\" content=\"2025-04-18T18:41:39+00:00\" \/>\n<meta property=\"article:modified_time\" content=\"2025-04-18T18:41:40+00:00\" \/>\n<meta property=\"og:image\" content=\"https:\/\/web.consaguirre.com.ar\/noticias\/wp-content\/uploads\/2025\/04\/Las-notas-al-pie-de-Mariah-Carey-y-Vevo-celebran.jpg\" \/>\n\t<meta property=\"og:image:width\" content=\"1280\" \/>\n\t<meta property=\"og:image:height\" content=\"1280\" \/>\n\t<meta property=\"og:image:type\" content=\"image\/jpeg\" \/>\n<meta name=\"author\" content=\"Javier Figueroa\" \/>\n<meta name=\"twitter:card\" content=\"summary_large_image\" \/>\n<meta name=\"twitter:label1\" content=\"Escrito por\" \/>\n\t<meta name=\"twitter:data1\" content=\"Javier Figueroa\" \/>\n\t<meta name=\"twitter:label2\" content=\"Tiempo de lectura\" \/>\n\t<meta name=\"twitter:data2\" content=\"2 minutos\" \/>\n<script type=\"application\/ld+json\" class=\"yoast-schema-graph\">{\"@context\":\"https:\/\/schema.org\",\"@graph\":[{\"@type\":\"Article\",\"@id\":\"https:\/\/web.consaguirre.com.ar\/noticias\/las-notas-al-pie-de-mariah-carey-y-vevo-celebran-pertenecemos-juntos\/#article\",\"isPartOf\":{\"@id\":\"https:\/\/web.consaguirre.com.ar\/noticias\/las-notas-al-pie-de-mariah-carey-y-vevo-celebran-pertenecemos-juntos\/\"},\"author\":{\"name\":\"Javier Figueroa\",\"@id\":\"https:\/\/web.consaguirre.com.ar\/noticias\/#\/schema\/person\/6558b0cfedee7ddc5425602b237d5722\"},\"headline\":\"Las notas al pie de Mariah Carey y Vevo celebran &#8216;pertenecemos juntos&#8217;\",\"datePublished\":\"2025-04-18T18:41:39+00:00\",\"dateModified\":\"2025-04-18T18:41:40+00:00\",\"mainEntityOfPage\":{\"@id\":\"https:\/\/web.consaguirre.com.ar\/noticias\/las-notas-al-pie-de-mariah-carey-y-vevo-celebran-pertenecemos-juntos\/\"},\"wordCount\":386,\"publisher\":{\"@id\":\"https:\/\/web.consaguirre.com.ar\/noticias\/#organization\"},\"image\":{\"@id\":\"https:\/\/web.consaguirre.com.ar\/noticias\/las-notas-al-pie-de-mariah-carey-y-vevo-celebran-pertenecemos-juntos\/#primaryimage\"},\"thumbnailUrl\":\"https:\/\/web.consaguirre.com.ar\/noticias\/wp-content\/uploads\/2025\/04\/Las-notas-al-pie-de-Mariah-Carey-y-Vevo-celebran.jpg\",\"keywords\":[\"Carey\",\"celebran\",\"juntos\",\"las\",\"Mariah\",\"notas\",\"pertenecemos\",\"pie\",\"Vevo\"],\"articleSection\":[\"El \u00faltimo\"],\"inLanguage\":\"es-AR\"},{\"@type\":\"WebPage\",\"@id\":\"https:\/\/web.consaguirre.com.ar\/noticias\/las-notas-al-pie-de-mariah-carey-y-vevo-celebran-pertenecemos-juntos\/\",\"url\":\"https:\/\/web.consaguirre.com.ar\/noticias\/las-notas-al-pie-de-mariah-carey-y-vevo-celebran-pertenecemos-juntos\/\",\"name\":\"Las notas al pie de Mariah Carey y Vevo celebran 'pertenecemos juntos'\",\"isPartOf\":{\"@id\":\"https:\/\/web.consaguirre.com.ar\/noticias\/#website\"},\"primaryImageOfPage\":{\"@id\":\"https:\/\/web.consaguirre.com.ar\/noticias\/las-notas-al-pie-de-mariah-carey-y-vevo-celebran-pertenecemos-juntos\/#primaryimage\"},\"image\":{\"@id\":\"https:\/\/web.consaguirre.com.ar\/noticias\/las-notas-al-pie-de-mariah-carey-y-vevo-celebran-pertenecemos-juntos\/#primaryimage\"},\"thumbnailUrl\":\"https:\/\/web.consaguirre.com.ar\/noticias\/wp-content\/uploads\/2025\/04\/Las-notas-al-pie-de-Mariah-Carey-y-Vevo-celebran.jpg\",\"datePublished\":\"2025-04-18T18:41:39+00:00\",\"dateModified\":\"2025-04-18T18:41:40+00:00\",\"breadcrumb\":{\"@id\":\"https:\/\/web.consaguirre.com.ar\/noticias\/las-notas-al-pie-de-mariah-carey-y-vevo-celebran-pertenecemos-juntos\/#breadcrumb\"},\"inLanguage\":\"es-AR\",\"potentialAction\":[{\"@type\":\"ReadAction\",\"target\":[\"https:\/\/web.consaguirre.com.ar\/noticias\/las-notas-al-pie-de-mariah-carey-y-vevo-celebran-pertenecemos-juntos\/\"]}]},{\"@type\":\"ImageObject\",\"inLanguage\":\"es-AR\",\"@id\":\"https:\/\/web.consaguirre.com.ar\/noticias\/las-notas-al-pie-de-mariah-carey-y-vevo-celebran-pertenecemos-juntos\/#primaryimage\",\"url\":\"https:\/\/web.consaguirre.com.ar\/noticias\/wp-content\/uploads\/2025\/04\/Las-notas-al-pie-de-Mariah-Carey-y-Vevo-celebran.jpg\",\"contentUrl\":\"https:\/\/web.consaguirre.com.ar\/noticias\/wp-content\/uploads\/2025\/04\/Las-notas-al-pie-de-Mariah-Carey-y-Vevo-celebran.jpg\",\"width\":1280,\"height\":1280,\"caption\":\"Las notas al pie de Mariah Carey y Vevo celebran 'pertenecemos juntos'\"},{\"@type\":\"BreadcrumbList\",\"@id\":\"https:\/\/web.consaguirre.com.ar\/noticias\/las-notas-al-pie-de-mariah-carey-y-vevo-celebran-pertenecemos-juntos\/#breadcrumb\",\"itemListElement\":[{\"@type\":\"ListItem\",\"position\":1,\"name\":\"Inicio\",\"item\":\"https:\/\/web.consaguirre.com.ar\/noticias\/\"},{\"@type\":\"ListItem\",\"position\":2,\"name\":\"Las notas al pie de Mariah Carey y Vevo celebran &#8216;pertenecemos juntos&#8217;\"}]},{\"@type\":\"WebSite\",\"@id\":\"https:\/\/web.consaguirre.com.ar\/noticias\/#website\",\"url\":\"https:\/\/web.consaguirre.com.ar\/noticias\/\",\"name\":\"Conservatorio de M\u00fasica Juli\u00e1n Aguirre\",\"description\":\"\",\"publisher\":{\"@id\":\"https:\/\/web.consaguirre.com.ar\/noticias\/#organization\"},\"potentialAction\":[{\"@type\":\"SearchAction\",\"target\":{\"@type\":\"EntryPoint\",\"urlTemplate\":\"https:\/\/web.consaguirre.com.ar\/noticias\/?s={search_term_string}\"},\"query-input\":\"required name=search_term_string\"}],\"inLanguage\":\"es-AR\"},{\"@type\":\"Organization\",\"@id\":\"https:\/\/web.consaguirre.com.ar\/noticias\/#organization\",\"name\":\"Conservatorio de M\u00fasica Juli\u00e1n Aguirre\",\"url\":\"https:\/\/web.consaguirre.com.ar\/noticias\/\",\"logo\":{\"@type\":\"ImageObject\",\"inLanguage\":\"es-AR\",\"@id\":\"https:\/\/web.consaguirre.com.ar\/noticias\/#\/schema\/logo\/image\/\",\"url\":\"https:\/\/web.consaguirre.com.ar\/noticias\/wp-content\/uploads\/2024\/08\/Banner-Aguirre-23.jpg\",\"contentUrl\":\"https:\/\/web.consaguirre.com.ar\/noticias\/wp-content\/uploads\/2024\/08\/Banner-Aguirre-23.jpg\",\"width\":1192,\"height\":600,\"caption\":\"Conservatorio de M\u00fasica Juli\u00e1n Aguirre\"},\"image\":{\"@id\":\"https:\/\/web.consaguirre.com.ar\/noticias\/#\/schema\/logo\/image\/\"}},{\"@type\":\"Person\",\"@id\":\"https:\/\/web.consaguirre.com.ar\/noticias\/#\/schema\/person\/6558b0cfedee7ddc5425602b237d5722\",\"name\":\"Javier Figueroa\",\"image\":{\"@type\":\"ImageObject\",\"inLanguage\":\"es-AR\",\"@id\":\"https:\/\/web.consaguirre.com.ar\/noticias\/#\/schema\/person\/image\/\",\"url\":\"https:\/\/web.consaguirre.com.ar\/noticias\/wp-content\/uploads\/2024\/08\/Consaguirre-scaled.jpg\",\"contentUrl\":\"https:\/\/web.consaguirre.com.ar\/noticias\/wp-content\/uploads\/2024\/08\/Consaguirre-scaled.jpg\",\"caption\":\"Javier Figueroa\"},\"description\":\"Me llamo Javier Figueroa y soy redactor para el sitio oficial del Conservatorio de M\u00fasica Juli\u00e1n Aguirre en Buenos Aires, consaguirre.com. Apasionado por la m\u00fasica y la escritura, me esfuerzo por destacar los talentos y eventos de nuestra prestigiosa instituci\u00f3n. Mi trayectoria se nutre de una profunda admiraci\u00f3n por los artistas, haciendo de cada art\u00edculo una celebraci\u00f3n de la creatividad y la cultura musical.\",\"sameAs\":[\"https:\/\/web.consaguirre.com.ar\/noticias\"]}]}<\/script>\n<!-- \/ Yoast SEO plugin. -->","yoast_head_json":{"title":"Las notas al pie de Mariah Carey y Vevo celebran 'pertenecemos juntos'","robots":{"index":"index","follow":"follow","max-snippet":"max-snippet:-1","max-image-preview":"max-image-preview:large","max-video-preview":"max-video-preview:-1"},"canonical":"https:\/\/web.consaguirre.com.ar\/noticias\/las-notas-al-pie-de-mariah-carey-y-vevo-celebran-pertenecemos-juntos\/","og_locale":"es_ES","og_type":"article","og_title":"Las notas al pie de Mariah Carey y Vevo celebran 'pertenecemos juntos'","og_description":"Mariah Carey Y Vevo est\u00e1 celebrando un hito importante de uno de sus mayores \u00e9xitos. En abril de 2005, Carey lanz\u00f3 &#8220;We Belet Together&#8221; una","og_url":"https:\/\/web.consaguirre.com.ar\/noticias\/las-notas-al-pie-de-mariah-carey-y-vevo-celebran-pertenecemos-juntos\/","og_site_name":"Conservatorio de M\u00fasica Juli\u00e1n Aguirre","article_published_time":"2025-04-18T18:41:39+00:00","article_modified_time":"2025-04-18T18:41:40+00:00","og_image":[{"width":1280,"height":1280,"url":"https:\/\/web.consaguirre.com.ar\/noticias\/wp-content\/uploads\/2025\/04\/Las-notas-al-pie-de-Mariah-Carey-y-Vevo-celebran.jpg","type":"image\/jpeg"}],"author":"Javier Figueroa","twitter_card":"summary_large_image","twitter_misc":{"Escrito por":"Javier Figueroa","Tiempo de lectura":"2 minutos"},"schema":{"@context":"https:\/\/schema.org","@graph":[{"@type":"Article","@id":"https:\/\/web.consaguirre.com.ar\/noticias\/las-notas-al-pie-de-mariah-carey-y-vevo-celebran-pertenecemos-juntos\/#article","isPartOf":{"@id":"https:\/\/web.consaguirre.com.ar\/noticias\/las-notas-al-pie-de-mariah-carey-y-vevo-celebran-pertenecemos-juntos\/"},"author":{"name":"Javier Figueroa","@id":"https:\/\/web.consaguirre.com.ar\/noticias\/#\/schema\/person\/6558b0cfedee7ddc5425602b237d5722"},"headline":"Las notas al pie de Mariah Carey y Vevo celebran &#8216;pertenecemos juntos&#8217;","datePublished":"2025-04-18T18:41:39+00:00","dateModified":"2025-04-18T18:41:40+00:00","mainEntityOfPage":{"@id":"https:\/\/web.consaguirre.com.ar\/noticias\/las-notas-al-pie-de-mariah-carey-y-vevo-celebran-pertenecemos-juntos\/"},"wordCount":386,"publisher":{"@id":"https:\/\/web.consaguirre.com.ar\/noticias\/#organization"},"image":{"@id":"https:\/\/web.consaguirre.com.ar\/noticias\/las-notas-al-pie-de-mariah-carey-y-vevo-celebran-pertenecemos-juntos\/#primaryimage"},"thumbnailUrl":"https:\/\/web.consaguirre.com.ar\/noticias\/wp-content\/uploads\/2025\/04\/Las-notas-al-pie-de-Mariah-Carey-y-Vevo-celebran.jpg","keywords":["Carey","celebran","juntos","las","Mariah","notas","pertenecemos","pie","Vevo"],"articleSection":["El \u00faltimo"],"inLanguage":"es-AR"},{"@type":"WebPage","@id":"https:\/\/web.consaguirre.com.ar\/noticias\/las-notas-al-pie-de-mariah-carey-y-vevo-celebran-pertenecemos-juntos\/","url":"https:\/\/web.consaguirre.com.ar\/noticias\/las-notas-al-pie-de-mariah-carey-y-vevo-celebran-pertenecemos-juntos\/","name":"Las notas al pie de Mariah Carey y Vevo celebran 'pertenecemos juntos'","isPartOf":{"@id":"https:\/\/web.consaguirre.com.ar\/noticias\/#website"},"primaryImageOfPage":{"@id":"https:\/\/web.consaguirre.com.ar\/noticias\/las-notas-al-pie-de-mariah-carey-y-vevo-celebran-pertenecemos-juntos\/#primaryimage"},"image":{"@id":"https:\/\/web.consaguirre.com.ar\/noticias\/las-notas-al-pie-de-mariah-carey-y-vevo-celebran-pertenecemos-juntos\/#primaryimage"},"thumbnailUrl":"https:\/\/web.consaguirre.com.ar\/noticias\/wp-content\/uploads\/2025\/04\/Las-notas-al-pie-de-Mariah-Carey-y-Vevo-celebran.jpg","datePublished":"2025-04-18T18:41:39+00:00","dateModified":"2025-04-18T18:41:40+00:00","breadcrumb":{"@id":"https:\/\/web.consaguirre.com.ar\/noticias\/las-notas-al-pie-de-mariah-carey-y-vevo-celebran-pertenecemos-juntos\/#breadcrumb"},"inLanguage":"es-AR","potentialAction":[{"@type":"ReadAction","target":["https:\/\/web.consaguirre.com.ar\/noticias\/las-notas-al-pie-de-mariah-carey-y-vevo-celebran-pertenecemos-juntos\/"]}]},{"@type":"ImageObject","inLanguage":"es-AR","@id":"https:\/\/web.consaguirre.com.ar\/noticias\/las-notas-al-pie-de-mariah-carey-y-vevo-celebran-pertenecemos-juntos\/#primaryimage","url":"https:\/\/web.consaguirre.com.ar\/noticias\/wp-content\/uploads\/2025\/04\/Las-notas-al-pie-de-Mariah-Carey-y-Vevo-celebran.jpg","contentUrl":"https:\/\/web.consaguirre.com.ar\/noticias\/wp-content\/uploads\/2025\/04\/Las-notas-al-pie-de-Mariah-Carey-y-Vevo-celebran.jpg","width":1280,"height":1280,"caption":"Las notas al pie de Mariah Carey y Vevo celebran 'pertenecemos juntos'"},{"@type":"BreadcrumbList","@id":"https:\/\/web.consaguirre.com.ar\/noticias\/las-notas-al-pie-de-mariah-carey-y-vevo-celebran-pertenecemos-juntos\/#breadcrumb","itemListElement":[{"@type":"ListItem","position":1,"name":"Inicio","item":"https:\/\/web.consaguirre.com.ar\/noticias\/"},{"@type":"ListItem","position":2,"name":"Las notas al pie de Mariah Carey y Vevo celebran &#8216;pertenecemos juntos&#8217;"}]},{"@type":"WebSite","@id":"https:\/\/web.consaguirre.com.ar\/noticias\/#website","url":"https:\/\/web.consaguirre.com.ar\/noticias\/","name":"Conservatorio de M\u00fasica Juli\u00e1n Aguirre","description":"","publisher":{"@id":"https:\/\/web.consaguirre.com.ar\/noticias\/#organization"},"potentialAction":[{"@type":"SearchAction","target":{"@type":"EntryPoint","urlTemplate":"https:\/\/web.consaguirre.com.ar\/noticias\/?s={search_term_string}"},"query-input":"required name=search_term_string"}],"inLanguage":"es-AR"},{"@type":"Organization","@id":"https:\/\/web.consaguirre.com.ar\/noticias\/#organization","name":"Conservatorio de M\u00fasica Juli\u00e1n Aguirre","url":"https:\/\/web.consaguirre.com.ar\/noticias\/","logo":{"@type":"ImageObject","inLanguage":"es-AR","@id":"https:\/\/web.consaguirre.com.ar\/noticias\/#\/schema\/logo\/image\/","url":"https:\/\/web.consaguirre.com.ar\/noticias\/wp-content\/uploads\/2024\/08\/Banner-Aguirre-23.jpg","contentUrl":"https:\/\/web.consaguirre.com.ar\/noticias\/wp-content\/uploads\/2024\/08\/Banner-Aguirre-23.jpg","width":1192,"height":600,"caption":"Conservatorio de M\u00fasica Juli\u00e1n Aguirre"},"image":{"@id":"https:\/\/web.consaguirre.com.ar\/noticias\/#\/schema\/logo\/image\/"}},{"@type":"Person","@id":"https:\/\/web.consaguirre.com.ar\/noticias\/#\/schema\/person\/6558b0cfedee7ddc5425602b237d5722","name":"Javier Figueroa","image":{"@type":"ImageObject","inLanguage":"es-AR","@id":"https:\/\/web.consaguirre.com.ar\/noticias\/#\/schema\/person\/image\/","url":"https:\/\/web.consaguirre.com.ar\/noticias\/wp-content\/uploads\/2024\/08\/Consaguirre-scaled.jpg","contentUrl":"https:\/\/web.consaguirre.com.ar\/noticias\/wp-content\/uploads\/2024\/08\/Consaguirre-scaled.jpg","caption":"Javier Figueroa"},"description":"Me llamo Javier Figueroa y soy redactor para el sitio oficial del Conservatorio de M\u00fasica Juli\u00e1n Aguirre en Buenos Aires, consaguirre.com. Apasionado por la m\u00fasica y la escritura, me esfuerzo por destacar los talentos y eventos de nuestra prestigiosa instituci\u00f3n. Mi trayectoria se nutre de una profunda admiraci\u00f3n por los artistas, haciendo de cada art\u00edculo una celebraci\u00f3n de la creatividad y la cultura musical.","sameAs":["https:\/\/web.consaguirre.com.ar\/noticias"]}]}},"_links":{"self":[{"href":"https:\/\/web.consaguirre.com.ar\/noticias\/wp-json\/wp\/v2\/posts\/2436"}],"collection":[{"href":"https:\/\/web.consaguirre.com.ar\/noticias\/wp-json\/wp\/v2\/posts"}],"about":[{"href":"https:\/\/web.consaguirre.com.ar\/noticias\/wp-json\/wp\/v2\/types\/post"}],"author":[{"embeddable":true,"href":"https:\/\/web.consaguirre.com.ar\/noticias\/wp-json\/wp\/v2\/users\/1"}],"replies":[{"embeddable":true,"href":"https:\/\/web.consaguirre.com.ar\/noticias\/wp-json\/wp\/v2\/comments?post=2436"}],"version-history":[{"count":1,"href":"https:\/\/web.consaguirre.com.ar\/noticias\/wp-json\/wp\/v2\/posts\/2436\/revisions"}],"predecessor-version":[{"id":2438,"href":"https:\/\/web.consaguirre.com.ar\/noticias\/wp-json\/wp\/v2\/posts\/2436\/revisions\/2438"}],"wp:featuredmedia":[{"embeddable":true,"href":"https:\/\/web.consaguirre.com.ar\/noticias\/wp-json\/wp\/v2\/media\/2437"}],"wp:attachment":[{"href":"https:\/\/web.consaguirre.com.ar\/noticias\/wp-json\/wp\/v2\/media?parent=2436"}],"wp:term":[{"taxonomy":"category","embeddable":true,"href":"https:\/\/web.consaguirre.com.ar\/noticias\/wp-json\/wp\/v2\/categories?post=2436"},{"taxonomy":"post_tag","embeddable":true,"href":"https:\/\/web.consaguirre.com.ar\/noticias\/wp-json\/wp\/v2\/tags?post=2436"}],"curies":[{"name":"wp","href":"https:\/\/api.w.org\/{rel}","templated":true}]}}