{"id":2427,"date":"2025-04-17T18:38:29","date_gmt":"2025-04-17T21:38:29","guid":{"rendered":"https:\/\/web.consaguirre.com.ar\/noticias\/the-way-it-its-de-keyshia-cole-para-ser-lanzado-en-vinilo\/"},"modified":"2025-04-17T18:38:30","modified_gmt":"2025-04-17T21:38:30","slug":"the-way-it-its-de-keyshia-cole-para-ser-lanzado-en-vinilo","status":"publish","type":"post","link":"https:\/\/web.consaguirre.com.ar\/noticias\/the-way-it-its-de-keyshia-cole-para-ser-lanzado-en-vinilo\/","title":{"rendered":"&#8216;The Way It It\u2019s&#8217; de Keyshia Cole para ser lanzado en vinilo"},"content":{"rendered":"<p><strong>Keyshia Cole&#8217;s<\/strong> \u00e1lbum de estudio debut <em>La forma en que es<\/em> se lanzar\u00e1 en Vinyl por primera vez desde su lanzamiento en 2005. Est\u00e1 programado para llegar en junio.<\/p>\n<p>El \u00e1lbum consolid\u00f3 la leyenda del R&#038;B como una verdadera sabia l\u00edrica, mientras coescrib\u00eda cada canci\u00f3n junto a los pesados \u200b\u200bbateadores como <strong>Llaves de Alicia<\/strong> y <strong>John Legend<\/strong>. El disco muestra su destreza vocal mientras nos lleva a trav\u00e9s de un viaje s\u00f3nico profundamente convincente y emocional.<\/p>\n<div class=\"uD-YT-container\"><img decoding=\"async\" src=\"https:\/\/web.consaguirre.com.ar\/noticias\/wp-content\/uploads\/2025\/04\/The-Way-It-Its-de-Keyshia-Cole-para-ser-lanzado.jpg\" alt=\"Video de YouTube\"><br \/>Haga clic para cargar video<\/div>\n<p>Cole tambi\u00e9n ha anunciado una gira, que comenzar\u00e1 el 1 de julio. Los fan\u00e1ticos que pre-ordenen el vinilo recibir\u00e1n acceso exclusivo a la primera preventa para comprar boletos para las fechas de Am\u00e9rica del Norte. Visite Keyshia Cole&#8217;s <strong>Sitio web oficial para fechas de gira y m\u00e1s informaci\u00f3n. <\/strong> Al describir la gira, Cole dijo en un comunicado que est\u00e1 &#8220;tan agradecida de estar celebrando <em>La forma en que es<\/em> 20 a\u00f1os despu\u00e9s con los fan\u00e1ticos que han estado conmigo desde el primer d\u00eda. Este \u00e1lbum cambi\u00f3 mi vida, y poder llevarlo a la carretera, de ciudad a ciudad, pa\u00eds a pa\u00eds, es realmente un momento de c\u00edrculo completo y bendici\u00f3n \u201d.<\/p>\n<p>Lanzado originalmente en 2005, el \u00e1lbum fue un \u00e9xito monumental, trazando en el n\u00famero 6 en el Billboard 200 y alcanzando el n\u00famero 2 en los mejores \u00e1lbumes de R&#038;B\/Hip-Hop.<\/p>\n<p>En una entrevista ese mismo a\u00f1o con <em>Sfgate<\/em>Cole habl\u00f3 sobre c\u00f3mo ve\u00eda su m\u00fasica. Ella dijo: &#8220;No me mires como un artista de R&#038;B. La mayor\u00eda de los lugares a los que voy y las personas con las que estoy y act\u00fao frente a los fan\u00e1ticos reales del hip-hop. No son fan\u00e1ticos de R&#038;B. Son personas que van a los clubes y quiero escuchar la m\u00fasica de Bang-Bang. No quieren que no escuchen lentos ** t. Pero puedo ir all\u00ed y apelar a esa audiencia porque estoy mi coraz\u00f3n y no tengo el coraz\u00f3n y no quiero que mi coraz\u00f3n y mi coraz\u00f3n vine y que sienten mi coraz\u00f3n y que vienen de mi coraz\u00f3n.<\/p>\n<p>Tambi\u00e9n reflexion\u00f3 sobre por qu\u00e9 hace m\u00fasica, se\u00f1alando que hay una raz\u00f3n diferente de la que muchos podr\u00edan esperar. Ella dijo: &#8220;Hay algunos artistas que aman ese centro de atenci\u00f3n. No lo hago por eso. Lo hago por otra cosa. Simplemente lo hago por todo lo que he pasado. Quiero que las chicas de mi edad entiendan. Las chicas a las que canto est\u00e1n en el &#8216;cap\u00f3. Est\u00e1n en predicamentos que estoy seguro de que es dif\u00edcil pasar, para estar enfocadas e intentando estar en la escuela e intentar mantener un trabajo, tratar de mantener sus mentalidades. Por eso canto, para ellos.<\/p>\n<p><strong>Ordene Keyshia Cole&#8217;s <em>La forma en que es<\/em> en vinilo ahora.<\/strong><\/p>\n","protected":false},"excerpt":{"rendered":"<p>Keyshia Cole&#8217;s \u00e1lbum de estudio debut La forma en que es se lanzar\u00e1 en Vinyl por primera vez desde su lanzamiento en 2005. Est\u00e1 programado<\/p>\n","protected":false},"author":1,"featured_media":2428,"comment_status":"closed","ping_status":"","sticky":false,"template":"","format":"standard","meta":{"footnotes":""},"categories":[50],"tags":[1373,2347,998,154,1906,87],"class_list":["post-2427","post","type-post","status-publish","format-standard","has-post-thumbnail","hentry","category-el-ultimo","tag-cole","tag-keyshia","tag-lanzado","tag-para","tag-ser","tag-vinilo","generate-columns","tablet-grid-50","mobile-grid-100","grid-parent","grid-50"],"yoast_head":"<!-- This site is optimized with the Yoast SEO plugin v23.3 - https:\/\/yoast.com\/wordpress\/plugins\/seo\/ -->\n<title>&#039;The Way It It\u2019s&#039; de Keyshia Cole para ser lanzado en vinilo<\/title>\n<meta name=\"robots\" content=\"index, follow, max-snippet:-1, max-image-preview:large, max-video-preview:-1\" \/>\n<link rel=\"canonical\" href=\"https:\/\/web.consaguirre.com.ar\/noticias\/the-way-it-its-de-keyshia-cole-para-ser-lanzado-en-vinilo\/\" \/>\n<meta property=\"og:locale\" content=\"es_ES\" \/>\n<meta property=\"og:type\" content=\"article\" \/>\n<meta property=\"og:title\" content=\"&#039;The Way It It\u2019s&#039; de Keyshia Cole para ser lanzado en vinilo\" \/>\n<meta property=\"og:description\" content=\"Keyshia Cole&#8217;s \u00e1lbum de estudio debut La forma en que es se lanzar\u00e1 en Vinyl por primera vez desde su lanzamiento en 2005. Est\u00e1 programado\" \/>\n<meta property=\"og:url\" content=\"https:\/\/web.consaguirre.com.ar\/noticias\/the-way-it-its-de-keyshia-cole-para-ser-lanzado-en-vinilo\/\" \/>\n<meta property=\"og:site_name\" content=\"Conservatorio de M\u00fasica Juli\u00e1n Aguirre\" \/>\n<meta property=\"article:published_time\" content=\"2025-04-17T21:38:29+00:00\" \/>\n<meta property=\"article:modified_time\" content=\"2025-04-17T21:38:30+00:00\" \/>\n<meta property=\"og:image\" content=\"https:\/\/web.consaguirre.com.ar\/noticias\/wp-content\/uploads\/2025\/04\/The-Way-It-Its-de-Keyshia-Cole-para-ser-lanzado.jpeg\" \/>\n\t<meta property=\"og:image:width\" content=\"1280\" \/>\n\t<meta property=\"og:image:height\" content=\"1280\" \/>\n\t<meta property=\"og:image:type\" content=\"image\/jpeg\" \/>\n<meta name=\"author\" content=\"Javier Figueroa\" \/>\n<meta name=\"twitter:card\" content=\"summary_large_image\" \/>\n<meta name=\"twitter:label1\" content=\"Escrito por\" \/>\n\t<meta name=\"twitter:data1\" content=\"Javier Figueroa\" \/>\n\t<meta name=\"twitter:label2\" content=\"Tiempo de lectura\" \/>\n\t<meta name=\"twitter:data2\" content=\"2 minutos\" \/>\n<script type=\"application\/ld+json\" class=\"yoast-schema-graph\">{\"@context\":\"https:\/\/schema.org\",\"@graph\":[{\"@type\":\"Article\",\"@id\":\"https:\/\/web.consaguirre.com.ar\/noticias\/the-way-it-its-de-keyshia-cole-para-ser-lanzado-en-vinilo\/#article\",\"isPartOf\":{\"@id\":\"https:\/\/web.consaguirre.com.ar\/noticias\/the-way-it-its-de-keyshia-cole-para-ser-lanzado-en-vinilo\/\"},\"author\":{\"name\":\"Javier Figueroa\",\"@id\":\"https:\/\/web.consaguirre.com.ar\/noticias\/#\/schema\/person\/6558b0cfedee7ddc5425602b237d5722\"},\"headline\":\"&#8216;The Way It It\u2019s&#8217; de Keyshia Cole para ser lanzado en vinilo\",\"datePublished\":\"2025-04-17T21:38:29+00:00\",\"dateModified\":\"2025-04-17T21:38:30+00:00\",\"mainEntityOfPage\":{\"@id\":\"https:\/\/web.consaguirre.com.ar\/noticias\/the-way-it-its-de-keyshia-cole-para-ser-lanzado-en-vinilo\/\"},\"wordCount\":507,\"publisher\":{\"@id\":\"https:\/\/web.consaguirre.com.ar\/noticias\/#organization\"},\"image\":{\"@id\":\"https:\/\/web.consaguirre.com.ar\/noticias\/the-way-it-its-de-keyshia-cole-para-ser-lanzado-en-vinilo\/#primaryimage\"},\"thumbnailUrl\":\"https:\/\/web.consaguirre.com.ar\/noticias\/wp-content\/uploads\/2025\/04\/The-Way-It-Its-de-Keyshia-Cole-para-ser-lanzado.jpeg\",\"keywords\":[\"Cole\",\"Keyshia\",\"lanzado\",\"para\",\"ser\",\"vinilo\"],\"articleSection\":[\"El \u00faltimo\"],\"inLanguage\":\"es-AR\"},{\"@type\":\"WebPage\",\"@id\":\"https:\/\/web.consaguirre.com.ar\/noticias\/the-way-it-its-de-keyshia-cole-para-ser-lanzado-en-vinilo\/\",\"url\":\"https:\/\/web.consaguirre.com.ar\/noticias\/the-way-it-its-de-keyshia-cole-para-ser-lanzado-en-vinilo\/\",\"name\":\"'The Way It It\u2019s' de Keyshia Cole para ser lanzado en vinilo\",\"isPartOf\":{\"@id\":\"https:\/\/web.consaguirre.com.ar\/noticias\/#website\"},\"primaryImageOfPage\":{\"@id\":\"https:\/\/web.consaguirre.com.ar\/noticias\/the-way-it-its-de-keyshia-cole-para-ser-lanzado-en-vinilo\/#primaryimage\"},\"image\":{\"@id\":\"https:\/\/web.consaguirre.com.ar\/noticias\/the-way-it-its-de-keyshia-cole-para-ser-lanzado-en-vinilo\/#primaryimage\"},\"thumbnailUrl\":\"https:\/\/web.consaguirre.com.ar\/noticias\/wp-content\/uploads\/2025\/04\/The-Way-It-Its-de-Keyshia-Cole-para-ser-lanzado.jpeg\",\"datePublished\":\"2025-04-17T21:38:29+00:00\",\"dateModified\":\"2025-04-17T21:38:30+00:00\",\"breadcrumb\":{\"@id\":\"https:\/\/web.consaguirre.com.ar\/noticias\/the-way-it-its-de-keyshia-cole-para-ser-lanzado-en-vinilo\/#breadcrumb\"},\"inLanguage\":\"es-AR\",\"potentialAction\":[{\"@type\":\"ReadAction\",\"target\":[\"https:\/\/web.consaguirre.com.ar\/noticias\/the-way-it-its-de-keyshia-cole-para-ser-lanzado-en-vinilo\/\"]}]},{\"@type\":\"ImageObject\",\"inLanguage\":\"es-AR\",\"@id\":\"https:\/\/web.consaguirre.com.ar\/noticias\/the-way-it-its-de-keyshia-cole-para-ser-lanzado-en-vinilo\/#primaryimage\",\"url\":\"https:\/\/web.consaguirre.com.ar\/noticias\/wp-content\/uploads\/2025\/04\/The-Way-It-Its-de-Keyshia-Cole-para-ser-lanzado.jpeg\",\"contentUrl\":\"https:\/\/web.consaguirre.com.ar\/noticias\/wp-content\/uploads\/2025\/04\/The-Way-It-Its-de-Keyshia-Cole-para-ser-lanzado.jpeg\",\"width\":1280,\"height\":1280,\"caption\":\"Keyshia Cole, \u2018The Way It Is\u2019 Cover - Photo: Courtesy of A&amp;M Records\"},{\"@type\":\"BreadcrumbList\",\"@id\":\"https:\/\/web.consaguirre.com.ar\/noticias\/the-way-it-its-de-keyshia-cole-para-ser-lanzado-en-vinilo\/#breadcrumb\",\"itemListElement\":[{\"@type\":\"ListItem\",\"position\":1,\"name\":\"Inicio\",\"item\":\"https:\/\/web.consaguirre.com.ar\/noticias\/\"},{\"@type\":\"ListItem\",\"position\":2,\"name\":\"&#8216;The Way It It\u2019s&#8217; de Keyshia Cole para ser lanzado en vinilo\"}]},{\"@type\":\"WebSite\",\"@id\":\"https:\/\/web.consaguirre.com.ar\/noticias\/#website\",\"url\":\"https:\/\/web.consaguirre.com.ar\/noticias\/\",\"name\":\"Conservatorio de M\u00fasica Juli\u00e1n Aguirre\",\"description\":\"\",\"publisher\":{\"@id\":\"https:\/\/web.consaguirre.com.ar\/noticias\/#organization\"},\"potentialAction\":[{\"@type\":\"SearchAction\",\"target\":{\"@type\":\"EntryPoint\",\"urlTemplate\":\"https:\/\/web.consaguirre.com.ar\/noticias\/?s={search_term_string}\"},\"query-input\":\"required name=search_term_string\"}],\"inLanguage\":\"es-AR\"},{\"@type\":\"Organization\",\"@id\":\"https:\/\/web.consaguirre.com.ar\/noticias\/#organization\",\"name\":\"Conservatorio de M\u00fasica Juli\u00e1n Aguirre\",\"url\":\"https:\/\/web.consaguirre.com.ar\/noticias\/\",\"logo\":{\"@type\":\"ImageObject\",\"inLanguage\":\"es-AR\",\"@id\":\"https:\/\/web.consaguirre.com.ar\/noticias\/#\/schema\/logo\/image\/\",\"url\":\"https:\/\/web.consaguirre.com.ar\/noticias\/wp-content\/uploads\/2024\/08\/Banner-Aguirre-23.jpg\",\"contentUrl\":\"https:\/\/web.consaguirre.com.ar\/noticias\/wp-content\/uploads\/2024\/08\/Banner-Aguirre-23.jpg\",\"width\":1192,\"height\":600,\"caption\":\"Conservatorio de M\u00fasica Juli\u00e1n Aguirre\"},\"image\":{\"@id\":\"https:\/\/web.consaguirre.com.ar\/noticias\/#\/schema\/logo\/image\/\"}},{\"@type\":\"Person\",\"@id\":\"https:\/\/web.consaguirre.com.ar\/noticias\/#\/schema\/person\/6558b0cfedee7ddc5425602b237d5722\",\"name\":\"Javier Figueroa\",\"image\":{\"@type\":\"ImageObject\",\"inLanguage\":\"es-AR\",\"@id\":\"https:\/\/web.consaguirre.com.ar\/noticias\/#\/schema\/person\/image\/\",\"url\":\"https:\/\/web.consaguirre.com.ar\/noticias\/wp-content\/uploads\/2024\/08\/Consaguirre-scaled.jpg\",\"contentUrl\":\"https:\/\/web.consaguirre.com.ar\/noticias\/wp-content\/uploads\/2024\/08\/Consaguirre-scaled.jpg\",\"caption\":\"Javier Figueroa\"},\"description\":\"Me llamo Javier Figueroa y soy redactor para el sitio oficial del Conservatorio de M\u00fasica Juli\u00e1n Aguirre en Buenos Aires, consaguirre.com. Apasionado por la m\u00fasica y la escritura, me esfuerzo por destacar los talentos y eventos de nuestra prestigiosa instituci\u00f3n. Mi trayectoria se nutre de una profunda admiraci\u00f3n por los artistas, haciendo de cada art\u00edculo una celebraci\u00f3n de la creatividad y la cultura musical.\",\"sameAs\":[\"https:\/\/web.consaguirre.com.ar\/noticias\"]}]}<\/script>\n<!-- \/ Yoast SEO plugin. -->","yoast_head_json":{"title":"'The Way It It\u2019s' de Keyshia Cole para ser lanzado en vinilo","robots":{"index":"index","follow":"follow","max-snippet":"max-snippet:-1","max-image-preview":"max-image-preview:large","max-video-preview":"max-video-preview:-1"},"canonical":"https:\/\/web.consaguirre.com.ar\/noticias\/the-way-it-its-de-keyshia-cole-para-ser-lanzado-en-vinilo\/","og_locale":"es_ES","og_type":"article","og_title":"'The Way It It\u2019s' de Keyshia Cole para ser lanzado en vinilo","og_description":"Keyshia Cole&#8217;s \u00e1lbum de estudio debut La forma en que es se lanzar\u00e1 en Vinyl por primera vez desde su lanzamiento en 2005. Est\u00e1 programado","og_url":"https:\/\/web.consaguirre.com.ar\/noticias\/the-way-it-its-de-keyshia-cole-para-ser-lanzado-en-vinilo\/","og_site_name":"Conservatorio de M\u00fasica Juli\u00e1n Aguirre","article_published_time":"2025-04-17T21:38:29+00:00","article_modified_time":"2025-04-17T21:38:30+00:00","og_image":[{"width":1280,"height":1280,"url":"https:\/\/web.consaguirre.com.ar\/noticias\/wp-content\/uploads\/2025\/04\/The-Way-It-Its-de-Keyshia-Cole-para-ser-lanzado.jpeg","type":"image\/jpeg"}],"author":"Javier Figueroa","twitter_card":"summary_large_image","twitter_misc":{"Escrito por":"Javier Figueroa","Tiempo de lectura":"2 minutos"},"schema":{"@context":"https:\/\/schema.org","@graph":[{"@type":"Article","@id":"https:\/\/web.consaguirre.com.ar\/noticias\/the-way-it-its-de-keyshia-cole-para-ser-lanzado-en-vinilo\/#article","isPartOf":{"@id":"https:\/\/web.consaguirre.com.ar\/noticias\/the-way-it-its-de-keyshia-cole-para-ser-lanzado-en-vinilo\/"},"author":{"name":"Javier Figueroa","@id":"https:\/\/web.consaguirre.com.ar\/noticias\/#\/schema\/person\/6558b0cfedee7ddc5425602b237d5722"},"headline":"&#8216;The Way It It\u2019s&#8217; de Keyshia Cole para ser lanzado en vinilo","datePublished":"2025-04-17T21:38:29+00:00","dateModified":"2025-04-17T21:38:30+00:00","mainEntityOfPage":{"@id":"https:\/\/web.consaguirre.com.ar\/noticias\/the-way-it-its-de-keyshia-cole-para-ser-lanzado-en-vinilo\/"},"wordCount":507,"publisher":{"@id":"https:\/\/web.consaguirre.com.ar\/noticias\/#organization"},"image":{"@id":"https:\/\/web.consaguirre.com.ar\/noticias\/the-way-it-its-de-keyshia-cole-para-ser-lanzado-en-vinilo\/#primaryimage"},"thumbnailUrl":"https:\/\/web.consaguirre.com.ar\/noticias\/wp-content\/uploads\/2025\/04\/The-Way-It-Its-de-Keyshia-Cole-para-ser-lanzado.jpeg","keywords":["Cole","Keyshia","lanzado","para","ser","vinilo"],"articleSection":["El \u00faltimo"],"inLanguage":"es-AR"},{"@type":"WebPage","@id":"https:\/\/web.consaguirre.com.ar\/noticias\/the-way-it-its-de-keyshia-cole-para-ser-lanzado-en-vinilo\/","url":"https:\/\/web.consaguirre.com.ar\/noticias\/the-way-it-its-de-keyshia-cole-para-ser-lanzado-en-vinilo\/","name":"'The Way It It\u2019s' de Keyshia Cole para ser lanzado en vinilo","isPartOf":{"@id":"https:\/\/web.consaguirre.com.ar\/noticias\/#website"},"primaryImageOfPage":{"@id":"https:\/\/web.consaguirre.com.ar\/noticias\/the-way-it-its-de-keyshia-cole-para-ser-lanzado-en-vinilo\/#primaryimage"},"image":{"@id":"https:\/\/web.consaguirre.com.ar\/noticias\/the-way-it-its-de-keyshia-cole-para-ser-lanzado-en-vinilo\/#primaryimage"},"thumbnailUrl":"https:\/\/web.consaguirre.com.ar\/noticias\/wp-content\/uploads\/2025\/04\/The-Way-It-Its-de-Keyshia-Cole-para-ser-lanzado.jpeg","datePublished":"2025-04-17T21:38:29+00:00","dateModified":"2025-04-17T21:38:30+00:00","breadcrumb":{"@id":"https:\/\/web.consaguirre.com.ar\/noticias\/the-way-it-its-de-keyshia-cole-para-ser-lanzado-en-vinilo\/#breadcrumb"},"inLanguage":"es-AR","potentialAction":[{"@type":"ReadAction","target":["https:\/\/web.consaguirre.com.ar\/noticias\/the-way-it-its-de-keyshia-cole-para-ser-lanzado-en-vinilo\/"]}]},{"@type":"ImageObject","inLanguage":"es-AR","@id":"https:\/\/web.consaguirre.com.ar\/noticias\/the-way-it-its-de-keyshia-cole-para-ser-lanzado-en-vinilo\/#primaryimage","url":"https:\/\/web.consaguirre.com.ar\/noticias\/wp-content\/uploads\/2025\/04\/The-Way-It-Its-de-Keyshia-Cole-para-ser-lanzado.jpeg","contentUrl":"https:\/\/web.consaguirre.com.ar\/noticias\/wp-content\/uploads\/2025\/04\/The-Way-It-Its-de-Keyshia-Cole-para-ser-lanzado.jpeg","width":1280,"height":1280,"caption":"Keyshia Cole, \u2018The Way It Is\u2019 Cover - Photo: Courtesy of A&amp;M Records"},{"@type":"BreadcrumbList","@id":"https:\/\/web.consaguirre.com.ar\/noticias\/the-way-it-its-de-keyshia-cole-para-ser-lanzado-en-vinilo\/#breadcrumb","itemListElement":[{"@type":"ListItem","position":1,"name":"Inicio","item":"https:\/\/web.consaguirre.com.ar\/noticias\/"},{"@type":"ListItem","position":2,"name":"&#8216;The Way It It\u2019s&#8217; de Keyshia Cole para ser lanzado en vinilo"}]},{"@type":"WebSite","@id":"https:\/\/web.consaguirre.com.ar\/noticias\/#website","url":"https:\/\/web.consaguirre.com.ar\/noticias\/","name":"Conservatorio de M\u00fasica Juli\u00e1n Aguirre","description":"","publisher":{"@id":"https:\/\/web.consaguirre.com.ar\/noticias\/#organization"},"potentialAction":[{"@type":"SearchAction","target":{"@type":"EntryPoint","urlTemplate":"https:\/\/web.consaguirre.com.ar\/noticias\/?s={search_term_string}"},"query-input":"required name=search_term_string"}],"inLanguage":"es-AR"},{"@type":"Organization","@id":"https:\/\/web.consaguirre.com.ar\/noticias\/#organization","name":"Conservatorio de M\u00fasica Juli\u00e1n Aguirre","url":"https:\/\/web.consaguirre.com.ar\/noticias\/","logo":{"@type":"ImageObject","inLanguage":"es-AR","@id":"https:\/\/web.consaguirre.com.ar\/noticias\/#\/schema\/logo\/image\/","url":"https:\/\/web.consaguirre.com.ar\/noticias\/wp-content\/uploads\/2024\/08\/Banner-Aguirre-23.jpg","contentUrl":"https:\/\/web.consaguirre.com.ar\/noticias\/wp-content\/uploads\/2024\/08\/Banner-Aguirre-23.jpg","width":1192,"height":600,"caption":"Conservatorio de M\u00fasica Juli\u00e1n Aguirre"},"image":{"@id":"https:\/\/web.consaguirre.com.ar\/noticias\/#\/schema\/logo\/image\/"}},{"@type":"Person","@id":"https:\/\/web.consaguirre.com.ar\/noticias\/#\/schema\/person\/6558b0cfedee7ddc5425602b237d5722","name":"Javier Figueroa","image":{"@type":"ImageObject","inLanguage":"es-AR","@id":"https:\/\/web.consaguirre.com.ar\/noticias\/#\/schema\/person\/image\/","url":"https:\/\/web.consaguirre.com.ar\/noticias\/wp-content\/uploads\/2024\/08\/Consaguirre-scaled.jpg","contentUrl":"https:\/\/web.consaguirre.com.ar\/noticias\/wp-content\/uploads\/2024\/08\/Consaguirre-scaled.jpg","caption":"Javier Figueroa"},"description":"Me llamo Javier Figueroa y soy redactor para el sitio oficial del Conservatorio de M\u00fasica Juli\u00e1n Aguirre en Buenos Aires, consaguirre.com. Apasionado por la m\u00fasica y la escritura, me esfuerzo por destacar los talentos y eventos de nuestra prestigiosa instituci\u00f3n. Mi trayectoria se nutre de una profunda admiraci\u00f3n por los artistas, haciendo de cada art\u00edculo una celebraci\u00f3n de la creatividad y la cultura musical.","sameAs":["https:\/\/web.consaguirre.com.ar\/noticias"]}]}},"_links":{"self":[{"href":"https:\/\/web.consaguirre.com.ar\/noticias\/wp-json\/wp\/v2\/posts\/2427"}],"collection":[{"href":"https:\/\/web.consaguirre.com.ar\/noticias\/wp-json\/wp\/v2\/posts"}],"about":[{"href":"https:\/\/web.consaguirre.com.ar\/noticias\/wp-json\/wp\/v2\/types\/post"}],"author":[{"embeddable":true,"href":"https:\/\/web.consaguirre.com.ar\/noticias\/wp-json\/wp\/v2\/users\/1"}],"replies":[{"embeddable":true,"href":"https:\/\/web.consaguirre.com.ar\/noticias\/wp-json\/wp\/v2\/comments?post=2427"}],"version-history":[{"count":1,"href":"https:\/\/web.consaguirre.com.ar\/noticias\/wp-json\/wp\/v2\/posts\/2427\/revisions"}],"predecessor-version":[{"id":2429,"href":"https:\/\/web.consaguirre.com.ar\/noticias\/wp-json\/wp\/v2\/posts\/2427\/revisions\/2429"}],"wp:featuredmedia":[{"embeddable":true,"href":"https:\/\/web.consaguirre.com.ar\/noticias\/wp-json\/wp\/v2\/media\/2428"}],"wp:attachment":[{"href":"https:\/\/web.consaguirre.com.ar\/noticias\/wp-json\/wp\/v2\/media?parent=2427"}],"wp:term":[{"taxonomy":"category","embeddable":true,"href":"https:\/\/web.consaguirre.com.ar\/noticias\/wp-json\/wp\/v2\/categories?post=2427"},{"taxonomy":"post_tag","embeddable":true,"href":"https:\/\/web.consaguirre.com.ar\/noticias\/wp-json\/wp\/v2\/tags?post=2427"}],"curies":[{"name":"wp","href":"https:\/\/api.w.org\/{rel}","templated":true}]}}