{"id":2424,"date":"2025-04-17T15:40:43","date_gmt":"2025-04-17T18:40:43","guid":{"rendered":"https:\/\/web.consaguirre.com.ar\/noticias\/selena-gomez-nombro-a-la-mujer-latina-de-billboard-en-la-musica-del-ano\/"},"modified":"2025-04-17T15:40:43","modified_gmt":"2025-04-17T18:40:43","slug":"selena-gomez-nombro-a-la-mujer-latina-de-billboard-en-la-musica-del-ano","status":"publish","type":"post","link":"https:\/\/web.consaguirre.com.ar\/noticias\/selena-gomez-nombro-a-la-mujer-latina-de-billboard-en-la-musica-del-ano\/","title":{"rendered":"Selena Gomez nombr\u00f3 a la mujer latina de Billboard en la m\u00fasica del a\u00f1o"},"content":{"rendered":"<p><strong>Selena Gomez<\/strong> est\u00e1 ganando un reconocimiento importante en el evento Billboard Latin Women in Music de este a\u00f1o. Billboard y Telemundo anunciaron esta semana que G\u00f3mez recibir\u00e1 el Premio de Mujeres del A\u00f1o 2025, uni\u00e9ndose a homenajeados anteriores como Shakira y <strong>Karol G<\/strong>. El premio honra a &#8220;una artista femenina que ha demostrado un \u00e9xito excepcional, liderazgo e influencia cultural en la industria de la m\u00fasica y m\u00e1s all\u00e1&#8221;. G\u00f3mez recibir\u00e1 el premio cuando el especial de dos horas se transmita el 24 de mayo desde Miami en Telemundo.<\/p>\n<p>G\u00f3mez ha tenido un a\u00f1o incre\u00edblemente ocupado e incre\u00edblemente exitoso el a\u00f1o pasado. En mayo pasado, comparti\u00f3 el premio a la mejor actriz en el Festival de Cine de Cannes con sus coprotagonistas en <em>Emilia P\u00e9rez<\/em>. G\u00f3mez recibi\u00f3 nominaciones para su actuaci\u00f3n en los premios BAFTA, Globos de Oro y Screen Actors Guild, y se present\u00f3 en los Premios de la Academia. Tambi\u00e9n recibi\u00f3 nominaciones de Emmy y Globo de Oro por su actuaci\u00f3n en la serie. <em>Solo asesinatos en el edificio<\/em>. En marzo pasado, Gomez y su prometido Benny Blanco lanz\u00f3 el \u00e1lbum conjunto <em>Dije que te amo primero<\/em>que alcanz\u00f3 el n\u00famero 2 en el Billboard 200.<\/p>\n<div class=\"uD-YT-container\"><img decoding=\"async\" src=\"https:\/\/web.consaguirre.com.ar\/noticias\/wp-content\/uploads\/2025\/04\/1744915243_160_Selena-Gomez-nombro-a-la-mujer-latina-de-Billboard-en.jpg\" alt=\"Video de YouTube\"><br \/>Haga clic para cargar video<\/div>\n<p>A trav\u00e9s de todos sus variados esfuerzos, G\u00f3mez se ha mantenido franco sobre su herencia y lo que significa para ella. Ella lanz\u00f3 su primer EP en espa\u00f1ol en espa\u00f1ol <em>Revelaci\u00f3n<\/em> en 2021, y con frecuencia ha colaborado con otros artistas latinos como Ozuna, Cardi B y Rauw Alejandro. El artista tambi\u00e9n se ha mantenido directo sobre los temas que afectan a las comunidades latinas en los Estados Unidos. &#8220;Siempre soy muy vocal sobre mis antecedentes&#8221;, dijo G\u00f3mez <em>Digital aturdido<\/em> en 2020 mientras hablaba de la experiencia de sus abuelos inmigrando de M\u00e9xico a los Estados Unidos. &#8220;Me agradezco mucho mi apellido. Tambi\u00e9n he vuelto a relevar mucha m\u00fasica en espa\u00f1ol, y eso es algo que suceder\u00e1 un poco m\u00e1s. As\u00ed que hay mucho m\u00e1s que me encantar\u00eda hacer porque no lo tomo a la ligera, estoy muy honrado&#8221;.<\/p>\n<p><strong>Compre la m\u00fasica de Selena Gomez ahora.<\/strong><\/p>\n","protected":false},"excerpt":{"rendered":"<p>Selena Gomez est\u00e1 ganando un reconocimiento importante en el evento Billboard Latin Women in Music de este a\u00f1o. Billboard y Telemundo anunciaron esta semana que<\/p>\n","protected":false},"author":1,"featured_media":2425,"comment_status":"closed","ping_status":"","sticky":false,"template":"","format":"standard","meta":{"footnotes":""},"categories":[50],"tags":[470,1065,10,1312,704,2091,632,2090,1311],"class_list":["post-2424","post","type-post","status-publish","format-standard","has-post-thumbnail","hentry","category-el-ultimo","tag-ano","tag-billboard","tag-del","tag-gomez","tag-latina","tag-mujer","tag-musica","tag-nombro","tag-selena","generate-columns","tablet-grid-50","mobile-grid-100","grid-parent","grid-50"],"yoast_head":"<!-- This site is optimized with the Yoast SEO plugin v23.3 - https:\/\/yoast.com\/wordpress\/plugins\/seo\/ -->\n<title>Selena Gomez nombr\u00f3 a la mujer latina de Billboard en la m\u00fasica del a\u00f1o<\/title>\n<meta name=\"robots\" content=\"index, follow, max-snippet:-1, max-image-preview:large, max-video-preview:-1\" \/>\n<link rel=\"canonical\" href=\"https:\/\/web.consaguirre.com.ar\/noticias\/selena-gomez-nombro-a-la-mujer-latina-de-billboard-en-la-musica-del-ano\/\" \/>\n<meta property=\"og:locale\" content=\"es_ES\" \/>\n<meta property=\"og:type\" content=\"article\" \/>\n<meta property=\"og:title\" content=\"Selena Gomez nombr\u00f3 a la mujer latina de Billboard en la m\u00fasica del a\u00f1o\" \/>\n<meta property=\"og:description\" content=\"Selena Gomez est\u00e1 ganando un reconocimiento importante en el evento Billboard Latin Women in Music de este a\u00f1o. Billboard y Telemundo anunciaron esta semana que\" \/>\n<meta property=\"og:url\" content=\"https:\/\/web.consaguirre.com.ar\/noticias\/selena-gomez-nombro-a-la-mujer-latina-de-billboard-en-la-musica-del-ano\/\" \/>\n<meta property=\"og:site_name\" content=\"Conservatorio de M\u00fasica Juli\u00e1n Aguirre\" \/>\n<meta property=\"article:published_time\" content=\"2025-04-17T18:40:43+00:00\" \/>\n<meta property=\"og:image\" content=\"https:\/\/web.consaguirre.com.ar\/noticias\/wp-content\/uploads\/2025\/04\/Selena-Gomez-nombro-a-la-mujer-latina-de-Billboard-en.jpg\" \/>\n\t<meta property=\"og:image:width\" content=\"1440\" \/>\n\t<meta property=\"og:image:height\" content=\"864\" \/>\n\t<meta property=\"og:image:type\" content=\"image\/jpeg\" \/>\n<meta name=\"author\" content=\"Javier Figueroa\" \/>\n<meta name=\"twitter:card\" content=\"summary_large_image\" \/>\n<meta name=\"twitter:label1\" content=\"Escrito por\" \/>\n\t<meta name=\"twitter:data1\" content=\"Javier Figueroa\" \/>\n\t<meta name=\"twitter:label2\" content=\"Tiempo de lectura\" \/>\n\t<meta name=\"twitter:data2\" content=\"2 minutos\" \/>\n<script type=\"application\/ld+json\" class=\"yoast-schema-graph\">{\"@context\":\"https:\/\/schema.org\",\"@graph\":[{\"@type\":\"Article\",\"@id\":\"https:\/\/web.consaguirre.com.ar\/noticias\/selena-gomez-nombro-a-la-mujer-latina-de-billboard-en-la-musica-del-ano\/#article\",\"isPartOf\":{\"@id\":\"https:\/\/web.consaguirre.com.ar\/noticias\/selena-gomez-nombro-a-la-mujer-latina-de-billboard-en-la-musica-del-ano\/\"},\"author\":{\"name\":\"Javier Figueroa\",\"@id\":\"https:\/\/web.consaguirre.com.ar\/noticias\/#\/schema\/person\/6558b0cfedee7ddc5425602b237d5722\"},\"headline\":\"Selena Gomez nombr\u00f3 a la mujer latina de Billboard en la m\u00fasica del a\u00f1o\",\"datePublished\":\"2025-04-17T18:40:43+00:00\",\"dateModified\":\"2025-04-17T18:40:43+00:00\",\"mainEntityOfPage\":{\"@id\":\"https:\/\/web.consaguirre.com.ar\/noticias\/selena-gomez-nombro-a-la-mujer-latina-de-billboard-en-la-musica-del-ano\/\"},\"wordCount\":391,\"publisher\":{\"@id\":\"https:\/\/web.consaguirre.com.ar\/noticias\/#organization\"},\"image\":{\"@id\":\"https:\/\/web.consaguirre.com.ar\/noticias\/selena-gomez-nombro-a-la-mujer-latina-de-billboard-en-la-musica-del-ano\/#primaryimage\"},\"thumbnailUrl\":\"https:\/\/web.consaguirre.com.ar\/noticias\/wp-content\/uploads\/2025\/04\/Selena-Gomez-nombro-a-la-mujer-latina-de-Billboard-en.jpg\",\"keywords\":[\"a\u00f1o\",\"Billboard\",\"del\",\"Gomez\",\"Latina\",\"mujer\",\"m\u00fasica\",\"nombr\u00f3\",\"Selena\"],\"articleSection\":[\"El \u00faltimo\"],\"inLanguage\":\"es-AR\"},{\"@type\":\"WebPage\",\"@id\":\"https:\/\/web.consaguirre.com.ar\/noticias\/selena-gomez-nombro-a-la-mujer-latina-de-billboard-en-la-musica-del-ano\/\",\"url\":\"https:\/\/web.consaguirre.com.ar\/noticias\/selena-gomez-nombro-a-la-mujer-latina-de-billboard-en-la-musica-del-ano\/\",\"name\":\"Selena Gomez nombr\u00f3 a la mujer latina de Billboard en la m\u00fasica del a\u00f1o\",\"isPartOf\":{\"@id\":\"https:\/\/web.consaguirre.com.ar\/noticias\/#website\"},\"primaryImageOfPage\":{\"@id\":\"https:\/\/web.consaguirre.com.ar\/noticias\/selena-gomez-nombro-a-la-mujer-latina-de-billboard-en-la-musica-del-ano\/#primaryimage\"},\"image\":{\"@id\":\"https:\/\/web.consaguirre.com.ar\/noticias\/selena-gomez-nombro-a-la-mujer-latina-de-billboard-en-la-musica-del-ano\/#primaryimage\"},\"thumbnailUrl\":\"https:\/\/web.consaguirre.com.ar\/noticias\/wp-content\/uploads\/2025\/04\/Selena-Gomez-nombro-a-la-mujer-latina-de-Billboard-en.jpg\",\"datePublished\":\"2025-04-17T18:40:43+00:00\",\"dateModified\":\"2025-04-17T18:40:43+00:00\",\"breadcrumb\":{\"@id\":\"https:\/\/web.consaguirre.com.ar\/noticias\/selena-gomez-nombro-a-la-mujer-latina-de-billboard-en-la-musica-del-ano\/#breadcrumb\"},\"inLanguage\":\"es-AR\",\"potentialAction\":[{\"@type\":\"ReadAction\",\"target\":[\"https:\/\/web.consaguirre.com.ar\/noticias\/selena-gomez-nombro-a-la-mujer-latina-de-billboard-en-la-musica-del-ano\/\"]}]},{\"@type\":\"ImageObject\",\"inLanguage\":\"es-AR\",\"@id\":\"https:\/\/web.consaguirre.com.ar\/noticias\/selena-gomez-nombro-a-la-mujer-latina-de-billboard-en-la-musica-del-ano\/#primaryimage\",\"url\":\"https:\/\/web.consaguirre.com.ar\/noticias\/wp-content\/uploads\/2025\/04\/Selena-Gomez-nombro-a-la-mujer-latina-de-Billboard-en.jpg\",\"contentUrl\":\"https:\/\/web.consaguirre.com.ar\/noticias\/wp-content\/uploads\/2025\/04\/Selena-Gomez-nombro-a-la-mujer-latina-de-Billboard-en.jpg\",\"width\":1440,\"height\":864,\"caption\":\"Selena Gomez nombr\u00f3 a la mujer latina de Billboard en la m\u00fasica del a\u00f1o\"},{\"@type\":\"BreadcrumbList\",\"@id\":\"https:\/\/web.consaguirre.com.ar\/noticias\/selena-gomez-nombro-a-la-mujer-latina-de-billboard-en-la-musica-del-ano\/#breadcrumb\",\"itemListElement\":[{\"@type\":\"ListItem\",\"position\":1,\"name\":\"Inicio\",\"item\":\"https:\/\/web.consaguirre.com.ar\/noticias\/\"},{\"@type\":\"ListItem\",\"position\":2,\"name\":\"Selena Gomez nombr\u00f3 a la mujer latina de Billboard en la m\u00fasica del a\u00f1o\"}]},{\"@type\":\"WebSite\",\"@id\":\"https:\/\/web.consaguirre.com.ar\/noticias\/#website\",\"url\":\"https:\/\/web.consaguirre.com.ar\/noticias\/\",\"name\":\"Conservatorio de M\u00fasica Juli\u00e1n Aguirre\",\"description\":\"\",\"publisher\":{\"@id\":\"https:\/\/web.consaguirre.com.ar\/noticias\/#organization\"},\"potentialAction\":[{\"@type\":\"SearchAction\",\"target\":{\"@type\":\"EntryPoint\",\"urlTemplate\":\"https:\/\/web.consaguirre.com.ar\/noticias\/?s={search_term_string}\"},\"query-input\":\"required name=search_term_string\"}],\"inLanguage\":\"es-AR\"},{\"@type\":\"Organization\",\"@id\":\"https:\/\/web.consaguirre.com.ar\/noticias\/#organization\",\"name\":\"Conservatorio de M\u00fasica Juli\u00e1n Aguirre\",\"url\":\"https:\/\/web.consaguirre.com.ar\/noticias\/\",\"logo\":{\"@type\":\"ImageObject\",\"inLanguage\":\"es-AR\",\"@id\":\"https:\/\/web.consaguirre.com.ar\/noticias\/#\/schema\/logo\/image\/\",\"url\":\"https:\/\/web.consaguirre.com.ar\/noticias\/wp-content\/uploads\/2024\/08\/Banner-Aguirre-23.jpg\",\"contentUrl\":\"https:\/\/web.consaguirre.com.ar\/noticias\/wp-content\/uploads\/2024\/08\/Banner-Aguirre-23.jpg\",\"width\":1192,\"height\":600,\"caption\":\"Conservatorio de M\u00fasica Juli\u00e1n Aguirre\"},\"image\":{\"@id\":\"https:\/\/web.consaguirre.com.ar\/noticias\/#\/schema\/logo\/image\/\"}},{\"@type\":\"Person\",\"@id\":\"https:\/\/web.consaguirre.com.ar\/noticias\/#\/schema\/person\/6558b0cfedee7ddc5425602b237d5722\",\"name\":\"Javier Figueroa\",\"image\":{\"@type\":\"ImageObject\",\"inLanguage\":\"es-AR\",\"@id\":\"https:\/\/web.consaguirre.com.ar\/noticias\/#\/schema\/person\/image\/\",\"url\":\"https:\/\/web.consaguirre.com.ar\/noticias\/wp-content\/uploads\/2024\/08\/Consaguirre-scaled.jpg\",\"contentUrl\":\"https:\/\/web.consaguirre.com.ar\/noticias\/wp-content\/uploads\/2024\/08\/Consaguirre-scaled.jpg\",\"caption\":\"Javier Figueroa\"},\"description\":\"Me llamo Javier Figueroa y soy redactor para el sitio oficial del Conservatorio de M\u00fasica Juli\u00e1n Aguirre en Buenos Aires, consaguirre.com. Apasionado por la m\u00fasica y la escritura, me esfuerzo por destacar los talentos y eventos de nuestra prestigiosa instituci\u00f3n. Mi trayectoria se nutre de una profunda admiraci\u00f3n por los artistas, haciendo de cada art\u00edculo una celebraci\u00f3n de la creatividad y la cultura musical.\",\"sameAs\":[\"https:\/\/web.consaguirre.com.ar\/noticias\"]}]}<\/script>\n<!-- \/ Yoast SEO plugin. -->","yoast_head_json":{"title":"Selena Gomez nombr\u00f3 a la mujer latina de Billboard en la m\u00fasica del a\u00f1o","robots":{"index":"index","follow":"follow","max-snippet":"max-snippet:-1","max-image-preview":"max-image-preview:large","max-video-preview":"max-video-preview:-1"},"canonical":"https:\/\/web.consaguirre.com.ar\/noticias\/selena-gomez-nombro-a-la-mujer-latina-de-billboard-en-la-musica-del-ano\/","og_locale":"es_ES","og_type":"article","og_title":"Selena Gomez nombr\u00f3 a la mujer latina de Billboard en la m\u00fasica del a\u00f1o","og_description":"Selena Gomez est\u00e1 ganando un reconocimiento importante en el evento Billboard Latin Women in Music de este a\u00f1o. Billboard y Telemundo anunciaron esta semana que","og_url":"https:\/\/web.consaguirre.com.ar\/noticias\/selena-gomez-nombro-a-la-mujer-latina-de-billboard-en-la-musica-del-ano\/","og_site_name":"Conservatorio de M\u00fasica Juli\u00e1n Aguirre","article_published_time":"2025-04-17T18:40:43+00:00","og_image":[{"width":1440,"height":864,"url":"https:\/\/web.consaguirre.com.ar\/noticias\/wp-content\/uploads\/2025\/04\/Selena-Gomez-nombro-a-la-mujer-latina-de-Billboard-en.jpg","type":"image\/jpeg"}],"author":"Javier Figueroa","twitter_card":"summary_large_image","twitter_misc":{"Escrito por":"Javier Figueroa","Tiempo de lectura":"2 minutos"},"schema":{"@context":"https:\/\/schema.org","@graph":[{"@type":"Article","@id":"https:\/\/web.consaguirre.com.ar\/noticias\/selena-gomez-nombro-a-la-mujer-latina-de-billboard-en-la-musica-del-ano\/#article","isPartOf":{"@id":"https:\/\/web.consaguirre.com.ar\/noticias\/selena-gomez-nombro-a-la-mujer-latina-de-billboard-en-la-musica-del-ano\/"},"author":{"name":"Javier Figueroa","@id":"https:\/\/web.consaguirre.com.ar\/noticias\/#\/schema\/person\/6558b0cfedee7ddc5425602b237d5722"},"headline":"Selena Gomez nombr\u00f3 a la mujer latina de Billboard en la m\u00fasica del a\u00f1o","datePublished":"2025-04-17T18:40:43+00:00","dateModified":"2025-04-17T18:40:43+00:00","mainEntityOfPage":{"@id":"https:\/\/web.consaguirre.com.ar\/noticias\/selena-gomez-nombro-a-la-mujer-latina-de-billboard-en-la-musica-del-ano\/"},"wordCount":391,"publisher":{"@id":"https:\/\/web.consaguirre.com.ar\/noticias\/#organization"},"image":{"@id":"https:\/\/web.consaguirre.com.ar\/noticias\/selena-gomez-nombro-a-la-mujer-latina-de-billboard-en-la-musica-del-ano\/#primaryimage"},"thumbnailUrl":"https:\/\/web.consaguirre.com.ar\/noticias\/wp-content\/uploads\/2025\/04\/Selena-Gomez-nombro-a-la-mujer-latina-de-Billboard-en.jpg","keywords":["a\u00f1o","Billboard","del","Gomez","Latina","mujer","m\u00fasica","nombr\u00f3","Selena"],"articleSection":["El \u00faltimo"],"inLanguage":"es-AR"},{"@type":"WebPage","@id":"https:\/\/web.consaguirre.com.ar\/noticias\/selena-gomez-nombro-a-la-mujer-latina-de-billboard-en-la-musica-del-ano\/","url":"https:\/\/web.consaguirre.com.ar\/noticias\/selena-gomez-nombro-a-la-mujer-latina-de-billboard-en-la-musica-del-ano\/","name":"Selena Gomez nombr\u00f3 a la mujer latina de Billboard en la m\u00fasica del a\u00f1o","isPartOf":{"@id":"https:\/\/web.consaguirre.com.ar\/noticias\/#website"},"primaryImageOfPage":{"@id":"https:\/\/web.consaguirre.com.ar\/noticias\/selena-gomez-nombro-a-la-mujer-latina-de-billboard-en-la-musica-del-ano\/#primaryimage"},"image":{"@id":"https:\/\/web.consaguirre.com.ar\/noticias\/selena-gomez-nombro-a-la-mujer-latina-de-billboard-en-la-musica-del-ano\/#primaryimage"},"thumbnailUrl":"https:\/\/web.consaguirre.com.ar\/noticias\/wp-content\/uploads\/2025\/04\/Selena-Gomez-nombro-a-la-mujer-latina-de-Billboard-en.jpg","datePublished":"2025-04-17T18:40:43+00:00","dateModified":"2025-04-17T18:40:43+00:00","breadcrumb":{"@id":"https:\/\/web.consaguirre.com.ar\/noticias\/selena-gomez-nombro-a-la-mujer-latina-de-billboard-en-la-musica-del-ano\/#breadcrumb"},"inLanguage":"es-AR","potentialAction":[{"@type":"ReadAction","target":["https:\/\/web.consaguirre.com.ar\/noticias\/selena-gomez-nombro-a-la-mujer-latina-de-billboard-en-la-musica-del-ano\/"]}]},{"@type":"ImageObject","inLanguage":"es-AR","@id":"https:\/\/web.consaguirre.com.ar\/noticias\/selena-gomez-nombro-a-la-mujer-latina-de-billboard-en-la-musica-del-ano\/#primaryimage","url":"https:\/\/web.consaguirre.com.ar\/noticias\/wp-content\/uploads\/2025\/04\/Selena-Gomez-nombro-a-la-mujer-latina-de-Billboard-en.jpg","contentUrl":"https:\/\/web.consaguirre.com.ar\/noticias\/wp-content\/uploads\/2025\/04\/Selena-Gomez-nombro-a-la-mujer-latina-de-Billboard-en.jpg","width":1440,"height":864,"caption":"Selena Gomez nombr\u00f3 a la mujer latina de Billboard en la m\u00fasica del a\u00f1o"},{"@type":"BreadcrumbList","@id":"https:\/\/web.consaguirre.com.ar\/noticias\/selena-gomez-nombro-a-la-mujer-latina-de-billboard-en-la-musica-del-ano\/#breadcrumb","itemListElement":[{"@type":"ListItem","position":1,"name":"Inicio","item":"https:\/\/web.consaguirre.com.ar\/noticias\/"},{"@type":"ListItem","position":2,"name":"Selena Gomez nombr\u00f3 a la mujer latina de Billboard en la m\u00fasica del a\u00f1o"}]},{"@type":"WebSite","@id":"https:\/\/web.consaguirre.com.ar\/noticias\/#website","url":"https:\/\/web.consaguirre.com.ar\/noticias\/","name":"Conservatorio de M\u00fasica Juli\u00e1n Aguirre","description":"","publisher":{"@id":"https:\/\/web.consaguirre.com.ar\/noticias\/#organization"},"potentialAction":[{"@type":"SearchAction","target":{"@type":"EntryPoint","urlTemplate":"https:\/\/web.consaguirre.com.ar\/noticias\/?s={search_term_string}"},"query-input":"required name=search_term_string"}],"inLanguage":"es-AR"},{"@type":"Organization","@id":"https:\/\/web.consaguirre.com.ar\/noticias\/#organization","name":"Conservatorio de M\u00fasica Juli\u00e1n Aguirre","url":"https:\/\/web.consaguirre.com.ar\/noticias\/","logo":{"@type":"ImageObject","inLanguage":"es-AR","@id":"https:\/\/web.consaguirre.com.ar\/noticias\/#\/schema\/logo\/image\/","url":"https:\/\/web.consaguirre.com.ar\/noticias\/wp-content\/uploads\/2024\/08\/Banner-Aguirre-23.jpg","contentUrl":"https:\/\/web.consaguirre.com.ar\/noticias\/wp-content\/uploads\/2024\/08\/Banner-Aguirre-23.jpg","width":1192,"height":600,"caption":"Conservatorio de M\u00fasica Juli\u00e1n Aguirre"},"image":{"@id":"https:\/\/web.consaguirre.com.ar\/noticias\/#\/schema\/logo\/image\/"}},{"@type":"Person","@id":"https:\/\/web.consaguirre.com.ar\/noticias\/#\/schema\/person\/6558b0cfedee7ddc5425602b237d5722","name":"Javier Figueroa","image":{"@type":"ImageObject","inLanguage":"es-AR","@id":"https:\/\/web.consaguirre.com.ar\/noticias\/#\/schema\/person\/image\/","url":"https:\/\/web.consaguirre.com.ar\/noticias\/wp-content\/uploads\/2024\/08\/Consaguirre-scaled.jpg","contentUrl":"https:\/\/web.consaguirre.com.ar\/noticias\/wp-content\/uploads\/2024\/08\/Consaguirre-scaled.jpg","caption":"Javier Figueroa"},"description":"Me llamo Javier Figueroa y soy redactor para el sitio oficial del Conservatorio de M\u00fasica Juli\u00e1n Aguirre en Buenos Aires, consaguirre.com. Apasionado por la m\u00fasica y la escritura, me esfuerzo por destacar los talentos y eventos de nuestra prestigiosa instituci\u00f3n. Mi trayectoria se nutre de una profunda admiraci\u00f3n por los artistas, haciendo de cada art\u00edculo una celebraci\u00f3n de la creatividad y la cultura musical.","sameAs":["https:\/\/web.consaguirre.com.ar\/noticias"]}]}},"_links":{"self":[{"href":"https:\/\/web.consaguirre.com.ar\/noticias\/wp-json\/wp\/v2\/posts\/2424"}],"collection":[{"href":"https:\/\/web.consaguirre.com.ar\/noticias\/wp-json\/wp\/v2\/posts"}],"about":[{"href":"https:\/\/web.consaguirre.com.ar\/noticias\/wp-json\/wp\/v2\/types\/post"}],"author":[{"embeddable":true,"href":"https:\/\/web.consaguirre.com.ar\/noticias\/wp-json\/wp\/v2\/users\/1"}],"replies":[{"embeddable":true,"href":"https:\/\/web.consaguirre.com.ar\/noticias\/wp-json\/wp\/v2\/comments?post=2424"}],"version-history":[{"count":1,"href":"https:\/\/web.consaguirre.com.ar\/noticias\/wp-json\/wp\/v2\/posts\/2424\/revisions"}],"predecessor-version":[{"id":2426,"href":"https:\/\/web.consaguirre.com.ar\/noticias\/wp-json\/wp\/v2\/posts\/2424\/revisions\/2426"}],"wp:featuredmedia":[{"embeddable":true,"href":"https:\/\/web.consaguirre.com.ar\/noticias\/wp-json\/wp\/v2\/media\/2425"}],"wp:attachment":[{"href":"https:\/\/web.consaguirre.com.ar\/noticias\/wp-json\/wp\/v2\/media?parent=2424"}],"wp:term":[{"taxonomy":"category","embeddable":true,"href":"https:\/\/web.consaguirre.com.ar\/noticias\/wp-json\/wp\/v2\/categories?post=2424"},{"taxonomy":"post_tag","embeddable":true,"href":"https:\/\/web.consaguirre.com.ar\/noticias\/wp-json\/wp\/v2\/tags?post=2424"}],"curies":[{"name":"wp","href":"https:\/\/api.w.org\/{rel}","templated":true}]}}