{"id":2418,"date":"2025-04-16T21:45:31","date_gmt":"2025-04-17T00:45:31","guid":{"rendered":"https:\/\/web.consaguirre.com.ar\/noticias\/james-bay-se-lanzara-deluxe-edition-de-changes-todo-el-tiempo\/"},"modified":"2025-04-16T21:45:32","modified_gmt":"2025-04-17T00:45:32","slug":"james-bay-se-lanzara-deluxe-edition-de-changes-todo-el-tiempo","status":"publish","type":"post","link":"https:\/\/web.consaguirre.com.ar\/noticias\/james-bay-se-lanzara-deluxe-edition-de-changes-todo-el-tiempo\/","title":{"rendered":"James Bay se lanzar\u00e1 Deluxe Edition de &#8216;Changes todo el tiempo&#8217;"},"content":{"rendered":"<p>Artista de ventas de platino, nominado al Grammy, 2X <strong>James Bay<\/strong> se est\u00e1 preparando para lanzar una edici\u00f3n de lujo de su \u00e1lbum 2024 <strong><em>Cambia todo el tiempo<\/em><\/strong>Llegue el 18 de abril. Consulte un trailer para el proyecto <strong>aqu\u00ed<\/strong>.<\/p>\n<p>La nueva edici\u00f3n est\u00e1 encabezada por un nuevo sencillo, &#8220;You and Me Time&#8221;, que hizo con lo inimitable <strong>Sheryl Crow<\/strong>. Mira la nueva pista a continuaci\u00f3n.<\/p>\n<p>El \u00e1lbum original ha obtenido transmisiones de 80 m e incluye una colaboraci\u00f3n con <strong>Los lumineadores<\/strong> y <strong>Noah Kahan<\/strong> Eso tambi\u00e9n alcanz\u00f3 el n\u00famero 1 en la tabla alternativa de AirPlay de Billboard.<\/p>\n<p>Adem\u00e1s, James Bay se embarcar\u00e1 en la etapa norteamericana de su &#8220;Tour Up All Night Tour&#8221; la pr\u00f3xima semana. La carrera comenzar\u00e1 el 21 de abril en First Avenue en Minneapolis, Minnesota.<\/p>\n<div class=\"uD-YT-container\"><img decoding=\"async\" src=\"https:\/\/web.consaguirre.com.ar\/noticias\/wp-content\/uploads\/2025\/04\/1744850731_225_James-Bay-se-lanzara-Deluxe-Edition-de-Changes-todo-el.jpg\" alt=\"Video de YouTube\"><br \/>Haga clic para cargar video<\/div>\n<p>La nueva colaboraci\u00f3n de Bay con Sheryl Crow no es el \u00fanico enlace reciente de alto perfil de Bay. <strong>En febrero, se uni\u00f3<\/strong> con <strong>Jon Batiste<\/strong> para su primera canci\u00f3n juntos. Los dos talentos galardonados unieron fuerzas en el sencillo optimista &#8220;Sunshine in the Room&#8221;.<\/p>\n<p>La canci\u00f3n encuentra a los dos artistas intercambiando voces, construyendo al estribillo: &#8220;Quemas tan brillante. Eres como el sol en la habitaci\u00f3n&#8221;. Todo el tiempo, la m\u00fasica conlleva una energ\u00eda positiva en l\u00ednea con la letra.<\/p>\n<p>Bay, el galardonado cantante, compositor y guitarrista de Brighton, Reino Unido, el galardonado brit\u00e1nico de Brighton, Reino Unido, ha encontrado un socio creativo ideal en Batiste nativo de Nueva Orleans. El multi-hyfenato y el ex <em>Show tard\u00edo con Stephen Colbert<\/em> Bandleader tiene una gran cantidad de honores para su nombre, incluidos un Emmy, un Oscar y cinco Grammys, entre ellos un \u00e1lbum del a\u00f1o para ganar para <em>Somos<\/em> en 2022.<\/p>\n<p>&#8220;Trabajar con Jon Batiste para &#8216;Sunshine in the Room&#8217; es una experiencia que nunca olvidar\u00e9&#8221;, dijo Bay. &#8220;Literalmente irrumpi\u00f3 en el estudio como un rayo de sol y trajo tanta alegr\u00eda al sonido del disco y el trabajo. Es una inspiraci\u00f3n total, y espero que podamos volver a trabajar juntos. La canci\u00f3n se trata de tener a alguien en su vida que realmente ilumina la habitaci\u00f3n tan pronto como entran&#8221;.<\/p>\n<p><strong>Ordene la edici\u00f3n de lujo de <em>Cambia todo el tiempo<\/em> ahora.<\/strong><\/p>\n<p><script async src=\"\/\/www.tiktok.com\/embed.js\"><\/script><\/p>\n","protected":false},"excerpt":{"rendered":"<p>Artista de ventas de platino, nominado al Grammy, 2X James Bay se est\u00e1 preparando para lanzar una edici\u00f3n de lujo de su \u00e1lbum 2024 Cambia<\/p>\n","protected":false},"author":1,"featured_media":2419,"comment_status":"closed","ping_status":"","sticky":false,"template":"","format":"standard","meta":{"footnotes":""},"categories":[50],"tags":[454,547,85,453,350,383,485],"class_list":["post-2418","post","type-post","status-publish","format-standard","has-post-thumbnail","hentry","category-el-ultimo","tag-bay","tag-deluxe","tag-edition","tag-james","tag-lanzara","tag-tiempo","tag-todo","generate-columns","tablet-grid-50","mobile-grid-100","grid-parent","grid-50"],"yoast_head":"<!-- This site is optimized with the Yoast SEO plugin v23.3 - https:\/\/yoast.com\/wordpress\/plugins\/seo\/ -->\n<title>James Bay se lanzar\u00e1 Deluxe Edition de &#039;Changes todo el tiempo&#039;<\/title>\n<meta name=\"robots\" content=\"index, follow, max-snippet:-1, max-image-preview:large, max-video-preview:-1\" \/>\n<link rel=\"canonical\" href=\"https:\/\/web.consaguirre.com.ar\/noticias\/james-bay-se-lanzara-deluxe-edition-de-changes-todo-el-tiempo\/\" \/>\n<meta property=\"og:locale\" content=\"es_ES\" \/>\n<meta property=\"og:type\" content=\"article\" \/>\n<meta property=\"og:title\" content=\"James Bay se lanzar\u00e1 Deluxe Edition de &#039;Changes todo el tiempo&#039;\" \/>\n<meta property=\"og:description\" content=\"Artista de ventas de platino, nominado al Grammy, 2X James Bay se est\u00e1 preparando para lanzar una edici\u00f3n de lujo de su \u00e1lbum 2024 Cambia\" \/>\n<meta property=\"og:url\" content=\"https:\/\/web.consaguirre.com.ar\/noticias\/james-bay-se-lanzara-deluxe-edition-de-changes-todo-el-tiempo\/\" \/>\n<meta property=\"og:site_name\" content=\"Conservatorio de M\u00fasica Juli\u00e1n Aguirre\" \/>\n<meta property=\"article:published_time\" content=\"2025-04-17T00:45:31+00:00\" \/>\n<meta property=\"article:modified_time\" content=\"2025-04-17T00:45:32+00:00\" \/>\n<meta property=\"og:image\" content=\"https:\/\/web.consaguirre.com.ar\/noticias\/wp-content\/uploads\/2025\/04\/James-Bay-se-lanzara-Deluxe-Edition-de-Changes-todo-el.jpg\" \/>\n\t<meta property=\"og:image:width\" content=\"1280\" \/>\n\t<meta property=\"og:image:height\" content=\"1280\" \/>\n\t<meta property=\"og:image:type\" content=\"image\/jpeg\" \/>\n<meta name=\"author\" content=\"Javier Figueroa\" \/>\n<meta name=\"twitter:card\" content=\"summary_large_image\" \/>\n<meta name=\"twitter:label1\" content=\"Escrito por\" \/>\n\t<meta name=\"twitter:data1\" content=\"Javier Figueroa\" \/>\n\t<meta name=\"twitter:label2\" content=\"Tiempo de lectura\" \/>\n\t<meta name=\"twitter:data2\" content=\"2 minutos\" \/>\n<script type=\"application\/ld+json\" class=\"yoast-schema-graph\">{\"@context\":\"https:\/\/schema.org\",\"@graph\":[{\"@type\":\"Article\",\"@id\":\"https:\/\/web.consaguirre.com.ar\/noticias\/james-bay-se-lanzara-deluxe-edition-de-changes-todo-el-tiempo\/#article\",\"isPartOf\":{\"@id\":\"https:\/\/web.consaguirre.com.ar\/noticias\/james-bay-se-lanzara-deluxe-edition-de-changes-todo-el-tiempo\/\"},\"author\":{\"name\":\"Javier Figueroa\",\"@id\":\"https:\/\/web.consaguirre.com.ar\/noticias\/#\/schema\/person\/6558b0cfedee7ddc5425602b237d5722\"},\"headline\":\"James Bay se lanzar\u00e1 Deluxe Edition de &#8216;Changes todo el tiempo&#8217;\",\"datePublished\":\"2025-04-17T00:45:31+00:00\",\"dateModified\":\"2025-04-17T00:45:32+00:00\",\"mainEntityOfPage\":{\"@id\":\"https:\/\/web.consaguirre.com.ar\/noticias\/james-bay-se-lanzara-deluxe-edition-de-changes-todo-el-tiempo\/\"},\"wordCount\":396,\"publisher\":{\"@id\":\"https:\/\/web.consaguirre.com.ar\/noticias\/#organization\"},\"image\":{\"@id\":\"https:\/\/web.consaguirre.com.ar\/noticias\/james-bay-se-lanzara-deluxe-edition-de-changes-todo-el-tiempo\/#primaryimage\"},\"thumbnailUrl\":\"https:\/\/web.consaguirre.com.ar\/noticias\/wp-content\/uploads\/2025\/04\/James-Bay-se-lanzara-Deluxe-Edition-de-Changes-todo-el.jpg\",\"keywords\":[\"Bay\",\"Deluxe\",\"Edition\",\"James\",\"lanzar\u00e1\",\"tiempo\",\"todo\"],\"articleSection\":[\"El \u00faltimo\"],\"inLanguage\":\"es-AR\"},{\"@type\":\"WebPage\",\"@id\":\"https:\/\/web.consaguirre.com.ar\/noticias\/james-bay-se-lanzara-deluxe-edition-de-changes-todo-el-tiempo\/\",\"url\":\"https:\/\/web.consaguirre.com.ar\/noticias\/james-bay-se-lanzara-deluxe-edition-de-changes-todo-el-tiempo\/\",\"name\":\"James Bay se lanzar\u00e1 Deluxe Edition de 'Changes todo el tiempo'\",\"isPartOf\":{\"@id\":\"https:\/\/web.consaguirre.com.ar\/noticias\/#website\"},\"primaryImageOfPage\":{\"@id\":\"https:\/\/web.consaguirre.com.ar\/noticias\/james-bay-se-lanzara-deluxe-edition-de-changes-todo-el-tiempo\/#primaryimage\"},\"image\":{\"@id\":\"https:\/\/web.consaguirre.com.ar\/noticias\/james-bay-se-lanzara-deluxe-edition-de-changes-todo-el-tiempo\/#primaryimage\"},\"thumbnailUrl\":\"https:\/\/web.consaguirre.com.ar\/noticias\/wp-content\/uploads\/2025\/04\/James-Bay-se-lanzara-Deluxe-Edition-de-Changes-todo-el.jpg\",\"datePublished\":\"2025-04-17T00:45:31+00:00\",\"dateModified\":\"2025-04-17T00:45:32+00:00\",\"breadcrumb\":{\"@id\":\"https:\/\/web.consaguirre.com.ar\/noticias\/james-bay-se-lanzara-deluxe-edition-de-changes-todo-el-tiempo\/#breadcrumb\"},\"inLanguage\":\"es-AR\",\"potentialAction\":[{\"@type\":\"ReadAction\",\"target\":[\"https:\/\/web.consaguirre.com.ar\/noticias\/james-bay-se-lanzara-deluxe-edition-de-changes-todo-el-tiempo\/\"]}]},{\"@type\":\"ImageObject\",\"inLanguage\":\"es-AR\",\"@id\":\"https:\/\/web.consaguirre.com.ar\/noticias\/james-bay-se-lanzara-deluxe-edition-de-changes-todo-el-tiempo\/#primaryimage\",\"url\":\"https:\/\/web.consaguirre.com.ar\/noticias\/wp-content\/uploads\/2025\/04\/James-Bay-se-lanzara-Deluxe-Edition-de-Changes-todo-el.jpg\",\"contentUrl\":\"https:\/\/web.consaguirre.com.ar\/noticias\/wp-content\/uploads\/2025\/04\/James-Bay-se-lanzara-Deluxe-Edition-de-Changes-todo-el.jpg\",\"width\":1280,\"height\":1280,\"caption\":\"James Bay se lanzar\u00e1 Deluxe Edition de 'Changes todo el tiempo'\"},{\"@type\":\"BreadcrumbList\",\"@id\":\"https:\/\/web.consaguirre.com.ar\/noticias\/james-bay-se-lanzara-deluxe-edition-de-changes-todo-el-tiempo\/#breadcrumb\",\"itemListElement\":[{\"@type\":\"ListItem\",\"position\":1,\"name\":\"Inicio\",\"item\":\"https:\/\/web.consaguirre.com.ar\/noticias\/\"},{\"@type\":\"ListItem\",\"position\":2,\"name\":\"James Bay se lanzar\u00e1 Deluxe Edition de &#8216;Changes todo el tiempo&#8217;\"}]},{\"@type\":\"WebSite\",\"@id\":\"https:\/\/web.consaguirre.com.ar\/noticias\/#website\",\"url\":\"https:\/\/web.consaguirre.com.ar\/noticias\/\",\"name\":\"Conservatorio de M\u00fasica Juli\u00e1n Aguirre\",\"description\":\"\",\"publisher\":{\"@id\":\"https:\/\/web.consaguirre.com.ar\/noticias\/#organization\"},\"potentialAction\":[{\"@type\":\"SearchAction\",\"target\":{\"@type\":\"EntryPoint\",\"urlTemplate\":\"https:\/\/web.consaguirre.com.ar\/noticias\/?s={search_term_string}\"},\"query-input\":\"required name=search_term_string\"}],\"inLanguage\":\"es-AR\"},{\"@type\":\"Organization\",\"@id\":\"https:\/\/web.consaguirre.com.ar\/noticias\/#organization\",\"name\":\"Conservatorio de M\u00fasica Juli\u00e1n Aguirre\",\"url\":\"https:\/\/web.consaguirre.com.ar\/noticias\/\",\"logo\":{\"@type\":\"ImageObject\",\"inLanguage\":\"es-AR\",\"@id\":\"https:\/\/web.consaguirre.com.ar\/noticias\/#\/schema\/logo\/image\/\",\"url\":\"https:\/\/web.consaguirre.com.ar\/noticias\/wp-content\/uploads\/2024\/08\/Banner-Aguirre-23.jpg\",\"contentUrl\":\"https:\/\/web.consaguirre.com.ar\/noticias\/wp-content\/uploads\/2024\/08\/Banner-Aguirre-23.jpg\",\"width\":1192,\"height\":600,\"caption\":\"Conservatorio de M\u00fasica Juli\u00e1n Aguirre\"},\"image\":{\"@id\":\"https:\/\/web.consaguirre.com.ar\/noticias\/#\/schema\/logo\/image\/\"}},{\"@type\":\"Person\",\"@id\":\"https:\/\/web.consaguirre.com.ar\/noticias\/#\/schema\/person\/6558b0cfedee7ddc5425602b237d5722\",\"name\":\"Javier Figueroa\",\"image\":{\"@type\":\"ImageObject\",\"inLanguage\":\"es-AR\",\"@id\":\"https:\/\/web.consaguirre.com.ar\/noticias\/#\/schema\/person\/image\/\",\"url\":\"https:\/\/web.consaguirre.com.ar\/noticias\/wp-content\/uploads\/2024\/08\/Consaguirre-scaled.jpg\",\"contentUrl\":\"https:\/\/web.consaguirre.com.ar\/noticias\/wp-content\/uploads\/2024\/08\/Consaguirre-scaled.jpg\",\"caption\":\"Javier Figueroa\"},\"description\":\"Me llamo Javier Figueroa y soy redactor para el sitio oficial del Conservatorio de M\u00fasica Juli\u00e1n Aguirre en Buenos Aires, consaguirre.com. Apasionado por la m\u00fasica y la escritura, me esfuerzo por destacar los talentos y eventos de nuestra prestigiosa instituci\u00f3n. Mi trayectoria se nutre de una profunda admiraci\u00f3n por los artistas, haciendo de cada art\u00edculo una celebraci\u00f3n de la creatividad y la cultura musical.\",\"sameAs\":[\"https:\/\/web.consaguirre.com.ar\/noticias\"]}]}<\/script>\n<!-- \/ Yoast SEO plugin. -->","yoast_head_json":{"title":"James Bay se lanzar\u00e1 Deluxe Edition de 'Changes todo el tiempo'","robots":{"index":"index","follow":"follow","max-snippet":"max-snippet:-1","max-image-preview":"max-image-preview:large","max-video-preview":"max-video-preview:-1"},"canonical":"https:\/\/web.consaguirre.com.ar\/noticias\/james-bay-se-lanzara-deluxe-edition-de-changes-todo-el-tiempo\/","og_locale":"es_ES","og_type":"article","og_title":"James Bay se lanzar\u00e1 Deluxe Edition de 'Changes todo el tiempo'","og_description":"Artista de ventas de platino, nominado al Grammy, 2X James Bay se est\u00e1 preparando para lanzar una edici\u00f3n de lujo de su \u00e1lbum 2024 Cambia","og_url":"https:\/\/web.consaguirre.com.ar\/noticias\/james-bay-se-lanzara-deluxe-edition-de-changes-todo-el-tiempo\/","og_site_name":"Conservatorio de M\u00fasica Juli\u00e1n Aguirre","article_published_time":"2025-04-17T00:45:31+00:00","article_modified_time":"2025-04-17T00:45:32+00:00","og_image":[{"width":1280,"height":1280,"url":"https:\/\/web.consaguirre.com.ar\/noticias\/wp-content\/uploads\/2025\/04\/James-Bay-se-lanzara-Deluxe-Edition-de-Changes-todo-el.jpg","type":"image\/jpeg"}],"author":"Javier Figueroa","twitter_card":"summary_large_image","twitter_misc":{"Escrito por":"Javier Figueroa","Tiempo de lectura":"2 minutos"},"schema":{"@context":"https:\/\/schema.org","@graph":[{"@type":"Article","@id":"https:\/\/web.consaguirre.com.ar\/noticias\/james-bay-se-lanzara-deluxe-edition-de-changes-todo-el-tiempo\/#article","isPartOf":{"@id":"https:\/\/web.consaguirre.com.ar\/noticias\/james-bay-se-lanzara-deluxe-edition-de-changes-todo-el-tiempo\/"},"author":{"name":"Javier Figueroa","@id":"https:\/\/web.consaguirre.com.ar\/noticias\/#\/schema\/person\/6558b0cfedee7ddc5425602b237d5722"},"headline":"James Bay se lanzar\u00e1 Deluxe Edition de &#8216;Changes todo el tiempo&#8217;","datePublished":"2025-04-17T00:45:31+00:00","dateModified":"2025-04-17T00:45:32+00:00","mainEntityOfPage":{"@id":"https:\/\/web.consaguirre.com.ar\/noticias\/james-bay-se-lanzara-deluxe-edition-de-changes-todo-el-tiempo\/"},"wordCount":396,"publisher":{"@id":"https:\/\/web.consaguirre.com.ar\/noticias\/#organization"},"image":{"@id":"https:\/\/web.consaguirre.com.ar\/noticias\/james-bay-se-lanzara-deluxe-edition-de-changes-todo-el-tiempo\/#primaryimage"},"thumbnailUrl":"https:\/\/web.consaguirre.com.ar\/noticias\/wp-content\/uploads\/2025\/04\/James-Bay-se-lanzara-Deluxe-Edition-de-Changes-todo-el.jpg","keywords":["Bay","Deluxe","Edition","James","lanzar\u00e1","tiempo","todo"],"articleSection":["El \u00faltimo"],"inLanguage":"es-AR"},{"@type":"WebPage","@id":"https:\/\/web.consaguirre.com.ar\/noticias\/james-bay-se-lanzara-deluxe-edition-de-changes-todo-el-tiempo\/","url":"https:\/\/web.consaguirre.com.ar\/noticias\/james-bay-se-lanzara-deluxe-edition-de-changes-todo-el-tiempo\/","name":"James Bay se lanzar\u00e1 Deluxe Edition de 'Changes todo el tiempo'","isPartOf":{"@id":"https:\/\/web.consaguirre.com.ar\/noticias\/#website"},"primaryImageOfPage":{"@id":"https:\/\/web.consaguirre.com.ar\/noticias\/james-bay-se-lanzara-deluxe-edition-de-changes-todo-el-tiempo\/#primaryimage"},"image":{"@id":"https:\/\/web.consaguirre.com.ar\/noticias\/james-bay-se-lanzara-deluxe-edition-de-changes-todo-el-tiempo\/#primaryimage"},"thumbnailUrl":"https:\/\/web.consaguirre.com.ar\/noticias\/wp-content\/uploads\/2025\/04\/James-Bay-se-lanzara-Deluxe-Edition-de-Changes-todo-el.jpg","datePublished":"2025-04-17T00:45:31+00:00","dateModified":"2025-04-17T00:45:32+00:00","breadcrumb":{"@id":"https:\/\/web.consaguirre.com.ar\/noticias\/james-bay-se-lanzara-deluxe-edition-de-changes-todo-el-tiempo\/#breadcrumb"},"inLanguage":"es-AR","potentialAction":[{"@type":"ReadAction","target":["https:\/\/web.consaguirre.com.ar\/noticias\/james-bay-se-lanzara-deluxe-edition-de-changes-todo-el-tiempo\/"]}]},{"@type":"ImageObject","inLanguage":"es-AR","@id":"https:\/\/web.consaguirre.com.ar\/noticias\/james-bay-se-lanzara-deluxe-edition-de-changes-todo-el-tiempo\/#primaryimage","url":"https:\/\/web.consaguirre.com.ar\/noticias\/wp-content\/uploads\/2025\/04\/James-Bay-se-lanzara-Deluxe-Edition-de-Changes-todo-el.jpg","contentUrl":"https:\/\/web.consaguirre.com.ar\/noticias\/wp-content\/uploads\/2025\/04\/James-Bay-se-lanzara-Deluxe-Edition-de-Changes-todo-el.jpg","width":1280,"height":1280,"caption":"James Bay se lanzar\u00e1 Deluxe Edition de 'Changes todo el tiempo'"},{"@type":"BreadcrumbList","@id":"https:\/\/web.consaguirre.com.ar\/noticias\/james-bay-se-lanzara-deluxe-edition-de-changes-todo-el-tiempo\/#breadcrumb","itemListElement":[{"@type":"ListItem","position":1,"name":"Inicio","item":"https:\/\/web.consaguirre.com.ar\/noticias\/"},{"@type":"ListItem","position":2,"name":"James Bay se lanzar\u00e1 Deluxe Edition de &#8216;Changes todo el tiempo&#8217;"}]},{"@type":"WebSite","@id":"https:\/\/web.consaguirre.com.ar\/noticias\/#website","url":"https:\/\/web.consaguirre.com.ar\/noticias\/","name":"Conservatorio de M\u00fasica Juli\u00e1n Aguirre","description":"","publisher":{"@id":"https:\/\/web.consaguirre.com.ar\/noticias\/#organization"},"potentialAction":[{"@type":"SearchAction","target":{"@type":"EntryPoint","urlTemplate":"https:\/\/web.consaguirre.com.ar\/noticias\/?s={search_term_string}"},"query-input":"required name=search_term_string"}],"inLanguage":"es-AR"},{"@type":"Organization","@id":"https:\/\/web.consaguirre.com.ar\/noticias\/#organization","name":"Conservatorio de M\u00fasica Juli\u00e1n Aguirre","url":"https:\/\/web.consaguirre.com.ar\/noticias\/","logo":{"@type":"ImageObject","inLanguage":"es-AR","@id":"https:\/\/web.consaguirre.com.ar\/noticias\/#\/schema\/logo\/image\/","url":"https:\/\/web.consaguirre.com.ar\/noticias\/wp-content\/uploads\/2024\/08\/Banner-Aguirre-23.jpg","contentUrl":"https:\/\/web.consaguirre.com.ar\/noticias\/wp-content\/uploads\/2024\/08\/Banner-Aguirre-23.jpg","width":1192,"height":600,"caption":"Conservatorio de M\u00fasica Juli\u00e1n Aguirre"},"image":{"@id":"https:\/\/web.consaguirre.com.ar\/noticias\/#\/schema\/logo\/image\/"}},{"@type":"Person","@id":"https:\/\/web.consaguirre.com.ar\/noticias\/#\/schema\/person\/6558b0cfedee7ddc5425602b237d5722","name":"Javier Figueroa","image":{"@type":"ImageObject","inLanguage":"es-AR","@id":"https:\/\/web.consaguirre.com.ar\/noticias\/#\/schema\/person\/image\/","url":"https:\/\/web.consaguirre.com.ar\/noticias\/wp-content\/uploads\/2024\/08\/Consaguirre-scaled.jpg","contentUrl":"https:\/\/web.consaguirre.com.ar\/noticias\/wp-content\/uploads\/2024\/08\/Consaguirre-scaled.jpg","caption":"Javier Figueroa"},"description":"Me llamo Javier Figueroa y soy redactor para el sitio oficial del Conservatorio de M\u00fasica Juli\u00e1n Aguirre en Buenos Aires, consaguirre.com. Apasionado por la m\u00fasica y la escritura, me esfuerzo por destacar los talentos y eventos de nuestra prestigiosa instituci\u00f3n. Mi trayectoria se nutre de una profunda admiraci\u00f3n por los artistas, haciendo de cada art\u00edculo una celebraci\u00f3n de la creatividad y la cultura musical.","sameAs":["https:\/\/web.consaguirre.com.ar\/noticias"]}]}},"_links":{"self":[{"href":"https:\/\/web.consaguirre.com.ar\/noticias\/wp-json\/wp\/v2\/posts\/2418"}],"collection":[{"href":"https:\/\/web.consaguirre.com.ar\/noticias\/wp-json\/wp\/v2\/posts"}],"about":[{"href":"https:\/\/web.consaguirre.com.ar\/noticias\/wp-json\/wp\/v2\/types\/post"}],"author":[{"embeddable":true,"href":"https:\/\/web.consaguirre.com.ar\/noticias\/wp-json\/wp\/v2\/users\/1"}],"replies":[{"embeddable":true,"href":"https:\/\/web.consaguirre.com.ar\/noticias\/wp-json\/wp\/v2\/comments?post=2418"}],"version-history":[{"count":1,"href":"https:\/\/web.consaguirre.com.ar\/noticias\/wp-json\/wp\/v2\/posts\/2418\/revisions"}],"predecessor-version":[{"id":2420,"href":"https:\/\/web.consaguirre.com.ar\/noticias\/wp-json\/wp\/v2\/posts\/2418\/revisions\/2420"}],"wp:featuredmedia":[{"embeddable":true,"href":"https:\/\/web.consaguirre.com.ar\/noticias\/wp-json\/wp\/v2\/media\/2419"}],"wp:attachment":[{"href":"https:\/\/web.consaguirre.com.ar\/noticias\/wp-json\/wp\/v2\/media?parent=2418"}],"wp:term":[{"taxonomy":"category","embeddable":true,"href":"https:\/\/web.consaguirre.com.ar\/noticias\/wp-json\/wp\/v2\/categories?post=2418"},{"taxonomy":"post_tag","embeddable":true,"href":"https:\/\/web.consaguirre.com.ar\/noticias\/wp-json\/wp\/v2\/tags?post=2418"}],"curies":[{"name":"wp","href":"https:\/\/api.w.org\/{rel}","templated":true}]}}