{"id":2394,"date":"2025-04-14T21:40:55","date_gmt":"2025-04-15T00:40:55","guid":{"rendered":"https:\/\/web.consaguirre.com.ar\/noticias\/kendrick-lamar-y-sza-share-luther-visual\/"},"modified":"2025-04-14T21:40:56","modified_gmt":"2025-04-15T00:40:56","slug":"kendrick-lamar-y-sza-share-luther-visual","status":"publish","type":"post","link":"https:\/\/web.consaguirre.com.ar\/noticias\/kendrick-lamar-y-sza-share-luther-visual\/","title":{"rendered":"Kendrick Lamar y Sza Share &#8216;Luther&#8217; Visual"},"content":{"rendered":"<p><strong>Kendrick Lamar<\/strong> y SZA ha compartido un visual para su colaboraci\u00f3n &#8220;Lutero&#8221;. El <em>Gnx<\/em> Lo m\u00e1s destacado ha encabezado la lista de canciones de Billboard Hot 100 durante siete semanas consecutivas. The Visual presenta a Lamar y su antiguo compa\u00f1ero de etiqueta de entretenimiento de Dawg y est\u00e1 dirigida por Karena Evans a trav\u00e9s de Lamar y Dave Free&#8217;s Pglang. Evans ha dirigido previamente videos para el &#8220;Plan de Dios&#8221; de Drake, &#8220;Nice for What&#8221; y &#8220;In My Sentise&#8221;, as\u00ed como la colaboraci\u00f3n Donald Glover de SZA &#8220;Jard\u00edn (d\u00edgalo as\u00ed)&#8221;.<\/p>\n<div class=\"uD-YT-container\"><img decoding=\"async\" src=\"https:\/\/web.consaguirre.com.ar\/noticias\/wp-content\/uploads\/2025\/04\/1744677655_955_Kendrick-Lamar-y-Sza-Share-Luther-Visual.jpg\" alt=\"Video de YouTube\"><br \/>Haga clic para cargar video<\/div>\n<p>El t\u00edtulo de &#8220;Luther&#8221; hace referencia a la fallecida leyenda del R&#038;B Luther Vandross y la canci\u00f3n muestras de Vandress y la portada de Cheryl Lynn de 1983 de &#8220;If This World Were Mine&#8221;, una canci\u00f3n realizada originalmente por Marvin Gaye y Tammi Terrell. El video se cierra con la grabaci\u00f3n original de Vandross y Lynn.<\/p>\n<p>Lamar y SZA realizaron &#8220;Lutero&#8221; durante el set de Lamar en el show de medio tiempo del Super Bowl Lix, as\u00ed como en su <strong><em>Pantera negra<\/em> banda sonora<\/strong> Colaboraci\u00f3n, &#8220;Todas las estrellas. En el mismo d\u00eda, SZA lanz\u00f3 cuatro canciones adicionales como parte de <em>SOS Deluxe: Lana.<\/em> Lamar y SZA colaboran en el <em>Lana<\/em> Track &#8220;30 para 30.&#8221; <em>Gnx<\/em> Tambi\u00e9n presenta el par juntos en &#8220;Gloria&#8221;.<\/p>\n<p>La Gran Tour Nacional de la pareja comienza el 19 de abril en Minneapolis, MN e incluye dos noches en el MetLife Stadium en East Rutherford, Nueva Jersey y tres en el estadio Sofi en Los \u00c1ngeles, California. El Grand National Tour luego se dirige a Europa y al Reino Unido para paradas en 13 estadios. Esos espect\u00e1culos comienzan el 2 de julio en Colonia con paradas en Par\u00eds, Londres, Barcelona, \u200b\u200by m\u00e1s antes de concluir el 9 de agosto en Estocolmo. DJ Mustard servir\u00e1 como el acto de apertura a lo largo de la gira.<\/p>\n<p>A principios de este a\u00f1o, &#8220;Not Like Us&#8221; de Lamar se limpi\u00f3 en los Grammys, ganando los cinco premios, incluido el r\u00e9cord del a\u00f1o, la canci\u00f3n del a\u00f1o y la mejor actuaci\u00f3n de rap.<\/p>\n<p><strong>Compre la m\u00fasica de Kendrick Lamar en vinilo ahora.<\/strong><\/p>\n","protected":false},"excerpt":{"rendered":"<p>Kendrick Lamar y SZA ha compartido un visual para su colaboraci\u00f3n &#8220;Lutero&#8221;. El Gnx Lo m\u00e1s destacado ha encabezado la lista de canciones de Billboard<\/p>\n","protected":false},"author":1,"featured_media":2395,"comment_status":"closed","ping_status":"","sticky":false,"template":"","format":"standard","meta":{"footnotes":""},"categories":[50],"tags":[610,611,2324,1788,1413,2325],"class_list":["post-2394","post","type-post","status-publish","format-standard","has-post-thumbnail","hentry","category-el-ultimo","tag-kendrick","tag-lamar","tag-luther","tag-share","tag-sza","tag-visual","generate-columns","tablet-grid-50","mobile-grid-100","grid-parent","grid-50"],"yoast_head":"<!-- This site is optimized with the Yoast SEO plugin v23.3 - https:\/\/yoast.com\/wordpress\/plugins\/seo\/ -->\n<title>Kendrick Lamar y Sza Share &#039;Luther&#039; Visual<\/title>\n<meta name=\"robots\" content=\"index, follow, max-snippet:-1, max-image-preview:large, max-video-preview:-1\" \/>\n<link rel=\"canonical\" href=\"https:\/\/web.consaguirre.com.ar\/noticias\/kendrick-lamar-y-sza-share-luther-visual\/\" \/>\n<meta property=\"og:locale\" content=\"es_ES\" \/>\n<meta property=\"og:type\" content=\"article\" \/>\n<meta property=\"og:title\" content=\"Kendrick Lamar y Sza Share &#039;Luther&#039; Visual\" \/>\n<meta property=\"og:description\" content=\"Kendrick Lamar y SZA ha compartido un visual para su colaboraci\u00f3n &#8220;Lutero&#8221;. El Gnx Lo m\u00e1s destacado ha encabezado la lista de canciones de Billboard\" \/>\n<meta property=\"og:url\" content=\"https:\/\/web.consaguirre.com.ar\/noticias\/kendrick-lamar-y-sza-share-luther-visual\/\" \/>\n<meta property=\"og:site_name\" content=\"Conservatorio de M\u00fasica Juli\u00e1n Aguirre\" \/>\n<meta property=\"article:published_time\" content=\"2025-04-15T00:40:55+00:00\" \/>\n<meta property=\"article:modified_time\" content=\"2025-04-15T00:40:56+00:00\" \/>\n<meta property=\"og:image\" content=\"https:\/\/web.consaguirre.com.ar\/noticias\/wp-content\/uploads\/2025\/04\/Kendrick-Lamar-y-Sza-Share-Luther-Visual.jpg\" \/>\n\t<meta property=\"og:image:width\" content=\"1280\" \/>\n\t<meta property=\"og:image:height\" content=\"1280\" \/>\n\t<meta property=\"og:image:type\" content=\"image\/jpeg\" \/>\n<meta name=\"author\" content=\"Javier Figueroa\" \/>\n<meta name=\"twitter:card\" content=\"summary_large_image\" \/>\n<meta name=\"twitter:label1\" content=\"Escrito por\" \/>\n\t<meta name=\"twitter:data1\" content=\"Javier Figueroa\" \/>\n\t<meta name=\"twitter:label2\" content=\"Tiempo de lectura\" \/>\n\t<meta name=\"twitter:data2\" content=\"2 minutos\" \/>\n<script type=\"application\/ld+json\" class=\"yoast-schema-graph\">{\"@context\":\"https:\/\/schema.org\",\"@graph\":[{\"@type\":\"Article\",\"@id\":\"https:\/\/web.consaguirre.com.ar\/noticias\/kendrick-lamar-y-sza-share-luther-visual\/#article\",\"isPartOf\":{\"@id\":\"https:\/\/web.consaguirre.com.ar\/noticias\/kendrick-lamar-y-sza-share-luther-visual\/\"},\"author\":{\"name\":\"Javier Figueroa\",\"@id\":\"https:\/\/web.consaguirre.com.ar\/noticias\/#\/schema\/person\/6558b0cfedee7ddc5425602b237d5722\"},\"headline\":\"Kendrick Lamar y Sza Share &#8216;Luther&#8217; Visual\",\"datePublished\":\"2025-04-15T00:40:55+00:00\",\"dateModified\":\"2025-04-15T00:40:56+00:00\",\"mainEntityOfPage\":{\"@id\":\"https:\/\/web.consaguirre.com.ar\/noticias\/kendrick-lamar-y-sza-share-luther-visual\/\"},\"wordCount\":381,\"publisher\":{\"@id\":\"https:\/\/web.consaguirre.com.ar\/noticias\/#organization\"},\"image\":{\"@id\":\"https:\/\/web.consaguirre.com.ar\/noticias\/kendrick-lamar-y-sza-share-luther-visual\/#primaryimage\"},\"thumbnailUrl\":\"https:\/\/web.consaguirre.com.ar\/noticias\/wp-content\/uploads\/2025\/04\/Kendrick-Lamar-y-Sza-Share-Luther-Visual.jpg\",\"keywords\":[\"Kendrick\",\"Lamar\",\"Luther\",\"Share\",\"SZA\",\"Visual\"],\"articleSection\":[\"El \u00faltimo\"],\"inLanguage\":\"es-AR\"},{\"@type\":\"WebPage\",\"@id\":\"https:\/\/web.consaguirre.com.ar\/noticias\/kendrick-lamar-y-sza-share-luther-visual\/\",\"url\":\"https:\/\/web.consaguirre.com.ar\/noticias\/kendrick-lamar-y-sza-share-luther-visual\/\",\"name\":\"Kendrick Lamar y Sza Share 'Luther' Visual\",\"isPartOf\":{\"@id\":\"https:\/\/web.consaguirre.com.ar\/noticias\/#website\"},\"primaryImageOfPage\":{\"@id\":\"https:\/\/web.consaguirre.com.ar\/noticias\/kendrick-lamar-y-sza-share-luther-visual\/#primaryimage\"},\"image\":{\"@id\":\"https:\/\/web.consaguirre.com.ar\/noticias\/kendrick-lamar-y-sza-share-luther-visual\/#primaryimage\"},\"thumbnailUrl\":\"https:\/\/web.consaguirre.com.ar\/noticias\/wp-content\/uploads\/2025\/04\/Kendrick-Lamar-y-Sza-Share-Luther-Visual.jpg\",\"datePublished\":\"2025-04-15T00:40:55+00:00\",\"dateModified\":\"2025-04-15T00:40:56+00:00\",\"breadcrumb\":{\"@id\":\"https:\/\/web.consaguirre.com.ar\/noticias\/kendrick-lamar-y-sza-share-luther-visual\/#breadcrumb\"},\"inLanguage\":\"es-AR\",\"potentialAction\":[{\"@type\":\"ReadAction\",\"target\":[\"https:\/\/web.consaguirre.com.ar\/noticias\/kendrick-lamar-y-sza-share-luther-visual\/\"]}]},{\"@type\":\"ImageObject\",\"inLanguage\":\"es-AR\",\"@id\":\"https:\/\/web.consaguirre.com.ar\/noticias\/kendrick-lamar-y-sza-share-luther-visual\/#primaryimage\",\"url\":\"https:\/\/web.consaguirre.com.ar\/noticias\/wp-content\/uploads\/2025\/04\/Kendrick-Lamar-y-Sza-Share-Luther-Visual.jpg\",\"contentUrl\":\"https:\/\/web.consaguirre.com.ar\/noticias\/wp-content\/uploads\/2025\/04\/Kendrick-Lamar-y-Sza-Share-Luther-Visual.jpg\",\"width\":1280,\"height\":1280,\"caption\":\"Kendrick Lamar y Sza Share 'Luther' Visual\"},{\"@type\":\"BreadcrumbList\",\"@id\":\"https:\/\/web.consaguirre.com.ar\/noticias\/kendrick-lamar-y-sza-share-luther-visual\/#breadcrumb\",\"itemListElement\":[{\"@type\":\"ListItem\",\"position\":1,\"name\":\"Inicio\",\"item\":\"https:\/\/web.consaguirre.com.ar\/noticias\/\"},{\"@type\":\"ListItem\",\"position\":2,\"name\":\"Kendrick Lamar y Sza Share &#8216;Luther&#8217; Visual\"}]},{\"@type\":\"WebSite\",\"@id\":\"https:\/\/web.consaguirre.com.ar\/noticias\/#website\",\"url\":\"https:\/\/web.consaguirre.com.ar\/noticias\/\",\"name\":\"Conservatorio de M\u00fasica Juli\u00e1n Aguirre\",\"description\":\"\",\"publisher\":{\"@id\":\"https:\/\/web.consaguirre.com.ar\/noticias\/#organization\"},\"potentialAction\":[{\"@type\":\"SearchAction\",\"target\":{\"@type\":\"EntryPoint\",\"urlTemplate\":\"https:\/\/web.consaguirre.com.ar\/noticias\/?s={search_term_string}\"},\"query-input\":\"required name=search_term_string\"}],\"inLanguage\":\"es-AR\"},{\"@type\":\"Organization\",\"@id\":\"https:\/\/web.consaguirre.com.ar\/noticias\/#organization\",\"name\":\"Conservatorio de M\u00fasica Juli\u00e1n Aguirre\",\"url\":\"https:\/\/web.consaguirre.com.ar\/noticias\/\",\"logo\":{\"@type\":\"ImageObject\",\"inLanguage\":\"es-AR\",\"@id\":\"https:\/\/web.consaguirre.com.ar\/noticias\/#\/schema\/logo\/image\/\",\"url\":\"https:\/\/web.consaguirre.com.ar\/noticias\/wp-content\/uploads\/2024\/08\/Banner-Aguirre-23.jpg\",\"contentUrl\":\"https:\/\/web.consaguirre.com.ar\/noticias\/wp-content\/uploads\/2024\/08\/Banner-Aguirre-23.jpg\",\"width\":1192,\"height\":600,\"caption\":\"Conservatorio de M\u00fasica Juli\u00e1n Aguirre\"},\"image\":{\"@id\":\"https:\/\/web.consaguirre.com.ar\/noticias\/#\/schema\/logo\/image\/\"}},{\"@type\":\"Person\",\"@id\":\"https:\/\/web.consaguirre.com.ar\/noticias\/#\/schema\/person\/6558b0cfedee7ddc5425602b237d5722\",\"name\":\"Javier Figueroa\",\"image\":{\"@type\":\"ImageObject\",\"inLanguage\":\"es-AR\",\"@id\":\"https:\/\/web.consaguirre.com.ar\/noticias\/#\/schema\/person\/image\/\",\"url\":\"https:\/\/web.consaguirre.com.ar\/noticias\/wp-content\/uploads\/2024\/08\/Consaguirre-scaled.jpg\",\"contentUrl\":\"https:\/\/web.consaguirre.com.ar\/noticias\/wp-content\/uploads\/2024\/08\/Consaguirre-scaled.jpg\",\"caption\":\"Javier Figueroa\"},\"description\":\"Me llamo Javier Figueroa y soy redactor para el sitio oficial del Conservatorio de M\u00fasica Juli\u00e1n Aguirre en Buenos Aires, consaguirre.com. Apasionado por la m\u00fasica y la escritura, me esfuerzo por destacar los talentos y eventos de nuestra prestigiosa instituci\u00f3n. Mi trayectoria se nutre de una profunda admiraci\u00f3n por los artistas, haciendo de cada art\u00edculo una celebraci\u00f3n de la creatividad y la cultura musical.\",\"sameAs\":[\"https:\/\/web.consaguirre.com.ar\/noticias\"]}]}<\/script>\n<!-- \/ Yoast SEO plugin. -->","yoast_head_json":{"title":"Kendrick Lamar y Sza Share 'Luther' Visual","robots":{"index":"index","follow":"follow","max-snippet":"max-snippet:-1","max-image-preview":"max-image-preview:large","max-video-preview":"max-video-preview:-1"},"canonical":"https:\/\/web.consaguirre.com.ar\/noticias\/kendrick-lamar-y-sza-share-luther-visual\/","og_locale":"es_ES","og_type":"article","og_title":"Kendrick Lamar y Sza Share 'Luther' Visual","og_description":"Kendrick Lamar y SZA ha compartido un visual para su colaboraci\u00f3n &#8220;Lutero&#8221;. El Gnx Lo m\u00e1s destacado ha encabezado la lista de canciones de Billboard","og_url":"https:\/\/web.consaguirre.com.ar\/noticias\/kendrick-lamar-y-sza-share-luther-visual\/","og_site_name":"Conservatorio de M\u00fasica Juli\u00e1n Aguirre","article_published_time":"2025-04-15T00:40:55+00:00","article_modified_time":"2025-04-15T00:40:56+00:00","og_image":[{"width":1280,"height":1280,"url":"https:\/\/web.consaguirre.com.ar\/noticias\/wp-content\/uploads\/2025\/04\/Kendrick-Lamar-y-Sza-Share-Luther-Visual.jpg","type":"image\/jpeg"}],"author":"Javier Figueroa","twitter_card":"summary_large_image","twitter_misc":{"Escrito por":"Javier Figueroa","Tiempo de lectura":"2 minutos"},"schema":{"@context":"https:\/\/schema.org","@graph":[{"@type":"Article","@id":"https:\/\/web.consaguirre.com.ar\/noticias\/kendrick-lamar-y-sza-share-luther-visual\/#article","isPartOf":{"@id":"https:\/\/web.consaguirre.com.ar\/noticias\/kendrick-lamar-y-sza-share-luther-visual\/"},"author":{"name":"Javier Figueroa","@id":"https:\/\/web.consaguirre.com.ar\/noticias\/#\/schema\/person\/6558b0cfedee7ddc5425602b237d5722"},"headline":"Kendrick Lamar y Sza Share &#8216;Luther&#8217; Visual","datePublished":"2025-04-15T00:40:55+00:00","dateModified":"2025-04-15T00:40:56+00:00","mainEntityOfPage":{"@id":"https:\/\/web.consaguirre.com.ar\/noticias\/kendrick-lamar-y-sza-share-luther-visual\/"},"wordCount":381,"publisher":{"@id":"https:\/\/web.consaguirre.com.ar\/noticias\/#organization"},"image":{"@id":"https:\/\/web.consaguirre.com.ar\/noticias\/kendrick-lamar-y-sza-share-luther-visual\/#primaryimage"},"thumbnailUrl":"https:\/\/web.consaguirre.com.ar\/noticias\/wp-content\/uploads\/2025\/04\/Kendrick-Lamar-y-Sza-Share-Luther-Visual.jpg","keywords":["Kendrick","Lamar","Luther","Share","SZA","Visual"],"articleSection":["El \u00faltimo"],"inLanguage":"es-AR"},{"@type":"WebPage","@id":"https:\/\/web.consaguirre.com.ar\/noticias\/kendrick-lamar-y-sza-share-luther-visual\/","url":"https:\/\/web.consaguirre.com.ar\/noticias\/kendrick-lamar-y-sza-share-luther-visual\/","name":"Kendrick Lamar y Sza Share 'Luther' Visual","isPartOf":{"@id":"https:\/\/web.consaguirre.com.ar\/noticias\/#website"},"primaryImageOfPage":{"@id":"https:\/\/web.consaguirre.com.ar\/noticias\/kendrick-lamar-y-sza-share-luther-visual\/#primaryimage"},"image":{"@id":"https:\/\/web.consaguirre.com.ar\/noticias\/kendrick-lamar-y-sza-share-luther-visual\/#primaryimage"},"thumbnailUrl":"https:\/\/web.consaguirre.com.ar\/noticias\/wp-content\/uploads\/2025\/04\/Kendrick-Lamar-y-Sza-Share-Luther-Visual.jpg","datePublished":"2025-04-15T00:40:55+00:00","dateModified":"2025-04-15T00:40:56+00:00","breadcrumb":{"@id":"https:\/\/web.consaguirre.com.ar\/noticias\/kendrick-lamar-y-sza-share-luther-visual\/#breadcrumb"},"inLanguage":"es-AR","potentialAction":[{"@type":"ReadAction","target":["https:\/\/web.consaguirre.com.ar\/noticias\/kendrick-lamar-y-sza-share-luther-visual\/"]}]},{"@type":"ImageObject","inLanguage":"es-AR","@id":"https:\/\/web.consaguirre.com.ar\/noticias\/kendrick-lamar-y-sza-share-luther-visual\/#primaryimage","url":"https:\/\/web.consaguirre.com.ar\/noticias\/wp-content\/uploads\/2025\/04\/Kendrick-Lamar-y-Sza-Share-Luther-Visual.jpg","contentUrl":"https:\/\/web.consaguirre.com.ar\/noticias\/wp-content\/uploads\/2025\/04\/Kendrick-Lamar-y-Sza-Share-Luther-Visual.jpg","width":1280,"height":1280,"caption":"Kendrick Lamar y Sza Share 'Luther' Visual"},{"@type":"BreadcrumbList","@id":"https:\/\/web.consaguirre.com.ar\/noticias\/kendrick-lamar-y-sza-share-luther-visual\/#breadcrumb","itemListElement":[{"@type":"ListItem","position":1,"name":"Inicio","item":"https:\/\/web.consaguirre.com.ar\/noticias\/"},{"@type":"ListItem","position":2,"name":"Kendrick Lamar y Sza Share &#8216;Luther&#8217; Visual"}]},{"@type":"WebSite","@id":"https:\/\/web.consaguirre.com.ar\/noticias\/#website","url":"https:\/\/web.consaguirre.com.ar\/noticias\/","name":"Conservatorio de M\u00fasica Juli\u00e1n Aguirre","description":"","publisher":{"@id":"https:\/\/web.consaguirre.com.ar\/noticias\/#organization"},"potentialAction":[{"@type":"SearchAction","target":{"@type":"EntryPoint","urlTemplate":"https:\/\/web.consaguirre.com.ar\/noticias\/?s={search_term_string}"},"query-input":"required name=search_term_string"}],"inLanguage":"es-AR"},{"@type":"Organization","@id":"https:\/\/web.consaguirre.com.ar\/noticias\/#organization","name":"Conservatorio de M\u00fasica Juli\u00e1n Aguirre","url":"https:\/\/web.consaguirre.com.ar\/noticias\/","logo":{"@type":"ImageObject","inLanguage":"es-AR","@id":"https:\/\/web.consaguirre.com.ar\/noticias\/#\/schema\/logo\/image\/","url":"https:\/\/web.consaguirre.com.ar\/noticias\/wp-content\/uploads\/2024\/08\/Banner-Aguirre-23.jpg","contentUrl":"https:\/\/web.consaguirre.com.ar\/noticias\/wp-content\/uploads\/2024\/08\/Banner-Aguirre-23.jpg","width":1192,"height":600,"caption":"Conservatorio de M\u00fasica Juli\u00e1n Aguirre"},"image":{"@id":"https:\/\/web.consaguirre.com.ar\/noticias\/#\/schema\/logo\/image\/"}},{"@type":"Person","@id":"https:\/\/web.consaguirre.com.ar\/noticias\/#\/schema\/person\/6558b0cfedee7ddc5425602b237d5722","name":"Javier Figueroa","image":{"@type":"ImageObject","inLanguage":"es-AR","@id":"https:\/\/web.consaguirre.com.ar\/noticias\/#\/schema\/person\/image\/","url":"https:\/\/web.consaguirre.com.ar\/noticias\/wp-content\/uploads\/2024\/08\/Consaguirre-scaled.jpg","contentUrl":"https:\/\/web.consaguirre.com.ar\/noticias\/wp-content\/uploads\/2024\/08\/Consaguirre-scaled.jpg","caption":"Javier Figueroa"},"description":"Me llamo Javier Figueroa y soy redactor para el sitio oficial del Conservatorio de M\u00fasica Juli\u00e1n Aguirre en Buenos Aires, consaguirre.com. Apasionado por la m\u00fasica y la escritura, me esfuerzo por destacar los talentos y eventos de nuestra prestigiosa instituci\u00f3n. Mi trayectoria se nutre de una profunda admiraci\u00f3n por los artistas, haciendo de cada art\u00edculo una celebraci\u00f3n de la creatividad y la cultura musical.","sameAs":["https:\/\/web.consaguirre.com.ar\/noticias"]}]}},"_links":{"self":[{"href":"https:\/\/web.consaguirre.com.ar\/noticias\/wp-json\/wp\/v2\/posts\/2394"}],"collection":[{"href":"https:\/\/web.consaguirre.com.ar\/noticias\/wp-json\/wp\/v2\/posts"}],"about":[{"href":"https:\/\/web.consaguirre.com.ar\/noticias\/wp-json\/wp\/v2\/types\/post"}],"author":[{"embeddable":true,"href":"https:\/\/web.consaguirre.com.ar\/noticias\/wp-json\/wp\/v2\/users\/1"}],"replies":[{"embeddable":true,"href":"https:\/\/web.consaguirre.com.ar\/noticias\/wp-json\/wp\/v2\/comments?post=2394"}],"version-history":[{"count":1,"href":"https:\/\/web.consaguirre.com.ar\/noticias\/wp-json\/wp\/v2\/posts\/2394\/revisions"}],"predecessor-version":[{"id":2396,"href":"https:\/\/web.consaguirre.com.ar\/noticias\/wp-json\/wp\/v2\/posts\/2394\/revisions\/2396"}],"wp:featuredmedia":[{"embeddable":true,"href":"https:\/\/web.consaguirre.com.ar\/noticias\/wp-json\/wp\/v2\/media\/2395"}],"wp:attachment":[{"href":"https:\/\/web.consaguirre.com.ar\/noticias\/wp-json\/wp\/v2\/media?parent=2394"}],"wp:term":[{"taxonomy":"category","embeddable":true,"href":"https:\/\/web.consaguirre.com.ar\/noticias\/wp-json\/wp\/v2\/categories?post=2394"},{"taxonomy":"post_tag","embeddable":true,"href":"https:\/\/web.consaguirre.com.ar\/noticias\/wp-json\/wp\/v2\/tags?post=2394"}],"curies":[{"name":"wp","href":"https:\/\/api.w.org\/{rel}","templated":true}]}}