{"id":2391,"date":"2025-04-14T18:38:14","date_gmt":"2025-04-14T21:38:14","guid":{"rendered":"https:\/\/web.consaguirre.com.ar\/noticias\/andrew-hill-andrew-para-recibir-la-reedicion-de-la-nota-azul\/"},"modified":"2025-04-14T18:38:14","modified_gmt":"2025-04-14T21:38:14","slug":"andrew-hill-andrew-para-recibir-la-reedicion-de-la-nota-azul","status":"publish","type":"post","link":"https:\/\/web.consaguirre.com.ar\/noticias\/andrew-hill-andrew-para-recibir-la-reedicion-de-la-nota-azul\/","title":{"rendered":"Andrew Hill &#8216;Andrew !!!&#8217; Para recibir la reedici\u00f3n de la nota azul"},"content":{"rendered":"<p>El pianista <strong>Andrew Hill<\/strong>&#8216;s de 1968 \u00e1lbum <em>\u00a1\u00a1\u00a1Andr\u00e9s!!!<\/em> es la \u00faltima entrada en la serie Tone Poet de Blue Note Records. Esta edici\u00f3n de Vinyl de Tone Stereo Tone fue producida por Joe Harley, dominada por Kevin Gray de las cintas maestras anal\u00f3gicas originales, presionadas en un vinilo de 180 g en RTI y empaquetado en una chaqueta punta de punta de lujo.<\/p>\n<p><em>\u00a1\u00a1\u00a1Andr\u00e9s!!!<\/em> es el \u00faltimo de cinco \u00e1lbumes notables que el pianista hizo en un torrente de creatividad en un per\u00edodo de ocho meses entre 1963 y 64. Cuenta con el saxofonista John Gilmore (Sun Ra Arkestra), vibrafonista <strong>Bobby Hutcherson<\/strong>bajista <strong>Richard Davis<\/strong>y el baterista Joe Chambers realizando seis de las composiciones de Hill.<\/p>\n<p>Hill, que creci\u00f3 en Chicago, comenz\u00f3 a tocar el piano a la edad de 13 a\u00f1os. Fue asesorado por el pianista Earl Hines y el compositor de jazz Bill Russo, present\u00f3 a Hill al famoso compositor cl\u00e1sico Paul Hindemith, con quien Hill estudi\u00f3 de 1950 a 1952. Cuando era adolescente, Hill toc\u00f3 con m\u00fasicos de jazz que pasaban por el Medio Oeste, incluidos Miles Davis y Charlie Parker. En 1959, grab\u00f3 su primer \u00e1lbum, <em>Tan enamorado del sonido de Andrew Hill<\/em>para la etiqueta Warwick.<\/p>\n<p>Hill se mud\u00f3 a Nueva York en 1961 para colaborar con el cantante Dinah Washington. Grab\u00f3 varios \u00e1lbumes para Blue Note de 1963 a 1969, como un l\u00edder y un jugador acondicionado. Recibi\u00f3 su doctorado de la Universidad de Colgate y se desempe\u00f1\u00f3 como compositor de la escuela en residencia de 1970 a 1972. Hill se mud\u00f3 a la costa oeste en los a\u00f1os 70 y ense\u00f1\u00f3 en escuelas p\u00fablicas y prisiones en California. Estableci\u00f3 un jazz de verano intensivo en la Universidad Estatal de Portland, donde tambi\u00e9n ense\u00f1\u00f3. Mientras tanto, continu\u00f3 actuando y grabando a lo largo de los a\u00f1os setenta y a\u00f1os 80.<\/p>\n<p>Hill regres\u00f3 al \u00e1rea de Nueva York en los a\u00f1os 90 y entr\u00f3 en el centro de atenci\u00f3n del jazz gracias a una serie de actuaciones y nuevas grabaciones. Su \u00e1lbum de 1999 <em>Oscuridad<\/em> fue un \u00e9xito cr\u00edtico. A principios de la d\u00e9cada de 2000, Blue Note volvi\u00f3 a emitir varios \u00e1lbumes que Hill grab\u00f3 en los a\u00f1os 60, incluidos los de 1969 <em>Pasando barcos<\/em>. Hill muri\u00f3 en 2007 por c\u00e1ncer de pulm\u00f3n.<\/p>\n<p><strong>Comprar Andrew Hill&#8217;s <em>\u00a1\u00a1\u00a1Andr\u00e9s!!!<\/em> en vinilo ahora.<\/strong><\/p>\n","protected":false},"excerpt":{"rendered":"<p>El pianista Andrew Hill&#8216;s de 1968 \u00e1lbum \u00a1\u00a1\u00a1Andr\u00e9s!!! es la \u00faltima entrada en la serie Tone Poet de Blue Note Records. Esta edici\u00f3n de Vinyl<\/p>\n","protected":false},"author":1,"featured_media":2392,"comment_status":"closed","ping_status":"","sticky":false,"template":"","format":"standard","meta":{"footnotes":""},"categories":[50],"tags":[1533,2044,198,2043,154,1813,117],"class_list":["post-2391","post","type-post","status-publish","format-standard","has-post-thumbnail","hentry","category-el-ultimo","tag-andrew","tag-azul","tag-hill","tag-nota","tag-para","tag-recibir","tag-reedicion","generate-columns","tablet-grid-50","mobile-grid-100","grid-parent","grid-50"],"yoast_head":"<!-- This site is optimized with the Yoast SEO plugin v23.3 - https:\/\/yoast.com\/wordpress\/plugins\/seo\/ -->\n<title>Andrew Hill &#039;Andrew !!!&#039; Para recibir la reedici\u00f3n de la nota azul<\/title>\n<meta name=\"robots\" content=\"index, follow, max-snippet:-1, max-image-preview:large, max-video-preview:-1\" \/>\n<link rel=\"canonical\" href=\"https:\/\/web.consaguirre.com.ar\/noticias\/andrew-hill-andrew-para-recibir-la-reedicion-de-la-nota-azul\/\" \/>\n<meta property=\"og:locale\" content=\"es_ES\" \/>\n<meta property=\"og:type\" content=\"article\" \/>\n<meta property=\"og:title\" content=\"Andrew Hill &#039;Andrew !!!&#039; Para recibir la reedici\u00f3n de la nota azul\" \/>\n<meta property=\"og:description\" content=\"El pianista Andrew Hill&#8216;s de 1968 \u00e1lbum \u00a1\u00a1\u00a1Andr\u00e9s!!! es la \u00faltima entrada en la serie Tone Poet de Blue Note Records. Esta edici\u00f3n de Vinyl\" \/>\n<meta property=\"og:url\" content=\"https:\/\/web.consaguirre.com.ar\/noticias\/andrew-hill-andrew-para-recibir-la-reedicion-de-la-nota-azul\/\" \/>\n<meta property=\"og:site_name\" content=\"Conservatorio de M\u00fasica Juli\u00e1n Aguirre\" \/>\n<meta property=\"article:published_time\" content=\"2025-04-14T21:38:14+00:00\" \/>\n<meta property=\"og:image\" content=\"https:\/\/web.consaguirre.com.ar\/noticias\/wp-content\/uploads\/2025\/04\/Andrew-Hill-Andrew-Para-recibir-la-reedicion-de-la.jpg\" \/>\n\t<meta property=\"og:image:width\" content=\"1280\" \/>\n\t<meta property=\"og:image:height\" content=\"1280\" \/>\n\t<meta property=\"og:image:type\" content=\"image\/jpeg\" \/>\n<meta name=\"author\" content=\"Javier Figueroa\" \/>\n<meta name=\"twitter:card\" content=\"summary_large_image\" \/>\n<meta name=\"twitter:label1\" content=\"Escrito por\" \/>\n\t<meta name=\"twitter:data1\" content=\"Javier Figueroa\" \/>\n\t<meta name=\"twitter:label2\" content=\"Tiempo de lectura\" \/>\n\t<meta name=\"twitter:data2\" content=\"2 minutos\" \/>\n<script type=\"application\/ld+json\" class=\"yoast-schema-graph\">{\"@context\":\"https:\/\/schema.org\",\"@graph\":[{\"@type\":\"Article\",\"@id\":\"https:\/\/web.consaguirre.com.ar\/noticias\/andrew-hill-andrew-para-recibir-la-reedicion-de-la-nota-azul\/#article\",\"isPartOf\":{\"@id\":\"https:\/\/web.consaguirre.com.ar\/noticias\/andrew-hill-andrew-para-recibir-la-reedicion-de-la-nota-azul\/\"},\"author\":{\"name\":\"Javier Figueroa\",\"@id\":\"https:\/\/web.consaguirre.com.ar\/noticias\/#\/schema\/person\/6558b0cfedee7ddc5425602b237d5722\"},\"headline\":\"Andrew Hill &#8216;Andrew !!!&#8217; Para recibir la reedici\u00f3n de la nota azul\",\"datePublished\":\"2025-04-14T21:38:14+00:00\",\"dateModified\":\"2025-04-14T21:38:14+00:00\",\"mainEntityOfPage\":{\"@id\":\"https:\/\/web.consaguirre.com.ar\/noticias\/andrew-hill-andrew-para-recibir-la-reedicion-de-la-nota-azul\/\"},\"wordCount\":399,\"publisher\":{\"@id\":\"https:\/\/web.consaguirre.com.ar\/noticias\/#organization\"},\"image\":{\"@id\":\"https:\/\/web.consaguirre.com.ar\/noticias\/andrew-hill-andrew-para-recibir-la-reedicion-de-la-nota-azul\/#primaryimage\"},\"thumbnailUrl\":\"https:\/\/web.consaguirre.com.ar\/noticias\/wp-content\/uploads\/2025\/04\/Andrew-Hill-Andrew-Para-recibir-la-reedicion-de-la.jpg\",\"keywords\":[\"Andrew\",\"azul\",\"Hill\",\"Nota\",\"para\",\"recibir\",\"reedici\u00f3n\"],\"articleSection\":[\"El \u00faltimo\"],\"inLanguage\":\"es-AR\"},{\"@type\":\"WebPage\",\"@id\":\"https:\/\/web.consaguirre.com.ar\/noticias\/andrew-hill-andrew-para-recibir-la-reedicion-de-la-nota-azul\/\",\"url\":\"https:\/\/web.consaguirre.com.ar\/noticias\/andrew-hill-andrew-para-recibir-la-reedicion-de-la-nota-azul\/\",\"name\":\"Andrew Hill 'Andrew !!!' Para recibir la reedici\u00f3n de la nota azul\",\"isPartOf\":{\"@id\":\"https:\/\/web.consaguirre.com.ar\/noticias\/#website\"},\"primaryImageOfPage\":{\"@id\":\"https:\/\/web.consaguirre.com.ar\/noticias\/andrew-hill-andrew-para-recibir-la-reedicion-de-la-nota-azul\/#primaryimage\"},\"image\":{\"@id\":\"https:\/\/web.consaguirre.com.ar\/noticias\/andrew-hill-andrew-para-recibir-la-reedicion-de-la-nota-azul\/#primaryimage\"},\"thumbnailUrl\":\"https:\/\/web.consaguirre.com.ar\/noticias\/wp-content\/uploads\/2025\/04\/Andrew-Hill-Andrew-Para-recibir-la-reedicion-de-la.jpg\",\"datePublished\":\"2025-04-14T21:38:14+00:00\",\"dateModified\":\"2025-04-14T21:38:14+00:00\",\"breadcrumb\":{\"@id\":\"https:\/\/web.consaguirre.com.ar\/noticias\/andrew-hill-andrew-para-recibir-la-reedicion-de-la-nota-azul\/#breadcrumb\"},\"inLanguage\":\"es-AR\",\"potentialAction\":[{\"@type\":\"ReadAction\",\"target\":[\"https:\/\/web.consaguirre.com.ar\/noticias\/andrew-hill-andrew-para-recibir-la-reedicion-de-la-nota-azul\/\"]}]},{\"@type\":\"ImageObject\",\"inLanguage\":\"es-AR\",\"@id\":\"https:\/\/web.consaguirre.com.ar\/noticias\/andrew-hill-andrew-para-recibir-la-reedicion-de-la-nota-azul\/#primaryimage\",\"url\":\"https:\/\/web.consaguirre.com.ar\/noticias\/wp-content\/uploads\/2025\/04\/Andrew-Hill-Andrew-Para-recibir-la-reedicion-de-la.jpg\",\"contentUrl\":\"https:\/\/web.consaguirre.com.ar\/noticias\/wp-content\/uploads\/2025\/04\/Andrew-Hill-Andrew-Para-recibir-la-reedicion-de-la.jpg\",\"width\":1280,\"height\":1280,\"caption\":\"Andrew Hill 'Andrew !!!' Para recibir la reedici\u00f3n de la nota azul\"},{\"@type\":\"BreadcrumbList\",\"@id\":\"https:\/\/web.consaguirre.com.ar\/noticias\/andrew-hill-andrew-para-recibir-la-reedicion-de-la-nota-azul\/#breadcrumb\",\"itemListElement\":[{\"@type\":\"ListItem\",\"position\":1,\"name\":\"Inicio\",\"item\":\"https:\/\/web.consaguirre.com.ar\/noticias\/\"},{\"@type\":\"ListItem\",\"position\":2,\"name\":\"Andrew Hill &#8216;Andrew !!!&#8217; Para recibir la reedici\u00f3n de la nota azul\"}]},{\"@type\":\"WebSite\",\"@id\":\"https:\/\/web.consaguirre.com.ar\/noticias\/#website\",\"url\":\"https:\/\/web.consaguirre.com.ar\/noticias\/\",\"name\":\"Conservatorio de M\u00fasica Juli\u00e1n Aguirre\",\"description\":\"\",\"publisher\":{\"@id\":\"https:\/\/web.consaguirre.com.ar\/noticias\/#organization\"},\"potentialAction\":[{\"@type\":\"SearchAction\",\"target\":{\"@type\":\"EntryPoint\",\"urlTemplate\":\"https:\/\/web.consaguirre.com.ar\/noticias\/?s={search_term_string}\"},\"query-input\":\"required name=search_term_string\"}],\"inLanguage\":\"es-AR\"},{\"@type\":\"Organization\",\"@id\":\"https:\/\/web.consaguirre.com.ar\/noticias\/#organization\",\"name\":\"Conservatorio de M\u00fasica Juli\u00e1n Aguirre\",\"url\":\"https:\/\/web.consaguirre.com.ar\/noticias\/\",\"logo\":{\"@type\":\"ImageObject\",\"inLanguage\":\"es-AR\",\"@id\":\"https:\/\/web.consaguirre.com.ar\/noticias\/#\/schema\/logo\/image\/\",\"url\":\"https:\/\/web.consaguirre.com.ar\/noticias\/wp-content\/uploads\/2024\/08\/Banner-Aguirre-23.jpg\",\"contentUrl\":\"https:\/\/web.consaguirre.com.ar\/noticias\/wp-content\/uploads\/2024\/08\/Banner-Aguirre-23.jpg\",\"width\":1192,\"height\":600,\"caption\":\"Conservatorio de M\u00fasica Juli\u00e1n Aguirre\"},\"image\":{\"@id\":\"https:\/\/web.consaguirre.com.ar\/noticias\/#\/schema\/logo\/image\/\"}},{\"@type\":\"Person\",\"@id\":\"https:\/\/web.consaguirre.com.ar\/noticias\/#\/schema\/person\/6558b0cfedee7ddc5425602b237d5722\",\"name\":\"Javier Figueroa\",\"image\":{\"@type\":\"ImageObject\",\"inLanguage\":\"es-AR\",\"@id\":\"https:\/\/web.consaguirre.com.ar\/noticias\/#\/schema\/person\/image\/\",\"url\":\"https:\/\/web.consaguirre.com.ar\/noticias\/wp-content\/uploads\/2024\/08\/Consaguirre-scaled.jpg\",\"contentUrl\":\"https:\/\/web.consaguirre.com.ar\/noticias\/wp-content\/uploads\/2024\/08\/Consaguirre-scaled.jpg\",\"caption\":\"Javier Figueroa\"},\"description\":\"Me llamo Javier Figueroa y soy redactor para el sitio oficial del Conservatorio de M\u00fasica Juli\u00e1n Aguirre en Buenos Aires, consaguirre.com. Apasionado por la m\u00fasica y la escritura, me esfuerzo por destacar los talentos y eventos de nuestra prestigiosa instituci\u00f3n. Mi trayectoria se nutre de una profunda admiraci\u00f3n por los artistas, haciendo de cada art\u00edculo una celebraci\u00f3n de la creatividad y la cultura musical.\",\"sameAs\":[\"https:\/\/web.consaguirre.com.ar\/noticias\"]}]}<\/script>\n<!-- \/ Yoast SEO plugin. -->","yoast_head_json":{"title":"Andrew Hill 'Andrew !!!' Para recibir la reedici\u00f3n de la nota azul","robots":{"index":"index","follow":"follow","max-snippet":"max-snippet:-1","max-image-preview":"max-image-preview:large","max-video-preview":"max-video-preview:-1"},"canonical":"https:\/\/web.consaguirre.com.ar\/noticias\/andrew-hill-andrew-para-recibir-la-reedicion-de-la-nota-azul\/","og_locale":"es_ES","og_type":"article","og_title":"Andrew Hill 'Andrew !!!' Para recibir la reedici\u00f3n de la nota azul","og_description":"El pianista Andrew Hill&#8216;s de 1968 \u00e1lbum \u00a1\u00a1\u00a1Andr\u00e9s!!! es la \u00faltima entrada en la serie Tone Poet de Blue Note Records. Esta edici\u00f3n de Vinyl","og_url":"https:\/\/web.consaguirre.com.ar\/noticias\/andrew-hill-andrew-para-recibir-la-reedicion-de-la-nota-azul\/","og_site_name":"Conservatorio de M\u00fasica Juli\u00e1n Aguirre","article_published_time":"2025-04-14T21:38:14+00:00","og_image":[{"width":1280,"height":1280,"url":"https:\/\/web.consaguirre.com.ar\/noticias\/wp-content\/uploads\/2025\/04\/Andrew-Hill-Andrew-Para-recibir-la-reedicion-de-la.jpg","type":"image\/jpeg"}],"author":"Javier Figueroa","twitter_card":"summary_large_image","twitter_misc":{"Escrito por":"Javier Figueroa","Tiempo de lectura":"2 minutos"},"schema":{"@context":"https:\/\/schema.org","@graph":[{"@type":"Article","@id":"https:\/\/web.consaguirre.com.ar\/noticias\/andrew-hill-andrew-para-recibir-la-reedicion-de-la-nota-azul\/#article","isPartOf":{"@id":"https:\/\/web.consaguirre.com.ar\/noticias\/andrew-hill-andrew-para-recibir-la-reedicion-de-la-nota-azul\/"},"author":{"name":"Javier Figueroa","@id":"https:\/\/web.consaguirre.com.ar\/noticias\/#\/schema\/person\/6558b0cfedee7ddc5425602b237d5722"},"headline":"Andrew Hill &#8216;Andrew !!!&#8217; Para recibir la reedici\u00f3n de la nota azul","datePublished":"2025-04-14T21:38:14+00:00","dateModified":"2025-04-14T21:38:14+00:00","mainEntityOfPage":{"@id":"https:\/\/web.consaguirre.com.ar\/noticias\/andrew-hill-andrew-para-recibir-la-reedicion-de-la-nota-azul\/"},"wordCount":399,"publisher":{"@id":"https:\/\/web.consaguirre.com.ar\/noticias\/#organization"},"image":{"@id":"https:\/\/web.consaguirre.com.ar\/noticias\/andrew-hill-andrew-para-recibir-la-reedicion-de-la-nota-azul\/#primaryimage"},"thumbnailUrl":"https:\/\/web.consaguirre.com.ar\/noticias\/wp-content\/uploads\/2025\/04\/Andrew-Hill-Andrew-Para-recibir-la-reedicion-de-la.jpg","keywords":["Andrew","azul","Hill","Nota","para","recibir","reedici\u00f3n"],"articleSection":["El \u00faltimo"],"inLanguage":"es-AR"},{"@type":"WebPage","@id":"https:\/\/web.consaguirre.com.ar\/noticias\/andrew-hill-andrew-para-recibir-la-reedicion-de-la-nota-azul\/","url":"https:\/\/web.consaguirre.com.ar\/noticias\/andrew-hill-andrew-para-recibir-la-reedicion-de-la-nota-azul\/","name":"Andrew Hill 'Andrew !!!' Para recibir la reedici\u00f3n de la nota azul","isPartOf":{"@id":"https:\/\/web.consaguirre.com.ar\/noticias\/#website"},"primaryImageOfPage":{"@id":"https:\/\/web.consaguirre.com.ar\/noticias\/andrew-hill-andrew-para-recibir-la-reedicion-de-la-nota-azul\/#primaryimage"},"image":{"@id":"https:\/\/web.consaguirre.com.ar\/noticias\/andrew-hill-andrew-para-recibir-la-reedicion-de-la-nota-azul\/#primaryimage"},"thumbnailUrl":"https:\/\/web.consaguirre.com.ar\/noticias\/wp-content\/uploads\/2025\/04\/Andrew-Hill-Andrew-Para-recibir-la-reedicion-de-la.jpg","datePublished":"2025-04-14T21:38:14+00:00","dateModified":"2025-04-14T21:38:14+00:00","breadcrumb":{"@id":"https:\/\/web.consaguirre.com.ar\/noticias\/andrew-hill-andrew-para-recibir-la-reedicion-de-la-nota-azul\/#breadcrumb"},"inLanguage":"es-AR","potentialAction":[{"@type":"ReadAction","target":["https:\/\/web.consaguirre.com.ar\/noticias\/andrew-hill-andrew-para-recibir-la-reedicion-de-la-nota-azul\/"]}]},{"@type":"ImageObject","inLanguage":"es-AR","@id":"https:\/\/web.consaguirre.com.ar\/noticias\/andrew-hill-andrew-para-recibir-la-reedicion-de-la-nota-azul\/#primaryimage","url":"https:\/\/web.consaguirre.com.ar\/noticias\/wp-content\/uploads\/2025\/04\/Andrew-Hill-Andrew-Para-recibir-la-reedicion-de-la.jpg","contentUrl":"https:\/\/web.consaguirre.com.ar\/noticias\/wp-content\/uploads\/2025\/04\/Andrew-Hill-Andrew-Para-recibir-la-reedicion-de-la.jpg","width":1280,"height":1280,"caption":"Andrew Hill 'Andrew !!!' Para recibir la reedici\u00f3n de la nota azul"},{"@type":"BreadcrumbList","@id":"https:\/\/web.consaguirre.com.ar\/noticias\/andrew-hill-andrew-para-recibir-la-reedicion-de-la-nota-azul\/#breadcrumb","itemListElement":[{"@type":"ListItem","position":1,"name":"Inicio","item":"https:\/\/web.consaguirre.com.ar\/noticias\/"},{"@type":"ListItem","position":2,"name":"Andrew Hill &#8216;Andrew !!!&#8217; Para recibir la reedici\u00f3n de la nota azul"}]},{"@type":"WebSite","@id":"https:\/\/web.consaguirre.com.ar\/noticias\/#website","url":"https:\/\/web.consaguirre.com.ar\/noticias\/","name":"Conservatorio de M\u00fasica Juli\u00e1n Aguirre","description":"","publisher":{"@id":"https:\/\/web.consaguirre.com.ar\/noticias\/#organization"},"potentialAction":[{"@type":"SearchAction","target":{"@type":"EntryPoint","urlTemplate":"https:\/\/web.consaguirre.com.ar\/noticias\/?s={search_term_string}"},"query-input":"required name=search_term_string"}],"inLanguage":"es-AR"},{"@type":"Organization","@id":"https:\/\/web.consaguirre.com.ar\/noticias\/#organization","name":"Conservatorio de M\u00fasica Juli\u00e1n Aguirre","url":"https:\/\/web.consaguirre.com.ar\/noticias\/","logo":{"@type":"ImageObject","inLanguage":"es-AR","@id":"https:\/\/web.consaguirre.com.ar\/noticias\/#\/schema\/logo\/image\/","url":"https:\/\/web.consaguirre.com.ar\/noticias\/wp-content\/uploads\/2024\/08\/Banner-Aguirre-23.jpg","contentUrl":"https:\/\/web.consaguirre.com.ar\/noticias\/wp-content\/uploads\/2024\/08\/Banner-Aguirre-23.jpg","width":1192,"height":600,"caption":"Conservatorio de M\u00fasica Juli\u00e1n Aguirre"},"image":{"@id":"https:\/\/web.consaguirre.com.ar\/noticias\/#\/schema\/logo\/image\/"}},{"@type":"Person","@id":"https:\/\/web.consaguirre.com.ar\/noticias\/#\/schema\/person\/6558b0cfedee7ddc5425602b237d5722","name":"Javier Figueroa","image":{"@type":"ImageObject","inLanguage":"es-AR","@id":"https:\/\/web.consaguirre.com.ar\/noticias\/#\/schema\/person\/image\/","url":"https:\/\/web.consaguirre.com.ar\/noticias\/wp-content\/uploads\/2024\/08\/Consaguirre-scaled.jpg","contentUrl":"https:\/\/web.consaguirre.com.ar\/noticias\/wp-content\/uploads\/2024\/08\/Consaguirre-scaled.jpg","caption":"Javier Figueroa"},"description":"Me llamo Javier Figueroa y soy redactor para el sitio oficial del Conservatorio de M\u00fasica Juli\u00e1n Aguirre en Buenos Aires, consaguirre.com. Apasionado por la m\u00fasica y la escritura, me esfuerzo por destacar los talentos y eventos de nuestra prestigiosa instituci\u00f3n. Mi trayectoria se nutre de una profunda admiraci\u00f3n por los artistas, haciendo de cada art\u00edculo una celebraci\u00f3n de la creatividad y la cultura musical.","sameAs":["https:\/\/web.consaguirre.com.ar\/noticias"]}]}},"_links":{"self":[{"href":"https:\/\/web.consaguirre.com.ar\/noticias\/wp-json\/wp\/v2\/posts\/2391"}],"collection":[{"href":"https:\/\/web.consaguirre.com.ar\/noticias\/wp-json\/wp\/v2\/posts"}],"about":[{"href":"https:\/\/web.consaguirre.com.ar\/noticias\/wp-json\/wp\/v2\/types\/post"}],"author":[{"embeddable":true,"href":"https:\/\/web.consaguirre.com.ar\/noticias\/wp-json\/wp\/v2\/users\/1"}],"replies":[{"embeddable":true,"href":"https:\/\/web.consaguirre.com.ar\/noticias\/wp-json\/wp\/v2\/comments?post=2391"}],"version-history":[{"count":1,"href":"https:\/\/web.consaguirre.com.ar\/noticias\/wp-json\/wp\/v2\/posts\/2391\/revisions"}],"predecessor-version":[{"id":2393,"href":"https:\/\/web.consaguirre.com.ar\/noticias\/wp-json\/wp\/v2\/posts\/2391\/revisions\/2393"}],"wp:featuredmedia":[{"embeddable":true,"href":"https:\/\/web.consaguirre.com.ar\/noticias\/wp-json\/wp\/v2\/media\/2392"}],"wp:attachment":[{"href":"https:\/\/web.consaguirre.com.ar\/noticias\/wp-json\/wp\/v2\/media?parent=2391"}],"wp:term":[{"taxonomy":"category","embeddable":true,"href":"https:\/\/web.consaguirre.com.ar\/noticias\/wp-json\/wp\/v2\/categories?post=2391"},{"taxonomy":"post_tag","embeddable":true,"href":"https:\/\/web.consaguirre.com.ar\/noticias\/wp-json\/wp\/v2\/tags?post=2391"}],"curies":[{"name":"wp","href":"https:\/\/api.w.org\/{rel}","templated":true}]}}