{"id":239,"date":"2024-08-27T06:38:23","date_gmt":"2024-08-27T09:38:23","guid":{"rendered":"https:\/\/web.consaguirre.com.ar\/noticias\/ariana-grande-anuncia-la-edicion-del-decimo-aniversario-de-my-everything\/"},"modified":"2024-09-08T16:27:50","modified_gmt":"2024-09-08T19:27:50","slug":"ariana-grande-anuncia-la-edicion-del-decimo-aniversario-de-my-everything","status":"publish","type":"post","link":"https:\/\/web.consaguirre.com.ar\/noticias\/ariana-grande-anuncia-la-edicion-del-decimo-aniversario-de-my-everything\/","title":{"rendered":"Ariana Grande anuncia la edici\u00f3n del d\u00e9cimo aniversario de &#8216;My Everything&#8217;"},"content":{"rendered":"<p><strong><em>Mi todo<\/em><\/strong>el \u00e1lbum de 2014 que consolid\u00f3 <strong>Ariana Grande<\/strong>El \u00e1lbum, que se ha convertido en la realeza del pop, recibir\u00e1 una reedici\u00f3n de lujo para su d\u00e9cimo aniversario. La edici\u00f3n de aniversario, que se lanza exactamente diez a\u00f1os despu\u00e9s del lanzamiento original del \u00e1lbum, ya est\u00e1 disponible en formato digital y tambi\u00e9n se puede reservar en vinilo.<\/p>\n<p><strong>Echa un vistazo a las distintas ediciones del \u00e1lbum de Ariana Grande. <em>Mi Todo (Edici\u00f3n D\u00e9cimo Aniversario)<\/em> ahora.<\/strong><\/p>\n<p>Dando rienda suelta a la potente voz de Grande y su presencia inigualable junto a un elenco estelar de productores, entre ellos Max Martin, Benny Blanco y David Guetta, <em>Mi todo<\/em> ampli\u00f3 el \u00e9xito que encabez\u00f3 las listas de \u00e9xitos de su exitoso debut de 2013 <strong><em>Atentamente<\/em><\/strong>El segundo \u00e1lbum de larga duraci\u00f3n de Grande se convirti\u00f3 en su segundo \u00e1lbum consecutivo en debutar en el n\u00famero uno, acumulando 169.000 copias en ventas en la primera semana camino a su actual estatus multiplatino.<\/p>\n<p>El sencillo principal &#8220;Problem&#8221; con Iggy Azalea alcanz\u00f3 el n\u00famero 2 en el Billboard Hot 100, un nuevo pico en la lista para Grande en ese momento. La canci\u00f3n fue seguida en el top 10 por la colaboraci\u00f3n con Zedd &#8220;Break Free&#8221;, la canci\u00f3n adicional &#8220;<strong>\u00a1Bang bang!<\/strong>&#8221; con Jessie J y Nicki Minaj, y el dueto de Weeknd &#8220;Love Me Harder&#8221;. El \u00faltimo sencillo &#8220;One Last Time&#8221; tambi\u00e9n se col\u00f3 entre los 20 primeros. En otras partes de la lista de canciones, <em>Mi todo<\/em> apariciones destacadas de invitados como Childish Gambino, Big Sean, A$AP Ferg y Cashmere Cat salpicaron las pistas que vieron a Grande profundizar cada vez m\u00e1s en su faceta de cantante y compositora.<\/p>\n<div class=\"uD-YT-container\"><img decoding=\"async\" src=\"https:\/\/web.consaguirre.com.ar\/noticias\/wp-content\/uploads\/2024\/08\/1724751503_816_Ariana-Grande-anuncia-la-edicion-del-decimo-aniversario-de-My.jpg\" alt=\"V\u00eddeo de YouTube\"><\/p>\n<\/div>\n<p>La reedici\u00f3n digital traer\u00e1 <em>Mi todo<\/em> Las pistas adicionales \u201cCadillac Song\u201d y \u201cToo Close\u201d estar\u00e1n disponibles en formato DSP por primera vez a nivel mundial, mientras que la edici\u00f3n en vinilo cuenta con una nueva variante de color y el debut de varias pistas en formato LP. Tambi\u00e9n habr\u00e1 un paquete de 4\u00d77\u201d que incluye los sencillos \u201cProblem\u201d, \u201cBreak Free\u201d, \u201cOne Last Time\u201d y \u201cLove Me Harder\u201d. En formato digital, tambi\u00e9n se lanzar\u00e1 un paquete de sencillos que incluye los cinco \u00e9xitos del top 20 del \u00e1lbum: \u201cProblem\u201d, \u201cBreak Free\u201d, \u201cOne Last Time\u201d, \u201cLove Me Harder\u201d, \u201cBang Bang\u201d. Todas las ediciones f\u00edsicas se lanzar\u00e1n el 6 de diciembre, justo a tiempo para regalar en las fiestas.<\/p>\n<p><strong>Echa un vistazo a las distintas ediciones del \u00e1lbum de Ariana Grande. <em>Mi Todo (Edici\u00f3n D\u00e9cimo Aniversario)<\/em> ahora.<\/strong><\/p>\n","protected":false},"excerpt":{"rendered":"<p>Mi todoel \u00e1lbum de 2014 que consolid\u00f3 Ariana GrandeEl \u00e1lbum, que se ha convertido en la realeza del pop, recibir\u00e1 una reedici\u00f3n de lujo para<\/p>\n","protected":false},"author":1,"featured_media":240,"comment_status":"closed","ping_status":"open","sticky":false,"template":"","format":"standard","meta":{"footnotes":""},"categories":[50],"tags":[98,56,158,161,10,160,159],"class_list":["post-239","post","type-post","status-publish","format-standard","has-post-thumbnail","hentry","category-el-ultimo","tag-aniversario","tag-anuncia","tag-ariana","tag-decimo","tag-del","tag-edicion","tag-grande","generate-columns","tablet-grid-50","mobile-grid-100","grid-parent","grid-50"],"yoast_head":"<!-- This site is optimized with the Yoast SEO plugin v23.3 - https:\/\/yoast.com\/wordpress\/plugins\/seo\/ -->\n<title>Ariana Grande anuncia la edici\u00f3n del d\u00e9cimo aniversario de &#039;My Everything&#039;<\/title>\n<meta name=\"robots\" content=\"index, follow, max-snippet:-1, max-image-preview:large, max-video-preview:-1\" \/>\n<link rel=\"canonical\" href=\"https:\/\/web.consaguirre.com.ar\/noticias\/ariana-grande-anuncia-la-edicion-del-decimo-aniversario-de-my-everything\/\" \/>\n<meta property=\"og:locale\" content=\"es_ES\" \/>\n<meta property=\"og:type\" content=\"article\" \/>\n<meta property=\"og:title\" content=\"Ariana Grande anuncia la edici\u00f3n del d\u00e9cimo aniversario de &#039;My Everything&#039;\" \/>\n<meta property=\"og:description\" content=\"Mi todoel \u00e1lbum de 2014 que consolid\u00f3 Ariana GrandeEl \u00e1lbum, que se ha convertido en la realeza del pop, recibir\u00e1 una reedici\u00f3n de lujo para\" \/>\n<meta property=\"og:url\" content=\"https:\/\/web.consaguirre.com.ar\/noticias\/ariana-grande-anuncia-la-edicion-del-decimo-aniversario-de-my-everything\/\" \/>\n<meta property=\"og:site_name\" content=\"Conservatorio de M\u00fasica Juli\u00e1n Aguirre\" \/>\n<meta property=\"article:published_time\" content=\"2024-08-27T09:38:23+00:00\" \/>\n<meta property=\"article:modified_time\" content=\"2024-09-08T19:27:50+00:00\" \/>\n<meta property=\"og:image\" content=\"https:\/\/web.consaguirre.com.ar\/noticias\/wp-content\/uploads\/2024\/08\/Ariana-Grande-anuncia-la-edicion-del-decimo-aniversario-de-My.jpg\" \/>\n\t<meta property=\"og:image:width\" content=\"1280\" \/>\n\t<meta property=\"og:image:height\" content=\"1280\" \/>\n\t<meta property=\"og:image:type\" content=\"image\/jpeg\" \/>\n<meta name=\"author\" content=\"Javier Figueroa\" \/>\n<meta name=\"twitter:card\" content=\"summary_large_image\" \/>\n<meta name=\"twitter:label1\" content=\"Escrito por\" \/>\n\t<meta name=\"twitter:data1\" content=\"Javier Figueroa\" \/>\n\t<meta name=\"twitter:label2\" content=\"Tiempo de lectura\" \/>\n\t<meta name=\"twitter:data2\" content=\"2 minutos\" \/>\n<script type=\"application\/ld+json\" class=\"yoast-schema-graph\">{\"@context\":\"https:\/\/schema.org\",\"@graph\":[{\"@type\":\"Article\",\"@id\":\"https:\/\/web.consaguirre.com.ar\/noticias\/ariana-grande-anuncia-la-edicion-del-decimo-aniversario-de-my-everything\/#article\",\"isPartOf\":{\"@id\":\"https:\/\/web.consaguirre.com.ar\/noticias\/ariana-grande-anuncia-la-edicion-del-decimo-aniversario-de-my-everything\/\"},\"author\":{\"name\":\"Javier Figueroa\",\"@id\":\"https:\/\/web.consaguirre.com.ar\/noticias\/#\/schema\/person\/6558b0cfedee7ddc5425602b237d5722\"},\"headline\":\"Ariana Grande anuncia la edici\u00f3n del d\u00e9cimo aniversario de &#8216;My Everything&#8217;\",\"datePublished\":\"2024-08-27T09:38:23+00:00\",\"dateModified\":\"2024-09-08T19:27:50+00:00\",\"mainEntityOfPage\":{\"@id\":\"https:\/\/web.consaguirre.com.ar\/noticias\/ariana-grande-anuncia-la-edicion-del-decimo-aniversario-de-my-everything\/\"},\"wordCount\":438,\"publisher\":{\"@id\":\"https:\/\/web.consaguirre.com.ar\/noticias\/#organization\"},\"image\":{\"@id\":\"https:\/\/web.consaguirre.com.ar\/noticias\/ariana-grande-anuncia-la-edicion-del-decimo-aniversario-de-my-everything\/#primaryimage\"},\"thumbnailUrl\":\"https:\/\/web.consaguirre.com.ar\/noticias\/wp-content\/uploads\/2024\/08\/Ariana-Grande-anuncia-la-edicion-del-decimo-aniversario-de-My.jpg\",\"keywords\":[\"aniversario\",\"anuncia\",\"Ariana\",\"d\u00e9cimo\",\"del\",\"edici\u00f3n\",\"Grande\"],\"articleSection\":[\"El \u00faltimo\"],\"inLanguage\":\"es-AR\"},{\"@type\":\"WebPage\",\"@id\":\"https:\/\/web.consaguirre.com.ar\/noticias\/ariana-grande-anuncia-la-edicion-del-decimo-aniversario-de-my-everything\/\",\"url\":\"https:\/\/web.consaguirre.com.ar\/noticias\/ariana-grande-anuncia-la-edicion-del-decimo-aniversario-de-my-everything\/\",\"name\":\"Ariana Grande anuncia la edici\u00f3n del d\u00e9cimo aniversario de 'My Everything'\",\"isPartOf\":{\"@id\":\"https:\/\/web.consaguirre.com.ar\/noticias\/#website\"},\"primaryImageOfPage\":{\"@id\":\"https:\/\/web.consaguirre.com.ar\/noticias\/ariana-grande-anuncia-la-edicion-del-decimo-aniversario-de-my-everything\/#primaryimage\"},\"image\":{\"@id\":\"https:\/\/web.consaguirre.com.ar\/noticias\/ariana-grande-anuncia-la-edicion-del-decimo-aniversario-de-my-everything\/#primaryimage\"},\"thumbnailUrl\":\"https:\/\/web.consaguirre.com.ar\/noticias\/wp-content\/uploads\/2024\/08\/Ariana-Grande-anuncia-la-edicion-del-decimo-aniversario-de-My.jpg\",\"datePublished\":\"2024-08-27T09:38:23+00:00\",\"dateModified\":\"2024-09-08T19:27:50+00:00\",\"breadcrumb\":{\"@id\":\"https:\/\/web.consaguirre.com.ar\/noticias\/ariana-grande-anuncia-la-edicion-del-decimo-aniversario-de-my-everything\/#breadcrumb\"},\"inLanguage\":\"es-AR\",\"potentialAction\":[{\"@type\":\"ReadAction\",\"target\":[\"https:\/\/web.consaguirre.com.ar\/noticias\/ariana-grande-anuncia-la-edicion-del-decimo-aniversario-de-my-everything\/\"]}]},{\"@type\":\"ImageObject\",\"inLanguage\":\"es-AR\",\"@id\":\"https:\/\/web.consaguirre.com.ar\/noticias\/ariana-grande-anuncia-la-edicion-del-decimo-aniversario-de-my-everything\/#primaryimage\",\"url\":\"https:\/\/web.consaguirre.com.ar\/noticias\/wp-content\/uploads\/2024\/08\/Ariana-Grande-anuncia-la-edicion-del-decimo-aniversario-de-My.jpg\",\"contentUrl\":\"https:\/\/web.consaguirre.com.ar\/noticias\/wp-content\/uploads\/2024\/08\/Ariana-Grande-anuncia-la-edicion-del-decimo-aniversario-de-My.jpg\",\"width\":1280,\"height\":1280,\"caption\":\"Ariana Grande anuncia la edici\u00f3n del d\u00e9cimo aniversario de 'My Everything'\"},{\"@type\":\"BreadcrumbList\",\"@id\":\"https:\/\/web.consaguirre.com.ar\/noticias\/ariana-grande-anuncia-la-edicion-del-decimo-aniversario-de-my-everything\/#breadcrumb\",\"itemListElement\":[{\"@type\":\"ListItem\",\"position\":1,\"name\":\"Inicio\",\"item\":\"https:\/\/web.consaguirre.com.ar\/noticias\/\"},{\"@type\":\"ListItem\",\"position\":2,\"name\":\"Ariana Grande anuncia la edici\u00f3n del d\u00e9cimo aniversario de &#8216;My Everything&#8217;\"}]},{\"@type\":\"WebSite\",\"@id\":\"https:\/\/web.consaguirre.com.ar\/noticias\/#website\",\"url\":\"https:\/\/web.consaguirre.com.ar\/noticias\/\",\"name\":\"Conservatorio de M\u00fasica Juli\u00e1n Aguirre\",\"description\":\"\",\"publisher\":{\"@id\":\"https:\/\/web.consaguirre.com.ar\/noticias\/#organization\"},\"potentialAction\":[{\"@type\":\"SearchAction\",\"target\":{\"@type\":\"EntryPoint\",\"urlTemplate\":\"https:\/\/web.consaguirre.com.ar\/noticias\/?s={search_term_string}\"},\"query-input\":\"required name=search_term_string\"}],\"inLanguage\":\"es-AR\"},{\"@type\":\"Organization\",\"@id\":\"https:\/\/web.consaguirre.com.ar\/noticias\/#organization\",\"name\":\"Conservatorio de M\u00fasica Juli\u00e1n Aguirre\",\"url\":\"https:\/\/web.consaguirre.com.ar\/noticias\/\",\"logo\":{\"@type\":\"ImageObject\",\"inLanguage\":\"es-AR\",\"@id\":\"https:\/\/web.consaguirre.com.ar\/noticias\/#\/schema\/logo\/image\/\",\"url\":\"https:\/\/web.consaguirre.com.ar\/noticias\/wp-content\/uploads\/2024\/08\/Banner-Aguirre-23.jpg\",\"contentUrl\":\"https:\/\/web.consaguirre.com.ar\/noticias\/wp-content\/uploads\/2024\/08\/Banner-Aguirre-23.jpg\",\"width\":1192,\"height\":600,\"caption\":\"Conservatorio de M\u00fasica Juli\u00e1n Aguirre\"},\"image\":{\"@id\":\"https:\/\/web.consaguirre.com.ar\/noticias\/#\/schema\/logo\/image\/\"}},{\"@type\":\"Person\",\"@id\":\"https:\/\/web.consaguirre.com.ar\/noticias\/#\/schema\/person\/6558b0cfedee7ddc5425602b237d5722\",\"name\":\"Javier Figueroa\",\"image\":{\"@type\":\"ImageObject\",\"inLanguage\":\"es-AR\",\"@id\":\"https:\/\/web.consaguirre.com.ar\/noticias\/#\/schema\/person\/image\/\",\"url\":\"https:\/\/web.consaguirre.com.ar\/noticias\/wp-content\/uploads\/2024\/08\/Consaguirre-scaled.jpg\",\"contentUrl\":\"https:\/\/web.consaguirre.com.ar\/noticias\/wp-content\/uploads\/2024\/08\/Consaguirre-scaled.jpg\",\"caption\":\"Javier Figueroa\"},\"description\":\"Me llamo Javier Figueroa y soy redactor para el sitio oficial del Conservatorio de M\u00fasica Juli\u00e1n Aguirre en Buenos Aires, consaguirre.com. Apasionado por la m\u00fasica y la escritura, me esfuerzo por destacar los talentos y eventos de nuestra prestigiosa instituci\u00f3n. Mi trayectoria se nutre de una profunda admiraci\u00f3n por los artistas, haciendo de cada art\u00edculo una celebraci\u00f3n de la creatividad y la cultura musical.\",\"sameAs\":[\"https:\/\/web.consaguirre.com.ar\/noticias\"]}]}<\/script>\n<!-- \/ Yoast SEO plugin. -->","yoast_head_json":{"title":"Ariana Grande anuncia la edici\u00f3n del d\u00e9cimo aniversario de 'My Everything'","robots":{"index":"index","follow":"follow","max-snippet":"max-snippet:-1","max-image-preview":"max-image-preview:large","max-video-preview":"max-video-preview:-1"},"canonical":"https:\/\/web.consaguirre.com.ar\/noticias\/ariana-grande-anuncia-la-edicion-del-decimo-aniversario-de-my-everything\/","og_locale":"es_ES","og_type":"article","og_title":"Ariana Grande anuncia la edici\u00f3n del d\u00e9cimo aniversario de 'My Everything'","og_description":"Mi todoel \u00e1lbum de 2014 que consolid\u00f3 Ariana GrandeEl \u00e1lbum, que se ha convertido en la realeza del pop, recibir\u00e1 una reedici\u00f3n de lujo para","og_url":"https:\/\/web.consaguirre.com.ar\/noticias\/ariana-grande-anuncia-la-edicion-del-decimo-aniversario-de-my-everything\/","og_site_name":"Conservatorio de M\u00fasica Juli\u00e1n Aguirre","article_published_time":"2024-08-27T09:38:23+00:00","article_modified_time":"2024-09-08T19:27:50+00:00","og_image":[{"width":1280,"height":1280,"url":"https:\/\/web.consaguirre.com.ar\/noticias\/wp-content\/uploads\/2024\/08\/Ariana-Grande-anuncia-la-edicion-del-decimo-aniversario-de-My.jpg","type":"image\/jpeg"}],"author":"Javier Figueroa","twitter_card":"summary_large_image","twitter_misc":{"Escrito por":"Javier Figueroa","Tiempo de lectura":"2 minutos"},"schema":{"@context":"https:\/\/schema.org","@graph":[{"@type":"Article","@id":"https:\/\/web.consaguirre.com.ar\/noticias\/ariana-grande-anuncia-la-edicion-del-decimo-aniversario-de-my-everything\/#article","isPartOf":{"@id":"https:\/\/web.consaguirre.com.ar\/noticias\/ariana-grande-anuncia-la-edicion-del-decimo-aniversario-de-my-everything\/"},"author":{"name":"Javier Figueroa","@id":"https:\/\/web.consaguirre.com.ar\/noticias\/#\/schema\/person\/6558b0cfedee7ddc5425602b237d5722"},"headline":"Ariana Grande anuncia la edici\u00f3n del d\u00e9cimo aniversario de &#8216;My Everything&#8217;","datePublished":"2024-08-27T09:38:23+00:00","dateModified":"2024-09-08T19:27:50+00:00","mainEntityOfPage":{"@id":"https:\/\/web.consaguirre.com.ar\/noticias\/ariana-grande-anuncia-la-edicion-del-decimo-aniversario-de-my-everything\/"},"wordCount":438,"publisher":{"@id":"https:\/\/web.consaguirre.com.ar\/noticias\/#organization"},"image":{"@id":"https:\/\/web.consaguirre.com.ar\/noticias\/ariana-grande-anuncia-la-edicion-del-decimo-aniversario-de-my-everything\/#primaryimage"},"thumbnailUrl":"https:\/\/web.consaguirre.com.ar\/noticias\/wp-content\/uploads\/2024\/08\/Ariana-Grande-anuncia-la-edicion-del-decimo-aniversario-de-My.jpg","keywords":["aniversario","anuncia","Ariana","d\u00e9cimo","del","edici\u00f3n","Grande"],"articleSection":["El \u00faltimo"],"inLanguage":"es-AR"},{"@type":"WebPage","@id":"https:\/\/web.consaguirre.com.ar\/noticias\/ariana-grande-anuncia-la-edicion-del-decimo-aniversario-de-my-everything\/","url":"https:\/\/web.consaguirre.com.ar\/noticias\/ariana-grande-anuncia-la-edicion-del-decimo-aniversario-de-my-everything\/","name":"Ariana Grande anuncia la edici\u00f3n del d\u00e9cimo aniversario de 'My Everything'","isPartOf":{"@id":"https:\/\/web.consaguirre.com.ar\/noticias\/#website"},"primaryImageOfPage":{"@id":"https:\/\/web.consaguirre.com.ar\/noticias\/ariana-grande-anuncia-la-edicion-del-decimo-aniversario-de-my-everything\/#primaryimage"},"image":{"@id":"https:\/\/web.consaguirre.com.ar\/noticias\/ariana-grande-anuncia-la-edicion-del-decimo-aniversario-de-my-everything\/#primaryimage"},"thumbnailUrl":"https:\/\/web.consaguirre.com.ar\/noticias\/wp-content\/uploads\/2024\/08\/Ariana-Grande-anuncia-la-edicion-del-decimo-aniversario-de-My.jpg","datePublished":"2024-08-27T09:38:23+00:00","dateModified":"2024-09-08T19:27:50+00:00","breadcrumb":{"@id":"https:\/\/web.consaguirre.com.ar\/noticias\/ariana-grande-anuncia-la-edicion-del-decimo-aniversario-de-my-everything\/#breadcrumb"},"inLanguage":"es-AR","potentialAction":[{"@type":"ReadAction","target":["https:\/\/web.consaguirre.com.ar\/noticias\/ariana-grande-anuncia-la-edicion-del-decimo-aniversario-de-my-everything\/"]}]},{"@type":"ImageObject","inLanguage":"es-AR","@id":"https:\/\/web.consaguirre.com.ar\/noticias\/ariana-grande-anuncia-la-edicion-del-decimo-aniversario-de-my-everything\/#primaryimage","url":"https:\/\/web.consaguirre.com.ar\/noticias\/wp-content\/uploads\/2024\/08\/Ariana-Grande-anuncia-la-edicion-del-decimo-aniversario-de-My.jpg","contentUrl":"https:\/\/web.consaguirre.com.ar\/noticias\/wp-content\/uploads\/2024\/08\/Ariana-Grande-anuncia-la-edicion-del-decimo-aniversario-de-My.jpg","width":1280,"height":1280,"caption":"Ariana Grande anuncia la edici\u00f3n del d\u00e9cimo aniversario de 'My Everything'"},{"@type":"BreadcrumbList","@id":"https:\/\/web.consaguirre.com.ar\/noticias\/ariana-grande-anuncia-la-edicion-del-decimo-aniversario-de-my-everything\/#breadcrumb","itemListElement":[{"@type":"ListItem","position":1,"name":"Inicio","item":"https:\/\/web.consaguirre.com.ar\/noticias\/"},{"@type":"ListItem","position":2,"name":"Ariana Grande anuncia la edici\u00f3n del d\u00e9cimo aniversario de &#8216;My Everything&#8217;"}]},{"@type":"WebSite","@id":"https:\/\/web.consaguirre.com.ar\/noticias\/#website","url":"https:\/\/web.consaguirre.com.ar\/noticias\/","name":"Conservatorio de M\u00fasica Juli\u00e1n Aguirre","description":"","publisher":{"@id":"https:\/\/web.consaguirre.com.ar\/noticias\/#organization"},"potentialAction":[{"@type":"SearchAction","target":{"@type":"EntryPoint","urlTemplate":"https:\/\/web.consaguirre.com.ar\/noticias\/?s={search_term_string}"},"query-input":"required name=search_term_string"}],"inLanguage":"es-AR"},{"@type":"Organization","@id":"https:\/\/web.consaguirre.com.ar\/noticias\/#organization","name":"Conservatorio de M\u00fasica Juli\u00e1n Aguirre","url":"https:\/\/web.consaguirre.com.ar\/noticias\/","logo":{"@type":"ImageObject","inLanguage":"es-AR","@id":"https:\/\/web.consaguirre.com.ar\/noticias\/#\/schema\/logo\/image\/","url":"https:\/\/web.consaguirre.com.ar\/noticias\/wp-content\/uploads\/2024\/08\/Banner-Aguirre-23.jpg","contentUrl":"https:\/\/web.consaguirre.com.ar\/noticias\/wp-content\/uploads\/2024\/08\/Banner-Aguirre-23.jpg","width":1192,"height":600,"caption":"Conservatorio de M\u00fasica Juli\u00e1n Aguirre"},"image":{"@id":"https:\/\/web.consaguirre.com.ar\/noticias\/#\/schema\/logo\/image\/"}},{"@type":"Person","@id":"https:\/\/web.consaguirre.com.ar\/noticias\/#\/schema\/person\/6558b0cfedee7ddc5425602b237d5722","name":"Javier Figueroa","image":{"@type":"ImageObject","inLanguage":"es-AR","@id":"https:\/\/web.consaguirre.com.ar\/noticias\/#\/schema\/person\/image\/","url":"https:\/\/web.consaguirre.com.ar\/noticias\/wp-content\/uploads\/2024\/08\/Consaguirre-scaled.jpg","contentUrl":"https:\/\/web.consaguirre.com.ar\/noticias\/wp-content\/uploads\/2024\/08\/Consaguirre-scaled.jpg","caption":"Javier Figueroa"},"description":"Me llamo Javier Figueroa y soy redactor para el sitio oficial del Conservatorio de M\u00fasica Juli\u00e1n Aguirre en Buenos Aires, consaguirre.com. Apasionado por la m\u00fasica y la escritura, me esfuerzo por destacar los talentos y eventos de nuestra prestigiosa instituci\u00f3n. Mi trayectoria se nutre de una profunda admiraci\u00f3n por los artistas, haciendo de cada art\u00edculo una celebraci\u00f3n de la creatividad y la cultura musical.","sameAs":["https:\/\/web.consaguirre.com.ar\/noticias"]}]}},"_links":{"self":[{"href":"https:\/\/web.consaguirre.com.ar\/noticias\/wp-json\/wp\/v2\/posts\/239"}],"collection":[{"href":"https:\/\/web.consaguirre.com.ar\/noticias\/wp-json\/wp\/v2\/posts"}],"about":[{"href":"https:\/\/web.consaguirre.com.ar\/noticias\/wp-json\/wp\/v2\/types\/post"}],"author":[{"embeddable":true,"href":"https:\/\/web.consaguirre.com.ar\/noticias\/wp-json\/wp\/v2\/users\/1"}],"replies":[{"embeddable":true,"href":"https:\/\/web.consaguirre.com.ar\/noticias\/wp-json\/wp\/v2\/comments?post=239"}],"version-history":[{"count":1,"href":"https:\/\/web.consaguirre.com.ar\/noticias\/wp-json\/wp\/v2\/posts\/239\/revisions"}],"predecessor-version":[{"id":241,"href":"https:\/\/web.consaguirre.com.ar\/noticias\/wp-json\/wp\/v2\/posts\/239\/revisions\/241"}],"wp:featuredmedia":[{"embeddable":true,"href":"https:\/\/web.consaguirre.com.ar\/noticias\/wp-json\/wp\/v2\/media\/240"}],"wp:attachment":[{"href":"https:\/\/web.consaguirre.com.ar\/noticias\/wp-json\/wp\/v2\/media?parent=239"}],"wp:term":[{"taxonomy":"category","embeddable":true,"href":"https:\/\/web.consaguirre.com.ar\/noticias\/wp-json\/wp\/v2\/categories?post=239"},{"taxonomy":"post_tag","embeddable":true,"href":"https:\/\/web.consaguirre.com.ar\/noticias\/wp-json\/wp\/v2\/tags?post=239"}],"curies":[{"name":"wp","href":"https:\/\/api.w.org\/{rel}","templated":true}]}}