{"id":2382,"date":"2025-04-11T21:39:08","date_gmt":"2025-04-12T00:39:08","guid":{"rendered":"https:\/\/web.consaguirre.com.ar\/noticias\/la-serie-de-verve-de-verve-de-verve-records-verve-remezclado\/"},"modified":"2025-04-11T21:39:08","modified_gmt":"2025-04-12T00:39:08","slug":"la-serie-de-verve-de-verve-de-verve-records-verve-remezclado","status":"publish","type":"post","link":"https:\/\/web.consaguirre.com.ar\/noticias\/la-serie-de-verve-de-verve-de-verve-records-verve-remezclado\/","title":{"rendered":"La serie de verve de verve de verve r\u00e9cords &#8216;verve remezclado&#8217;"},"content":{"rendered":"<p><strong>Registros de pie<\/strong> ha relanzado su serie de remezcladas de L\u00e9rotes despu\u00e9s de 12 a\u00f1os.<\/p>\n<p><em>L\u00e9ver a remezclado: los \u00e9xitos<\/em> re\u00fane 20 pistas cl\u00e1sicas del cat\u00e1logo de la serie, que incluye canciones de <strong>Nina Simone<\/strong>, <strong>Vacaciones de Billie<\/strong>, <strong>Dizzy Gillespie,<\/strong> y <strong>Astrud Gilberto<\/strong>. Los remixes provienen de personas como Diplo, Toro y Moi, Masters at Work, Felix da Housecat, Bassnectar, Service Postal, Jaffa y Gotan. El \u00e1lbum tambi\u00e9n se cierra con un remix completamente nuevo, una reinvenci\u00f3n de &#8220;You Go to My Head&#8221; de Billie Holiday de Henry Green. El productor y cantante y compositor melanc\u00f3lico Green ha colaborado a lo largo de su carrera con artistas como Kygo, Christian Loffler y m\u00e1s. Tambi\u00e9n ha hecho muchos remixes, pero ninguno tan de alto perfil como este con las vacaciones ic\u00f3nicas. Su opini\u00f3n sobre la canci\u00f3n es c\u00e1lida y envolvente, reflejando las letras de amor de la canci\u00f3n.<\/p>\n<div class=\"uD-YT-container\"><img decoding=\"async\" src=\"https:\/\/web.consaguirre.com.ar\/noticias\/wp-content\/uploads\/2025\/04\/1744418348_739_La-serie-de-verve-de-verve-de-verve-records-verve.jpg\" alt=\"Video de YouTube\"><br \/>Haga clic para cargar video<\/div>\n<p>La serie Remixed de Verve debut\u00f3 en 2002, invitando a los mejores DJ y productores a elegir canciones que les gustar\u00eda remezclar de las b\u00f3vedas de Verve, exponiendo a las generaciones m\u00e1s j\u00f3venes de oyentes a la m\u00fasica cl\u00e1sica de jazz y blues de una nueva manera. Verve, que se lanz\u00f3 como una etiqueta en 1956, ha trabajado con personas como Louis Armstrong, Roy Ayers, Dinah Washington, Sarah Vaughan, Ella Fitzgerald, Jon Batiste y m\u00e1s.<\/p>\n<p>La nueva compilaci\u00f3n de HITS es t\u00e9cnicamente la octava entrega en el cat\u00e1logo Remixed de Verve. Las ediciones pasadas han presentado remixes de personas como Moodymann, DJ Premier, Flume, The Orb, Mr. Scruff y More. Cada \u00e1lbum de remix vino junto con un disco complementario, Verve sin mezclar, que conten\u00eda todas las canciones destacadas en su forma original.<\/p><\/p>\n","protected":false},"excerpt":{"rendered":"<p>Registros de pie ha relanzado su serie de remezcladas de L\u00e9rotes despu\u00e9s de 12 a\u00f1os. L\u00e9ver a remezclado: los \u00e9xitos re\u00fane 20 pistas cl\u00e1sicas del<\/p>\n","protected":false},"author":1,"featured_media":2383,"comment_status":"closed","ping_status":"","sticky":false,"template":"","format":"standard","meta":{"footnotes":""},"categories":[50],"tags":[256,814,220,1182],"class_list":["post-2382","post","type-post","status-publish","format-standard","has-post-thumbnail","hentry","category-el-ultimo","tag-records","tag-remezclado","tag-serie","tag-verve","generate-columns","tablet-grid-50","mobile-grid-100","grid-parent","grid-50"],"yoast_head":"<!-- This site is optimized with the Yoast SEO plugin v23.3 - https:\/\/yoast.com\/wordpress\/plugins\/seo\/ -->\n<title>La serie de verve de verve de verve r\u00e9cords &#039;verve remezclado&#039;<\/title>\n<meta name=\"robots\" content=\"index, follow, max-snippet:-1, max-image-preview:large, max-video-preview:-1\" \/>\n<link rel=\"canonical\" href=\"https:\/\/web.consaguirre.com.ar\/noticias\/la-serie-de-verve-de-verve-de-verve-records-verve-remezclado\/\" \/>\n<meta property=\"og:locale\" content=\"es_ES\" \/>\n<meta property=\"og:type\" content=\"article\" \/>\n<meta property=\"og:title\" content=\"La serie de verve de verve de verve r\u00e9cords &#039;verve remezclado&#039;\" \/>\n<meta property=\"og:description\" content=\"Registros de pie ha relanzado su serie de remezcladas de L\u00e9rotes despu\u00e9s de 12 a\u00f1os. L\u00e9ver a remezclado: los \u00e9xitos re\u00fane 20 pistas cl\u00e1sicas del\" \/>\n<meta property=\"og:url\" content=\"https:\/\/web.consaguirre.com.ar\/noticias\/la-serie-de-verve-de-verve-de-verve-records-verve-remezclado\/\" \/>\n<meta property=\"og:site_name\" content=\"Conservatorio de M\u00fasica Juli\u00e1n Aguirre\" \/>\n<meta property=\"article:published_time\" content=\"2025-04-12T00:39:08+00:00\" \/>\n<meta property=\"og:image\" content=\"https:\/\/web.consaguirre.com.ar\/noticias\/wp-content\/uploads\/2025\/04\/La-serie-de-verve-de-verve-de-verve-records-verve.jpg\" \/>\n\t<meta property=\"og:image:width\" content=\"1280\" \/>\n\t<meta property=\"og:image:height\" content=\"1280\" \/>\n\t<meta property=\"og:image:type\" content=\"image\/jpeg\" \/>\n<meta name=\"author\" content=\"Javier Figueroa\" \/>\n<meta name=\"twitter:card\" content=\"summary_large_image\" \/>\n<meta name=\"twitter:label1\" content=\"Escrito por\" \/>\n\t<meta name=\"twitter:data1\" content=\"Javier Figueroa\" \/>\n\t<meta name=\"twitter:label2\" content=\"Tiempo de lectura\" \/>\n\t<meta name=\"twitter:data2\" content=\"2 minutos\" \/>\n<script type=\"application\/ld+json\" class=\"yoast-schema-graph\">{\"@context\":\"https:\/\/schema.org\",\"@graph\":[{\"@type\":\"Article\",\"@id\":\"https:\/\/web.consaguirre.com.ar\/noticias\/la-serie-de-verve-de-verve-de-verve-records-verve-remezclado\/#article\",\"isPartOf\":{\"@id\":\"https:\/\/web.consaguirre.com.ar\/noticias\/la-serie-de-verve-de-verve-de-verve-records-verve-remezclado\/\"},\"author\":{\"name\":\"Javier Figueroa\",\"@id\":\"https:\/\/web.consaguirre.com.ar\/noticias\/#\/schema\/person\/6558b0cfedee7ddc5425602b237d5722\"},\"headline\":\"La serie de verve de verve de verve r\u00e9cords &#8216;verve remezclado&#8217;\",\"datePublished\":\"2025-04-12T00:39:08+00:00\",\"dateModified\":\"2025-04-12T00:39:08+00:00\",\"mainEntityOfPage\":{\"@id\":\"https:\/\/web.consaguirre.com.ar\/noticias\/la-serie-de-verve-de-verve-de-verve-records-verve-remezclado\/\"},\"wordCount\":321,\"publisher\":{\"@id\":\"https:\/\/web.consaguirre.com.ar\/noticias\/#organization\"},\"image\":{\"@id\":\"https:\/\/web.consaguirre.com.ar\/noticias\/la-serie-de-verve-de-verve-de-verve-records-verve-remezclado\/#primaryimage\"},\"thumbnailUrl\":\"https:\/\/web.consaguirre.com.ar\/noticias\/wp-content\/uploads\/2025\/04\/La-serie-de-verve-de-verve-de-verve-records-verve.jpg\",\"keywords\":[\"Records\",\"remezclado\",\"serie\",\"Verve\"],\"articleSection\":[\"El \u00faltimo\"],\"inLanguage\":\"es-AR\"},{\"@type\":\"WebPage\",\"@id\":\"https:\/\/web.consaguirre.com.ar\/noticias\/la-serie-de-verve-de-verve-de-verve-records-verve-remezclado\/\",\"url\":\"https:\/\/web.consaguirre.com.ar\/noticias\/la-serie-de-verve-de-verve-de-verve-records-verve-remezclado\/\",\"name\":\"La serie de verve de verve de verve r\u00e9cords 'verve remezclado'\",\"isPartOf\":{\"@id\":\"https:\/\/web.consaguirre.com.ar\/noticias\/#website\"},\"primaryImageOfPage\":{\"@id\":\"https:\/\/web.consaguirre.com.ar\/noticias\/la-serie-de-verve-de-verve-de-verve-records-verve-remezclado\/#primaryimage\"},\"image\":{\"@id\":\"https:\/\/web.consaguirre.com.ar\/noticias\/la-serie-de-verve-de-verve-de-verve-records-verve-remezclado\/#primaryimage\"},\"thumbnailUrl\":\"https:\/\/web.consaguirre.com.ar\/noticias\/wp-content\/uploads\/2025\/04\/La-serie-de-verve-de-verve-de-verve-records-verve.jpg\",\"datePublished\":\"2025-04-12T00:39:08+00:00\",\"dateModified\":\"2025-04-12T00:39:08+00:00\",\"breadcrumb\":{\"@id\":\"https:\/\/web.consaguirre.com.ar\/noticias\/la-serie-de-verve-de-verve-de-verve-records-verve-remezclado\/#breadcrumb\"},\"inLanguage\":\"es-AR\",\"potentialAction\":[{\"@type\":\"ReadAction\",\"target\":[\"https:\/\/web.consaguirre.com.ar\/noticias\/la-serie-de-verve-de-verve-de-verve-records-verve-remezclado\/\"]}]},{\"@type\":\"ImageObject\",\"inLanguage\":\"es-AR\",\"@id\":\"https:\/\/web.consaguirre.com.ar\/noticias\/la-serie-de-verve-de-verve-de-verve-records-verve-remezclado\/#primaryimage\",\"url\":\"https:\/\/web.consaguirre.com.ar\/noticias\/wp-content\/uploads\/2025\/04\/La-serie-de-verve-de-verve-de-verve-records-verve.jpg\",\"contentUrl\":\"https:\/\/web.consaguirre.com.ar\/noticias\/wp-content\/uploads\/2025\/04\/La-serie-de-verve-de-verve-de-verve-records-verve.jpg\",\"width\":1280,\"height\":1280,\"caption\":\"La serie de verve de verve de verve r\u00e9cords 'verve remezclado'\"},{\"@type\":\"BreadcrumbList\",\"@id\":\"https:\/\/web.consaguirre.com.ar\/noticias\/la-serie-de-verve-de-verve-de-verve-records-verve-remezclado\/#breadcrumb\",\"itemListElement\":[{\"@type\":\"ListItem\",\"position\":1,\"name\":\"Inicio\",\"item\":\"https:\/\/web.consaguirre.com.ar\/noticias\/\"},{\"@type\":\"ListItem\",\"position\":2,\"name\":\"La serie de verve de verve de verve r\u00e9cords &#8216;verve remezclado&#8217;\"}]},{\"@type\":\"WebSite\",\"@id\":\"https:\/\/web.consaguirre.com.ar\/noticias\/#website\",\"url\":\"https:\/\/web.consaguirre.com.ar\/noticias\/\",\"name\":\"Conservatorio de M\u00fasica Juli\u00e1n Aguirre\",\"description\":\"\",\"publisher\":{\"@id\":\"https:\/\/web.consaguirre.com.ar\/noticias\/#organization\"},\"potentialAction\":[{\"@type\":\"SearchAction\",\"target\":{\"@type\":\"EntryPoint\",\"urlTemplate\":\"https:\/\/web.consaguirre.com.ar\/noticias\/?s={search_term_string}\"},\"query-input\":\"required name=search_term_string\"}],\"inLanguage\":\"es-AR\"},{\"@type\":\"Organization\",\"@id\":\"https:\/\/web.consaguirre.com.ar\/noticias\/#organization\",\"name\":\"Conservatorio de M\u00fasica Juli\u00e1n Aguirre\",\"url\":\"https:\/\/web.consaguirre.com.ar\/noticias\/\",\"logo\":{\"@type\":\"ImageObject\",\"inLanguage\":\"es-AR\",\"@id\":\"https:\/\/web.consaguirre.com.ar\/noticias\/#\/schema\/logo\/image\/\",\"url\":\"https:\/\/web.consaguirre.com.ar\/noticias\/wp-content\/uploads\/2024\/08\/Banner-Aguirre-23.jpg\",\"contentUrl\":\"https:\/\/web.consaguirre.com.ar\/noticias\/wp-content\/uploads\/2024\/08\/Banner-Aguirre-23.jpg\",\"width\":1192,\"height\":600,\"caption\":\"Conservatorio de M\u00fasica Juli\u00e1n Aguirre\"},\"image\":{\"@id\":\"https:\/\/web.consaguirre.com.ar\/noticias\/#\/schema\/logo\/image\/\"}},{\"@type\":\"Person\",\"@id\":\"https:\/\/web.consaguirre.com.ar\/noticias\/#\/schema\/person\/6558b0cfedee7ddc5425602b237d5722\",\"name\":\"Javier Figueroa\",\"image\":{\"@type\":\"ImageObject\",\"inLanguage\":\"es-AR\",\"@id\":\"https:\/\/web.consaguirre.com.ar\/noticias\/#\/schema\/person\/image\/\",\"url\":\"https:\/\/web.consaguirre.com.ar\/noticias\/wp-content\/uploads\/2024\/08\/Consaguirre-scaled.jpg\",\"contentUrl\":\"https:\/\/web.consaguirre.com.ar\/noticias\/wp-content\/uploads\/2024\/08\/Consaguirre-scaled.jpg\",\"caption\":\"Javier Figueroa\"},\"description\":\"Me llamo Javier Figueroa y soy redactor para el sitio oficial del Conservatorio de M\u00fasica Juli\u00e1n Aguirre en Buenos Aires, consaguirre.com. Apasionado por la m\u00fasica y la escritura, me esfuerzo por destacar los talentos y eventos de nuestra prestigiosa instituci\u00f3n. Mi trayectoria se nutre de una profunda admiraci\u00f3n por los artistas, haciendo de cada art\u00edculo una celebraci\u00f3n de la creatividad y la cultura musical.\",\"sameAs\":[\"https:\/\/web.consaguirre.com.ar\/noticias\"]}]}<\/script>\n<!-- \/ Yoast SEO plugin. -->","yoast_head_json":{"title":"La serie de verve de verve de verve r\u00e9cords 'verve remezclado'","robots":{"index":"index","follow":"follow","max-snippet":"max-snippet:-1","max-image-preview":"max-image-preview:large","max-video-preview":"max-video-preview:-1"},"canonical":"https:\/\/web.consaguirre.com.ar\/noticias\/la-serie-de-verve-de-verve-de-verve-records-verve-remezclado\/","og_locale":"es_ES","og_type":"article","og_title":"La serie de verve de verve de verve r\u00e9cords 'verve remezclado'","og_description":"Registros de pie ha relanzado su serie de remezcladas de L\u00e9rotes despu\u00e9s de 12 a\u00f1os. L\u00e9ver a remezclado: los \u00e9xitos re\u00fane 20 pistas cl\u00e1sicas del","og_url":"https:\/\/web.consaguirre.com.ar\/noticias\/la-serie-de-verve-de-verve-de-verve-records-verve-remezclado\/","og_site_name":"Conservatorio de M\u00fasica Juli\u00e1n Aguirre","article_published_time":"2025-04-12T00:39:08+00:00","og_image":[{"width":1280,"height":1280,"url":"https:\/\/web.consaguirre.com.ar\/noticias\/wp-content\/uploads\/2025\/04\/La-serie-de-verve-de-verve-de-verve-records-verve.jpg","type":"image\/jpeg"}],"author":"Javier Figueroa","twitter_card":"summary_large_image","twitter_misc":{"Escrito por":"Javier Figueroa","Tiempo de lectura":"2 minutos"},"schema":{"@context":"https:\/\/schema.org","@graph":[{"@type":"Article","@id":"https:\/\/web.consaguirre.com.ar\/noticias\/la-serie-de-verve-de-verve-de-verve-records-verve-remezclado\/#article","isPartOf":{"@id":"https:\/\/web.consaguirre.com.ar\/noticias\/la-serie-de-verve-de-verve-de-verve-records-verve-remezclado\/"},"author":{"name":"Javier Figueroa","@id":"https:\/\/web.consaguirre.com.ar\/noticias\/#\/schema\/person\/6558b0cfedee7ddc5425602b237d5722"},"headline":"La serie de verve de verve de verve r\u00e9cords &#8216;verve remezclado&#8217;","datePublished":"2025-04-12T00:39:08+00:00","dateModified":"2025-04-12T00:39:08+00:00","mainEntityOfPage":{"@id":"https:\/\/web.consaguirre.com.ar\/noticias\/la-serie-de-verve-de-verve-de-verve-records-verve-remezclado\/"},"wordCount":321,"publisher":{"@id":"https:\/\/web.consaguirre.com.ar\/noticias\/#organization"},"image":{"@id":"https:\/\/web.consaguirre.com.ar\/noticias\/la-serie-de-verve-de-verve-de-verve-records-verve-remezclado\/#primaryimage"},"thumbnailUrl":"https:\/\/web.consaguirre.com.ar\/noticias\/wp-content\/uploads\/2025\/04\/La-serie-de-verve-de-verve-de-verve-records-verve.jpg","keywords":["Records","remezclado","serie","Verve"],"articleSection":["El \u00faltimo"],"inLanguage":"es-AR"},{"@type":"WebPage","@id":"https:\/\/web.consaguirre.com.ar\/noticias\/la-serie-de-verve-de-verve-de-verve-records-verve-remezclado\/","url":"https:\/\/web.consaguirre.com.ar\/noticias\/la-serie-de-verve-de-verve-de-verve-records-verve-remezclado\/","name":"La serie de verve de verve de verve r\u00e9cords 'verve remezclado'","isPartOf":{"@id":"https:\/\/web.consaguirre.com.ar\/noticias\/#website"},"primaryImageOfPage":{"@id":"https:\/\/web.consaguirre.com.ar\/noticias\/la-serie-de-verve-de-verve-de-verve-records-verve-remezclado\/#primaryimage"},"image":{"@id":"https:\/\/web.consaguirre.com.ar\/noticias\/la-serie-de-verve-de-verve-de-verve-records-verve-remezclado\/#primaryimage"},"thumbnailUrl":"https:\/\/web.consaguirre.com.ar\/noticias\/wp-content\/uploads\/2025\/04\/La-serie-de-verve-de-verve-de-verve-records-verve.jpg","datePublished":"2025-04-12T00:39:08+00:00","dateModified":"2025-04-12T00:39:08+00:00","breadcrumb":{"@id":"https:\/\/web.consaguirre.com.ar\/noticias\/la-serie-de-verve-de-verve-de-verve-records-verve-remezclado\/#breadcrumb"},"inLanguage":"es-AR","potentialAction":[{"@type":"ReadAction","target":["https:\/\/web.consaguirre.com.ar\/noticias\/la-serie-de-verve-de-verve-de-verve-records-verve-remezclado\/"]}]},{"@type":"ImageObject","inLanguage":"es-AR","@id":"https:\/\/web.consaguirre.com.ar\/noticias\/la-serie-de-verve-de-verve-de-verve-records-verve-remezclado\/#primaryimage","url":"https:\/\/web.consaguirre.com.ar\/noticias\/wp-content\/uploads\/2025\/04\/La-serie-de-verve-de-verve-de-verve-records-verve.jpg","contentUrl":"https:\/\/web.consaguirre.com.ar\/noticias\/wp-content\/uploads\/2025\/04\/La-serie-de-verve-de-verve-de-verve-records-verve.jpg","width":1280,"height":1280,"caption":"La serie de verve de verve de verve r\u00e9cords 'verve remezclado'"},{"@type":"BreadcrumbList","@id":"https:\/\/web.consaguirre.com.ar\/noticias\/la-serie-de-verve-de-verve-de-verve-records-verve-remezclado\/#breadcrumb","itemListElement":[{"@type":"ListItem","position":1,"name":"Inicio","item":"https:\/\/web.consaguirre.com.ar\/noticias\/"},{"@type":"ListItem","position":2,"name":"La serie de verve de verve de verve r\u00e9cords &#8216;verve remezclado&#8217;"}]},{"@type":"WebSite","@id":"https:\/\/web.consaguirre.com.ar\/noticias\/#website","url":"https:\/\/web.consaguirre.com.ar\/noticias\/","name":"Conservatorio de M\u00fasica Juli\u00e1n Aguirre","description":"","publisher":{"@id":"https:\/\/web.consaguirre.com.ar\/noticias\/#organization"},"potentialAction":[{"@type":"SearchAction","target":{"@type":"EntryPoint","urlTemplate":"https:\/\/web.consaguirre.com.ar\/noticias\/?s={search_term_string}"},"query-input":"required name=search_term_string"}],"inLanguage":"es-AR"},{"@type":"Organization","@id":"https:\/\/web.consaguirre.com.ar\/noticias\/#organization","name":"Conservatorio de M\u00fasica Juli\u00e1n Aguirre","url":"https:\/\/web.consaguirre.com.ar\/noticias\/","logo":{"@type":"ImageObject","inLanguage":"es-AR","@id":"https:\/\/web.consaguirre.com.ar\/noticias\/#\/schema\/logo\/image\/","url":"https:\/\/web.consaguirre.com.ar\/noticias\/wp-content\/uploads\/2024\/08\/Banner-Aguirre-23.jpg","contentUrl":"https:\/\/web.consaguirre.com.ar\/noticias\/wp-content\/uploads\/2024\/08\/Banner-Aguirre-23.jpg","width":1192,"height":600,"caption":"Conservatorio de M\u00fasica Juli\u00e1n Aguirre"},"image":{"@id":"https:\/\/web.consaguirre.com.ar\/noticias\/#\/schema\/logo\/image\/"}},{"@type":"Person","@id":"https:\/\/web.consaguirre.com.ar\/noticias\/#\/schema\/person\/6558b0cfedee7ddc5425602b237d5722","name":"Javier Figueroa","image":{"@type":"ImageObject","inLanguage":"es-AR","@id":"https:\/\/web.consaguirre.com.ar\/noticias\/#\/schema\/person\/image\/","url":"https:\/\/web.consaguirre.com.ar\/noticias\/wp-content\/uploads\/2024\/08\/Consaguirre-scaled.jpg","contentUrl":"https:\/\/web.consaguirre.com.ar\/noticias\/wp-content\/uploads\/2024\/08\/Consaguirre-scaled.jpg","caption":"Javier Figueroa"},"description":"Me llamo Javier Figueroa y soy redactor para el sitio oficial del Conservatorio de M\u00fasica Juli\u00e1n Aguirre en Buenos Aires, consaguirre.com. Apasionado por la m\u00fasica y la escritura, me esfuerzo por destacar los talentos y eventos de nuestra prestigiosa instituci\u00f3n. Mi trayectoria se nutre de una profunda admiraci\u00f3n por los artistas, haciendo de cada art\u00edculo una celebraci\u00f3n de la creatividad y la cultura musical.","sameAs":["https:\/\/web.consaguirre.com.ar\/noticias"]}]}},"_links":{"self":[{"href":"https:\/\/web.consaguirre.com.ar\/noticias\/wp-json\/wp\/v2\/posts\/2382"}],"collection":[{"href":"https:\/\/web.consaguirre.com.ar\/noticias\/wp-json\/wp\/v2\/posts"}],"about":[{"href":"https:\/\/web.consaguirre.com.ar\/noticias\/wp-json\/wp\/v2\/types\/post"}],"author":[{"embeddable":true,"href":"https:\/\/web.consaguirre.com.ar\/noticias\/wp-json\/wp\/v2\/users\/1"}],"replies":[{"embeddable":true,"href":"https:\/\/web.consaguirre.com.ar\/noticias\/wp-json\/wp\/v2\/comments?post=2382"}],"version-history":[{"count":1,"href":"https:\/\/web.consaguirre.com.ar\/noticias\/wp-json\/wp\/v2\/posts\/2382\/revisions"}],"predecessor-version":[{"id":2384,"href":"https:\/\/web.consaguirre.com.ar\/noticias\/wp-json\/wp\/v2\/posts\/2382\/revisions\/2384"}],"wp:featuredmedia":[{"embeddable":true,"href":"https:\/\/web.consaguirre.com.ar\/noticias\/wp-json\/wp\/v2\/media\/2383"}],"wp:attachment":[{"href":"https:\/\/web.consaguirre.com.ar\/noticias\/wp-json\/wp\/v2\/media?parent=2382"}],"wp:term":[{"taxonomy":"category","embeddable":true,"href":"https:\/\/web.consaguirre.com.ar\/noticias\/wp-json\/wp\/v2\/categories?post=2382"},{"taxonomy":"post_tag","embeddable":true,"href":"https:\/\/web.consaguirre.com.ar\/noticias\/wp-json\/wp\/v2\/tags?post=2382"}],"curies":[{"name":"wp","href":"https:\/\/api.w.org\/{rel}","templated":true}]}}